{"id":20590,"date":"2024-10-01T01:35:51","date_gmt":"2024-10-01T01:35:51","guid":{"rendered":"https:\/\/www.valparaisocreativo.cl\/?p=20590"},"modified":"2024-10-01T01:36:12","modified_gmt":"2024-10-01T01:36:12","slug":"vuelve-maniobra-de-jazz","status":"publish","type":"post","link":"https:\/\/dev.antudigital.cl\/sites\/vc\/vuelve-maniobra-de-jazz\/","title":{"rendered":"Vuelve Maniobra de Jazz"},"content":{"rendered":"\n<p>A 100 a\u00f1os en que se toc\u00f3 jazz por primera vez en Chile.<\/p>\n\n\n\n<p>Desde el 29 de septiembre al 26 de octubre se llevara a cabo en el Teatro del Parque Cultural de Valpara\u00edso la II Versi\u00f3n del Festival Maniobra de Jazz, inspirado en la figura del destacado investigador y conferencista Pablo Garrido Vargas.<\/p>\n\n\n\n<p><strong>Maniobra de Jazz<\/strong>&nbsp;&nbsp;posiciona a Valpara\u00edso como cuna de este g\u00e9nero musical. Pablo Garrido en 1924 conforma su Royal Orchestra banda de jazz que toca por primera vez en Valpara\u00edso y Chile.<\/p>\n\n\n\n<p>En esta segunda edici\u00f3n celebraremos los 100 a\u00f1os de ese hito en Valpara\u00edso y la denominaci\u00f3n de la Ciudad Creativa de la M\u00fasica ante la UNESCO que celebra 5 a\u00f1os.<\/p>\n\n\n\n<p>Las bandas que ser\u00e1n parte de esta II edici\u00f3n est\u00e1n compuestas por Andrea Guti\u00e9rrez Cuarteto. Ella es una destacada cantante de jazz la cual fusiona el jazz con el soul y las ra\u00edces folcl\u00f3ricas. La banda se compone por Andrea Guti\u00e9rrez (Voz y composiciones)&nbsp;&nbsp;Rodrigo Montero (Contrabajo y direcci\u00f3n musical), Hugo Naranjo (Piano), y Daniel Araya (Bater\u00eda).<\/p>\n\n\n\n<p>Y para s\u00e1bado 26 de Octubre llega el Tri\u00e1ngulo de las Bermudas. La banda se compone por el destacado pianista y docente Gonzalo Palma referencia en el desarrollo del piano ac\u00fastico de Valpara\u00edso. La banda est\u00e1 compuesta por Gonzalo Palma (Piano y composiciones), Rodrigo Rivera (Contrabajo) y Manuel Estay (Bater\u00eda) a la fecha tienen dos&nbsp;discos&nbsp;\u00abZona Alta &#8211; Zona Baja\u00bb (2016) y \u00abReencuentro\u00bb (2021). Ambos discos se encuentran disponibles en todas las plataformas digitales.<\/p>\n\n\n\n<p><strong>Maniobra de Jazz<\/strong>&nbsp;cuenta con la producci\u00f3n del Colectivo Esc\u00e9nico Agua Cero. El patrocinio del Fondo Pablo Garrido, albergado por el Centro de Documentaci\u00f3n e investigaci\u00f3n Musical (CEDIM) de la Facultad de Artes de la Universidad de Chile. Adem\u00e1s la colaboran del Parque Cultural de Valpara\u00edso, la Carrera de Pedagog\u00eda en M\u00fasica de la Universidad de Valpara\u00edso, Valpara\u00edso Creativo, Holo Jazz, Furia Jazz y Jazz 97.3 FM. Y el apoyo de la Municipalidad de Valpara\u00edso.<\/p>\n\n\n\n<p>Entradas $ 5.000 general y estudiantes 2 x $ 5.000<\/p>\n\n\n\n<p>\u00bfCu\u00e1ndo?&nbsp;&nbsp;Domingo 29 de septiembre 19:00 hrs, s\u00e1bado 26 de octubre 19:00<\/p>\n\n\n\n<p>\u00bfD\u00f3nde? Teatro del Parque Cultural de Valpara\u00edso.&nbsp;<\/p>\n\n\n\n<figure class=\"wp-block-image size-large\"><img fetchpriority=\"high\" decoding=\"async\" width=\"1024\" height=\"1024\" src=\"https:\/\/www.valparaisocreativo.cl\/wp-content\/uploads\/2024\/10\/Maniobra-de-Jazz-2024-1080X1080-redes_Mesa-de-trabajo-1_Mesa-de-trabajo-1-1024x1024.jpg\" alt=\"\" class=\"wp-image-20592\" srcset=\"https:\/\/dev.antudigital.cl\/sites\/vc\/wp-content\/uploads\/2024\/10\/Maniobra-de-Jazz-2024-1080X1080-redes_Mesa-de-trabajo-1_Mesa-de-trabajo-1-1024x1024.jpg 1024w, https:\/\/dev.antudigital.cl\/sites\/vc\/wp-content\/uploads\/2024\/10\/Maniobra-de-Jazz-2024-1080X1080-redes_Mesa-de-trabajo-1_Mesa-de-trabajo-1-300x300.jpg 300w, https:\/\/dev.antudigital.cl\/sites\/vc\/wp-content\/uploads\/2024\/10\/Maniobra-de-Jazz-2024-1080X1080-redes_Mesa-de-trabajo-1_Mesa-de-trabajo-1-150x150.jpg 150w, https:\/\/dev.antudigital.cl\/sites\/vc\/wp-content\/uploads\/2024\/10\/Maniobra-de-Jazz-2024-1080X1080-redes_Mesa-de-trabajo-1_Mesa-de-trabajo-1-768x768.jpg 768w, https:\/\/dev.antudigital.cl\/sites\/vc\/wp-content\/uploads\/2024\/10\/Maniobra-de-Jazz-2024-1080X1080-redes_Mesa-de-trabajo-1_Mesa-de-trabajo-1-980x980.jpg 980w, https:\/\/dev.antudigital.cl\/sites\/vc\/wp-content\/uploads\/2024\/10\/Maniobra-de-Jazz-2024-1080X1080-redes_Mesa-de-trabajo-1_Mesa-de-trabajo-1-480x480.jpg 480w, https:\/\/dev.antudigital.cl\/sites\/vc\/wp-content\/uploads\/2024\/10\/Maniobra-de-Jazz-2024-1080X1080-redes_Mesa-de-trabajo-1_Mesa-de-trabajo-1-24x24.jpg 24w, https:\/\/dev.antudigital.cl\/sites\/vc\/wp-content\/uploads\/2024\/10\/Maniobra-de-Jazz-2024-1080X1080-redes_Mesa-de-trabajo-1_Mesa-de-trabajo-1-36x36.jpg 36w, https:\/\/dev.antudigital.cl\/sites\/vc\/wp-content\/uploads\/2024\/10\/Maniobra-de-Jazz-2024-1080X1080-redes_Mesa-de-trabajo-1_Mesa-de-trabajo-1-48x48.jpg 48w, https:\/\/dev.antudigital.cl\/sites\/vc\/wp-content\/uploads\/2024\/10\/Maniobra-de-Jazz-2024-1080X1080-redes_Mesa-de-trabajo-1_Mesa-de-trabajo-1.jpg 1081w\" sizes=\"(max-width: 1024px) 100vw, 1024px\" \/><\/figure>\n","protected":false},"excerpt":{"rendered":"<p>A 100 a\u00f1os en que se toc\u00f3 jazz por primera vez en Chile. Desde el 29 de septiembre al 26 de octubre se llevara a cabo en el Teatro del Parque Cultural de Valpara\u00edso la II Versi\u00f3n del Festival Maniobra de Jazz, inspirado en la figura del destacado investigador y conferencista Pablo Garrido Vargas. Maniobra [&hellip;]<\/p>\n","protected":false},"author":1,"featured_media":20591,"comment_status":"closed","ping_status":"closed","sticky":false,"template":"","format":"standard","meta":{"_acf_changed":false,"footnotes":""},"categories":[8],"tags":[],"class_list":["post-20590","post","type-post","status-publish","format-standard","has-post-thumbnail","hentry","category-noticia"],"acf":[],"yoast_head":"<!-- This site is optimized with the Yoast SEO plugin v27.1.1 - https:\/\/yoast.com\/product\/yoast-seo-wordpress\/ -->\n<title>Vuelve Maniobra de Jazz - Valpara\u00ed\u00adso Creativo<\/title>\n<meta name=\"robots\" content=\"index, follow, max-snippet:-1, max-image-preview:large, max-video-preview:-1\" \/>\n<link rel=\"canonical\" href=\"https:\/\/dev.antudigital.cl\/sites\/vc\/vuelve-maniobra-de-jazz\/\" \/>\n<meta property=\"og:locale\" content=\"es_ES\" \/>\n<meta property=\"og:type\" content=\"article\" \/>\n<meta property=\"og:title\" content=\"Vuelve Maniobra de Jazz - Valpara\u00ed\u00adso Creativo\" \/>\n<meta property=\"og:description\" content=\"A 100 a\u00f1os en que se toc\u00f3 jazz por primera vez en Chile. Desde el 29 de septiembre al 26 de octubre se llevara a cabo en el Teatro del Parque Cultural de Valpara\u00edso la II Versi\u00f3n del Festival Maniobra de Jazz, inspirado en la figura del destacado investigador y conferencista Pablo Garrido Vargas. Maniobra [&hellip;]\" \/>\n<meta property=\"og:url\" content=\"https:\/\/dev.antudigital.cl\/sites\/vc\/vuelve-maniobra-de-jazz\/\" \/>\n<meta property=\"og:site_name\" content=\"Valpara\u00ed\u00adso Creativo\" \/>\n<meta property=\"article:published_time\" content=\"2024-10-01T01:35:51+00:00\" \/>\n<meta property=\"article:modified_time\" content=\"2024-10-01T01:36:12+00:00\" \/>\n<meta property=\"og:image\" content=\"https:\/\/dev.antudigital.cl\/sites\/vc\/wp-content\/uploads\/2024\/10\/Andrea-Gutierrez-Cuarteto.jpeg\" \/>\n\t<meta property=\"og:image:width\" content=\"1600\" \/>\n\t<meta property=\"og:image:height\" content=\"1228\" \/>\n\t<meta property=\"og:image:type\" content=\"image\/jpeg\" \/>\n<meta name=\"author\" content=\"Valpara\u00edso Creativo\" \/>\n<meta name=\"twitter:card\" content=\"summary_large_image\" \/>\n<meta name=\"twitter:label1\" content=\"Escrito por\" \/>\n\t<meta name=\"twitter:data1\" content=\"Valpara\u00edso Creativo\" \/>\n\t<meta name=\"twitter:label2\" content=\"Tiempo de lectura\" \/>\n\t<meta name=\"twitter:data2\" content=\"3 minutos\" \/>\n<script type=\"application\/ld+json\" class=\"yoast-schema-graph\">{\"@context\":\"https:\/\/schema.org\",\"@graph\":[{\"@type\":\"Article\",\"@id\":\"https:\/\/dev.antudigital.cl\/sites\/vc\/vuelve-maniobra-de-jazz\/#article\",\"isPartOf\":{\"@id\":\"https:\/\/dev.antudigital.cl\/sites\/vc\/vuelve-maniobra-de-jazz\/\"},\"author\":{\"name\":\"Valpara\u00edso Creativo\",\"@id\":\"https:\/\/dev.antudigital.cl\/sites\/vc\/#\/schema\/person\/c2b9da8dd545e27166fc5ab232837318\"},\"headline\":\"Vuelve Maniobra de Jazz\",\"datePublished\":\"2024-10-01T01:35:51+00:00\",\"dateModified\":\"2024-10-01T01:36:12+00:00\",\"mainEntityOfPage\":{\"@id\":\"https:\/\/dev.antudigital.cl\/sites\/vc\/vuelve-maniobra-de-jazz\/\"},\"wordCount\":388,\"image\":{\"@id\":\"https:\/\/dev.antudigital.cl\/sites\/vc\/vuelve-maniobra-de-jazz\/#primaryimage\"},\"thumbnailUrl\":\"https:\/\/dev.antudigital.cl\/sites\/vc\/wp-content\/uploads\/2024\/10\/Andrea-Gutierrez-Cuarteto.jpeg\",\"articleSection\":[\"Noticia\"],\"inLanguage\":\"es\"},{\"@type\":\"WebPage\",\"@id\":\"https:\/\/dev.antudigital.cl\/sites\/vc\/vuelve-maniobra-de-jazz\/\",\"url\":\"https:\/\/dev.antudigital.cl\/sites\/vc\/vuelve-maniobra-de-jazz\/\",\"name\":\"Vuelve Maniobra de Jazz - Valpara\u00ed\u00adso Creativo\",\"isPartOf\":{\"@id\":\"https:\/\/dev.antudigital.cl\/sites\/vc\/#website\"},\"primaryImageOfPage\":{\"@id\":\"https:\/\/dev.antudigital.cl\/sites\/vc\/vuelve-maniobra-de-jazz\/#primaryimage\"},\"image\":{\"@id\":\"https:\/\/dev.antudigital.cl\/sites\/vc\/vuelve-maniobra-de-jazz\/#primaryimage\"},\"thumbnailUrl\":\"https:\/\/dev.antudigital.cl\/sites\/vc\/wp-content\/uploads\/2024\/10\/Andrea-Gutierrez-Cuarteto.jpeg\",\"datePublished\":\"2024-10-01T01:35:51+00:00\",\"dateModified\":\"2024-10-01T01:36:12+00:00\",\"author\":{\"@id\":\"https:\/\/dev.antudigital.cl\/sites\/vc\/#\/schema\/person\/c2b9da8dd545e27166fc5ab232837318\"},\"breadcrumb\":{\"@id\":\"https:\/\/dev.antudigital.cl\/sites\/vc\/vuelve-maniobra-de-jazz\/#breadcrumb\"},\"inLanguage\":\"es\",\"potentialAction\":[{\"@type\":\"ReadAction\",\"target\":[\"https:\/\/dev.antudigital.cl\/sites\/vc\/vuelve-maniobra-de-jazz\/\"]}]},{\"@type\":\"ImageObject\",\"inLanguage\":\"es\",\"@id\":\"https:\/\/dev.antudigital.cl\/sites\/vc\/vuelve-maniobra-de-jazz\/#primaryimage\",\"url\":\"https:\/\/dev.antudigital.cl\/sites\/vc\/wp-content\/uploads\/2024\/10\/Andrea-Gutierrez-Cuarteto.jpeg\",\"contentUrl\":\"https:\/\/dev.antudigital.cl\/sites\/vc\/wp-content\/uploads\/2024\/10\/Andrea-Gutierrez-Cuarteto.jpeg\",\"width\":1600,\"height\":1228},{\"@type\":\"BreadcrumbList\",\"@id\":\"https:\/\/dev.antudigital.cl\/sites\/vc\/vuelve-maniobra-de-jazz\/#breadcrumb\",\"itemListElement\":[{\"@type\":\"ListItem\",\"position\":1,\"name\":\"Home\",\"item\":\"https:\/\/dev.antudigital.cl\/sites\/vc\/\"},{\"@type\":\"ListItem\",\"position\":2,\"name\":\"Vuelve Maniobra de Jazz\"}]},{\"@type\":\"WebSite\",\"@id\":\"https:\/\/dev.antudigital.cl\/sites\/vc\/#website\",\"url\":\"https:\/\/dev.antudigital.cl\/sites\/vc\/\",\"name\":\"Valpara\u00ed\u00adso Creativo\",\"description\":\"\",\"potentialAction\":[{\"@type\":\"SearchAction\",\"target\":{\"@type\":\"EntryPoint\",\"urlTemplate\":\"https:\/\/dev.antudigital.cl\/sites\/vc\/?s={search_term_string}\"},\"query-input\":{\"@type\":\"PropertyValueSpecification\",\"valueRequired\":true,\"valueName\":\"search_term_string\"}}],\"inLanguage\":\"es\"},{\"@type\":\"Person\",\"@id\":\"https:\/\/dev.antudigital.cl\/sites\/vc\/#\/schema\/person\/c2b9da8dd545e27166fc5ab232837318\",\"name\":\"Valpara\u00edso Creativo\",\"description\":\"Periodista de cultura en la Regi\u00f3n de Valpara\u00edso.\",\"url\":\"https:\/\/dev.antudigital.cl\/sites\/vc\/author\/valpoadmin\/\"}]}<\/script>\n<!-- \/ Yoast SEO plugin. -->","yoast_head_json":{"title":"Vuelve Maniobra de Jazz - Valpara\u00ed\u00adso Creativo","robots":{"index":"index","follow":"follow","max-snippet":"max-snippet:-1","max-image-preview":"max-image-preview:large","max-video-preview":"max-video-preview:-1"},"canonical":"https:\/\/dev.antudigital.cl\/sites\/vc\/vuelve-maniobra-de-jazz\/","og_locale":"es_ES","og_type":"article","og_title":"Vuelve Maniobra de Jazz - Valpara\u00ed\u00adso Creativo","og_description":"A 100 a\u00f1os en que se toc\u00f3 jazz por primera vez en Chile. Desde el 29 de septiembre al 26 de octubre se llevara a cabo en el Teatro del Parque Cultural de Valpara\u00edso la II Versi\u00f3n del Festival Maniobra de Jazz, inspirado en la figura del destacado investigador y conferencista Pablo Garrido Vargas. Maniobra [&hellip;]","og_url":"https:\/\/dev.antudigital.cl\/sites\/vc\/vuelve-maniobra-de-jazz\/","og_site_name":"Valpara\u00ed\u00adso Creativo","article_published_time":"2024-10-01T01:35:51+00:00","article_modified_time":"2024-10-01T01:36:12+00:00","og_image":[{"width":1600,"height":1228,"url":"https:\/\/dev.antudigital.cl\/sites\/vc\/wp-content\/uploads\/2024\/10\/Andrea-Gutierrez-Cuarteto.jpeg","type":"image\/jpeg"}],"author":"Valpara\u00edso Creativo","twitter_card":"summary_large_image","twitter_misc":{"Escrito por":"Valpara\u00edso Creativo","Tiempo de lectura":"3 minutos"},"schema":{"@context":"https:\/\/schema.org","@graph":[{"@type":"Article","@id":"https:\/\/dev.antudigital.cl\/sites\/vc\/vuelve-maniobra-de-jazz\/#article","isPartOf":{"@id":"https:\/\/dev.antudigital.cl\/sites\/vc\/vuelve-maniobra-de-jazz\/"},"author":{"name":"Valpara\u00edso Creativo","@id":"https:\/\/dev.antudigital.cl\/sites\/vc\/#\/schema\/person\/c2b9da8dd545e27166fc5ab232837318"},"headline":"Vuelve Maniobra de Jazz","datePublished":"2024-10-01T01:35:51+00:00","dateModified":"2024-10-01T01:36:12+00:00","mainEntityOfPage":{"@id":"https:\/\/dev.antudigital.cl\/sites\/vc\/vuelve-maniobra-de-jazz\/"},"wordCount":388,"image":{"@id":"https:\/\/dev.antudigital.cl\/sites\/vc\/vuelve-maniobra-de-jazz\/#primaryimage"},"thumbnailUrl":"https:\/\/dev.antudigital.cl\/sites\/vc\/wp-content\/uploads\/2024\/10\/Andrea-Gutierrez-Cuarteto.jpeg","articleSection":["Noticia"],"inLanguage":"es"},{"@type":"WebPage","@id":"https:\/\/dev.antudigital.cl\/sites\/vc\/vuelve-maniobra-de-jazz\/","url":"https:\/\/dev.antudigital.cl\/sites\/vc\/vuelve-maniobra-de-jazz\/","name":"Vuelve Maniobra de Jazz - Valpara\u00ed\u00adso Creativo","isPartOf":{"@id":"https:\/\/dev.antudigital.cl\/sites\/vc\/#website"},"primaryImageOfPage":{"@id":"https:\/\/dev.antudigital.cl\/sites\/vc\/vuelve-maniobra-de-jazz\/#primaryimage"},"image":{"@id":"https:\/\/dev.antudigital.cl\/sites\/vc\/vuelve-maniobra-de-jazz\/#primaryimage"},"thumbnailUrl":"https:\/\/dev.antudigital.cl\/sites\/vc\/wp-content\/uploads\/2024\/10\/Andrea-Gutierrez-Cuarteto.jpeg","datePublished":"2024-10-01T01:35:51+00:00","dateModified":"2024-10-01T01:36:12+00:00","author":{"@id":"https:\/\/dev.antudigital.cl\/sites\/vc\/#\/schema\/person\/c2b9da8dd545e27166fc5ab232837318"},"breadcrumb":{"@id":"https:\/\/dev.antudigital.cl\/sites\/vc\/vuelve-maniobra-de-jazz\/#breadcrumb"},"inLanguage":"es","potentialAction":[{"@type":"ReadAction","target":["https:\/\/dev.antudigital.cl\/sites\/vc\/vuelve-maniobra-de-jazz\/"]}]},{"@type":"ImageObject","inLanguage":"es","@id":"https:\/\/dev.antudigital.cl\/sites\/vc\/vuelve-maniobra-de-jazz\/#primaryimage","url":"https:\/\/dev.antudigital.cl\/sites\/vc\/wp-content\/uploads\/2024\/10\/Andrea-Gutierrez-Cuarteto.jpeg","contentUrl":"https:\/\/dev.antudigital.cl\/sites\/vc\/wp-content\/uploads\/2024\/10\/Andrea-Gutierrez-Cuarteto.jpeg","width":1600,"height":1228},{"@type":"BreadcrumbList","@id":"https:\/\/dev.antudigital.cl\/sites\/vc\/vuelve-maniobra-de-jazz\/#breadcrumb","itemListElement":[{"@type":"ListItem","position":1,"name":"Home","item":"https:\/\/dev.antudigital.cl\/sites\/vc\/"},{"@type":"ListItem","position":2,"name":"Vuelve Maniobra de Jazz"}]},{"@type":"WebSite","@id":"https:\/\/dev.antudigital.cl\/sites\/vc\/#website","url":"https:\/\/dev.antudigital.cl\/sites\/vc\/","name":"Valpara\u00ed\u00adso Creativo","description":"","potentialAction":[{"@type":"SearchAction","target":{"@type":"EntryPoint","urlTemplate":"https:\/\/dev.antudigital.cl\/sites\/vc\/?s={search_term_string}"},"query-input":{"@type":"PropertyValueSpecification","valueRequired":true,"valueName":"search_term_string"}}],"inLanguage":"es"},{"@type":"Person","@id":"https:\/\/dev.antudigital.cl\/sites\/vc\/#\/schema\/person\/c2b9da8dd545e27166fc5ab232837318","name":"Valpara\u00edso Creativo","description":"Periodista de cultura en la Regi\u00f3n de Valpara\u00edso.","url":"https:\/\/dev.antudigital.cl\/sites\/vc\/author\/valpoadmin\/"}]}},"_links":{"self":[{"href":"https:\/\/dev.antudigital.cl\/sites\/vc\/wp-json\/wp\/v2\/posts\/20590","targetHints":{"allow":["GET"]}}],"collection":[{"href":"https:\/\/dev.antudigital.cl\/sites\/vc\/wp-json\/wp\/v2\/posts"}],"about":[{"href":"https:\/\/dev.antudigital.cl\/sites\/vc\/wp-json\/wp\/v2\/types\/post"}],"author":[{"embeddable":true,"href":"https:\/\/dev.antudigital.cl\/sites\/vc\/wp-json\/wp\/v2\/users\/1"}],"replies":[{"embeddable":true,"href":"https:\/\/dev.antudigital.cl\/sites\/vc\/wp-json\/wp\/v2\/comments?post=20590"}],"version-history":[{"count":1,"href":"https:\/\/dev.antudigital.cl\/sites\/vc\/wp-json\/wp\/v2\/posts\/20590\/revisions"}],"predecessor-version":[{"id":20593,"href":"https:\/\/dev.antudigital.cl\/sites\/vc\/wp-json\/wp\/v2\/posts\/20590\/revisions\/20593"}],"wp:featuredmedia":[{"embeddable":true,"href":"https:\/\/dev.antudigital.cl\/sites\/vc\/wp-json\/wp\/v2\/media\/20591"}],"wp:attachment":[{"href":"https:\/\/dev.antudigital.cl\/sites\/vc\/wp-json\/wp\/v2\/media?parent=20590"}],"wp:term":[{"taxonomy":"category","embeddable":true,"href":"https:\/\/dev.antudigital.cl\/sites\/vc\/wp-json\/wp\/v2\/categories?post=20590"},{"taxonomy":"post_tag","embeddable":true,"href":"https:\/\/dev.antudigital.cl\/sites\/vc\/wp-json\/wp\/v2\/tags?post=20590"}],"curies":[{"name":"wp","href":"https:\/\/api.w.org\/{rel}","templated":true}]}}