{"id":20594,"date":"2024-10-01T01:41:06","date_gmt":"2024-10-01T01:41:06","guid":{"rendered":"https:\/\/www.valparaisocreativo.cl\/?p=20594"},"modified":"2024-10-01T01:41:24","modified_gmt":"2024-10-01T01:41:24","slug":"compania-la-coraje-realizara-la-4a-version-de-paraisos-creativos-en-el-parque-cultural-de-valparaiso","status":"publish","type":"post","link":"https:\/\/dev.antudigital.cl\/sites\/vc\/compania-la-coraje-realizara-la-4a-version-de-paraisos-creativos-en-el-parque-cultural-de-valparaiso\/","title":{"rendered":"Compa\u00f1\u00eda la Coraje realizar\u00e1 la 4\u00aa versi\u00f3n de \u201cPara\u00edsos Creativos\u201d en el Parque Cultural de Valpara\u00edso"},"content":{"rendered":"\n<p>Tras tres exitosas versiones, la compa\u00f1\u00eda teatral&nbsp;<strong>La Coraje<\/strong>&nbsp;invita a participar del \u201c<strong>Cuarto Encuentro de Artes Esc\u00e9nicas Para\u00edsos Creativos\u00bb. Teatro, educaci\u00f3n y mediaci\u00f3n para j\u00f3venes audiencias\u201d<\/strong>.<\/p>\n\n\n\n<p>El proyecto busca&nbsp;<strong>relevar las creaciones esc\u00e9nicas<\/strong>&nbsp;que tienen como&nbsp;<strong>p\u00fablico objetivo la ni\u00f1ez y adolescencia&nbsp;<\/strong>por medio de la realizaci\u00f3n de tres talleres formativos dirigidos a personas que trabajan en espacios formales o no formales de educaci\u00f3n y que quieren integrar herramientas de las artes esc\u00e9nicas a su quehacer docente.<\/p>\n\n\n\n<p>Los talleres cuentan con cupos limitados y se desarrollar\u00e1n durante&nbsp;<strong>octubre&nbsp;<\/strong>de&nbsp;<strong>16:30 a 19:30 horas<\/strong>&nbsp;en el&nbsp;<strong>Parque Cultural de Valpara\u00edso<\/strong>. Las inscripciones se hacen en el siguiente enlace&nbsp;<a href=\"https:\/\/forms.gle\/XbYWTX9uh4HhNVCb8\" target=\"_blank\" rel=\"noreferrer noopener\"><strong>https:\/\/forms.gle\/XbYWTX9uh4HhNVCb8<\/strong><\/a><strong>.<\/strong><\/p>\n\n\n\n<p>Sobre la importancia de incorporar herramientas art\u00edsticas a la docencia,&nbsp;<strong>Estefan\u00eda Aedo<\/strong>,&nbsp;<strong>integrante de la compa\u00f1\u00eda y docente<\/strong>&nbsp;expresa: \u201cEl Teatro aplicado es una de las formas m\u00e1s nobles de poner todas las herramientas que tenemos como artistas esc\u00e9nicas a disposici\u00f3n de las personas que trabajan con la ni\u00f1ez y adolescencia y que busca enriquecer su quehacer a trav\u00e9s del Teatro y de toda su potencialidad\u201d.<\/p>\n\n\n\n<p>El primer taller&nbsp;<strong><em>\u201cCuerpo Expresivo: Herramientas corporales y expresivas para la docencia\u201d<\/em><\/strong>&nbsp;se realizar\u00e1 por la compa\u00f1\u00eda&nbsp;<strong>Fest\u00edn de la Risa<\/strong>&nbsp;el 8,9 y 10 de octubre. Luego los d\u00edas 15, 16 y 17 de octubre ser\u00e1 el turno del&nbsp;<strong><em>\u201cTeatro Foro: Metodolog\u00eda del Teatro del Oprimidx para el Di\u00e1logo y las Estrategias de Resoluci\u00f3n de Conflictos en Contextos Educativos\u201d<\/em><\/strong>, dictado por Sinestesia Escuela T.O.<\/p>\n\n\n\n<p>Y el \u00faltimo taller&nbsp;<strong><em>\u201cEntrenamiento vocal y t\u00e9cnicas para el autocuidado\u201d<\/em><\/strong>&nbsp;se realizar\u00e1 el 22, 23 y 24 de octubre por el Laboratorio vocal Tu Propia Voz.<\/p>\n\n\n\n<p><strong>Sobre el encuentro<\/strong><\/p>\n\n\n\n<p>En casi una d\u00e9cada de trabajo, a trav\u00e9s de diversos formatos y obras que se vinculan de manera l\u00fadica con los procesos formativos para la ni\u00f1ez y la adolescencia&nbsp;<strong>La Coraje<\/strong>&nbsp;ha intervenido colegios y liceos de la regi\u00f3n con proyectos que fomentan la lectura, abordando el tema del bullying y puestas en escena tem\u00e1ticas de g\u00e9nero y ciencias entre otros.<\/p>\n\n\n\n<p><strong>Instagram y Facebook: @cialacoraje @paraisoscreativos<\/strong><\/p>\n\n\n\n<p><strong><u><a href=\"http:\/\/www.companialacoraje.com\/\" target=\"_blank\" rel=\"noreferrer noopener\">www.companialacoraje.com<\/a><\/u><\/strong><\/p>\n\n\n\n<figure class=\"wp-block-image size-large\"><img fetchpriority=\"high\" decoding=\"async\" width=\"1024\" height=\"1024\" src=\"https:\/\/www.valparaisocreativo.cl\/wp-content\/uploads\/2024\/10\/EPAC-2-Teatro-Foro-1024x1024.jpg\" alt=\"\" class=\"wp-image-20595\" srcset=\"https:\/\/dev.antudigital.cl\/sites\/vc\/wp-content\/uploads\/2024\/10\/EPAC-2-Teatro-Foro-1024x1024.jpg 1024w, https:\/\/dev.antudigital.cl\/sites\/vc\/wp-content\/uploads\/2024\/10\/EPAC-2-Teatro-Foro-300x300.jpg 300w, https:\/\/dev.antudigital.cl\/sites\/vc\/wp-content\/uploads\/2024\/10\/EPAC-2-Teatro-Foro-150x150.jpg 150w, https:\/\/dev.antudigital.cl\/sites\/vc\/wp-content\/uploads\/2024\/10\/EPAC-2-Teatro-Foro-768x768.jpg 768w, https:\/\/dev.antudigital.cl\/sites\/vc\/wp-content\/uploads\/2024\/10\/EPAC-2-Teatro-Foro-980x980.jpg 980w, https:\/\/dev.antudigital.cl\/sites\/vc\/wp-content\/uploads\/2024\/10\/EPAC-2-Teatro-Foro-480x480.jpg 480w, https:\/\/dev.antudigital.cl\/sites\/vc\/wp-content\/uploads\/2024\/10\/EPAC-2-Teatro-Foro-24x24.jpg 24w, https:\/\/dev.antudigital.cl\/sites\/vc\/wp-content\/uploads\/2024\/10\/EPAC-2-Teatro-Foro-36x36.jpg 36w, https:\/\/dev.antudigital.cl\/sites\/vc\/wp-content\/uploads\/2024\/10\/EPAC-2-Teatro-Foro-48x48.jpg 48w, https:\/\/dev.antudigital.cl\/sites\/vc\/wp-content\/uploads\/2024\/10\/EPAC-2-Teatro-Foro.jpg 1080w\" sizes=\"(max-width: 1024px) 100vw, 1024px\" \/><\/figure>\n","protected":false},"excerpt":{"rendered":"<p>Tras tres exitosas versiones, la compa\u00f1\u00eda teatral&nbsp;La Coraje&nbsp;invita a participar del \u201cCuarto Encuentro de Artes Esc\u00e9nicas Para\u00edsos Creativos\u00bb. Teatro, educaci\u00f3n y mediaci\u00f3n para j\u00f3venes audiencias\u201d. El proyecto busca&nbsp;relevar las creaciones esc\u00e9nicas&nbsp;que tienen como&nbsp;p\u00fablico objetivo la ni\u00f1ez y adolescencia&nbsp;por medio de la realizaci\u00f3n de tres talleres formativos dirigidos a personas que trabajan en espacios formales o [&hellip;]<\/p>\n","protected":false},"author":1,"featured_media":20596,"comment_status":"closed","ping_status":"closed","sticky":false,"template":"","format":"standard","meta":{"_acf_changed":false,"footnotes":""},"categories":[8],"tags":[],"class_list":["post-20594","post","type-post","status-publish","format-standard","has-post-thumbnail","hentry","category-noticia"],"acf":[],"yoast_head":"<!-- This site is optimized with the Yoast SEO plugin v27.1.1 - https:\/\/yoast.com\/product\/yoast-seo-wordpress\/ -->\n<title>Compa\u00f1\u00eda la Coraje realizar\u00e1 la 4\u00aa versi\u00f3n de \u201cPara\u00edsos Creativos\u201d en el Parque Cultural de Valpara\u00edso - Valpara\u00ed\u00adso Creativo<\/title>\n<meta name=\"robots\" content=\"index, follow, max-snippet:-1, max-image-preview:large, max-video-preview:-1\" \/>\n<link rel=\"canonical\" href=\"https:\/\/dev.antudigital.cl\/sites\/vc\/compania-la-coraje-realizara-la-4a-version-de-paraisos-creativos-en-el-parque-cultural-de-valparaiso\/\" \/>\n<meta property=\"og:locale\" content=\"es_ES\" \/>\n<meta property=\"og:type\" content=\"article\" \/>\n<meta property=\"og:title\" content=\"Compa\u00f1\u00eda la Coraje realizar\u00e1 la 4\u00aa versi\u00f3n de \u201cPara\u00edsos Creativos\u201d en el Parque Cultural de Valpara\u00edso - Valpara\u00ed\u00adso Creativo\" \/>\n<meta property=\"og:description\" content=\"Tras tres exitosas versiones, la compa\u00f1\u00eda teatral&nbsp;La Coraje&nbsp;invita a participar del \u201cCuarto Encuentro de Artes Esc\u00e9nicas Para\u00edsos Creativos\u00bb. Teatro, educaci\u00f3n y mediaci\u00f3n para j\u00f3venes audiencias\u201d. El proyecto busca&nbsp;relevar las creaciones esc\u00e9nicas&nbsp;que tienen como&nbsp;p\u00fablico objetivo la ni\u00f1ez y adolescencia&nbsp;por medio de la realizaci\u00f3n de tres talleres formativos dirigidos a personas que trabajan en espacios formales o [&hellip;]\" \/>\n<meta property=\"og:url\" content=\"https:\/\/dev.antudigital.cl\/sites\/vc\/compania-la-coraje-realizara-la-4a-version-de-paraisos-creativos-en-el-parque-cultural-de-valparaiso\/\" \/>\n<meta property=\"og:site_name\" content=\"Valpara\u00ed\u00adso Creativo\" \/>\n<meta property=\"article:published_time\" content=\"2024-10-01T01:41:06+00:00\" \/>\n<meta property=\"article:modified_time\" content=\"2024-10-01T01:41:24+00:00\" \/>\n<meta property=\"og:image\" content=\"https:\/\/dev.antudigital.cl\/sites\/vc\/wp-content\/uploads\/2024\/10\/Cia-la-Coraje-EPAC-foto-1.jpeg\" \/>\n\t<meta property=\"og:image:width\" content=\"1280\" \/>\n\t<meta property=\"og:image:height\" content=\"960\" \/>\n\t<meta property=\"og:image:type\" content=\"image\/jpeg\" \/>\n<meta name=\"author\" content=\"Valpara\u00edso Creativo\" \/>\n<meta name=\"twitter:card\" content=\"summary_large_image\" \/>\n<meta name=\"twitter:label1\" content=\"Escrito por\" \/>\n\t<meta name=\"twitter:data1\" content=\"Valpara\u00edso Creativo\" \/>\n\t<meta name=\"twitter:label2\" content=\"Tiempo de lectura\" \/>\n\t<meta name=\"twitter:data2\" content=\"2 minutos\" \/>\n<script type=\"application\/ld+json\" class=\"yoast-schema-graph\">{\"@context\":\"https:\/\/schema.org\",\"@graph\":[{\"@type\":\"Article\",\"@id\":\"https:\/\/dev.antudigital.cl\/sites\/vc\/compania-la-coraje-realizara-la-4a-version-de-paraisos-creativos-en-el-parque-cultural-de-valparaiso\/#article\",\"isPartOf\":{\"@id\":\"https:\/\/dev.antudigital.cl\/sites\/vc\/compania-la-coraje-realizara-la-4a-version-de-paraisos-creativos-en-el-parque-cultural-de-valparaiso\/\"},\"author\":{\"name\":\"Valpara\u00edso Creativo\",\"@id\":\"https:\/\/dev.antudigital.cl\/sites\/vc\/#\/schema\/person\/c2b9da8dd545e27166fc5ab232837318\"},\"headline\":\"Compa\u00f1\u00eda la Coraje realizar\u00e1 la 4\u00aa versi\u00f3n de \u201cPara\u00edsos Creativos\u201d en el Parque Cultural de Valpara\u00edso\",\"datePublished\":\"2024-10-01T01:41:06+00:00\",\"dateModified\":\"2024-10-01T01:41:24+00:00\",\"mainEntityOfPage\":{\"@id\":\"https:\/\/dev.antudigital.cl\/sites\/vc\/compania-la-coraje-realizara-la-4a-version-de-paraisos-creativos-en-el-parque-cultural-de-valparaiso\/\"},\"wordCount\":414,\"image\":{\"@id\":\"https:\/\/dev.antudigital.cl\/sites\/vc\/compania-la-coraje-realizara-la-4a-version-de-paraisos-creativos-en-el-parque-cultural-de-valparaiso\/#primaryimage\"},\"thumbnailUrl\":\"https:\/\/dev.antudigital.cl\/sites\/vc\/wp-content\/uploads\/2024\/10\/Cia-la-Coraje-EPAC-foto-1.jpeg\",\"articleSection\":[\"Noticia\"],\"inLanguage\":\"es\"},{\"@type\":\"WebPage\",\"@id\":\"https:\/\/dev.antudigital.cl\/sites\/vc\/compania-la-coraje-realizara-la-4a-version-de-paraisos-creativos-en-el-parque-cultural-de-valparaiso\/\",\"url\":\"https:\/\/dev.antudigital.cl\/sites\/vc\/compania-la-coraje-realizara-la-4a-version-de-paraisos-creativos-en-el-parque-cultural-de-valparaiso\/\",\"name\":\"Compa\u00f1\u00eda la Coraje realizar\u00e1 la 4\u00aa versi\u00f3n de \u201cPara\u00edsos Creativos\u201d en el Parque Cultural de Valpara\u00edso - Valpara\u00ed\u00adso Creativo\",\"isPartOf\":{\"@id\":\"https:\/\/dev.antudigital.cl\/sites\/vc\/#website\"},\"primaryImageOfPage\":{\"@id\":\"https:\/\/dev.antudigital.cl\/sites\/vc\/compania-la-coraje-realizara-la-4a-version-de-paraisos-creativos-en-el-parque-cultural-de-valparaiso\/#primaryimage\"},\"image\":{\"@id\":\"https:\/\/dev.antudigital.cl\/sites\/vc\/compania-la-coraje-realizara-la-4a-version-de-paraisos-creativos-en-el-parque-cultural-de-valparaiso\/#primaryimage\"},\"thumbnailUrl\":\"https:\/\/dev.antudigital.cl\/sites\/vc\/wp-content\/uploads\/2024\/10\/Cia-la-Coraje-EPAC-foto-1.jpeg\",\"datePublished\":\"2024-10-01T01:41:06+00:00\",\"dateModified\":\"2024-10-01T01:41:24+00:00\",\"author\":{\"@id\":\"https:\/\/dev.antudigital.cl\/sites\/vc\/#\/schema\/person\/c2b9da8dd545e27166fc5ab232837318\"},\"breadcrumb\":{\"@id\":\"https:\/\/dev.antudigital.cl\/sites\/vc\/compania-la-coraje-realizara-la-4a-version-de-paraisos-creativos-en-el-parque-cultural-de-valparaiso\/#breadcrumb\"},\"inLanguage\":\"es\",\"potentialAction\":[{\"@type\":\"ReadAction\",\"target\":[\"https:\/\/dev.antudigital.cl\/sites\/vc\/compania-la-coraje-realizara-la-4a-version-de-paraisos-creativos-en-el-parque-cultural-de-valparaiso\/\"]}]},{\"@type\":\"ImageObject\",\"inLanguage\":\"es\",\"@id\":\"https:\/\/dev.antudigital.cl\/sites\/vc\/compania-la-coraje-realizara-la-4a-version-de-paraisos-creativos-en-el-parque-cultural-de-valparaiso\/#primaryimage\",\"url\":\"https:\/\/dev.antudigital.cl\/sites\/vc\/wp-content\/uploads\/2024\/10\/Cia-la-Coraje-EPAC-foto-1.jpeg\",\"contentUrl\":\"https:\/\/dev.antudigital.cl\/sites\/vc\/wp-content\/uploads\/2024\/10\/Cia-la-Coraje-EPAC-foto-1.jpeg\",\"width\":1280,\"height\":960},{\"@type\":\"BreadcrumbList\",\"@id\":\"https:\/\/dev.antudigital.cl\/sites\/vc\/compania-la-coraje-realizara-la-4a-version-de-paraisos-creativos-en-el-parque-cultural-de-valparaiso\/#breadcrumb\",\"itemListElement\":[{\"@type\":\"ListItem\",\"position\":1,\"name\":\"Home\",\"item\":\"https:\/\/dev.antudigital.cl\/sites\/vc\/\"},{\"@type\":\"ListItem\",\"position\":2,\"name\":\"Compa\u00f1\u00eda la Coraje realizar\u00e1 la 4\u00aa versi\u00f3n de \u201cPara\u00edsos Creativos\u201d en el Parque Cultural de Valpara\u00edso\"}]},{\"@type\":\"WebSite\",\"@id\":\"https:\/\/dev.antudigital.cl\/sites\/vc\/#website\",\"url\":\"https:\/\/dev.antudigital.cl\/sites\/vc\/\",\"name\":\"Valpara\u00ed\u00adso Creativo\",\"description\":\"\",\"potentialAction\":[{\"@type\":\"SearchAction\",\"target\":{\"@type\":\"EntryPoint\",\"urlTemplate\":\"https:\/\/dev.antudigital.cl\/sites\/vc\/?s={search_term_string}\"},\"query-input\":{\"@type\":\"PropertyValueSpecification\",\"valueRequired\":true,\"valueName\":\"search_term_string\"}}],\"inLanguage\":\"es\"},{\"@type\":\"Person\",\"@id\":\"https:\/\/dev.antudigital.cl\/sites\/vc\/#\/schema\/person\/c2b9da8dd545e27166fc5ab232837318\",\"name\":\"Valpara\u00edso Creativo\",\"description\":\"Periodista de cultura en la Regi\u00f3n de Valpara\u00edso.\",\"url\":\"https:\/\/dev.antudigital.cl\/sites\/vc\/author\/valpoadmin\/\"}]}<\/script>\n<!-- \/ Yoast SEO plugin. -->","yoast_head_json":{"title":"Compa\u00f1\u00eda la Coraje realizar\u00e1 la 4\u00aa versi\u00f3n de \u201cPara\u00edsos Creativos\u201d en el Parque Cultural de Valpara\u00edso - Valpara\u00ed\u00adso Creativo","robots":{"index":"index","follow":"follow","max-snippet":"max-snippet:-1","max-image-preview":"max-image-preview:large","max-video-preview":"max-video-preview:-1"},"canonical":"https:\/\/dev.antudigital.cl\/sites\/vc\/compania-la-coraje-realizara-la-4a-version-de-paraisos-creativos-en-el-parque-cultural-de-valparaiso\/","og_locale":"es_ES","og_type":"article","og_title":"Compa\u00f1\u00eda la Coraje realizar\u00e1 la 4\u00aa versi\u00f3n de \u201cPara\u00edsos Creativos\u201d en el Parque Cultural de Valpara\u00edso - Valpara\u00ed\u00adso Creativo","og_description":"Tras tres exitosas versiones, la compa\u00f1\u00eda teatral&nbsp;La Coraje&nbsp;invita a participar del \u201cCuarto Encuentro de Artes Esc\u00e9nicas Para\u00edsos Creativos\u00bb. Teatro, educaci\u00f3n y mediaci\u00f3n para j\u00f3venes audiencias\u201d. El proyecto busca&nbsp;relevar las creaciones esc\u00e9nicas&nbsp;que tienen como&nbsp;p\u00fablico objetivo la ni\u00f1ez y adolescencia&nbsp;por medio de la realizaci\u00f3n de tres talleres formativos dirigidos a personas que trabajan en espacios formales o [&hellip;]","og_url":"https:\/\/dev.antudigital.cl\/sites\/vc\/compania-la-coraje-realizara-la-4a-version-de-paraisos-creativos-en-el-parque-cultural-de-valparaiso\/","og_site_name":"Valpara\u00ed\u00adso Creativo","article_published_time":"2024-10-01T01:41:06+00:00","article_modified_time":"2024-10-01T01:41:24+00:00","og_image":[{"width":1280,"height":960,"url":"https:\/\/dev.antudigital.cl\/sites\/vc\/wp-content\/uploads\/2024\/10\/Cia-la-Coraje-EPAC-foto-1.jpeg","type":"image\/jpeg"}],"author":"Valpara\u00edso Creativo","twitter_card":"summary_large_image","twitter_misc":{"Escrito por":"Valpara\u00edso Creativo","Tiempo de lectura":"2 minutos"},"schema":{"@context":"https:\/\/schema.org","@graph":[{"@type":"Article","@id":"https:\/\/dev.antudigital.cl\/sites\/vc\/compania-la-coraje-realizara-la-4a-version-de-paraisos-creativos-en-el-parque-cultural-de-valparaiso\/#article","isPartOf":{"@id":"https:\/\/dev.antudigital.cl\/sites\/vc\/compania-la-coraje-realizara-la-4a-version-de-paraisos-creativos-en-el-parque-cultural-de-valparaiso\/"},"author":{"name":"Valpara\u00edso Creativo","@id":"https:\/\/dev.antudigital.cl\/sites\/vc\/#\/schema\/person\/c2b9da8dd545e27166fc5ab232837318"},"headline":"Compa\u00f1\u00eda la Coraje realizar\u00e1 la 4\u00aa versi\u00f3n de \u201cPara\u00edsos Creativos\u201d en el Parque Cultural de Valpara\u00edso","datePublished":"2024-10-01T01:41:06+00:00","dateModified":"2024-10-01T01:41:24+00:00","mainEntityOfPage":{"@id":"https:\/\/dev.antudigital.cl\/sites\/vc\/compania-la-coraje-realizara-la-4a-version-de-paraisos-creativos-en-el-parque-cultural-de-valparaiso\/"},"wordCount":414,"image":{"@id":"https:\/\/dev.antudigital.cl\/sites\/vc\/compania-la-coraje-realizara-la-4a-version-de-paraisos-creativos-en-el-parque-cultural-de-valparaiso\/#primaryimage"},"thumbnailUrl":"https:\/\/dev.antudigital.cl\/sites\/vc\/wp-content\/uploads\/2024\/10\/Cia-la-Coraje-EPAC-foto-1.jpeg","articleSection":["Noticia"],"inLanguage":"es"},{"@type":"WebPage","@id":"https:\/\/dev.antudigital.cl\/sites\/vc\/compania-la-coraje-realizara-la-4a-version-de-paraisos-creativos-en-el-parque-cultural-de-valparaiso\/","url":"https:\/\/dev.antudigital.cl\/sites\/vc\/compania-la-coraje-realizara-la-4a-version-de-paraisos-creativos-en-el-parque-cultural-de-valparaiso\/","name":"Compa\u00f1\u00eda la Coraje realizar\u00e1 la 4\u00aa versi\u00f3n de \u201cPara\u00edsos Creativos\u201d en el Parque Cultural de Valpara\u00edso - Valpara\u00ed\u00adso Creativo","isPartOf":{"@id":"https:\/\/dev.antudigital.cl\/sites\/vc\/#website"},"primaryImageOfPage":{"@id":"https:\/\/dev.antudigital.cl\/sites\/vc\/compania-la-coraje-realizara-la-4a-version-de-paraisos-creativos-en-el-parque-cultural-de-valparaiso\/#primaryimage"},"image":{"@id":"https:\/\/dev.antudigital.cl\/sites\/vc\/compania-la-coraje-realizara-la-4a-version-de-paraisos-creativos-en-el-parque-cultural-de-valparaiso\/#primaryimage"},"thumbnailUrl":"https:\/\/dev.antudigital.cl\/sites\/vc\/wp-content\/uploads\/2024\/10\/Cia-la-Coraje-EPAC-foto-1.jpeg","datePublished":"2024-10-01T01:41:06+00:00","dateModified":"2024-10-01T01:41:24+00:00","author":{"@id":"https:\/\/dev.antudigital.cl\/sites\/vc\/#\/schema\/person\/c2b9da8dd545e27166fc5ab232837318"},"breadcrumb":{"@id":"https:\/\/dev.antudigital.cl\/sites\/vc\/compania-la-coraje-realizara-la-4a-version-de-paraisos-creativos-en-el-parque-cultural-de-valparaiso\/#breadcrumb"},"inLanguage":"es","potentialAction":[{"@type":"ReadAction","target":["https:\/\/dev.antudigital.cl\/sites\/vc\/compania-la-coraje-realizara-la-4a-version-de-paraisos-creativos-en-el-parque-cultural-de-valparaiso\/"]}]},{"@type":"ImageObject","inLanguage":"es","@id":"https:\/\/dev.antudigital.cl\/sites\/vc\/compania-la-coraje-realizara-la-4a-version-de-paraisos-creativos-en-el-parque-cultural-de-valparaiso\/#primaryimage","url":"https:\/\/dev.antudigital.cl\/sites\/vc\/wp-content\/uploads\/2024\/10\/Cia-la-Coraje-EPAC-foto-1.jpeg","contentUrl":"https:\/\/dev.antudigital.cl\/sites\/vc\/wp-content\/uploads\/2024\/10\/Cia-la-Coraje-EPAC-foto-1.jpeg","width":1280,"height":960},{"@type":"BreadcrumbList","@id":"https:\/\/dev.antudigital.cl\/sites\/vc\/compania-la-coraje-realizara-la-4a-version-de-paraisos-creativos-en-el-parque-cultural-de-valparaiso\/#breadcrumb","itemListElement":[{"@type":"ListItem","position":1,"name":"Home","item":"https:\/\/dev.antudigital.cl\/sites\/vc\/"},{"@type":"ListItem","position":2,"name":"Compa\u00f1\u00eda la Coraje realizar\u00e1 la 4\u00aa versi\u00f3n de \u201cPara\u00edsos Creativos\u201d en el Parque Cultural de Valpara\u00edso"}]},{"@type":"WebSite","@id":"https:\/\/dev.antudigital.cl\/sites\/vc\/#website","url":"https:\/\/dev.antudigital.cl\/sites\/vc\/","name":"Valpara\u00ed\u00adso Creativo","description":"","potentialAction":[{"@type":"SearchAction","target":{"@type":"EntryPoint","urlTemplate":"https:\/\/dev.antudigital.cl\/sites\/vc\/?s={search_term_string}"},"query-input":{"@type":"PropertyValueSpecification","valueRequired":true,"valueName":"search_term_string"}}],"inLanguage":"es"},{"@type":"Person","@id":"https:\/\/dev.antudigital.cl\/sites\/vc\/#\/schema\/person\/c2b9da8dd545e27166fc5ab232837318","name":"Valpara\u00edso Creativo","description":"Periodista de cultura en la Regi\u00f3n de Valpara\u00edso.","url":"https:\/\/dev.antudigital.cl\/sites\/vc\/author\/valpoadmin\/"}]}},"_links":{"self":[{"href":"https:\/\/dev.antudigital.cl\/sites\/vc\/wp-json\/wp\/v2\/posts\/20594","targetHints":{"allow":["GET"]}}],"collection":[{"href":"https:\/\/dev.antudigital.cl\/sites\/vc\/wp-json\/wp\/v2\/posts"}],"about":[{"href":"https:\/\/dev.antudigital.cl\/sites\/vc\/wp-json\/wp\/v2\/types\/post"}],"author":[{"embeddable":true,"href":"https:\/\/dev.antudigital.cl\/sites\/vc\/wp-json\/wp\/v2\/users\/1"}],"replies":[{"embeddable":true,"href":"https:\/\/dev.antudigital.cl\/sites\/vc\/wp-json\/wp\/v2\/comments?post=20594"}],"version-history":[{"count":1,"href":"https:\/\/dev.antudigital.cl\/sites\/vc\/wp-json\/wp\/v2\/posts\/20594\/revisions"}],"predecessor-version":[{"id":20597,"href":"https:\/\/dev.antudigital.cl\/sites\/vc\/wp-json\/wp\/v2\/posts\/20594\/revisions\/20597"}],"wp:featuredmedia":[{"embeddable":true,"href":"https:\/\/dev.antudigital.cl\/sites\/vc\/wp-json\/wp\/v2\/media\/20596"}],"wp:attachment":[{"href":"https:\/\/dev.antudigital.cl\/sites\/vc\/wp-json\/wp\/v2\/media?parent=20594"}],"wp:term":[{"taxonomy":"category","embeddable":true,"href":"https:\/\/dev.antudigital.cl\/sites\/vc\/wp-json\/wp\/v2\/categories?post=20594"},{"taxonomy":"post_tag","embeddable":true,"href":"https:\/\/dev.antudigital.cl\/sites\/vc\/wp-json\/wp\/v2\/tags?post=20594"}],"curies":[{"name":"wp","href":"https:\/\/api.w.org\/{rel}","templated":true}]}}