{"id":20598,"date":"2024-10-01T01:49:59","date_gmt":"2024-10-01T01:49:59","guid":{"rendered":"https:\/\/www.valparaisocreativo.cl\/?p=20598"},"modified":"2024-10-01T01:50:18","modified_gmt":"2024-10-01T01:50:18","slug":"9-concurso-desafio-emprendedor","status":"publish","type":"post","link":"https:\/\/dev.antudigital.cl\/sites\/vc\/9-concurso-desafio-emprendedor\/","title":{"rendered":"9\u00b0 concurso Desaf\u00edo Emprendedor"},"content":{"rendered":"\n<p>La finalidad de este es potenciar y entregar visibilidad a emprendimientos formales, que est\u00e9n resolviendo necesidades y generando impacto en sus comunidades o a nivel nacional.<\/p>\n\n\n\n<p>El concurso tiene 2 categor\u00edas, Desaf\u00edo Local y Desaf\u00edo Global. De todos los postulantes, se seleccionar\u00e1n 200, 100 de cada categor\u00eda, los que participar\u00e1n de un programa formativo mediante la plataforma online \u201cAcademia de emprendimiento UDD\u201d, entre otras actividades.<\/p>\n\n\n\n<p>Luego, deber\u00e1n realizar un Pitch (video) que ser\u00e1 evaluado por un jurado y se seleccionar\u00e1n a los 20 finalistas del concurso (10 por cada categor\u00eda), los que seguir\u00e1n prepar\u00e1ndose con mentor\u00edas y talleres para la gran final. Sabemos lo importante que es potenciar las redes de contacto, tambi\u00e9n participar\u00e1n en encuentros regionales y en otras actividades de networking.<br><br>Finalmente se seleccionar\u00e1 mediante el nuevo Pitch a los 3 primeros lugares por cada categor\u00eda, donde ganar\u00e1n:<br>1er lugar $15.000.000<br>2do lugar $10.000.000<br>3er lugar $6.000.000<\/p>\n\n\n\n<p>Adicionalmente, entregar\u00e1n dos menciones en cada categor\u00eda, con premios de $5.000.000 cada una:<br>\u201cCompromiso Azul para Chile\u201d<br>\u201cMujeres que Inspiran\u201d<\/p>\n\n\n\n<p>Los 10 emprendedores restantes recibir\u00e1n $2.000.000. Cabe destacar que es m\u00e1ximo 1 premio por participante, de esta forma est\u00e1 considerado que los 20 finalistas puedan recibir un impulso para su emprendimiento.<br><br>Las inscripciones se hacen llenando este formulario web y el plazo para postular es hasta el 13 de Octubre de 2024.<\/p>\n\n\n\n<p><a href=\"https:\/\/8738.short.gy\/qrfvina\">https:\/\/8738.short.gy\/qrfvina<\/a> (M\u00e1s abajo encuentra las bases).<\/p>\n\n\n\n<figure class=\"wp-block-image size-large\"><img fetchpriority=\"high\" decoding=\"async\" width=\"1024\" height=\"1024\" src=\"https:\/\/www.valparaisocreativo.cl\/wp-content\/uploads\/2024\/10\/Desafio-Emprendedor-v9-3-1024x1024.jpg\" alt=\"\" class=\"wp-image-20600\" srcset=\"https:\/\/dev.antudigital.cl\/sites\/vc\/wp-content\/uploads\/2024\/10\/Desafio-Emprendedor-v9-3-1024x1024.jpg 1024w, https:\/\/dev.antudigital.cl\/sites\/vc\/wp-content\/uploads\/2024\/10\/Desafio-Emprendedor-v9-3-300x300.jpg 300w, https:\/\/dev.antudigital.cl\/sites\/vc\/wp-content\/uploads\/2024\/10\/Desafio-Emprendedor-v9-3-150x150.jpg 150w, https:\/\/dev.antudigital.cl\/sites\/vc\/wp-content\/uploads\/2024\/10\/Desafio-Emprendedor-v9-3-768x768.jpg 768w, https:\/\/dev.antudigital.cl\/sites\/vc\/wp-content\/uploads\/2024\/10\/Desafio-Emprendedor-v9-3-1080x1080.jpg 1080w, https:\/\/dev.antudigital.cl\/sites\/vc\/wp-content\/uploads\/2024\/10\/Desafio-Emprendedor-v9-3-980x980.jpg 980w, https:\/\/dev.antudigital.cl\/sites\/vc\/wp-content\/uploads\/2024\/10\/Desafio-Emprendedor-v9-3-480x480.jpg 480w, https:\/\/dev.antudigital.cl\/sites\/vc\/wp-content\/uploads\/2024\/10\/Desafio-Emprendedor-v9-3-24x24.jpg 24w, https:\/\/dev.antudigital.cl\/sites\/vc\/wp-content\/uploads\/2024\/10\/Desafio-Emprendedor-v9-3-36x36.jpg 36w, https:\/\/dev.antudigital.cl\/sites\/vc\/wp-content\/uploads\/2024\/10\/Desafio-Emprendedor-v9-3-48x48.jpg 48w, https:\/\/dev.antudigital.cl\/sites\/vc\/wp-content\/uploads\/2024\/10\/Desafio-Emprendedor-v9-3.jpg 1200w\" sizes=\"(max-width: 1024px) 100vw, 1024px\" \/><\/figure>\n\n\n\n<div data-wp-interactive=\"core\/file\" class=\"wp-block-file\"><object data-wp-bind--hidden=\"!state.hasPdfPreview\" hidden class=\"wp-block-file__embed\" data=\"https:\/\/www.valparaisocreativo.cl\/wp-content\/uploads\/2024\/10\/Bases-9Concurso-Desafio-Emprendedor.pdf\" type=\"application\/pdf\" style=\"width:100%;height:600px\" aria-label=\"Incrustado de Bases 9Concurso Desafio Emprendedor.\"><\/object><a id=\"wp-block-file--media-518df9b7-7d53-4e93-9733-432fe1788d70\" href=\"https:\/\/www.valparaisocreativo.cl\/wp-content\/uploads\/2024\/10\/Bases-9Concurso-Desafio-Emprendedor.pdf\">Bases 9Concurso Desafio Emprendedor<\/a><a href=\"https:\/\/www.valparaisocreativo.cl\/wp-content\/uploads\/2024\/10\/Bases-9Concurso-Desafio-Emprendedor.pdf\" class=\"wp-block-file__button wp-element-button\" download aria-describedby=\"wp-block-file--media-518df9b7-7d53-4e93-9733-432fe1788d70\">Descarga<\/a><\/div>\n","protected":false},"excerpt":{"rendered":"<p>La finalidad de este es potenciar y entregar visibilidad a emprendimientos formales, que est\u00e9n resolviendo necesidades y generando impacto en sus comunidades o a nivel nacional. El concurso tiene 2 categor\u00edas, Desaf\u00edo Local y Desaf\u00edo Global. De todos los postulantes, se seleccionar\u00e1n 200, 100 de cada categor\u00eda, los que participar\u00e1n de un programa formativo mediante [&hellip;]<\/p>\n","protected":false},"author":1,"featured_media":20599,"comment_status":"closed","ping_status":"closed","sticky":false,"template":"","format":"standard","meta":{"_acf_changed":false,"footnotes":""},"categories":[8],"tags":[],"class_list":["post-20598","post","type-post","status-publish","format-standard","has-post-thumbnail","hentry","category-noticia"],"acf":[],"yoast_head":"<!-- This site is optimized with the Yoast SEO plugin v27.1.1 - https:\/\/yoast.com\/product\/yoast-seo-wordpress\/ -->\n<title>9\u00b0 concurso Desaf\u00edo Emprendedor - Valpara\u00ed\u00adso Creativo<\/title>\n<meta name=\"robots\" content=\"index, follow, max-snippet:-1, max-image-preview:large, max-video-preview:-1\" \/>\n<link rel=\"canonical\" href=\"https:\/\/dev.antudigital.cl\/sites\/vc\/9-concurso-desafio-emprendedor\/\" \/>\n<meta property=\"og:locale\" content=\"es_ES\" \/>\n<meta property=\"og:type\" content=\"article\" \/>\n<meta property=\"og:title\" content=\"9\u00b0 concurso Desaf\u00edo Emprendedor - Valpara\u00ed\u00adso Creativo\" \/>\n<meta property=\"og:description\" content=\"La finalidad de este es potenciar y entregar visibilidad a emprendimientos formales, que est\u00e9n resolviendo necesidades y generando impacto en sus comunidades o a nivel nacional. El concurso tiene 2 categor\u00edas, Desaf\u00edo Local y Desaf\u00edo Global. De todos los postulantes, se seleccionar\u00e1n 200, 100 de cada categor\u00eda, los que participar\u00e1n de un programa formativo mediante [&hellip;]\" \/>\n<meta property=\"og:url\" content=\"https:\/\/dev.antudigital.cl\/sites\/vc\/9-concurso-desafio-emprendedor\/\" \/>\n<meta property=\"og:site_name\" content=\"Valpara\u00ed\u00adso Creativo\" \/>\n<meta property=\"article:published_time\" content=\"2024-10-01T01:49:59+00:00\" \/>\n<meta property=\"article:modified_time\" content=\"2024-10-01T01:50:18+00:00\" \/>\n<meta property=\"og:image\" content=\"https:\/\/dev.antudigital.cl\/sites\/vc\/wp-content\/uploads\/2024\/10\/Desafio-Emprendedor-v9-7-1024x640.jpg\" \/>\n\t<meta property=\"og:image:width\" content=\"1024\" \/>\n\t<meta property=\"og:image:height\" content=\"640\" \/>\n\t<meta property=\"og:image:type\" content=\"image\/jpeg\" \/>\n<meta name=\"author\" content=\"Valpara\u00edso Creativo\" \/>\n<meta name=\"twitter:card\" content=\"summary_large_image\" \/>\n<meta name=\"twitter:label1\" content=\"Escrito por\" \/>\n\t<meta name=\"twitter:data1\" content=\"Valpara\u00edso Creativo\" \/>\n\t<meta name=\"twitter:label2\" content=\"Tiempo de lectura\" \/>\n\t<meta name=\"twitter:data2\" content=\"2 minutos\" \/>\n<script type=\"application\/ld+json\" class=\"yoast-schema-graph\">{\"@context\":\"https:\/\/schema.org\",\"@graph\":[{\"@type\":\"Article\",\"@id\":\"https:\/\/dev.antudigital.cl\/sites\/vc\/9-concurso-desafio-emprendedor\/#article\",\"isPartOf\":{\"@id\":\"https:\/\/dev.antudigital.cl\/sites\/vc\/9-concurso-desafio-emprendedor\/\"},\"author\":{\"name\":\"Valpara\u00edso Creativo\",\"@id\":\"https:\/\/dev.antudigital.cl\/sites\/vc\/#\/schema\/person\/c2b9da8dd545e27166fc5ab232837318\"},\"headline\":\"9\u00b0 concurso Desaf\u00edo Emprendedor\",\"datePublished\":\"2024-10-01T01:49:59+00:00\",\"dateModified\":\"2024-10-01T01:50:18+00:00\",\"mainEntityOfPage\":{\"@id\":\"https:\/\/dev.antudigital.cl\/sites\/vc\/9-concurso-desafio-emprendedor\/\"},\"wordCount\":245,\"image\":{\"@id\":\"https:\/\/dev.antudigital.cl\/sites\/vc\/9-concurso-desafio-emprendedor\/#primaryimage\"},\"thumbnailUrl\":\"https:\/\/dev.antudigital.cl\/sites\/vc\/wp-content\/uploads\/2024\/10\/Desafio-Emprendedor-v9-7.jpg\",\"articleSection\":[\"Noticia\"],\"inLanguage\":\"es\"},{\"@type\":\"WebPage\",\"@id\":\"https:\/\/dev.antudigital.cl\/sites\/vc\/9-concurso-desafio-emprendedor\/\",\"url\":\"https:\/\/dev.antudigital.cl\/sites\/vc\/9-concurso-desafio-emprendedor\/\",\"name\":\"9\u00b0 concurso Desaf\u00edo Emprendedor - Valpara\u00ed\u00adso Creativo\",\"isPartOf\":{\"@id\":\"https:\/\/dev.antudigital.cl\/sites\/vc\/#website\"},\"primaryImageOfPage\":{\"@id\":\"https:\/\/dev.antudigital.cl\/sites\/vc\/9-concurso-desafio-emprendedor\/#primaryimage\"},\"image\":{\"@id\":\"https:\/\/dev.antudigital.cl\/sites\/vc\/9-concurso-desafio-emprendedor\/#primaryimage\"},\"thumbnailUrl\":\"https:\/\/dev.antudigital.cl\/sites\/vc\/wp-content\/uploads\/2024\/10\/Desafio-Emprendedor-v9-7.jpg\",\"datePublished\":\"2024-10-01T01:49:59+00:00\",\"dateModified\":\"2024-10-01T01:50:18+00:00\",\"author\":{\"@id\":\"https:\/\/dev.antudigital.cl\/sites\/vc\/#\/schema\/person\/c2b9da8dd545e27166fc5ab232837318\"},\"breadcrumb\":{\"@id\":\"https:\/\/dev.antudigital.cl\/sites\/vc\/9-concurso-desafio-emprendedor\/#breadcrumb\"},\"inLanguage\":\"es\",\"potentialAction\":[{\"@type\":\"ReadAction\",\"target\":[\"https:\/\/dev.antudigital.cl\/sites\/vc\/9-concurso-desafio-emprendedor\/\"]}]},{\"@type\":\"ImageObject\",\"inLanguage\":\"es\",\"@id\":\"https:\/\/dev.antudigital.cl\/sites\/vc\/9-concurso-desafio-emprendedor\/#primaryimage\",\"url\":\"https:\/\/dev.antudigital.cl\/sites\/vc\/wp-content\/uploads\/2024\/10\/Desafio-Emprendedor-v9-7.jpg\",\"contentUrl\":\"https:\/\/dev.antudigital.cl\/sites\/vc\/wp-content\/uploads\/2024\/10\/Desafio-Emprendedor-v9-7.jpg\",\"width\":2187,\"height\":1367},{\"@type\":\"BreadcrumbList\",\"@id\":\"https:\/\/dev.antudigital.cl\/sites\/vc\/9-concurso-desafio-emprendedor\/#breadcrumb\",\"itemListElement\":[{\"@type\":\"ListItem\",\"position\":1,\"name\":\"Home\",\"item\":\"https:\/\/dev.antudigital.cl\/sites\/vc\/\"},{\"@type\":\"ListItem\",\"position\":2,\"name\":\"9\u00b0 concurso Desaf\u00edo Emprendedor\"}]},{\"@type\":\"WebSite\",\"@id\":\"https:\/\/dev.antudigital.cl\/sites\/vc\/#website\",\"url\":\"https:\/\/dev.antudigital.cl\/sites\/vc\/\",\"name\":\"Valpara\u00ed\u00adso Creativo\",\"description\":\"\",\"potentialAction\":[{\"@type\":\"SearchAction\",\"target\":{\"@type\":\"EntryPoint\",\"urlTemplate\":\"https:\/\/dev.antudigital.cl\/sites\/vc\/?s={search_term_string}\"},\"query-input\":{\"@type\":\"PropertyValueSpecification\",\"valueRequired\":true,\"valueName\":\"search_term_string\"}}],\"inLanguage\":\"es\"},{\"@type\":\"Person\",\"@id\":\"https:\/\/dev.antudigital.cl\/sites\/vc\/#\/schema\/person\/c2b9da8dd545e27166fc5ab232837318\",\"name\":\"Valpara\u00edso Creativo\",\"description\":\"Periodista de cultura en la Regi\u00f3n de Valpara\u00edso.\",\"url\":\"https:\/\/dev.antudigital.cl\/sites\/vc\/author\/valpoadmin\/\"}]}<\/script>\n<!-- \/ Yoast SEO plugin. -->","yoast_head_json":{"title":"9\u00b0 concurso Desaf\u00edo Emprendedor - Valpara\u00ed\u00adso Creativo","robots":{"index":"index","follow":"follow","max-snippet":"max-snippet:-1","max-image-preview":"max-image-preview:large","max-video-preview":"max-video-preview:-1"},"canonical":"https:\/\/dev.antudigital.cl\/sites\/vc\/9-concurso-desafio-emprendedor\/","og_locale":"es_ES","og_type":"article","og_title":"9\u00b0 concurso Desaf\u00edo Emprendedor - Valpara\u00ed\u00adso Creativo","og_description":"La finalidad de este es potenciar y entregar visibilidad a emprendimientos formales, que est\u00e9n resolviendo necesidades y generando impacto en sus comunidades o a nivel nacional. El concurso tiene 2 categor\u00edas, Desaf\u00edo Local y Desaf\u00edo Global. De todos los postulantes, se seleccionar\u00e1n 200, 100 de cada categor\u00eda, los que participar\u00e1n de un programa formativo mediante [&hellip;]","og_url":"https:\/\/dev.antudigital.cl\/sites\/vc\/9-concurso-desafio-emprendedor\/","og_site_name":"Valpara\u00ed\u00adso Creativo","article_published_time":"2024-10-01T01:49:59+00:00","article_modified_time":"2024-10-01T01:50:18+00:00","og_image":[{"width":1024,"height":640,"url":"https:\/\/dev.antudigital.cl\/sites\/vc\/wp-content\/uploads\/2024\/10\/Desafio-Emprendedor-v9-7-1024x640.jpg","type":"image\/jpeg"}],"author":"Valpara\u00edso Creativo","twitter_card":"summary_large_image","twitter_misc":{"Escrito por":"Valpara\u00edso Creativo","Tiempo de lectura":"2 minutos"},"schema":{"@context":"https:\/\/schema.org","@graph":[{"@type":"Article","@id":"https:\/\/dev.antudigital.cl\/sites\/vc\/9-concurso-desafio-emprendedor\/#article","isPartOf":{"@id":"https:\/\/dev.antudigital.cl\/sites\/vc\/9-concurso-desafio-emprendedor\/"},"author":{"name":"Valpara\u00edso Creativo","@id":"https:\/\/dev.antudigital.cl\/sites\/vc\/#\/schema\/person\/c2b9da8dd545e27166fc5ab232837318"},"headline":"9\u00b0 concurso Desaf\u00edo Emprendedor","datePublished":"2024-10-01T01:49:59+00:00","dateModified":"2024-10-01T01:50:18+00:00","mainEntityOfPage":{"@id":"https:\/\/dev.antudigital.cl\/sites\/vc\/9-concurso-desafio-emprendedor\/"},"wordCount":245,"image":{"@id":"https:\/\/dev.antudigital.cl\/sites\/vc\/9-concurso-desafio-emprendedor\/#primaryimage"},"thumbnailUrl":"https:\/\/dev.antudigital.cl\/sites\/vc\/wp-content\/uploads\/2024\/10\/Desafio-Emprendedor-v9-7.jpg","articleSection":["Noticia"],"inLanguage":"es"},{"@type":"WebPage","@id":"https:\/\/dev.antudigital.cl\/sites\/vc\/9-concurso-desafio-emprendedor\/","url":"https:\/\/dev.antudigital.cl\/sites\/vc\/9-concurso-desafio-emprendedor\/","name":"9\u00b0 concurso Desaf\u00edo Emprendedor - Valpara\u00ed\u00adso Creativo","isPartOf":{"@id":"https:\/\/dev.antudigital.cl\/sites\/vc\/#website"},"primaryImageOfPage":{"@id":"https:\/\/dev.antudigital.cl\/sites\/vc\/9-concurso-desafio-emprendedor\/#primaryimage"},"image":{"@id":"https:\/\/dev.antudigital.cl\/sites\/vc\/9-concurso-desafio-emprendedor\/#primaryimage"},"thumbnailUrl":"https:\/\/dev.antudigital.cl\/sites\/vc\/wp-content\/uploads\/2024\/10\/Desafio-Emprendedor-v9-7.jpg","datePublished":"2024-10-01T01:49:59+00:00","dateModified":"2024-10-01T01:50:18+00:00","author":{"@id":"https:\/\/dev.antudigital.cl\/sites\/vc\/#\/schema\/person\/c2b9da8dd545e27166fc5ab232837318"},"breadcrumb":{"@id":"https:\/\/dev.antudigital.cl\/sites\/vc\/9-concurso-desafio-emprendedor\/#breadcrumb"},"inLanguage":"es","potentialAction":[{"@type":"ReadAction","target":["https:\/\/dev.antudigital.cl\/sites\/vc\/9-concurso-desafio-emprendedor\/"]}]},{"@type":"ImageObject","inLanguage":"es","@id":"https:\/\/dev.antudigital.cl\/sites\/vc\/9-concurso-desafio-emprendedor\/#primaryimage","url":"https:\/\/dev.antudigital.cl\/sites\/vc\/wp-content\/uploads\/2024\/10\/Desafio-Emprendedor-v9-7.jpg","contentUrl":"https:\/\/dev.antudigital.cl\/sites\/vc\/wp-content\/uploads\/2024\/10\/Desafio-Emprendedor-v9-7.jpg","width":2187,"height":1367},{"@type":"BreadcrumbList","@id":"https:\/\/dev.antudigital.cl\/sites\/vc\/9-concurso-desafio-emprendedor\/#breadcrumb","itemListElement":[{"@type":"ListItem","position":1,"name":"Home","item":"https:\/\/dev.antudigital.cl\/sites\/vc\/"},{"@type":"ListItem","position":2,"name":"9\u00b0 concurso Desaf\u00edo Emprendedor"}]},{"@type":"WebSite","@id":"https:\/\/dev.antudigital.cl\/sites\/vc\/#website","url":"https:\/\/dev.antudigital.cl\/sites\/vc\/","name":"Valpara\u00ed\u00adso Creativo","description":"","potentialAction":[{"@type":"SearchAction","target":{"@type":"EntryPoint","urlTemplate":"https:\/\/dev.antudigital.cl\/sites\/vc\/?s={search_term_string}"},"query-input":{"@type":"PropertyValueSpecification","valueRequired":true,"valueName":"search_term_string"}}],"inLanguage":"es"},{"@type":"Person","@id":"https:\/\/dev.antudigital.cl\/sites\/vc\/#\/schema\/person\/c2b9da8dd545e27166fc5ab232837318","name":"Valpara\u00edso Creativo","description":"Periodista de cultura en la Regi\u00f3n de Valpara\u00edso.","url":"https:\/\/dev.antudigital.cl\/sites\/vc\/author\/valpoadmin\/"}]}},"_links":{"self":[{"href":"https:\/\/dev.antudigital.cl\/sites\/vc\/wp-json\/wp\/v2\/posts\/20598","targetHints":{"allow":["GET"]}}],"collection":[{"href":"https:\/\/dev.antudigital.cl\/sites\/vc\/wp-json\/wp\/v2\/posts"}],"about":[{"href":"https:\/\/dev.antudigital.cl\/sites\/vc\/wp-json\/wp\/v2\/types\/post"}],"author":[{"embeddable":true,"href":"https:\/\/dev.antudigital.cl\/sites\/vc\/wp-json\/wp\/v2\/users\/1"}],"replies":[{"embeddable":true,"href":"https:\/\/dev.antudigital.cl\/sites\/vc\/wp-json\/wp\/v2\/comments?post=20598"}],"version-history":[{"count":1,"href":"https:\/\/dev.antudigital.cl\/sites\/vc\/wp-json\/wp\/v2\/posts\/20598\/revisions"}],"predecessor-version":[{"id":20602,"href":"https:\/\/dev.antudigital.cl\/sites\/vc\/wp-json\/wp\/v2\/posts\/20598\/revisions\/20602"}],"wp:featuredmedia":[{"embeddable":true,"href":"https:\/\/dev.antudigital.cl\/sites\/vc\/wp-json\/wp\/v2\/media\/20599"}],"wp:attachment":[{"href":"https:\/\/dev.antudigital.cl\/sites\/vc\/wp-json\/wp\/v2\/media?parent=20598"}],"wp:term":[{"taxonomy":"category","embeddable":true,"href":"https:\/\/dev.antudigital.cl\/sites\/vc\/wp-json\/wp\/v2\/categories?post=20598"},{"taxonomy":"post_tag","embeddable":true,"href":"https:\/\/dev.antudigital.cl\/sites\/vc\/wp-json\/wp\/v2\/tags?post=20598"}],"curies":[{"name":"wp","href":"https:\/\/api.w.org\/{rel}","templated":true}]}}