{"id":20603,"date":"2024-10-01T01:55:36","date_gmt":"2024-10-01T01:55:36","guid":{"rendered":"https:\/\/www.valparaisocreativo.cl\/?p=20603"},"modified":"2024-10-01T01:55:55","modified_gmt":"2024-10-01T01:55:55","slug":"encuentro-comunitario-de-hip-hop-en-cerro-cordillera","status":"publish","type":"post","link":"https:\/\/dev.antudigital.cl\/sites\/vc\/encuentro-comunitario-de-hip-hop-en-cerro-cordillera\/","title":{"rendered":"Encuentro Comunitario de Hip Hop en Cerro Cordillera"},"content":{"rendered":"\n<p><img decoding=\"async\" alt=\"&#x1f3a4;\" src=\"https:\/\/fonts.gstatic.com\/s\/e\/notoemoji\/15.1\/1f3a4\/32.png\">&nbsp;\u00a1Llega el Encuentro Comunitario de Hip Hop en Cerro Cordillera!&nbsp;<img decoding=\"async\" alt=\"&#x1f3b6;\" src=\"https:\/\/fonts.gstatic.com\/s\/e\/notoemoji\/15.1\/1f3b6\/32.png\"><br>Hip Hop al Patio VOL. 2 est\u00e1 aqu\u00ed y viene cargadito!<\/p>\n\n\n\n<p><img decoding=\"async\" alt=\"&#x1f4c5;\" src=\"https:\/\/fonts.gstatic.com\/s\/e\/notoemoji\/15.1\/1f4c5\/32.png\">&nbsp;Cronograma del evento \/ S\u00e1bado 5 de Octubre:<\/p>\n\n\n\n<p><img decoding=\"async\" alt=\"&#x1f55b;\" src=\"https:\/\/fonts.gstatic.com\/s\/e\/notoemoji\/15.1\/1f55b\/32.png\">&nbsp;12:00 &#8211; 15:30 | Hip Hop al Plato&nbsp;<img decoding=\"async\" alt=\"&#x1f372;\" src=\"https:\/\/fonts.gstatic.com\/s\/e\/notoemoji\/15.1\/1f372\/32.png\"><br>Disfruta de un delicioso plato \u00fanico de lentejas mientras escuchas a&nbsp;<a href=\"https:\/\/www.instagram.com\/_svlvatore\/\" target=\"_blank\" rel=\"noreferrer noopener\">@_svlvatore<\/a>&nbsp;,&nbsp;<a href=\"https:\/\/www.instagram.com\/feminafatal\/\" target=\"_blank\" rel=\"noreferrer noopener\">@feminafatal<\/a>&nbsp; (M\u00e9xico)&nbsp;<a href=\"https:\/\/www.instagram.com\/ojosybocahh\/\" target=\"_blank\" rel=\"noreferrer noopener\">@ojosybocahh<\/a>&nbsp;y&nbsp;<a href=\"https:\/\/www.instagram.com\/__adriada\/\" target=\"_blank\" rel=\"noreferrer noopener\">@__adriada<\/a>&nbsp;en vivo.<br><img decoding=\"async\" alt=\"&#x1f4b5;\" src=\"https:\/\/fonts.gstatic.com\/s\/e\/notoemoji\/15.1\/1f4b5\/32.png\">&nbsp;Costo: $2.500 (plato \u00fanico)<\/p>\n\n\n\n<p><img decoding=\"async\" alt=\"&#x1f553;\" src=\"https:\/\/fonts.gstatic.com\/s\/e\/notoemoji\/15.1\/1f553\/32.png\">&nbsp;16:00 &#8211; 17:30 | Taller de Beat con&nbsp;<a href=\"https:\/\/www.instagram.com\/drohciano\/\" target=\"_blank\" rel=\"noreferrer noopener\">@drohciano<\/a><br>Taller pr\u00e1ctico de producci\u00f3n de beats con el \u00faltimo ganador de&nbsp;<a href=\"https:\/\/www.instagram.com\/beatminds\/\" target=\"_blank\" rel=\"noreferrer noopener\">@beatminds<\/a><br><img decoding=\"async\" alt=\"&#x1f39f;\" src=\"https:\/\/fonts.gstatic.com\/s\/e\/notoemoji\/15.1\/1f39f\/32.png\">&#xfe0f; Aporte sugerido: $2.000 (Cupos limitados)<\/p>\n\n\n\n<p><img decoding=\"async\" alt=\"&#x1f555;\" src=\"https:\/\/fonts.gstatic.com\/s\/e\/notoemoji\/15.1\/1f555\/32.png\">&nbsp;18:00 &#8211; 19:00 | Conversatorio: Marcas en el Hip Hop. La experiencia de&nbsp;<a href=\"https:\/\/www.instagram.com\/pinturas_krack\/\" target=\"_blank\" rel=\"noreferrer noopener\">@pinturas_krack<\/a>&nbsp;.Sus creadores nos estar\u00e1n conversando sobre los detalles de este proyecto.<br><img decoding=\"async\" alt=\"&#x1f4b5;\" src=\"https:\/\/fonts.gstatic.com\/s\/e\/notoemoji\/15.1\/1f4b5\/32.png\">&nbsp;Gratuito<\/p>\n\n\n\n<p><img decoding=\"async\" alt=\"&#x1f556;\" src=\"https:\/\/fonts.gstatic.com\/s\/e\/notoemoji\/15.1\/1f556\/32.png\">&nbsp;19:15 &#8211; 19:45 | Proyecci\u00f3n:&nbsp;<a href=\"https:\/\/www.instagram.com\/simple.damage\/\" target=\"_blank\" rel=\"noreferrer noopener\">@simple.damage<\/a><br>Disfruta de una in\u00e9dita proyecci\u00f3n audiovisual de graffiti.<br><img decoding=\"async\" alt=\"&#x26a1;\" src=\"https:\/\/fonts.gstatic.com\/s\/e\/notoemoji\/15.1\/26a1\/32.png\">&#xfe0f;Gratuito<br>_________________<br><img decoding=\"async\" alt=\"&#x1f557;\" src=\"https:\/\/fonts.gstatic.com\/s\/e\/notoemoji\/15.1\/1f557\/32.png\">&nbsp;20:00 &#8211; 00:00 | Beat set + Ronda Ritual de Freestyle +Teatro+ M\u00fasica en vivo.<\/p>\n\n\n\n<p><img decoding=\"async\" alt=\"&#x1f525;\" src=\"https:\/\/fonts.gstatic.com\/s\/e\/notoemoji\/15.1\/1f525\/32.png\">\u00a1L\u00e1nzate al freestyle colaborativo! Abierto para Bboys y Mc\u2019s, con presentaci\u00f3n de beats.<\/p>\n\n\n\n<p><img decoding=\"async\" alt=\"&#x1f3ad;\" src=\"https:\/\/fonts.gstatic.com\/s\/e\/notoemoji\/15.1\/1f3ad\/32.png\">Teatro: Trailer de la obra: \u00abAnimita, Cantata Rap\u00bb de&nbsp;<a href=\"https:\/\/www.instagram.com\/sinestesia.teatrodelesoprimide\/\" target=\"_blank\" rel=\"noreferrer noopener\">@sinestesia.teatrodelesoprimide<\/a><\/p>\n\n\n\n<p><img decoding=\"async\" alt=\"&#x1f3a4;\" src=\"https:\/\/fonts.gstatic.com\/s\/e\/notoemoji\/15.1\/1f3a4\/32.png\">&nbsp;M\u00fasica en Vivo<br>Cerramos la noche con shows en vivo de&nbsp;<a href=\"https:\/\/www.instagram.com\/hbjotah\/\" target=\"_blank\" rel=\"noreferrer noopener\">@hbjotah<\/a>,&nbsp;<a href=\"https:\/\/www.instagram.com\/polotren1\/\" target=\"_blank\" rel=\"noreferrer noopener\">@polotren1<\/a>&nbsp;(stgo),&nbsp;<a href=\"https:\/\/www.instagram.com\/due_rap\/\" target=\"_blank\" rel=\"noreferrer noopener\">@due_rap<\/a>&nbsp;,&nbsp;<a href=\"https:\/\/www.instagram.com\/wawaestela\/\" target=\"_blank\" rel=\"noreferrer noopener\">@wawaestela<\/a>&nbsp;+&nbsp;<a href=\"https:\/\/www.instagram.com\/black.gato777\/\" target=\"_blank\" rel=\"noreferrer noopener\">@black.gato777<\/a>&nbsp;y @Gronex.ug + Drohciano (stgo).<\/p>\n\n\n\n<p><img decoding=\"async\" alt=\"&#x26a1;\" src=\"https:\/\/fonts.gstatic.com\/s\/e\/notoemoji\/15.1\/26a1\/32.png\">&#xfe0f;Aporte: $3.000 \/ 2x $5.000<br>_______________________<\/p>\n\n\n\n<p>Todo el d\u00eda:<br><img decoding=\"async\" alt=\"&#x1f4cd;\" src=\"https:\/\/fonts.gstatic.com\/s\/e\/notoemoji\/15.1\/1f4cd\/32.png\">&nbsp;Pintura en vivo con Pinturas Krack Crew (Teas, Tren, Jan y m\u00e1s).<\/p>\n\n\n\n<p><img decoding=\"async\" alt=\"&#x1f37d;\" src=\"https:\/\/fonts.gstatic.com\/s\/e\/notoemoji\/15.1\/1f37d\/32.png\">&#xfe0f; Comida y bebestibles disponibles. \u00a1Una actividad familiar para tod@s!<\/p>\n\n\n\n<p>Flyer x&nbsp;<a href=\"https:\/\/www.instagram.com\/undergrooves\/\" target=\"_blank\" rel=\"noreferrer noopener\">@undergrooves<\/a><\/p>\n\n\n\n<figure class=\"wp-block-image size-large\"><img fetchpriority=\"high\" decoding=\"async\" width=\"819\" height=\"1024\" src=\"https:\/\/www.valparaisocreativo.cl\/wp-content\/uploads\/2024\/10\/VOL2-B-819x1024.png\" alt=\"\" class=\"wp-image-20604\" srcset=\"https:\/\/dev.antudigital.cl\/sites\/vc\/wp-content\/uploads\/2024\/10\/VOL2-B-819x1024.png 819w, https:\/\/dev.antudigital.cl\/sites\/vc\/wp-content\/uploads\/2024\/10\/VOL2-B-240x300.png 240w, https:\/\/dev.antudigital.cl\/sites\/vc\/wp-content\/uploads\/2024\/10\/VOL2-B-768x960.png 768w, https:\/\/dev.antudigital.cl\/sites\/vc\/wp-content\/uploads\/2024\/10\/VOL2-B-980x1225.png 980w, https:\/\/dev.antudigital.cl\/sites\/vc\/wp-content\/uploads\/2024\/10\/VOL2-B-480x600.png 480w, https:\/\/dev.antudigital.cl\/sites\/vc\/wp-content\/uploads\/2024\/10\/VOL2-B-19x24.png 19w, https:\/\/dev.antudigital.cl\/sites\/vc\/wp-content\/uploads\/2024\/10\/VOL2-B-29x36.png 29w, https:\/\/dev.antudigital.cl\/sites\/vc\/wp-content\/uploads\/2024\/10\/VOL2-B-38x48.png 38w, https:\/\/dev.antudigital.cl\/sites\/vc\/wp-content\/uploads\/2024\/10\/VOL2-B.png 1080w\" sizes=\"(max-width: 819px) 100vw, 819px\" \/><\/figure>\n","protected":false},"excerpt":{"rendered":"<p>&nbsp;\u00a1Llega el Encuentro Comunitario de Hip Hop en Cerro Cordillera!&nbsp;Hip Hop al Patio VOL. 2 est\u00e1 aqu\u00ed y viene cargadito! &nbsp;Cronograma del evento \/ S\u00e1bado 5 de Octubre: &nbsp;12:00 &#8211; 15:30 | Hip Hop al Plato&nbsp;Disfruta de un delicioso plato \u00fanico de lentejas mientras escuchas a&nbsp;@_svlvatore&nbsp;,&nbsp;@feminafatal&nbsp; (M\u00e9xico)&nbsp;@ojosybocahh&nbsp;y&nbsp;@__adriada&nbsp;en vivo.&nbsp;Costo: $2.500 (plato \u00fanico) &nbsp;16:00 &#8211; 17:30 | [&hellip;]<\/p>\n","protected":false},"author":1,"featured_media":20605,"comment_status":"closed","ping_status":"closed","sticky":false,"template":"","format":"standard","meta":{"_acf_changed":false,"footnotes":""},"categories":[8],"tags":[],"class_list":["post-20603","post","type-post","status-publish","format-standard","has-post-thumbnail","hentry","category-noticia"],"acf":[],"yoast_head":"<!-- This site is optimized with the Yoast SEO plugin v27.1.1 - https:\/\/yoast.com\/product\/yoast-seo-wordpress\/ -->\n<title>Encuentro Comunitario de Hip Hop en Cerro Cordillera - Valpara\u00ed\u00adso Creativo<\/title>\n<meta name=\"robots\" content=\"index, follow, max-snippet:-1, max-image-preview:large, max-video-preview:-1\" \/>\n<link rel=\"canonical\" href=\"https:\/\/dev.antudigital.cl\/sites\/vc\/encuentro-comunitario-de-hip-hop-en-cerro-cordillera\/\" \/>\n<meta property=\"og:locale\" content=\"es_ES\" \/>\n<meta property=\"og:type\" content=\"article\" \/>\n<meta property=\"og:title\" content=\"Encuentro Comunitario de Hip Hop en Cerro Cordillera - Valpara\u00ed\u00adso Creativo\" \/>\n<meta property=\"og:description\" content=\"&nbsp;\u00a1Llega el Encuentro Comunitario de Hip Hop en Cerro Cordillera!&nbsp;Hip Hop al Patio VOL. 2 est\u00e1 aqu\u00ed y viene cargadito! &nbsp;Cronograma del evento \/ S\u00e1bado 5 de Octubre: &nbsp;12:00 &#8211; 15:30 | Hip Hop al Plato&nbsp;Disfruta de un delicioso plato \u00fanico de lentejas mientras escuchas a&nbsp;@_svlvatore&nbsp;,&nbsp;@feminafatal&nbsp; (M\u00e9xico)&nbsp;@ojosybocahh&nbsp;y&nbsp;@__adriada&nbsp;en vivo.&nbsp;Costo: $2.500 (plato \u00fanico) &nbsp;16:00 &#8211; 17:30 | [&hellip;]\" \/>\n<meta property=\"og:url\" content=\"https:\/\/dev.antudigital.cl\/sites\/vc\/encuentro-comunitario-de-hip-hop-en-cerro-cordillera\/\" \/>\n<meta property=\"og:site_name\" content=\"Valpara\u00ed\u00adso Creativo\" \/>\n<meta property=\"article:published_time\" content=\"2024-10-01T01:55:36+00:00\" \/>\n<meta property=\"article:modified_time\" content=\"2024-10-01T01:55:55+00:00\" \/>\n<meta property=\"og:image\" content=\"https:\/\/dev.antudigital.cl\/sites\/vc\/wp-content\/uploads\/2024\/10\/Captura-de-Pantalla-2024-09-30-a-las-22.54.04.png\" \/>\n\t<meta property=\"og:image:width\" content=\"812\" \/>\n\t<meta property=\"og:image:height\" content=\"354\" \/>\n\t<meta property=\"og:image:type\" content=\"image\/png\" \/>\n<meta name=\"author\" content=\"Valpara\u00edso Creativo\" \/>\n<meta name=\"twitter:card\" content=\"summary_large_image\" \/>\n<meta name=\"twitter:label1\" content=\"Escrito por\" \/>\n\t<meta name=\"twitter:data1\" content=\"Valpara\u00edso Creativo\" \/>\n\t<meta name=\"twitter:label2\" content=\"Tiempo de lectura\" \/>\n\t<meta name=\"twitter:data2\" content=\"6 minutos\" \/>\n<script type=\"application\/ld+json\" class=\"yoast-schema-graph\">{\"@context\":\"https:\/\/schema.org\",\"@graph\":[{\"@type\":\"Article\",\"@id\":\"https:\/\/dev.antudigital.cl\/sites\/vc\/encuentro-comunitario-de-hip-hop-en-cerro-cordillera\/#article\",\"isPartOf\":{\"@id\":\"https:\/\/dev.antudigital.cl\/sites\/vc\/encuentro-comunitario-de-hip-hop-en-cerro-cordillera\/\"},\"author\":{\"name\":\"Valpara\u00edso Creativo\",\"@id\":\"https:\/\/dev.antudigital.cl\/sites\/vc\/#\/schema\/person\/c2b9da8dd545e27166fc5ab232837318\"},\"headline\":\"Encuentro Comunitario de Hip Hop en Cerro Cordillera\",\"datePublished\":\"2024-10-01T01:55:36+00:00\",\"dateModified\":\"2024-10-01T01:55:55+00:00\",\"mainEntityOfPage\":{\"@id\":\"https:\/\/dev.antudigital.cl\/sites\/vc\/encuentro-comunitario-de-hip-hop-en-cerro-cordillera\/\"},\"wordCount\":268,\"image\":{\"@id\":\"https:\/\/dev.antudigital.cl\/sites\/vc\/encuentro-comunitario-de-hip-hop-en-cerro-cordillera\/#primaryimage\"},\"thumbnailUrl\":\"https:\/\/dev.antudigital.cl\/sites\/vc\/wp-content\/uploads\/2024\/10\/Captura-de-Pantalla-2024-09-30-a-las-22.54.04.png\",\"articleSection\":[\"Noticia\"],\"inLanguage\":\"es\"},{\"@type\":\"WebPage\",\"@id\":\"https:\/\/dev.antudigital.cl\/sites\/vc\/encuentro-comunitario-de-hip-hop-en-cerro-cordillera\/\",\"url\":\"https:\/\/dev.antudigital.cl\/sites\/vc\/encuentro-comunitario-de-hip-hop-en-cerro-cordillera\/\",\"name\":\"Encuentro Comunitario de Hip Hop en Cerro Cordillera - Valpara\u00ed\u00adso Creativo\",\"isPartOf\":{\"@id\":\"https:\/\/dev.antudigital.cl\/sites\/vc\/#website\"},\"primaryImageOfPage\":{\"@id\":\"https:\/\/dev.antudigital.cl\/sites\/vc\/encuentro-comunitario-de-hip-hop-en-cerro-cordillera\/#primaryimage\"},\"image\":{\"@id\":\"https:\/\/dev.antudigital.cl\/sites\/vc\/encuentro-comunitario-de-hip-hop-en-cerro-cordillera\/#primaryimage\"},\"thumbnailUrl\":\"https:\/\/dev.antudigital.cl\/sites\/vc\/wp-content\/uploads\/2024\/10\/Captura-de-Pantalla-2024-09-30-a-las-22.54.04.png\",\"datePublished\":\"2024-10-01T01:55:36+00:00\",\"dateModified\":\"2024-10-01T01:55:55+00:00\",\"author\":{\"@id\":\"https:\/\/dev.antudigital.cl\/sites\/vc\/#\/schema\/person\/c2b9da8dd545e27166fc5ab232837318\"},\"breadcrumb\":{\"@id\":\"https:\/\/dev.antudigital.cl\/sites\/vc\/encuentro-comunitario-de-hip-hop-en-cerro-cordillera\/#breadcrumb\"},\"inLanguage\":\"es\",\"potentialAction\":[{\"@type\":\"ReadAction\",\"target\":[\"https:\/\/dev.antudigital.cl\/sites\/vc\/encuentro-comunitario-de-hip-hop-en-cerro-cordillera\/\"]}]},{\"@type\":\"ImageObject\",\"inLanguage\":\"es\",\"@id\":\"https:\/\/dev.antudigital.cl\/sites\/vc\/encuentro-comunitario-de-hip-hop-en-cerro-cordillera\/#primaryimage\",\"url\":\"https:\/\/dev.antudigital.cl\/sites\/vc\/wp-content\/uploads\/2024\/10\/Captura-de-Pantalla-2024-09-30-a-las-22.54.04.png\",\"contentUrl\":\"https:\/\/dev.antudigital.cl\/sites\/vc\/wp-content\/uploads\/2024\/10\/Captura-de-Pantalla-2024-09-30-a-las-22.54.04.png\",\"width\":812,\"height\":354},{\"@type\":\"BreadcrumbList\",\"@id\":\"https:\/\/dev.antudigital.cl\/sites\/vc\/encuentro-comunitario-de-hip-hop-en-cerro-cordillera\/#breadcrumb\",\"itemListElement\":[{\"@type\":\"ListItem\",\"position\":1,\"name\":\"Home\",\"item\":\"https:\/\/dev.antudigital.cl\/sites\/vc\/\"},{\"@type\":\"ListItem\",\"position\":2,\"name\":\"Encuentro Comunitario de Hip Hop en Cerro Cordillera\"}]},{\"@type\":\"WebSite\",\"@id\":\"https:\/\/dev.antudigital.cl\/sites\/vc\/#website\",\"url\":\"https:\/\/dev.antudigital.cl\/sites\/vc\/\",\"name\":\"Valpara\u00ed\u00adso Creativo\",\"description\":\"\",\"potentialAction\":[{\"@type\":\"SearchAction\",\"target\":{\"@type\":\"EntryPoint\",\"urlTemplate\":\"https:\/\/dev.antudigital.cl\/sites\/vc\/?s={search_term_string}\"},\"query-input\":{\"@type\":\"PropertyValueSpecification\",\"valueRequired\":true,\"valueName\":\"search_term_string\"}}],\"inLanguage\":\"es\"},{\"@type\":\"Person\",\"@id\":\"https:\/\/dev.antudigital.cl\/sites\/vc\/#\/schema\/person\/c2b9da8dd545e27166fc5ab232837318\",\"name\":\"Valpara\u00edso Creativo\",\"description\":\"Periodista de cultura en la Regi\u00f3n de Valpara\u00edso.\",\"url\":\"https:\/\/dev.antudigital.cl\/sites\/vc\/author\/valpoadmin\/\"}]}<\/script>\n<!-- \/ Yoast SEO plugin. -->","yoast_head_json":{"title":"Encuentro Comunitario de Hip Hop en Cerro Cordillera - Valpara\u00ed\u00adso Creativo","robots":{"index":"index","follow":"follow","max-snippet":"max-snippet:-1","max-image-preview":"max-image-preview:large","max-video-preview":"max-video-preview:-1"},"canonical":"https:\/\/dev.antudigital.cl\/sites\/vc\/encuentro-comunitario-de-hip-hop-en-cerro-cordillera\/","og_locale":"es_ES","og_type":"article","og_title":"Encuentro Comunitario de Hip Hop en Cerro Cordillera - Valpara\u00ed\u00adso Creativo","og_description":"&nbsp;\u00a1Llega el Encuentro Comunitario de Hip Hop en Cerro Cordillera!&nbsp;Hip Hop al Patio VOL. 2 est\u00e1 aqu\u00ed y viene cargadito! &nbsp;Cronograma del evento \/ S\u00e1bado 5 de Octubre: &nbsp;12:00 &#8211; 15:30 | Hip Hop al Plato&nbsp;Disfruta de un delicioso plato \u00fanico de lentejas mientras escuchas a&nbsp;@_svlvatore&nbsp;,&nbsp;@feminafatal&nbsp; (M\u00e9xico)&nbsp;@ojosybocahh&nbsp;y&nbsp;@__adriada&nbsp;en vivo.&nbsp;Costo: $2.500 (plato \u00fanico) &nbsp;16:00 &#8211; 17:30 | [&hellip;]","og_url":"https:\/\/dev.antudigital.cl\/sites\/vc\/encuentro-comunitario-de-hip-hop-en-cerro-cordillera\/","og_site_name":"Valpara\u00ed\u00adso Creativo","article_published_time":"2024-10-01T01:55:36+00:00","article_modified_time":"2024-10-01T01:55:55+00:00","og_image":[{"width":812,"height":354,"url":"https:\/\/dev.antudigital.cl\/sites\/vc\/wp-content\/uploads\/2024\/10\/Captura-de-Pantalla-2024-09-30-a-las-22.54.04.png","type":"image\/png"}],"author":"Valpara\u00edso Creativo","twitter_card":"summary_large_image","twitter_misc":{"Escrito por":"Valpara\u00edso Creativo","Tiempo de lectura":"6 minutos"},"schema":{"@context":"https:\/\/schema.org","@graph":[{"@type":"Article","@id":"https:\/\/dev.antudigital.cl\/sites\/vc\/encuentro-comunitario-de-hip-hop-en-cerro-cordillera\/#article","isPartOf":{"@id":"https:\/\/dev.antudigital.cl\/sites\/vc\/encuentro-comunitario-de-hip-hop-en-cerro-cordillera\/"},"author":{"name":"Valpara\u00edso Creativo","@id":"https:\/\/dev.antudigital.cl\/sites\/vc\/#\/schema\/person\/c2b9da8dd545e27166fc5ab232837318"},"headline":"Encuentro Comunitario de Hip Hop en Cerro Cordillera","datePublished":"2024-10-01T01:55:36+00:00","dateModified":"2024-10-01T01:55:55+00:00","mainEntityOfPage":{"@id":"https:\/\/dev.antudigital.cl\/sites\/vc\/encuentro-comunitario-de-hip-hop-en-cerro-cordillera\/"},"wordCount":268,"image":{"@id":"https:\/\/dev.antudigital.cl\/sites\/vc\/encuentro-comunitario-de-hip-hop-en-cerro-cordillera\/#primaryimage"},"thumbnailUrl":"https:\/\/dev.antudigital.cl\/sites\/vc\/wp-content\/uploads\/2024\/10\/Captura-de-Pantalla-2024-09-30-a-las-22.54.04.png","articleSection":["Noticia"],"inLanguage":"es"},{"@type":"WebPage","@id":"https:\/\/dev.antudigital.cl\/sites\/vc\/encuentro-comunitario-de-hip-hop-en-cerro-cordillera\/","url":"https:\/\/dev.antudigital.cl\/sites\/vc\/encuentro-comunitario-de-hip-hop-en-cerro-cordillera\/","name":"Encuentro Comunitario de Hip Hop en Cerro Cordillera - Valpara\u00ed\u00adso Creativo","isPartOf":{"@id":"https:\/\/dev.antudigital.cl\/sites\/vc\/#website"},"primaryImageOfPage":{"@id":"https:\/\/dev.antudigital.cl\/sites\/vc\/encuentro-comunitario-de-hip-hop-en-cerro-cordillera\/#primaryimage"},"image":{"@id":"https:\/\/dev.antudigital.cl\/sites\/vc\/encuentro-comunitario-de-hip-hop-en-cerro-cordillera\/#primaryimage"},"thumbnailUrl":"https:\/\/dev.antudigital.cl\/sites\/vc\/wp-content\/uploads\/2024\/10\/Captura-de-Pantalla-2024-09-30-a-las-22.54.04.png","datePublished":"2024-10-01T01:55:36+00:00","dateModified":"2024-10-01T01:55:55+00:00","author":{"@id":"https:\/\/dev.antudigital.cl\/sites\/vc\/#\/schema\/person\/c2b9da8dd545e27166fc5ab232837318"},"breadcrumb":{"@id":"https:\/\/dev.antudigital.cl\/sites\/vc\/encuentro-comunitario-de-hip-hop-en-cerro-cordillera\/#breadcrumb"},"inLanguage":"es","potentialAction":[{"@type":"ReadAction","target":["https:\/\/dev.antudigital.cl\/sites\/vc\/encuentro-comunitario-de-hip-hop-en-cerro-cordillera\/"]}]},{"@type":"ImageObject","inLanguage":"es","@id":"https:\/\/dev.antudigital.cl\/sites\/vc\/encuentro-comunitario-de-hip-hop-en-cerro-cordillera\/#primaryimage","url":"https:\/\/dev.antudigital.cl\/sites\/vc\/wp-content\/uploads\/2024\/10\/Captura-de-Pantalla-2024-09-30-a-las-22.54.04.png","contentUrl":"https:\/\/dev.antudigital.cl\/sites\/vc\/wp-content\/uploads\/2024\/10\/Captura-de-Pantalla-2024-09-30-a-las-22.54.04.png","width":812,"height":354},{"@type":"BreadcrumbList","@id":"https:\/\/dev.antudigital.cl\/sites\/vc\/encuentro-comunitario-de-hip-hop-en-cerro-cordillera\/#breadcrumb","itemListElement":[{"@type":"ListItem","position":1,"name":"Home","item":"https:\/\/dev.antudigital.cl\/sites\/vc\/"},{"@type":"ListItem","position":2,"name":"Encuentro Comunitario de Hip Hop en Cerro Cordillera"}]},{"@type":"WebSite","@id":"https:\/\/dev.antudigital.cl\/sites\/vc\/#website","url":"https:\/\/dev.antudigital.cl\/sites\/vc\/","name":"Valpara\u00ed\u00adso Creativo","description":"","potentialAction":[{"@type":"SearchAction","target":{"@type":"EntryPoint","urlTemplate":"https:\/\/dev.antudigital.cl\/sites\/vc\/?s={search_term_string}"},"query-input":{"@type":"PropertyValueSpecification","valueRequired":true,"valueName":"search_term_string"}}],"inLanguage":"es"},{"@type":"Person","@id":"https:\/\/dev.antudigital.cl\/sites\/vc\/#\/schema\/person\/c2b9da8dd545e27166fc5ab232837318","name":"Valpara\u00edso Creativo","description":"Periodista de cultura en la Regi\u00f3n de Valpara\u00edso.","url":"https:\/\/dev.antudigital.cl\/sites\/vc\/author\/valpoadmin\/"}]}},"_links":{"self":[{"href":"https:\/\/dev.antudigital.cl\/sites\/vc\/wp-json\/wp\/v2\/posts\/20603","targetHints":{"allow":["GET"]}}],"collection":[{"href":"https:\/\/dev.antudigital.cl\/sites\/vc\/wp-json\/wp\/v2\/posts"}],"about":[{"href":"https:\/\/dev.antudigital.cl\/sites\/vc\/wp-json\/wp\/v2\/types\/post"}],"author":[{"embeddable":true,"href":"https:\/\/dev.antudigital.cl\/sites\/vc\/wp-json\/wp\/v2\/users\/1"}],"replies":[{"embeddable":true,"href":"https:\/\/dev.antudigital.cl\/sites\/vc\/wp-json\/wp\/v2\/comments?post=20603"}],"version-history":[{"count":1,"href":"https:\/\/dev.antudigital.cl\/sites\/vc\/wp-json\/wp\/v2\/posts\/20603\/revisions"}],"predecessor-version":[{"id":20606,"href":"https:\/\/dev.antudigital.cl\/sites\/vc\/wp-json\/wp\/v2\/posts\/20603\/revisions\/20606"}],"wp:featuredmedia":[{"embeddable":true,"href":"https:\/\/dev.antudigital.cl\/sites\/vc\/wp-json\/wp\/v2\/media\/20605"}],"wp:attachment":[{"href":"https:\/\/dev.antudigital.cl\/sites\/vc\/wp-json\/wp\/v2\/media?parent=20603"}],"wp:term":[{"taxonomy":"category","embeddable":true,"href":"https:\/\/dev.antudigital.cl\/sites\/vc\/wp-json\/wp\/v2\/categories?post=20603"},{"taxonomy":"post_tag","embeddable":true,"href":"https:\/\/dev.antudigital.cl\/sites\/vc\/wp-json\/wp\/v2\/tags?post=20603"}],"curies":[{"name":"wp","href":"https:\/\/api.w.org\/{rel}","templated":true}]}}