{"id":20607,"date":"2024-10-01T02:00:09","date_gmt":"2024-10-01T02:00:09","guid":{"rendered":"https:\/\/www.valparaisocreativo.cl\/?p=20607"},"modified":"2024-10-01T02:00:27","modified_gmt":"2024-10-01T02:00:27","slug":"fabi-lanza-sencillo-en-colaboracion-con-lorena-blume","status":"publish","type":"post","link":"https:\/\/dev.antudigital.cl\/sites\/vc\/fabi-lanza-sencillo-en-colaboracion-con-lorena-blume\/","title":{"rendered":"FABI lanza sencillo en colaboraci\u00f3n con Lorena Blume"},"content":{"rendered":"\n<p>El m\u00fasico porte\u00f1o estrena el primer sencillo de su nuevo \u00e1lbum: \u201cPERDER\u201d<\/p>\n\n\n\n<p>FABI, oriundo de Valpara\u00edso, se ha desenvuelto como compositor de diferentes agrupaciones como la Ajayu, Habitante, Orquesta Andina, la Orquesta Municipal de Quilpu\u00e9, entre otros, as\u00ed como tambi\u00e9n ha compuesto para instrumentos solistas y otros grupos de c\u00e1mara de tradici\u00f3n docta. Tambi\u00e9n ha participado como m\u00fasico de sesi\u00f3n en la grabaciones de los discos de: Ajayu, Franssia Villalobos, Orquesta Andina, Carla Casas Cordero, Camilo G\u00f3mez, Nico Carre\u00f1o, Ver\u00f3, entre otros.&nbsp;<\/p>\n\n\n\n<p>En cuanto a su proyecto solista, lleva&nbsp; 4 LP a su haber con car\u00e1cteres completamente dis\u00edmiles entre s\u00ed, adem\u00e1s de algunas colaboraciones con artistas como Mora Lucay y Nico Carre\u00f1o. Este a\u00f1o lanza un nuevo \u00e1lbum y \u201cNo me echo pa\u2019 atr\u00e1s\u201d es la canci\u00f3n que le abre el paso.<\/p>\n\n\n\n<p>Este primer sencillo, que cuenta con la colaboraci\u00f3n estelar de la cantautora peruana Lorena Blume, nos habla del anhelo de determinaci\u00f3n propia ante los comentarios y opiniones de la gente que nos hacen dudar de nuestro propios deseos y decisiones; a trav\u00e9s de la energ\u00eda vivaz, movediza y hasta un poco burlona que propone su m\u00fasica \u2013dada por el contraste de un <em>pop<\/em> de corte m\u00e1s <em>indie<\/em> con un estilo tan bailable como el <em>house<\/em>\u2013 \u201cNo me echo pa\u2019 atr\u00e1s\u201d nos invita a nunca retroceder ante lo que sentimos, lo que deseamos y lo que pensamos. Finalmente, esta canci\u00f3n f\u00e1cilmente se transforma en una especie de mantra que podr\u00edas corear de aqu\u00ed hasta la eternidad: \u201cno me voy a echar pa\u2019 atr\u00e1s, no me echo pa atr\u00e1s, no me echo pa\u2019 atr\u00e1s\u201d.<\/p>\n\n\n\n<figure class=\"wp-block-embed is-type-rich is-provider-spotify wp-block-embed-spotify wp-embed-aspect-21-9 wp-has-aspect-ratio\"><div class=\"wp-block-embed__wrapper\">\n<iframe title=\"Spotify Embed: No Me Echo Pa&amp;apos; Atr\u00e1s\" style=\"border-radius: 12px\" width=\"100%\" height=\"152\" frameborder=\"0\" allowfullscreen allow=\"autoplay; clipboard-write; encrypted-media; fullscreen; picture-in-picture\" loading=\"lazy\" src=\"https:\/\/open.spotify.com\/embed\/track\/3OvM2cjdWcx00yz1NlMon8?si=aacdebe97a0547b2&#038;utm_source=oembed\"><\/iframe>\n<\/div><\/figure>\n","protected":false},"excerpt":{"rendered":"<p>El m\u00fasico porte\u00f1o estrena el primer sencillo de su nuevo \u00e1lbum: \u201cPERDER\u201d FABI, oriundo de Valpara\u00edso, se ha desenvuelto como compositor de diferentes agrupaciones como la Ajayu, Habitante, Orquesta Andina, la Orquesta Municipal de Quilpu\u00e9, entre otros, as\u00ed como tambi\u00e9n ha compuesto para instrumentos solistas y otros grupos de c\u00e1mara de tradici\u00f3n docta. Tambi\u00e9n ha [&hellip;]<\/p>\n","protected":false},"author":1,"featured_media":11767,"comment_status":"closed","ping_status":"closed","sticky":false,"template":"","format":"standard","meta":{"_acf_changed":false,"footnotes":""},"categories":[8],"tags":[],"class_list":["post-20607","post","type-post","status-publish","format-standard","has-post-thumbnail","hentry","category-noticia"],"acf":[],"yoast_head":"<!-- This site is optimized with the Yoast SEO plugin v27.1.1 - https:\/\/yoast.com\/product\/yoast-seo-wordpress\/ -->\n<title>FABI lanza sencillo en colaboraci\u00f3n con Lorena Blume - Valpara\u00ed\u00adso Creativo<\/title>\n<meta name=\"robots\" content=\"index, follow, max-snippet:-1, max-image-preview:large, max-video-preview:-1\" \/>\n<link rel=\"canonical\" href=\"https:\/\/dev.antudigital.cl\/sites\/vc\/fabi-lanza-sencillo-en-colaboracion-con-lorena-blume\/\" \/>\n<meta property=\"og:locale\" content=\"es_ES\" \/>\n<meta property=\"og:type\" content=\"article\" \/>\n<meta property=\"og:title\" content=\"FABI lanza sencillo en colaboraci\u00f3n con Lorena Blume - Valpara\u00ed\u00adso Creativo\" \/>\n<meta property=\"og:description\" content=\"El m\u00fasico porte\u00f1o estrena el primer sencillo de su nuevo \u00e1lbum: \u201cPERDER\u201d FABI, oriundo de Valpara\u00edso, se ha desenvuelto como compositor de diferentes agrupaciones como la Ajayu, Habitante, Orquesta Andina, la Orquesta Municipal de Quilpu\u00e9, entre otros, as\u00ed como tambi\u00e9n ha compuesto para instrumentos solistas y otros grupos de c\u00e1mara de tradici\u00f3n docta. Tambi\u00e9n ha [&hellip;]\" \/>\n<meta property=\"og:url\" content=\"https:\/\/dev.antudigital.cl\/sites\/vc\/fabi-lanza-sencillo-en-colaboracion-con-lorena-blume\/\" \/>\n<meta property=\"og:site_name\" content=\"Valpara\u00ed\u00adso Creativo\" \/>\n<meta property=\"article:published_time\" content=\"2024-10-01T02:00:09+00:00\" \/>\n<meta property=\"article:modified_time\" content=\"2024-10-01T02:00:27+00:00\" \/>\n<meta property=\"og:image\" content=\"https:\/\/dev.antudigital.cl\/sites\/vc\/wp-content\/uploads\/2022\/10\/Fabi_187-scaled.jpg\" \/>\n\t<meta property=\"og:image:width\" content=\"2560\" \/>\n\t<meta property=\"og:image:height\" content=\"1709\" \/>\n\t<meta property=\"og:image:type\" content=\"image\/jpeg\" \/>\n<meta name=\"author\" content=\"Valpara\u00edso Creativo\" \/>\n<meta name=\"twitter:card\" content=\"summary_large_image\" \/>\n<meta name=\"twitter:label1\" content=\"Escrito por\" \/>\n\t<meta name=\"twitter:data1\" content=\"Valpara\u00edso Creativo\" \/>\n\t<meta name=\"twitter:label2\" content=\"Tiempo de lectura\" \/>\n\t<meta name=\"twitter:data2\" content=\"2 minutos\" \/>\n<script type=\"application\/ld+json\" class=\"yoast-schema-graph\">{\"@context\":\"https:\/\/schema.org\",\"@graph\":[{\"@type\":\"Article\",\"@id\":\"https:\/\/dev.antudigital.cl\/sites\/vc\/fabi-lanza-sencillo-en-colaboracion-con-lorena-blume\/#article\",\"isPartOf\":{\"@id\":\"https:\/\/dev.antudigital.cl\/sites\/vc\/fabi-lanza-sencillo-en-colaboracion-con-lorena-blume\/\"},\"author\":{\"name\":\"Valpara\u00edso Creativo\",\"@id\":\"https:\/\/dev.antudigital.cl\/sites\/vc\/#\/schema\/person\/c2b9da8dd545e27166fc5ab232837318\"},\"headline\":\"FABI lanza sencillo en colaboraci\u00f3n con Lorena Blume\",\"datePublished\":\"2024-10-01T02:00:09+00:00\",\"dateModified\":\"2024-10-01T02:00:27+00:00\",\"mainEntityOfPage\":{\"@id\":\"https:\/\/dev.antudigital.cl\/sites\/vc\/fabi-lanza-sencillo-en-colaboracion-con-lorena-blume\/\"},\"wordCount\":319,\"image\":{\"@id\":\"https:\/\/dev.antudigital.cl\/sites\/vc\/fabi-lanza-sencillo-en-colaboracion-con-lorena-blume\/#primaryimage\"},\"thumbnailUrl\":\"https:\/\/dev.antudigital.cl\/sites\/vc\/wp-content\/uploads\/2022\/10\/Fabi_187-scaled.jpg\",\"articleSection\":[\"Noticia\"],\"inLanguage\":\"es\"},{\"@type\":\"WebPage\",\"@id\":\"https:\/\/dev.antudigital.cl\/sites\/vc\/fabi-lanza-sencillo-en-colaboracion-con-lorena-blume\/\",\"url\":\"https:\/\/dev.antudigital.cl\/sites\/vc\/fabi-lanza-sencillo-en-colaboracion-con-lorena-blume\/\",\"name\":\"FABI lanza sencillo en colaboraci\u00f3n con Lorena Blume - Valpara\u00ed\u00adso Creativo\",\"isPartOf\":{\"@id\":\"https:\/\/dev.antudigital.cl\/sites\/vc\/#website\"},\"primaryImageOfPage\":{\"@id\":\"https:\/\/dev.antudigital.cl\/sites\/vc\/fabi-lanza-sencillo-en-colaboracion-con-lorena-blume\/#primaryimage\"},\"image\":{\"@id\":\"https:\/\/dev.antudigital.cl\/sites\/vc\/fabi-lanza-sencillo-en-colaboracion-con-lorena-blume\/#primaryimage\"},\"thumbnailUrl\":\"https:\/\/dev.antudigital.cl\/sites\/vc\/wp-content\/uploads\/2022\/10\/Fabi_187-scaled.jpg\",\"datePublished\":\"2024-10-01T02:00:09+00:00\",\"dateModified\":\"2024-10-01T02:00:27+00:00\",\"author\":{\"@id\":\"https:\/\/dev.antudigital.cl\/sites\/vc\/#\/schema\/person\/c2b9da8dd545e27166fc5ab232837318\"},\"breadcrumb\":{\"@id\":\"https:\/\/dev.antudigital.cl\/sites\/vc\/fabi-lanza-sencillo-en-colaboracion-con-lorena-blume\/#breadcrumb\"},\"inLanguage\":\"es\",\"potentialAction\":[{\"@type\":\"ReadAction\",\"target\":[\"https:\/\/dev.antudigital.cl\/sites\/vc\/fabi-lanza-sencillo-en-colaboracion-con-lorena-blume\/\"]}]},{\"@type\":\"ImageObject\",\"inLanguage\":\"es\",\"@id\":\"https:\/\/dev.antudigital.cl\/sites\/vc\/fabi-lanza-sencillo-en-colaboracion-con-lorena-blume\/#primaryimage\",\"url\":\"https:\/\/dev.antudigital.cl\/sites\/vc\/wp-content\/uploads\/2022\/10\/Fabi_187-scaled.jpg\",\"contentUrl\":\"https:\/\/dev.antudigital.cl\/sites\/vc\/wp-content\/uploads\/2022\/10\/Fabi_187-scaled.jpg\",\"width\":2560,\"height\":1709},{\"@type\":\"BreadcrumbList\",\"@id\":\"https:\/\/dev.antudigital.cl\/sites\/vc\/fabi-lanza-sencillo-en-colaboracion-con-lorena-blume\/#breadcrumb\",\"itemListElement\":[{\"@type\":\"ListItem\",\"position\":1,\"name\":\"Home\",\"item\":\"https:\/\/dev.antudigital.cl\/sites\/vc\/\"},{\"@type\":\"ListItem\",\"position\":2,\"name\":\"FABI lanza sencillo en colaboraci\u00f3n con Lorena Blume\"}]},{\"@type\":\"WebSite\",\"@id\":\"https:\/\/dev.antudigital.cl\/sites\/vc\/#website\",\"url\":\"https:\/\/dev.antudigital.cl\/sites\/vc\/\",\"name\":\"Valpara\u00ed\u00adso Creativo\",\"description\":\"\",\"potentialAction\":[{\"@type\":\"SearchAction\",\"target\":{\"@type\":\"EntryPoint\",\"urlTemplate\":\"https:\/\/dev.antudigital.cl\/sites\/vc\/?s={search_term_string}\"},\"query-input\":{\"@type\":\"PropertyValueSpecification\",\"valueRequired\":true,\"valueName\":\"search_term_string\"}}],\"inLanguage\":\"es\"},{\"@type\":\"Person\",\"@id\":\"https:\/\/dev.antudigital.cl\/sites\/vc\/#\/schema\/person\/c2b9da8dd545e27166fc5ab232837318\",\"name\":\"Valpara\u00edso Creativo\",\"description\":\"Periodista de cultura en la Regi\u00f3n de Valpara\u00edso.\",\"url\":\"https:\/\/dev.antudigital.cl\/sites\/vc\/author\/valpoadmin\/\"}]}<\/script>\n<!-- \/ Yoast SEO plugin. -->","yoast_head_json":{"title":"FABI lanza sencillo en colaboraci\u00f3n con Lorena Blume - Valpara\u00ed\u00adso Creativo","robots":{"index":"index","follow":"follow","max-snippet":"max-snippet:-1","max-image-preview":"max-image-preview:large","max-video-preview":"max-video-preview:-1"},"canonical":"https:\/\/dev.antudigital.cl\/sites\/vc\/fabi-lanza-sencillo-en-colaboracion-con-lorena-blume\/","og_locale":"es_ES","og_type":"article","og_title":"FABI lanza sencillo en colaboraci\u00f3n con Lorena Blume - Valpara\u00ed\u00adso Creativo","og_description":"El m\u00fasico porte\u00f1o estrena el primer sencillo de su nuevo \u00e1lbum: \u201cPERDER\u201d FABI, oriundo de Valpara\u00edso, se ha desenvuelto como compositor de diferentes agrupaciones como la Ajayu, Habitante, Orquesta Andina, la Orquesta Municipal de Quilpu\u00e9, entre otros, as\u00ed como tambi\u00e9n ha compuesto para instrumentos solistas y otros grupos de c\u00e1mara de tradici\u00f3n docta. Tambi\u00e9n ha [&hellip;]","og_url":"https:\/\/dev.antudigital.cl\/sites\/vc\/fabi-lanza-sencillo-en-colaboracion-con-lorena-blume\/","og_site_name":"Valpara\u00ed\u00adso Creativo","article_published_time":"2024-10-01T02:00:09+00:00","article_modified_time":"2024-10-01T02:00:27+00:00","og_image":[{"width":2560,"height":1709,"url":"https:\/\/dev.antudigital.cl\/sites\/vc\/wp-content\/uploads\/2022\/10\/Fabi_187-scaled.jpg","type":"image\/jpeg"}],"author":"Valpara\u00edso Creativo","twitter_card":"summary_large_image","twitter_misc":{"Escrito por":"Valpara\u00edso Creativo","Tiempo de lectura":"2 minutos"},"schema":{"@context":"https:\/\/schema.org","@graph":[{"@type":"Article","@id":"https:\/\/dev.antudigital.cl\/sites\/vc\/fabi-lanza-sencillo-en-colaboracion-con-lorena-blume\/#article","isPartOf":{"@id":"https:\/\/dev.antudigital.cl\/sites\/vc\/fabi-lanza-sencillo-en-colaboracion-con-lorena-blume\/"},"author":{"name":"Valpara\u00edso Creativo","@id":"https:\/\/dev.antudigital.cl\/sites\/vc\/#\/schema\/person\/c2b9da8dd545e27166fc5ab232837318"},"headline":"FABI lanza sencillo en colaboraci\u00f3n con Lorena Blume","datePublished":"2024-10-01T02:00:09+00:00","dateModified":"2024-10-01T02:00:27+00:00","mainEntityOfPage":{"@id":"https:\/\/dev.antudigital.cl\/sites\/vc\/fabi-lanza-sencillo-en-colaboracion-con-lorena-blume\/"},"wordCount":319,"image":{"@id":"https:\/\/dev.antudigital.cl\/sites\/vc\/fabi-lanza-sencillo-en-colaboracion-con-lorena-blume\/#primaryimage"},"thumbnailUrl":"https:\/\/dev.antudigital.cl\/sites\/vc\/wp-content\/uploads\/2022\/10\/Fabi_187-scaled.jpg","articleSection":["Noticia"],"inLanguage":"es"},{"@type":"WebPage","@id":"https:\/\/dev.antudigital.cl\/sites\/vc\/fabi-lanza-sencillo-en-colaboracion-con-lorena-blume\/","url":"https:\/\/dev.antudigital.cl\/sites\/vc\/fabi-lanza-sencillo-en-colaboracion-con-lorena-blume\/","name":"FABI lanza sencillo en colaboraci\u00f3n con Lorena Blume - Valpara\u00ed\u00adso Creativo","isPartOf":{"@id":"https:\/\/dev.antudigital.cl\/sites\/vc\/#website"},"primaryImageOfPage":{"@id":"https:\/\/dev.antudigital.cl\/sites\/vc\/fabi-lanza-sencillo-en-colaboracion-con-lorena-blume\/#primaryimage"},"image":{"@id":"https:\/\/dev.antudigital.cl\/sites\/vc\/fabi-lanza-sencillo-en-colaboracion-con-lorena-blume\/#primaryimage"},"thumbnailUrl":"https:\/\/dev.antudigital.cl\/sites\/vc\/wp-content\/uploads\/2022\/10\/Fabi_187-scaled.jpg","datePublished":"2024-10-01T02:00:09+00:00","dateModified":"2024-10-01T02:00:27+00:00","author":{"@id":"https:\/\/dev.antudigital.cl\/sites\/vc\/#\/schema\/person\/c2b9da8dd545e27166fc5ab232837318"},"breadcrumb":{"@id":"https:\/\/dev.antudigital.cl\/sites\/vc\/fabi-lanza-sencillo-en-colaboracion-con-lorena-blume\/#breadcrumb"},"inLanguage":"es","potentialAction":[{"@type":"ReadAction","target":["https:\/\/dev.antudigital.cl\/sites\/vc\/fabi-lanza-sencillo-en-colaboracion-con-lorena-blume\/"]}]},{"@type":"ImageObject","inLanguage":"es","@id":"https:\/\/dev.antudigital.cl\/sites\/vc\/fabi-lanza-sencillo-en-colaboracion-con-lorena-blume\/#primaryimage","url":"https:\/\/dev.antudigital.cl\/sites\/vc\/wp-content\/uploads\/2022\/10\/Fabi_187-scaled.jpg","contentUrl":"https:\/\/dev.antudigital.cl\/sites\/vc\/wp-content\/uploads\/2022\/10\/Fabi_187-scaled.jpg","width":2560,"height":1709},{"@type":"BreadcrumbList","@id":"https:\/\/dev.antudigital.cl\/sites\/vc\/fabi-lanza-sencillo-en-colaboracion-con-lorena-blume\/#breadcrumb","itemListElement":[{"@type":"ListItem","position":1,"name":"Home","item":"https:\/\/dev.antudigital.cl\/sites\/vc\/"},{"@type":"ListItem","position":2,"name":"FABI lanza sencillo en colaboraci\u00f3n con Lorena Blume"}]},{"@type":"WebSite","@id":"https:\/\/dev.antudigital.cl\/sites\/vc\/#website","url":"https:\/\/dev.antudigital.cl\/sites\/vc\/","name":"Valpara\u00ed\u00adso Creativo","description":"","potentialAction":[{"@type":"SearchAction","target":{"@type":"EntryPoint","urlTemplate":"https:\/\/dev.antudigital.cl\/sites\/vc\/?s={search_term_string}"},"query-input":{"@type":"PropertyValueSpecification","valueRequired":true,"valueName":"search_term_string"}}],"inLanguage":"es"},{"@type":"Person","@id":"https:\/\/dev.antudigital.cl\/sites\/vc\/#\/schema\/person\/c2b9da8dd545e27166fc5ab232837318","name":"Valpara\u00edso Creativo","description":"Periodista de cultura en la Regi\u00f3n de Valpara\u00edso.","url":"https:\/\/dev.antudigital.cl\/sites\/vc\/author\/valpoadmin\/"}]}},"_links":{"self":[{"href":"https:\/\/dev.antudigital.cl\/sites\/vc\/wp-json\/wp\/v2\/posts\/20607","targetHints":{"allow":["GET"]}}],"collection":[{"href":"https:\/\/dev.antudigital.cl\/sites\/vc\/wp-json\/wp\/v2\/posts"}],"about":[{"href":"https:\/\/dev.antudigital.cl\/sites\/vc\/wp-json\/wp\/v2\/types\/post"}],"author":[{"embeddable":true,"href":"https:\/\/dev.antudigital.cl\/sites\/vc\/wp-json\/wp\/v2\/users\/1"}],"replies":[{"embeddable":true,"href":"https:\/\/dev.antudigital.cl\/sites\/vc\/wp-json\/wp\/v2\/comments?post=20607"}],"version-history":[{"count":1,"href":"https:\/\/dev.antudigital.cl\/sites\/vc\/wp-json\/wp\/v2\/posts\/20607\/revisions"}],"predecessor-version":[{"id":20608,"href":"https:\/\/dev.antudigital.cl\/sites\/vc\/wp-json\/wp\/v2\/posts\/20607\/revisions\/20608"}],"wp:featuredmedia":[{"embeddable":true,"href":"https:\/\/dev.antudigital.cl\/sites\/vc\/wp-json\/wp\/v2\/media\/11767"}],"wp:attachment":[{"href":"https:\/\/dev.antudigital.cl\/sites\/vc\/wp-json\/wp\/v2\/media?parent=20607"}],"wp:term":[{"taxonomy":"category","embeddable":true,"href":"https:\/\/dev.antudigital.cl\/sites\/vc\/wp-json\/wp\/v2\/categories?post=20607"},{"taxonomy":"post_tag","embeddable":true,"href":"https:\/\/dev.antudigital.cl\/sites\/vc\/wp-json\/wp\/v2\/tags?post=20607"}],"curies":[{"name":"wp","href":"https:\/\/api.w.org\/{rel}","templated":true}]}}