{"id":20609,"date":"2024-10-01T02:07:10","date_gmt":"2024-10-01T02:07:10","guid":{"rendered":"https:\/\/www.valparaisocreativo.cl\/?p=20609"},"modified":"2024-10-01T02:07:28","modified_gmt":"2024-10-01T02:07:28","slug":"cartografia-litoral-de-los-poetas","status":"publish","type":"post","link":"https:\/\/dev.antudigital.cl\/sites\/vc\/cartografia-litoral-de-los-poetas\/","title":{"rendered":"Cartograf\u00eda Litoral de los Poetas"},"content":{"rendered":"\n<p>Se invita a los ilustradores oriundos y\/o residentes del Litoral de los Poetas a participar en un concurso para crear una infograf\u00eda cartogr\u00e1fica que destaque el patrimonio material e inmaterial y los puntos de inter\u00e9s tur\u00edstico de esta emblem\u00e1tica ruta cultural.<\/p>\n\n\n\n<p><strong>ORGANIZA:<\/strong> La Secretar\u00eda Regional Ministerial de las Culturas, las Artes y el Patrimonio de la Regi\u00f3n de Valpara\u00edso.<br><br><strong>OBJETIVOS<\/strong><br><strong>1. Fomentar la participaci\u00f3n local:<\/strong> Promover la participaci\u00f3n de ilustradores locales en la promoci\u00f3n cultural y tur\u00edstica de la regi\u00f3n.<br>2. <strong>Resaltar el patrimonio y atractivos tur\u00edsticos:<\/strong> Seleccionar propuestas que resalte los hitos del patrimonio y los atractivos tur\u00edsticos del Litoral de los Poetas.<br>3. <strong>Crear una ilustraci\u00f3n de una cartograf\u00eda del litoral de los poetas visualmente atractiva:<\/strong> Desarrollar una infograf\u00eda cartogr\u00e1fica que combine creatividad, precisi\u00f3n y atractivo visual.<br><br><strong>REQUISITOS<\/strong><br>1. Ser <strong>oriundo y\/o residente<\/strong> del Litoral de los Poetas.<br>2. Presentar una <strong>propuesta escrita<\/strong> que detalle la visi\u00f3n y enfoque del proyecto.<br>3. Incluir un <strong>dossier de ilustraciones<\/strong> que demuestren el estilo y calidad del trabajo.<br>4. Adjuntar un <strong>curr\u00edculum vitae<\/strong> que resuma la experiencia en la creaci\u00f3n de infograf\u00edas y proyectos similares.<br>5. Propuesta de <strong>paleta de colores<\/strong> para el proyecto.<br><br><strong>DOCUMENTACI\u00d3N REQUERIDA<\/strong><br>1. <strong>Propuesta Escrita: <\/strong>Descripci\u00f3n de la visi\u00f3n del proyecto, metodolog\u00eda de trabajo, y enfoque para abordar los elementos patrimoniales y tur\u00edsticos del Litoral de los Poetas, incluyendo la paleta de colores.<br>2. <strong>Dossier de Ilustraciones:<\/strong> Ejemplos de trabajos previos que reflejen el estilo y calidad de las ilustraciones propuestas, con un m\u00ednimo de cinco ilustraciones.<br>3. <strong>Curr\u00edculum Vitae:<\/strong> Resumen de la experiencia profesional, destacando proyectos relacionados con infograf\u00edas, ilustraciones cartogr\u00e1ficas y otras experiencias relevantes.<br>4. <strong>Paleta de colores:<\/strong> Propuesta de colores a utilizar en la ilustraci\u00f3n.<br><br><strong>PROCESO DE SELECCI\u00d3N<\/strong><br>1. <strong>Recepci\u00f3n de Propuestas:<\/strong> Las propuestas deben ser enviadas por formulario google hasta el 7 de octubre a las 23:59.<br>2. <strong>Evaluaci\u00f3n Preliminar: <\/strong>Un comit\u00e9 evaluador revisar\u00e1 todas las propuestas y seleccionar\u00e1 aquellas que cumplan con los requisitos.<br>3. <strong>Fase de Pitch:<\/strong> Las propuestas pasar\u00e1n a una fase final donde deber\u00e1n presentar un pitch, un relato o presentaci\u00f3n breve, que permita identificar las ideas clave de su soluci\u00f3n y comunicar de forma atractiva y sint\u00e9tica el valor que ofrece su idea y producto final.<br>4. <strong>Selecci\u00f3n Final:<\/strong> El comit\u00e9 evaluador selecciona la mejor propuesta para que se realice la ilustraci\u00f3n.<br><br><strong>CRITERIOS DE EVALUACI\u00d3N<\/strong><br>1. <strong>Creatividad y Originalidad:<\/strong> Innovaci\u00f3n en el enfoque y estilo de las ilustraciones.<br>2. <strong>Calidad T\u00e9cnica:<\/strong> Dominio de t\u00e9cnicas de ilustraci\u00f3n y claridad en la comunicaci\u00f3n visual.<br>3. <strong>Relevancia:<\/strong> Adecuaci\u00f3n de la propuesta al tema del Litoral de los Poetas.<br>4. <strong>Viabilidad:<\/strong> Factibilidad del proyecto en t\u00e9rminos de tiempo y recursos.<br>5. <strong>Pitch:<\/strong> Capacidad para comunicar de forma atractiva y sint\u00e9tica las ideas clave y el valor del proyecto.<br><br><strong>JURADO:<\/strong> El jurado estar\u00e1 compuesto por representantes de organizaciones e instituciones que participaron en el encuentro de cartograf\u00eda participativa del litoral de los poetas.<br><br><strong>RESULTADO:<\/strong> Compra de la obra de ilustraci\u00f3n de la infograf\u00eda cartogr\u00e1fica del Litoral de los Poetas seleccionada por un monto de $1.000.000 CLP.<br><br><strong>CRONOGRAMA<\/strong><br>\u00b7 <strong>Recepci\u00f3n de Propuestas:<\/strong> Hasta el 07 de octubre a las 23:59.<br>\u00b7 <strong>Evaluaci\u00f3n Preliminar:<\/strong> 11 de octubre.<br>\u00b7 <strong>Fase de Pitch:<\/strong> 17 de octubre.<br>\u00b7 <strong>Anuncio del Ganador:<\/strong> 18 de octubre.<br>\u00b7 <strong>Entrega de Obra:<\/strong> 18 de noviembre.<br><br><strong>CONSULTAS<\/strong>: Para cualquier consulta, pueden escribirnos al correo electr\u00f3nico: nashki.nahuel@cultura.gob.cl.<\/p>\n\n\n\n<p>Inscr\u00edbete aqu\u00ed: <a href=\"https:\/\/forms.gle\/V9Uvr2iDqZfdryB27\" target=\"_blank\" rel=\"noreferrer noopener\">https:\/\/forms.gle\/V9Uvr2iDqZfdryB27<\/a><\/p>\n","protected":false},"excerpt":{"rendered":"<p>Se invita a los ilustradores oriundos y\/o residentes del Litoral de los Poetas a participar en un concurso para crear una infograf\u00eda cartogr\u00e1fica que destaque el patrimonio material e inmaterial y los puntos de inter\u00e9s tur\u00edstico de esta emblem\u00e1tica ruta cultural. ORGANIZA: La Secretar\u00eda Regional Ministerial de las Culturas, las Artes y el Patrimonio de [&hellip;]<\/p>\n","protected":false},"author":1,"featured_media":20610,"comment_status":"closed","ping_status":"closed","sticky":false,"template":"","format":"standard","meta":{"_acf_changed":false,"footnotes":""},"categories":[8],"tags":[],"class_list":["post-20609","post","type-post","status-publish","format-standard","has-post-thumbnail","hentry","category-noticia"],"acf":[],"yoast_head":"<!-- This site is optimized with the Yoast SEO plugin v27.1.1 - https:\/\/yoast.com\/product\/yoast-seo-wordpress\/ -->\n<title>Cartograf\u00eda Litoral de los Poetas - Valpara\u00ed\u00adso Creativo<\/title>\n<meta name=\"robots\" content=\"index, follow, max-snippet:-1, max-image-preview:large, max-video-preview:-1\" \/>\n<link rel=\"canonical\" href=\"https:\/\/dev.antudigital.cl\/sites\/vc\/cartografia-litoral-de-los-poetas\/\" \/>\n<meta property=\"og:locale\" content=\"es_ES\" \/>\n<meta property=\"og:type\" content=\"article\" \/>\n<meta property=\"og:title\" content=\"Cartograf\u00eda Litoral de los Poetas - Valpara\u00ed\u00adso Creativo\" \/>\n<meta property=\"og:description\" content=\"Se invita a los ilustradores oriundos y\/o residentes del Litoral de los Poetas a participar en un concurso para crear una infograf\u00eda cartogr\u00e1fica que destaque el patrimonio material e inmaterial y los puntos de inter\u00e9s tur\u00edstico de esta emblem\u00e1tica ruta cultural. ORGANIZA: La Secretar\u00eda Regional Ministerial de las Culturas, las Artes y el Patrimonio de [&hellip;]\" \/>\n<meta property=\"og:url\" content=\"https:\/\/dev.antudigital.cl\/sites\/vc\/cartografia-litoral-de-los-poetas\/\" \/>\n<meta property=\"og:site_name\" content=\"Valpara\u00ed\u00adso Creativo\" \/>\n<meta property=\"article:published_time\" content=\"2024-10-01T02:07:10+00:00\" \/>\n<meta property=\"article:modified_time\" content=\"2024-10-01T02:07:28+00:00\" \/>\n<meta property=\"og:image\" content=\"https:\/\/dev.antudigital.cl\/sites\/vc\/wp-content\/uploads\/2024\/10\/Captura-de-Pantalla-2024-09-30-a-las-23.06.35.png\" \/>\n\t<meta property=\"og:image:width\" content=\"1078\" \/>\n\t<meta property=\"og:image:height\" content=\"327\" \/>\n\t<meta property=\"og:image:type\" content=\"image\/png\" \/>\n<meta name=\"author\" content=\"Valpara\u00edso Creativo\" \/>\n<meta name=\"twitter:card\" content=\"summary_large_image\" \/>\n<meta name=\"twitter:label1\" content=\"Escrito por\" \/>\n\t<meta name=\"twitter:data1\" content=\"Valpara\u00edso Creativo\" \/>\n\t<meta name=\"twitter:label2\" content=\"Tiempo de lectura\" \/>\n\t<meta name=\"twitter:data2\" content=\"3 minutos\" \/>\n<script type=\"application\/ld+json\" class=\"yoast-schema-graph\">{\"@context\":\"https:\/\/schema.org\",\"@graph\":[{\"@type\":\"Article\",\"@id\":\"https:\/\/dev.antudigital.cl\/sites\/vc\/cartografia-litoral-de-los-poetas\/#article\",\"isPartOf\":{\"@id\":\"https:\/\/dev.antudigital.cl\/sites\/vc\/cartografia-litoral-de-los-poetas\/\"},\"author\":{\"name\":\"Valpara\u00edso Creativo\",\"@id\":\"https:\/\/dev.antudigital.cl\/sites\/vc\/#\/schema\/person\/c2b9da8dd545e27166fc5ab232837318\"},\"headline\":\"Cartograf\u00eda Litoral de los Poetas\",\"datePublished\":\"2024-10-01T02:07:10+00:00\",\"dateModified\":\"2024-10-01T02:07:28+00:00\",\"mainEntityOfPage\":{\"@id\":\"https:\/\/dev.antudigital.cl\/sites\/vc\/cartografia-litoral-de-los-poetas\/\"},\"wordCount\":599,\"image\":{\"@id\":\"https:\/\/dev.antudigital.cl\/sites\/vc\/cartografia-litoral-de-los-poetas\/#primaryimage\"},\"thumbnailUrl\":\"https:\/\/dev.antudigital.cl\/sites\/vc\/wp-content\/uploads\/2024\/10\/Captura-de-Pantalla-2024-09-30-a-las-23.06.35.png\",\"articleSection\":[\"Noticia\"],\"inLanguage\":\"es\"},{\"@type\":\"WebPage\",\"@id\":\"https:\/\/dev.antudigital.cl\/sites\/vc\/cartografia-litoral-de-los-poetas\/\",\"url\":\"https:\/\/dev.antudigital.cl\/sites\/vc\/cartografia-litoral-de-los-poetas\/\",\"name\":\"Cartograf\u00eda Litoral de los Poetas - Valpara\u00ed\u00adso Creativo\",\"isPartOf\":{\"@id\":\"https:\/\/dev.antudigital.cl\/sites\/vc\/#website\"},\"primaryImageOfPage\":{\"@id\":\"https:\/\/dev.antudigital.cl\/sites\/vc\/cartografia-litoral-de-los-poetas\/#primaryimage\"},\"image\":{\"@id\":\"https:\/\/dev.antudigital.cl\/sites\/vc\/cartografia-litoral-de-los-poetas\/#primaryimage\"},\"thumbnailUrl\":\"https:\/\/dev.antudigital.cl\/sites\/vc\/wp-content\/uploads\/2024\/10\/Captura-de-Pantalla-2024-09-30-a-las-23.06.35.png\",\"datePublished\":\"2024-10-01T02:07:10+00:00\",\"dateModified\":\"2024-10-01T02:07:28+00:00\",\"author\":{\"@id\":\"https:\/\/dev.antudigital.cl\/sites\/vc\/#\/schema\/person\/c2b9da8dd545e27166fc5ab232837318\"},\"breadcrumb\":{\"@id\":\"https:\/\/dev.antudigital.cl\/sites\/vc\/cartografia-litoral-de-los-poetas\/#breadcrumb\"},\"inLanguage\":\"es\",\"potentialAction\":[{\"@type\":\"ReadAction\",\"target\":[\"https:\/\/dev.antudigital.cl\/sites\/vc\/cartografia-litoral-de-los-poetas\/\"]}]},{\"@type\":\"ImageObject\",\"inLanguage\":\"es\",\"@id\":\"https:\/\/dev.antudigital.cl\/sites\/vc\/cartografia-litoral-de-los-poetas\/#primaryimage\",\"url\":\"https:\/\/dev.antudigital.cl\/sites\/vc\/wp-content\/uploads\/2024\/10\/Captura-de-Pantalla-2024-09-30-a-las-23.06.35.png\",\"contentUrl\":\"https:\/\/dev.antudigital.cl\/sites\/vc\/wp-content\/uploads\/2024\/10\/Captura-de-Pantalla-2024-09-30-a-las-23.06.35.png\",\"width\":1078,\"height\":327},{\"@type\":\"BreadcrumbList\",\"@id\":\"https:\/\/dev.antudigital.cl\/sites\/vc\/cartografia-litoral-de-los-poetas\/#breadcrumb\",\"itemListElement\":[{\"@type\":\"ListItem\",\"position\":1,\"name\":\"Home\",\"item\":\"https:\/\/dev.antudigital.cl\/sites\/vc\/\"},{\"@type\":\"ListItem\",\"position\":2,\"name\":\"Cartograf\u00eda Litoral de los Poetas\"}]},{\"@type\":\"WebSite\",\"@id\":\"https:\/\/dev.antudigital.cl\/sites\/vc\/#website\",\"url\":\"https:\/\/dev.antudigital.cl\/sites\/vc\/\",\"name\":\"Valpara\u00ed\u00adso Creativo\",\"description\":\"\",\"potentialAction\":[{\"@type\":\"SearchAction\",\"target\":{\"@type\":\"EntryPoint\",\"urlTemplate\":\"https:\/\/dev.antudigital.cl\/sites\/vc\/?s={search_term_string}\"},\"query-input\":{\"@type\":\"PropertyValueSpecification\",\"valueRequired\":true,\"valueName\":\"search_term_string\"}}],\"inLanguage\":\"es\"},{\"@type\":\"Person\",\"@id\":\"https:\/\/dev.antudigital.cl\/sites\/vc\/#\/schema\/person\/c2b9da8dd545e27166fc5ab232837318\",\"name\":\"Valpara\u00edso Creativo\",\"description\":\"Periodista de cultura en la Regi\u00f3n de Valpara\u00edso.\",\"url\":\"https:\/\/dev.antudigital.cl\/sites\/vc\/author\/valpoadmin\/\"}]}<\/script>\n<!-- \/ Yoast SEO plugin. -->","yoast_head_json":{"title":"Cartograf\u00eda Litoral de los Poetas - Valpara\u00ed\u00adso Creativo","robots":{"index":"index","follow":"follow","max-snippet":"max-snippet:-1","max-image-preview":"max-image-preview:large","max-video-preview":"max-video-preview:-1"},"canonical":"https:\/\/dev.antudigital.cl\/sites\/vc\/cartografia-litoral-de-los-poetas\/","og_locale":"es_ES","og_type":"article","og_title":"Cartograf\u00eda Litoral de los Poetas - Valpara\u00ed\u00adso Creativo","og_description":"Se invita a los ilustradores oriundos y\/o residentes del Litoral de los Poetas a participar en un concurso para crear una infograf\u00eda cartogr\u00e1fica que destaque el patrimonio material e inmaterial y los puntos de inter\u00e9s tur\u00edstico de esta emblem\u00e1tica ruta cultural. ORGANIZA: La Secretar\u00eda Regional Ministerial de las Culturas, las Artes y el Patrimonio de [&hellip;]","og_url":"https:\/\/dev.antudigital.cl\/sites\/vc\/cartografia-litoral-de-los-poetas\/","og_site_name":"Valpara\u00ed\u00adso Creativo","article_published_time":"2024-10-01T02:07:10+00:00","article_modified_time":"2024-10-01T02:07:28+00:00","og_image":[{"width":1078,"height":327,"url":"https:\/\/dev.antudigital.cl\/sites\/vc\/wp-content\/uploads\/2024\/10\/Captura-de-Pantalla-2024-09-30-a-las-23.06.35.png","type":"image\/png"}],"author":"Valpara\u00edso Creativo","twitter_card":"summary_large_image","twitter_misc":{"Escrito por":"Valpara\u00edso Creativo","Tiempo de lectura":"3 minutos"},"schema":{"@context":"https:\/\/schema.org","@graph":[{"@type":"Article","@id":"https:\/\/dev.antudigital.cl\/sites\/vc\/cartografia-litoral-de-los-poetas\/#article","isPartOf":{"@id":"https:\/\/dev.antudigital.cl\/sites\/vc\/cartografia-litoral-de-los-poetas\/"},"author":{"name":"Valpara\u00edso Creativo","@id":"https:\/\/dev.antudigital.cl\/sites\/vc\/#\/schema\/person\/c2b9da8dd545e27166fc5ab232837318"},"headline":"Cartograf\u00eda Litoral de los Poetas","datePublished":"2024-10-01T02:07:10+00:00","dateModified":"2024-10-01T02:07:28+00:00","mainEntityOfPage":{"@id":"https:\/\/dev.antudigital.cl\/sites\/vc\/cartografia-litoral-de-los-poetas\/"},"wordCount":599,"image":{"@id":"https:\/\/dev.antudigital.cl\/sites\/vc\/cartografia-litoral-de-los-poetas\/#primaryimage"},"thumbnailUrl":"https:\/\/dev.antudigital.cl\/sites\/vc\/wp-content\/uploads\/2024\/10\/Captura-de-Pantalla-2024-09-30-a-las-23.06.35.png","articleSection":["Noticia"],"inLanguage":"es"},{"@type":"WebPage","@id":"https:\/\/dev.antudigital.cl\/sites\/vc\/cartografia-litoral-de-los-poetas\/","url":"https:\/\/dev.antudigital.cl\/sites\/vc\/cartografia-litoral-de-los-poetas\/","name":"Cartograf\u00eda Litoral de los Poetas - Valpara\u00ed\u00adso Creativo","isPartOf":{"@id":"https:\/\/dev.antudigital.cl\/sites\/vc\/#website"},"primaryImageOfPage":{"@id":"https:\/\/dev.antudigital.cl\/sites\/vc\/cartografia-litoral-de-los-poetas\/#primaryimage"},"image":{"@id":"https:\/\/dev.antudigital.cl\/sites\/vc\/cartografia-litoral-de-los-poetas\/#primaryimage"},"thumbnailUrl":"https:\/\/dev.antudigital.cl\/sites\/vc\/wp-content\/uploads\/2024\/10\/Captura-de-Pantalla-2024-09-30-a-las-23.06.35.png","datePublished":"2024-10-01T02:07:10+00:00","dateModified":"2024-10-01T02:07:28+00:00","author":{"@id":"https:\/\/dev.antudigital.cl\/sites\/vc\/#\/schema\/person\/c2b9da8dd545e27166fc5ab232837318"},"breadcrumb":{"@id":"https:\/\/dev.antudigital.cl\/sites\/vc\/cartografia-litoral-de-los-poetas\/#breadcrumb"},"inLanguage":"es","potentialAction":[{"@type":"ReadAction","target":["https:\/\/dev.antudigital.cl\/sites\/vc\/cartografia-litoral-de-los-poetas\/"]}]},{"@type":"ImageObject","inLanguage":"es","@id":"https:\/\/dev.antudigital.cl\/sites\/vc\/cartografia-litoral-de-los-poetas\/#primaryimage","url":"https:\/\/dev.antudigital.cl\/sites\/vc\/wp-content\/uploads\/2024\/10\/Captura-de-Pantalla-2024-09-30-a-las-23.06.35.png","contentUrl":"https:\/\/dev.antudigital.cl\/sites\/vc\/wp-content\/uploads\/2024\/10\/Captura-de-Pantalla-2024-09-30-a-las-23.06.35.png","width":1078,"height":327},{"@type":"BreadcrumbList","@id":"https:\/\/dev.antudigital.cl\/sites\/vc\/cartografia-litoral-de-los-poetas\/#breadcrumb","itemListElement":[{"@type":"ListItem","position":1,"name":"Home","item":"https:\/\/dev.antudigital.cl\/sites\/vc\/"},{"@type":"ListItem","position":2,"name":"Cartograf\u00eda Litoral de los Poetas"}]},{"@type":"WebSite","@id":"https:\/\/dev.antudigital.cl\/sites\/vc\/#website","url":"https:\/\/dev.antudigital.cl\/sites\/vc\/","name":"Valpara\u00ed\u00adso Creativo","description":"","potentialAction":[{"@type":"SearchAction","target":{"@type":"EntryPoint","urlTemplate":"https:\/\/dev.antudigital.cl\/sites\/vc\/?s={search_term_string}"},"query-input":{"@type":"PropertyValueSpecification","valueRequired":true,"valueName":"search_term_string"}}],"inLanguage":"es"},{"@type":"Person","@id":"https:\/\/dev.antudigital.cl\/sites\/vc\/#\/schema\/person\/c2b9da8dd545e27166fc5ab232837318","name":"Valpara\u00edso Creativo","description":"Periodista de cultura en la Regi\u00f3n de Valpara\u00edso.","url":"https:\/\/dev.antudigital.cl\/sites\/vc\/author\/valpoadmin\/"}]}},"_links":{"self":[{"href":"https:\/\/dev.antudigital.cl\/sites\/vc\/wp-json\/wp\/v2\/posts\/20609","targetHints":{"allow":["GET"]}}],"collection":[{"href":"https:\/\/dev.antudigital.cl\/sites\/vc\/wp-json\/wp\/v2\/posts"}],"about":[{"href":"https:\/\/dev.antudigital.cl\/sites\/vc\/wp-json\/wp\/v2\/types\/post"}],"author":[{"embeddable":true,"href":"https:\/\/dev.antudigital.cl\/sites\/vc\/wp-json\/wp\/v2\/users\/1"}],"replies":[{"embeddable":true,"href":"https:\/\/dev.antudigital.cl\/sites\/vc\/wp-json\/wp\/v2\/comments?post=20609"}],"version-history":[{"count":1,"href":"https:\/\/dev.antudigital.cl\/sites\/vc\/wp-json\/wp\/v2\/posts\/20609\/revisions"}],"predecessor-version":[{"id":20611,"href":"https:\/\/dev.antudigital.cl\/sites\/vc\/wp-json\/wp\/v2\/posts\/20609\/revisions\/20611"}],"wp:featuredmedia":[{"embeddable":true,"href":"https:\/\/dev.antudigital.cl\/sites\/vc\/wp-json\/wp\/v2\/media\/20610"}],"wp:attachment":[{"href":"https:\/\/dev.antudigital.cl\/sites\/vc\/wp-json\/wp\/v2\/media?parent=20609"}],"wp:term":[{"taxonomy":"category","embeddable":true,"href":"https:\/\/dev.antudigital.cl\/sites\/vc\/wp-json\/wp\/v2\/categories?post=20609"},{"taxonomy":"post_tag","embeddable":true,"href":"https:\/\/dev.antudigital.cl\/sites\/vc\/wp-json\/wp\/v2\/tags?post=20609"}],"curies":[{"name":"wp","href":"https:\/\/api.w.org\/{rel}","templated":true}]}}