{"id":20612,"date":"2024-10-01T02:22:08","date_gmt":"2024-10-01T02:22:08","guid":{"rendered":"https:\/\/www.valparaisocreativo.cl\/?p=20612"},"modified":"2024-10-01T02:22:25","modified_gmt":"2024-10-01T02:22:25","slug":"congreso-internacional-de-malabarismo-y-artes-circenses-en-valparaiso","status":"publish","type":"post","link":"https:\/\/dev.antudigital.cl\/sites\/vc\/congreso-internacional-de-malabarismo-y-artes-circenses-en-valparaiso\/","title":{"rendered":"Congreso Internacional de Malabarismo y Artes Circenses en Valpara\u00edso:"},"content":{"rendered":"\n<p><strong><em>Malabaristas de primer nivel y cultores de las m\u00e1s diversas disciplinas y artes circenses se dar\u00e1n cita en el Parque Cultural de Valpara\u00edso durante el mes de octubre, desarrollando competencias nacionales e internacionales y espect\u00e1culos abiertos a la comunidad situando al Circo como protagonista en la ciudad porte\u00f1a.<\/em><\/strong><\/p>\n\n\n\n<p><strong><em>___________________<\/em><\/strong><\/p>\n\n\n\n<p>Con la presencia de artistas ucranianos y alemanes y los mejores talentos nacionales se inicia en la ciudad puerto el Congreso Internacional de Malabarismo y Artes circenses, CIMAC, 2024. Hoy se lanz\u00f3 p\u00fablicamente el programa de actividades que incluye recorridos por los cerros, acrobacias a gran altura y una infinidad de espect\u00e1culos, talleres y competencias que se realizar\u00e1n en Parque Cultural de Valpara\u00edso-Ex C\u00e1rcel.<\/p>\n\n\n\n<p>El Congreso est\u00e1 producido por el Centro Cultural MALABICIRCO y PCdV, y es financiado por el Fondo Nacional de Fomento y Desarrollo de las Artes Esc\u00e9nicas. El objetivo principal es recuperar, proteger y mantener viva la tradici\u00f3n y el arte circense, que cuenta no s\u00f3lo con seguidores, sino con una gran cantidad de artistas que buscan espacios para desarrollar las diversas disciplinas.<\/p>\n\n\n\n<p>Tras el lanzamiento, Javier Morales, director de MALABICIRCO, precis\u00f3 que \u201cla pr\u00f3xima semana comenzamos con la previa de CIMAC, con una gira por los cerros de Valpara\u00edso contando con una delegaci\u00f3n de la escuela estatal de artes esc\u00e9nicas de Berl\u00edn que nos acompa\u00f1a en la previa y luego, entre el 21 y el 26 de octubre, estaremos en el Parque Cultural de Valpara\u00edso con diversas actividades para la familia, incluyendo seminarios, Master class y talleres. Apoyados adem\u00e1s por la Municipalidad de nuestra ciudad, vamos a rememorar la memoria hist\u00f3rica, el patrimonio de lo que ocurr\u00eda antiguamente en los cerros de nuestra ciudad, donde los circos recorr\u00edan los diversos espacios del de la comuna, sumando actividades para todo el p\u00fablico\u201d.<\/p>\n\n\n\n<p>Por otra parte, la presidenta del directorio de PCdV, Gianina Figueroa, agreg\u00f3 que \u201cOctubre es una fiesta en Valpara\u00edso y especialmente en el parque cultural. Tenemos el encuentro de malabarismo m\u00e1s importante del pa\u00eds aqu\u00ed en el parque. La invitaci\u00f3n es a toda la familia. El Parque hace mucho que es la casa de CIMAC y esperamos seguir si\u00e9ndolo en los pr\u00f3ximos a\u00f1os. Es una actividad tremendamente importante. Un Parque con tres siglos de historia, que nos invita a un gran panorama de alegr\u00eda y arte; de cultura y patrimonio. Realmente este Congreso es imperdible\u201d.&nbsp;<\/p>\n\n\n\n<figure class=\"wp-block-image size-full\"><img fetchpriority=\"high\" decoding=\"async\" width=\"625\" height=\"627\" src=\"https:\/\/www.valparaisocreativo.cl\/wp-content\/uploads\/2024\/10\/Captura-de-Pantalla-2024-09-30-a-las-23.15.19.png\" alt=\"\" class=\"wp-image-20614\" srcset=\"https:\/\/dev.antudigital.cl\/sites\/vc\/wp-content\/uploads\/2024\/10\/Captura-de-Pantalla-2024-09-30-a-las-23.15.19.png 625w, https:\/\/dev.antudigital.cl\/sites\/vc\/wp-content\/uploads\/2024\/10\/Captura-de-Pantalla-2024-09-30-a-las-23.15.19-300x300.png 300w, https:\/\/dev.antudigital.cl\/sites\/vc\/wp-content\/uploads\/2024\/10\/Captura-de-Pantalla-2024-09-30-a-las-23.15.19-150x150.png 150w, https:\/\/dev.antudigital.cl\/sites\/vc\/wp-content\/uploads\/2024\/10\/Captura-de-Pantalla-2024-09-30-a-las-23.15.19-480x482.png 480w, https:\/\/dev.antudigital.cl\/sites\/vc\/wp-content\/uploads\/2024\/10\/Captura-de-Pantalla-2024-09-30-a-las-23.15.19-24x24.png 24w, https:\/\/dev.antudigital.cl\/sites\/vc\/wp-content\/uploads\/2024\/10\/Captura-de-Pantalla-2024-09-30-a-las-23.15.19-36x36.png 36w, https:\/\/dev.antudigital.cl\/sites\/vc\/wp-content\/uploads\/2024\/10\/Captura-de-Pantalla-2024-09-30-a-las-23.15.19-48x48.png 48w\" sizes=\"(max-width: 625px) 100vw, 625px\" \/><\/figure>\n","protected":false},"excerpt":{"rendered":"<p>Malabaristas de primer nivel y cultores de las m\u00e1s diversas disciplinas y artes circenses se dar\u00e1n cita en el Parque Cultural de Valpara\u00edso durante el mes de octubre, desarrollando competencias nacionales e internacionales y espect\u00e1culos abiertos a la comunidad situando al Circo como protagonista en la ciudad porte\u00f1a. ___________________ Con la presencia de artistas ucranianos [&hellip;]<\/p>\n","protected":false},"author":1,"featured_media":20613,"comment_status":"closed","ping_status":"closed","sticky":false,"template":"","format":"standard","meta":{"_acf_changed":false,"footnotes":""},"categories":[8],"tags":[],"class_list":["post-20612","post","type-post","status-publish","format-standard","has-post-thumbnail","hentry","category-noticia"],"acf":[],"yoast_head":"<!-- This site is optimized with the Yoast SEO plugin v27.1.1 - https:\/\/yoast.com\/product\/yoast-seo-wordpress\/ -->\n<title>Congreso Internacional de Malabarismo y Artes Circenses en Valpara\u00edso: - Valpara\u00ed\u00adso Creativo<\/title>\n<meta name=\"robots\" content=\"index, follow, max-snippet:-1, max-image-preview:large, max-video-preview:-1\" \/>\n<link rel=\"canonical\" href=\"https:\/\/dev.antudigital.cl\/sites\/vc\/congreso-internacional-de-malabarismo-y-artes-circenses-en-valparaiso\/\" \/>\n<meta property=\"og:locale\" content=\"es_ES\" \/>\n<meta property=\"og:type\" content=\"article\" \/>\n<meta property=\"og:title\" content=\"Congreso Internacional de Malabarismo y Artes Circenses en Valpara\u00edso: - Valpara\u00ed\u00adso Creativo\" \/>\n<meta property=\"og:description\" content=\"Malabaristas de primer nivel y cultores de las m\u00e1s diversas disciplinas y artes circenses se dar\u00e1n cita en el Parque Cultural de Valpara\u00edso durante el mes de octubre, desarrollando competencias nacionales e internacionales y espect\u00e1culos abiertos a la comunidad situando al Circo como protagonista en la ciudad porte\u00f1a. ___________________ Con la presencia de artistas ucranianos [&hellip;]\" \/>\n<meta property=\"og:url\" content=\"https:\/\/dev.antudigital.cl\/sites\/vc\/congreso-internacional-de-malabarismo-y-artes-circenses-en-valparaiso\/\" \/>\n<meta property=\"og:site_name\" content=\"Valpara\u00ed\u00adso Creativo\" \/>\n<meta property=\"article:published_time\" content=\"2024-10-01T02:22:08+00:00\" \/>\n<meta property=\"article:modified_time\" content=\"2024-10-01T02:22:25+00:00\" \/>\n<meta property=\"og:image\" content=\"https:\/\/dev.antudigital.cl\/sites\/vc\/wp-content\/uploads\/2024\/10\/9dc75d7b-900f-4bae-b570-534cf390fed1.jpeg\" \/>\n\t<meta property=\"og:image:width\" content=\"1600\" \/>\n\t<meta property=\"og:image:height\" content=\"1066\" \/>\n\t<meta property=\"og:image:type\" content=\"image\/jpeg\" \/>\n<meta name=\"author\" content=\"Valpara\u00edso Creativo\" \/>\n<meta name=\"twitter:card\" content=\"summary_large_image\" \/>\n<meta name=\"twitter:label1\" content=\"Escrito por\" \/>\n\t<meta name=\"twitter:data1\" content=\"Valpara\u00edso Creativo\" \/>\n\t<meta name=\"twitter:label2\" content=\"Tiempo de lectura\" \/>\n\t<meta name=\"twitter:data2\" content=\"2 minutos\" \/>\n<script type=\"application\/ld+json\" class=\"yoast-schema-graph\">{\"@context\":\"https:\/\/schema.org\",\"@graph\":[{\"@type\":\"Article\",\"@id\":\"https:\/\/dev.antudigital.cl\/sites\/vc\/congreso-internacional-de-malabarismo-y-artes-circenses-en-valparaiso\/#article\",\"isPartOf\":{\"@id\":\"https:\/\/dev.antudigital.cl\/sites\/vc\/congreso-internacional-de-malabarismo-y-artes-circenses-en-valparaiso\/\"},\"author\":{\"name\":\"Valpara\u00edso Creativo\",\"@id\":\"https:\/\/dev.antudigital.cl\/sites\/vc\/#\/schema\/person\/c2b9da8dd545e27166fc5ab232837318\"},\"headline\":\"Congreso Internacional de Malabarismo y Artes Circenses en Valpara\u00edso:\",\"datePublished\":\"2024-10-01T02:22:08+00:00\",\"dateModified\":\"2024-10-01T02:22:25+00:00\",\"mainEntityOfPage\":{\"@id\":\"https:\/\/dev.antudigital.cl\/sites\/vc\/congreso-internacional-de-malabarismo-y-artes-circenses-en-valparaiso\/\"},\"wordCount\":429,\"image\":{\"@id\":\"https:\/\/dev.antudigital.cl\/sites\/vc\/congreso-internacional-de-malabarismo-y-artes-circenses-en-valparaiso\/#primaryimage\"},\"thumbnailUrl\":\"https:\/\/dev.antudigital.cl\/sites\/vc\/wp-content\/uploads\/2024\/10\/9dc75d7b-900f-4bae-b570-534cf390fed1.jpeg\",\"articleSection\":[\"Noticia\"],\"inLanguage\":\"es\"},{\"@type\":\"WebPage\",\"@id\":\"https:\/\/dev.antudigital.cl\/sites\/vc\/congreso-internacional-de-malabarismo-y-artes-circenses-en-valparaiso\/\",\"url\":\"https:\/\/dev.antudigital.cl\/sites\/vc\/congreso-internacional-de-malabarismo-y-artes-circenses-en-valparaiso\/\",\"name\":\"Congreso Internacional de Malabarismo y Artes Circenses en Valpara\u00edso: - Valpara\u00ed\u00adso Creativo\",\"isPartOf\":{\"@id\":\"https:\/\/dev.antudigital.cl\/sites\/vc\/#website\"},\"primaryImageOfPage\":{\"@id\":\"https:\/\/dev.antudigital.cl\/sites\/vc\/congreso-internacional-de-malabarismo-y-artes-circenses-en-valparaiso\/#primaryimage\"},\"image\":{\"@id\":\"https:\/\/dev.antudigital.cl\/sites\/vc\/congreso-internacional-de-malabarismo-y-artes-circenses-en-valparaiso\/#primaryimage\"},\"thumbnailUrl\":\"https:\/\/dev.antudigital.cl\/sites\/vc\/wp-content\/uploads\/2024\/10\/9dc75d7b-900f-4bae-b570-534cf390fed1.jpeg\",\"datePublished\":\"2024-10-01T02:22:08+00:00\",\"dateModified\":\"2024-10-01T02:22:25+00:00\",\"author\":{\"@id\":\"https:\/\/dev.antudigital.cl\/sites\/vc\/#\/schema\/person\/c2b9da8dd545e27166fc5ab232837318\"},\"breadcrumb\":{\"@id\":\"https:\/\/dev.antudigital.cl\/sites\/vc\/congreso-internacional-de-malabarismo-y-artes-circenses-en-valparaiso\/#breadcrumb\"},\"inLanguage\":\"es\",\"potentialAction\":[{\"@type\":\"ReadAction\",\"target\":[\"https:\/\/dev.antudigital.cl\/sites\/vc\/congreso-internacional-de-malabarismo-y-artes-circenses-en-valparaiso\/\"]}]},{\"@type\":\"ImageObject\",\"inLanguage\":\"es\",\"@id\":\"https:\/\/dev.antudigital.cl\/sites\/vc\/congreso-internacional-de-malabarismo-y-artes-circenses-en-valparaiso\/#primaryimage\",\"url\":\"https:\/\/dev.antudigital.cl\/sites\/vc\/wp-content\/uploads\/2024\/10\/9dc75d7b-900f-4bae-b570-534cf390fed1.jpeg\",\"contentUrl\":\"https:\/\/dev.antudigital.cl\/sites\/vc\/wp-content\/uploads\/2024\/10\/9dc75d7b-900f-4bae-b570-534cf390fed1.jpeg\",\"width\":1600,\"height\":1066},{\"@type\":\"BreadcrumbList\",\"@id\":\"https:\/\/dev.antudigital.cl\/sites\/vc\/congreso-internacional-de-malabarismo-y-artes-circenses-en-valparaiso\/#breadcrumb\",\"itemListElement\":[{\"@type\":\"ListItem\",\"position\":1,\"name\":\"Home\",\"item\":\"https:\/\/dev.antudigital.cl\/sites\/vc\/\"},{\"@type\":\"ListItem\",\"position\":2,\"name\":\"Congreso Internacional de Malabarismo y Artes Circenses en Valpara\u00edso:\"}]},{\"@type\":\"WebSite\",\"@id\":\"https:\/\/dev.antudigital.cl\/sites\/vc\/#website\",\"url\":\"https:\/\/dev.antudigital.cl\/sites\/vc\/\",\"name\":\"Valpara\u00ed\u00adso Creativo\",\"description\":\"\",\"potentialAction\":[{\"@type\":\"SearchAction\",\"target\":{\"@type\":\"EntryPoint\",\"urlTemplate\":\"https:\/\/dev.antudigital.cl\/sites\/vc\/?s={search_term_string}\"},\"query-input\":{\"@type\":\"PropertyValueSpecification\",\"valueRequired\":true,\"valueName\":\"search_term_string\"}}],\"inLanguage\":\"es\"},{\"@type\":\"Person\",\"@id\":\"https:\/\/dev.antudigital.cl\/sites\/vc\/#\/schema\/person\/c2b9da8dd545e27166fc5ab232837318\",\"name\":\"Valpara\u00edso Creativo\",\"description\":\"Periodista de cultura en la Regi\u00f3n de Valpara\u00edso.\",\"url\":\"https:\/\/dev.antudigital.cl\/sites\/vc\/author\/valpoadmin\/\"}]}<\/script>\n<!-- \/ Yoast SEO plugin. -->","yoast_head_json":{"title":"Congreso Internacional de Malabarismo y Artes Circenses en Valpara\u00edso: - Valpara\u00ed\u00adso Creativo","robots":{"index":"index","follow":"follow","max-snippet":"max-snippet:-1","max-image-preview":"max-image-preview:large","max-video-preview":"max-video-preview:-1"},"canonical":"https:\/\/dev.antudigital.cl\/sites\/vc\/congreso-internacional-de-malabarismo-y-artes-circenses-en-valparaiso\/","og_locale":"es_ES","og_type":"article","og_title":"Congreso Internacional de Malabarismo y Artes Circenses en Valpara\u00edso: - Valpara\u00ed\u00adso Creativo","og_description":"Malabaristas de primer nivel y cultores de las m\u00e1s diversas disciplinas y artes circenses se dar\u00e1n cita en el Parque Cultural de Valpara\u00edso durante el mes de octubre, desarrollando competencias nacionales e internacionales y espect\u00e1culos abiertos a la comunidad situando al Circo como protagonista en la ciudad porte\u00f1a. ___________________ Con la presencia de artistas ucranianos [&hellip;]","og_url":"https:\/\/dev.antudigital.cl\/sites\/vc\/congreso-internacional-de-malabarismo-y-artes-circenses-en-valparaiso\/","og_site_name":"Valpara\u00ed\u00adso Creativo","article_published_time":"2024-10-01T02:22:08+00:00","article_modified_time":"2024-10-01T02:22:25+00:00","og_image":[{"width":1600,"height":1066,"url":"https:\/\/dev.antudigital.cl\/sites\/vc\/wp-content\/uploads\/2024\/10\/9dc75d7b-900f-4bae-b570-534cf390fed1.jpeg","type":"image\/jpeg"}],"author":"Valpara\u00edso Creativo","twitter_card":"summary_large_image","twitter_misc":{"Escrito por":"Valpara\u00edso Creativo","Tiempo de lectura":"2 minutos"},"schema":{"@context":"https:\/\/schema.org","@graph":[{"@type":"Article","@id":"https:\/\/dev.antudigital.cl\/sites\/vc\/congreso-internacional-de-malabarismo-y-artes-circenses-en-valparaiso\/#article","isPartOf":{"@id":"https:\/\/dev.antudigital.cl\/sites\/vc\/congreso-internacional-de-malabarismo-y-artes-circenses-en-valparaiso\/"},"author":{"name":"Valpara\u00edso Creativo","@id":"https:\/\/dev.antudigital.cl\/sites\/vc\/#\/schema\/person\/c2b9da8dd545e27166fc5ab232837318"},"headline":"Congreso Internacional de Malabarismo y Artes Circenses en Valpara\u00edso:","datePublished":"2024-10-01T02:22:08+00:00","dateModified":"2024-10-01T02:22:25+00:00","mainEntityOfPage":{"@id":"https:\/\/dev.antudigital.cl\/sites\/vc\/congreso-internacional-de-malabarismo-y-artes-circenses-en-valparaiso\/"},"wordCount":429,"image":{"@id":"https:\/\/dev.antudigital.cl\/sites\/vc\/congreso-internacional-de-malabarismo-y-artes-circenses-en-valparaiso\/#primaryimage"},"thumbnailUrl":"https:\/\/dev.antudigital.cl\/sites\/vc\/wp-content\/uploads\/2024\/10\/9dc75d7b-900f-4bae-b570-534cf390fed1.jpeg","articleSection":["Noticia"],"inLanguage":"es"},{"@type":"WebPage","@id":"https:\/\/dev.antudigital.cl\/sites\/vc\/congreso-internacional-de-malabarismo-y-artes-circenses-en-valparaiso\/","url":"https:\/\/dev.antudigital.cl\/sites\/vc\/congreso-internacional-de-malabarismo-y-artes-circenses-en-valparaiso\/","name":"Congreso Internacional de Malabarismo y Artes Circenses en Valpara\u00edso: - Valpara\u00ed\u00adso Creativo","isPartOf":{"@id":"https:\/\/dev.antudigital.cl\/sites\/vc\/#website"},"primaryImageOfPage":{"@id":"https:\/\/dev.antudigital.cl\/sites\/vc\/congreso-internacional-de-malabarismo-y-artes-circenses-en-valparaiso\/#primaryimage"},"image":{"@id":"https:\/\/dev.antudigital.cl\/sites\/vc\/congreso-internacional-de-malabarismo-y-artes-circenses-en-valparaiso\/#primaryimage"},"thumbnailUrl":"https:\/\/dev.antudigital.cl\/sites\/vc\/wp-content\/uploads\/2024\/10\/9dc75d7b-900f-4bae-b570-534cf390fed1.jpeg","datePublished":"2024-10-01T02:22:08+00:00","dateModified":"2024-10-01T02:22:25+00:00","author":{"@id":"https:\/\/dev.antudigital.cl\/sites\/vc\/#\/schema\/person\/c2b9da8dd545e27166fc5ab232837318"},"breadcrumb":{"@id":"https:\/\/dev.antudigital.cl\/sites\/vc\/congreso-internacional-de-malabarismo-y-artes-circenses-en-valparaiso\/#breadcrumb"},"inLanguage":"es","potentialAction":[{"@type":"ReadAction","target":["https:\/\/dev.antudigital.cl\/sites\/vc\/congreso-internacional-de-malabarismo-y-artes-circenses-en-valparaiso\/"]}]},{"@type":"ImageObject","inLanguage":"es","@id":"https:\/\/dev.antudigital.cl\/sites\/vc\/congreso-internacional-de-malabarismo-y-artes-circenses-en-valparaiso\/#primaryimage","url":"https:\/\/dev.antudigital.cl\/sites\/vc\/wp-content\/uploads\/2024\/10\/9dc75d7b-900f-4bae-b570-534cf390fed1.jpeg","contentUrl":"https:\/\/dev.antudigital.cl\/sites\/vc\/wp-content\/uploads\/2024\/10\/9dc75d7b-900f-4bae-b570-534cf390fed1.jpeg","width":1600,"height":1066},{"@type":"BreadcrumbList","@id":"https:\/\/dev.antudigital.cl\/sites\/vc\/congreso-internacional-de-malabarismo-y-artes-circenses-en-valparaiso\/#breadcrumb","itemListElement":[{"@type":"ListItem","position":1,"name":"Home","item":"https:\/\/dev.antudigital.cl\/sites\/vc\/"},{"@type":"ListItem","position":2,"name":"Congreso Internacional de Malabarismo y Artes Circenses en Valpara\u00edso:"}]},{"@type":"WebSite","@id":"https:\/\/dev.antudigital.cl\/sites\/vc\/#website","url":"https:\/\/dev.antudigital.cl\/sites\/vc\/","name":"Valpara\u00ed\u00adso Creativo","description":"","potentialAction":[{"@type":"SearchAction","target":{"@type":"EntryPoint","urlTemplate":"https:\/\/dev.antudigital.cl\/sites\/vc\/?s={search_term_string}"},"query-input":{"@type":"PropertyValueSpecification","valueRequired":true,"valueName":"search_term_string"}}],"inLanguage":"es"},{"@type":"Person","@id":"https:\/\/dev.antudigital.cl\/sites\/vc\/#\/schema\/person\/c2b9da8dd545e27166fc5ab232837318","name":"Valpara\u00edso Creativo","description":"Periodista de cultura en la Regi\u00f3n de Valpara\u00edso.","url":"https:\/\/dev.antudigital.cl\/sites\/vc\/author\/valpoadmin\/"}]}},"_links":{"self":[{"href":"https:\/\/dev.antudigital.cl\/sites\/vc\/wp-json\/wp\/v2\/posts\/20612","targetHints":{"allow":["GET"]}}],"collection":[{"href":"https:\/\/dev.antudigital.cl\/sites\/vc\/wp-json\/wp\/v2\/posts"}],"about":[{"href":"https:\/\/dev.antudigital.cl\/sites\/vc\/wp-json\/wp\/v2\/types\/post"}],"author":[{"embeddable":true,"href":"https:\/\/dev.antudigital.cl\/sites\/vc\/wp-json\/wp\/v2\/users\/1"}],"replies":[{"embeddable":true,"href":"https:\/\/dev.antudigital.cl\/sites\/vc\/wp-json\/wp\/v2\/comments?post=20612"}],"version-history":[{"count":1,"href":"https:\/\/dev.antudigital.cl\/sites\/vc\/wp-json\/wp\/v2\/posts\/20612\/revisions"}],"predecessor-version":[{"id":20615,"href":"https:\/\/dev.antudigital.cl\/sites\/vc\/wp-json\/wp\/v2\/posts\/20612\/revisions\/20615"}],"wp:featuredmedia":[{"embeddable":true,"href":"https:\/\/dev.antudigital.cl\/sites\/vc\/wp-json\/wp\/v2\/media\/20613"}],"wp:attachment":[{"href":"https:\/\/dev.antudigital.cl\/sites\/vc\/wp-json\/wp\/v2\/media?parent=20612"}],"wp:term":[{"taxonomy":"category","embeddable":true,"href":"https:\/\/dev.antudigital.cl\/sites\/vc\/wp-json\/wp\/v2\/categories?post=20612"},{"taxonomy":"post_tag","embeddable":true,"href":"https:\/\/dev.antudigital.cl\/sites\/vc\/wp-json\/wp\/v2\/tags?post=20612"}],"curies":[{"name":"wp","href":"https:\/\/api.w.org\/{rel}","templated":true}]}}