{"id":20653,"date":"2024-10-07T18:34:13","date_gmt":"2024-10-07T18:34:13","guid":{"rendered":"https:\/\/www.valparaisocreativo.cl\/?p=20653"},"modified":"2024-10-07T18:34:32","modified_gmt":"2024-10-07T18:34:32","slug":"artista-retrata-in-situ-a-la-bohemia-portena-e-inaugura-exposicion-en-villa-alemana","status":"publish","type":"post","link":"https:\/\/dev.antudigital.cl\/sites\/vc\/artista-retrata-in-situ-a-la-bohemia-portena-e-inaugura-exposicion-en-villa-alemana\/","title":{"rendered":"Artista retrata in situ a la bohemia porte\u00f1a e inaugura exposici\u00f3n en Villa Alemana"},"content":{"rendered":"\n<p>Este jueves 10 de octubre, a las 19:00 hrs, el Centro Cultural Gabriela Mistral de Villa Alemana (Santiago #674) ser\u00e1 el escenario de la inauguraci\u00f3n de la exposici\u00f3n&nbsp;<strong>\u201cBohemia porte\u00f1a in situ: pinceladas de historia y contingencia\u201d<\/strong>, del artista visual Fabio Lazcano, una muestra que conecta la tradici\u00f3n de la m\u00fasica bohemia porte\u00f1a con la pintura en vivo.<\/p>\n\n\n\n<p>Esta exposici\u00f3n recoge obras creadas en distintos espacios ic\u00f3nicos de la bohemia de Valpara\u00edso, como el Centro Cultural La Isla de la Fantas\u00eda, el Bar Liberty, fiesta Corte Chilenero Vol.3 y el proyecto Domo Sonoro. Las pinturas son realizadas en un formato in situ, donde el proceso creativo ocurre en medio del ambiente bohemio, con la m\u00fasica en vivo como tel\u00f3n de fondo, siendo la cueca la protagonista de muchas de estas intervenciones. En cada acto pict\u00f3rico, el artista capta personajes ic\u00f3nicos de la M\u00fasica de la Bohemia Tradicional porte\u00f1a, tanto antiguos cultores como nuevas voces emergentes, inmortalizando su presencia y legado.<\/p>\n\n\n\n<p>Seg\u00fan detalla Fabio Lazcano, la exposici\u00f3n busca ofrecer \u201c<em>una experiencia irrepetible, donde puedan presenciar el proceso de nacimiento y t\u00e9rmino de la obra en tiempo real\u201d<\/em>. El artista inicia con un lienzo en blanco y, en conexi\u00f3n con el entorno y la m\u00fasica en vivo, va dando forma a cada obra, haciendo que cada pincelada narre un momento \u00fanico.<\/p>\n\n\n\n<p>En este sentido, el artista se\u00f1ala que \u201c<em>su inspiraci\u00f3n proviene de su amor por la m\u00fasica bohemia porte\u00f1a y la admiraci\u00f3n por quienes mantienen viva esta tradici\u00f3n<\/em>\u201d. A lo largo de su trayectoria como garz\u00f3n en La Isla de la Fantas\u00eda, conoci\u00f3 a personajes legendarios como Juan Pou Flores y Luis \u201cFlaco\u201d Morales, figuras que influyeron en su decisi\u00f3n de inmortalizar estas historias a trav\u00e9s de su arte.&nbsp;<\/p>\n\n\n\n<p>Desde 2022, ha perfeccionado su estilo y, tras licenciarse en la Escuela de Bellas Artes de Valpara\u00edso, decidi\u00f3 dedicarse por completo a este proyecto, proponiendo la creaci\u00f3n de estas obras en el mismo escenario donde nacen las expresiones art\u00edsticas que retrata. \u201c<em>Al sentir que estaba viendo y habitando el traspaso y legado de la historia, decid\u00ed formar un relato pict\u00f3rico, incorporando adem\u00e1s, a grandes colegas y amistades que se dedican a la m\u00fasica y que forman parte de la generaci\u00f3n del hoy<\/em>\u201d, concluye Fabio.<\/p>\n\n\n\n<p>El principal objetivo de esta muestra es oficializar la creaci\u00f3n de piezas realizadas en espacios como La Isla de la Fantas\u00eda y otros lugares emblem\u00e1ticos, brindando visibilidad y reconocimiento a los artistas que mantienen viva la tradici\u00f3n musical porte\u00f1a. Adem\u00e1s, busca trascender el tiempo y espacio de la performance, otorgando a los retratados un lugar permanente en la historia cultural de la bohemia porte\u00f1a.Fabio Lazcano en Instagram:&nbsp;<a href=\"https:\/\/www.instagram.com\/fabiolazcano.art\/\" target=\"_blank\" rel=\"noreferrer noopener\">@fabiolazcano.art<\/a><\/p>\n\n\n\n<figure class=\"wp-block-image size-full\"><img fetchpriority=\"high\" decoding=\"async\" width=\"500\" height=\"623\" src=\"https:\/\/www.valparaisocreativo.cl\/wp-content\/uploads\/2024\/10\/Captura-de-Pantalla-2024-10-07-a-las-15.30.06.png\" alt=\"\" class=\"wp-image-20655\" srcset=\"https:\/\/dev.antudigital.cl\/sites\/vc\/wp-content\/uploads\/2024\/10\/Captura-de-Pantalla-2024-10-07-a-las-15.30.06.png 500w, https:\/\/dev.antudigital.cl\/sites\/vc\/wp-content\/uploads\/2024\/10\/Captura-de-Pantalla-2024-10-07-a-las-15.30.06-241x300.png 241w, https:\/\/dev.antudigital.cl\/sites\/vc\/wp-content\/uploads\/2024\/10\/Captura-de-Pantalla-2024-10-07-a-las-15.30.06-480x598.png 480w, https:\/\/dev.antudigital.cl\/sites\/vc\/wp-content\/uploads\/2024\/10\/Captura-de-Pantalla-2024-10-07-a-las-15.30.06-19x24.png 19w, https:\/\/dev.antudigital.cl\/sites\/vc\/wp-content\/uploads\/2024\/10\/Captura-de-Pantalla-2024-10-07-a-las-15.30.06-29x36.png 29w, https:\/\/dev.antudigital.cl\/sites\/vc\/wp-content\/uploads\/2024\/10\/Captura-de-Pantalla-2024-10-07-a-las-15.30.06-39x48.png 39w\" sizes=\"(max-width: 500px) 100vw, 500px\" \/><\/figure>\n","protected":false},"excerpt":{"rendered":"<p>Este jueves 10 de octubre, a las 19:00 hrs, el Centro Cultural Gabriela Mistral de Villa Alemana (Santiago #674) ser\u00e1 el escenario de la inauguraci\u00f3n de la exposici\u00f3n&nbsp;\u201cBohemia porte\u00f1a in situ: pinceladas de historia y contingencia\u201d, del artista visual Fabio Lazcano, una muestra que conecta la tradici\u00f3n de la m\u00fasica bohemia porte\u00f1a con la pintura [&hellip;]<\/p>\n","protected":false},"author":1,"featured_media":20654,"comment_status":"closed","ping_status":"closed","sticky":false,"template":"","format":"standard","meta":{"_acf_changed":false,"footnotes":""},"categories":[8],"tags":[],"class_list":["post-20653","post","type-post","status-publish","format-standard","has-post-thumbnail","hentry","category-noticia"],"acf":[],"yoast_head":"<!-- This site is optimized with the Yoast SEO plugin v27.1.1 - https:\/\/yoast.com\/product\/yoast-seo-wordpress\/ -->\n<title>Artista retrata in situ a la bohemia porte\u00f1a e inaugura exposici\u00f3n en Villa Alemana - Valpara\u00ed\u00adso Creativo<\/title>\n<meta name=\"robots\" content=\"index, follow, max-snippet:-1, max-image-preview:large, max-video-preview:-1\" \/>\n<link rel=\"canonical\" href=\"https:\/\/dev.antudigital.cl\/sites\/vc\/artista-retrata-in-situ-a-la-bohemia-portena-e-inaugura-exposicion-en-villa-alemana\/\" \/>\n<meta property=\"og:locale\" content=\"es_ES\" \/>\n<meta property=\"og:type\" content=\"article\" \/>\n<meta property=\"og:title\" content=\"Artista retrata in situ a la bohemia porte\u00f1a e inaugura exposici\u00f3n en Villa Alemana - Valpara\u00ed\u00adso Creativo\" \/>\n<meta property=\"og:description\" content=\"Este jueves 10 de octubre, a las 19:00 hrs, el Centro Cultural Gabriela Mistral de Villa Alemana (Santiago #674) ser\u00e1 el escenario de la inauguraci\u00f3n de la exposici\u00f3n&nbsp;\u201cBohemia porte\u00f1a in situ: pinceladas de historia y contingencia\u201d, del artista visual Fabio Lazcano, una muestra que conecta la tradici\u00f3n de la m\u00fasica bohemia porte\u00f1a con la pintura [&hellip;]\" \/>\n<meta property=\"og:url\" content=\"https:\/\/dev.antudigital.cl\/sites\/vc\/artista-retrata-in-situ-a-la-bohemia-portena-e-inaugura-exposicion-en-villa-alemana\/\" \/>\n<meta property=\"og:site_name\" content=\"Valpara\u00ed\u00adso Creativo\" \/>\n<meta property=\"article:published_time\" content=\"2024-10-07T18:34:13+00:00\" \/>\n<meta property=\"article:modified_time\" content=\"2024-10-07T18:34:32+00:00\" \/>\n<meta property=\"og:image\" content=\"https:\/\/dev.antudigital.cl\/sites\/vc\/wp-content\/uploads\/2024\/10\/Captura-de-Pantalla-2024-10-07-a-las-15.31.01.png\" \/>\n\t<meta property=\"og:image:width\" content=\"577\" \/>\n\t<meta property=\"og:image:height\" content=\"389\" \/>\n\t<meta property=\"og:image:type\" content=\"image\/png\" \/>\n<meta name=\"author\" content=\"Valpara\u00edso Creativo\" \/>\n<meta name=\"twitter:card\" content=\"summary_large_image\" \/>\n<meta name=\"twitter:label1\" content=\"Escrito por\" \/>\n\t<meta name=\"twitter:data1\" content=\"Valpara\u00edso Creativo\" \/>\n\t<meta name=\"twitter:label2\" content=\"Tiempo de lectura\" \/>\n\t<meta name=\"twitter:data2\" content=\"3 minutos\" \/>\n<script type=\"application\/ld+json\" class=\"yoast-schema-graph\">{\"@context\":\"https:\/\/schema.org\",\"@graph\":[{\"@type\":\"Article\",\"@id\":\"https:\/\/dev.antudigital.cl\/sites\/vc\/artista-retrata-in-situ-a-la-bohemia-portena-e-inaugura-exposicion-en-villa-alemana\/#article\",\"isPartOf\":{\"@id\":\"https:\/\/dev.antudigital.cl\/sites\/vc\/artista-retrata-in-situ-a-la-bohemia-portena-e-inaugura-exposicion-en-villa-alemana\/\"},\"author\":{\"name\":\"Valpara\u00edso Creativo\",\"@id\":\"https:\/\/dev.antudigital.cl\/sites\/vc\/#\/schema\/person\/c2b9da8dd545e27166fc5ab232837318\"},\"headline\":\"Artista retrata in situ a la bohemia porte\u00f1a e inaugura exposici\u00f3n en Villa Alemana\",\"datePublished\":\"2024-10-07T18:34:13+00:00\",\"dateModified\":\"2024-10-07T18:34:32+00:00\",\"mainEntityOfPage\":{\"@id\":\"https:\/\/dev.antudigital.cl\/sites\/vc\/artista-retrata-in-situ-a-la-bohemia-portena-e-inaugura-exposicion-en-villa-alemana\/\"},\"wordCount\":501,\"image\":{\"@id\":\"https:\/\/dev.antudigital.cl\/sites\/vc\/artista-retrata-in-situ-a-la-bohemia-portena-e-inaugura-exposicion-en-villa-alemana\/#primaryimage\"},\"thumbnailUrl\":\"https:\/\/dev.antudigital.cl\/sites\/vc\/wp-content\/uploads\/2024\/10\/Captura-de-Pantalla-2024-10-07-a-las-15.31.01.png\",\"articleSection\":[\"Noticia\"],\"inLanguage\":\"es\"},{\"@type\":\"WebPage\",\"@id\":\"https:\/\/dev.antudigital.cl\/sites\/vc\/artista-retrata-in-situ-a-la-bohemia-portena-e-inaugura-exposicion-en-villa-alemana\/\",\"url\":\"https:\/\/dev.antudigital.cl\/sites\/vc\/artista-retrata-in-situ-a-la-bohemia-portena-e-inaugura-exposicion-en-villa-alemana\/\",\"name\":\"Artista retrata in situ a la bohemia porte\u00f1a e inaugura exposici\u00f3n en Villa Alemana - Valpara\u00ed\u00adso Creativo\",\"isPartOf\":{\"@id\":\"https:\/\/dev.antudigital.cl\/sites\/vc\/#website\"},\"primaryImageOfPage\":{\"@id\":\"https:\/\/dev.antudigital.cl\/sites\/vc\/artista-retrata-in-situ-a-la-bohemia-portena-e-inaugura-exposicion-en-villa-alemana\/#primaryimage\"},\"image\":{\"@id\":\"https:\/\/dev.antudigital.cl\/sites\/vc\/artista-retrata-in-situ-a-la-bohemia-portena-e-inaugura-exposicion-en-villa-alemana\/#primaryimage\"},\"thumbnailUrl\":\"https:\/\/dev.antudigital.cl\/sites\/vc\/wp-content\/uploads\/2024\/10\/Captura-de-Pantalla-2024-10-07-a-las-15.31.01.png\",\"datePublished\":\"2024-10-07T18:34:13+00:00\",\"dateModified\":\"2024-10-07T18:34:32+00:00\",\"author\":{\"@id\":\"https:\/\/dev.antudigital.cl\/sites\/vc\/#\/schema\/person\/c2b9da8dd545e27166fc5ab232837318\"},\"breadcrumb\":{\"@id\":\"https:\/\/dev.antudigital.cl\/sites\/vc\/artista-retrata-in-situ-a-la-bohemia-portena-e-inaugura-exposicion-en-villa-alemana\/#breadcrumb\"},\"inLanguage\":\"es\",\"potentialAction\":[{\"@type\":\"ReadAction\",\"target\":[\"https:\/\/dev.antudigital.cl\/sites\/vc\/artista-retrata-in-situ-a-la-bohemia-portena-e-inaugura-exposicion-en-villa-alemana\/\"]}]},{\"@type\":\"ImageObject\",\"inLanguage\":\"es\",\"@id\":\"https:\/\/dev.antudigital.cl\/sites\/vc\/artista-retrata-in-situ-a-la-bohemia-portena-e-inaugura-exposicion-en-villa-alemana\/#primaryimage\",\"url\":\"https:\/\/dev.antudigital.cl\/sites\/vc\/wp-content\/uploads\/2024\/10\/Captura-de-Pantalla-2024-10-07-a-las-15.31.01.png\",\"contentUrl\":\"https:\/\/dev.antudigital.cl\/sites\/vc\/wp-content\/uploads\/2024\/10\/Captura-de-Pantalla-2024-10-07-a-las-15.31.01.png\",\"width\":577,\"height\":389},{\"@type\":\"BreadcrumbList\",\"@id\":\"https:\/\/dev.antudigital.cl\/sites\/vc\/artista-retrata-in-situ-a-la-bohemia-portena-e-inaugura-exposicion-en-villa-alemana\/#breadcrumb\",\"itemListElement\":[{\"@type\":\"ListItem\",\"position\":1,\"name\":\"Home\",\"item\":\"https:\/\/dev.antudigital.cl\/sites\/vc\/\"},{\"@type\":\"ListItem\",\"position\":2,\"name\":\"Artista retrata in situ a la bohemia porte\u00f1a e inaugura exposici\u00f3n en Villa Alemana\"}]},{\"@type\":\"WebSite\",\"@id\":\"https:\/\/dev.antudigital.cl\/sites\/vc\/#website\",\"url\":\"https:\/\/dev.antudigital.cl\/sites\/vc\/\",\"name\":\"Valpara\u00ed\u00adso Creativo\",\"description\":\"\",\"potentialAction\":[{\"@type\":\"SearchAction\",\"target\":{\"@type\":\"EntryPoint\",\"urlTemplate\":\"https:\/\/dev.antudigital.cl\/sites\/vc\/?s={search_term_string}\"},\"query-input\":{\"@type\":\"PropertyValueSpecification\",\"valueRequired\":true,\"valueName\":\"search_term_string\"}}],\"inLanguage\":\"es\"},{\"@type\":\"Person\",\"@id\":\"https:\/\/dev.antudigital.cl\/sites\/vc\/#\/schema\/person\/c2b9da8dd545e27166fc5ab232837318\",\"name\":\"Valpara\u00edso Creativo\",\"description\":\"Periodista de cultura en la Regi\u00f3n de Valpara\u00edso.\",\"url\":\"https:\/\/dev.antudigital.cl\/sites\/vc\/author\/valpoadmin\/\"}]}<\/script>\n<!-- \/ Yoast SEO plugin. -->","yoast_head_json":{"title":"Artista retrata in situ a la bohemia porte\u00f1a e inaugura exposici\u00f3n en Villa Alemana - Valpara\u00ed\u00adso Creativo","robots":{"index":"index","follow":"follow","max-snippet":"max-snippet:-1","max-image-preview":"max-image-preview:large","max-video-preview":"max-video-preview:-1"},"canonical":"https:\/\/dev.antudigital.cl\/sites\/vc\/artista-retrata-in-situ-a-la-bohemia-portena-e-inaugura-exposicion-en-villa-alemana\/","og_locale":"es_ES","og_type":"article","og_title":"Artista retrata in situ a la bohemia porte\u00f1a e inaugura exposici\u00f3n en Villa Alemana - Valpara\u00ed\u00adso Creativo","og_description":"Este jueves 10 de octubre, a las 19:00 hrs, el Centro Cultural Gabriela Mistral de Villa Alemana (Santiago #674) ser\u00e1 el escenario de la inauguraci\u00f3n de la exposici\u00f3n&nbsp;\u201cBohemia porte\u00f1a in situ: pinceladas de historia y contingencia\u201d, del artista visual Fabio Lazcano, una muestra que conecta la tradici\u00f3n de la m\u00fasica bohemia porte\u00f1a con la pintura [&hellip;]","og_url":"https:\/\/dev.antudigital.cl\/sites\/vc\/artista-retrata-in-situ-a-la-bohemia-portena-e-inaugura-exposicion-en-villa-alemana\/","og_site_name":"Valpara\u00ed\u00adso Creativo","article_published_time":"2024-10-07T18:34:13+00:00","article_modified_time":"2024-10-07T18:34:32+00:00","og_image":[{"width":577,"height":389,"url":"https:\/\/dev.antudigital.cl\/sites\/vc\/wp-content\/uploads\/2024\/10\/Captura-de-Pantalla-2024-10-07-a-las-15.31.01.png","type":"image\/png"}],"author":"Valpara\u00edso Creativo","twitter_card":"summary_large_image","twitter_misc":{"Escrito por":"Valpara\u00edso Creativo","Tiempo de lectura":"3 minutos"},"schema":{"@context":"https:\/\/schema.org","@graph":[{"@type":"Article","@id":"https:\/\/dev.antudigital.cl\/sites\/vc\/artista-retrata-in-situ-a-la-bohemia-portena-e-inaugura-exposicion-en-villa-alemana\/#article","isPartOf":{"@id":"https:\/\/dev.antudigital.cl\/sites\/vc\/artista-retrata-in-situ-a-la-bohemia-portena-e-inaugura-exposicion-en-villa-alemana\/"},"author":{"name":"Valpara\u00edso Creativo","@id":"https:\/\/dev.antudigital.cl\/sites\/vc\/#\/schema\/person\/c2b9da8dd545e27166fc5ab232837318"},"headline":"Artista retrata in situ a la bohemia porte\u00f1a e inaugura exposici\u00f3n en Villa Alemana","datePublished":"2024-10-07T18:34:13+00:00","dateModified":"2024-10-07T18:34:32+00:00","mainEntityOfPage":{"@id":"https:\/\/dev.antudigital.cl\/sites\/vc\/artista-retrata-in-situ-a-la-bohemia-portena-e-inaugura-exposicion-en-villa-alemana\/"},"wordCount":501,"image":{"@id":"https:\/\/dev.antudigital.cl\/sites\/vc\/artista-retrata-in-situ-a-la-bohemia-portena-e-inaugura-exposicion-en-villa-alemana\/#primaryimage"},"thumbnailUrl":"https:\/\/dev.antudigital.cl\/sites\/vc\/wp-content\/uploads\/2024\/10\/Captura-de-Pantalla-2024-10-07-a-las-15.31.01.png","articleSection":["Noticia"],"inLanguage":"es"},{"@type":"WebPage","@id":"https:\/\/dev.antudigital.cl\/sites\/vc\/artista-retrata-in-situ-a-la-bohemia-portena-e-inaugura-exposicion-en-villa-alemana\/","url":"https:\/\/dev.antudigital.cl\/sites\/vc\/artista-retrata-in-situ-a-la-bohemia-portena-e-inaugura-exposicion-en-villa-alemana\/","name":"Artista retrata in situ a la bohemia porte\u00f1a e inaugura exposici\u00f3n en Villa Alemana - Valpara\u00ed\u00adso Creativo","isPartOf":{"@id":"https:\/\/dev.antudigital.cl\/sites\/vc\/#website"},"primaryImageOfPage":{"@id":"https:\/\/dev.antudigital.cl\/sites\/vc\/artista-retrata-in-situ-a-la-bohemia-portena-e-inaugura-exposicion-en-villa-alemana\/#primaryimage"},"image":{"@id":"https:\/\/dev.antudigital.cl\/sites\/vc\/artista-retrata-in-situ-a-la-bohemia-portena-e-inaugura-exposicion-en-villa-alemana\/#primaryimage"},"thumbnailUrl":"https:\/\/dev.antudigital.cl\/sites\/vc\/wp-content\/uploads\/2024\/10\/Captura-de-Pantalla-2024-10-07-a-las-15.31.01.png","datePublished":"2024-10-07T18:34:13+00:00","dateModified":"2024-10-07T18:34:32+00:00","author":{"@id":"https:\/\/dev.antudigital.cl\/sites\/vc\/#\/schema\/person\/c2b9da8dd545e27166fc5ab232837318"},"breadcrumb":{"@id":"https:\/\/dev.antudigital.cl\/sites\/vc\/artista-retrata-in-situ-a-la-bohemia-portena-e-inaugura-exposicion-en-villa-alemana\/#breadcrumb"},"inLanguage":"es","potentialAction":[{"@type":"ReadAction","target":["https:\/\/dev.antudigital.cl\/sites\/vc\/artista-retrata-in-situ-a-la-bohemia-portena-e-inaugura-exposicion-en-villa-alemana\/"]}]},{"@type":"ImageObject","inLanguage":"es","@id":"https:\/\/dev.antudigital.cl\/sites\/vc\/artista-retrata-in-situ-a-la-bohemia-portena-e-inaugura-exposicion-en-villa-alemana\/#primaryimage","url":"https:\/\/dev.antudigital.cl\/sites\/vc\/wp-content\/uploads\/2024\/10\/Captura-de-Pantalla-2024-10-07-a-las-15.31.01.png","contentUrl":"https:\/\/dev.antudigital.cl\/sites\/vc\/wp-content\/uploads\/2024\/10\/Captura-de-Pantalla-2024-10-07-a-las-15.31.01.png","width":577,"height":389},{"@type":"BreadcrumbList","@id":"https:\/\/dev.antudigital.cl\/sites\/vc\/artista-retrata-in-situ-a-la-bohemia-portena-e-inaugura-exposicion-en-villa-alemana\/#breadcrumb","itemListElement":[{"@type":"ListItem","position":1,"name":"Home","item":"https:\/\/dev.antudigital.cl\/sites\/vc\/"},{"@type":"ListItem","position":2,"name":"Artista retrata in situ a la bohemia porte\u00f1a e inaugura exposici\u00f3n en Villa Alemana"}]},{"@type":"WebSite","@id":"https:\/\/dev.antudigital.cl\/sites\/vc\/#website","url":"https:\/\/dev.antudigital.cl\/sites\/vc\/","name":"Valpara\u00ed\u00adso Creativo","description":"","potentialAction":[{"@type":"SearchAction","target":{"@type":"EntryPoint","urlTemplate":"https:\/\/dev.antudigital.cl\/sites\/vc\/?s={search_term_string}"},"query-input":{"@type":"PropertyValueSpecification","valueRequired":true,"valueName":"search_term_string"}}],"inLanguage":"es"},{"@type":"Person","@id":"https:\/\/dev.antudigital.cl\/sites\/vc\/#\/schema\/person\/c2b9da8dd545e27166fc5ab232837318","name":"Valpara\u00edso Creativo","description":"Periodista de cultura en la Regi\u00f3n de Valpara\u00edso.","url":"https:\/\/dev.antudigital.cl\/sites\/vc\/author\/valpoadmin\/"}]}},"_links":{"self":[{"href":"https:\/\/dev.antudigital.cl\/sites\/vc\/wp-json\/wp\/v2\/posts\/20653","targetHints":{"allow":["GET"]}}],"collection":[{"href":"https:\/\/dev.antudigital.cl\/sites\/vc\/wp-json\/wp\/v2\/posts"}],"about":[{"href":"https:\/\/dev.antudigital.cl\/sites\/vc\/wp-json\/wp\/v2\/types\/post"}],"author":[{"embeddable":true,"href":"https:\/\/dev.antudigital.cl\/sites\/vc\/wp-json\/wp\/v2\/users\/1"}],"replies":[{"embeddable":true,"href":"https:\/\/dev.antudigital.cl\/sites\/vc\/wp-json\/wp\/v2\/comments?post=20653"}],"version-history":[{"count":1,"href":"https:\/\/dev.antudigital.cl\/sites\/vc\/wp-json\/wp\/v2\/posts\/20653\/revisions"}],"predecessor-version":[{"id":20656,"href":"https:\/\/dev.antudigital.cl\/sites\/vc\/wp-json\/wp\/v2\/posts\/20653\/revisions\/20656"}],"wp:featuredmedia":[{"embeddable":true,"href":"https:\/\/dev.antudigital.cl\/sites\/vc\/wp-json\/wp\/v2\/media\/20654"}],"wp:attachment":[{"href":"https:\/\/dev.antudigital.cl\/sites\/vc\/wp-json\/wp\/v2\/media?parent=20653"}],"wp:term":[{"taxonomy":"category","embeddable":true,"href":"https:\/\/dev.antudigital.cl\/sites\/vc\/wp-json\/wp\/v2\/categories?post=20653"},{"taxonomy":"post_tag","embeddable":true,"href":"https:\/\/dev.antudigital.cl\/sites\/vc\/wp-json\/wp\/v2\/tags?post=20653"}],"curies":[{"name":"wp","href":"https:\/\/api.w.org\/{rel}","templated":true}]}}