{"id":20658,"date":"2024-10-07T19:30:05","date_gmt":"2024-10-07T19:30:05","guid":{"rendered":"https:\/\/www.valparaisocreativo.cl\/?p=20658"},"modified":"2024-10-07T19:30:26","modified_gmt":"2024-10-07T19:30:26","slug":"con-la-performance-sonora-improvisacion-1-ecos-en-la-piel-cerro-la-exposicion-de-ana-blanchard-en-el-parque-cultural-de-valparaiso","status":"publish","type":"post","link":"https:\/\/dev.antudigital.cl\/sites\/vc\/con-la-performance-sonora-improvisacion-1-ecos-en-la-piel-cerro-la-exposicion-de-ana-blanchard-en-el-parque-cultural-de-valparaiso\/","title":{"rendered":"Con la performance sonora: improvisaci\u00f3n #1 Ecos en la piel, cerr\u00f3 la exposici\u00f3n de Ana Blanchard en el Parque Cultural de Valpara\u00edso"},"content":{"rendered":"\n<p>Volver a lo ritual, al origen, las ra\u00edces, el sonido, la expresi\u00f3n del cuerpo. El alma se suma pronto a esta meditaci\u00f3n en movimiento, generando un espiral de vibraciones volc\u00e1nicas. Un torrente energ\u00e9tico que nace sin restricciones de significaci\u00f3n.<\/p>\n\n\n\n<p>Se trata de la performance sonora \u201cEcos en la piel\u201d, de la artista multidisciplinar Ana Blanchard y Rodrigo R\u00edos, artista sonoro. Ana expuso en la Galer\u00eda de Artes Visuales del Parque Cultural de Valpara\u00edso, la obra \u201cTu cuerpo es signo del que brotan conjuras\u201d, con gran recepci\u00f3n de la comunidad que se sumergi\u00f3 en las profundidades significantes de los s\u00edmbolos de la naturaleza y lo humano. En esta performance, se sum\u00f3 el video, el sonido y la conducci\u00f3n sabia de quien supo encaminar el esp\u00edritu a nuevos niveles de conciencia, por medio de vibraciones que reberberaron en el espacio expositivo.<\/p>\n\n\n\n<p><strong>Capturas y activaciones del cuerpo<\/strong><\/p>\n\n\n\n<p>Lo explica Ana Blanchard: \u201cdurante el proceso de investigaci\u00f3n creaci\u00f3n, me sumerg\u00ed en el inconsciente, en procesos terap\u00e9uticos de constelaci\u00f3n para llegar a la ra\u00edz misma y m\u00e1s atr\u00e1s, viajes meditativos, encuentros, reencuentros y conexiones profundas, aproximaciones sensibles que aprend\u00ed y sigo aprendiendo de la pr\u00e1ctica de taichi y danza butoh, conocimientos que fueron puestos en pr\u00e1ctica al momento de interactuar con la obra instalativa en su totalidad. Fue un recorrido bello y m\u00e1gico, de muchas vivencias y experiencias que fueron capturadas en la memoria del cuerpo, acciones accionadas por sonidos de mar, por ecos de animales marinos y m\u00e1s, puestos en di\u00e1logo, activando finalmente toda la instalaci\u00f3n y tambi\u00e9n la propia cuerpa, me dej\u00e9 llevar, me entregue sin pensar, simplemente fui, flu\u00ed, deje de ser para realmente sentir y estar. La performance de cierre fue la apertura hacia nuevas preguntas, procesos, conexiones y aproximaciones sensibles.\u201d<\/p>\n\n\n\n<p>La obra mayor de Ana Blanchard en el Parque Cultural funcion\u00f3 como un gran abanico conceptual de lo que la artista nos propone; mirarnos, pensarnos, preguntarnos y deslizarnos a las aguas m\u00e1s profundas de nuestra esencia, buceando en lo que buscamos, lo que nos exigimos, lo que nos gritamos a trav\u00e9s del arte.<\/p>\n\n\n\n<p>Terminar un proceso, partiendo un nuevo ciclo<\/p>\n\n\n\n<p>Por ello se suma en una continuidad art\u00edstica, filos\u00f3fica y est\u00e9tica estas propuestas perform\u00e1ticas, que dada la recepci\u00f3n y la secuencia creativa seguir\u00e1n en los pr\u00f3ximos meses: \u201cEsta es una etapa de un proceso m\u00e1s largo y c\u00edclico tambi\u00e9n, que se va a extender en el tiempo y traspasar\u00e1 fronteras\u201d.<\/p>\n\n\n\n<p><strong>Sonido, algas, ballenas<\/strong><\/p>\n\n\n\n<p>La intervenci\u00f3n de Rodrigo R\u00edos funciona con una complicidad \u00fanica, como se\u00f1ala \u201cfue s\u00faper buen compa\u00f1ero, nos entendimos al tiro, me ley\u00f3 muy bien y no solo amplific\u00f3 y sac\u00f3 notas y sonidos desde lo t\u00e1ctil al cochayuyo, tambi\u00e9n esta improvisaci\u00f3n fue una performance muy desde lo ritual, con cruces de memorias y procesos profundos, el resultado fue la puesta en escena de un rito de transmutaci\u00f3n, para mi Rodrigo hizo el papel de un cham\u00e1n. De todas maneras seguiremos trabajando juntos, hicimos excelente conexi\u00f3n y dupla creativa.\u201d<\/p>\n\n\n\n<p>Rodrigo R\u00edos Zunino se dedica al arte sonoro y a las artes mediales, explica su proceso en este gran viaje que nos embarca la artista. \u201cNos conocimos con Ana hace muy poco, yo justo tengo un trabajo con algas que est\u00e1 en el Museo de Historia Natural de Santiago, que fue una invitaci\u00f3n que me hizo la Fundaci\u00f3n Mar Adentro y ah\u00ed tambi\u00e9n desarroll\u00e9 un dispositivo en el que hago tambi\u00e9n vibrar las algas con hilos, con un m\u00e9todo de transducci\u00f3n t\u00e1ctil indirecta y el rol que desempe\u00f1\u00e9 fue b\u00e1sicamente el de sonificar esta performance y bueno, ser uno m\u00e1s de los performers. Parte de lo que yo hago, particularmente, requiere de movimiento, de activaci\u00f3n de piezas, de mover cosas, es como un poco m\u00e1s dentro de la l\u00f3gica de una mixtura entre arte sonoro, performance, arte contempor\u00e1neo, entonces ven\u00eda s\u00faper bien tambi\u00e9n el hecho de poder interactuar con la instalaci\u00f3n.\u201d<\/p>\n","protected":false},"excerpt":{"rendered":"<p>Volver a lo ritual, al origen, las ra\u00edces, el sonido, la expresi\u00f3n del cuerpo. El alma se suma pronto a esta meditaci\u00f3n en movimiento, generando un espiral de vibraciones volc\u00e1nicas. Un torrente energ\u00e9tico que nace sin restricciones de significaci\u00f3n. Se trata de la performance sonora \u201cEcos en la piel\u201d, de la artista multidisciplinar Ana Blanchard [&hellip;]<\/p>\n","protected":false},"author":1,"featured_media":20659,"comment_status":"closed","ping_status":"closed","sticky":false,"template":"","format":"standard","meta":{"_acf_changed":false,"footnotes":""},"categories":[1],"tags":[],"class_list":["post-20658","post","type-post","status-publish","format-standard","has-post-thumbnail","hentry","category-uncategorized"],"acf":[],"yoast_head":"<!-- This site is optimized with the Yoast SEO plugin v27.1.1 - https:\/\/yoast.com\/product\/yoast-seo-wordpress\/ -->\n<title>Con la performance sonora: improvisaci\u00f3n #1 Ecos en la piel, cerr\u00f3 la exposici\u00f3n de Ana Blanchard en el Parque Cultural de Valpara\u00edso - Valpara\u00ed\u00adso Creativo<\/title>\n<meta name=\"robots\" content=\"index, follow, max-snippet:-1, max-image-preview:large, max-video-preview:-1\" \/>\n<link rel=\"canonical\" href=\"https:\/\/dev.antudigital.cl\/sites\/vc\/con-la-performance-sonora-improvisacion-1-ecos-en-la-piel-cerro-la-exposicion-de-ana-blanchard-en-el-parque-cultural-de-valparaiso\/\" \/>\n<meta property=\"og:locale\" content=\"es_ES\" \/>\n<meta property=\"og:type\" content=\"article\" \/>\n<meta property=\"og:title\" content=\"Con la performance sonora: improvisaci\u00f3n #1 Ecos en la piel, cerr\u00f3 la exposici\u00f3n de Ana Blanchard en el Parque Cultural de Valpara\u00edso - Valpara\u00ed\u00adso Creativo\" \/>\n<meta property=\"og:description\" content=\"Volver a lo ritual, al origen, las ra\u00edces, el sonido, la expresi\u00f3n del cuerpo. El alma se suma pronto a esta meditaci\u00f3n en movimiento, generando un espiral de vibraciones volc\u00e1nicas. Un torrente energ\u00e9tico que nace sin restricciones de significaci\u00f3n. Se trata de la performance sonora \u201cEcos en la piel\u201d, de la artista multidisciplinar Ana Blanchard [&hellip;]\" \/>\n<meta property=\"og:url\" content=\"https:\/\/dev.antudigital.cl\/sites\/vc\/con-la-performance-sonora-improvisacion-1-ecos-en-la-piel-cerro-la-exposicion-de-ana-blanchard-en-el-parque-cultural-de-valparaiso\/\" \/>\n<meta property=\"og:site_name\" content=\"Valpara\u00ed\u00adso Creativo\" \/>\n<meta property=\"article:published_time\" content=\"2024-10-07T19:30:05+00:00\" \/>\n<meta property=\"article:modified_time\" content=\"2024-10-07T19:30:26+00:00\" \/>\n<meta property=\"og:image\" content=\"https:\/\/dev.antudigital.cl\/sites\/vc\/wp-content\/uploads\/2024\/10\/Performance-1.jpeg\" \/>\n\t<meta property=\"og:image:width\" content=\"1024\" \/>\n\t<meta property=\"og:image:height\" content=\"1280\" \/>\n\t<meta property=\"og:image:type\" content=\"image\/jpeg\" \/>\n<meta name=\"author\" content=\"Valpara\u00edso Creativo\" \/>\n<meta name=\"twitter:card\" content=\"summary_large_image\" \/>\n<meta name=\"twitter:label1\" content=\"Escrito por\" \/>\n\t<meta name=\"twitter:data1\" content=\"Valpara\u00edso Creativo\" \/>\n\t<meta name=\"twitter:label2\" content=\"Tiempo de lectura\" \/>\n\t<meta name=\"twitter:data2\" content=\"4 minutos\" \/>\n<script type=\"application\/ld+json\" class=\"yoast-schema-graph\">{\"@context\":\"https:\/\/schema.org\",\"@graph\":[{\"@type\":\"Article\",\"@id\":\"https:\/\/dev.antudigital.cl\/sites\/vc\/con-la-performance-sonora-improvisacion-1-ecos-en-la-piel-cerro-la-exposicion-de-ana-blanchard-en-el-parque-cultural-de-valparaiso\/#article\",\"isPartOf\":{\"@id\":\"https:\/\/dev.antudigital.cl\/sites\/vc\/con-la-performance-sonora-improvisacion-1-ecos-en-la-piel-cerro-la-exposicion-de-ana-blanchard-en-el-parque-cultural-de-valparaiso\/\"},\"author\":{\"name\":\"Valpara\u00edso Creativo\",\"@id\":\"https:\/\/dev.antudigital.cl\/sites\/vc\/#\/schema\/person\/c2b9da8dd545e27166fc5ab232837318\"},\"headline\":\"Con la performance sonora: improvisaci\u00f3n #1 Ecos en la piel, cerr\u00f3 la exposici\u00f3n de Ana Blanchard en el Parque Cultural de Valpara\u00edso\",\"datePublished\":\"2024-10-07T19:30:05+00:00\",\"dateModified\":\"2024-10-07T19:30:26+00:00\",\"mainEntityOfPage\":{\"@id\":\"https:\/\/dev.antudigital.cl\/sites\/vc\/con-la-performance-sonora-improvisacion-1-ecos-en-la-piel-cerro-la-exposicion-de-ana-blanchard-en-el-parque-cultural-de-valparaiso\/\"},\"wordCount\":734,\"image\":{\"@id\":\"https:\/\/dev.antudigital.cl\/sites\/vc\/con-la-performance-sonora-improvisacion-1-ecos-en-la-piel-cerro-la-exposicion-de-ana-blanchard-en-el-parque-cultural-de-valparaiso\/#primaryimage\"},\"thumbnailUrl\":\"https:\/\/dev.antudigital.cl\/sites\/vc\/wp-content\/uploads\/2024\/10\/Performance-1.jpeg\",\"articleSection\":[\"Uncategorized\"],\"inLanguage\":\"es\"},{\"@type\":\"WebPage\",\"@id\":\"https:\/\/dev.antudigital.cl\/sites\/vc\/con-la-performance-sonora-improvisacion-1-ecos-en-la-piel-cerro-la-exposicion-de-ana-blanchard-en-el-parque-cultural-de-valparaiso\/\",\"url\":\"https:\/\/dev.antudigital.cl\/sites\/vc\/con-la-performance-sonora-improvisacion-1-ecos-en-la-piel-cerro-la-exposicion-de-ana-blanchard-en-el-parque-cultural-de-valparaiso\/\",\"name\":\"Con la performance sonora: improvisaci\u00f3n #1 Ecos en la piel, cerr\u00f3 la exposici\u00f3n de Ana Blanchard en el Parque Cultural de Valpara\u00edso - Valpara\u00ed\u00adso Creativo\",\"isPartOf\":{\"@id\":\"https:\/\/dev.antudigital.cl\/sites\/vc\/#website\"},\"primaryImageOfPage\":{\"@id\":\"https:\/\/dev.antudigital.cl\/sites\/vc\/con-la-performance-sonora-improvisacion-1-ecos-en-la-piel-cerro-la-exposicion-de-ana-blanchard-en-el-parque-cultural-de-valparaiso\/#primaryimage\"},\"image\":{\"@id\":\"https:\/\/dev.antudigital.cl\/sites\/vc\/con-la-performance-sonora-improvisacion-1-ecos-en-la-piel-cerro-la-exposicion-de-ana-blanchard-en-el-parque-cultural-de-valparaiso\/#primaryimage\"},\"thumbnailUrl\":\"https:\/\/dev.antudigital.cl\/sites\/vc\/wp-content\/uploads\/2024\/10\/Performance-1.jpeg\",\"datePublished\":\"2024-10-07T19:30:05+00:00\",\"dateModified\":\"2024-10-07T19:30:26+00:00\",\"author\":{\"@id\":\"https:\/\/dev.antudigital.cl\/sites\/vc\/#\/schema\/person\/c2b9da8dd545e27166fc5ab232837318\"},\"breadcrumb\":{\"@id\":\"https:\/\/dev.antudigital.cl\/sites\/vc\/con-la-performance-sonora-improvisacion-1-ecos-en-la-piel-cerro-la-exposicion-de-ana-blanchard-en-el-parque-cultural-de-valparaiso\/#breadcrumb\"},\"inLanguage\":\"es\",\"potentialAction\":[{\"@type\":\"ReadAction\",\"target\":[\"https:\/\/dev.antudigital.cl\/sites\/vc\/con-la-performance-sonora-improvisacion-1-ecos-en-la-piel-cerro-la-exposicion-de-ana-blanchard-en-el-parque-cultural-de-valparaiso\/\"]}]},{\"@type\":\"ImageObject\",\"inLanguage\":\"es\",\"@id\":\"https:\/\/dev.antudigital.cl\/sites\/vc\/con-la-performance-sonora-improvisacion-1-ecos-en-la-piel-cerro-la-exposicion-de-ana-blanchard-en-el-parque-cultural-de-valparaiso\/#primaryimage\",\"url\":\"https:\/\/dev.antudigital.cl\/sites\/vc\/wp-content\/uploads\/2024\/10\/Performance-1.jpeg\",\"contentUrl\":\"https:\/\/dev.antudigital.cl\/sites\/vc\/wp-content\/uploads\/2024\/10\/Performance-1.jpeg\",\"width\":1024,\"height\":1280},{\"@type\":\"BreadcrumbList\",\"@id\":\"https:\/\/dev.antudigital.cl\/sites\/vc\/con-la-performance-sonora-improvisacion-1-ecos-en-la-piel-cerro-la-exposicion-de-ana-blanchard-en-el-parque-cultural-de-valparaiso\/#breadcrumb\",\"itemListElement\":[{\"@type\":\"ListItem\",\"position\":1,\"name\":\"Home\",\"item\":\"https:\/\/dev.antudigital.cl\/sites\/vc\/\"},{\"@type\":\"ListItem\",\"position\":2,\"name\":\"Con la performance sonora: improvisaci\u00f3n #1 Ecos en la piel, cerr\u00f3 la exposici\u00f3n de Ana Blanchard en el Parque Cultural de Valpara\u00edso\"}]},{\"@type\":\"WebSite\",\"@id\":\"https:\/\/dev.antudigital.cl\/sites\/vc\/#website\",\"url\":\"https:\/\/dev.antudigital.cl\/sites\/vc\/\",\"name\":\"Valpara\u00ed\u00adso Creativo\",\"description\":\"\",\"potentialAction\":[{\"@type\":\"SearchAction\",\"target\":{\"@type\":\"EntryPoint\",\"urlTemplate\":\"https:\/\/dev.antudigital.cl\/sites\/vc\/?s={search_term_string}\"},\"query-input\":{\"@type\":\"PropertyValueSpecification\",\"valueRequired\":true,\"valueName\":\"search_term_string\"}}],\"inLanguage\":\"es\"},{\"@type\":\"Person\",\"@id\":\"https:\/\/dev.antudigital.cl\/sites\/vc\/#\/schema\/person\/c2b9da8dd545e27166fc5ab232837318\",\"name\":\"Valpara\u00edso Creativo\",\"description\":\"Periodista de cultura en la Regi\u00f3n de Valpara\u00edso.\",\"url\":\"https:\/\/dev.antudigital.cl\/sites\/vc\/author\/valpoadmin\/\"}]}<\/script>\n<!-- \/ Yoast SEO plugin. -->","yoast_head_json":{"title":"Con la performance sonora: improvisaci\u00f3n #1 Ecos en la piel, cerr\u00f3 la exposici\u00f3n de Ana Blanchard en el Parque Cultural de Valpara\u00edso - Valpara\u00ed\u00adso Creativo","robots":{"index":"index","follow":"follow","max-snippet":"max-snippet:-1","max-image-preview":"max-image-preview:large","max-video-preview":"max-video-preview:-1"},"canonical":"https:\/\/dev.antudigital.cl\/sites\/vc\/con-la-performance-sonora-improvisacion-1-ecos-en-la-piel-cerro-la-exposicion-de-ana-blanchard-en-el-parque-cultural-de-valparaiso\/","og_locale":"es_ES","og_type":"article","og_title":"Con la performance sonora: improvisaci\u00f3n #1 Ecos en la piel, cerr\u00f3 la exposici\u00f3n de Ana Blanchard en el Parque Cultural de Valpara\u00edso - Valpara\u00ed\u00adso Creativo","og_description":"Volver a lo ritual, al origen, las ra\u00edces, el sonido, la expresi\u00f3n del cuerpo. El alma se suma pronto a esta meditaci\u00f3n en movimiento, generando un espiral de vibraciones volc\u00e1nicas. Un torrente energ\u00e9tico que nace sin restricciones de significaci\u00f3n. Se trata de la performance sonora \u201cEcos en la piel\u201d, de la artista multidisciplinar Ana Blanchard [&hellip;]","og_url":"https:\/\/dev.antudigital.cl\/sites\/vc\/con-la-performance-sonora-improvisacion-1-ecos-en-la-piel-cerro-la-exposicion-de-ana-blanchard-en-el-parque-cultural-de-valparaiso\/","og_site_name":"Valpara\u00ed\u00adso Creativo","article_published_time":"2024-10-07T19:30:05+00:00","article_modified_time":"2024-10-07T19:30:26+00:00","og_image":[{"width":1024,"height":1280,"url":"https:\/\/dev.antudigital.cl\/sites\/vc\/wp-content\/uploads\/2024\/10\/Performance-1.jpeg","type":"image\/jpeg"}],"author":"Valpara\u00edso Creativo","twitter_card":"summary_large_image","twitter_misc":{"Escrito por":"Valpara\u00edso Creativo","Tiempo de lectura":"4 minutos"},"schema":{"@context":"https:\/\/schema.org","@graph":[{"@type":"Article","@id":"https:\/\/dev.antudigital.cl\/sites\/vc\/con-la-performance-sonora-improvisacion-1-ecos-en-la-piel-cerro-la-exposicion-de-ana-blanchard-en-el-parque-cultural-de-valparaiso\/#article","isPartOf":{"@id":"https:\/\/dev.antudigital.cl\/sites\/vc\/con-la-performance-sonora-improvisacion-1-ecos-en-la-piel-cerro-la-exposicion-de-ana-blanchard-en-el-parque-cultural-de-valparaiso\/"},"author":{"name":"Valpara\u00edso Creativo","@id":"https:\/\/dev.antudigital.cl\/sites\/vc\/#\/schema\/person\/c2b9da8dd545e27166fc5ab232837318"},"headline":"Con la performance sonora: improvisaci\u00f3n #1 Ecos en la piel, cerr\u00f3 la exposici\u00f3n de Ana Blanchard en el Parque Cultural de Valpara\u00edso","datePublished":"2024-10-07T19:30:05+00:00","dateModified":"2024-10-07T19:30:26+00:00","mainEntityOfPage":{"@id":"https:\/\/dev.antudigital.cl\/sites\/vc\/con-la-performance-sonora-improvisacion-1-ecos-en-la-piel-cerro-la-exposicion-de-ana-blanchard-en-el-parque-cultural-de-valparaiso\/"},"wordCount":734,"image":{"@id":"https:\/\/dev.antudigital.cl\/sites\/vc\/con-la-performance-sonora-improvisacion-1-ecos-en-la-piel-cerro-la-exposicion-de-ana-blanchard-en-el-parque-cultural-de-valparaiso\/#primaryimage"},"thumbnailUrl":"https:\/\/dev.antudigital.cl\/sites\/vc\/wp-content\/uploads\/2024\/10\/Performance-1.jpeg","articleSection":["Uncategorized"],"inLanguage":"es"},{"@type":"WebPage","@id":"https:\/\/dev.antudigital.cl\/sites\/vc\/con-la-performance-sonora-improvisacion-1-ecos-en-la-piel-cerro-la-exposicion-de-ana-blanchard-en-el-parque-cultural-de-valparaiso\/","url":"https:\/\/dev.antudigital.cl\/sites\/vc\/con-la-performance-sonora-improvisacion-1-ecos-en-la-piel-cerro-la-exposicion-de-ana-blanchard-en-el-parque-cultural-de-valparaiso\/","name":"Con la performance sonora: improvisaci\u00f3n #1 Ecos en la piel, cerr\u00f3 la exposici\u00f3n de Ana Blanchard en el Parque Cultural de Valpara\u00edso - Valpara\u00ed\u00adso Creativo","isPartOf":{"@id":"https:\/\/dev.antudigital.cl\/sites\/vc\/#website"},"primaryImageOfPage":{"@id":"https:\/\/dev.antudigital.cl\/sites\/vc\/con-la-performance-sonora-improvisacion-1-ecos-en-la-piel-cerro-la-exposicion-de-ana-blanchard-en-el-parque-cultural-de-valparaiso\/#primaryimage"},"image":{"@id":"https:\/\/dev.antudigital.cl\/sites\/vc\/con-la-performance-sonora-improvisacion-1-ecos-en-la-piel-cerro-la-exposicion-de-ana-blanchard-en-el-parque-cultural-de-valparaiso\/#primaryimage"},"thumbnailUrl":"https:\/\/dev.antudigital.cl\/sites\/vc\/wp-content\/uploads\/2024\/10\/Performance-1.jpeg","datePublished":"2024-10-07T19:30:05+00:00","dateModified":"2024-10-07T19:30:26+00:00","author":{"@id":"https:\/\/dev.antudigital.cl\/sites\/vc\/#\/schema\/person\/c2b9da8dd545e27166fc5ab232837318"},"breadcrumb":{"@id":"https:\/\/dev.antudigital.cl\/sites\/vc\/con-la-performance-sonora-improvisacion-1-ecos-en-la-piel-cerro-la-exposicion-de-ana-blanchard-en-el-parque-cultural-de-valparaiso\/#breadcrumb"},"inLanguage":"es","potentialAction":[{"@type":"ReadAction","target":["https:\/\/dev.antudigital.cl\/sites\/vc\/con-la-performance-sonora-improvisacion-1-ecos-en-la-piel-cerro-la-exposicion-de-ana-blanchard-en-el-parque-cultural-de-valparaiso\/"]}]},{"@type":"ImageObject","inLanguage":"es","@id":"https:\/\/dev.antudigital.cl\/sites\/vc\/con-la-performance-sonora-improvisacion-1-ecos-en-la-piel-cerro-la-exposicion-de-ana-blanchard-en-el-parque-cultural-de-valparaiso\/#primaryimage","url":"https:\/\/dev.antudigital.cl\/sites\/vc\/wp-content\/uploads\/2024\/10\/Performance-1.jpeg","contentUrl":"https:\/\/dev.antudigital.cl\/sites\/vc\/wp-content\/uploads\/2024\/10\/Performance-1.jpeg","width":1024,"height":1280},{"@type":"BreadcrumbList","@id":"https:\/\/dev.antudigital.cl\/sites\/vc\/con-la-performance-sonora-improvisacion-1-ecos-en-la-piel-cerro-la-exposicion-de-ana-blanchard-en-el-parque-cultural-de-valparaiso\/#breadcrumb","itemListElement":[{"@type":"ListItem","position":1,"name":"Home","item":"https:\/\/dev.antudigital.cl\/sites\/vc\/"},{"@type":"ListItem","position":2,"name":"Con la performance sonora: improvisaci\u00f3n #1 Ecos en la piel, cerr\u00f3 la exposici\u00f3n de Ana Blanchard en el Parque Cultural de Valpara\u00edso"}]},{"@type":"WebSite","@id":"https:\/\/dev.antudigital.cl\/sites\/vc\/#website","url":"https:\/\/dev.antudigital.cl\/sites\/vc\/","name":"Valpara\u00ed\u00adso Creativo","description":"","potentialAction":[{"@type":"SearchAction","target":{"@type":"EntryPoint","urlTemplate":"https:\/\/dev.antudigital.cl\/sites\/vc\/?s={search_term_string}"},"query-input":{"@type":"PropertyValueSpecification","valueRequired":true,"valueName":"search_term_string"}}],"inLanguage":"es"},{"@type":"Person","@id":"https:\/\/dev.antudigital.cl\/sites\/vc\/#\/schema\/person\/c2b9da8dd545e27166fc5ab232837318","name":"Valpara\u00edso Creativo","description":"Periodista de cultura en la Regi\u00f3n de Valpara\u00edso.","url":"https:\/\/dev.antudigital.cl\/sites\/vc\/author\/valpoadmin\/"}]}},"_links":{"self":[{"href":"https:\/\/dev.antudigital.cl\/sites\/vc\/wp-json\/wp\/v2\/posts\/20658","targetHints":{"allow":["GET"]}}],"collection":[{"href":"https:\/\/dev.antudigital.cl\/sites\/vc\/wp-json\/wp\/v2\/posts"}],"about":[{"href":"https:\/\/dev.antudigital.cl\/sites\/vc\/wp-json\/wp\/v2\/types\/post"}],"author":[{"embeddable":true,"href":"https:\/\/dev.antudigital.cl\/sites\/vc\/wp-json\/wp\/v2\/users\/1"}],"replies":[{"embeddable":true,"href":"https:\/\/dev.antudigital.cl\/sites\/vc\/wp-json\/wp\/v2\/comments?post=20658"}],"version-history":[{"count":1,"href":"https:\/\/dev.antudigital.cl\/sites\/vc\/wp-json\/wp\/v2\/posts\/20658\/revisions"}],"predecessor-version":[{"id":20660,"href":"https:\/\/dev.antudigital.cl\/sites\/vc\/wp-json\/wp\/v2\/posts\/20658\/revisions\/20660"}],"wp:featuredmedia":[{"embeddable":true,"href":"https:\/\/dev.antudigital.cl\/sites\/vc\/wp-json\/wp\/v2\/media\/20659"}],"wp:attachment":[{"href":"https:\/\/dev.antudigital.cl\/sites\/vc\/wp-json\/wp\/v2\/media?parent=20658"}],"wp:term":[{"taxonomy":"category","embeddable":true,"href":"https:\/\/dev.antudigital.cl\/sites\/vc\/wp-json\/wp\/v2\/categories?post=20658"},{"taxonomy":"post_tag","embeddable":true,"href":"https:\/\/dev.antudigital.cl\/sites\/vc\/wp-json\/wp\/v2\/tags?post=20658"}],"curies":[{"name":"wp","href":"https:\/\/api.w.org\/{rel}","templated":true}]}}