{"id":20661,"date":"2024-10-07T19:34:13","date_gmt":"2024-10-07T19:34:13","guid":{"rendered":"https:\/\/www.valparaisocreativo.cl\/?p=20661"},"modified":"2024-10-07T19:34:31","modified_gmt":"2024-10-07T19:34:31","slug":"el-festival-de-cine-chileno-presenta-su-8a-escuela-de-espectadores-con-un-taller-de-animacion-para-todo-chile","status":"publish","type":"post","link":"https:\/\/dev.antudigital.cl\/sites\/vc\/el-festival-de-cine-chileno-presenta-su-8a-escuela-de-espectadores-con-un-taller-de-animacion-para-todo-chile\/","title":{"rendered":"El Festival de Cine Chileno presenta su 8a Escuela de Espectadores con un taller de animaci\u00f3n para todo Chile"},"content":{"rendered":"\n<p>Como antesala de lo que ser\u00e1 la<strong>&nbsp;17\u00b0 versi\u00f3n del Festival de Cine Chileno FECICH<\/strong>, la organizaci\u00f3n invita a participar de la&nbsp;<strong>8a Escuela de Espectadores de Cine Chileno<\/strong>, su Programa de Desarrollo y Formaci\u00f3n de P\u00fablicos que se caracteriza por ser un espacio de encuentro, de reflexi\u00f3n sobre la cinematograf\u00eda nacional y del rol que cumplen los espectadores.<\/p>\n\n\n\n<p>Para ello se desarrollar\u00e1n dos talleres gratuitos, uno en modalidad presencial en Quilpu\u00e9 y el otro en formato virtual para todo Chile. Los cupos son limitados y la inscripci\u00f3n se hace en la p\u00e1gina web&nbsp;<a href=\"http:\/\/www.fecich.cl\/\" target=\"_blank\" rel=\"noreferrer noopener\">www.fecich.cl<\/a><\/p>\n\n\n\n<p>El&nbsp;<strong>\u201cTaller de Moderaci\u00f3n y Curator\u00eda Participativa\u201d&nbsp;<\/strong>se desarrollar\u00e1 de manera presencial en el&nbsp;<strong>Microcine&nbsp;<\/strong>del&nbsp;<strong>Teatro Municipal Juan Bustos Ram\u00edrez de Quilpu\u00e9<\/strong>&nbsp;y ser\u00e1 dictado por&nbsp;<strong>Alejandra Pinto<\/strong>,cr\u00edtica, investigadora y docente de historia del cine. Este taller busca revisar elementos que permitan comprender contextos sociales y territoriales para la curator\u00eda cinematogr\u00e1fica. Los y las participantes realizar\u00e1n una curator\u00eda de pel\u00edculas, a partir de un conjunto de t\u00edtulos previamente definidos por la organizaci\u00f3n del festival, la que ser\u00e1 parte del 17\u00b0 Festival de Cine Chileno FECICH, en enero de 2025.<\/p>\n\n\n\n<figure class=\"wp-block-image size-large\"><img fetchpriority=\"high\" decoding=\"async\" width=\"1024\" height=\"575\" src=\"https:\/\/www.valparaisocreativo.cl\/wp-content\/uploads\/2024\/10\/Clase-Gabriel-Osorio-1024x575.jpeg\" alt=\"\" class=\"wp-image-20664\" srcset=\"https:\/\/dev.antudigital.cl\/sites\/vc\/wp-content\/uploads\/2024\/10\/Clase-Gabriel-Osorio-1024x575.jpeg 1024w, https:\/\/dev.antudigital.cl\/sites\/vc\/wp-content\/uploads\/2024\/10\/Clase-Gabriel-Osorio-300x169.jpeg 300w, https:\/\/dev.antudigital.cl\/sites\/vc\/wp-content\/uploads\/2024\/10\/Clase-Gabriel-Osorio-768x431.jpeg 768w, https:\/\/dev.antudigital.cl\/sites\/vc\/wp-content\/uploads\/2024\/10\/Clase-Gabriel-Osorio-1080x607.jpeg 1080w, https:\/\/dev.antudigital.cl\/sites\/vc\/wp-content\/uploads\/2024\/10\/Clase-Gabriel-Osorio-980x550.jpeg 980w, https:\/\/dev.antudigital.cl\/sites\/vc\/wp-content\/uploads\/2024\/10\/Clase-Gabriel-Osorio-480x270.jpeg 480w, https:\/\/dev.antudigital.cl\/sites\/vc\/wp-content\/uploads\/2024\/10\/Clase-Gabriel-Osorio-24x13.jpeg 24w, https:\/\/dev.antudigital.cl\/sites\/vc\/wp-content\/uploads\/2024\/10\/Clase-Gabriel-Osorio-36x20.jpeg 36w, https:\/\/dev.antudigital.cl\/sites\/vc\/wp-content\/uploads\/2024\/10\/Clase-Gabriel-Osorio-48x27.jpeg 48w, https:\/\/dev.antudigital.cl\/sites\/vc\/wp-content\/uploads\/2024\/10\/Clase-Gabriel-Osorio.jpeg 1280w\" sizes=\"(max-width: 1024px) 100vw, 1024px\" \/><\/figure>\n\n\n\n<p>El&nbsp;<strong>\u201cTaller Mujeres Representantes de la Animaci\u00f3n Chilena\u201d<\/strong>&nbsp;se realizar\u00e1 de manera virtual&nbsp;<strong>v\u00eda zoom&nbsp;<\/strong>y tiene como objetivoacercar a los p\u00fablicos, las distintas t\u00e9cnicas, est\u00e9ticas y narrativas expresadas por mujeres chilenas en nuestra animaci\u00f3n a lo largo de su historia. Ser\u00e1n 6 sesiones en las que expondr\u00e1n Jetzabel Moreno, Vivienne Barry, Fernanda Frick, Rommy Rivera, Cecilia Toro y Fernanda V\u00e1squez junto a Constanza Miranda.<\/p>\n\n\n\n<p>La&nbsp;<strong>17\u00aa edici\u00f3n<\/strong>&nbsp;de FECICH se realizar\u00e1 presencialmente del&nbsp;<strong>24 de enero al 1 de febrero de 2025<\/strong>&nbsp;en&nbsp;<strong>Quilpu\u00e9 y Villa Alemana<\/strong>&nbsp;con extensi\u00f3n en las comunas de Quillota, Cabildo, Quintero y Llay Llay.<\/p>\n\n\n\n<p>FECICH es&nbsp;organizado por el&nbsp;<strong>Centro Cultural Quilpu\u00e9 Audiovisual<\/strong>, financiado por el Fondo de Fomento Audiovisual Convocatoria 2024 del<strong>&nbsp;Ministerio de las Culturas, las Artes y el Patrimonio&nbsp;<\/strong>y cuenta con el auspicio de la&nbsp;<strong>Ilustre<\/strong>&nbsp;<strong>Municipalidad de Quilpu\u00e9.<\/strong><\/p>\n\n\n\n<p><strong>Redes Sociales: @<a href=\"http:\/\/fecich.cl\/\" target=\"_blank\" rel=\"noreferrer noopener\">fecich.cl<\/a>&nbsp;<\/strong>&nbsp;<\/p>\n\n\n\n<figure class=\"wp-block-image size-large\"><img decoding=\"async\" width=\"819\" height=\"1024\" src=\"https:\/\/www.valparaisocreativo.cl\/wp-content\/uploads\/2024\/10\/Fecich_Taller-Moderacion-819x1024.png\" alt=\"\" class=\"wp-image-20662\" srcset=\"https:\/\/dev.antudigital.cl\/sites\/vc\/wp-content\/uploads\/2024\/10\/Fecich_Taller-Moderacion-819x1024.png 819w, https:\/\/dev.antudigital.cl\/sites\/vc\/wp-content\/uploads\/2024\/10\/Fecich_Taller-Moderacion-240x300.png 240w, https:\/\/dev.antudigital.cl\/sites\/vc\/wp-content\/uploads\/2024\/10\/Fecich_Taller-Moderacion-768x960.png 768w, https:\/\/dev.antudigital.cl\/sites\/vc\/wp-content\/uploads\/2024\/10\/Fecich_Taller-Moderacion-980x1225.png 980w, https:\/\/dev.antudigital.cl\/sites\/vc\/wp-content\/uploads\/2024\/10\/Fecich_Taller-Moderacion-480x600.png 480w, https:\/\/dev.antudigital.cl\/sites\/vc\/wp-content\/uploads\/2024\/10\/Fecich_Taller-Moderacion-19x24.png 19w, https:\/\/dev.antudigital.cl\/sites\/vc\/wp-content\/uploads\/2024\/10\/Fecich_Taller-Moderacion-29x36.png 29w, https:\/\/dev.antudigital.cl\/sites\/vc\/wp-content\/uploads\/2024\/10\/Fecich_Taller-Moderacion-38x48.png 38w, https:\/\/dev.antudigital.cl\/sites\/vc\/wp-content\/uploads\/2024\/10\/Fecich_Taller-Moderacion.png 1080w\" sizes=\"(max-width: 819px) 100vw, 819px\" \/><\/figure>\n","protected":false},"excerpt":{"rendered":"<p>Como antesala de lo que ser\u00e1 la&nbsp;17\u00b0 versi\u00f3n del Festival de Cine Chileno FECICH, la organizaci\u00f3n invita a participar de la&nbsp;8a Escuela de Espectadores de Cine Chileno, su Programa de Desarrollo y Formaci\u00f3n de P\u00fablicos que se caracteriza por ser un espacio de encuentro, de reflexi\u00f3n sobre la cinematograf\u00eda nacional y del rol que cumplen [&hellip;]<\/p>\n","protected":false},"author":1,"featured_media":20663,"comment_status":"closed","ping_status":"closed","sticky":false,"template":"","format":"standard","meta":{"_acf_changed":false,"footnotes":""},"categories":[8],"tags":[],"class_list":["post-20661","post","type-post","status-publish","format-standard","has-post-thumbnail","hentry","category-noticia"],"acf":[],"yoast_head":"<!-- This site is optimized with the Yoast SEO plugin v27.1.1 - https:\/\/yoast.com\/product\/yoast-seo-wordpress\/ -->\n<title>El Festival de Cine Chileno presenta su 8a Escuela de Espectadores con un taller de animaci\u00f3n para todo Chile - Valpara\u00ed\u00adso Creativo<\/title>\n<meta name=\"robots\" content=\"index, follow, max-snippet:-1, max-image-preview:large, max-video-preview:-1\" \/>\n<link rel=\"canonical\" href=\"https:\/\/dev.antudigital.cl\/sites\/vc\/el-festival-de-cine-chileno-presenta-su-8a-escuela-de-espectadores-con-un-taller-de-animacion-para-todo-chile\/\" \/>\n<meta property=\"og:locale\" content=\"es_ES\" \/>\n<meta property=\"og:type\" content=\"article\" \/>\n<meta property=\"og:title\" content=\"El Festival de Cine Chileno presenta su 8a Escuela de Espectadores con un taller de animaci\u00f3n para todo Chile - Valpara\u00ed\u00adso Creativo\" \/>\n<meta property=\"og:description\" content=\"Como antesala de lo que ser\u00e1 la&nbsp;17\u00b0 versi\u00f3n del Festival de Cine Chileno FECICH, la organizaci\u00f3n invita a participar de la&nbsp;8a Escuela de Espectadores de Cine Chileno, su Programa de Desarrollo y Formaci\u00f3n de P\u00fablicos que se caracteriza por ser un espacio de encuentro, de reflexi\u00f3n sobre la cinematograf\u00eda nacional y del rol que cumplen [&hellip;]\" \/>\n<meta property=\"og:url\" content=\"https:\/\/dev.antudigital.cl\/sites\/vc\/el-festival-de-cine-chileno-presenta-su-8a-escuela-de-espectadores-con-un-taller-de-animacion-para-todo-chile\/\" \/>\n<meta property=\"og:site_name\" content=\"Valpara\u00ed\u00adso Creativo\" \/>\n<meta property=\"article:published_time\" content=\"2024-10-07T19:34:13+00:00\" \/>\n<meta property=\"article:modified_time\" content=\"2024-10-07T19:34:31+00:00\" \/>\n<meta property=\"og:image\" content=\"https:\/\/dev.antudigital.cl\/sites\/vc\/wp-content\/uploads\/2024\/10\/Foto-Taller-Moderacion-2.jpg\" \/>\n\t<meta property=\"og:image:width\" content=\"1024\" \/>\n\t<meta property=\"og:image:height\" content=\"576\" \/>\n\t<meta property=\"og:image:type\" content=\"image\/jpeg\" \/>\n<meta name=\"author\" content=\"Valpara\u00edso Creativo\" \/>\n<meta name=\"twitter:card\" content=\"summary_large_image\" \/>\n<meta name=\"twitter:label1\" content=\"Escrito por\" \/>\n\t<meta name=\"twitter:data1\" content=\"Valpara\u00edso Creativo\" \/>\n\t<meta name=\"twitter:label2\" content=\"Tiempo de lectura\" \/>\n\t<meta name=\"twitter:data2\" content=\"3 minutos\" \/>\n<script type=\"application\/ld+json\" class=\"yoast-schema-graph\">{\"@context\":\"https:\/\/schema.org\",\"@graph\":[{\"@type\":\"Article\",\"@id\":\"https:\/\/dev.antudigital.cl\/sites\/vc\/el-festival-de-cine-chileno-presenta-su-8a-escuela-de-espectadores-con-un-taller-de-animacion-para-todo-chile\/#article\",\"isPartOf\":{\"@id\":\"https:\/\/dev.antudigital.cl\/sites\/vc\/el-festival-de-cine-chileno-presenta-su-8a-escuela-de-espectadores-con-un-taller-de-animacion-para-todo-chile\/\"},\"author\":{\"name\":\"Valpara\u00edso Creativo\",\"@id\":\"https:\/\/dev.antudigital.cl\/sites\/vc\/#\/schema\/person\/c2b9da8dd545e27166fc5ab232837318\"},\"headline\":\"El Festival de Cine Chileno presenta su 8a Escuela de Espectadores con un taller de animaci\u00f3n para todo Chile\",\"datePublished\":\"2024-10-07T19:34:13+00:00\",\"dateModified\":\"2024-10-07T19:34:31+00:00\",\"mainEntityOfPage\":{\"@id\":\"https:\/\/dev.antudigital.cl\/sites\/vc\/el-festival-de-cine-chileno-presenta-su-8a-escuela-de-espectadores-con-un-taller-de-animacion-para-todo-chile\/\"},\"wordCount\":401,\"image\":{\"@id\":\"https:\/\/dev.antudigital.cl\/sites\/vc\/el-festival-de-cine-chileno-presenta-su-8a-escuela-de-espectadores-con-un-taller-de-animacion-para-todo-chile\/#primaryimage\"},\"thumbnailUrl\":\"https:\/\/dev.antudigital.cl\/sites\/vc\/wp-content\/uploads\/2024\/10\/Foto-Taller-Moderacion-2.jpg\",\"articleSection\":[\"Noticia\"],\"inLanguage\":\"es\"},{\"@type\":\"WebPage\",\"@id\":\"https:\/\/dev.antudigital.cl\/sites\/vc\/el-festival-de-cine-chileno-presenta-su-8a-escuela-de-espectadores-con-un-taller-de-animacion-para-todo-chile\/\",\"url\":\"https:\/\/dev.antudigital.cl\/sites\/vc\/el-festival-de-cine-chileno-presenta-su-8a-escuela-de-espectadores-con-un-taller-de-animacion-para-todo-chile\/\",\"name\":\"El Festival de Cine Chileno presenta su 8a Escuela de Espectadores con un taller de animaci\u00f3n para todo Chile - Valpara\u00ed\u00adso Creativo\",\"isPartOf\":{\"@id\":\"https:\/\/dev.antudigital.cl\/sites\/vc\/#website\"},\"primaryImageOfPage\":{\"@id\":\"https:\/\/dev.antudigital.cl\/sites\/vc\/el-festival-de-cine-chileno-presenta-su-8a-escuela-de-espectadores-con-un-taller-de-animacion-para-todo-chile\/#primaryimage\"},\"image\":{\"@id\":\"https:\/\/dev.antudigital.cl\/sites\/vc\/el-festival-de-cine-chileno-presenta-su-8a-escuela-de-espectadores-con-un-taller-de-animacion-para-todo-chile\/#primaryimage\"},\"thumbnailUrl\":\"https:\/\/dev.antudigital.cl\/sites\/vc\/wp-content\/uploads\/2024\/10\/Foto-Taller-Moderacion-2.jpg\",\"datePublished\":\"2024-10-07T19:34:13+00:00\",\"dateModified\":\"2024-10-07T19:34:31+00:00\",\"author\":{\"@id\":\"https:\/\/dev.antudigital.cl\/sites\/vc\/#\/schema\/person\/c2b9da8dd545e27166fc5ab232837318\"},\"breadcrumb\":{\"@id\":\"https:\/\/dev.antudigital.cl\/sites\/vc\/el-festival-de-cine-chileno-presenta-su-8a-escuela-de-espectadores-con-un-taller-de-animacion-para-todo-chile\/#breadcrumb\"},\"inLanguage\":\"es\",\"potentialAction\":[{\"@type\":\"ReadAction\",\"target\":[\"https:\/\/dev.antudigital.cl\/sites\/vc\/el-festival-de-cine-chileno-presenta-su-8a-escuela-de-espectadores-con-un-taller-de-animacion-para-todo-chile\/\"]}]},{\"@type\":\"ImageObject\",\"inLanguage\":\"es\",\"@id\":\"https:\/\/dev.antudigital.cl\/sites\/vc\/el-festival-de-cine-chileno-presenta-su-8a-escuela-de-espectadores-con-un-taller-de-animacion-para-todo-chile\/#primaryimage\",\"url\":\"https:\/\/dev.antudigital.cl\/sites\/vc\/wp-content\/uploads\/2024\/10\/Foto-Taller-Moderacion-2.jpg\",\"contentUrl\":\"https:\/\/dev.antudigital.cl\/sites\/vc\/wp-content\/uploads\/2024\/10\/Foto-Taller-Moderacion-2.jpg\",\"width\":1024,\"height\":576},{\"@type\":\"BreadcrumbList\",\"@id\":\"https:\/\/dev.antudigital.cl\/sites\/vc\/el-festival-de-cine-chileno-presenta-su-8a-escuela-de-espectadores-con-un-taller-de-animacion-para-todo-chile\/#breadcrumb\",\"itemListElement\":[{\"@type\":\"ListItem\",\"position\":1,\"name\":\"Home\",\"item\":\"https:\/\/dev.antudigital.cl\/sites\/vc\/\"},{\"@type\":\"ListItem\",\"position\":2,\"name\":\"El Festival de Cine Chileno presenta su 8a Escuela de Espectadores con un taller de animaci\u00f3n para todo Chile\"}]},{\"@type\":\"WebSite\",\"@id\":\"https:\/\/dev.antudigital.cl\/sites\/vc\/#website\",\"url\":\"https:\/\/dev.antudigital.cl\/sites\/vc\/\",\"name\":\"Valpara\u00ed\u00adso Creativo\",\"description\":\"\",\"potentialAction\":[{\"@type\":\"SearchAction\",\"target\":{\"@type\":\"EntryPoint\",\"urlTemplate\":\"https:\/\/dev.antudigital.cl\/sites\/vc\/?s={search_term_string}\"},\"query-input\":{\"@type\":\"PropertyValueSpecification\",\"valueRequired\":true,\"valueName\":\"search_term_string\"}}],\"inLanguage\":\"es\"},{\"@type\":\"Person\",\"@id\":\"https:\/\/dev.antudigital.cl\/sites\/vc\/#\/schema\/person\/c2b9da8dd545e27166fc5ab232837318\",\"name\":\"Valpara\u00edso Creativo\",\"description\":\"Periodista de cultura en la Regi\u00f3n de Valpara\u00edso.\",\"url\":\"https:\/\/dev.antudigital.cl\/sites\/vc\/author\/valpoadmin\/\"}]}<\/script>\n<!-- \/ Yoast SEO plugin. -->","yoast_head_json":{"title":"El Festival de Cine Chileno presenta su 8a Escuela de Espectadores con un taller de animaci\u00f3n para todo Chile - Valpara\u00ed\u00adso Creativo","robots":{"index":"index","follow":"follow","max-snippet":"max-snippet:-1","max-image-preview":"max-image-preview:large","max-video-preview":"max-video-preview:-1"},"canonical":"https:\/\/dev.antudigital.cl\/sites\/vc\/el-festival-de-cine-chileno-presenta-su-8a-escuela-de-espectadores-con-un-taller-de-animacion-para-todo-chile\/","og_locale":"es_ES","og_type":"article","og_title":"El Festival de Cine Chileno presenta su 8a Escuela de Espectadores con un taller de animaci\u00f3n para todo Chile - Valpara\u00ed\u00adso Creativo","og_description":"Como antesala de lo que ser\u00e1 la&nbsp;17\u00b0 versi\u00f3n del Festival de Cine Chileno FECICH, la organizaci\u00f3n invita a participar de la&nbsp;8a Escuela de Espectadores de Cine Chileno, su Programa de Desarrollo y Formaci\u00f3n de P\u00fablicos que se caracteriza por ser un espacio de encuentro, de reflexi\u00f3n sobre la cinematograf\u00eda nacional y del rol que cumplen [&hellip;]","og_url":"https:\/\/dev.antudigital.cl\/sites\/vc\/el-festival-de-cine-chileno-presenta-su-8a-escuela-de-espectadores-con-un-taller-de-animacion-para-todo-chile\/","og_site_name":"Valpara\u00ed\u00adso Creativo","article_published_time":"2024-10-07T19:34:13+00:00","article_modified_time":"2024-10-07T19:34:31+00:00","og_image":[{"width":1024,"height":576,"url":"https:\/\/dev.antudigital.cl\/sites\/vc\/wp-content\/uploads\/2024\/10\/Foto-Taller-Moderacion-2.jpg","type":"image\/jpeg"}],"author":"Valpara\u00edso Creativo","twitter_card":"summary_large_image","twitter_misc":{"Escrito por":"Valpara\u00edso Creativo","Tiempo de lectura":"3 minutos"},"schema":{"@context":"https:\/\/schema.org","@graph":[{"@type":"Article","@id":"https:\/\/dev.antudigital.cl\/sites\/vc\/el-festival-de-cine-chileno-presenta-su-8a-escuela-de-espectadores-con-un-taller-de-animacion-para-todo-chile\/#article","isPartOf":{"@id":"https:\/\/dev.antudigital.cl\/sites\/vc\/el-festival-de-cine-chileno-presenta-su-8a-escuela-de-espectadores-con-un-taller-de-animacion-para-todo-chile\/"},"author":{"name":"Valpara\u00edso Creativo","@id":"https:\/\/dev.antudigital.cl\/sites\/vc\/#\/schema\/person\/c2b9da8dd545e27166fc5ab232837318"},"headline":"El Festival de Cine Chileno presenta su 8a Escuela de Espectadores con un taller de animaci\u00f3n para todo Chile","datePublished":"2024-10-07T19:34:13+00:00","dateModified":"2024-10-07T19:34:31+00:00","mainEntityOfPage":{"@id":"https:\/\/dev.antudigital.cl\/sites\/vc\/el-festival-de-cine-chileno-presenta-su-8a-escuela-de-espectadores-con-un-taller-de-animacion-para-todo-chile\/"},"wordCount":401,"image":{"@id":"https:\/\/dev.antudigital.cl\/sites\/vc\/el-festival-de-cine-chileno-presenta-su-8a-escuela-de-espectadores-con-un-taller-de-animacion-para-todo-chile\/#primaryimage"},"thumbnailUrl":"https:\/\/dev.antudigital.cl\/sites\/vc\/wp-content\/uploads\/2024\/10\/Foto-Taller-Moderacion-2.jpg","articleSection":["Noticia"],"inLanguage":"es"},{"@type":"WebPage","@id":"https:\/\/dev.antudigital.cl\/sites\/vc\/el-festival-de-cine-chileno-presenta-su-8a-escuela-de-espectadores-con-un-taller-de-animacion-para-todo-chile\/","url":"https:\/\/dev.antudigital.cl\/sites\/vc\/el-festival-de-cine-chileno-presenta-su-8a-escuela-de-espectadores-con-un-taller-de-animacion-para-todo-chile\/","name":"El Festival de Cine Chileno presenta su 8a Escuela de Espectadores con un taller de animaci\u00f3n para todo Chile - Valpara\u00ed\u00adso Creativo","isPartOf":{"@id":"https:\/\/dev.antudigital.cl\/sites\/vc\/#website"},"primaryImageOfPage":{"@id":"https:\/\/dev.antudigital.cl\/sites\/vc\/el-festival-de-cine-chileno-presenta-su-8a-escuela-de-espectadores-con-un-taller-de-animacion-para-todo-chile\/#primaryimage"},"image":{"@id":"https:\/\/dev.antudigital.cl\/sites\/vc\/el-festival-de-cine-chileno-presenta-su-8a-escuela-de-espectadores-con-un-taller-de-animacion-para-todo-chile\/#primaryimage"},"thumbnailUrl":"https:\/\/dev.antudigital.cl\/sites\/vc\/wp-content\/uploads\/2024\/10\/Foto-Taller-Moderacion-2.jpg","datePublished":"2024-10-07T19:34:13+00:00","dateModified":"2024-10-07T19:34:31+00:00","author":{"@id":"https:\/\/dev.antudigital.cl\/sites\/vc\/#\/schema\/person\/c2b9da8dd545e27166fc5ab232837318"},"breadcrumb":{"@id":"https:\/\/dev.antudigital.cl\/sites\/vc\/el-festival-de-cine-chileno-presenta-su-8a-escuela-de-espectadores-con-un-taller-de-animacion-para-todo-chile\/#breadcrumb"},"inLanguage":"es","potentialAction":[{"@type":"ReadAction","target":["https:\/\/dev.antudigital.cl\/sites\/vc\/el-festival-de-cine-chileno-presenta-su-8a-escuela-de-espectadores-con-un-taller-de-animacion-para-todo-chile\/"]}]},{"@type":"ImageObject","inLanguage":"es","@id":"https:\/\/dev.antudigital.cl\/sites\/vc\/el-festival-de-cine-chileno-presenta-su-8a-escuela-de-espectadores-con-un-taller-de-animacion-para-todo-chile\/#primaryimage","url":"https:\/\/dev.antudigital.cl\/sites\/vc\/wp-content\/uploads\/2024\/10\/Foto-Taller-Moderacion-2.jpg","contentUrl":"https:\/\/dev.antudigital.cl\/sites\/vc\/wp-content\/uploads\/2024\/10\/Foto-Taller-Moderacion-2.jpg","width":1024,"height":576},{"@type":"BreadcrumbList","@id":"https:\/\/dev.antudigital.cl\/sites\/vc\/el-festival-de-cine-chileno-presenta-su-8a-escuela-de-espectadores-con-un-taller-de-animacion-para-todo-chile\/#breadcrumb","itemListElement":[{"@type":"ListItem","position":1,"name":"Home","item":"https:\/\/dev.antudigital.cl\/sites\/vc\/"},{"@type":"ListItem","position":2,"name":"El Festival de Cine Chileno presenta su 8a Escuela de Espectadores con un taller de animaci\u00f3n para todo Chile"}]},{"@type":"WebSite","@id":"https:\/\/dev.antudigital.cl\/sites\/vc\/#website","url":"https:\/\/dev.antudigital.cl\/sites\/vc\/","name":"Valpara\u00ed\u00adso Creativo","description":"","potentialAction":[{"@type":"SearchAction","target":{"@type":"EntryPoint","urlTemplate":"https:\/\/dev.antudigital.cl\/sites\/vc\/?s={search_term_string}"},"query-input":{"@type":"PropertyValueSpecification","valueRequired":true,"valueName":"search_term_string"}}],"inLanguage":"es"},{"@type":"Person","@id":"https:\/\/dev.antudigital.cl\/sites\/vc\/#\/schema\/person\/c2b9da8dd545e27166fc5ab232837318","name":"Valpara\u00edso Creativo","description":"Periodista de cultura en la Regi\u00f3n de Valpara\u00edso.","url":"https:\/\/dev.antudigital.cl\/sites\/vc\/author\/valpoadmin\/"}]}},"_links":{"self":[{"href":"https:\/\/dev.antudigital.cl\/sites\/vc\/wp-json\/wp\/v2\/posts\/20661","targetHints":{"allow":["GET"]}}],"collection":[{"href":"https:\/\/dev.antudigital.cl\/sites\/vc\/wp-json\/wp\/v2\/posts"}],"about":[{"href":"https:\/\/dev.antudigital.cl\/sites\/vc\/wp-json\/wp\/v2\/types\/post"}],"author":[{"embeddable":true,"href":"https:\/\/dev.antudigital.cl\/sites\/vc\/wp-json\/wp\/v2\/users\/1"}],"replies":[{"embeddable":true,"href":"https:\/\/dev.antudigital.cl\/sites\/vc\/wp-json\/wp\/v2\/comments?post=20661"}],"version-history":[{"count":1,"href":"https:\/\/dev.antudigital.cl\/sites\/vc\/wp-json\/wp\/v2\/posts\/20661\/revisions"}],"predecessor-version":[{"id":20665,"href":"https:\/\/dev.antudigital.cl\/sites\/vc\/wp-json\/wp\/v2\/posts\/20661\/revisions\/20665"}],"wp:featuredmedia":[{"embeddable":true,"href":"https:\/\/dev.antudigital.cl\/sites\/vc\/wp-json\/wp\/v2\/media\/20663"}],"wp:attachment":[{"href":"https:\/\/dev.antudigital.cl\/sites\/vc\/wp-json\/wp\/v2\/media?parent=20661"}],"wp:term":[{"taxonomy":"category","embeddable":true,"href":"https:\/\/dev.antudigital.cl\/sites\/vc\/wp-json\/wp\/v2\/categories?post=20661"},{"taxonomy":"post_tag","embeddable":true,"href":"https:\/\/dev.antudigital.cl\/sites\/vc\/wp-json\/wp\/v2\/tags?post=20661"}],"curies":[{"name":"wp","href":"https:\/\/api.w.org\/{rel}","templated":true}]}}