{"id":20666,"date":"2024-10-07T19:40:15","date_gmt":"2024-10-07T19:40:15","guid":{"rendered":"https:\/\/www.valparaisocreativo.cl\/?p=20666"},"modified":"2024-10-07T19:40:35","modified_gmt":"2024-10-07T19:40:35","slug":"iv-festival-al-ritmo-de-la-dignidad-se-realizara-en-rodelillo-el-proximo-19-de-octubre","status":"publish","type":"post","link":"https:\/\/dev.antudigital.cl\/sites\/vc\/iv-festival-al-ritmo-de-la-dignidad-se-realizara-en-rodelillo-el-proximo-19-de-octubre\/","title":{"rendered":"IV Festival al Ritmo de la Dignidad se realizar\u00e1 en Rodelillo el pr\u00f3ximo 19 de octubre"},"content":{"rendered":"\n<p>Cinco a\u00f1os despu\u00e9s de la revuelta popular, el IV Festival al Ritmo de la Dignidad se realizar\u00e1 el pr\u00f3ximo s\u00e1bado 19 de octubre, a partir de las 15:00 horas, en la Plaza Patria Nueva de Rodelillo ubicada en el paradero 15 de la Avenida Rodelillo.<\/p>\n\n\n\n<p>Organizado por el Centro Comunitario de Rodelillo, el Cord\u00f3n Vecinal 7 Cerros y la Ex Comisar\u00eda Bar\u00f3n, este festival tiene como objetivo reivindicar nuestras memorias y resistencias, fortaleciendo los lazos comunitarios en la b\u00fasqueda de una vida m\u00e1s justa y digna. La jornada contar\u00e1 con presentaciones de la Red de Murgueras Regi\u00f3n de Valpara\u00edso, El Kohl, Antai, Jennifer Z\u00fa\u00f1iga, Gaby Cuenta, Kortakart\u00f3n, El Pueblo Hundido, Kin Kuri, entre otros artistas, quienes ofrecer\u00e1n una amplia variedad de m\u00fasica, poes\u00eda, mediaciones lectoras, t\u00edteres y artes para todas y todos los asistentes.<\/p>\n\n\n\n<figure class=\"wp-block-image size-large\"><img fetchpriority=\"high\" decoding=\"async\" width=\"1024\" height=\"493\" src=\"https:\/\/www.valparaisocreativo.cl\/wp-content\/uploads\/2024\/10\/IMG_8126-1024x493.jpg\" alt=\"\" class=\"wp-image-20668\" srcset=\"https:\/\/dev.antudigital.cl\/sites\/vc\/wp-content\/uploads\/2024\/10\/IMG_8126-1024x493.jpg 1024w, https:\/\/dev.antudigital.cl\/sites\/vc\/wp-content\/uploads\/2024\/10\/IMG_8126-300x145.jpg 300w, https:\/\/dev.antudigital.cl\/sites\/vc\/wp-content\/uploads\/2024\/10\/IMG_8126-768x370.jpg 768w, https:\/\/dev.antudigital.cl\/sites\/vc\/wp-content\/uploads\/2024\/10\/IMG_8126-1536x740.jpg 1536w, https:\/\/dev.antudigital.cl\/sites\/vc\/wp-content\/uploads\/2024\/10\/IMG_8126-2048x986.jpg 2048w, https:\/\/dev.antudigital.cl\/sites\/vc\/wp-content\/uploads\/2024\/10\/IMG_8126-1080x520.jpg 1080w, https:\/\/dev.antudigital.cl\/sites\/vc\/wp-content\/uploads\/2024\/10\/IMG_8126-1280x617.jpg 1280w, https:\/\/dev.antudigital.cl\/sites\/vc\/wp-content\/uploads\/2024\/10\/IMG_8126-980x472.jpg 980w, https:\/\/dev.antudigital.cl\/sites\/vc\/wp-content\/uploads\/2024\/10\/IMG_8126-480x231.jpg 480w, https:\/\/dev.antudigital.cl\/sites\/vc\/wp-content\/uploads\/2024\/10\/IMG_8126-24x12.jpg 24w, https:\/\/dev.antudigital.cl\/sites\/vc\/wp-content\/uploads\/2024\/10\/IMG_8126-36x17.jpg 36w, https:\/\/dev.antudigital.cl\/sites\/vc\/wp-content\/uploads\/2024\/10\/IMG_8126-48x23.jpg 48w\" sizes=\"(max-width: 1024px) 100vw, 1024px\" \/><\/figure>\n\n\n\n<p>Adem\u00e1s, habr\u00e1 espacios dedicados a la ni\u00f1ez, que incluir\u00e1n mediaciones lectoras y diversas actividades. Tambi\u00e9n contaremos con una feria informativa de organizaciones sociales del Gran Valpara\u00edso, espacios de talleres y un sector dedicado a emprendimientos locales a trav\u00e9s de una feria libre, es decir, quien quiera participar de este espacio s\u00f3lo debe llegar el pr\u00f3ximo s\u00e1bado 19 de octubre a la Plaza Patria Nueva.<\/p>\n\n\n\n<p>Para quienes deseen apoyar este festival independiente, hemos lanzado una lukat\u00f3n destinada a cubrir los costos de traslado y otros gastos que puedan surgir. Pueden encontrar m\u00e1s informaci\u00f3n en nuestras redes sociales: Instagram y Facebook @AlRitmoDeLaDignidad.<\/p>\n\n\n\n<p>Fecha: S\u00e1bado, 19 de octubre del 2024<br>Hora: a partir de las 15:00 horas<br>Ubicaci\u00f3n: Plaza Patria Nueva (Paradero 15 de Av. Rodelillo)<\/p>\n\n\n\n<p>\u00a1A 5 a\u00f1os de la revuelta: no estamos dormidxs, no olvidamos, nos organizamos!<\/p>\n\n\n\n<p>Redes Sociales:&nbsp;<br><a href=\"https:\/\/www.instagram.com\/alritmodeladignidad\/\" target=\"_blank\" rel=\"noreferrer noopener\">INSTAGRAM AL RITMO DE LA DIGNIDAD<\/a><\/p>\n\n\n\n<p><a href=\"https:\/\/web.facebook.com\/people\/Festival-al-Ritmo-de-la-Dignidad\/61551712948224\/\" target=\"_blank\" rel=\"noreferrer noopener\">FACEBOOK AL RITMO DE LA DIGNIDAD&nbsp;<\/a><\/p>\n\n\n\n<p><a href=\"mailto:alritmodeladignidad@gmail.com\" target=\"_blank\" rel=\"noreferrer noopener\">alritmodeladignidad@gmail.com<\/a><\/p>\n","protected":false},"excerpt":{"rendered":"<p>Cinco a\u00f1os despu\u00e9s de la revuelta popular, el IV Festival al Ritmo de la Dignidad se realizar\u00e1 el pr\u00f3ximo s\u00e1bado 19 de octubre, a partir de las 15:00 horas, en la Plaza Patria Nueva de Rodelillo ubicada en el paradero 15 de la Avenida Rodelillo. Organizado por el Centro Comunitario de Rodelillo, el Cord\u00f3n Vecinal [&hellip;]<\/p>\n","protected":false},"author":1,"featured_media":20667,"comment_status":"closed","ping_status":"closed","sticky":false,"template":"","format":"standard","meta":{"_acf_changed":false,"footnotes":""},"categories":[8],"tags":[],"class_list":["post-20666","post","type-post","status-publish","format-standard","has-post-thumbnail","hentry","category-noticia"],"acf":[],"yoast_head":"<!-- This site is optimized with the Yoast SEO plugin v27.1.1 - https:\/\/yoast.com\/product\/yoast-seo-wordpress\/ -->\n<title>IV Festival al Ritmo de la Dignidad se realizar\u00e1 en Rodelillo el pr\u00f3ximo 19 de octubre - Valpara\u00ed\u00adso Creativo<\/title>\n<meta name=\"robots\" content=\"index, follow, max-snippet:-1, max-image-preview:large, max-video-preview:-1\" \/>\n<link rel=\"canonical\" href=\"https:\/\/dev.antudigital.cl\/sites\/vc\/iv-festival-al-ritmo-de-la-dignidad-se-realizara-en-rodelillo-el-proximo-19-de-octubre\/\" \/>\n<meta property=\"og:locale\" content=\"es_ES\" \/>\n<meta property=\"og:type\" content=\"article\" \/>\n<meta property=\"og:title\" content=\"IV Festival al Ritmo de la Dignidad se realizar\u00e1 en Rodelillo el pr\u00f3ximo 19 de octubre - Valpara\u00ed\u00adso Creativo\" \/>\n<meta property=\"og:description\" content=\"Cinco a\u00f1os despu\u00e9s de la revuelta popular, el IV Festival al Ritmo de la Dignidad se realizar\u00e1 el pr\u00f3ximo s\u00e1bado 19 de octubre, a partir de las 15:00 horas, en la Plaza Patria Nueva de Rodelillo ubicada en el paradero 15 de la Avenida Rodelillo. Organizado por el Centro Comunitario de Rodelillo, el Cord\u00f3n Vecinal [&hellip;]\" \/>\n<meta property=\"og:url\" content=\"https:\/\/dev.antudigital.cl\/sites\/vc\/iv-festival-al-ritmo-de-la-dignidad-se-realizara-en-rodelillo-el-proximo-19-de-octubre\/\" \/>\n<meta property=\"og:site_name\" content=\"Valpara\u00ed\u00adso Creativo\" \/>\n<meta property=\"article:published_time\" content=\"2024-10-07T19:40:15+00:00\" \/>\n<meta property=\"article:modified_time\" content=\"2024-10-07T19:40:35+00:00\" \/>\n<meta property=\"og:image\" content=\"https:\/\/dev.antudigital.cl\/sites\/vc\/wp-content\/uploads\/2024\/10\/IMG_8567-scaled.jpg\" \/>\n\t<meta property=\"og:image:width\" content=\"2560\" \/>\n\t<meta property=\"og:image:height\" content=\"1807\" \/>\n\t<meta property=\"og:image:type\" content=\"image\/jpeg\" \/>\n<meta name=\"author\" content=\"Valpara\u00edso Creativo\" \/>\n<meta name=\"twitter:card\" content=\"summary_large_image\" \/>\n<meta name=\"twitter:label1\" content=\"Escrito por\" \/>\n\t<meta name=\"twitter:data1\" content=\"Valpara\u00edso Creativo\" \/>\n\t<meta name=\"twitter:label2\" content=\"Tiempo de lectura\" \/>\n\t<meta name=\"twitter:data2\" content=\"2 minutos\" \/>\n<script type=\"application\/ld+json\" class=\"yoast-schema-graph\">{\"@context\":\"https:\/\/schema.org\",\"@graph\":[{\"@type\":\"Article\",\"@id\":\"https:\/\/dev.antudigital.cl\/sites\/vc\/iv-festival-al-ritmo-de-la-dignidad-se-realizara-en-rodelillo-el-proximo-19-de-octubre\/#article\",\"isPartOf\":{\"@id\":\"https:\/\/dev.antudigital.cl\/sites\/vc\/iv-festival-al-ritmo-de-la-dignidad-se-realizara-en-rodelillo-el-proximo-19-de-octubre\/\"},\"author\":{\"name\":\"Valpara\u00edso Creativo\",\"@id\":\"https:\/\/dev.antudigital.cl\/sites\/vc\/#\/schema\/person\/c2b9da8dd545e27166fc5ab232837318\"},\"headline\":\"IV Festival al Ritmo de la Dignidad se realizar\u00e1 en Rodelillo el pr\u00f3ximo 19 de octubre\",\"datePublished\":\"2024-10-07T19:40:15+00:00\",\"dateModified\":\"2024-10-07T19:40:35+00:00\",\"mainEntityOfPage\":{\"@id\":\"https:\/\/dev.antudigital.cl\/sites\/vc\/iv-festival-al-ritmo-de-la-dignidad-se-realizara-en-rodelillo-el-proximo-19-de-octubre\/\"},\"wordCount\":326,\"image\":{\"@id\":\"https:\/\/dev.antudigital.cl\/sites\/vc\/iv-festival-al-ritmo-de-la-dignidad-se-realizara-en-rodelillo-el-proximo-19-de-octubre\/#primaryimage\"},\"thumbnailUrl\":\"https:\/\/dev.antudigital.cl\/sites\/vc\/wp-content\/uploads\/2024\/10\/IMG_8567-scaled.jpg\",\"articleSection\":[\"Noticia\"],\"inLanguage\":\"es\"},{\"@type\":\"WebPage\",\"@id\":\"https:\/\/dev.antudigital.cl\/sites\/vc\/iv-festival-al-ritmo-de-la-dignidad-se-realizara-en-rodelillo-el-proximo-19-de-octubre\/\",\"url\":\"https:\/\/dev.antudigital.cl\/sites\/vc\/iv-festival-al-ritmo-de-la-dignidad-se-realizara-en-rodelillo-el-proximo-19-de-octubre\/\",\"name\":\"IV Festival al Ritmo de la Dignidad se realizar\u00e1 en Rodelillo el pr\u00f3ximo 19 de octubre - Valpara\u00ed\u00adso Creativo\",\"isPartOf\":{\"@id\":\"https:\/\/dev.antudigital.cl\/sites\/vc\/#website\"},\"primaryImageOfPage\":{\"@id\":\"https:\/\/dev.antudigital.cl\/sites\/vc\/iv-festival-al-ritmo-de-la-dignidad-se-realizara-en-rodelillo-el-proximo-19-de-octubre\/#primaryimage\"},\"image\":{\"@id\":\"https:\/\/dev.antudigital.cl\/sites\/vc\/iv-festival-al-ritmo-de-la-dignidad-se-realizara-en-rodelillo-el-proximo-19-de-octubre\/#primaryimage\"},\"thumbnailUrl\":\"https:\/\/dev.antudigital.cl\/sites\/vc\/wp-content\/uploads\/2024\/10\/IMG_8567-scaled.jpg\",\"datePublished\":\"2024-10-07T19:40:15+00:00\",\"dateModified\":\"2024-10-07T19:40:35+00:00\",\"author\":{\"@id\":\"https:\/\/dev.antudigital.cl\/sites\/vc\/#\/schema\/person\/c2b9da8dd545e27166fc5ab232837318\"},\"breadcrumb\":{\"@id\":\"https:\/\/dev.antudigital.cl\/sites\/vc\/iv-festival-al-ritmo-de-la-dignidad-se-realizara-en-rodelillo-el-proximo-19-de-octubre\/#breadcrumb\"},\"inLanguage\":\"es\",\"potentialAction\":[{\"@type\":\"ReadAction\",\"target\":[\"https:\/\/dev.antudigital.cl\/sites\/vc\/iv-festival-al-ritmo-de-la-dignidad-se-realizara-en-rodelillo-el-proximo-19-de-octubre\/\"]}]},{\"@type\":\"ImageObject\",\"inLanguage\":\"es\",\"@id\":\"https:\/\/dev.antudigital.cl\/sites\/vc\/iv-festival-al-ritmo-de-la-dignidad-se-realizara-en-rodelillo-el-proximo-19-de-octubre\/#primaryimage\",\"url\":\"https:\/\/dev.antudigital.cl\/sites\/vc\/wp-content\/uploads\/2024\/10\/IMG_8567-scaled.jpg\",\"contentUrl\":\"https:\/\/dev.antudigital.cl\/sites\/vc\/wp-content\/uploads\/2024\/10\/IMG_8567-scaled.jpg\",\"width\":2560,\"height\":1807},{\"@type\":\"BreadcrumbList\",\"@id\":\"https:\/\/dev.antudigital.cl\/sites\/vc\/iv-festival-al-ritmo-de-la-dignidad-se-realizara-en-rodelillo-el-proximo-19-de-octubre\/#breadcrumb\",\"itemListElement\":[{\"@type\":\"ListItem\",\"position\":1,\"name\":\"Home\",\"item\":\"https:\/\/dev.antudigital.cl\/sites\/vc\/\"},{\"@type\":\"ListItem\",\"position\":2,\"name\":\"IV Festival al Ritmo de la Dignidad se realizar\u00e1 en Rodelillo el pr\u00f3ximo 19 de octubre\"}]},{\"@type\":\"WebSite\",\"@id\":\"https:\/\/dev.antudigital.cl\/sites\/vc\/#website\",\"url\":\"https:\/\/dev.antudigital.cl\/sites\/vc\/\",\"name\":\"Valpara\u00ed\u00adso Creativo\",\"description\":\"\",\"potentialAction\":[{\"@type\":\"SearchAction\",\"target\":{\"@type\":\"EntryPoint\",\"urlTemplate\":\"https:\/\/dev.antudigital.cl\/sites\/vc\/?s={search_term_string}\"},\"query-input\":{\"@type\":\"PropertyValueSpecification\",\"valueRequired\":true,\"valueName\":\"search_term_string\"}}],\"inLanguage\":\"es\"},{\"@type\":\"Person\",\"@id\":\"https:\/\/dev.antudigital.cl\/sites\/vc\/#\/schema\/person\/c2b9da8dd545e27166fc5ab232837318\",\"name\":\"Valpara\u00edso Creativo\",\"description\":\"Periodista de cultura en la Regi\u00f3n de Valpara\u00edso.\",\"url\":\"https:\/\/dev.antudigital.cl\/sites\/vc\/author\/valpoadmin\/\"}]}<\/script>\n<!-- \/ Yoast SEO plugin. -->","yoast_head_json":{"title":"IV Festival al Ritmo de la Dignidad se realizar\u00e1 en Rodelillo el pr\u00f3ximo 19 de octubre - Valpara\u00ed\u00adso Creativo","robots":{"index":"index","follow":"follow","max-snippet":"max-snippet:-1","max-image-preview":"max-image-preview:large","max-video-preview":"max-video-preview:-1"},"canonical":"https:\/\/dev.antudigital.cl\/sites\/vc\/iv-festival-al-ritmo-de-la-dignidad-se-realizara-en-rodelillo-el-proximo-19-de-octubre\/","og_locale":"es_ES","og_type":"article","og_title":"IV Festival al Ritmo de la Dignidad se realizar\u00e1 en Rodelillo el pr\u00f3ximo 19 de octubre - Valpara\u00ed\u00adso Creativo","og_description":"Cinco a\u00f1os despu\u00e9s de la revuelta popular, el IV Festival al Ritmo de la Dignidad se realizar\u00e1 el pr\u00f3ximo s\u00e1bado 19 de octubre, a partir de las 15:00 horas, en la Plaza Patria Nueva de Rodelillo ubicada en el paradero 15 de la Avenida Rodelillo. Organizado por el Centro Comunitario de Rodelillo, el Cord\u00f3n Vecinal [&hellip;]","og_url":"https:\/\/dev.antudigital.cl\/sites\/vc\/iv-festival-al-ritmo-de-la-dignidad-se-realizara-en-rodelillo-el-proximo-19-de-octubre\/","og_site_name":"Valpara\u00ed\u00adso Creativo","article_published_time":"2024-10-07T19:40:15+00:00","article_modified_time":"2024-10-07T19:40:35+00:00","og_image":[{"width":2560,"height":1807,"url":"https:\/\/dev.antudigital.cl\/sites\/vc\/wp-content\/uploads\/2024\/10\/IMG_8567-scaled.jpg","type":"image\/jpeg"}],"author":"Valpara\u00edso Creativo","twitter_card":"summary_large_image","twitter_misc":{"Escrito por":"Valpara\u00edso Creativo","Tiempo de lectura":"2 minutos"},"schema":{"@context":"https:\/\/schema.org","@graph":[{"@type":"Article","@id":"https:\/\/dev.antudigital.cl\/sites\/vc\/iv-festival-al-ritmo-de-la-dignidad-se-realizara-en-rodelillo-el-proximo-19-de-octubre\/#article","isPartOf":{"@id":"https:\/\/dev.antudigital.cl\/sites\/vc\/iv-festival-al-ritmo-de-la-dignidad-se-realizara-en-rodelillo-el-proximo-19-de-octubre\/"},"author":{"name":"Valpara\u00edso Creativo","@id":"https:\/\/dev.antudigital.cl\/sites\/vc\/#\/schema\/person\/c2b9da8dd545e27166fc5ab232837318"},"headline":"IV Festival al Ritmo de la Dignidad se realizar\u00e1 en Rodelillo el pr\u00f3ximo 19 de octubre","datePublished":"2024-10-07T19:40:15+00:00","dateModified":"2024-10-07T19:40:35+00:00","mainEntityOfPage":{"@id":"https:\/\/dev.antudigital.cl\/sites\/vc\/iv-festival-al-ritmo-de-la-dignidad-se-realizara-en-rodelillo-el-proximo-19-de-octubre\/"},"wordCount":326,"image":{"@id":"https:\/\/dev.antudigital.cl\/sites\/vc\/iv-festival-al-ritmo-de-la-dignidad-se-realizara-en-rodelillo-el-proximo-19-de-octubre\/#primaryimage"},"thumbnailUrl":"https:\/\/dev.antudigital.cl\/sites\/vc\/wp-content\/uploads\/2024\/10\/IMG_8567-scaled.jpg","articleSection":["Noticia"],"inLanguage":"es"},{"@type":"WebPage","@id":"https:\/\/dev.antudigital.cl\/sites\/vc\/iv-festival-al-ritmo-de-la-dignidad-se-realizara-en-rodelillo-el-proximo-19-de-octubre\/","url":"https:\/\/dev.antudigital.cl\/sites\/vc\/iv-festival-al-ritmo-de-la-dignidad-se-realizara-en-rodelillo-el-proximo-19-de-octubre\/","name":"IV Festival al Ritmo de la Dignidad se realizar\u00e1 en Rodelillo el pr\u00f3ximo 19 de octubre - Valpara\u00ed\u00adso Creativo","isPartOf":{"@id":"https:\/\/dev.antudigital.cl\/sites\/vc\/#website"},"primaryImageOfPage":{"@id":"https:\/\/dev.antudigital.cl\/sites\/vc\/iv-festival-al-ritmo-de-la-dignidad-se-realizara-en-rodelillo-el-proximo-19-de-octubre\/#primaryimage"},"image":{"@id":"https:\/\/dev.antudigital.cl\/sites\/vc\/iv-festival-al-ritmo-de-la-dignidad-se-realizara-en-rodelillo-el-proximo-19-de-octubre\/#primaryimage"},"thumbnailUrl":"https:\/\/dev.antudigital.cl\/sites\/vc\/wp-content\/uploads\/2024\/10\/IMG_8567-scaled.jpg","datePublished":"2024-10-07T19:40:15+00:00","dateModified":"2024-10-07T19:40:35+00:00","author":{"@id":"https:\/\/dev.antudigital.cl\/sites\/vc\/#\/schema\/person\/c2b9da8dd545e27166fc5ab232837318"},"breadcrumb":{"@id":"https:\/\/dev.antudigital.cl\/sites\/vc\/iv-festival-al-ritmo-de-la-dignidad-se-realizara-en-rodelillo-el-proximo-19-de-octubre\/#breadcrumb"},"inLanguage":"es","potentialAction":[{"@type":"ReadAction","target":["https:\/\/dev.antudigital.cl\/sites\/vc\/iv-festival-al-ritmo-de-la-dignidad-se-realizara-en-rodelillo-el-proximo-19-de-octubre\/"]}]},{"@type":"ImageObject","inLanguage":"es","@id":"https:\/\/dev.antudigital.cl\/sites\/vc\/iv-festival-al-ritmo-de-la-dignidad-se-realizara-en-rodelillo-el-proximo-19-de-octubre\/#primaryimage","url":"https:\/\/dev.antudigital.cl\/sites\/vc\/wp-content\/uploads\/2024\/10\/IMG_8567-scaled.jpg","contentUrl":"https:\/\/dev.antudigital.cl\/sites\/vc\/wp-content\/uploads\/2024\/10\/IMG_8567-scaled.jpg","width":2560,"height":1807},{"@type":"BreadcrumbList","@id":"https:\/\/dev.antudigital.cl\/sites\/vc\/iv-festival-al-ritmo-de-la-dignidad-se-realizara-en-rodelillo-el-proximo-19-de-octubre\/#breadcrumb","itemListElement":[{"@type":"ListItem","position":1,"name":"Home","item":"https:\/\/dev.antudigital.cl\/sites\/vc\/"},{"@type":"ListItem","position":2,"name":"IV Festival al Ritmo de la Dignidad se realizar\u00e1 en Rodelillo el pr\u00f3ximo 19 de octubre"}]},{"@type":"WebSite","@id":"https:\/\/dev.antudigital.cl\/sites\/vc\/#website","url":"https:\/\/dev.antudigital.cl\/sites\/vc\/","name":"Valpara\u00ed\u00adso Creativo","description":"","potentialAction":[{"@type":"SearchAction","target":{"@type":"EntryPoint","urlTemplate":"https:\/\/dev.antudigital.cl\/sites\/vc\/?s={search_term_string}"},"query-input":{"@type":"PropertyValueSpecification","valueRequired":true,"valueName":"search_term_string"}}],"inLanguage":"es"},{"@type":"Person","@id":"https:\/\/dev.antudigital.cl\/sites\/vc\/#\/schema\/person\/c2b9da8dd545e27166fc5ab232837318","name":"Valpara\u00edso Creativo","description":"Periodista de cultura en la Regi\u00f3n de Valpara\u00edso.","url":"https:\/\/dev.antudigital.cl\/sites\/vc\/author\/valpoadmin\/"}]}},"_links":{"self":[{"href":"https:\/\/dev.antudigital.cl\/sites\/vc\/wp-json\/wp\/v2\/posts\/20666","targetHints":{"allow":["GET"]}}],"collection":[{"href":"https:\/\/dev.antudigital.cl\/sites\/vc\/wp-json\/wp\/v2\/posts"}],"about":[{"href":"https:\/\/dev.antudigital.cl\/sites\/vc\/wp-json\/wp\/v2\/types\/post"}],"author":[{"embeddable":true,"href":"https:\/\/dev.antudigital.cl\/sites\/vc\/wp-json\/wp\/v2\/users\/1"}],"replies":[{"embeddable":true,"href":"https:\/\/dev.antudigital.cl\/sites\/vc\/wp-json\/wp\/v2\/comments?post=20666"}],"version-history":[{"count":1,"href":"https:\/\/dev.antudigital.cl\/sites\/vc\/wp-json\/wp\/v2\/posts\/20666\/revisions"}],"predecessor-version":[{"id":20669,"href":"https:\/\/dev.antudigital.cl\/sites\/vc\/wp-json\/wp\/v2\/posts\/20666\/revisions\/20669"}],"wp:featuredmedia":[{"embeddable":true,"href":"https:\/\/dev.antudigital.cl\/sites\/vc\/wp-json\/wp\/v2\/media\/20667"}],"wp:attachment":[{"href":"https:\/\/dev.antudigital.cl\/sites\/vc\/wp-json\/wp\/v2\/media?parent=20666"}],"wp:term":[{"taxonomy":"category","embeddable":true,"href":"https:\/\/dev.antudigital.cl\/sites\/vc\/wp-json\/wp\/v2\/categories?post=20666"},{"taxonomy":"post_tag","embeddable":true,"href":"https:\/\/dev.antudigital.cl\/sites\/vc\/wp-json\/wp\/v2\/tags?post=20666"}],"curies":[{"name":"wp","href":"https:\/\/api.w.org\/{rel}","templated":true}]}}