{"id":20674,"date":"2024-10-07T19:58:46","date_gmt":"2024-10-07T19:58:46","guid":{"rendered":"https:\/\/www.valparaisocreativo.cl\/?p=20674"},"modified":"2024-10-07T19:59:02","modified_gmt":"2024-10-07T19:59:02","slug":"el-iv-festival-escolar-raul-ruiz-invita-a-jovenes-de-todo-chile-a-participar-con-sus-cortometrajes","status":"publish","type":"post","link":"https:\/\/dev.antudigital.cl\/sites\/vc\/el-iv-festival-escolar-raul-ruiz-invita-a-jovenes-de-todo-chile-a-participar-con-sus-cortometrajes\/","title":{"rendered":"El IV Festival Escolar Ra\u00fal Ruiz invita a j\u00f3venes de todo Chile a participar con sus cortometrajes"},"content":{"rendered":"\n<p>&nbsp;El IV Festival Escolar Ra\u00fal Ruiz sigue su camino hacia la gran final, invitando a estudiantes de 5\u00b0 b\u00e1sico a 4\u00b0 medio de todo Chile a inscribir sus cortometrajes antes del 5 de noviembre de 2024. Este festival, inspirado en el legado del aclamado cineasta Ra\u00fal Ruiz, se consolida como un espacio para el desarrollo creativo y cinematogr\u00e1fico de los j\u00f3venes, fomentando la creaci\u00f3n experimental y el aprendizaje interdisciplinar.<\/p>\n\n\n\n<p>\u00abQueremos que los j\u00f3venes usen el cine como una herramienta de expresi\u00f3n creativa, que experimenten y exploren sus propias realidades a trav\u00e9s de la lente,\u00bb coment\u00f3 Sebasti\u00e1n Tejada Est\u00e9vez, director del festival.<\/p>\n\n\n\n<p>Las bases y el formulario de inscripci\u00f3n est\u00e1n disponibles en el siguiente enlace:<br><a href=\"https:\/\/drive.google.com\/file\/d\/1Pf-CjyhanHmr7QiuSfvb8LPIISmttgF8\/view?usp=sharing\">Bases IV Festival Escolar Ra\u00fal Ruiz<\/a><\/p>\n\n\n\n<p><strong>Redes Sociales:<\/strong><\/p>\n\n\n\n<ul class=\"wp-block-list\">\n<li>Instagram: @fescine.rruiz<\/li>\n\n\n\n<li>Facebook: Festival Escolar Raul Ruiz 2024<\/li>\n\n\n\n<li>YouTube: @festivaldecineescolarraulr6827<\/li>\n<\/ul>\n\n\n\n<figure class=\"wp-block-image size-large\"><img fetchpriority=\"high\" decoding=\"async\" width=\"1024\" height=\"1024\" src=\"https:\/\/www.valparaisocreativo.cl\/wp-content\/uploads\/2024\/10\/Afiche-Festival-1024x1024.png\" alt=\"\" class=\"wp-image-20675\" srcset=\"https:\/\/dev.antudigital.cl\/sites\/vc\/wp-content\/uploads\/2024\/10\/Afiche-Festival-1024x1024.png 1024w, https:\/\/dev.antudigital.cl\/sites\/vc\/wp-content\/uploads\/2024\/10\/Afiche-Festival-300x300.png 300w, https:\/\/dev.antudigital.cl\/sites\/vc\/wp-content\/uploads\/2024\/10\/Afiche-Festival-150x150.png 150w, https:\/\/dev.antudigital.cl\/sites\/vc\/wp-content\/uploads\/2024\/10\/Afiche-Festival-768x768.png 768w, https:\/\/dev.antudigital.cl\/sites\/vc\/wp-content\/uploads\/2024\/10\/Afiche-Festival-980x980.png 980w, https:\/\/dev.antudigital.cl\/sites\/vc\/wp-content\/uploads\/2024\/10\/Afiche-Festival-480x480.png 480w, https:\/\/dev.antudigital.cl\/sites\/vc\/wp-content\/uploads\/2024\/10\/Afiche-Festival-24x24.png 24w, https:\/\/dev.antudigital.cl\/sites\/vc\/wp-content\/uploads\/2024\/10\/Afiche-Festival-36x36.png 36w, https:\/\/dev.antudigital.cl\/sites\/vc\/wp-content\/uploads\/2024\/10\/Afiche-Festival-48x48.png 48w, https:\/\/dev.antudigital.cl\/sites\/vc\/wp-content\/uploads\/2024\/10\/Afiche-Festival.png 1080w\" sizes=\"(max-width: 1024px) 100vw, 1024px\" \/><\/figure>\n","protected":false},"excerpt":{"rendered":"<p>&nbsp;El IV Festival Escolar Ra\u00fal Ruiz sigue su camino hacia la gran final, invitando a estudiantes de 5\u00b0 b\u00e1sico a 4\u00b0 medio de todo Chile a inscribir sus cortometrajes antes del 5 de noviembre de 2024. Este festival, inspirado en el legado del aclamado cineasta Ra\u00fal Ruiz, se consolida como un espacio para el desarrollo [&hellip;]<\/p>\n","protected":false},"author":1,"featured_media":20676,"comment_status":"closed","ping_status":"closed","sticky":false,"template":"","format":"standard","meta":{"_acf_changed":false,"footnotes":""},"categories":[8],"tags":[],"class_list":["post-20674","post","type-post","status-publish","format-standard","has-post-thumbnail","hentry","category-noticia"],"acf":[],"yoast_head":"<!-- This site is optimized with the Yoast SEO plugin v27.1.1 - https:\/\/yoast.com\/product\/yoast-seo-wordpress\/ -->\n<title>El IV Festival Escolar Ra\u00fal Ruiz invita a j\u00f3venes de todo Chile a participar con sus cortometrajes - Valpara\u00ed\u00adso Creativo<\/title>\n<meta name=\"robots\" content=\"index, follow, max-snippet:-1, max-image-preview:large, max-video-preview:-1\" \/>\n<link rel=\"canonical\" href=\"https:\/\/dev.antudigital.cl\/sites\/vc\/el-iv-festival-escolar-raul-ruiz-invita-a-jovenes-de-todo-chile-a-participar-con-sus-cortometrajes\/\" \/>\n<meta property=\"og:locale\" content=\"es_ES\" \/>\n<meta property=\"og:type\" content=\"article\" \/>\n<meta property=\"og:title\" content=\"El IV Festival Escolar Ra\u00fal Ruiz invita a j\u00f3venes de todo Chile a participar con sus cortometrajes - Valpara\u00ed\u00adso Creativo\" \/>\n<meta property=\"og:description\" content=\"&nbsp;El IV Festival Escolar Ra\u00fal Ruiz sigue su camino hacia la gran final, invitando a estudiantes de 5\u00b0 b\u00e1sico a 4\u00b0 medio de todo Chile a inscribir sus cortometrajes antes del 5 de noviembre de 2024. Este festival, inspirado en el legado del aclamado cineasta Ra\u00fal Ruiz, se consolida como un espacio para el desarrollo [&hellip;]\" \/>\n<meta property=\"og:url\" content=\"https:\/\/dev.antudigital.cl\/sites\/vc\/el-iv-festival-escolar-raul-ruiz-invita-a-jovenes-de-todo-chile-a-participar-con-sus-cortometrajes\/\" \/>\n<meta property=\"og:site_name\" content=\"Valpara\u00ed\u00adso Creativo\" \/>\n<meta property=\"article:published_time\" content=\"2024-10-07T19:58:46+00:00\" \/>\n<meta property=\"article:modified_time\" content=\"2024-10-07T19:59:02+00:00\" \/>\n<meta property=\"og:image\" content=\"https:\/\/dev.antudigital.cl\/sites\/vc\/wp-content\/uploads\/2024\/10\/Lanzamiento-Los-Maitenes-1-scaled.jpg\" \/>\n\t<meta property=\"og:image:width\" content=\"2560\" \/>\n\t<meta property=\"og:image:height\" content=\"1920\" \/>\n\t<meta property=\"og:image:type\" content=\"image\/jpeg\" \/>\n<meta name=\"author\" content=\"Valpara\u00edso Creativo\" \/>\n<meta name=\"twitter:card\" content=\"summary_large_image\" \/>\n<meta name=\"twitter:label1\" content=\"Escrito por\" \/>\n\t<meta name=\"twitter:data1\" content=\"Valpara\u00edso Creativo\" \/>\n\t<meta name=\"twitter:label2\" content=\"Tiempo de lectura\" \/>\n\t<meta name=\"twitter:data2\" content=\"2 minutos\" \/>\n<script type=\"application\/ld+json\" class=\"yoast-schema-graph\">{\"@context\":\"https:\/\/schema.org\",\"@graph\":[{\"@type\":\"Article\",\"@id\":\"https:\/\/dev.antudigital.cl\/sites\/vc\/el-iv-festival-escolar-raul-ruiz-invita-a-jovenes-de-todo-chile-a-participar-con-sus-cortometrajes\/#article\",\"isPartOf\":{\"@id\":\"https:\/\/dev.antudigital.cl\/sites\/vc\/el-iv-festival-escolar-raul-ruiz-invita-a-jovenes-de-todo-chile-a-participar-con-sus-cortometrajes\/\"},\"author\":{\"name\":\"Valpara\u00edso Creativo\",\"@id\":\"https:\/\/dev.antudigital.cl\/sites\/vc\/#\/schema\/person\/c2b9da8dd545e27166fc5ab232837318\"},\"headline\":\"El IV Festival Escolar Ra\u00fal Ruiz invita a j\u00f3venes de todo Chile a participar con sus cortometrajes\",\"datePublished\":\"2024-10-07T19:58:46+00:00\",\"dateModified\":\"2024-10-07T19:59:02+00:00\",\"mainEntityOfPage\":{\"@id\":\"https:\/\/dev.antudigital.cl\/sites\/vc\/el-iv-festival-escolar-raul-ruiz-invita-a-jovenes-de-todo-chile-a-participar-con-sus-cortometrajes\/\"},\"wordCount\":162,\"image\":{\"@id\":\"https:\/\/dev.antudigital.cl\/sites\/vc\/el-iv-festival-escolar-raul-ruiz-invita-a-jovenes-de-todo-chile-a-participar-con-sus-cortometrajes\/#primaryimage\"},\"thumbnailUrl\":\"https:\/\/dev.antudigital.cl\/sites\/vc\/wp-content\/uploads\/2024\/10\/Lanzamiento-Los-Maitenes-1-scaled.jpg\",\"articleSection\":[\"Noticia\"],\"inLanguage\":\"es\"},{\"@type\":\"WebPage\",\"@id\":\"https:\/\/dev.antudigital.cl\/sites\/vc\/el-iv-festival-escolar-raul-ruiz-invita-a-jovenes-de-todo-chile-a-participar-con-sus-cortometrajes\/\",\"url\":\"https:\/\/dev.antudigital.cl\/sites\/vc\/el-iv-festival-escolar-raul-ruiz-invita-a-jovenes-de-todo-chile-a-participar-con-sus-cortometrajes\/\",\"name\":\"El IV Festival Escolar Ra\u00fal Ruiz invita a j\u00f3venes de todo Chile a participar con sus cortometrajes - Valpara\u00ed\u00adso Creativo\",\"isPartOf\":{\"@id\":\"https:\/\/dev.antudigital.cl\/sites\/vc\/#website\"},\"primaryImageOfPage\":{\"@id\":\"https:\/\/dev.antudigital.cl\/sites\/vc\/el-iv-festival-escolar-raul-ruiz-invita-a-jovenes-de-todo-chile-a-participar-con-sus-cortometrajes\/#primaryimage\"},\"image\":{\"@id\":\"https:\/\/dev.antudigital.cl\/sites\/vc\/el-iv-festival-escolar-raul-ruiz-invita-a-jovenes-de-todo-chile-a-participar-con-sus-cortometrajes\/#primaryimage\"},\"thumbnailUrl\":\"https:\/\/dev.antudigital.cl\/sites\/vc\/wp-content\/uploads\/2024\/10\/Lanzamiento-Los-Maitenes-1-scaled.jpg\",\"datePublished\":\"2024-10-07T19:58:46+00:00\",\"dateModified\":\"2024-10-07T19:59:02+00:00\",\"author\":{\"@id\":\"https:\/\/dev.antudigital.cl\/sites\/vc\/#\/schema\/person\/c2b9da8dd545e27166fc5ab232837318\"},\"breadcrumb\":{\"@id\":\"https:\/\/dev.antudigital.cl\/sites\/vc\/el-iv-festival-escolar-raul-ruiz-invita-a-jovenes-de-todo-chile-a-participar-con-sus-cortometrajes\/#breadcrumb\"},\"inLanguage\":\"es\",\"potentialAction\":[{\"@type\":\"ReadAction\",\"target\":[\"https:\/\/dev.antudigital.cl\/sites\/vc\/el-iv-festival-escolar-raul-ruiz-invita-a-jovenes-de-todo-chile-a-participar-con-sus-cortometrajes\/\"]}]},{\"@type\":\"ImageObject\",\"inLanguage\":\"es\",\"@id\":\"https:\/\/dev.antudigital.cl\/sites\/vc\/el-iv-festival-escolar-raul-ruiz-invita-a-jovenes-de-todo-chile-a-participar-con-sus-cortometrajes\/#primaryimage\",\"url\":\"https:\/\/dev.antudigital.cl\/sites\/vc\/wp-content\/uploads\/2024\/10\/Lanzamiento-Los-Maitenes-1-scaled.jpg\",\"contentUrl\":\"https:\/\/dev.antudigital.cl\/sites\/vc\/wp-content\/uploads\/2024\/10\/Lanzamiento-Los-Maitenes-1-scaled.jpg\",\"width\":2560,\"height\":1920},{\"@type\":\"BreadcrumbList\",\"@id\":\"https:\/\/dev.antudigital.cl\/sites\/vc\/el-iv-festival-escolar-raul-ruiz-invita-a-jovenes-de-todo-chile-a-participar-con-sus-cortometrajes\/#breadcrumb\",\"itemListElement\":[{\"@type\":\"ListItem\",\"position\":1,\"name\":\"Home\",\"item\":\"https:\/\/dev.antudigital.cl\/sites\/vc\/\"},{\"@type\":\"ListItem\",\"position\":2,\"name\":\"El IV Festival Escolar Ra\u00fal Ruiz invita a j\u00f3venes de todo Chile a participar con sus cortometrajes\"}]},{\"@type\":\"WebSite\",\"@id\":\"https:\/\/dev.antudigital.cl\/sites\/vc\/#website\",\"url\":\"https:\/\/dev.antudigital.cl\/sites\/vc\/\",\"name\":\"Valpara\u00ed\u00adso Creativo\",\"description\":\"\",\"potentialAction\":[{\"@type\":\"SearchAction\",\"target\":{\"@type\":\"EntryPoint\",\"urlTemplate\":\"https:\/\/dev.antudigital.cl\/sites\/vc\/?s={search_term_string}\"},\"query-input\":{\"@type\":\"PropertyValueSpecification\",\"valueRequired\":true,\"valueName\":\"search_term_string\"}}],\"inLanguage\":\"es\"},{\"@type\":\"Person\",\"@id\":\"https:\/\/dev.antudigital.cl\/sites\/vc\/#\/schema\/person\/c2b9da8dd545e27166fc5ab232837318\",\"name\":\"Valpara\u00edso Creativo\",\"description\":\"Periodista de cultura en la Regi\u00f3n de Valpara\u00edso.\",\"url\":\"https:\/\/dev.antudigital.cl\/sites\/vc\/author\/valpoadmin\/\"}]}<\/script>\n<!-- \/ Yoast SEO plugin. -->","yoast_head_json":{"title":"El IV Festival Escolar Ra\u00fal Ruiz invita a j\u00f3venes de todo Chile a participar con sus cortometrajes - Valpara\u00ed\u00adso Creativo","robots":{"index":"index","follow":"follow","max-snippet":"max-snippet:-1","max-image-preview":"max-image-preview:large","max-video-preview":"max-video-preview:-1"},"canonical":"https:\/\/dev.antudigital.cl\/sites\/vc\/el-iv-festival-escolar-raul-ruiz-invita-a-jovenes-de-todo-chile-a-participar-con-sus-cortometrajes\/","og_locale":"es_ES","og_type":"article","og_title":"El IV Festival Escolar Ra\u00fal Ruiz invita a j\u00f3venes de todo Chile a participar con sus cortometrajes - Valpara\u00ed\u00adso Creativo","og_description":"&nbsp;El IV Festival Escolar Ra\u00fal Ruiz sigue su camino hacia la gran final, invitando a estudiantes de 5\u00b0 b\u00e1sico a 4\u00b0 medio de todo Chile a inscribir sus cortometrajes antes del 5 de noviembre de 2024. Este festival, inspirado en el legado del aclamado cineasta Ra\u00fal Ruiz, se consolida como un espacio para el desarrollo [&hellip;]","og_url":"https:\/\/dev.antudigital.cl\/sites\/vc\/el-iv-festival-escolar-raul-ruiz-invita-a-jovenes-de-todo-chile-a-participar-con-sus-cortometrajes\/","og_site_name":"Valpara\u00ed\u00adso Creativo","article_published_time":"2024-10-07T19:58:46+00:00","article_modified_time":"2024-10-07T19:59:02+00:00","og_image":[{"width":2560,"height":1920,"url":"https:\/\/dev.antudigital.cl\/sites\/vc\/wp-content\/uploads\/2024\/10\/Lanzamiento-Los-Maitenes-1-scaled.jpg","type":"image\/jpeg"}],"author":"Valpara\u00edso Creativo","twitter_card":"summary_large_image","twitter_misc":{"Escrito por":"Valpara\u00edso Creativo","Tiempo de lectura":"2 minutos"},"schema":{"@context":"https:\/\/schema.org","@graph":[{"@type":"Article","@id":"https:\/\/dev.antudigital.cl\/sites\/vc\/el-iv-festival-escolar-raul-ruiz-invita-a-jovenes-de-todo-chile-a-participar-con-sus-cortometrajes\/#article","isPartOf":{"@id":"https:\/\/dev.antudigital.cl\/sites\/vc\/el-iv-festival-escolar-raul-ruiz-invita-a-jovenes-de-todo-chile-a-participar-con-sus-cortometrajes\/"},"author":{"name":"Valpara\u00edso Creativo","@id":"https:\/\/dev.antudigital.cl\/sites\/vc\/#\/schema\/person\/c2b9da8dd545e27166fc5ab232837318"},"headline":"El IV Festival Escolar Ra\u00fal Ruiz invita a j\u00f3venes de todo Chile a participar con sus cortometrajes","datePublished":"2024-10-07T19:58:46+00:00","dateModified":"2024-10-07T19:59:02+00:00","mainEntityOfPage":{"@id":"https:\/\/dev.antudigital.cl\/sites\/vc\/el-iv-festival-escolar-raul-ruiz-invita-a-jovenes-de-todo-chile-a-participar-con-sus-cortometrajes\/"},"wordCount":162,"image":{"@id":"https:\/\/dev.antudigital.cl\/sites\/vc\/el-iv-festival-escolar-raul-ruiz-invita-a-jovenes-de-todo-chile-a-participar-con-sus-cortometrajes\/#primaryimage"},"thumbnailUrl":"https:\/\/dev.antudigital.cl\/sites\/vc\/wp-content\/uploads\/2024\/10\/Lanzamiento-Los-Maitenes-1-scaled.jpg","articleSection":["Noticia"],"inLanguage":"es"},{"@type":"WebPage","@id":"https:\/\/dev.antudigital.cl\/sites\/vc\/el-iv-festival-escolar-raul-ruiz-invita-a-jovenes-de-todo-chile-a-participar-con-sus-cortometrajes\/","url":"https:\/\/dev.antudigital.cl\/sites\/vc\/el-iv-festival-escolar-raul-ruiz-invita-a-jovenes-de-todo-chile-a-participar-con-sus-cortometrajes\/","name":"El IV Festival Escolar Ra\u00fal Ruiz invita a j\u00f3venes de todo Chile a participar con sus cortometrajes - Valpara\u00ed\u00adso Creativo","isPartOf":{"@id":"https:\/\/dev.antudigital.cl\/sites\/vc\/#website"},"primaryImageOfPage":{"@id":"https:\/\/dev.antudigital.cl\/sites\/vc\/el-iv-festival-escolar-raul-ruiz-invita-a-jovenes-de-todo-chile-a-participar-con-sus-cortometrajes\/#primaryimage"},"image":{"@id":"https:\/\/dev.antudigital.cl\/sites\/vc\/el-iv-festival-escolar-raul-ruiz-invita-a-jovenes-de-todo-chile-a-participar-con-sus-cortometrajes\/#primaryimage"},"thumbnailUrl":"https:\/\/dev.antudigital.cl\/sites\/vc\/wp-content\/uploads\/2024\/10\/Lanzamiento-Los-Maitenes-1-scaled.jpg","datePublished":"2024-10-07T19:58:46+00:00","dateModified":"2024-10-07T19:59:02+00:00","author":{"@id":"https:\/\/dev.antudigital.cl\/sites\/vc\/#\/schema\/person\/c2b9da8dd545e27166fc5ab232837318"},"breadcrumb":{"@id":"https:\/\/dev.antudigital.cl\/sites\/vc\/el-iv-festival-escolar-raul-ruiz-invita-a-jovenes-de-todo-chile-a-participar-con-sus-cortometrajes\/#breadcrumb"},"inLanguage":"es","potentialAction":[{"@type":"ReadAction","target":["https:\/\/dev.antudigital.cl\/sites\/vc\/el-iv-festival-escolar-raul-ruiz-invita-a-jovenes-de-todo-chile-a-participar-con-sus-cortometrajes\/"]}]},{"@type":"ImageObject","inLanguage":"es","@id":"https:\/\/dev.antudigital.cl\/sites\/vc\/el-iv-festival-escolar-raul-ruiz-invita-a-jovenes-de-todo-chile-a-participar-con-sus-cortometrajes\/#primaryimage","url":"https:\/\/dev.antudigital.cl\/sites\/vc\/wp-content\/uploads\/2024\/10\/Lanzamiento-Los-Maitenes-1-scaled.jpg","contentUrl":"https:\/\/dev.antudigital.cl\/sites\/vc\/wp-content\/uploads\/2024\/10\/Lanzamiento-Los-Maitenes-1-scaled.jpg","width":2560,"height":1920},{"@type":"BreadcrumbList","@id":"https:\/\/dev.antudigital.cl\/sites\/vc\/el-iv-festival-escolar-raul-ruiz-invita-a-jovenes-de-todo-chile-a-participar-con-sus-cortometrajes\/#breadcrumb","itemListElement":[{"@type":"ListItem","position":1,"name":"Home","item":"https:\/\/dev.antudigital.cl\/sites\/vc\/"},{"@type":"ListItem","position":2,"name":"El IV Festival Escolar Ra\u00fal Ruiz invita a j\u00f3venes de todo Chile a participar con sus cortometrajes"}]},{"@type":"WebSite","@id":"https:\/\/dev.antudigital.cl\/sites\/vc\/#website","url":"https:\/\/dev.antudigital.cl\/sites\/vc\/","name":"Valpara\u00ed\u00adso Creativo","description":"","potentialAction":[{"@type":"SearchAction","target":{"@type":"EntryPoint","urlTemplate":"https:\/\/dev.antudigital.cl\/sites\/vc\/?s={search_term_string}"},"query-input":{"@type":"PropertyValueSpecification","valueRequired":true,"valueName":"search_term_string"}}],"inLanguage":"es"},{"@type":"Person","@id":"https:\/\/dev.antudigital.cl\/sites\/vc\/#\/schema\/person\/c2b9da8dd545e27166fc5ab232837318","name":"Valpara\u00edso Creativo","description":"Periodista de cultura en la Regi\u00f3n de Valpara\u00edso.","url":"https:\/\/dev.antudigital.cl\/sites\/vc\/author\/valpoadmin\/"}]}},"_links":{"self":[{"href":"https:\/\/dev.antudigital.cl\/sites\/vc\/wp-json\/wp\/v2\/posts\/20674","targetHints":{"allow":["GET"]}}],"collection":[{"href":"https:\/\/dev.antudigital.cl\/sites\/vc\/wp-json\/wp\/v2\/posts"}],"about":[{"href":"https:\/\/dev.antudigital.cl\/sites\/vc\/wp-json\/wp\/v2\/types\/post"}],"author":[{"embeddable":true,"href":"https:\/\/dev.antudigital.cl\/sites\/vc\/wp-json\/wp\/v2\/users\/1"}],"replies":[{"embeddable":true,"href":"https:\/\/dev.antudigital.cl\/sites\/vc\/wp-json\/wp\/v2\/comments?post=20674"}],"version-history":[{"count":1,"href":"https:\/\/dev.antudigital.cl\/sites\/vc\/wp-json\/wp\/v2\/posts\/20674\/revisions"}],"predecessor-version":[{"id":20677,"href":"https:\/\/dev.antudigital.cl\/sites\/vc\/wp-json\/wp\/v2\/posts\/20674\/revisions\/20677"}],"wp:featuredmedia":[{"embeddable":true,"href":"https:\/\/dev.antudigital.cl\/sites\/vc\/wp-json\/wp\/v2\/media\/20676"}],"wp:attachment":[{"href":"https:\/\/dev.antudigital.cl\/sites\/vc\/wp-json\/wp\/v2\/media?parent=20674"}],"wp:term":[{"taxonomy":"category","embeddable":true,"href":"https:\/\/dev.antudigital.cl\/sites\/vc\/wp-json\/wp\/v2\/categories?post=20674"},{"taxonomy":"post_tag","embeddable":true,"href":"https:\/\/dev.antudigital.cl\/sites\/vc\/wp-json\/wp\/v2\/tags?post=20674"}],"curies":[{"name":"wp","href":"https:\/\/api.w.org\/{rel}","templated":true}]}}