{"id":20678,"date":"2024-10-07T20:01:05","date_gmt":"2024-10-07T20:01:05","guid":{"rendered":"https:\/\/www.valparaisocreativo.cl\/?p=20678"},"modified":"2024-10-07T20:01:24","modified_gmt":"2024-10-07T20:01:24","slug":"festilambe-travesia-y-periplo","status":"publish","type":"post","link":"https:\/\/dev.antudigital.cl\/sites\/vc\/festilambe-travesia-y-periplo\/","title":{"rendered":"FESTILAMBE: Traves\u00eda y periplo"},"content":{"rendered":"\n<p><strong>El viernes 4 de octubre, en el Muelle Prat, es el Lanzamiento del 8vo FESTILAMBE de Valpara\u00edso, Festival Internacional de Teatro Lambe Lambe &#8211; Chile, CONVOCANDO HUMANIDAD.&nbsp;<\/strong>Cuarto Teatro y Teatro La Ra\u00edz son las compa\u00f1\u00edas invitadas que dan el inicio a las actividades presenciales de esta octava versi\u00f3n, una traves\u00eda en la que personas de distintas partes del mundo se re\u00fanen para compartir en torno al teatro de animaci\u00f3n.&nbsp;<\/p>\n\n\n\n<p>Este es un Proyecto ejecutado por el equipo de Fundaci\u00f3n OANI de Teatro y Financiado por el Fondo Nacional de Fomento y Desarrollo de las Artes Esc\u00e9nicas Convocatoria 2024 del Ministerio de las Culturas, las Artes y el Patrimonio; Apoyo a Puntos de Cultura Comunitaria Convocatoria 2023 del MINCAP; FICVAL Fondos de Iniciativas Culturales de Valpara\u00edso 2024; y Puerto Valpara\u00edso &#8211; Creciendo juntos.<\/p>\n\n\n\n<p><strong>Teatro La Ra\u00edz presentar\u00e1 \u2018Cuentos tejidos por los vientos de Chile\u2019<\/strong>, una trilog\u00eda que recorre el norte, centro y sur del territorio.&nbsp;<strong>M\u00f3nica Rojas anima el espect\u00e1culo \u2018Trascendencia\u2019<\/strong>, que nace el a\u00f1o 2018, con una dramaturgia impregnada de los vientos de la camanchaca. Se\u00f1ala: \u201cPodr\u00e1n conocer a una mujer que emprende un viaje solitario a la pampa, un po\u00e9tico vuelo hacia su interior. Me emociona poder darle la bienvenida a colegas, que han encontrado una pasi\u00f3n en el teatro en miniatura\u201d.<\/p>\n\n\n\n<p><strong>Gustavo Fuenzalida manipula \u2018Yo Cau Cau\u2019<\/strong>, basada en la historia de Vicente Cau Cau, el ni\u00f1o puma que mereodeaba casas al sur de Chile. \u201cUn ser extra\u00f1o robaba comida de las despensas, y animales de los gallineros, en las cercan\u00edas de Puerto Varas. Hace fr\u00edo y est\u00e1 solo. Una libre y salvaje infancia se encuentra s\u00fabitamente con la civilizaci\u00f3n. Participar en un festival tan prestigioso nos llena de orgullo, felices de compartir historias desde nuestras ra\u00edces\u201d.<\/p>\n\n\n\n<p><strong>Cuarto Teatro trae l<\/strong><strong>a Triada Lambe \u2018Sucesos Liminales\u2019\/<\/strong>, una historia que gira en torno a tres estados mentales que tienen dos personajes planteados en la triada: Una astr\u00f3noma y un tejedor.&nbsp;<strong>Felipe Cuevas, integrante del equipo<\/strong>, detalla: \u201cCada casa de teatro, refleja el mundo interno de estos dos personajes; sus sue\u00f1os (<em>Interacciones<\/em>), sus pensamientos (<em>El camino de una decisi\u00f3n<\/em>) y sus recuerdos (<em>Desorbitar<\/em>). A partir del uso de simbolismos, objetos y personajes que circulan entre las tres casas, se va entrelazando una historia que sucede en distintos tiempos narrativos, pero que logra acontecer gracias a la causa y consecuencia, tanto de sus personajes como de los espectadores que la habitan\u201d.<\/p>\n\n\n\n<p><strong>Gabriela Soto anima \u2018Desorbitar\u2019<\/strong>, obra que se centra en la necesidad de atesorar la memoria, donde la joven astr\u00f3noma estudia el cielo, acompa\u00f1ada por un ave llamada Ckamuria y la luna. \u201cJuntas emprenden un viaje on\u00edrico que refleja las memorias de un mundo en constante cambio. Animar esta casa de teatro Lambe Lambe ha sido un desaf\u00edo, en primer lugar por la enriquecedora dramaturgia que trae consigo temas relacionados con la astronom\u00eda, la soledad, el estudio del universo y entre otros que van siendo abordados con la excusa de profundizar en el reconocimiento interno y externo de las experiencias que vivenciamos como seres humanos en el mundo\u201d.<\/p>\n\n\n\n<p><strong>Obras seleccionadas<\/strong><\/p>\n\n\n\n<p>25 obras y diversas actividades formativas har\u00e1n un periplo por Valpara\u00edso, recorriendo plazas, cerros y espacios culturales. Se re\u00fanen en esta instancia de goce e intercambio artistas de Brasil, Argentina, Alemania, M\u00e9xico y Chile.&nbsp;<\/p>\n\n\n\n<p><strong>Mariana Cazula fue seleccionada por la obra \u2018Sopa de piedra\u2019<\/strong>, la que surge por la necesidad de hablar sobre la muerte. \u201cPerd\u00ed a mi madre muy joven, y pensar en la muerte siempre ha estado presente en mi vida. Quer\u00eda contar una historia que abordara el tema con ligereza e incluso con humor. Poco a poco fui construyendo una dramaturgia de acciones. Algo que ten\u00eda claro era que quer\u00eda tener mis manos completamente dentro de la caja, lo que me llev\u00f3 a usar la t\u00e9cnica del teatro de guantes\u201d.<\/p>\n\n\n\n<p><strong>Catalina Sep\u00falveda fue seleccionada por \u2018Mil Yardas\u2019<\/strong>, obra que \u201cforma parte de una trilog\u00eda de Teatro Lambe Lambe, donde contamos la historia de un ni\u00f1o cuya vida se ve afectada por la dictadura militar chilena. Durante un allanamiento a su familia, el ni\u00f1o debe ocultarse en una lavadora, un hecho que lo traumatiza y lo acompa\u00f1a hasta su vida adulta. \u2018Mil Yardas\u2019 nace de la necesidad de hablar sobre historias vividas por familiares de algunas de nuestras compa\u00f1eras, y de sanar colectivamente los mismos traumas que nos han sido traspasados por ellos\u201d.<\/p>\n\n\n\n<p>Para m\u00e1s informaci\u00f3n seguir a @festilambe en&nbsp;<a href=\"https:\/\/www.instagram.com\/festilambe\/\" target=\"_blank\" rel=\"noreferrer noopener\">Instagram<\/a>,&nbsp;<a href=\"https:\/\/web.facebook.com\/Festilambe\/\" target=\"_blank\" rel=\"noreferrer noopener\">Facebook<\/a>&nbsp;y&nbsp;<a href=\"https:\/\/x.com\/festilambe\" target=\"_blank\" rel=\"noreferrer noopener\">Twitter<\/a>.<\/p>\n","protected":false},"excerpt":{"rendered":"<p>El viernes 4 de octubre, en el Muelle Prat, es el Lanzamiento del 8vo FESTILAMBE de Valpara\u00edso, Festival Internacional de Teatro Lambe Lambe &#8211; Chile, CONVOCANDO HUMANIDAD.&nbsp;Cuarto Teatro y Teatro La Ra\u00edz son las compa\u00f1\u00edas invitadas que dan el inicio a las actividades presenciales de esta octava versi\u00f3n, una traves\u00eda en la que personas de [&hellip;]<\/p>\n","protected":false},"author":1,"featured_media":20679,"comment_status":"closed","ping_status":"closed","sticky":false,"template":"","format":"standard","meta":{"_acf_changed":false,"footnotes":""},"categories":[8],"tags":[],"class_list":["post-20678","post","type-post","status-publish","format-standard","has-post-thumbnail","hentry","category-noticia"],"acf":[],"yoast_head":"<!-- This site is optimized with the Yoast SEO plugin v27.1.1 - https:\/\/yoast.com\/product\/yoast-seo-wordpress\/ -->\n<title>FESTILAMBE: Traves\u00eda y periplo - Valpara\u00ed\u00adso Creativo<\/title>\n<meta name=\"robots\" content=\"index, follow, max-snippet:-1, max-image-preview:large, max-video-preview:-1\" \/>\n<link rel=\"canonical\" href=\"https:\/\/dev.antudigital.cl\/sites\/vc\/festilambe-travesia-y-periplo\/\" \/>\n<meta property=\"og:locale\" content=\"es_ES\" \/>\n<meta property=\"og:type\" content=\"article\" \/>\n<meta property=\"og:title\" content=\"FESTILAMBE: Traves\u00eda y periplo - Valpara\u00ed\u00adso Creativo\" \/>\n<meta property=\"og:description\" content=\"El viernes 4 de octubre, en el Muelle Prat, es el Lanzamiento del 8vo FESTILAMBE de Valpara\u00edso, Festival Internacional de Teatro Lambe Lambe &#8211; Chile, CONVOCANDO HUMANIDAD.&nbsp;Cuarto Teatro y Teatro La Ra\u00edz son las compa\u00f1\u00edas invitadas que dan el inicio a las actividades presenciales de esta octava versi\u00f3n, una traves\u00eda en la que personas de [&hellip;]\" \/>\n<meta property=\"og:url\" content=\"https:\/\/dev.antudigital.cl\/sites\/vc\/festilambe-travesia-y-periplo\/\" \/>\n<meta property=\"og:site_name\" content=\"Valpara\u00ed\u00adso Creativo\" \/>\n<meta property=\"article:published_time\" content=\"2024-10-07T20:01:05+00:00\" \/>\n<meta property=\"article:modified_time\" content=\"2024-10-07T20:01:24+00:00\" \/>\n<meta property=\"og:image\" content=\"https:\/\/dev.antudigital.cl\/sites\/vc\/wp-content\/uploads\/2024\/10\/Sopa-de-Pedra_Foto-Vinicius-Barros-23.jpeg\" \/>\n\t<meta property=\"og:image:width\" content=\"1772\" \/>\n\t<meta property=\"og:image:height\" content=\"1181\" \/>\n\t<meta property=\"og:image:type\" content=\"image\/jpeg\" \/>\n<meta name=\"author\" content=\"Valpara\u00edso Creativo\" \/>\n<meta name=\"twitter:card\" content=\"summary_large_image\" \/>\n<meta name=\"twitter:label1\" content=\"Escrito por\" \/>\n\t<meta name=\"twitter:data1\" content=\"Valpara\u00edso Creativo\" \/>\n\t<meta name=\"twitter:label2\" content=\"Tiempo de lectura\" \/>\n\t<meta name=\"twitter:data2\" content=\"4 minutos\" \/>\n<script type=\"application\/ld+json\" class=\"yoast-schema-graph\">{\"@context\":\"https:\/\/schema.org\",\"@graph\":[{\"@type\":\"Article\",\"@id\":\"https:\/\/dev.antudigital.cl\/sites\/vc\/festilambe-travesia-y-periplo\/#article\",\"isPartOf\":{\"@id\":\"https:\/\/dev.antudigital.cl\/sites\/vc\/festilambe-travesia-y-periplo\/\"},\"author\":{\"name\":\"Valpara\u00edso Creativo\",\"@id\":\"https:\/\/dev.antudigital.cl\/sites\/vc\/#\/schema\/person\/c2b9da8dd545e27166fc5ab232837318\"},\"headline\":\"FESTILAMBE: Traves\u00eda y periplo\",\"datePublished\":\"2024-10-07T20:01:05+00:00\",\"dateModified\":\"2024-10-07T20:01:24+00:00\",\"mainEntityOfPage\":{\"@id\":\"https:\/\/dev.antudigital.cl\/sites\/vc\/festilambe-travesia-y-periplo\/\"},\"wordCount\":795,\"image\":{\"@id\":\"https:\/\/dev.antudigital.cl\/sites\/vc\/festilambe-travesia-y-periplo\/#primaryimage\"},\"thumbnailUrl\":\"https:\/\/dev.antudigital.cl\/sites\/vc\/wp-content\/uploads\/2024\/10\/Sopa-de-Pedra_Foto-Vinicius-Barros-23.jpeg\",\"articleSection\":[\"Noticia\"],\"inLanguage\":\"es\"},{\"@type\":\"WebPage\",\"@id\":\"https:\/\/dev.antudigital.cl\/sites\/vc\/festilambe-travesia-y-periplo\/\",\"url\":\"https:\/\/dev.antudigital.cl\/sites\/vc\/festilambe-travesia-y-periplo\/\",\"name\":\"FESTILAMBE: Traves\u00eda y periplo - Valpara\u00ed\u00adso Creativo\",\"isPartOf\":{\"@id\":\"https:\/\/dev.antudigital.cl\/sites\/vc\/#website\"},\"primaryImageOfPage\":{\"@id\":\"https:\/\/dev.antudigital.cl\/sites\/vc\/festilambe-travesia-y-periplo\/#primaryimage\"},\"image\":{\"@id\":\"https:\/\/dev.antudigital.cl\/sites\/vc\/festilambe-travesia-y-periplo\/#primaryimage\"},\"thumbnailUrl\":\"https:\/\/dev.antudigital.cl\/sites\/vc\/wp-content\/uploads\/2024\/10\/Sopa-de-Pedra_Foto-Vinicius-Barros-23.jpeg\",\"datePublished\":\"2024-10-07T20:01:05+00:00\",\"dateModified\":\"2024-10-07T20:01:24+00:00\",\"author\":{\"@id\":\"https:\/\/dev.antudigital.cl\/sites\/vc\/#\/schema\/person\/c2b9da8dd545e27166fc5ab232837318\"},\"breadcrumb\":{\"@id\":\"https:\/\/dev.antudigital.cl\/sites\/vc\/festilambe-travesia-y-periplo\/#breadcrumb\"},\"inLanguage\":\"es\",\"potentialAction\":[{\"@type\":\"ReadAction\",\"target\":[\"https:\/\/dev.antudigital.cl\/sites\/vc\/festilambe-travesia-y-periplo\/\"]}]},{\"@type\":\"ImageObject\",\"inLanguage\":\"es\",\"@id\":\"https:\/\/dev.antudigital.cl\/sites\/vc\/festilambe-travesia-y-periplo\/#primaryimage\",\"url\":\"https:\/\/dev.antudigital.cl\/sites\/vc\/wp-content\/uploads\/2024\/10\/Sopa-de-Pedra_Foto-Vinicius-Barros-23.jpeg\",\"contentUrl\":\"https:\/\/dev.antudigital.cl\/sites\/vc\/wp-content\/uploads\/2024\/10\/Sopa-de-Pedra_Foto-Vinicius-Barros-23.jpeg\",\"width\":1772,\"height\":1181},{\"@type\":\"BreadcrumbList\",\"@id\":\"https:\/\/dev.antudigital.cl\/sites\/vc\/festilambe-travesia-y-periplo\/#breadcrumb\",\"itemListElement\":[{\"@type\":\"ListItem\",\"position\":1,\"name\":\"Home\",\"item\":\"https:\/\/dev.antudigital.cl\/sites\/vc\/\"},{\"@type\":\"ListItem\",\"position\":2,\"name\":\"FESTILAMBE: Traves\u00eda y periplo\"}]},{\"@type\":\"WebSite\",\"@id\":\"https:\/\/dev.antudigital.cl\/sites\/vc\/#website\",\"url\":\"https:\/\/dev.antudigital.cl\/sites\/vc\/\",\"name\":\"Valpara\u00ed\u00adso Creativo\",\"description\":\"\",\"potentialAction\":[{\"@type\":\"SearchAction\",\"target\":{\"@type\":\"EntryPoint\",\"urlTemplate\":\"https:\/\/dev.antudigital.cl\/sites\/vc\/?s={search_term_string}\"},\"query-input\":{\"@type\":\"PropertyValueSpecification\",\"valueRequired\":true,\"valueName\":\"search_term_string\"}}],\"inLanguage\":\"es\"},{\"@type\":\"Person\",\"@id\":\"https:\/\/dev.antudigital.cl\/sites\/vc\/#\/schema\/person\/c2b9da8dd545e27166fc5ab232837318\",\"name\":\"Valpara\u00edso Creativo\",\"description\":\"Periodista de cultura en la Regi\u00f3n de Valpara\u00edso.\",\"url\":\"https:\/\/dev.antudigital.cl\/sites\/vc\/author\/valpoadmin\/\"}]}<\/script>\n<!-- \/ Yoast SEO plugin. -->","yoast_head_json":{"title":"FESTILAMBE: Traves\u00eda y periplo - Valpara\u00ed\u00adso Creativo","robots":{"index":"index","follow":"follow","max-snippet":"max-snippet:-1","max-image-preview":"max-image-preview:large","max-video-preview":"max-video-preview:-1"},"canonical":"https:\/\/dev.antudigital.cl\/sites\/vc\/festilambe-travesia-y-periplo\/","og_locale":"es_ES","og_type":"article","og_title":"FESTILAMBE: Traves\u00eda y periplo - Valpara\u00ed\u00adso Creativo","og_description":"El viernes 4 de octubre, en el Muelle Prat, es el Lanzamiento del 8vo FESTILAMBE de Valpara\u00edso, Festival Internacional de Teatro Lambe Lambe &#8211; Chile, CONVOCANDO HUMANIDAD.&nbsp;Cuarto Teatro y Teatro La Ra\u00edz son las compa\u00f1\u00edas invitadas que dan el inicio a las actividades presenciales de esta octava versi\u00f3n, una traves\u00eda en la que personas de [&hellip;]","og_url":"https:\/\/dev.antudigital.cl\/sites\/vc\/festilambe-travesia-y-periplo\/","og_site_name":"Valpara\u00ed\u00adso Creativo","article_published_time":"2024-10-07T20:01:05+00:00","article_modified_time":"2024-10-07T20:01:24+00:00","og_image":[{"width":1772,"height":1181,"url":"https:\/\/dev.antudigital.cl\/sites\/vc\/wp-content\/uploads\/2024\/10\/Sopa-de-Pedra_Foto-Vinicius-Barros-23.jpeg","type":"image\/jpeg"}],"author":"Valpara\u00edso Creativo","twitter_card":"summary_large_image","twitter_misc":{"Escrito por":"Valpara\u00edso Creativo","Tiempo de lectura":"4 minutos"},"schema":{"@context":"https:\/\/schema.org","@graph":[{"@type":"Article","@id":"https:\/\/dev.antudigital.cl\/sites\/vc\/festilambe-travesia-y-periplo\/#article","isPartOf":{"@id":"https:\/\/dev.antudigital.cl\/sites\/vc\/festilambe-travesia-y-periplo\/"},"author":{"name":"Valpara\u00edso Creativo","@id":"https:\/\/dev.antudigital.cl\/sites\/vc\/#\/schema\/person\/c2b9da8dd545e27166fc5ab232837318"},"headline":"FESTILAMBE: Traves\u00eda y periplo","datePublished":"2024-10-07T20:01:05+00:00","dateModified":"2024-10-07T20:01:24+00:00","mainEntityOfPage":{"@id":"https:\/\/dev.antudigital.cl\/sites\/vc\/festilambe-travesia-y-periplo\/"},"wordCount":795,"image":{"@id":"https:\/\/dev.antudigital.cl\/sites\/vc\/festilambe-travesia-y-periplo\/#primaryimage"},"thumbnailUrl":"https:\/\/dev.antudigital.cl\/sites\/vc\/wp-content\/uploads\/2024\/10\/Sopa-de-Pedra_Foto-Vinicius-Barros-23.jpeg","articleSection":["Noticia"],"inLanguage":"es"},{"@type":"WebPage","@id":"https:\/\/dev.antudigital.cl\/sites\/vc\/festilambe-travesia-y-periplo\/","url":"https:\/\/dev.antudigital.cl\/sites\/vc\/festilambe-travesia-y-periplo\/","name":"FESTILAMBE: Traves\u00eda y periplo - Valpara\u00ed\u00adso Creativo","isPartOf":{"@id":"https:\/\/dev.antudigital.cl\/sites\/vc\/#website"},"primaryImageOfPage":{"@id":"https:\/\/dev.antudigital.cl\/sites\/vc\/festilambe-travesia-y-periplo\/#primaryimage"},"image":{"@id":"https:\/\/dev.antudigital.cl\/sites\/vc\/festilambe-travesia-y-periplo\/#primaryimage"},"thumbnailUrl":"https:\/\/dev.antudigital.cl\/sites\/vc\/wp-content\/uploads\/2024\/10\/Sopa-de-Pedra_Foto-Vinicius-Barros-23.jpeg","datePublished":"2024-10-07T20:01:05+00:00","dateModified":"2024-10-07T20:01:24+00:00","author":{"@id":"https:\/\/dev.antudigital.cl\/sites\/vc\/#\/schema\/person\/c2b9da8dd545e27166fc5ab232837318"},"breadcrumb":{"@id":"https:\/\/dev.antudigital.cl\/sites\/vc\/festilambe-travesia-y-periplo\/#breadcrumb"},"inLanguage":"es","potentialAction":[{"@type":"ReadAction","target":["https:\/\/dev.antudigital.cl\/sites\/vc\/festilambe-travesia-y-periplo\/"]}]},{"@type":"ImageObject","inLanguage":"es","@id":"https:\/\/dev.antudigital.cl\/sites\/vc\/festilambe-travesia-y-periplo\/#primaryimage","url":"https:\/\/dev.antudigital.cl\/sites\/vc\/wp-content\/uploads\/2024\/10\/Sopa-de-Pedra_Foto-Vinicius-Barros-23.jpeg","contentUrl":"https:\/\/dev.antudigital.cl\/sites\/vc\/wp-content\/uploads\/2024\/10\/Sopa-de-Pedra_Foto-Vinicius-Barros-23.jpeg","width":1772,"height":1181},{"@type":"BreadcrumbList","@id":"https:\/\/dev.antudigital.cl\/sites\/vc\/festilambe-travesia-y-periplo\/#breadcrumb","itemListElement":[{"@type":"ListItem","position":1,"name":"Home","item":"https:\/\/dev.antudigital.cl\/sites\/vc\/"},{"@type":"ListItem","position":2,"name":"FESTILAMBE: Traves\u00eda y periplo"}]},{"@type":"WebSite","@id":"https:\/\/dev.antudigital.cl\/sites\/vc\/#website","url":"https:\/\/dev.antudigital.cl\/sites\/vc\/","name":"Valpara\u00ed\u00adso Creativo","description":"","potentialAction":[{"@type":"SearchAction","target":{"@type":"EntryPoint","urlTemplate":"https:\/\/dev.antudigital.cl\/sites\/vc\/?s={search_term_string}"},"query-input":{"@type":"PropertyValueSpecification","valueRequired":true,"valueName":"search_term_string"}}],"inLanguage":"es"},{"@type":"Person","@id":"https:\/\/dev.antudigital.cl\/sites\/vc\/#\/schema\/person\/c2b9da8dd545e27166fc5ab232837318","name":"Valpara\u00edso Creativo","description":"Periodista de cultura en la Regi\u00f3n de Valpara\u00edso.","url":"https:\/\/dev.antudigital.cl\/sites\/vc\/author\/valpoadmin\/"}]}},"_links":{"self":[{"href":"https:\/\/dev.antudigital.cl\/sites\/vc\/wp-json\/wp\/v2\/posts\/20678","targetHints":{"allow":["GET"]}}],"collection":[{"href":"https:\/\/dev.antudigital.cl\/sites\/vc\/wp-json\/wp\/v2\/posts"}],"about":[{"href":"https:\/\/dev.antudigital.cl\/sites\/vc\/wp-json\/wp\/v2\/types\/post"}],"author":[{"embeddable":true,"href":"https:\/\/dev.antudigital.cl\/sites\/vc\/wp-json\/wp\/v2\/users\/1"}],"replies":[{"embeddable":true,"href":"https:\/\/dev.antudigital.cl\/sites\/vc\/wp-json\/wp\/v2\/comments?post=20678"}],"version-history":[{"count":1,"href":"https:\/\/dev.antudigital.cl\/sites\/vc\/wp-json\/wp\/v2\/posts\/20678\/revisions"}],"predecessor-version":[{"id":20680,"href":"https:\/\/dev.antudigital.cl\/sites\/vc\/wp-json\/wp\/v2\/posts\/20678\/revisions\/20680"}],"wp:featuredmedia":[{"embeddable":true,"href":"https:\/\/dev.antudigital.cl\/sites\/vc\/wp-json\/wp\/v2\/media\/20679"}],"wp:attachment":[{"href":"https:\/\/dev.antudigital.cl\/sites\/vc\/wp-json\/wp\/v2\/media?parent=20678"}],"wp:term":[{"taxonomy":"category","embeddable":true,"href":"https:\/\/dev.antudigital.cl\/sites\/vc\/wp-json\/wp\/v2\/categories?post=20678"},{"taxonomy":"post_tag","embeddable":true,"href":"https:\/\/dev.antudigital.cl\/sites\/vc\/wp-json\/wp\/v2\/tags?post=20678"}],"curies":[{"name":"wp","href":"https:\/\/api.w.org\/{rel}","templated":true}]}}