{"id":20681,"date":"2024-10-07T20:03:51","date_gmt":"2024-10-07T20:03:51","guid":{"rendered":"https:\/\/www.valparaisocreativo.cl\/?p=20681"},"modified":"2024-10-07T20:04:11","modified_gmt":"2024-10-07T20:04:11","slug":"fuego-griego-cantante-portena-libera-nuevo-single","status":"publish","type":"post","link":"https:\/\/dev.antudigital.cl\/sites\/vc\/fuego-griego-cantante-portena-libera-nuevo-single\/","title":{"rendered":"FUEGO GRIEGO: Cantante porte\u00f1a libera nuevo single"},"content":{"rendered":"\n<p>El jueves 3 de octubre a las 0:00 horas Cristina Soff\u00eda lanza su tema \u201cFuego Griego\u201d, que busca conectar con historias inconclusas, la fantas\u00eda de un esperado encuentro amoroso. Su nombre hace alusi\u00f3n a una t\u00e1ctica utilizada en guerras medievales, donde se hac\u00edan incendios a base de aceite, un fuego dif\u00edcil de apagar.<\/p>\n\n\n\n<p>Quienes conforman el equipo son: Cristina Soff\u00eda, creadora e int\u00e9rprete; Boris Ortega, productor; Geraldine Herrera, violinista; Basti\u00e1n Herrera, mixing; y Chalo Gonz\u00e1lez, mastering.<\/p>\n\n\n\n<p>Cristina Soff\u00eda disfruta de la m\u00fasica desde peque\u00f1a. Particip\u00f3 durante a\u00f1os en un coro escolar, llev\u00e1ndola a tener formaci\u00f3n en canto l\u00edrico, base para su identidad vocal. Escribi\u00f3 sus primeras canciones durante la adolescencia, inspirada por la m\u00fasica popular y la necesidad de establecer narrativas como medio para comunicar y validar las emociones. Sobre su nueva canci\u00f3n, comenta:<\/p>\n\n\n\n<p>\u201cEl concepto \u2018fuego griego\u2019 lo descubr\u00ed en la pel\u00edcula \u2018Rescate en el tiempo\u2019. La vimos con mi hermano en un CD pirateado, le encantan las pel\u00edculas hist\u00f3ricas y fantasiosas sobre la guerra. La imagen de ese fuego me qued\u00f3 dando vueltas, era casi algo m\u00e1gico, una tecnolog\u00eda adelantada a su \u00e9poca. Para mi familia Grecia es un lugar relevante, parte de nuestra historia, y all\u00e1, como en Valpara\u00edso, hay muchos incendios en verano, eso para mi generaci\u00f3n es algo que no nos podemos sacar de la cabeza, es f\u00e1cil compartir esa imagen con otras culturas. Creo importante que nos hagamos cargo de visibilizar desde el arte lo que ocurre a nivel social, como el cambio clim\u00e1tico, y hacer algo al respecto\u201d.<\/p>\n\n\n\n<p>El primer single publicado por Cristina se llama \u2018Qu\u00e9 se siente\u2019, disponible desde agosto de 2023. Es una canci\u00f3n pop folk con guitarras inspiradas en \u2018Polvo en el viento\u2019, del grupo Kansas. \u201cHabla sobre lo que sentimos cuando est\u00e1s volviendo a enamorarte de alguien y quieres saber si la otra persona siente lo mismo. Esa canci\u00f3n la escrib\u00ed el 2022, fue el primer paso para generar una identidad musical, y \u2018Fuego Griego\u2019 es la continuaci\u00f3n\u201d, se\u00f1ala.<\/p>\n\n\n\n<p>Poco a poco Cristina ha ido construyendo su propuesta, participando del movimiento Tremendas, asistiendo al Summer Music Program Camp, organizado por el Conservatorio de Santiago y la Academia Baume, y compartiendo con artistas como Olivia Garc\u00eda y Antonella Sigala. \u201cHa sido todo un trabajo amigarme con mi voz, sobre todo cuando no ten\u00eda formaci\u00f3n al respecto. Tom\u00e9 clases de canto, de escritura de canciones, de guitarra. Cantando mis canciones he descubierto una voz propia\u201d.<\/p>\n\n\n\n<p>Finalmente, invita: \u201cEn este momento varias cantautoras emergentes estamos trabajando en \u2018Cantos al alma\u2019, un espacio para visibilizar nuestro trabajo como creadoras. Les esperamos el 18 de octubre en Valpara\u00edso Profundo, donde se cruzar\u00e1n muchas voces y podremos sentir ese fuego griego\u201d.<\/p>\n\n\n\n<p>La m\u00fasica de Cristina Soff\u00eda est\u00e1 disponible en todas las plataformas digitales.<\/p>\n","protected":false},"excerpt":{"rendered":"<p>El jueves 3 de octubre a las 0:00 horas Cristina Soff\u00eda lanza su tema \u201cFuego Griego\u201d, que busca conectar con historias inconclusas, la fantas\u00eda de un esperado encuentro amoroso. Su nombre hace alusi\u00f3n a una t\u00e1ctica utilizada en guerras medievales, donde se hac\u00edan incendios a base de aceite, un fuego dif\u00edcil de apagar. Quienes conforman [&hellip;]<\/p>\n","protected":false},"author":1,"featured_media":20682,"comment_status":"closed","ping_status":"closed","sticky":false,"template":"","format":"standard","meta":{"_acf_changed":false,"footnotes":""},"categories":[8],"tags":[],"class_list":["post-20681","post","type-post","status-publish","format-standard","has-post-thumbnail","hentry","category-noticia"],"acf":[],"yoast_head":"<!-- This site is optimized with the Yoast SEO plugin v27.1.1 - https:\/\/yoast.com\/product\/yoast-seo-wordpress\/ -->\n<title>FUEGO GRIEGO: Cantante porte\u00f1a libera nuevo single - Valpara\u00ed\u00adso Creativo<\/title>\n<meta name=\"robots\" content=\"index, follow, max-snippet:-1, max-image-preview:large, max-video-preview:-1\" \/>\n<link rel=\"canonical\" href=\"https:\/\/dev.antudigital.cl\/sites\/vc\/fuego-griego-cantante-portena-libera-nuevo-single\/\" \/>\n<meta property=\"og:locale\" content=\"es_ES\" \/>\n<meta property=\"og:type\" content=\"article\" \/>\n<meta property=\"og:title\" content=\"FUEGO GRIEGO: Cantante porte\u00f1a libera nuevo single - Valpara\u00ed\u00adso Creativo\" \/>\n<meta property=\"og:description\" content=\"El jueves 3 de octubre a las 0:00 horas Cristina Soff\u00eda lanza su tema \u201cFuego Griego\u201d, que busca conectar con historias inconclusas, la fantas\u00eda de un esperado encuentro amoroso. Su nombre hace alusi\u00f3n a una t\u00e1ctica utilizada en guerras medievales, donde se hac\u00edan incendios a base de aceite, un fuego dif\u00edcil de apagar. Quienes conforman [&hellip;]\" \/>\n<meta property=\"og:url\" content=\"https:\/\/dev.antudigital.cl\/sites\/vc\/fuego-griego-cantante-portena-libera-nuevo-single\/\" \/>\n<meta property=\"og:site_name\" content=\"Valpara\u00ed\u00adso Creativo\" \/>\n<meta property=\"article:published_time\" content=\"2024-10-07T20:03:51+00:00\" \/>\n<meta property=\"article:modified_time\" content=\"2024-10-07T20:04:11+00:00\" \/>\n<meta property=\"og:image\" content=\"https:\/\/dev.antudigital.cl\/sites\/vc\/wp-content\/uploads\/2024\/10\/Cristina-Soffia_Promocional_Horizontal_1.jpg\" \/>\n\t<meta property=\"og:image:width\" content=\"1695\" \/>\n\t<meta property=\"og:image:height\" content=\"1130\" \/>\n\t<meta property=\"og:image:type\" content=\"image\/jpeg\" \/>\n<meta name=\"author\" content=\"Valpara\u00edso Creativo\" \/>\n<meta name=\"twitter:card\" content=\"summary_large_image\" \/>\n<meta name=\"twitter:label1\" content=\"Escrito por\" \/>\n\t<meta name=\"twitter:data1\" content=\"Valpara\u00edso Creativo\" \/>\n\t<meta name=\"twitter:label2\" content=\"Tiempo de lectura\" \/>\n\t<meta name=\"twitter:data2\" content=\"3 minutos\" \/>\n<script type=\"application\/ld+json\" class=\"yoast-schema-graph\">{\"@context\":\"https:\/\/schema.org\",\"@graph\":[{\"@type\":\"Article\",\"@id\":\"https:\/\/dev.antudigital.cl\/sites\/vc\/fuego-griego-cantante-portena-libera-nuevo-single\/#article\",\"isPartOf\":{\"@id\":\"https:\/\/dev.antudigital.cl\/sites\/vc\/fuego-griego-cantante-portena-libera-nuevo-single\/\"},\"author\":{\"name\":\"Valpara\u00edso Creativo\",\"@id\":\"https:\/\/dev.antudigital.cl\/sites\/vc\/#\/schema\/person\/c2b9da8dd545e27166fc5ab232837318\"},\"headline\":\"FUEGO GRIEGO: Cantante porte\u00f1a libera nuevo single\",\"datePublished\":\"2024-10-07T20:03:51+00:00\",\"dateModified\":\"2024-10-07T20:04:11+00:00\",\"mainEntityOfPage\":{\"@id\":\"https:\/\/dev.antudigital.cl\/sites\/vc\/fuego-griego-cantante-portena-libera-nuevo-single\/\"},\"wordCount\":502,\"image\":{\"@id\":\"https:\/\/dev.antudigital.cl\/sites\/vc\/fuego-griego-cantante-portena-libera-nuevo-single\/#primaryimage\"},\"thumbnailUrl\":\"https:\/\/dev.antudigital.cl\/sites\/vc\/wp-content\/uploads\/2024\/10\/Cristina-Soffia_Promocional_Horizontal_1.jpg\",\"articleSection\":[\"Noticia\"],\"inLanguage\":\"es\"},{\"@type\":\"WebPage\",\"@id\":\"https:\/\/dev.antudigital.cl\/sites\/vc\/fuego-griego-cantante-portena-libera-nuevo-single\/\",\"url\":\"https:\/\/dev.antudigital.cl\/sites\/vc\/fuego-griego-cantante-portena-libera-nuevo-single\/\",\"name\":\"FUEGO GRIEGO: Cantante porte\u00f1a libera nuevo single - Valpara\u00ed\u00adso Creativo\",\"isPartOf\":{\"@id\":\"https:\/\/dev.antudigital.cl\/sites\/vc\/#website\"},\"primaryImageOfPage\":{\"@id\":\"https:\/\/dev.antudigital.cl\/sites\/vc\/fuego-griego-cantante-portena-libera-nuevo-single\/#primaryimage\"},\"image\":{\"@id\":\"https:\/\/dev.antudigital.cl\/sites\/vc\/fuego-griego-cantante-portena-libera-nuevo-single\/#primaryimage\"},\"thumbnailUrl\":\"https:\/\/dev.antudigital.cl\/sites\/vc\/wp-content\/uploads\/2024\/10\/Cristina-Soffia_Promocional_Horizontal_1.jpg\",\"datePublished\":\"2024-10-07T20:03:51+00:00\",\"dateModified\":\"2024-10-07T20:04:11+00:00\",\"author\":{\"@id\":\"https:\/\/dev.antudigital.cl\/sites\/vc\/#\/schema\/person\/c2b9da8dd545e27166fc5ab232837318\"},\"breadcrumb\":{\"@id\":\"https:\/\/dev.antudigital.cl\/sites\/vc\/fuego-griego-cantante-portena-libera-nuevo-single\/#breadcrumb\"},\"inLanguage\":\"es\",\"potentialAction\":[{\"@type\":\"ReadAction\",\"target\":[\"https:\/\/dev.antudigital.cl\/sites\/vc\/fuego-griego-cantante-portena-libera-nuevo-single\/\"]}]},{\"@type\":\"ImageObject\",\"inLanguage\":\"es\",\"@id\":\"https:\/\/dev.antudigital.cl\/sites\/vc\/fuego-griego-cantante-portena-libera-nuevo-single\/#primaryimage\",\"url\":\"https:\/\/dev.antudigital.cl\/sites\/vc\/wp-content\/uploads\/2024\/10\/Cristina-Soffia_Promocional_Horizontal_1.jpg\",\"contentUrl\":\"https:\/\/dev.antudigital.cl\/sites\/vc\/wp-content\/uploads\/2024\/10\/Cristina-Soffia_Promocional_Horizontal_1.jpg\",\"width\":1695,\"height\":1130},{\"@type\":\"BreadcrumbList\",\"@id\":\"https:\/\/dev.antudigital.cl\/sites\/vc\/fuego-griego-cantante-portena-libera-nuevo-single\/#breadcrumb\",\"itemListElement\":[{\"@type\":\"ListItem\",\"position\":1,\"name\":\"Home\",\"item\":\"https:\/\/dev.antudigital.cl\/sites\/vc\/\"},{\"@type\":\"ListItem\",\"position\":2,\"name\":\"FUEGO GRIEGO: Cantante porte\u00f1a libera nuevo single\"}]},{\"@type\":\"WebSite\",\"@id\":\"https:\/\/dev.antudigital.cl\/sites\/vc\/#website\",\"url\":\"https:\/\/dev.antudigital.cl\/sites\/vc\/\",\"name\":\"Valpara\u00ed\u00adso Creativo\",\"description\":\"\",\"potentialAction\":[{\"@type\":\"SearchAction\",\"target\":{\"@type\":\"EntryPoint\",\"urlTemplate\":\"https:\/\/dev.antudigital.cl\/sites\/vc\/?s={search_term_string}\"},\"query-input\":{\"@type\":\"PropertyValueSpecification\",\"valueRequired\":true,\"valueName\":\"search_term_string\"}}],\"inLanguage\":\"es\"},{\"@type\":\"Person\",\"@id\":\"https:\/\/dev.antudigital.cl\/sites\/vc\/#\/schema\/person\/c2b9da8dd545e27166fc5ab232837318\",\"name\":\"Valpara\u00edso Creativo\",\"description\":\"Periodista de cultura en la Regi\u00f3n de Valpara\u00edso.\",\"url\":\"https:\/\/dev.antudigital.cl\/sites\/vc\/author\/valpoadmin\/\"}]}<\/script>\n<!-- \/ Yoast SEO plugin. -->","yoast_head_json":{"title":"FUEGO GRIEGO: Cantante porte\u00f1a libera nuevo single - Valpara\u00ed\u00adso Creativo","robots":{"index":"index","follow":"follow","max-snippet":"max-snippet:-1","max-image-preview":"max-image-preview:large","max-video-preview":"max-video-preview:-1"},"canonical":"https:\/\/dev.antudigital.cl\/sites\/vc\/fuego-griego-cantante-portena-libera-nuevo-single\/","og_locale":"es_ES","og_type":"article","og_title":"FUEGO GRIEGO: Cantante porte\u00f1a libera nuevo single - Valpara\u00ed\u00adso Creativo","og_description":"El jueves 3 de octubre a las 0:00 horas Cristina Soff\u00eda lanza su tema \u201cFuego Griego\u201d, que busca conectar con historias inconclusas, la fantas\u00eda de un esperado encuentro amoroso. Su nombre hace alusi\u00f3n a una t\u00e1ctica utilizada en guerras medievales, donde se hac\u00edan incendios a base de aceite, un fuego dif\u00edcil de apagar. Quienes conforman [&hellip;]","og_url":"https:\/\/dev.antudigital.cl\/sites\/vc\/fuego-griego-cantante-portena-libera-nuevo-single\/","og_site_name":"Valpara\u00ed\u00adso Creativo","article_published_time":"2024-10-07T20:03:51+00:00","article_modified_time":"2024-10-07T20:04:11+00:00","og_image":[{"width":1695,"height":1130,"url":"https:\/\/dev.antudigital.cl\/sites\/vc\/wp-content\/uploads\/2024\/10\/Cristina-Soffia_Promocional_Horizontal_1.jpg","type":"image\/jpeg"}],"author":"Valpara\u00edso Creativo","twitter_card":"summary_large_image","twitter_misc":{"Escrito por":"Valpara\u00edso Creativo","Tiempo de lectura":"3 minutos"},"schema":{"@context":"https:\/\/schema.org","@graph":[{"@type":"Article","@id":"https:\/\/dev.antudigital.cl\/sites\/vc\/fuego-griego-cantante-portena-libera-nuevo-single\/#article","isPartOf":{"@id":"https:\/\/dev.antudigital.cl\/sites\/vc\/fuego-griego-cantante-portena-libera-nuevo-single\/"},"author":{"name":"Valpara\u00edso Creativo","@id":"https:\/\/dev.antudigital.cl\/sites\/vc\/#\/schema\/person\/c2b9da8dd545e27166fc5ab232837318"},"headline":"FUEGO GRIEGO: Cantante porte\u00f1a libera nuevo single","datePublished":"2024-10-07T20:03:51+00:00","dateModified":"2024-10-07T20:04:11+00:00","mainEntityOfPage":{"@id":"https:\/\/dev.antudigital.cl\/sites\/vc\/fuego-griego-cantante-portena-libera-nuevo-single\/"},"wordCount":502,"image":{"@id":"https:\/\/dev.antudigital.cl\/sites\/vc\/fuego-griego-cantante-portena-libera-nuevo-single\/#primaryimage"},"thumbnailUrl":"https:\/\/dev.antudigital.cl\/sites\/vc\/wp-content\/uploads\/2024\/10\/Cristina-Soffia_Promocional_Horizontal_1.jpg","articleSection":["Noticia"],"inLanguage":"es"},{"@type":"WebPage","@id":"https:\/\/dev.antudigital.cl\/sites\/vc\/fuego-griego-cantante-portena-libera-nuevo-single\/","url":"https:\/\/dev.antudigital.cl\/sites\/vc\/fuego-griego-cantante-portena-libera-nuevo-single\/","name":"FUEGO GRIEGO: Cantante porte\u00f1a libera nuevo single - Valpara\u00ed\u00adso Creativo","isPartOf":{"@id":"https:\/\/dev.antudigital.cl\/sites\/vc\/#website"},"primaryImageOfPage":{"@id":"https:\/\/dev.antudigital.cl\/sites\/vc\/fuego-griego-cantante-portena-libera-nuevo-single\/#primaryimage"},"image":{"@id":"https:\/\/dev.antudigital.cl\/sites\/vc\/fuego-griego-cantante-portena-libera-nuevo-single\/#primaryimage"},"thumbnailUrl":"https:\/\/dev.antudigital.cl\/sites\/vc\/wp-content\/uploads\/2024\/10\/Cristina-Soffia_Promocional_Horizontal_1.jpg","datePublished":"2024-10-07T20:03:51+00:00","dateModified":"2024-10-07T20:04:11+00:00","author":{"@id":"https:\/\/dev.antudigital.cl\/sites\/vc\/#\/schema\/person\/c2b9da8dd545e27166fc5ab232837318"},"breadcrumb":{"@id":"https:\/\/dev.antudigital.cl\/sites\/vc\/fuego-griego-cantante-portena-libera-nuevo-single\/#breadcrumb"},"inLanguage":"es","potentialAction":[{"@type":"ReadAction","target":["https:\/\/dev.antudigital.cl\/sites\/vc\/fuego-griego-cantante-portena-libera-nuevo-single\/"]}]},{"@type":"ImageObject","inLanguage":"es","@id":"https:\/\/dev.antudigital.cl\/sites\/vc\/fuego-griego-cantante-portena-libera-nuevo-single\/#primaryimage","url":"https:\/\/dev.antudigital.cl\/sites\/vc\/wp-content\/uploads\/2024\/10\/Cristina-Soffia_Promocional_Horizontal_1.jpg","contentUrl":"https:\/\/dev.antudigital.cl\/sites\/vc\/wp-content\/uploads\/2024\/10\/Cristina-Soffia_Promocional_Horizontal_1.jpg","width":1695,"height":1130},{"@type":"BreadcrumbList","@id":"https:\/\/dev.antudigital.cl\/sites\/vc\/fuego-griego-cantante-portena-libera-nuevo-single\/#breadcrumb","itemListElement":[{"@type":"ListItem","position":1,"name":"Home","item":"https:\/\/dev.antudigital.cl\/sites\/vc\/"},{"@type":"ListItem","position":2,"name":"FUEGO GRIEGO: Cantante porte\u00f1a libera nuevo single"}]},{"@type":"WebSite","@id":"https:\/\/dev.antudigital.cl\/sites\/vc\/#website","url":"https:\/\/dev.antudigital.cl\/sites\/vc\/","name":"Valpara\u00ed\u00adso Creativo","description":"","potentialAction":[{"@type":"SearchAction","target":{"@type":"EntryPoint","urlTemplate":"https:\/\/dev.antudigital.cl\/sites\/vc\/?s={search_term_string}"},"query-input":{"@type":"PropertyValueSpecification","valueRequired":true,"valueName":"search_term_string"}}],"inLanguage":"es"},{"@type":"Person","@id":"https:\/\/dev.antudigital.cl\/sites\/vc\/#\/schema\/person\/c2b9da8dd545e27166fc5ab232837318","name":"Valpara\u00edso Creativo","description":"Periodista de cultura en la Regi\u00f3n de Valpara\u00edso.","url":"https:\/\/dev.antudigital.cl\/sites\/vc\/author\/valpoadmin\/"}]}},"_links":{"self":[{"href":"https:\/\/dev.antudigital.cl\/sites\/vc\/wp-json\/wp\/v2\/posts\/20681","targetHints":{"allow":["GET"]}}],"collection":[{"href":"https:\/\/dev.antudigital.cl\/sites\/vc\/wp-json\/wp\/v2\/posts"}],"about":[{"href":"https:\/\/dev.antudigital.cl\/sites\/vc\/wp-json\/wp\/v2\/types\/post"}],"author":[{"embeddable":true,"href":"https:\/\/dev.antudigital.cl\/sites\/vc\/wp-json\/wp\/v2\/users\/1"}],"replies":[{"embeddable":true,"href":"https:\/\/dev.antudigital.cl\/sites\/vc\/wp-json\/wp\/v2\/comments?post=20681"}],"version-history":[{"count":1,"href":"https:\/\/dev.antudigital.cl\/sites\/vc\/wp-json\/wp\/v2\/posts\/20681\/revisions"}],"predecessor-version":[{"id":20683,"href":"https:\/\/dev.antudigital.cl\/sites\/vc\/wp-json\/wp\/v2\/posts\/20681\/revisions\/20683"}],"wp:featuredmedia":[{"embeddable":true,"href":"https:\/\/dev.antudigital.cl\/sites\/vc\/wp-json\/wp\/v2\/media\/20682"}],"wp:attachment":[{"href":"https:\/\/dev.antudigital.cl\/sites\/vc\/wp-json\/wp\/v2\/media?parent=20681"}],"wp:term":[{"taxonomy":"category","embeddable":true,"href":"https:\/\/dev.antudigital.cl\/sites\/vc\/wp-json\/wp\/v2\/categories?post=20681"},{"taxonomy":"post_tag","embeddable":true,"href":"https:\/\/dev.antudigital.cl\/sites\/vc\/wp-json\/wp\/v2\/tags?post=20681"}],"curies":[{"name":"wp","href":"https:\/\/api.w.org\/{rel}","templated":true}]}}