{"id":20690,"date":"2024-10-08T00:20:33","date_gmt":"2024-10-08T00:20:33","guid":{"rendered":"https:\/\/www.valparaisocreativo.cl\/?p=20690"},"modified":"2024-10-08T00:20:51","modified_gmt":"2024-10-08T00:20:51","slug":"nueva-edicion-de-fiesta-tamboliche-la-pampa","status":"publish","type":"post","link":"https:\/\/dev.antudigital.cl\/sites\/vc\/nueva-edicion-de-fiesta-tamboliche-la-pampa\/","title":{"rendered":"Nueva edici\u00f3n de fiesta Tamboliche \u00abLa Pampa\u00bb"},"content":{"rendered":"\n<p>S\u00e1bado 12 de Octubre 2024<br>Micro festival de m\u00fasica, baile y encuentro.<br>Una vez mas se abre y habilita La Pampa de Los Quillayes, en Hacienda Los Aromos, Limache.<\/p>\n\n\n\n<p>LineUp:<br>13:00 Ricardo Bagnara<br>16:00 Rocio Ariste<br>19:00 Nakeye<br>22:00 Umho<br>01:00 Flacou<br>04.00 cierre<\/p>\n\n\n\n<p>Tendremos barra, foodtrucks, parrillas prendidas, lugares habilitados para que se instalen a almorzar y compartir.<\/p>\n\n\n\n<p>Para los ni\u00f1os habr\u00e1n actividades guiadas por @Happyfest,<br>El parque es extenso por lo que pueden traer sus volantines, pelotas y juguetes varios.<\/p>\n\n\n\n<p>NO se permite el ingreso de bebidas alcoh\u00f3licas. La venta en barra es importante para financiar el evento.<\/p>\n\n\n\n<p>SI pueden traer sus comidas y ag\u00fcitas.<\/p>\n\n\n\n<p>Cupos limitados.<br>Preventa 1: 10.000 AGOTADO<br>Preventa 2: 15.000 hasta el 11 de Oct.<br>D\u00eda del evento: 20.000<\/p>\n\n\n\n<p>Menores de 16 a\u00f1os no pagan.<\/p>\n\n\n\n<p>Venta de ticket a trav\u00e9s de Toliv<\/p>\n\n\n\n<p>Para alojamiento hay dos opciones:<br>-Glampin Tamboliche. consultar precios por interno en @tamboliche o +56991870709<br>-Arme su propia carpa a costo cero.<\/p>\n\n\n\n<p>El Domingo sigue el mambo con los que se queden y en modalidad traiga lo suyo.<\/p>\n\n\n\n<figure class=\"wp-block-image size-large\"><img fetchpriority=\"high\" decoding=\"async\" width=\"576\" height=\"1024\" src=\"https:\/\/www.valparaisocreativo.cl\/wp-content\/uploads\/2024\/10\/WhatsApp-Image-2024-10-07-at-1.54.43-PM-576x1024.jpeg\" alt=\"\" class=\"wp-image-20691\" srcset=\"https:\/\/dev.antudigital.cl\/sites\/vc\/wp-content\/uploads\/2024\/10\/WhatsApp-Image-2024-10-07-at-1.54.43-PM-576x1024.jpeg 576w, https:\/\/dev.antudigital.cl\/sites\/vc\/wp-content\/uploads\/2024\/10\/WhatsApp-Image-2024-10-07-at-1.54.43-PM-169x300.jpeg 169w, https:\/\/dev.antudigital.cl\/sites\/vc\/wp-content\/uploads\/2024\/10\/WhatsApp-Image-2024-10-07-at-1.54.43-PM-768x1365.jpeg 768w, https:\/\/dev.antudigital.cl\/sites\/vc\/wp-content\/uploads\/2024\/10\/WhatsApp-Image-2024-10-07-at-1.54.43-PM-864x1536.jpeg 864w, https:\/\/dev.antudigital.cl\/sites\/vc\/wp-content\/uploads\/2024\/10\/WhatsApp-Image-2024-10-07-at-1.54.43-PM-480x853.jpeg 480w, https:\/\/dev.antudigital.cl\/sites\/vc\/wp-content\/uploads\/2024\/10\/WhatsApp-Image-2024-10-07-at-1.54.43-PM-14x24.jpeg 14w, https:\/\/dev.antudigital.cl\/sites\/vc\/wp-content\/uploads\/2024\/10\/WhatsApp-Image-2024-10-07-at-1.54.43-PM-20x36.jpeg 20w, https:\/\/dev.antudigital.cl\/sites\/vc\/wp-content\/uploads\/2024\/10\/WhatsApp-Image-2024-10-07-at-1.54.43-PM-27x48.jpeg 27w, https:\/\/dev.antudigital.cl\/sites\/vc\/wp-content\/uploads\/2024\/10\/WhatsApp-Image-2024-10-07-at-1.54.43-PM.jpeg 900w\" sizes=\"(max-width: 576px) 100vw, 576px\" \/><\/figure>\n","protected":false},"excerpt":{"rendered":"<p>S\u00e1bado 12 de Octubre 2024Micro festival de m\u00fasica, baile y encuentro.Una vez mas se abre y habilita La Pampa de Los Quillayes, en Hacienda Los Aromos, Limache. LineUp:13:00 Ricardo Bagnara16:00 Rocio Ariste19:00 Nakeye22:00 Umho01:00 Flacou04.00 cierre Tendremos barra, foodtrucks, parrillas prendidas, lugares habilitados para que se instalen a almorzar y compartir. Para los ni\u00f1os habr\u00e1n [&hellip;]<\/p>\n","protected":false},"author":1,"featured_media":20692,"comment_status":"closed","ping_status":"closed","sticky":false,"template":"","format":"standard","meta":{"_acf_changed":false,"footnotes":""},"categories":[8],"tags":[],"class_list":["post-20690","post","type-post","status-publish","format-standard","has-post-thumbnail","hentry","category-noticia"],"acf":[],"yoast_head":"<!-- This site is optimized with the Yoast SEO plugin v27.1.1 - https:\/\/yoast.com\/product\/yoast-seo-wordpress\/ -->\n<title>Nueva edici\u00f3n de fiesta Tamboliche &quot;La Pampa&quot; - Valpara\u00ed\u00adso Creativo<\/title>\n<meta name=\"robots\" content=\"index, follow, max-snippet:-1, max-image-preview:large, max-video-preview:-1\" \/>\n<link rel=\"canonical\" href=\"https:\/\/dev.antudigital.cl\/sites\/vc\/nueva-edicion-de-fiesta-tamboliche-la-pampa\/\" \/>\n<meta property=\"og:locale\" content=\"es_ES\" \/>\n<meta property=\"og:type\" content=\"article\" \/>\n<meta property=\"og:title\" content=\"Nueva edici\u00f3n de fiesta Tamboliche &quot;La Pampa&quot; - Valpara\u00ed\u00adso Creativo\" \/>\n<meta property=\"og:description\" content=\"S\u00e1bado 12 de Octubre 2024Micro festival de m\u00fasica, baile y encuentro.Una vez mas se abre y habilita La Pampa de Los Quillayes, en Hacienda Los Aromos, Limache. LineUp:13:00 Ricardo Bagnara16:00 Rocio Ariste19:00 Nakeye22:00 Umho01:00 Flacou04.00 cierre Tendremos barra, foodtrucks, parrillas prendidas, lugares habilitados para que se instalen a almorzar y compartir. Para los ni\u00f1os habr\u00e1n [&hellip;]\" \/>\n<meta property=\"og:url\" content=\"https:\/\/dev.antudigital.cl\/sites\/vc\/nueva-edicion-de-fiesta-tamboliche-la-pampa\/\" \/>\n<meta property=\"og:site_name\" content=\"Valpara\u00ed\u00adso Creativo\" \/>\n<meta property=\"article:published_time\" content=\"2024-10-08T00:20:33+00:00\" \/>\n<meta property=\"article:modified_time\" content=\"2024-10-08T00:20:51+00:00\" \/>\n<meta property=\"og:image\" content=\"https:\/\/dev.antudigital.cl\/sites\/vc\/wp-content\/uploads\/2024\/10\/Captura-de-Pantalla-2024-10-07-a-las-21.20.07.png\" \/>\n\t<meta property=\"og:image:width\" content=\"617\" \/>\n\t<meta property=\"og:image:height\" content=\"295\" \/>\n\t<meta property=\"og:image:type\" content=\"image\/png\" \/>\n<meta name=\"author\" content=\"Valpara\u00edso Creativo\" \/>\n<meta name=\"twitter:card\" content=\"summary_large_image\" \/>\n<meta name=\"twitter:label1\" content=\"Escrito por\" \/>\n\t<meta name=\"twitter:data1\" content=\"Valpara\u00edso Creativo\" \/>\n\t<meta name=\"twitter:label2\" content=\"Tiempo de lectura\" \/>\n\t<meta name=\"twitter:data2\" content=\"2 minutos\" \/>\n<script type=\"application\/ld+json\" class=\"yoast-schema-graph\">{\"@context\":\"https:\/\/schema.org\",\"@graph\":[{\"@type\":\"Article\",\"@id\":\"https:\/\/dev.antudigital.cl\/sites\/vc\/nueva-edicion-de-fiesta-tamboliche-la-pampa\/#article\",\"isPartOf\":{\"@id\":\"https:\/\/dev.antudigital.cl\/sites\/vc\/nueva-edicion-de-fiesta-tamboliche-la-pampa\/\"},\"author\":{\"name\":\"Valpara\u00edso Creativo\",\"@id\":\"https:\/\/dev.antudigital.cl\/sites\/vc\/#\/schema\/person\/c2b9da8dd545e27166fc5ab232837318\"},\"headline\":\"Nueva edici\u00f3n de fiesta Tamboliche \u00abLa Pampa\u00bb\",\"datePublished\":\"2024-10-08T00:20:33+00:00\",\"dateModified\":\"2024-10-08T00:20:51+00:00\",\"mainEntityOfPage\":{\"@id\":\"https:\/\/dev.antudigital.cl\/sites\/vc\/nueva-edicion-de-fiesta-tamboliche-la-pampa\/\"},\"wordCount\":176,\"image\":{\"@id\":\"https:\/\/dev.antudigital.cl\/sites\/vc\/nueva-edicion-de-fiesta-tamboliche-la-pampa\/#primaryimage\"},\"thumbnailUrl\":\"https:\/\/dev.antudigital.cl\/sites\/vc\/wp-content\/uploads\/2024\/10\/Captura-de-Pantalla-2024-10-07-a-las-21.20.07.png\",\"articleSection\":[\"Noticia\"],\"inLanguage\":\"es\"},{\"@type\":\"WebPage\",\"@id\":\"https:\/\/dev.antudigital.cl\/sites\/vc\/nueva-edicion-de-fiesta-tamboliche-la-pampa\/\",\"url\":\"https:\/\/dev.antudigital.cl\/sites\/vc\/nueva-edicion-de-fiesta-tamboliche-la-pampa\/\",\"name\":\"Nueva edici\u00f3n de fiesta Tamboliche \\\"La Pampa\\\" - Valpara\u00ed\u00adso Creativo\",\"isPartOf\":{\"@id\":\"https:\/\/dev.antudigital.cl\/sites\/vc\/#website\"},\"primaryImageOfPage\":{\"@id\":\"https:\/\/dev.antudigital.cl\/sites\/vc\/nueva-edicion-de-fiesta-tamboliche-la-pampa\/#primaryimage\"},\"image\":{\"@id\":\"https:\/\/dev.antudigital.cl\/sites\/vc\/nueva-edicion-de-fiesta-tamboliche-la-pampa\/#primaryimage\"},\"thumbnailUrl\":\"https:\/\/dev.antudigital.cl\/sites\/vc\/wp-content\/uploads\/2024\/10\/Captura-de-Pantalla-2024-10-07-a-las-21.20.07.png\",\"datePublished\":\"2024-10-08T00:20:33+00:00\",\"dateModified\":\"2024-10-08T00:20:51+00:00\",\"author\":{\"@id\":\"https:\/\/dev.antudigital.cl\/sites\/vc\/#\/schema\/person\/c2b9da8dd545e27166fc5ab232837318\"},\"breadcrumb\":{\"@id\":\"https:\/\/dev.antudigital.cl\/sites\/vc\/nueva-edicion-de-fiesta-tamboliche-la-pampa\/#breadcrumb\"},\"inLanguage\":\"es\",\"potentialAction\":[{\"@type\":\"ReadAction\",\"target\":[\"https:\/\/dev.antudigital.cl\/sites\/vc\/nueva-edicion-de-fiesta-tamboliche-la-pampa\/\"]}]},{\"@type\":\"ImageObject\",\"inLanguage\":\"es\",\"@id\":\"https:\/\/dev.antudigital.cl\/sites\/vc\/nueva-edicion-de-fiesta-tamboliche-la-pampa\/#primaryimage\",\"url\":\"https:\/\/dev.antudigital.cl\/sites\/vc\/wp-content\/uploads\/2024\/10\/Captura-de-Pantalla-2024-10-07-a-las-21.20.07.png\",\"contentUrl\":\"https:\/\/dev.antudigital.cl\/sites\/vc\/wp-content\/uploads\/2024\/10\/Captura-de-Pantalla-2024-10-07-a-las-21.20.07.png\",\"width\":617,\"height\":295},{\"@type\":\"BreadcrumbList\",\"@id\":\"https:\/\/dev.antudigital.cl\/sites\/vc\/nueva-edicion-de-fiesta-tamboliche-la-pampa\/#breadcrumb\",\"itemListElement\":[{\"@type\":\"ListItem\",\"position\":1,\"name\":\"Home\",\"item\":\"https:\/\/dev.antudigital.cl\/sites\/vc\/\"},{\"@type\":\"ListItem\",\"position\":2,\"name\":\"Nueva edici\u00f3n de fiesta Tamboliche \u00abLa Pampa\u00bb\"}]},{\"@type\":\"WebSite\",\"@id\":\"https:\/\/dev.antudigital.cl\/sites\/vc\/#website\",\"url\":\"https:\/\/dev.antudigital.cl\/sites\/vc\/\",\"name\":\"Valpara\u00ed\u00adso Creativo\",\"description\":\"\",\"potentialAction\":[{\"@type\":\"SearchAction\",\"target\":{\"@type\":\"EntryPoint\",\"urlTemplate\":\"https:\/\/dev.antudigital.cl\/sites\/vc\/?s={search_term_string}\"},\"query-input\":{\"@type\":\"PropertyValueSpecification\",\"valueRequired\":true,\"valueName\":\"search_term_string\"}}],\"inLanguage\":\"es\"},{\"@type\":\"Person\",\"@id\":\"https:\/\/dev.antudigital.cl\/sites\/vc\/#\/schema\/person\/c2b9da8dd545e27166fc5ab232837318\",\"name\":\"Valpara\u00edso Creativo\",\"description\":\"Periodista de cultura en la Regi\u00f3n de Valpara\u00edso.\",\"url\":\"https:\/\/dev.antudigital.cl\/sites\/vc\/author\/valpoadmin\/\"}]}<\/script>\n<!-- \/ Yoast SEO plugin. -->","yoast_head_json":{"title":"Nueva edici\u00f3n de fiesta Tamboliche \"La Pampa\" - Valpara\u00ed\u00adso Creativo","robots":{"index":"index","follow":"follow","max-snippet":"max-snippet:-1","max-image-preview":"max-image-preview:large","max-video-preview":"max-video-preview:-1"},"canonical":"https:\/\/dev.antudigital.cl\/sites\/vc\/nueva-edicion-de-fiesta-tamboliche-la-pampa\/","og_locale":"es_ES","og_type":"article","og_title":"Nueva edici\u00f3n de fiesta Tamboliche \"La Pampa\" - Valpara\u00ed\u00adso Creativo","og_description":"S\u00e1bado 12 de Octubre 2024Micro festival de m\u00fasica, baile y encuentro.Una vez mas se abre y habilita La Pampa de Los Quillayes, en Hacienda Los Aromos, Limache. LineUp:13:00 Ricardo Bagnara16:00 Rocio Ariste19:00 Nakeye22:00 Umho01:00 Flacou04.00 cierre Tendremos barra, foodtrucks, parrillas prendidas, lugares habilitados para que se instalen a almorzar y compartir. Para los ni\u00f1os habr\u00e1n [&hellip;]","og_url":"https:\/\/dev.antudigital.cl\/sites\/vc\/nueva-edicion-de-fiesta-tamboliche-la-pampa\/","og_site_name":"Valpara\u00ed\u00adso Creativo","article_published_time":"2024-10-08T00:20:33+00:00","article_modified_time":"2024-10-08T00:20:51+00:00","og_image":[{"width":617,"height":295,"url":"https:\/\/dev.antudigital.cl\/sites\/vc\/wp-content\/uploads\/2024\/10\/Captura-de-Pantalla-2024-10-07-a-las-21.20.07.png","type":"image\/png"}],"author":"Valpara\u00edso Creativo","twitter_card":"summary_large_image","twitter_misc":{"Escrito por":"Valpara\u00edso Creativo","Tiempo de lectura":"2 minutos"},"schema":{"@context":"https:\/\/schema.org","@graph":[{"@type":"Article","@id":"https:\/\/dev.antudigital.cl\/sites\/vc\/nueva-edicion-de-fiesta-tamboliche-la-pampa\/#article","isPartOf":{"@id":"https:\/\/dev.antudigital.cl\/sites\/vc\/nueva-edicion-de-fiesta-tamboliche-la-pampa\/"},"author":{"name":"Valpara\u00edso Creativo","@id":"https:\/\/dev.antudigital.cl\/sites\/vc\/#\/schema\/person\/c2b9da8dd545e27166fc5ab232837318"},"headline":"Nueva edici\u00f3n de fiesta Tamboliche \u00abLa Pampa\u00bb","datePublished":"2024-10-08T00:20:33+00:00","dateModified":"2024-10-08T00:20:51+00:00","mainEntityOfPage":{"@id":"https:\/\/dev.antudigital.cl\/sites\/vc\/nueva-edicion-de-fiesta-tamboliche-la-pampa\/"},"wordCount":176,"image":{"@id":"https:\/\/dev.antudigital.cl\/sites\/vc\/nueva-edicion-de-fiesta-tamboliche-la-pampa\/#primaryimage"},"thumbnailUrl":"https:\/\/dev.antudigital.cl\/sites\/vc\/wp-content\/uploads\/2024\/10\/Captura-de-Pantalla-2024-10-07-a-las-21.20.07.png","articleSection":["Noticia"],"inLanguage":"es"},{"@type":"WebPage","@id":"https:\/\/dev.antudigital.cl\/sites\/vc\/nueva-edicion-de-fiesta-tamboliche-la-pampa\/","url":"https:\/\/dev.antudigital.cl\/sites\/vc\/nueva-edicion-de-fiesta-tamboliche-la-pampa\/","name":"Nueva edici\u00f3n de fiesta Tamboliche \"La Pampa\" - Valpara\u00ed\u00adso Creativo","isPartOf":{"@id":"https:\/\/dev.antudigital.cl\/sites\/vc\/#website"},"primaryImageOfPage":{"@id":"https:\/\/dev.antudigital.cl\/sites\/vc\/nueva-edicion-de-fiesta-tamboliche-la-pampa\/#primaryimage"},"image":{"@id":"https:\/\/dev.antudigital.cl\/sites\/vc\/nueva-edicion-de-fiesta-tamboliche-la-pampa\/#primaryimage"},"thumbnailUrl":"https:\/\/dev.antudigital.cl\/sites\/vc\/wp-content\/uploads\/2024\/10\/Captura-de-Pantalla-2024-10-07-a-las-21.20.07.png","datePublished":"2024-10-08T00:20:33+00:00","dateModified":"2024-10-08T00:20:51+00:00","author":{"@id":"https:\/\/dev.antudigital.cl\/sites\/vc\/#\/schema\/person\/c2b9da8dd545e27166fc5ab232837318"},"breadcrumb":{"@id":"https:\/\/dev.antudigital.cl\/sites\/vc\/nueva-edicion-de-fiesta-tamboliche-la-pampa\/#breadcrumb"},"inLanguage":"es","potentialAction":[{"@type":"ReadAction","target":["https:\/\/dev.antudigital.cl\/sites\/vc\/nueva-edicion-de-fiesta-tamboliche-la-pampa\/"]}]},{"@type":"ImageObject","inLanguage":"es","@id":"https:\/\/dev.antudigital.cl\/sites\/vc\/nueva-edicion-de-fiesta-tamboliche-la-pampa\/#primaryimage","url":"https:\/\/dev.antudigital.cl\/sites\/vc\/wp-content\/uploads\/2024\/10\/Captura-de-Pantalla-2024-10-07-a-las-21.20.07.png","contentUrl":"https:\/\/dev.antudigital.cl\/sites\/vc\/wp-content\/uploads\/2024\/10\/Captura-de-Pantalla-2024-10-07-a-las-21.20.07.png","width":617,"height":295},{"@type":"BreadcrumbList","@id":"https:\/\/dev.antudigital.cl\/sites\/vc\/nueva-edicion-de-fiesta-tamboliche-la-pampa\/#breadcrumb","itemListElement":[{"@type":"ListItem","position":1,"name":"Home","item":"https:\/\/dev.antudigital.cl\/sites\/vc\/"},{"@type":"ListItem","position":2,"name":"Nueva edici\u00f3n de fiesta Tamboliche \u00abLa Pampa\u00bb"}]},{"@type":"WebSite","@id":"https:\/\/dev.antudigital.cl\/sites\/vc\/#website","url":"https:\/\/dev.antudigital.cl\/sites\/vc\/","name":"Valpara\u00ed\u00adso Creativo","description":"","potentialAction":[{"@type":"SearchAction","target":{"@type":"EntryPoint","urlTemplate":"https:\/\/dev.antudigital.cl\/sites\/vc\/?s={search_term_string}"},"query-input":{"@type":"PropertyValueSpecification","valueRequired":true,"valueName":"search_term_string"}}],"inLanguage":"es"},{"@type":"Person","@id":"https:\/\/dev.antudigital.cl\/sites\/vc\/#\/schema\/person\/c2b9da8dd545e27166fc5ab232837318","name":"Valpara\u00edso Creativo","description":"Periodista de cultura en la Regi\u00f3n de Valpara\u00edso.","url":"https:\/\/dev.antudigital.cl\/sites\/vc\/author\/valpoadmin\/"}]}},"_links":{"self":[{"href":"https:\/\/dev.antudigital.cl\/sites\/vc\/wp-json\/wp\/v2\/posts\/20690","targetHints":{"allow":["GET"]}}],"collection":[{"href":"https:\/\/dev.antudigital.cl\/sites\/vc\/wp-json\/wp\/v2\/posts"}],"about":[{"href":"https:\/\/dev.antudigital.cl\/sites\/vc\/wp-json\/wp\/v2\/types\/post"}],"author":[{"embeddable":true,"href":"https:\/\/dev.antudigital.cl\/sites\/vc\/wp-json\/wp\/v2\/users\/1"}],"replies":[{"embeddable":true,"href":"https:\/\/dev.antudigital.cl\/sites\/vc\/wp-json\/wp\/v2\/comments?post=20690"}],"version-history":[{"count":1,"href":"https:\/\/dev.antudigital.cl\/sites\/vc\/wp-json\/wp\/v2\/posts\/20690\/revisions"}],"predecessor-version":[{"id":20693,"href":"https:\/\/dev.antudigital.cl\/sites\/vc\/wp-json\/wp\/v2\/posts\/20690\/revisions\/20693"}],"wp:featuredmedia":[{"embeddable":true,"href":"https:\/\/dev.antudigital.cl\/sites\/vc\/wp-json\/wp\/v2\/media\/20692"}],"wp:attachment":[{"href":"https:\/\/dev.antudigital.cl\/sites\/vc\/wp-json\/wp\/v2\/media?parent=20690"}],"wp:term":[{"taxonomy":"category","embeddable":true,"href":"https:\/\/dev.antudigital.cl\/sites\/vc\/wp-json\/wp\/v2\/categories?post=20690"},{"taxonomy":"post_tag","embeddable":true,"href":"https:\/\/dev.antudigital.cl\/sites\/vc\/wp-json\/wp\/v2\/tags?post=20690"}],"curies":[{"name":"wp","href":"https:\/\/api.w.org\/{rel}","templated":true}]}}