{"id":20694,"date":"2024-10-09T17:28:50","date_gmt":"2024-10-09T17:28:50","guid":{"rendered":"https:\/\/www.valparaisocreativo.cl\/?p=20694"},"modified":"2024-10-09T17:29:07","modified_gmt":"2024-10-09T17:29:07","slug":"penalolen-celebra-el-dia-de-la-economia-creativa-el-19-de-octubre-y-lo-cierra-con-el-ritmo-de-juan-ayala","status":"publish","type":"post","link":"https:\/\/dev.antudigital.cl\/sites\/vc\/penalolen-celebra-el-dia-de-la-economia-creativa-el-19-de-octubre-y-lo-cierra-con-el-ritmo-de-juan-ayala\/","title":{"rendered":"Pe\u00f1alol\u00e9n celebra el d\u00eda de la econom\u00eda creativa el 19 de octubre y lo cierra con el ritmo de juan ayala"},"content":{"rendered":"\n<p><strong><em>En a\u00f1o 2019, el Instituto Profesional ARCOS y la Municipalidad de Pe\u00f1alol\u00e9n fundaron Territorio Pe\u00f1alol\u00e9n Creativa y desde esa fecha la comuna celebra a octubre como Mes de la Creatividad, enfocado en impulsar el talento art\u00edstico local y conectar a la comunidad a trav\u00e9s de iniciativas creativas.<\/em><\/strong><\/p>\n\n\n\n<p>Es as\u00ed como el s\u00e1bado 19 de octubre, de 10:00 a 21:00 horas, en el Centro Cultural Chimkowe, de Av. Grecia 8787, se celebra la primera versi\u00f3n del&nbsp;<strong><a>D\u00eda de la Econom\u00eda Creativa en Chimkowe, DECC,<\/a><\/strong>&nbsp;con el objetivo de fortalecer las redes entre artistas, gestores culturales y emprendedores, promoviendo la colaboraci\u00f3n y profesionalizaci\u00f3n del sector.<\/p>\n\n\n\n<p>Contar\u00e1 con la participaci\u00f3n de importantes invitados de la industria, quienes aportar\u00e1n su visi\u00f3n y experiencia en la gesti\u00f3n cultural y el desarrollo creativo, como&nbsp;<strong>Sonia Avil\u00e9s<\/strong>&nbsp;(M\u00e9xico), gestora cultural especializada en m\u00fasica;&nbsp;<strong>Josefa Nolte<\/strong>&nbsp;(Per\u00fa), antrop\u00f3loga especializada en artesan\u00edas y arte popular;&nbsp;<strong>Diego Maldonado<\/strong>&nbsp;(Colombia), director del Observatorio de Cultura y Gesti\u00f3n del Conocimiento Cultural de Bogot\u00e1;&nbsp;<strong>Gabriela Sandoval<\/strong>, directora de SANFIC, y&nbsp;<strong>Marcelo Godoy<\/strong>, director del festival Fluvial, entre otros.<\/p>\n\n\n\n<figure class=\"wp-block-image size-large\"><img fetchpriority=\"high\" decoding=\"async\" width=\"1024\" height=\"576\" src=\"https:\/\/www.valparaisocreativo.cl\/wp-content\/uploads\/2024\/10\/SONIA-AVILES_MEXICO-MUSICA-1024x576.jpg\" alt=\"\" class=\"wp-image-20696\" srcset=\"https:\/\/dev.antudigital.cl\/sites\/vc\/wp-content\/uploads\/2024\/10\/SONIA-AVILES_MEXICO-MUSICA-1024x576.jpg 1024w, https:\/\/dev.antudigital.cl\/sites\/vc\/wp-content\/uploads\/2024\/10\/SONIA-AVILES_MEXICO-MUSICA-300x169.jpg 300w, https:\/\/dev.antudigital.cl\/sites\/vc\/wp-content\/uploads\/2024\/10\/SONIA-AVILES_MEXICO-MUSICA-768x432.jpg 768w, https:\/\/dev.antudigital.cl\/sites\/vc\/wp-content\/uploads\/2024\/10\/SONIA-AVILES_MEXICO-MUSICA-1536x864.jpg 1536w, https:\/\/dev.antudigital.cl\/sites\/vc\/wp-content\/uploads\/2024\/10\/SONIA-AVILES_MEXICO-MUSICA-1080x608.jpg 1080w, https:\/\/dev.antudigital.cl\/sites\/vc\/wp-content\/uploads\/2024\/10\/SONIA-AVILES_MEXICO-MUSICA-1280x720.jpg 1280w, https:\/\/dev.antudigital.cl\/sites\/vc\/wp-content\/uploads\/2024\/10\/SONIA-AVILES_MEXICO-MUSICA-980x551.jpg 980w, https:\/\/dev.antudigital.cl\/sites\/vc\/wp-content\/uploads\/2024\/10\/SONIA-AVILES_MEXICO-MUSICA-480x270.jpg 480w, https:\/\/dev.antudigital.cl\/sites\/vc\/wp-content\/uploads\/2024\/10\/SONIA-AVILES_MEXICO-MUSICA-24x14.jpg 24w, https:\/\/dev.antudigital.cl\/sites\/vc\/wp-content\/uploads\/2024\/10\/SONIA-AVILES_MEXICO-MUSICA-36x20.jpg 36w, https:\/\/dev.antudigital.cl\/sites\/vc\/wp-content\/uploads\/2024\/10\/SONIA-AVILES_MEXICO-MUSICA-48x27.jpg 48w, https:\/\/dev.antudigital.cl\/sites\/vc\/wp-content\/uploads\/2024\/10\/SONIA-AVILES_MEXICO-MUSICA.jpg 1600w\" sizes=\"(max-width: 1024px) 100vw, 1024px\" \/><\/figure>\n\n\n\n<p>El evento ofrece un&nbsp;<strong>amplio programa de actividades<\/strong>&nbsp;disponible en&nbsp;<a href=\"https:\/\/territoriopenalolencreativa.cl\/\" target=\"_blank\" rel=\"noreferrer noopener\">territoriopenalolencreativa.cl<\/a>, que incluye talleres, clases magistrales, m\u00fasica en vivo y conversatorios enfocados en abordar los desaf\u00edos y oportunidades del sector creativo.<\/p>\n\n\n\n<p>El cierre del d\u00eda estar\u00e1 marcado por un concierto del m\u00fasico nacional, ex Juana Fe,<strong>&nbsp;Juan Ayala<\/strong>.<\/p>\n\n\n\n<p><strong>Julieta Brodsky<\/strong>, ex ministra de las Culturas, las Artes y el Patrimonio, y actual directora ejecutiva de la Corporaci\u00f3n Cultural de Pe\u00f1alol\u00e9n, destac\u00f3 el car\u00e1cter innovador de este evento: \u00ab<em>El DECC no es solo una plataforma para que nuestros artistas se desarrollen profesionalmente. Es un espacio donde las ideas crecen, los proyectos se conectan y se viabilizan y, sobre todo, donde la creatividad se materializa en iniciativas concretas de sustentabilidad econ\u00f3mica. La combinaci\u00f3n de talleres y encuentros nos permite crear un puente entre lo local y lo internacional, posicionando a Pe\u00f1alol\u00e9n en el mapa de la econom\u00eda creativa<\/em>\u00ab<\/p>\n\n\n\n<figure class=\"wp-block-image size-large\"><img decoding=\"async\" width=\"1024\" height=\"745\" src=\"https:\/\/www.valparaisocreativo.cl\/wp-content\/uploads\/2024\/10\/JUANITO-AYALA-1024x745.jpg\" alt=\"\" class=\"wp-image-20697\" srcset=\"https:\/\/dev.antudigital.cl\/sites\/vc\/wp-content\/uploads\/2024\/10\/JUANITO-AYALA-1024x745.jpg 1024w, https:\/\/dev.antudigital.cl\/sites\/vc\/wp-content\/uploads\/2024\/10\/JUANITO-AYALA-300x218.jpg 300w, https:\/\/dev.antudigital.cl\/sites\/vc\/wp-content\/uploads\/2024\/10\/JUANITO-AYALA-768x559.jpg 768w, https:\/\/dev.antudigital.cl\/sites\/vc\/wp-content\/uploads\/2024\/10\/JUANITO-AYALA-1080x785.jpg 1080w, https:\/\/dev.antudigital.cl\/sites\/vc\/wp-content\/uploads\/2024\/10\/JUANITO-AYALA-980x713.jpg 980w, https:\/\/dev.antudigital.cl\/sites\/vc\/wp-content\/uploads\/2024\/10\/JUANITO-AYALA-480x349.jpg 480w, https:\/\/dev.antudigital.cl\/sites\/vc\/wp-content\/uploads\/2024\/10\/JUANITO-AYALA-24x17.jpg 24w, https:\/\/dev.antudigital.cl\/sites\/vc\/wp-content\/uploads\/2024\/10\/JUANITO-AYALA-36x26.jpg 36w, https:\/\/dev.antudigital.cl\/sites\/vc\/wp-content\/uploads\/2024\/10\/JUANITO-AYALA-48x35.jpg 48w, https:\/\/dev.antudigital.cl\/sites\/vc\/wp-content\/uploads\/2024\/10\/JUANITO-AYALA.jpg 1100w\" sizes=\"(max-width: 1024px) 100vw, 1024px\" \/><\/figure>\n\n\n\n<p>Cabe destacar que&nbsp;<em>Territorio Pe\u00f1alol\u00e9n Creativa&nbsp;<\/em>es parte de la Red Nacional de Territorios Creativos y DECC se suma a las actividades que el&nbsp;<strong>Ministerio de las Culturas<\/strong>&nbsp;desarrolla con miras al&nbsp;<a href=\"http:\/\/mic.cl\/\" target=\"_blank\" rel=\"noreferrer noopener\">MIC.CL<\/a>, Mercado Nacional de las Econom\u00edas Creativas, enmarcado en mecanismos de integraci\u00f3n de la Alianza del Pac\u00edfico.&nbsp;<\/p>\n","protected":false},"excerpt":{"rendered":"<p>En a\u00f1o 2019, el Instituto Profesional ARCOS y la Municipalidad de Pe\u00f1alol\u00e9n fundaron Territorio Pe\u00f1alol\u00e9n Creativa y desde esa fecha la comuna celebra a octubre como Mes de la Creatividad, enfocado en impulsar el talento art\u00edstico local y conectar a la comunidad a trav\u00e9s de iniciativas creativas. Es as\u00ed como el s\u00e1bado 19 de octubre, [&hellip;]<\/p>\n","protected":false},"author":1,"featured_media":20695,"comment_status":"closed","ping_status":"closed","sticky":false,"template":"","format":"standard","meta":{"_acf_changed":false,"footnotes":""},"categories":[8],"tags":[],"class_list":["post-20694","post","type-post","status-publish","format-standard","has-post-thumbnail","hentry","category-noticia"],"acf":[],"yoast_head":"<!-- This site is optimized with the Yoast SEO plugin v27.1.1 - https:\/\/yoast.com\/product\/yoast-seo-wordpress\/ -->\n<title>Pe\u00f1alol\u00e9n celebra el d\u00eda de la econom\u00eda creativa el 19 de octubre y lo cierra con el ritmo de juan ayala - Valpara\u00ed\u00adso Creativo<\/title>\n<meta name=\"robots\" content=\"index, follow, max-snippet:-1, max-image-preview:large, max-video-preview:-1\" \/>\n<link rel=\"canonical\" href=\"https:\/\/dev.antudigital.cl\/sites\/vc\/penalolen-celebra-el-dia-de-la-economia-creativa-el-19-de-octubre-y-lo-cierra-con-el-ritmo-de-juan-ayala\/\" \/>\n<meta property=\"og:locale\" content=\"es_ES\" \/>\n<meta property=\"og:type\" content=\"article\" \/>\n<meta property=\"og:title\" content=\"Pe\u00f1alol\u00e9n celebra el d\u00eda de la econom\u00eda creativa el 19 de octubre y lo cierra con el ritmo de juan ayala - Valpara\u00ed\u00adso Creativo\" \/>\n<meta property=\"og:description\" content=\"En a\u00f1o 2019, el Instituto Profesional ARCOS y la Municipalidad de Pe\u00f1alol\u00e9n fundaron Territorio Pe\u00f1alol\u00e9n Creativa y desde esa fecha la comuna celebra a octubre como Mes de la Creatividad, enfocado en impulsar el talento art\u00edstico local y conectar a la comunidad a trav\u00e9s de iniciativas creativas. Es as\u00ed como el s\u00e1bado 19 de octubre, [&hellip;]\" \/>\n<meta property=\"og:url\" content=\"https:\/\/dev.antudigital.cl\/sites\/vc\/penalolen-celebra-el-dia-de-la-economia-creativa-el-19-de-octubre-y-lo-cierra-con-el-ritmo-de-juan-ayala\/\" \/>\n<meta property=\"og:site_name\" content=\"Valpara\u00ed\u00adso Creativo\" \/>\n<meta property=\"article:published_time\" content=\"2024-10-09T17:28:50+00:00\" \/>\n<meta property=\"article:modified_time\" content=\"2024-10-09T17:29:07+00:00\" \/>\n<meta property=\"og:image\" content=\"https:\/\/dev.antudigital.cl\/sites\/vc\/wp-content\/uploads\/2024\/10\/DECC-Afiche-simplificado.png\" \/>\n\t<meta property=\"og:image:width\" content=\"1080\" \/>\n\t<meta property=\"og:image:height\" content=\"1080\" \/>\n\t<meta property=\"og:image:type\" content=\"image\/png\" \/>\n<meta name=\"author\" content=\"Valpara\u00edso Creativo\" \/>\n<meta name=\"twitter:card\" content=\"summary_large_image\" \/>\n<meta name=\"twitter:label1\" content=\"Escrito por\" \/>\n\t<meta name=\"twitter:data1\" content=\"Valpara\u00edso Creativo\" \/>\n\t<meta name=\"twitter:label2\" content=\"Tiempo de lectura\" \/>\n\t<meta name=\"twitter:data2\" content=\"3 minutos\" \/>\n<script type=\"application\/ld+json\" class=\"yoast-schema-graph\">{\"@context\":\"https:\/\/schema.org\",\"@graph\":[{\"@type\":\"Article\",\"@id\":\"https:\/\/dev.antudigital.cl\/sites\/vc\/penalolen-celebra-el-dia-de-la-economia-creativa-el-19-de-octubre-y-lo-cierra-con-el-ritmo-de-juan-ayala\/#article\",\"isPartOf\":{\"@id\":\"https:\/\/dev.antudigital.cl\/sites\/vc\/penalolen-celebra-el-dia-de-la-economia-creativa-el-19-de-octubre-y-lo-cierra-con-el-ritmo-de-juan-ayala\/\"},\"author\":{\"name\":\"Valpara\u00edso Creativo\",\"@id\":\"https:\/\/dev.antudigital.cl\/sites\/vc\/#\/schema\/person\/c2b9da8dd545e27166fc5ab232837318\"},\"headline\":\"Pe\u00f1alol\u00e9n celebra el d\u00eda de la econom\u00eda creativa el 19 de octubre y lo cierra con el ritmo de juan ayala\",\"datePublished\":\"2024-10-09T17:28:50+00:00\",\"dateModified\":\"2024-10-09T17:29:07+00:00\",\"mainEntityOfPage\":{\"@id\":\"https:\/\/dev.antudigital.cl\/sites\/vc\/penalolen-celebra-el-dia-de-la-economia-creativa-el-19-de-octubre-y-lo-cierra-con-el-ritmo-de-juan-ayala\/\"},\"wordCount\":452,\"image\":{\"@id\":\"https:\/\/dev.antudigital.cl\/sites\/vc\/penalolen-celebra-el-dia-de-la-economia-creativa-el-19-de-octubre-y-lo-cierra-con-el-ritmo-de-juan-ayala\/#primaryimage\"},\"thumbnailUrl\":\"https:\/\/dev.antudigital.cl\/sites\/vc\/wp-content\/uploads\/2024\/10\/DECC-Afiche-simplificado.png\",\"articleSection\":[\"Noticia\"],\"inLanguage\":\"es\"},{\"@type\":\"WebPage\",\"@id\":\"https:\/\/dev.antudigital.cl\/sites\/vc\/penalolen-celebra-el-dia-de-la-economia-creativa-el-19-de-octubre-y-lo-cierra-con-el-ritmo-de-juan-ayala\/\",\"url\":\"https:\/\/dev.antudigital.cl\/sites\/vc\/penalolen-celebra-el-dia-de-la-economia-creativa-el-19-de-octubre-y-lo-cierra-con-el-ritmo-de-juan-ayala\/\",\"name\":\"Pe\u00f1alol\u00e9n celebra el d\u00eda de la econom\u00eda creativa el 19 de octubre y lo cierra con el ritmo de juan ayala - Valpara\u00ed\u00adso Creativo\",\"isPartOf\":{\"@id\":\"https:\/\/dev.antudigital.cl\/sites\/vc\/#website\"},\"primaryImageOfPage\":{\"@id\":\"https:\/\/dev.antudigital.cl\/sites\/vc\/penalolen-celebra-el-dia-de-la-economia-creativa-el-19-de-octubre-y-lo-cierra-con-el-ritmo-de-juan-ayala\/#primaryimage\"},\"image\":{\"@id\":\"https:\/\/dev.antudigital.cl\/sites\/vc\/penalolen-celebra-el-dia-de-la-economia-creativa-el-19-de-octubre-y-lo-cierra-con-el-ritmo-de-juan-ayala\/#primaryimage\"},\"thumbnailUrl\":\"https:\/\/dev.antudigital.cl\/sites\/vc\/wp-content\/uploads\/2024\/10\/DECC-Afiche-simplificado.png\",\"datePublished\":\"2024-10-09T17:28:50+00:00\",\"dateModified\":\"2024-10-09T17:29:07+00:00\",\"author\":{\"@id\":\"https:\/\/dev.antudigital.cl\/sites\/vc\/#\/schema\/person\/c2b9da8dd545e27166fc5ab232837318\"},\"breadcrumb\":{\"@id\":\"https:\/\/dev.antudigital.cl\/sites\/vc\/penalolen-celebra-el-dia-de-la-economia-creativa-el-19-de-octubre-y-lo-cierra-con-el-ritmo-de-juan-ayala\/#breadcrumb\"},\"inLanguage\":\"es\",\"potentialAction\":[{\"@type\":\"ReadAction\",\"target\":[\"https:\/\/dev.antudigital.cl\/sites\/vc\/penalolen-celebra-el-dia-de-la-economia-creativa-el-19-de-octubre-y-lo-cierra-con-el-ritmo-de-juan-ayala\/\"]}]},{\"@type\":\"ImageObject\",\"inLanguage\":\"es\",\"@id\":\"https:\/\/dev.antudigital.cl\/sites\/vc\/penalolen-celebra-el-dia-de-la-economia-creativa-el-19-de-octubre-y-lo-cierra-con-el-ritmo-de-juan-ayala\/#primaryimage\",\"url\":\"https:\/\/dev.antudigital.cl\/sites\/vc\/wp-content\/uploads\/2024\/10\/DECC-Afiche-simplificado.png\",\"contentUrl\":\"https:\/\/dev.antudigital.cl\/sites\/vc\/wp-content\/uploads\/2024\/10\/DECC-Afiche-simplificado.png\",\"width\":1080,\"height\":1080},{\"@type\":\"BreadcrumbList\",\"@id\":\"https:\/\/dev.antudigital.cl\/sites\/vc\/penalolen-celebra-el-dia-de-la-economia-creativa-el-19-de-octubre-y-lo-cierra-con-el-ritmo-de-juan-ayala\/#breadcrumb\",\"itemListElement\":[{\"@type\":\"ListItem\",\"position\":1,\"name\":\"Home\",\"item\":\"https:\/\/dev.antudigital.cl\/sites\/vc\/\"},{\"@type\":\"ListItem\",\"position\":2,\"name\":\"Pe\u00f1alol\u00e9n celebra el d\u00eda de la econom\u00eda creativa el 19 de octubre y lo cierra con el ritmo de juan ayala\"}]},{\"@type\":\"WebSite\",\"@id\":\"https:\/\/dev.antudigital.cl\/sites\/vc\/#website\",\"url\":\"https:\/\/dev.antudigital.cl\/sites\/vc\/\",\"name\":\"Valpara\u00ed\u00adso Creativo\",\"description\":\"\",\"potentialAction\":[{\"@type\":\"SearchAction\",\"target\":{\"@type\":\"EntryPoint\",\"urlTemplate\":\"https:\/\/dev.antudigital.cl\/sites\/vc\/?s={search_term_string}\"},\"query-input\":{\"@type\":\"PropertyValueSpecification\",\"valueRequired\":true,\"valueName\":\"search_term_string\"}}],\"inLanguage\":\"es\"},{\"@type\":\"Person\",\"@id\":\"https:\/\/dev.antudigital.cl\/sites\/vc\/#\/schema\/person\/c2b9da8dd545e27166fc5ab232837318\",\"name\":\"Valpara\u00edso Creativo\",\"description\":\"Periodista de cultura en la Regi\u00f3n de Valpara\u00edso.\",\"url\":\"https:\/\/dev.antudigital.cl\/sites\/vc\/author\/valpoadmin\/\"}]}<\/script>\n<!-- \/ Yoast SEO plugin. -->","yoast_head_json":{"title":"Pe\u00f1alol\u00e9n celebra el d\u00eda de la econom\u00eda creativa el 19 de octubre y lo cierra con el ritmo de juan ayala - Valpara\u00ed\u00adso Creativo","robots":{"index":"index","follow":"follow","max-snippet":"max-snippet:-1","max-image-preview":"max-image-preview:large","max-video-preview":"max-video-preview:-1"},"canonical":"https:\/\/dev.antudigital.cl\/sites\/vc\/penalolen-celebra-el-dia-de-la-economia-creativa-el-19-de-octubre-y-lo-cierra-con-el-ritmo-de-juan-ayala\/","og_locale":"es_ES","og_type":"article","og_title":"Pe\u00f1alol\u00e9n celebra el d\u00eda de la econom\u00eda creativa el 19 de octubre y lo cierra con el ritmo de juan ayala - Valpara\u00ed\u00adso Creativo","og_description":"En a\u00f1o 2019, el Instituto Profesional ARCOS y la Municipalidad de Pe\u00f1alol\u00e9n fundaron Territorio Pe\u00f1alol\u00e9n Creativa y desde esa fecha la comuna celebra a octubre como Mes de la Creatividad, enfocado en impulsar el talento art\u00edstico local y conectar a la comunidad a trav\u00e9s de iniciativas creativas. Es as\u00ed como el s\u00e1bado 19 de octubre, [&hellip;]","og_url":"https:\/\/dev.antudigital.cl\/sites\/vc\/penalolen-celebra-el-dia-de-la-economia-creativa-el-19-de-octubre-y-lo-cierra-con-el-ritmo-de-juan-ayala\/","og_site_name":"Valpara\u00ed\u00adso Creativo","article_published_time":"2024-10-09T17:28:50+00:00","article_modified_time":"2024-10-09T17:29:07+00:00","og_image":[{"width":1080,"height":1080,"url":"https:\/\/dev.antudigital.cl\/sites\/vc\/wp-content\/uploads\/2024\/10\/DECC-Afiche-simplificado.png","type":"image\/png"}],"author":"Valpara\u00edso Creativo","twitter_card":"summary_large_image","twitter_misc":{"Escrito por":"Valpara\u00edso Creativo","Tiempo de lectura":"3 minutos"},"schema":{"@context":"https:\/\/schema.org","@graph":[{"@type":"Article","@id":"https:\/\/dev.antudigital.cl\/sites\/vc\/penalolen-celebra-el-dia-de-la-economia-creativa-el-19-de-octubre-y-lo-cierra-con-el-ritmo-de-juan-ayala\/#article","isPartOf":{"@id":"https:\/\/dev.antudigital.cl\/sites\/vc\/penalolen-celebra-el-dia-de-la-economia-creativa-el-19-de-octubre-y-lo-cierra-con-el-ritmo-de-juan-ayala\/"},"author":{"name":"Valpara\u00edso Creativo","@id":"https:\/\/dev.antudigital.cl\/sites\/vc\/#\/schema\/person\/c2b9da8dd545e27166fc5ab232837318"},"headline":"Pe\u00f1alol\u00e9n celebra el d\u00eda de la econom\u00eda creativa el 19 de octubre y lo cierra con el ritmo de juan ayala","datePublished":"2024-10-09T17:28:50+00:00","dateModified":"2024-10-09T17:29:07+00:00","mainEntityOfPage":{"@id":"https:\/\/dev.antudigital.cl\/sites\/vc\/penalolen-celebra-el-dia-de-la-economia-creativa-el-19-de-octubre-y-lo-cierra-con-el-ritmo-de-juan-ayala\/"},"wordCount":452,"image":{"@id":"https:\/\/dev.antudigital.cl\/sites\/vc\/penalolen-celebra-el-dia-de-la-economia-creativa-el-19-de-octubre-y-lo-cierra-con-el-ritmo-de-juan-ayala\/#primaryimage"},"thumbnailUrl":"https:\/\/dev.antudigital.cl\/sites\/vc\/wp-content\/uploads\/2024\/10\/DECC-Afiche-simplificado.png","articleSection":["Noticia"],"inLanguage":"es"},{"@type":"WebPage","@id":"https:\/\/dev.antudigital.cl\/sites\/vc\/penalolen-celebra-el-dia-de-la-economia-creativa-el-19-de-octubre-y-lo-cierra-con-el-ritmo-de-juan-ayala\/","url":"https:\/\/dev.antudigital.cl\/sites\/vc\/penalolen-celebra-el-dia-de-la-economia-creativa-el-19-de-octubre-y-lo-cierra-con-el-ritmo-de-juan-ayala\/","name":"Pe\u00f1alol\u00e9n celebra el d\u00eda de la econom\u00eda creativa el 19 de octubre y lo cierra con el ritmo de juan ayala - Valpara\u00ed\u00adso Creativo","isPartOf":{"@id":"https:\/\/dev.antudigital.cl\/sites\/vc\/#website"},"primaryImageOfPage":{"@id":"https:\/\/dev.antudigital.cl\/sites\/vc\/penalolen-celebra-el-dia-de-la-economia-creativa-el-19-de-octubre-y-lo-cierra-con-el-ritmo-de-juan-ayala\/#primaryimage"},"image":{"@id":"https:\/\/dev.antudigital.cl\/sites\/vc\/penalolen-celebra-el-dia-de-la-economia-creativa-el-19-de-octubre-y-lo-cierra-con-el-ritmo-de-juan-ayala\/#primaryimage"},"thumbnailUrl":"https:\/\/dev.antudigital.cl\/sites\/vc\/wp-content\/uploads\/2024\/10\/DECC-Afiche-simplificado.png","datePublished":"2024-10-09T17:28:50+00:00","dateModified":"2024-10-09T17:29:07+00:00","author":{"@id":"https:\/\/dev.antudigital.cl\/sites\/vc\/#\/schema\/person\/c2b9da8dd545e27166fc5ab232837318"},"breadcrumb":{"@id":"https:\/\/dev.antudigital.cl\/sites\/vc\/penalolen-celebra-el-dia-de-la-economia-creativa-el-19-de-octubre-y-lo-cierra-con-el-ritmo-de-juan-ayala\/#breadcrumb"},"inLanguage":"es","potentialAction":[{"@type":"ReadAction","target":["https:\/\/dev.antudigital.cl\/sites\/vc\/penalolen-celebra-el-dia-de-la-economia-creativa-el-19-de-octubre-y-lo-cierra-con-el-ritmo-de-juan-ayala\/"]}]},{"@type":"ImageObject","inLanguage":"es","@id":"https:\/\/dev.antudigital.cl\/sites\/vc\/penalolen-celebra-el-dia-de-la-economia-creativa-el-19-de-octubre-y-lo-cierra-con-el-ritmo-de-juan-ayala\/#primaryimage","url":"https:\/\/dev.antudigital.cl\/sites\/vc\/wp-content\/uploads\/2024\/10\/DECC-Afiche-simplificado.png","contentUrl":"https:\/\/dev.antudigital.cl\/sites\/vc\/wp-content\/uploads\/2024\/10\/DECC-Afiche-simplificado.png","width":1080,"height":1080},{"@type":"BreadcrumbList","@id":"https:\/\/dev.antudigital.cl\/sites\/vc\/penalolen-celebra-el-dia-de-la-economia-creativa-el-19-de-octubre-y-lo-cierra-con-el-ritmo-de-juan-ayala\/#breadcrumb","itemListElement":[{"@type":"ListItem","position":1,"name":"Home","item":"https:\/\/dev.antudigital.cl\/sites\/vc\/"},{"@type":"ListItem","position":2,"name":"Pe\u00f1alol\u00e9n celebra el d\u00eda de la econom\u00eda creativa el 19 de octubre y lo cierra con el ritmo de juan ayala"}]},{"@type":"WebSite","@id":"https:\/\/dev.antudigital.cl\/sites\/vc\/#website","url":"https:\/\/dev.antudigital.cl\/sites\/vc\/","name":"Valpara\u00ed\u00adso Creativo","description":"","potentialAction":[{"@type":"SearchAction","target":{"@type":"EntryPoint","urlTemplate":"https:\/\/dev.antudigital.cl\/sites\/vc\/?s={search_term_string}"},"query-input":{"@type":"PropertyValueSpecification","valueRequired":true,"valueName":"search_term_string"}}],"inLanguage":"es"},{"@type":"Person","@id":"https:\/\/dev.antudigital.cl\/sites\/vc\/#\/schema\/person\/c2b9da8dd545e27166fc5ab232837318","name":"Valpara\u00edso Creativo","description":"Periodista de cultura en la Regi\u00f3n de Valpara\u00edso.","url":"https:\/\/dev.antudigital.cl\/sites\/vc\/author\/valpoadmin\/"}]}},"_links":{"self":[{"href":"https:\/\/dev.antudigital.cl\/sites\/vc\/wp-json\/wp\/v2\/posts\/20694","targetHints":{"allow":["GET"]}}],"collection":[{"href":"https:\/\/dev.antudigital.cl\/sites\/vc\/wp-json\/wp\/v2\/posts"}],"about":[{"href":"https:\/\/dev.antudigital.cl\/sites\/vc\/wp-json\/wp\/v2\/types\/post"}],"author":[{"embeddable":true,"href":"https:\/\/dev.antudigital.cl\/sites\/vc\/wp-json\/wp\/v2\/users\/1"}],"replies":[{"embeddable":true,"href":"https:\/\/dev.antudigital.cl\/sites\/vc\/wp-json\/wp\/v2\/comments?post=20694"}],"version-history":[{"count":1,"href":"https:\/\/dev.antudigital.cl\/sites\/vc\/wp-json\/wp\/v2\/posts\/20694\/revisions"}],"predecessor-version":[{"id":20698,"href":"https:\/\/dev.antudigital.cl\/sites\/vc\/wp-json\/wp\/v2\/posts\/20694\/revisions\/20698"}],"wp:featuredmedia":[{"embeddable":true,"href":"https:\/\/dev.antudigital.cl\/sites\/vc\/wp-json\/wp\/v2\/media\/20695"}],"wp:attachment":[{"href":"https:\/\/dev.antudigital.cl\/sites\/vc\/wp-json\/wp\/v2\/media?parent=20694"}],"wp:term":[{"taxonomy":"category","embeddable":true,"href":"https:\/\/dev.antudigital.cl\/sites\/vc\/wp-json\/wp\/v2\/categories?post=20694"},{"taxonomy":"post_tag","embeddable":true,"href":"https:\/\/dev.antudigital.cl\/sites\/vc\/wp-json\/wp\/v2\/tags?post=20694"}],"curies":[{"name":"wp","href":"https:\/\/api.w.org\/{rel}","templated":true}]}}