{"id":20727,"date":"2024-10-14T18:05:42","date_gmt":"2024-10-14T18:05:42","guid":{"rendered":"https:\/\/www.valparaisocreativo.cl\/?p=20727"},"modified":"2024-10-14T18:06:00","modified_gmt":"2024-10-14T18:06:00","slug":"documental-de-diario-de-un-hombre-a-la-deriva-se-estrena-en-insomnia-con-cine-foro","status":"publish","type":"post","link":"https:\/\/dev.antudigital.cl\/sites\/vc\/documental-de-diario-de-un-hombre-a-la-deriva-se-estrena-en-insomnia-con-cine-foro\/","title":{"rendered":"Documental de Diario de un hombre a la deriva se estrena en INSOMNIA con cine foro"},"content":{"rendered":"\n<p>\u201cDiario de un hombre a la deriva\u201d es un documental dirigido por Jos\u00e9 Ib\u00e1\u00f1ez y producido por el cineasta y acad\u00e9mico de la Universidad Vi\u00f1a del Mar, Michel Toledo, que se estrenar\u00e1 en INSOMNIA con cine foro este jueves 17 de octubre a las 18:30 horas. A la actividad asistir\u00e1 el director para conversar con los presentes todos los detalles de su film. Este documental cuenta con el financiamiento del Ministerio de las Culturas, las Artes y el Patrimonio y es producto de una colaboraci\u00f3n entre T\u00f3tem Producciones y Oficio Ficci\u00f3n, en asociaci\u00f3n con R90 Lab, laboratorio de creaci\u00f3n art\u00edstica e innovaci\u00f3n de la UVM.<\/p>\n\n\n\n<p>El productor, Michel Toledo, se\u00f1al\u00f3 que \u201ceste documental es el resultado de un proceso colaborativo que refleja las complejidades de ser un observador de la historia y de los conflictos sociales y las posturas que tomamos frente a estos acontecimientos desde nuestras miradas \u00fanicas y particulares. El apoyo del Ministerio de las Culturas, las Artes y el Patrimonio, junto con la producci\u00f3n de T\u00f3tem Producciones, Oficio Ficci\u00f3n y la colaboraci\u00f3n de R90 Lab, han sido fundamentales para hacer realidad esta visi\u00f3n. El trabajo en alianza es otro factor que debemos destacar, dado que esta creaci\u00f3n art\u00edstica cont\u00f3 con la participaci\u00f3n de estudiantes de la carrera de Cine y Comunicaci\u00f3n Audiovisual y del Mag\u00edster en Comunicaci\u00f3n Digital y Transmedia de la UVM, por lo tanto, estamos muy contentos de que se haya dado esa sinergia entre el pre y postgrado\u201d, sostuvo.<\/p>\n\n\n\n<figure class=\"wp-block-image size-large\"><img fetchpriority=\"high\" decoding=\"async\" width=\"1024\" height=\"576\" src=\"https:\/\/www.valparaisocreativo.cl\/wp-content\/uploads\/2024\/10\/DHD-1024x576.jpg\" alt=\"\" class=\"wp-image-20728\" srcset=\"https:\/\/dev.antudigital.cl\/sites\/vc\/wp-content\/uploads\/2024\/10\/DHD-1024x576.jpg 1024w, https:\/\/dev.antudigital.cl\/sites\/vc\/wp-content\/uploads\/2024\/10\/DHD-300x169.jpg 300w, https:\/\/dev.antudigital.cl\/sites\/vc\/wp-content\/uploads\/2024\/10\/DHD-768x432.jpg 768w, https:\/\/dev.antudigital.cl\/sites\/vc\/wp-content\/uploads\/2024\/10\/DHD-1536x864.jpg 1536w, https:\/\/dev.antudigital.cl\/sites\/vc\/wp-content\/uploads\/2024\/10\/DHD-2048x1152.jpg 2048w, https:\/\/dev.antudigital.cl\/sites\/vc\/wp-content\/uploads\/2024\/10\/DHD-1080x608.jpg 1080w, https:\/\/dev.antudigital.cl\/sites\/vc\/wp-content\/uploads\/2024\/10\/DHD-1280x720.jpg 1280w, https:\/\/dev.antudigital.cl\/sites\/vc\/wp-content\/uploads\/2024\/10\/DHD-980x551.jpg 980w, https:\/\/dev.antudigital.cl\/sites\/vc\/wp-content\/uploads\/2024\/10\/DHD-480x270.jpg 480w, https:\/\/dev.antudigital.cl\/sites\/vc\/wp-content\/uploads\/2024\/10\/DHD-24x14.jpg 24w, https:\/\/dev.antudigital.cl\/sites\/vc\/wp-content\/uploads\/2024\/10\/DHD-36x20.jpg 36w, https:\/\/dev.antudigital.cl\/sites\/vc\/wp-content\/uploads\/2024\/10\/DHD-48x27.jpg 48w\" sizes=\"(max-width: 1024px) 100vw, 1024px\" \/><\/figure>\n\n\n\n<p>La pel\u00edcula sigue a Jos\u00e9, un joven cineasta chileno que observa desde Argentina los dram\u00e1ticos eventos de la revoluci\u00f3n de Maidan en Ucrania entre 2014 y 2015. Impulsado por su conexi\u00f3n virtual con una blogger ucraniana, Jos\u00e9 decide viajar a Europa para conocerla y capturar im\u00e1genes de la revuelta. Sin embargo, al llegar se encuentra con una realidad inesperada: la blogger ha dejado de responder y la contienda se ha trasladado a la frontera con Rusia. Desorientado, Jos\u00e9 se traslada a Berl\u00edn, donde enfrenta nuevas incertidumbres personales y profesionales, cuando observa el nacimiento de un nuevo conflicto social, ahora en su propio pa\u00eds.<\/p>\n\n\n\n<p>Toledo adelanta pasajes de la historia indicando que \u201cen 2019, el protagonista (Jos\u00e9) se convierte nuevamente en un testigo distante, esta vez de la revoluci\u00f3n social en Chile, lo que lo lleva a registrar los acontecimientos desde la perspectiva de un observador externo. La pel\u00edcula culmina en 2022 con la invasi\u00f3n rusa a Ucrania, obligando a Jos\u00e9 a preguntarse si continuar\u00e1 siendo un espectador pasivo o tomar\u00e1 un papel m\u00e1s activo en la historia\u201d, acot\u00f3 el productor.<\/p>\n\n\n\n<p>Por otro lado, Jos\u00e9 Ib\u00e1\u00f1ez, director de la pel\u00edcula agreg\u00f3 que \u201cDiario de un hombre a la deriva\u201d es un espejo de c\u00f3mo la historia influye en las vidas individuales y c\u00f3mo, a su vez, las decisiones personales pueden impactar en el curso de los eventos. Espero que la pel\u00edcula inspire a los espectadores a reflexionar sobre su propio papel en la sociedad y en nuestra historia colectiva y global\u201d.<\/p>\n\n\n\n<p>Sobre el estreno en INSOMNIA, Michel Toledo a\u00f1adi\u00f3: \u201cestamos muy contentos de poder estrenar nuestra pel\u00edcula en Sala Insomnia. Nosotros venimos produciendo pel\u00edculas desde la regi\u00f3n de Valpara\u00edso, entonces para nosotros es muy importante lograr tener espacios dentro de nuestro territorio, poder promover la creaci\u00f3n art\u00edstica desde el lugar en el que estamos, adem\u00e1s de llegar a la gente tambi\u00e9n que en principio asiste a las salas de cine, a eventos culturales desde este espacio en el que nos encontramos, entonces es una experiencia muy bonita, ya hemos tenido la experiencia de haber estrenado en Insomnia previamente y siempre ha sido un espacio muy agradable y muy c\u00f3modo para nosotros en la presentaci\u00f3n de nuestros proyectos\u201d.<\/p>\n\n\n\n<p>La pel\u00edcula tuvo su estreno nacional en el festival de cine Sanfic y su estreno internacional en el festival de Florian\u00f3polis, donde ha tenido una gran recepci\u00f3n. En INSOMNIA se estrenar\u00e1 este jueves 17 de octubre a las 18:30 horas en compa\u00f1\u00eda de su director Jos\u00e9 Ib\u00e1\u00f1ez, y se proyectar\u00e1 el martes 22 de octubre a las 18:30 horas, para m\u00e1s informaci\u00f3n, visita&nbsp;<a href=\"http:\/\/www.insomniacine.cl\/\" target=\"_blank\" rel=\"noreferrer noopener\">www.insomniacine.cl<\/a>.<\/p>\n\n\n\n<figure class=\"wp-block-image size-large\"><img decoding=\"async\" width=\"1024\" height=\"576\" src=\"https:\/\/www.valparaisocreativo.cl\/wp-content\/uploads\/2024\/10\/DHD3-1024x576.jpg\" alt=\"\" class=\"wp-image-20730\" srcset=\"https:\/\/dev.antudigital.cl\/sites\/vc\/wp-content\/uploads\/2024\/10\/DHD3-1024x576.jpg 1024w, https:\/\/dev.antudigital.cl\/sites\/vc\/wp-content\/uploads\/2024\/10\/DHD3-300x169.jpg 300w, https:\/\/dev.antudigital.cl\/sites\/vc\/wp-content\/uploads\/2024\/10\/DHD3-768x432.jpg 768w, https:\/\/dev.antudigital.cl\/sites\/vc\/wp-content\/uploads\/2024\/10\/DHD3-1536x864.jpg 1536w, https:\/\/dev.antudigital.cl\/sites\/vc\/wp-content\/uploads\/2024\/10\/DHD3-2048x1152.jpg 2048w, https:\/\/dev.antudigital.cl\/sites\/vc\/wp-content\/uploads\/2024\/10\/DHD3-1080x608.jpg 1080w, https:\/\/dev.antudigital.cl\/sites\/vc\/wp-content\/uploads\/2024\/10\/DHD3-1280x720.jpg 1280w, https:\/\/dev.antudigital.cl\/sites\/vc\/wp-content\/uploads\/2024\/10\/DHD3-980x551.jpg 980w, https:\/\/dev.antudigital.cl\/sites\/vc\/wp-content\/uploads\/2024\/10\/DHD3-480x270.jpg 480w, https:\/\/dev.antudigital.cl\/sites\/vc\/wp-content\/uploads\/2024\/10\/DHD3-24x14.jpg 24w, https:\/\/dev.antudigital.cl\/sites\/vc\/wp-content\/uploads\/2024\/10\/DHD3-36x20.jpg 36w, https:\/\/dev.antudigital.cl\/sites\/vc\/wp-content\/uploads\/2024\/10\/DHD3-48x27.jpg 48w\" sizes=\"(max-width: 1024px) 100vw, 1024px\" \/><\/figure>\n","protected":false},"excerpt":{"rendered":"<p>\u201cDiario de un hombre a la deriva\u201d es un documental dirigido por Jos\u00e9 Ib\u00e1\u00f1ez y producido por el cineasta y acad\u00e9mico de la Universidad Vi\u00f1a del Mar, Michel Toledo, que se estrenar\u00e1 en INSOMNIA con cine foro este jueves 17 de octubre a las 18:30 horas. A la actividad asistir\u00e1 el director para conversar con [&hellip;]<\/p>\n","protected":false},"author":1,"featured_media":20729,"comment_status":"closed","ping_status":"closed","sticky":false,"template":"","format":"standard","meta":{"_acf_changed":false,"footnotes":""},"categories":[8],"tags":[],"class_list":["post-20727","post","type-post","status-publish","format-standard","has-post-thumbnail","hentry","category-noticia"],"acf":[],"yoast_head":"<!-- This site is optimized with the Yoast SEO plugin v27.1.1 - https:\/\/yoast.com\/product\/yoast-seo-wordpress\/ -->\n<title>Documental de Diario de un hombre a la deriva se estrena en INSOMNIA con cine foro - Valpara\u00ed\u00adso Creativo<\/title>\n<meta name=\"robots\" content=\"index, follow, max-snippet:-1, max-image-preview:large, max-video-preview:-1\" \/>\n<link rel=\"canonical\" href=\"https:\/\/dev.antudigital.cl\/sites\/vc\/documental-de-diario-de-un-hombre-a-la-deriva-se-estrena-en-insomnia-con-cine-foro\/\" \/>\n<meta property=\"og:locale\" content=\"es_ES\" \/>\n<meta property=\"og:type\" content=\"article\" \/>\n<meta property=\"og:title\" content=\"Documental de Diario de un hombre a la deriva se estrena en INSOMNIA con cine foro - Valpara\u00ed\u00adso Creativo\" \/>\n<meta property=\"og:description\" content=\"\u201cDiario de un hombre a la deriva\u201d es un documental dirigido por Jos\u00e9 Ib\u00e1\u00f1ez y producido por el cineasta y acad\u00e9mico de la Universidad Vi\u00f1a del Mar, Michel Toledo, que se estrenar\u00e1 en INSOMNIA con cine foro este jueves 17 de octubre a las 18:30 horas. A la actividad asistir\u00e1 el director para conversar con [&hellip;]\" \/>\n<meta property=\"og:url\" content=\"https:\/\/dev.antudigital.cl\/sites\/vc\/documental-de-diario-de-un-hombre-a-la-deriva-se-estrena-en-insomnia-con-cine-foro\/\" \/>\n<meta property=\"og:site_name\" content=\"Valpara\u00ed\u00adso Creativo\" \/>\n<meta property=\"article:published_time\" content=\"2024-10-14T18:05:42+00:00\" \/>\n<meta property=\"article:modified_time\" content=\"2024-10-14T18:06:00+00:00\" \/>\n<meta property=\"og:image\" content=\"https:\/\/dev.antudigital.cl\/sites\/vc\/wp-content\/uploads\/2024\/10\/DHD2.jpg\" \/>\n\t<meta property=\"og:image:width\" content=\"2362\" \/>\n\t<meta property=\"og:image:height\" content=\"1329\" \/>\n\t<meta property=\"og:image:type\" content=\"image\/jpeg\" \/>\n<meta name=\"author\" content=\"Valpara\u00edso Creativo\" \/>\n<meta name=\"twitter:card\" content=\"summary_large_image\" \/>\n<meta name=\"twitter:label1\" content=\"Escrito por\" \/>\n\t<meta name=\"twitter:data1\" content=\"Valpara\u00edso Creativo\" \/>\n\t<meta name=\"twitter:label2\" content=\"Tiempo de lectura\" \/>\n\t<meta name=\"twitter:data2\" content=\"4 minutos\" \/>\n<script type=\"application\/ld+json\" class=\"yoast-schema-graph\">{\"@context\":\"https:\/\/schema.org\",\"@graph\":[{\"@type\":\"Article\",\"@id\":\"https:\/\/dev.antudigital.cl\/sites\/vc\/documental-de-diario-de-un-hombre-a-la-deriva-se-estrena-en-insomnia-con-cine-foro\/#article\",\"isPartOf\":{\"@id\":\"https:\/\/dev.antudigital.cl\/sites\/vc\/documental-de-diario-de-un-hombre-a-la-deriva-se-estrena-en-insomnia-con-cine-foro\/\"},\"author\":{\"name\":\"Valpara\u00edso Creativo\",\"@id\":\"https:\/\/dev.antudigital.cl\/sites\/vc\/#\/schema\/person\/c2b9da8dd545e27166fc5ab232837318\"},\"headline\":\"Documental de Diario de un hombre a la deriva se estrena en INSOMNIA con cine foro\",\"datePublished\":\"2024-10-14T18:05:42+00:00\",\"dateModified\":\"2024-10-14T18:06:00+00:00\",\"mainEntityOfPage\":{\"@id\":\"https:\/\/dev.antudigital.cl\/sites\/vc\/documental-de-diario-de-un-hombre-a-la-deriva-se-estrena-en-insomnia-con-cine-foro\/\"},\"wordCount\":740,\"image\":{\"@id\":\"https:\/\/dev.antudigital.cl\/sites\/vc\/documental-de-diario-de-un-hombre-a-la-deriva-se-estrena-en-insomnia-con-cine-foro\/#primaryimage\"},\"thumbnailUrl\":\"https:\/\/dev.antudigital.cl\/sites\/vc\/wp-content\/uploads\/2024\/10\/DHD2.jpg\",\"articleSection\":[\"Noticia\"],\"inLanguage\":\"es\"},{\"@type\":\"WebPage\",\"@id\":\"https:\/\/dev.antudigital.cl\/sites\/vc\/documental-de-diario-de-un-hombre-a-la-deriva-se-estrena-en-insomnia-con-cine-foro\/\",\"url\":\"https:\/\/dev.antudigital.cl\/sites\/vc\/documental-de-diario-de-un-hombre-a-la-deriva-se-estrena-en-insomnia-con-cine-foro\/\",\"name\":\"Documental de Diario de un hombre a la deriva se estrena en INSOMNIA con cine foro - Valpara\u00ed\u00adso Creativo\",\"isPartOf\":{\"@id\":\"https:\/\/dev.antudigital.cl\/sites\/vc\/#website\"},\"primaryImageOfPage\":{\"@id\":\"https:\/\/dev.antudigital.cl\/sites\/vc\/documental-de-diario-de-un-hombre-a-la-deriva-se-estrena-en-insomnia-con-cine-foro\/#primaryimage\"},\"image\":{\"@id\":\"https:\/\/dev.antudigital.cl\/sites\/vc\/documental-de-diario-de-un-hombre-a-la-deriva-se-estrena-en-insomnia-con-cine-foro\/#primaryimage\"},\"thumbnailUrl\":\"https:\/\/dev.antudigital.cl\/sites\/vc\/wp-content\/uploads\/2024\/10\/DHD2.jpg\",\"datePublished\":\"2024-10-14T18:05:42+00:00\",\"dateModified\":\"2024-10-14T18:06:00+00:00\",\"author\":{\"@id\":\"https:\/\/dev.antudigital.cl\/sites\/vc\/#\/schema\/person\/c2b9da8dd545e27166fc5ab232837318\"},\"breadcrumb\":{\"@id\":\"https:\/\/dev.antudigital.cl\/sites\/vc\/documental-de-diario-de-un-hombre-a-la-deriva-se-estrena-en-insomnia-con-cine-foro\/#breadcrumb\"},\"inLanguage\":\"es\",\"potentialAction\":[{\"@type\":\"ReadAction\",\"target\":[\"https:\/\/dev.antudigital.cl\/sites\/vc\/documental-de-diario-de-un-hombre-a-la-deriva-se-estrena-en-insomnia-con-cine-foro\/\"]}]},{\"@type\":\"ImageObject\",\"inLanguage\":\"es\",\"@id\":\"https:\/\/dev.antudigital.cl\/sites\/vc\/documental-de-diario-de-un-hombre-a-la-deriva-se-estrena-en-insomnia-con-cine-foro\/#primaryimage\",\"url\":\"https:\/\/dev.antudigital.cl\/sites\/vc\/wp-content\/uploads\/2024\/10\/DHD2.jpg\",\"contentUrl\":\"https:\/\/dev.antudigital.cl\/sites\/vc\/wp-content\/uploads\/2024\/10\/DHD2.jpg\",\"width\":2362,\"height\":1329},{\"@type\":\"BreadcrumbList\",\"@id\":\"https:\/\/dev.antudigital.cl\/sites\/vc\/documental-de-diario-de-un-hombre-a-la-deriva-se-estrena-en-insomnia-con-cine-foro\/#breadcrumb\",\"itemListElement\":[{\"@type\":\"ListItem\",\"position\":1,\"name\":\"Home\",\"item\":\"https:\/\/dev.antudigital.cl\/sites\/vc\/\"},{\"@type\":\"ListItem\",\"position\":2,\"name\":\"Documental de Diario de un hombre a la deriva se estrena en INSOMNIA con cine foro\"}]},{\"@type\":\"WebSite\",\"@id\":\"https:\/\/dev.antudigital.cl\/sites\/vc\/#website\",\"url\":\"https:\/\/dev.antudigital.cl\/sites\/vc\/\",\"name\":\"Valpara\u00ed\u00adso Creativo\",\"description\":\"\",\"potentialAction\":[{\"@type\":\"SearchAction\",\"target\":{\"@type\":\"EntryPoint\",\"urlTemplate\":\"https:\/\/dev.antudigital.cl\/sites\/vc\/?s={search_term_string}\"},\"query-input\":{\"@type\":\"PropertyValueSpecification\",\"valueRequired\":true,\"valueName\":\"search_term_string\"}}],\"inLanguage\":\"es\"},{\"@type\":\"Person\",\"@id\":\"https:\/\/dev.antudigital.cl\/sites\/vc\/#\/schema\/person\/c2b9da8dd545e27166fc5ab232837318\",\"name\":\"Valpara\u00edso Creativo\",\"description\":\"Periodista de cultura en la Regi\u00f3n de Valpara\u00edso.\",\"url\":\"https:\/\/dev.antudigital.cl\/sites\/vc\/author\/valpoadmin\/\"}]}<\/script>\n<!-- \/ Yoast SEO plugin. -->","yoast_head_json":{"title":"Documental de Diario de un hombre a la deriva se estrena en INSOMNIA con cine foro - Valpara\u00ed\u00adso Creativo","robots":{"index":"index","follow":"follow","max-snippet":"max-snippet:-1","max-image-preview":"max-image-preview:large","max-video-preview":"max-video-preview:-1"},"canonical":"https:\/\/dev.antudigital.cl\/sites\/vc\/documental-de-diario-de-un-hombre-a-la-deriva-se-estrena-en-insomnia-con-cine-foro\/","og_locale":"es_ES","og_type":"article","og_title":"Documental de Diario de un hombre a la deriva se estrena en INSOMNIA con cine foro - Valpara\u00ed\u00adso Creativo","og_description":"\u201cDiario de un hombre a la deriva\u201d es un documental dirigido por Jos\u00e9 Ib\u00e1\u00f1ez y producido por el cineasta y acad\u00e9mico de la Universidad Vi\u00f1a del Mar, Michel Toledo, que se estrenar\u00e1 en INSOMNIA con cine foro este jueves 17 de octubre a las 18:30 horas. A la actividad asistir\u00e1 el director para conversar con [&hellip;]","og_url":"https:\/\/dev.antudigital.cl\/sites\/vc\/documental-de-diario-de-un-hombre-a-la-deriva-se-estrena-en-insomnia-con-cine-foro\/","og_site_name":"Valpara\u00ed\u00adso Creativo","article_published_time":"2024-10-14T18:05:42+00:00","article_modified_time":"2024-10-14T18:06:00+00:00","og_image":[{"width":2362,"height":1329,"url":"https:\/\/dev.antudigital.cl\/sites\/vc\/wp-content\/uploads\/2024\/10\/DHD2.jpg","type":"image\/jpeg"}],"author":"Valpara\u00edso Creativo","twitter_card":"summary_large_image","twitter_misc":{"Escrito por":"Valpara\u00edso Creativo","Tiempo de lectura":"4 minutos"},"schema":{"@context":"https:\/\/schema.org","@graph":[{"@type":"Article","@id":"https:\/\/dev.antudigital.cl\/sites\/vc\/documental-de-diario-de-un-hombre-a-la-deriva-se-estrena-en-insomnia-con-cine-foro\/#article","isPartOf":{"@id":"https:\/\/dev.antudigital.cl\/sites\/vc\/documental-de-diario-de-un-hombre-a-la-deriva-se-estrena-en-insomnia-con-cine-foro\/"},"author":{"name":"Valpara\u00edso Creativo","@id":"https:\/\/dev.antudigital.cl\/sites\/vc\/#\/schema\/person\/c2b9da8dd545e27166fc5ab232837318"},"headline":"Documental de Diario de un hombre a la deriva se estrena en INSOMNIA con cine foro","datePublished":"2024-10-14T18:05:42+00:00","dateModified":"2024-10-14T18:06:00+00:00","mainEntityOfPage":{"@id":"https:\/\/dev.antudigital.cl\/sites\/vc\/documental-de-diario-de-un-hombre-a-la-deriva-se-estrena-en-insomnia-con-cine-foro\/"},"wordCount":740,"image":{"@id":"https:\/\/dev.antudigital.cl\/sites\/vc\/documental-de-diario-de-un-hombre-a-la-deriva-se-estrena-en-insomnia-con-cine-foro\/#primaryimage"},"thumbnailUrl":"https:\/\/dev.antudigital.cl\/sites\/vc\/wp-content\/uploads\/2024\/10\/DHD2.jpg","articleSection":["Noticia"],"inLanguage":"es"},{"@type":"WebPage","@id":"https:\/\/dev.antudigital.cl\/sites\/vc\/documental-de-diario-de-un-hombre-a-la-deriva-se-estrena-en-insomnia-con-cine-foro\/","url":"https:\/\/dev.antudigital.cl\/sites\/vc\/documental-de-diario-de-un-hombre-a-la-deriva-se-estrena-en-insomnia-con-cine-foro\/","name":"Documental de Diario de un hombre a la deriva se estrena en INSOMNIA con cine foro - Valpara\u00ed\u00adso Creativo","isPartOf":{"@id":"https:\/\/dev.antudigital.cl\/sites\/vc\/#website"},"primaryImageOfPage":{"@id":"https:\/\/dev.antudigital.cl\/sites\/vc\/documental-de-diario-de-un-hombre-a-la-deriva-se-estrena-en-insomnia-con-cine-foro\/#primaryimage"},"image":{"@id":"https:\/\/dev.antudigital.cl\/sites\/vc\/documental-de-diario-de-un-hombre-a-la-deriva-se-estrena-en-insomnia-con-cine-foro\/#primaryimage"},"thumbnailUrl":"https:\/\/dev.antudigital.cl\/sites\/vc\/wp-content\/uploads\/2024\/10\/DHD2.jpg","datePublished":"2024-10-14T18:05:42+00:00","dateModified":"2024-10-14T18:06:00+00:00","author":{"@id":"https:\/\/dev.antudigital.cl\/sites\/vc\/#\/schema\/person\/c2b9da8dd545e27166fc5ab232837318"},"breadcrumb":{"@id":"https:\/\/dev.antudigital.cl\/sites\/vc\/documental-de-diario-de-un-hombre-a-la-deriva-se-estrena-en-insomnia-con-cine-foro\/#breadcrumb"},"inLanguage":"es","potentialAction":[{"@type":"ReadAction","target":["https:\/\/dev.antudigital.cl\/sites\/vc\/documental-de-diario-de-un-hombre-a-la-deriva-se-estrena-en-insomnia-con-cine-foro\/"]}]},{"@type":"ImageObject","inLanguage":"es","@id":"https:\/\/dev.antudigital.cl\/sites\/vc\/documental-de-diario-de-un-hombre-a-la-deriva-se-estrena-en-insomnia-con-cine-foro\/#primaryimage","url":"https:\/\/dev.antudigital.cl\/sites\/vc\/wp-content\/uploads\/2024\/10\/DHD2.jpg","contentUrl":"https:\/\/dev.antudigital.cl\/sites\/vc\/wp-content\/uploads\/2024\/10\/DHD2.jpg","width":2362,"height":1329},{"@type":"BreadcrumbList","@id":"https:\/\/dev.antudigital.cl\/sites\/vc\/documental-de-diario-de-un-hombre-a-la-deriva-se-estrena-en-insomnia-con-cine-foro\/#breadcrumb","itemListElement":[{"@type":"ListItem","position":1,"name":"Home","item":"https:\/\/dev.antudigital.cl\/sites\/vc\/"},{"@type":"ListItem","position":2,"name":"Documental de Diario de un hombre a la deriva se estrena en INSOMNIA con cine foro"}]},{"@type":"WebSite","@id":"https:\/\/dev.antudigital.cl\/sites\/vc\/#website","url":"https:\/\/dev.antudigital.cl\/sites\/vc\/","name":"Valpara\u00ed\u00adso Creativo","description":"","potentialAction":[{"@type":"SearchAction","target":{"@type":"EntryPoint","urlTemplate":"https:\/\/dev.antudigital.cl\/sites\/vc\/?s={search_term_string}"},"query-input":{"@type":"PropertyValueSpecification","valueRequired":true,"valueName":"search_term_string"}}],"inLanguage":"es"},{"@type":"Person","@id":"https:\/\/dev.antudigital.cl\/sites\/vc\/#\/schema\/person\/c2b9da8dd545e27166fc5ab232837318","name":"Valpara\u00edso Creativo","description":"Periodista de cultura en la Regi\u00f3n de Valpara\u00edso.","url":"https:\/\/dev.antudigital.cl\/sites\/vc\/author\/valpoadmin\/"}]}},"_links":{"self":[{"href":"https:\/\/dev.antudigital.cl\/sites\/vc\/wp-json\/wp\/v2\/posts\/20727","targetHints":{"allow":["GET"]}}],"collection":[{"href":"https:\/\/dev.antudigital.cl\/sites\/vc\/wp-json\/wp\/v2\/posts"}],"about":[{"href":"https:\/\/dev.antudigital.cl\/sites\/vc\/wp-json\/wp\/v2\/types\/post"}],"author":[{"embeddable":true,"href":"https:\/\/dev.antudigital.cl\/sites\/vc\/wp-json\/wp\/v2\/users\/1"}],"replies":[{"embeddable":true,"href":"https:\/\/dev.antudigital.cl\/sites\/vc\/wp-json\/wp\/v2\/comments?post=20727"}],"version-history":[{"count":1,"href":"https:\/\/dev.antudigital.cl\/sites\/vc\/wp-json\/wp\/v2\/posts\/20727\/revisions"}],"predecessor-version":[{"id":20732,"href":"https:\/\/dev.antudigital.cl\/sites\/vc\/wp-json\/wp\/v2\/posts\/20727\/revisions\/20732"}],"wp:featuredmedia":[{"embeddable":true,"href":"https:\/\/dev.antudigital.cl\/sites\/vc\/wp-json\/wp\/v2\/media\/20729"}],"wp:attachment":[{"href":"https:\/\/dev.antudigital.cl\/sites\/vc\/wp-json\/wp\/v2\/media?parent=20727"}],"wp:term":[{"taxonomy":"category","embeddable":true,"href":"https:\/\/dev.antudigital.cl\/sites\/vc\/wp-json\/wp\/v2\/categories?post=20727"},{"taxonomy":"post_tag","embeddable":true,"href":"https:\/\/dev.antudigital.cl\/sites\/vc\/wp-json\/wp\/v2\/tags?post=20727"}],"curies":[{"name":"wp","href":"https:\/\/api.w.org\/{rel}","templated":true}]}}