{"id":20736,"date":"2024-10-14T18:12:46","date_gmt":"2024-10-14T18:12:46","guid":{"rendered":"https:\/\/www.valparaisocreativo.cl\/?p=20736"},"modified":"2024-10-14T18:13:05","modified_gmt":"2024-10-14T18:13:05","slug":"vuela-de-teatro-la-washa-conmemora-los-96-anos-del-centro-cultural-ipa","status":"publish","type":"post","link":"https:\/\/dev.antudigital.cl\/sites\/vc\/vuela-de-teatro-la-washa-conmemora-los-96-anos-del-centro-cultural-ipa\/","title":{"rendered":"\u201cVUELA\u201d, de Teatro La Washa, conmemora los 96 a\u00f1os del Centro Cultural IPA"},"content":{"rendered":"\n<p><strong>El Centro Cultural IPA cumple 96 a\u00f1os en octubre<\/strong>&nbsp;y los conmemora el viernes 11 con una funci\u00f3n Matin\u00e9 de \u201cVuela\u201d, de Teatro La Washa, a las 11:00 horas. En el patio de una casa vive Gallina, quien se dedica a poner huevos y a desenterrar misteriosos objetos. Un d\u00eda, un Zarapito cae por accidente en su reino, revel\u00e1ndole el arte del vuelo y la migraci\u00f3n. Ambas aves, sorprendidas una de la otra, descubrir\u00e1n sus similitudes y diferencias, que las llevar\u00e1n a volar con su imaginaci\u00f3n y sus alas.&nbsp;<\/p>\n\n\n\n<p>La actividad se enmarca en el Proyecto \u201cCONTINUIDAD DE LA PROGRAMACI\u00d3N DE LA SALA DE TEATRO DEL CENTRO CULTURAL IPA: 95 a\u00f1os de arte y cultura local\u201d, que cuenta con el financiamiento del Programa de Apoyo a Organizaciones Culturales Colaboradoras del Ministerio de las Culturas, las Artes y el Patrimonio.<\/p>\n\n\n\n<p><strong>Jos\u00e9 Eduardo S\u00e1nchez Lagos, presidente del Centro Cultural IPA<\/strong>, recalca la importancia del Centro Cultural IPA. \u201cEn 2024 se cumplen cien a\u00f1os del primer programa de Previsi\u00f3n Social en Chile. En 1924 se cre\u00f3 la Caja del Seguro Obrero Obligatorio y la Caja Previsi\u00f3n de Empleados Particulares, como una forma de asociar a los trabajadores y darles la seguridad social que no ten\u00edan en ese entonces. A los cuatro a\u00f1os nace el IPA, Instituto de Previsi\u00f3n de Asistencia para empleados bancarios, compa\u00f1\u00edas de seguros y de alto comercio, con el af\u00e1n de dignificar la labor de los trabajadores. Fue as\u00ed como con el tiempo se convirti\u00f3 en un espacio de reuniones sindicales, gremiales, sociales, de entretenimiento, tomando gran realce para la ciudad\u201d.<\/p>\n\n\n\n<p>\u201cEn su momento el IPA lleg\u00f3 a tener 20 directores, todos se hac\u00edan cargo de \u00c1reas diferentes, como Cultura, Vivienda, Salud, donde el Dr. Gustavo Fricke fue uno de los directores insignes de esa \u00e9poca, por ejemplo. Muchas personas han aportado con su impronta y sus conocimientos, haciendo de este un espacio plural, democr\u00e1tico, laicista. Agradecemos a todos quienes son parte de esta historia, y en el presente a los profesores, estudiantes, p\u00fablicos y especialmente a nuestro personal y equipo, quienes han sido capaces de mantener este espacio maravilloso, acogedor, con energ\u00eda positiva, ideal para el perfeccionamiento de las personas, la recreaci\u00f3n y el encuentro en torno a las artes y las culturas\u201d.<\/p>\n\n\n\n<p><strong>Amanda Puentes, directora del montaje &#8216;Vuela&#8217;<\/strong>, considera que el proceso creativo \u201ctiene la gran fuerza y potencia de la creaci\u00f3n colectiva, que nos lleva a enriquecer constantemente nuestras ideas y a obtener resultados donde podemos lograr una profundidad en los contenidos tem\u00e1ticos y en el lenguaje esc\u00e9nico que nos proponemos. La obra destaca a nivel interpretativo, con la capacidad de las actrices de transformaci\u00f3n corporal, vocal y de juego para ejecutar sus personajes, es lo que durante toda la obra nos mantiene atentos y atentas, disfrutando del humor de Gallina (Fabiola D\u00edaz) y la ternura de Zarapito (Luc\u00eda Silva), quienes adem\u00e1s realizaron las m\u00e1scaras. Melisa Torrealba dise\u00f1\u00f3 y confeccion\u00f3 el vestuario. Bruno D\u00edaz cre\u00f3 el universo sonoro y yo hice las canciones, todo con mucho cari\u00f1o\u201d.&nbsp;&nbsp;<\/p>\n\n\n\n<p>Adem\u00e1s, Amanda comenta que el Centro Cultural IPA \u201ces un espacio al que nuestra compa\u00f1\u00eda le tiene mucho cari\u00f1o. Es un teatro que nos ha brindado la oportunidad de exhibir en varias ocasiones nuestro trabajo y lo consideramos una plataforma muy significativa, por la labor que lleva desarrollando con sus audiencias, con la visibilizaci\u00f3n del teatro familiar y para la ni\u00f1ez, por su permanente cartelera que recibe diversas compa\u00f1\u00edas de gran nivel, y por la calidad de su equipamiento, que permite darle a nuestro trabajo calidad y belleza\u201d.<\/p>\n\n\n\n<p>Para m\u00e1s informaci\u00f3n seguir a @salateatroipa en Instagram.<\/p>\n\n\n\n<p>El proyecto \u201cCONTINUIDAD DE LA PROGRAMACI\u00d3N DE LA SALA DE TEATRO DEL CENTRO CULTURAL IPA: 95 a\u00f1os de arte y cultura local\u201d forma parte del Programa de Apoyo a Organizaciones Culturales Colaboradoras del Ministerio de las Culturas, las Artes y el Patrimonio, que busca fortalecer y dar continuidad a instituciones y organizaciones culturales de derecho privado y sin fines de lucro. Este programa adem\u00e1s es parte del Sistema de Financiamiento a Organizaciones e Infraestructura Cultural del Ministerio de las Culturas, las Artes y el Patrimonio que integra, articula y coordina de forma transversal los planes, programas y fondos orientados al fomento y apoyo de las organizaciones, de la infraestructura cultural, y de la mediaci\u00f3n art\u00edstica. Todo esto con una vocaci\u00f3n descentralizada, mecanismos participativos, y la promoci\u00f3n de la creaci\u00f3n de redes y asociaciones.<\/p>\n\n\n\n<figure class=\"wp-block-image size-full\"><img fetchpriority=\"high\" decoding=\"async\" width=\"624\" height=\"621\" src=\"https:\/\/www.valparaisocreativo.cl\/wp-content\/uploads\/2024\/10\/Captura-de-Pantalla-2024-10-14-a-las-15.12.10.png\" alt=\"\" class=\"wp-image-20738\" srcset=\"https:\/\/dev.antudigital.cl\/sites\/vc\/wp-content\/uploads\/2024\/10\/Captura-de-Pantalla-2024-10-14-a-las-15.12.10.png 624w, https:\/\/dev.antudigital.cl\/sites\/vc\/wp-content\/uploads\/2024\/10\/Captura-de-Pantalla-2024-10-14-a-las-15.12.10-300x300.png 300w, https:\/\/dev.antudigital.cl\/sites\/vc\/wp-content\/uploads\/2024\/10\/Captura-de-Pantalla-2024-10-14-a-las-15.12.10-150x150.png 150w, https:\/\/dev.antudigital.cl\/sites\/vc\/wp-content\/uploads\/2024\/10\/Captura-de-Pantalla-2024-10-14-a-las-15.12.10-480x478.png 480w, https:\/\/dev.antudigital.cl\/sites\/vc\/wp-content\/uploads\/2024\/10\/Captura-de-Pantalla-2024-10-14-a-las-15.12.10-24x24.png 24w, https:\/\/dev.antudigital.cl\/sites\/vc\/wp-content\/uploads\/2024\/10\/Captura-de-Pantalla-2024-10-14-a-las-15.12.10-36x36.png 36w, https:\/\/dev.antudigital.cl\/sites\/vc\/wp-content\/uploads\/2024\/10\/Captura-de-Pantalla-2024-10-14-a-las-15.12.10-48x48.png 48w\" sizes=\"(max-width: 624px) 100vw, 624px\" \/><\/figure>\n","protected":false},"excerpt":{"rendered":"<p>El Centro Cultural IPA cumple 96 a\u00f1os en octubre&nbsp;y los conmemora el viernes 11 con una funci\u00f3n Matin\u00e9 de \u201cVuela\u201d, de Teatro La Washa, a las 11:00 horas. En el patio de una casa vive Gallina, quien se dedica a poner huevos y a desenterrar misteriosos objetos. Un d\u00eda, un Zarapito cae por accidente en [&hellip;]<\/p>\n","protected":false},"author":1,"featured_media":20737,"comment_status":"closed","ping_status":"closed","sticky":false,"template":"","format":"standard","meta":{"_acf_changed":false,"footnotes":""},"categories":[8],"tags":[],"class_list":["post-20736","post","type-post","status-publish","format-standard","has-post-thumbnail","hentry","category-noticia"],"acf":[],"yoast_head":"<!-- This site is optimized with the Yoast SEO plugin v27.1.1 - https:\/\/yoast.com\/product\/yoast-seo-wordpress\/ -->\n<title>\u201cVUELA\u201d, de Teatro La Washa, conmemora los 96 a\u00f1os del Centro Cultural IPA - Valpara\u00ed\u00adso Creativo<\/title>\n<meta name=\"robots\" content=\"index, follow, max-snippet:-1, max-image-preview:large, max-video-preview:-1\" \/>\n<link rel=\"canonical\" href=\"https:\/\/dev.antudigital.cl\/sites\/vc\/vuela-de-teatro-la-washa-conmemora-los-96-anos-del-centro-cultural-ipa\/\" \/>\n<meta property=\"og:locale\" content=\"es_ES\" \/>\n<meta property=\"og:type\" content=\"article\" \/>\n<meta property=\"og:title\" content=\"\u201cVUELA\u201d, de Teatro La Washa, conmemora los 96 a\u00f1os del Centro Cultural IPA - Valpara\u00ed\u00adso Creativo\" \/>\n<meta property=\"og:description\" content=\"El Centro Cultural IPA cumple 96 a\u00f1os en octubre&nbsp;y los conmemora el viernes 11 con una funci\u00f3n Matin\u00e9 de \u201cVuela\u201d, de Teatro La Washa, a las 11:00 horas. En el patio de una casa vive Gallina, quien se dedica a poner huevos y a desenterrar misteriosos objetos. Un d\u00eda, un Zarapito cae por accidente en [&hellip;]\" \/>\n<meta property=\"og:url\" content=\"https:\/\/dev.antudigital.cl\/sites\/vc\/vuela-de-teatro-la-washa-conmemora-los-96-anos-del-centro-cultural-ipa\/\" \/>\n<meta property=\"og:site_name\" content=\"Valpara\u00ed\u00adso Creativo\" \/>\n<meta property=\"article:published_time\" content=\"2024-10-14T18:12:46+00:00\" \/>\n<meta property=\"article:modified_time\" content=\"2024-10-14T18:13:05+00:00\" \/>\n<meta property=\"og:image\" content=\"https:\/\/dev.antudigital.cl\/sites\/vc\/wp-content\/uploads\/2024\/10\/DSC02608.jpg\" \/>\n\t<meta property=\"og:image:width\" content=\"1176\" \/>\n\t<meta property=\"og:image:height\" content=\"882\" \/>\n\t<meta property=\"og:image:type\" content=\"image\/jpeg\" \/>\n<meta name=\"author\" content=\"Valpara\u00edso Creativo\" \/>\n<meta name=\"twitter:card\" content=\"summary_large_image\" \/>\n<meta name=\"twitter:label1\" content=\"Escrito por\" \/>\n\t<meta name=\"twitter:data1\" content=\"Valpara\u00edso Creativo\" \/>\n\t<meta name=\"twitter:label2\" content=\"Tiempo de lectura\" \/>\n\t<meta name=\"twitter:data2\" content=\"4 minutos\" \/>\n<script type=\"application\/ld+json\" class=\"yoast-schema-graph\">{\"@context\":\"https:\/\/schema.org\",\"@graph\":[{\"@type\":\"Article\",\"@id\":\"https:\/\/dev.antudigital.cl\/sites\/vc\/vuela-de-teatro-la-washa-conmemora-los-96-anos-del-centro-cultural-ipa\/#article\",\"isPartOf\":{\"@id\":\"https:\/\/dev.antudigital.cl\/sites\/vc\/vuela-de-teatro-la-washa-conmemora-los-96-anos-del-centro-cultural-ipa\/\"},\"author\":{\"name\":\"Valpara\u00edso Creativo\",\"@id\":\"https:\/\/dev.antudigital.cl\/sites\/vc\/#\/schema\/person\/c2b9da8dd545e27166fc5ab232837318\"},\"headline\":\"\u201cVUELA\u201d, de Teatro La Washa, conmemora los 96 a\u00f1os del Centro Cultural IPA\",\"datePublished\":\"2024-10-14T18:12:46+00:00\",\"dateModified\":\"2024-10-14T18:13:05+00:00\",\"mainEntityOfPage\":{\"@id\":\"https:\/\/dev.antudigital.cl\/sites\/vc\/vuela-de-teatro-la-washa-conmemora-los-96-anos-del-centro-cultural-ipa\/\"},\"wordCount\":788,\"image\":{\"@id\":\"https:\/\/dev.antudigital.cl\/sites\/vc\/vuela-de-teatro-la-washa-conmemora-los-96-anos-del-centro-cultural-ipa\/#primaryimage\"},\"thumbnailUrl\":\"https:\/\/dev.antudigital.cl\/sites\/vc\/wp-content\/uploads\/2024\/10\/DSC02608.jpg\",\"articleSection\":[\"Noticia\"],\"inLanguage\":\"es\"},{\"@type\":\"WebPage\",\"@id\":\"https:\/\/dev.antudigital.cl\/sites\/vc\/vuela-de-teatro-la-washa-conmemora-los-96-anos-del-centro-cultural-ipa\/\",\"url\":\"https:\/\/dev.antudigital.cl\/sites\/vc\/vuela-de-teatro-la-washa-conmemora-los-96-anos-del-centro-cultural-ipa\/\",\"name\":\"\u201cVUELA\u201d, de Teatro La Washa, conmemora los 96 a\u00f1os del Centro Cultural IPA - Valpara\u00ed\u00adso Creativo\",\"isPartOf\":{\"@id\":\"https:\/\/dev.antudigital.cl\/sites\/vc\/#website\"},\"primaryImageOfPage\":{\"@id\":\"https:\/\/dev.antudigital.cl\/sites\/vc\/vuela-de-teatro-la-washa-conmemora-los-96-anos-del-centro-cultural-ipa\/#primaryimage\"},\"image\":{\"@id\":\"https:\/\/dev.antudigital.cl\/sites\/vc\/vuela-de-teatro-la-washa-conmemora-los-96-anos-del-centro-cultural-ipa\/#primaryimage\"},\"thumbnailUrl\":\"https:\/\/dev.antudigital.cl\/sites\/vc\/wp-content\/uploads\/2024\/10\/DSC02608.jpg\",\"datePublished\":\"2024-10-14T18:12:46+00:00\",\"dateModified\":\"2024-10-14T18:13:05+00:00\",\"author\":{\"@id\":\"https:\/\/dev.antudigital.cl\/sites\/vc\/#\/schema\/person\/c2b9da8dd545e27166fc5ab232837318\"},\"breadcrumb\":{\"@id\":\"https:\/\/dev.antudigital.cl\/sites\/vc\/vuela-de-teatro-la-washa-conmemora-los-96-anos-del-centro-cultural-ipa\/#breadcrumb\"},\"inLanguage\":\"es\",\"potentialAction\":[{\"@type\":\"ReadAction\",\"target\":[\"https:\/\/dev.antudigital.cl\/sites\/vc\/vuela-de-teatro-la-washa-conmemora-los-96-anos-del-centro-cultural-ipa\/\"]}]},{\"@type\":\"ImageObject\",\"inLanguage\":\"es\",\"@id\":\"https:\/\/dev.antudigital.cl\/sites\/vc\/vuela-de-teatro-la-washa-conmemora-los-96-anos-del-centro-cultural-ipa\/#primaryimage\",\"url\":\"https:\/\/dev.antudigital.cl\/sites\/vc\/wp-content\/uploads\/2024\/10\/DSC02608.jpg\",\"contentUrl\":\"https:\/\/dev.antudigital.cl\/sites\/vc\/wp-content\/uploads\/2024\/10\/DSC02608.jpg\",\"width\":1176,\"height\":882},{\"@type\":\"BreadcrumbList\",\"@id\":\"https:\/\/dev.antudigital.cl\/sites\/vc\/vuela-de-teatro-la-washa-conmemora-los-96-anos-del-centro-cultural-ipa\/#breadcrumb\",\"itemListElement\":[{\"@type\":\"ListItem\",\"position\":1,\"name\":\"Home\",\"item\":\"https:\/\/dev.antudigital.cl\/sites\/vc\/\"},{\"@type\":\"ListItem\",\"position\":2,\"name\":\"\u201cVUELA\u201d, de Teatro La Washa, conmemora los 96 a\u00f1os del Centro Cultural IPA\"}]},{\"@type\":\"WebSite\",\"@id\":\"https:\/\/dev.antudigital.cl\/sites\/vc\/#website\",\"url\":\"https:\/\/dev.antudigital.cl\/sites\/vc\/\",\"name\":\"Valpara\u00ed\u00adso Creativo\",\"description\":\"\",\"potentialAction\":[{\"@type\":\"SearchAction\",\"target\":{\"@type\":\"EntryPoint\",\"urlTemplate\":\"https:\/\/dev.antudigital.cl\/sites\/vc\/?s={search_term_string}\"},\"query-input\":{\"@type\":\"PropertyValueSpecification\",\"valueRequired\":true,\"valueName\":\"search_term_string\"}}],\"inLanguage\":\"es\"},{\"@type\":\"Person\",\"@id\":\"https:\/\/dev.antudigital.cl\/sites\/vc\/#\/schema\/person\/c2b9da8dd545e27166fc5ab232837318\",\"name\":\"Valpara\u00edso Creativo\",\"description\":\"Periodista de cultura en la Regi\u00f3n de Valpara\u00edso.\",\"url\":\"https:\/\/dev.antudigital.cl\/sites\/vc\/author\/valpoadmin\/\"}]}<\/script>\n<!-- \/ Yoast SEO plugin. -->","yoast_head_json":{"title":"\u201cVUELA\u201d, de Teatro La Washa, conmemora los 96 a\u00f1os del Centro Cultural IPA - Valpara\u00ed\u00adso Creativo","robots":{"index":"index","follow":"follow","max-snippet":"max-snippet:-1","max-image-preview":"max-image-preview:large","max-video-preview":"max-video-preview:-1"},"canonical":"https:\/\/dev.antudigital.cl\/sites\/vc\/vuela-de-teatro-la-washa-conmemora-los-96-anos-del-centro-cultural-ipa\/","og_locale":"es_ES","og_type":"article","og_title":"\u201cVUELA\u201d, de Teatro La Washa, conmemora los 96 a\u00f1os del Centro Cultural IPA - Valpara\u00ed\u00adso Creativo","og_description":"El Centro Cultural IPA cumple 96 a\u00f1os en octubre&nbsp;y los conmemora el viernes 11 con una funci\u00f3n Matin\u00e9 de \u201cVuela\u201d, de Teatro La Washa, a las 11:00 horas. En el patio de una casa vive Gallina, quien se dedica a poner huevos y a desenterrar misteriosos objetos. Un d\u00eda, un Zarapito cae por accidente en [&hellip;]","og_url":"https:\/\/dev.antudigital.cl\/sites\/vc\/vuela-de-teatro-la-washa-conmemora-los-96-anos-del-centro-cultural-ipa\/","og_site_name":"Valpara\u00ed\u00adso Creativo","article_published_time":"2024-10-14T18:12:46+00:00","article_modified_time":"2024-10-14T18:13:05+00:00","og_image":[{"width":1176,"height":882,"url":"https:\/\/dev.antudigital.cl\/sites\/vc\/wp-content\/uploads\/2024\/10\/DSC02608.jpg","type":"image\/jpeg"}],"author":"Valpara\u00edso Creativo","twitter_card":"summary_large_image","twitter_misc":{"Escrito por":"Valpara\u00edso Creativo","Tiempo de lectura":"4 minutos"},"schema":{"@context":"https:\/\/schema.org","@graph":[{"@type":"Article","@id":"https:\/\/dev.antudigital.cl\/sites\/vc\/vuela-de-teatro-la-washa-conmemora-los-96-anos-del-centro-cultural-ipa\/#article","isPartOf":{"@id":"https:\/\/dev.antudigital.cl\/sites\/vc\/vuela-de-teatro-la-washa-conmemora-los-96-anos-del-centro-cultural-ipa\/"},"author":{"name":"Valpara\u00edso Creativo","@id":"https:\/\/dev.antudigital.cl\/sites\/vc\/#\/schema\/person\/c2b9da8dd545e27166fc5ab232837318"},"headline":"\u201cVUELA\u201d, de Teatro La Washa, conmemora los 96 a\u00f1os del Centro Cultural IPA","datePublished":"2024-10-14T18:12:46+00:00","dateModified":"2024-10-14T18:13:05+00:00","mainEntityOfPage":{"@id":"https:\/\/dev.antudigital.cl\/sites\/vc\/vuela-de-teatro-la-washa-conmemora-los-96-anos-del-centro-cultural-ipa\/"},"wordCount":788,"image":{"@id":"https:\/\/dev.antudigital.cl\/sites\/vc\/vuela-de-teatro-la-washa-conmemora-los-96-anos-del-centro-cultural-ipa\/#primaryimage"},"thumbnailUrl":"https:\/\/dev.antudigital.cl\/sites\/vc\/wp-content\/uploads\/2024\/10\/DSC02608.jpg","articleSection":["Noticia"],"inLanguage":"es"},{"@type":"WebPage","@id":"https:\/\/dev.antudigital.cl\/sites\/vc\/vuela-de-teatro-la-washa-conmemora-los-96-anos-del-centro-cultural-ipa\/","url":"https:\/\/dev.antudigital.cl\/sites\/vc\/vuela-de-teatro-la-washa-conmemora-los-96-anos-del-centro-cultural-ipa\/","name":"\u201cVUELA\u201d, de Teatro La Washa, conmemora los 96 a\u00f1os del Centro Cultural IPA - Valpara\u00ed\u00adso Creativo","isPartOf":{"@id":"https:\/\/dev.antudigital.cl\/sites\/vc\/#website"},"primaryImageOfPage":{"@id":"https:\/\/dev.antudigital.cl\/sites\/vc\/vuela-de-teatro-la-washa-conmemora-los-96-anos-del-centro-cultural-ipa\/#primaryimage"},"image":{"@id":"https:\/\/dev.antudigital.cl\/sites\/vc\/vuela-de-teatro-la-washa-conmemora-los-96-anos-del-centro-cultural-ipa\/#primaryimage"},"thumbnailUrl":"https:\/\/dev.antudigital.cl\/sites\/vc\/wp-content\/uploads\/2024\/10\/DSC02608.jpg","datePublished":"2024-10-14T18:12:46+00:00","dateModified":"2024-10-14T18:13:05+00:00","author":{"@id":"https:\/\/dev.antudigital.cl\/sites\/vc\/#\/schema\/person\/c2b9da8dd545e27166fc5ab232837318"},"breadcrumb":{"@id":"https:\/\/dev.antudigital.cl\/sites\/vc\/vuela-de-teatro-la-washa-conmemora-los-96-anos-del-centro-cultural-ipa\/#breadcrumb"},"inLanguage":"es","potentialAction":[{"@type":"ReadAction","target":["https:\/\/dev.antudigital.cl\/sites\/vc\/vuela-de-teatro-la-washa-conmemora-los-96-anos-del-centro-cultural-ipa\/"]}]},{"@type":"ImageObject","inLanguage":"es","@id":"https:\/\/dev.antudigital.cl\/sites\/vc\/vuela-de-teatro-la-washa-conmemora-los-96-anos-del-centro-cultural-ipa\/#primaryimage","url":"https:\/\/dev.antudigital.cl\/sites\/vc\/wp-content\/uploads\/2024\/10\/DSC02608.jpg","contentUrl":"https:\/\/dev.antudigital.cl\/sites\/vc\/wp-content\/uploads\/2024\/10\/DSC02608.jpg","width":1176,"height":882},{"@type":"BreadcrumbList","@id":"https:\/\/dev.antudigital.cl\/sites\/vc\/vuela-de-teatro-la-washa-conmemora-los-96-anos-del-centro-cultural-ipa\/#breadcrumb","itemListElement":[{"@type":"ListItem","position":1,"name":"Home","item":"https:\/\/dev.antudigital.cl\/sites\/vc\/"},{"@type":"ListItem","position":2,"name":"\u201cVUELA\u201d, de Teatro La Washa, conmemora los 96 a\u00f1os del Centro Cultural IPA"}]},{"@type":"WebSite","@id":"https:\/\/dev.antudigital.cl\/sites\/vc\/#website","url":"https:\/\/dev.antudigital.cl\/sites\/vc\/","name":"Valpara\u00ed\u00adso Creativo","description":"","potentialAction":[{"@type":"SearchAction","target":{"@type":"EntryPoint","urlTemplate":"https:\/\/dev.antudigital.cl\/sites\/vc\/?s={search_term_string}"},"query-input":{"@type":"PropertyValueSpecification","valueRequired":true,"valueName":"search_term_string"}}],"inLanguage":"es"},{"@type":"Person","@id":"https:\/\/dev.antudigital.cl\/sites\/vc\/#\/schema\/person\/c2b9da8dd545e27166fc5ab232837318","name":"Valpara\u00edso Creativo","description":"Periodista de cultura en la Regi\u00f3n de Valpara\u00edso.","url":"https:\/\/dev.antudigital.cl\/sites\/vc\/author\/valpoadmin\/"}]}},"_links":{"self":[{"href":"https:\/\/dev.antudigital.cl\/sites\/vc\/wp-json\/wp\/v2\/posts\/20736","targetHints":{"allow":["GET"]}}],"collection":[{"href":"https:\/\/dev.antudigital.cl\/sites\/vc\/wp-json\/wp\/v2\/posts"}],"about":[{"href":"https:\/\/dev.antudigital.cl\/sites\/vc\/wp-json\/wp\/v2\/types\/post"}],"author":[{"embeddable":true,"href":"https:\/\/dev.antudigital.cl\/sites\/vc\/wp-json\/wp\/v2\/users\/1"}],"replies":[{"embeddable":true,"href":"https:\/\/dev.antudigital.cl\/sites\/vc\/wp-json\/wp\/v2\/comments?post=20736"}],"version-history":[{"count":1,"href":"https:\/\/dev.antudigital.cl\/sites\/vc\/wp-json\/wp\/v2\/posts\/20736\/revisions"}],"predecessor-version":[{"id":20739,"href":"https:\/\/dev.antudigital.cl\/sites\/vc\/wp-json\/wp\/v2\/posts\/20736\/revisions\/20739"}],"wp:featuredmedia":[{"embeddable":true,"href":"https:\/\/dev.antudigital.cl\/sites\/vc\/wp-json\/wp\/v2\/media\/20737"}],"wp:attachment":[{"href":"https:\/\/dev.antudigital.cl\/sites\/vc\/wp-json\/wp\/v2\/media?parent=20736"}],"wp:term":[{"taxonomy":"category","embeddable":true,"href":"https:\/\/dev.antudigital.cl\/sites\/vc\/wp-json\/wp\/v2\/categories?post=20736"},{"taxonomy":"post_tag","embeddable":true,"href":"https:\/\/dev.antudigital.cl\/sites\/vc\/wp-json\/wp\/v2\/tags?post=20736"}],"curies":[{"name":"wp","href":"https:\/\/api.w.org\/{rel}","templated":true}]}}