{"id":20744,"date":"2024-10-14T18:20:36","date_gmt":"2024-10-14T18:20:36","guid":{"rendered":"https:\/\/www.valparaisocreativo.cl\/?p=20744"},"modified":"2024-10-14T18:21:00","modified_gmt":"2024-10-14T18:21:00","slug":"javiera-mena-en-valparaiso-nueva-locacion-por-exito-de-ventas","status":"publish","type":"post","link":"https:\/\/dev.antudigital.cl\/sites\/vc\/javiera-mena-en-valparaiso-nueva-locacion-por-exito-de-ventas\/","title":{"rendered":"Javiera Mena en Valpara\u00edso: nueva locaci\u00f3n por \u00e9xito de ventas"},"content":{"rendered":"\n<p>Buscando que su p\u00fablico tenga un acercamiento distinto con su m\u00fasica, Javiera Mena llega con esta gira de teatros por Chile con un show in\u00e9dito y bajo el prop\u00f3sito de mostrarse en su nueva era, de cara a lanzar su pr\u00f3ximo disco y que la tendr\u00e1 mostrando su m\u00e1s reciente m\u00fasica, as\u00ed como sus cl\u00e1sicos m\u00e1s bailables.<\/p>\n\n\n\n<p>Domingo 20 de octubre 19:00 hrs.<\/p>\n\n\n\n<p>Teatro Municipal de Valpara\u00edso<\/p>\n\n\n\n<p>No te quedes afuera de este concierto \u00fanico en la V regi\u00f3n.<\/p>\n\n\n\n<p><a href=\"https:\/\/www.passline.com\/eventos-plano\/javiera-mena-valparaiso?utm_source=brevo&amp;utm_campaign=Javiera%20Mena%20Valpo&amp;utm_medium=email\"><strong>Adquiere aqu\u00ed tus entradas.<\/strong><\/a><\/p>\n\n\n\n<figure class=\"wp-block-image size-large\"><img fetchpriority=\"high\" decoding=\"async\" width=\"1024\" height=\"1024\" src=\"https:\/\/www.valparaisocreativo.cl\/wp-content\/uploads\/2024\/10\/unnamed-1-1024x1024.png\" alt=\"\" class=\"wp-image-20745\" srcset=\"https:\/\/dev.antudigital.cl\/sites\/vc\/wp-content\/uploads\/2024\/10\/unnamed-1-1024x1024.png 1024w, https:\/\/dev.antudigital.cl\/sites\/vc\/wp-content\/uploads\/2024\/10\/unnamed-1-300x300.png 300w, https:\/\/dev.antudigital.cl\/sites\/vc\/wp-content\/uploads\/2024\/10\/unnamed-1-150x150.png 150w, https:\/\/dev.antudigital.cl\/sites\/vc\/wp-content\/uploads\/2024\/10\/unnamed-1-768x768.png 768w, https:\/\/dev.antudigital.cl\/sites\/vc\/wp-content\/uploads\/2024\/10\/unnamed-1-980x980.png 980w, https:\/\/dev.antudigital.cl\/sites\/vc\/wp-content\/uploads\/2024\/10\/unnamed-1-480x480.png 480w, https:\/\/dev.antudigital.cl\/sites\/vc\/wp-content\/uploads\/2024\/10\/unnamed-1-24x24.png 24w, https:\/\/dev.antudigital.cl\/sites\/vc\/wp-content\/uploads\/2024\/10\/unnamed-1-36x36.png 36w, https:\/\/dev.antudigital.cl\/sites\/vc\/wp-content\/uploads\/2024\/10\/unnamed-1-48x48.png 48w, https:\/\/dev.antudigital.cl\/sites\/vc\/wp-content\/uploads\/2024\/10\/unnamed-1.png 1080w\" sizes=\"(max-width: 1024px) 100vw, 1024px\" \/><\/figure>\n","protected":false},"excerpt":{"rendered":"<p>Buscando que su p\u00fablico tenga un acercamiento distinto con su m\u00fasica, Javiera Mena llega con esta gira de teatros por Chile con un show in\u00e9dito y bajo el prop\u00f3sito de mostrarse en su nueva era, de cara a lanzar su pr\u00f3ximo disco y que la tendr\u00e1 mostrando su m\u00e1s reciente m\u00fasica, as\u00ed como sus cl\u00e1sicos [&hellip;]<\/p>\n","protected":false},"author":1,"featured_media":20746,"comment_status":"closed","ping_status":"closed","sticky":false,"template":"","format":"standard","meta":{"_acf_changed":false,"footnotes":""},"categories":[8],"tags":[],"class_list":["post-20744","post","type-post","status-publish","format-standard","has-post-thumbnail","hentry","category-noticia"],"acf":[],"yoast_head":"<!-- This site is optimized with the Yoast SEO plugin v27.1.1 - https:\/\/yoast.com\/product\/yoast-seo-wordpress\/ -->\n<title>Javiera Mena en Valpara\u00edso: nueva locaci\u00f3n por \u00e9xito de ventas - Valpara\u00ed\u00adso Creativo<\/title>\n<meta name=\"robots\" content=\"index, follow, max-snippet:-1, max-image-preview:large, max-video-preview:-1\" \/>\n<link rel=\"canonical\" href=\"https:\/\/dev.antudigital.cl\/sites\/vc\/javiera-mena-en-valparaiso-nueva-locacion-por-exito-de-ventas\/\" \/>\n<meta property=\"og:locale\" content=\"es_ES\" \/>\n<meta property=\"og:type\" content=\"article\" \/>\n<meta property=\"og:title\" content=\"Javiera Mena en Valpara\u00edso: nueva locaci\u00f3n por \u00e9xito de ventas - Valpara\u00ed\u00adso Creativo\" \/>\n<meta property=\"og:description\" content=\"Buscando que su p\u00fablico tenga un acercamiento distinto con su m\u00fasica, Javiera Mena llega con esta gira de teatros por Chile con un show in\u00e9dito y bajo el prop\u00f3sito de mostrarse en su nueva era, de cara a lanzar su pr\u00f3ximo disco y que la tendr\u00e1 mostrando su m\u00e1s reciente m\u00fasica, as\u00ed como sus cl\u00e1sicos [&hellip;]\" \/>\n<meta property=\"og:url\" content=\"https:\/\/dev.antudigital.cl\/sites\/vc\/javiera-mena-en-valparaiso-nueva-locacion-por-exito-de-ventas\/\" \/>\n<meta property=\"og:site_name\" content=\"Valpara\u00ed\u00adso Creativo\" \/>\n<meta property=\"article:published_time\" content=\"2024-10-14T18:20:36+00:00\" \/>\n<meta property=\"article:modified_time\" content=\"2024-10-14T18:21:00+00:00\" \/>\n<meta property=\"og:image\" content=\"https:\/\/dev.antudigital.cl\/sites\/vc\/wp-content\/uploads\/2024\/10\/Javiera-Mena.jpg\" \/>\n\t<meta property=\"og:image:width\" content=\"1200\" \/>\n\t<meta property=\"og:image:height\" content=\"675\" \/>\n\t<meta property=\"og:image:type\" content=\"image\/jpeg\" \/>\n<meta name=\"author\" content=\"Valpara\u00edso Creativo\" \/>\n<meta name=\"twitter:card\" content=\"summary_large_image\" \/>\n<meta name=\"twitter:label1\" content=\"Escrito por\" \/>\n\t<meta name=\"twitter:data1\" content=\"Valpara\u00edso Creativo\" \/>\n\t<meta name=\"twitter:label2\" content=\"Tiempo de lectura\" \/>\n\t<meta name=\"twitter:data2\" content=\"1 minuto\" \/>\n<script type=\"application\/ld+json\" class=\"yoast-schema-graph\">{\"@context\":\"https:\/\/schema.org\",\"@graph\":[{\"@type\":\"Article\",\"@id\":\"https:\/\/dev.antudigital.cl\/sites\/vc\/javiera-mena-en-valparaiso-nueva-locacion-por-exito-de-ventas\/#article\",\"isPartOf\":{\"@id\":\"https:\/\/dev.antudigital.cl\/sites\/vc\/javiera-mena-en-valparaiso-nueva-locacion-por-exito-de-ventas\/\"},\"author\":{\"name\":\"Valpara\u00edso Creativo\",\"@id\":\"https:\/\/dev.antudigital.cl\/sites\/vc\/#\/schema\/person\/c2b9da8dd545e27166fc5ab232837318\"},\"headline\":\"Javiera Mena en Valpara\u00edso: nueva locaci\u00f3n por \u00e9xito de ventas\",\"datePublished\":\"2024-10-14T18:20:36+00:00\",\"dateModified\":\"2024-10-14T18:21:00+00:00\",\"mainEntityOfPage\":{\"@id\":\"https:\/\/dev.antudigital.cl\/sites\/vc\/javiera-mena-en-valparaiso-nueva-locacion-por-exito-de-ventas\/\"},\"wordCount\":104,\"image\":{\"@id\":\"https:\/\/dev.antudigital.cl\/sites\/vc\/javiera-mena-en-valparaiso-nueva-locacion-por-exito-de-ventas\/#primaryimage\"},\"thumbnailUrl\":\"https:\/\/dev.antudigital.cl\/sites\/vc\/wp-content\/uploads\/2024\/10\/Javiera-Mena.jpg\",\"articleSection\":[\"Noticia\"],\"inLanguage\":\"es\"},{\"@type\":\"WebPage\",\"@id\":\"https:\/\/dev.antudigital.cl\/sites\/vc\/javiera-mena-en-valparaiso-nueva-locacion-por-exito-de-ventas\/\",\"url\":\"https:\/\/dev.antudigital.cl\/sites\/vc\/javiera-mena-en-valparaiso-nueva-locacion-por-exito-de-ventas\/\",\"name\":\"Javiera Mena en Valpara\u00edso: nueva locaci\u00f3n por \u00e9xito de ventas - Valpara\u00ed\u00adso Creativo\",\"isPartOf\":{\"@id\":\"https:\/\/dev.antudigital.cl\/sites\/vc\/#website\"},\"primaryImageOfPage\":{\"@id\":\"https:\/\/dev.antudigital.cl\/sites\/vc\/javiera-mena-en-valparaiso-nueva-locacion-por-exito-de-ventas\/#primaryimage\"},\"image\":{\"@id\":\"https:\/\/dev.antudigital.cl\/sites\/vc\/javiera-mena-en-valparaiso-nueva-locacion-por-exito-de-ventas\/#primaryimage\"},\"thumbnailUrl\":\"https:\/\/dev.antudigital.cl\/sites\/vc\/wp-content\/uploads\/2024\/10\/Javiera-Mena.jpg\",\"datePublished\":\"2024-10-14T18:20:36+00:00\",\"dateModified\":\"2024-10-14T18:21:00+00:00\",\"author\":{\"@id\":\"https:\/\/dev.antudigital.cl\/sites\/vc\/#\/schema\/person\/c2b9da8dd545e27166fc5ab232837318\"},\"breadcrumb\":{\"@id\":\"https:\/\/dev.antudigital.cl\/sites\/vc\/javiera-mena-en-valparaiso-nueva-locacion-por-exito-de-ventas\/#breadcrumb\"},\"inLanguage\":\"es\",\"potentialAction\":[{\"@type\":\"ReadAction\",\"target\":[\"https:\/\/dev.antudigital.cl\/sites\/vc\/javiera-mena-en-valparaiso-nueva-locacion-por-exito-de-ventas\/\"]}]},{\"@type\":\"ImageObject\",\"inLanguage\":\"es\",\"@id\":\"https:\/\/dev.antudigital.cl\/sites\/vc\/javiera-mena-en-valparaiso-nueva-locacion-por-exito-de-ventas\/#primaryimage\",\"url\":\"https:\/\/dev.antudigital.cl\/sites\/vc\/wp-content\/uploads\/2024\/10\/Javiera-Mena.jpg\",\"contentUrl\":\"https:\/\/dev.antudigital.cl\/sites\/vc\/wp-content\/uploads\/2024\/10\/Javiera-Mena.jpg\",\"width\":1200,\"height\":675},{\"@type\":\"BreadcrumbList\",\"@id\":\"https:\/\/dev.antudigital.cl\/sites\/vc\/javiera-mena-en-valparaiso-nueva-locacion-por-exito-de-ventas\/#breadcrumb\",\"itemListElement\":[{\"@type\":\"ListItem\",\"position\":1,\"name\":\"Home\",\"item\":\"https:\/\/dev.antudigital.cl\/sites\/vc\/\"},{\"@type\":\"ListItem\",\"position\":2,\"name\":\"Javiera Mena en Valpara\u00edso: nueva locaci\u00f3n por \u00e9xito de ventas\"}]},{\"@type\":\"WebSite\",\"@id\":\"https:\/\/dev.antudigital.cl\/sites\/vc\/#website\",\"url\":\"https:\/\/dev.antudigital.cl\/sites\/vc\/\",\"name\":\"Valpara\u00ed\u00adso Creativo\",\"description\":\"\",\"potentialAction\":[{\"@type\":\"SearchAction\",\"target\":{\"@type\":\"EntryPoint\",\"urlTemplate\":\"https:\/\/dev.antudigital.cl\/sites\/vc\/?s={search_term_string}\"},\"query-input\":{\"@type\":\"PropertyValueSpecification\",\"valueRequired\":true,\"valueName\":\"search_term_string\"}}],\"inLanguage\":\"es\"},{\"@type\":\"Person\",\"@id\":\"https:\/\/dev.antudigital.cl\/sites\/vc\/#\/schema\/person\/c2b9da8dd545e27166fc5ab232837318\",\"name\":\"Valpara\u00edso Creativo\",\"description\":\"Periodista de cultura en la Regi\u00f3n de Valpara\u00edso.\",\"url\":\"https:\/\/dev.antudigital.cl\/sites\/vc\/author\/valpoadmin\/\"}]}<\/script>\n<!-- \/ Yoast SEO plugin. -->","yoast_head_json":{"title":"Javiera Mena en Valpara\u00edso: nueva locaci\u00f3n por \u00e9xito de ventas - Valpara\u00ed\u00adso Creativo","robots":{"index":"index","follow":"follow","max-snippet":"max-snippet:-1","max-image-preview":"max-image-preview:large","max-video-preview":"max-video-preview:-1"},"canonical":"https:\/\/dev.antudigital.cl\/sites\/vc\/javiera-mena-en-valparaiso-nueva-locacion-por-exito-de-ventas\/","og_locale":"es_ES","og_type":"article","og_title":"Javiera Mena en Valpara\u00edso: nueva locaci\u00f3n por \u00e9xito de ventas - Valpara\u00ed\u00adso Creativo","og_description":"Buscando que su p\u00fablico tenga un acercamiento distinto con su m\u00fasica, Javiera Mena llega con esta gira de teatros por Chile con un show in\u00e9dito y bajo el prop\u00f3sito de mostrarse en su nueva era, de cara a lanzar su pr\u00f3ximo disco y que la tendr\u00e1 mostrando su m\u00e1s reciente m\u00fasica, as\u00ed como sus cl\u00e1sicos [&hellip;]","og_url":"https:\/\/dev.antudigital.cl\/sites\/vc\/javiera-mena-en-valparaiso-nueva-locacion-por-exito-de-ventas\/","og_site_name":"Valpara\u00ed\u00adso Creativo","article_published_time":"2024-10-14T18:20:36+00:00","article_modified_time":"2024-10-14T18:21:00+00:00","og_image":[{"width":1200,"height":675,"url":"https:\/\/dev.antudigital.cl\/sites\/vc\/wp-content\/uploads\/2024\/10\/Javiera-Mena.jpg","type":"image\/jpeg"}],"author":"Valpara\u00edso Creativo","twitter_card":"summary_large_image","twitter_misc":{"Escrito por":"Valpara\u00edso Creativo","Tiempo de lectura":"1 minuto"},"schema":{"@context":"https:\/\/schema.org","@graph":[{"@type":"Article","@id":"https:\/\/dev.antudigital.cl\/sites\/vc\/javiera-mena-en-valparaiso-nueva-locacion-por-exito-de-ventas\/#article","isPartOf":{"@id":"https:\/\/dev.antudigital.cl\/sites\/vc\/javiera-mena-en-valparaiso-nueva-locacion-por-exito-de-ventas\/"},"author":{"name":"Valpara\u00edso Creativo","@id":"https:\/\/dev.antudigital.cl\/sites\/vc\/#\/schema\/person\/c2b9da8dd545e27166fc5ab232837318"},"headline":"Javiera Mena en Valpara\u00edso: nueva locaci\u00f3n por \u00e9xito de ventas","datePublished":"2024-10-14T18:20:36+00:00","dateModified":"2024-10-14T18:21:00+00:00","mainEntityOfPage":{"@id":"https:\/\/dev.antudigital.cl\/sites\/vc\/javiera-mena-en-valparaiso-nueva-locacion-por-exito-de-ventas\/"},"wordCount":104,"image":{"@id":"https:\/\/dev.antudigital.cl\/sites\/vc\/javiera-mena-en-valparaiso-nueva-locacion-por-exito-de-ventas\/#primaryimage"},"thumbnailUrl":"https:\/\/dev.antudigital.cl\/sites\/vc\/wp-content\/uploads\/2024\/10\/Javiera-Mena.jpg","articleSection":["Noticia"],"inLanguage":"es"},{"@type":"WebPage","@id":"https:\/\/dev.antudigital.cl\/sites\/vc\/javiera-mena-en-valparaiso-nueva-locacion-por-exito-de-ventas\/","url":"https:\/\/dev.antudigital.cl\/sites\/vc\/javiera-mena-en-valparaiso-nueva-locacion-por-exito-de-ventas\/","name":"Javiera Mena en Valpara\u00edso: nueva locaci\u00f3n por \u00e9xito de ventas - Valpara\u00ed\u00adso Creativo","isPartOf":{"@id":"https:\/\/dev.antudigital.cl\/sites\/vc\/#website"},"primaryImageOfPage":{"@id":"https:\/\/dev.antudigital.cl\/sites\/vc\/javiera-mena-en-valparaiso-nueva-locacion-por-exito-de-ventas\/#primaryimage"},"image":{"@id":"https:\/\/dev.antudigital.cl\/sites\/vc\/javiera-mena-en-valparaiso-nueva-locacion-por-exito-de-ventas\/#primaryimage"},"thumbnailUrl":"https:\/\/dev.antudigital.cl\/sites\/vc\/wp-content\/uploads\/2024\/10\/Javiera-Mena.jpg","datePublished":"2024-10-14T18:20:36+00:00","dateModified":"2024-10-14T18:21:00+00:00","author":{"@id":"https:\/\/dev.antudigital.cl\/sites\/vc\/#\/schema\/person\/c2b9da8dd545e27166fc5ab232837318"},"breadcrumb":{"@id":"https:\/\/dev.antudigital.cl\/sites\/vc\/javiera-mena-en-valparaiso-nueva-locacion-por-exito-de-ventas\/#breadcrumb"},"inLanguage":"es","potentialAction":[{"@type":"ReadAction","target":["https:\/\/dev.antudigital.cl\/sites\/vc\/javiera-mena-en-valparaiso-nueva-locacion-por-exito-de-ventas\/"]}]},{"@type":"ImageObject","inLanguage":"es","@id":"https:\/\/dev.antudigital.cl\/sites\/vc\/javiera-mena-en-valparaiso-nueva-locacion-por-exito-de-ventas\/#primaryimage","url":"https:\/\/dev.antudigital.cl\/sites\/vc\/wp-content\/uploads\/2024\/10\/Javiera-Mena.jpg","contentUrl":"https:\/\/dev.antudigital.cl\/sites\/vc\/wp-content\/uploads\/2024\/10\/Javiera-Mena.jpg","width":1200,"height":675},{"@type":"BreadcrumbList","@id":"https:\/\/dev.antudigital.cl\/sites\/vc\/javiera-mena-en-valparaiso-nueva-locacion-por-exito-de-ventas\/#breadcrumb","itemListElement":[{"@type":"ListItem","position":1,"name":"Home","item":"https:\/\/dev.antudigital.cl\/sites\/vc\/"},{"@type":"ListItem","position":2,"name":"Javiera Mena en Valpara\u00edso: nueva locaci\u00f3n por \u00e9xito de ventas"}]},{"@type":"WebSite","@id":"https:\/\/dev.antudigital.cl\/sites\/vc\/#website","url":"https:\/\/dev.antudigital.cl\/sites\/vc\/","name":"Valpara\u00ed\u00adso Creativo","description":"","potentialAction":[{"@type":"SearchAction","target":{"@type":"EntryPoint","urlTemplate":"https:\/\/dev.antudigital.cl\/sites\/vc\/?s={search_term_string}"},"query-input":{"@type":"PropertyValueSpecification","valueRequired":true,"valueName":"search_term_string"}}],"inLanguage":"es"},{"@type":"Person","@id":"https:\/\/dev.antudigital.cl\/sites\/vc\/#\/schema\/person\/c2b9da8dd545e27166fc5ab232837318","name":"Valpara\u00edso Creativo","description":"Periodista de cultura en la Regi\u00f3n de Valpara\u00edso.","url":"https:\/\/dev.antudigital.cl\/sites\/vc\/author\/valpoadmin\/"}]}},"_links":{"self":[{"href":"https:\/\/dev.antudigital.cl\/sites\/vc\/wp-json\/wp\/v2\/posts\/20744","targetHints":{"allow":["GET"]}}],"collection":[{"href":"https:\/\/dev.antudigital.cl\/sites\/vc\/wp-json\/wp\/v2\/posts"}],"about":[{"href":"https:\/\/dev.antudigital.cl\/sites\/vc\/wp-json\/wp\/v2\/types\/post"}],"author":[{"embeddable":true,"href":"https:\/\/dev.antudigital.cl\/sites\/vc\/wp-json\/wp\/v2\/users\/1"}],"replies":[{"embeddable":true,"href":"https:\/\/dev.antudigital.cl\/sites\/vc\/wp-json\/wp\/v2\/comments?post=20744"}],"version-history":[{"count":1,"href":"https:\/\/dev.antudigital.cl\/sites\/vc\/wp-json\/wp\/v2\/posts\/20744\/revisions"}],"predecessor-version":[{"id":20747,"href":"https:\/\/dev.antudigital.cl\/sites\/vc\/wp-json\/wp\/v2\/posts\/20744\/revisions\/20747"}],"wp:featuredmedia":[{"embeddable":true,"href":"https:\/\/dev.antudigital.cl\/sites\/vc\/wp-json\/wp\/v2\/media\/20746"}],"wp:attachment":[{"href":"https:\/\/dev.antudigital.cl\/sites\/vc\/wp-json\/wp\/v2\/media?parent=20744"}],"wp:term":[{"taxonomy":"category","embeddable":true,"href":"https:\/\/dev.antudigital.cl\/sites\/vc\/wp-json\/wp\/v2\/categories?post=20744"},{"taxonomy":"post_tag","embeddable":true,"href":"https:\/\/dev.antudigital.cl\/sites\/vc\/wp-json\/wp\/v2\/tags?post=20744"}],"curies":[{"name":"wp","href":"https:\/\/api.w.org\/{rel}","templated":true}]}}