{"id":20748,"date":"2024-10-14T18:27:57","date_gmt":"2024-10-14T18:27:57","guid":{"rendered":"https:\/\/www.valparaisocreativo.cl\/?p=20748"},"modified":"2024-10-14T18:28:15","modified_gmt":"2024-10-14T18:28:15","slug":"en-el-klaus-nostalgia-y-desamor-se-fusionan-en-el-debut-de-seba-el-monstruo","status":"publish","type":"post","link":"https:\/\/dev.antudigital.cl\/sites\/vc\/en-el-klaus-nostalgia-y-desamor-se-fusionan-en-el-debut-de-seba-el-monstruo\/","title":{"rendered":"\u201cEn el Klaus\u201d: Nostalgia y desamor se fusionan en el debut de Seba &amp; El Monstruo"},"content":{"rendered":"\n<p>El proyecto musical&nbsp;<strong>Seba &amp; El Monstruo<\/strong>&nbsp;presenta su primer sencillo titulado&nbsp;<strong>\u201cEn el Klaus\u201d<\/strong>, un adelanto de su disco debut que explora las emociones de un desamor ambientado en la ciudad de Rancagua. Esta canci\u00f3n, que cuenta con la colaboraci\u00f3n de&nbsp;<strong>Sabales<\/strong>, se caracteriza por su producci\u00f3n sencilla pero efectiva, que acompa\u00f1a a una letra mel\u00f3dica, potente y pegajosa. El t\u00edtulo hace referencia a la helader\u00eda&nbsp;<em>Klaus<\/em>, un lugar emblem\u00e1tico para los rancag\u00fcinos y un espacio cargado de significados personales para los m\u00fasicos, quienes comparten un fuerte arraigo con la ciudad.<\/p>\n\n\n\n<p>Sebasti\u00e1n Vidal, l\u00edder de este proyecto, ha logrado a trav\u00e9s de la composici\u00f3n y producci\u00f3n musical del single resaltar los elementos sonoros que definen la identidad de la propuesta art\u00edstica. Con letras sencillas pero cargadas de significado, y una estructura musical cuidadosamente dise\u00f1ada, Vidal explora distintas texturas y din\u00e1micas que evocan la esencia de este proyecto, el cual se encuentra preparando su primer disco.<\/p>\n\n\n\n<figure class=\"wp-block-image size-large\"><img fetchpriority=\"high\" decoding=\"async\" width=\"1024\" height=\"1024\" src=\"https:\/\/www.valparaisocreativo.cl\/wp-content\/uploads\/2024\/10\/4.-FOTO-X-PABLO-ULLOA-1-1-1024x1024.jpg\" alt=\"\" class=\"wp-image-20750\" srcset=\"https:\/\/dev.antudigital.cl\/sites\/vc\/wp-content\/uploads\/2024\/10\/4.-FOTO-X-PABLO-ULLOA-1-1-1024x1024.jpg 1024w, https:\/\/dev.antudigital.cl\/sites\/vc\/wp-content\/uploads\/2024\/10\/4.-FOTO-X-PABLO-ULLOA-1-1-300x300.jpg 300w, https:\/\/dev.antudigital.cl\/sites\/vc\/wp-content\/uploads\/2024\/10\/4.-FOTO-X-PABLO-ULLOA-1-1-150x150.jpg 150w, https:\/\/dev.antudigital.cl\/sites\/vc\/wp-content\/uploads\/2024\/10\/4.-FOTO-X-PABLO-ULLOA-1-1-768x768.jpg 768w, https:\/\/dev.antudigital.cl\/sites\/vc\/wp-content\/uploads\/2024\/10\/4.-FOTO-X-PABLO-ULLOA-1-1-1536x1536.jpg 1536w, https:\/\/dev.antudigital.cl\/sites\/vc\/wp-content\/uploads\/2024\/10\/4.-FOTO-X-PABLO-ULLOA-1-1-2048x2048.jpg 2048w, https:\/\/dev.antudigital.cl\/sites\/vc\/wp-content\/uploads\/2024\/10\/4.-FOTO-X-PABLO-ULLOA-1-1-1080x1080.jpg 1080w, https:\/\/dev.antudigital.cl\/sites\/vc\/wp-content\/uploads\/2024\/10\/4.-FOTO-X-PABLO-ULLOA-1-1-1280x1280.jpg 1280w, https:\/\/dev.antudigital.cl\/sites\/vc\/wp-content\/uploads\/2024\/10\/4.-FOTO-X-PABLO-ULLOA-1-1-980x980.jpg 980w, https:\/\/dev.antudigital.cl\/sites\/vc\/wp-content\/uploads\/2024\/10\/4.-FOTO-X-PABLO-ULLOA-1-1-480x480.jpg 480w, https:\/\/dev.antudigital.cl\/sites\/vc\/wp-content\/uploads\/2024\/10\/4.-FOTO-X-PABLO-ULLOA-1-1-24x24.jpg 24w, https:\/\/dev.antudigital.cl\/sites\/vc\/wp-content\/uploads\/2024\/10\/4.-FOTO-X-PABLO-ULLOA-1-1-36x36.jpg 36w, https:\/\/dev.antudigital.cl\/sites\/vc\/wp-content\/uploads\/2024\/10\/4.-FOTO-X-PABLO-ULLOA-1-1-48x48.jpg 48w\" sizes=\"(max-width: 1024px) 100vw, 1024px\" \/><\/figure>\n\n\n\n<p>El tema fue grabado durante el segundo semestre del 2023 entre las ciudades de Valpara\u00edso y Rancagua, en los estudios&nbsp;<strong>Susurro Ensordece&nbsp;<\/strong>y&nbsp;<strong>Estudio Azalea<\/strong>, respectivamente. La producci\u00f3n estuvo a cargo de Sebasti\u00e1n Vidal y Mauricio Escobar, mientras que la edici\u00f3n, mezcla y masterizaci\u00f3n fue realizada por&nbsp;<strong>Mauricio Escobar<\/strong>&nbsp;en Estudio Azalea, consolidando un sonido que resalta la honestidad y frescura de este nuevo proyecto independiente. Este trabajo se completa en la ejecuci\u00f3n musical con&nbsp;<strong>Mar\u00eda Pizarro en bater\u00eda, Sebasti\u00e1n Vidal y Sebasti\u00e1n Cueto en guitarra, Manuel Araya en bajo.<\/strong><\/p>\n\n\n\n<p><strong>Un reencuentro musical con ra\u00edces compartidas<\/strong><\/p>\n\n\n\n<p>Este primer single no s\u00f3lo da cuenta del estreno en plataformas digitales de este proyecto musical, sino que tambi\u00e9n simboliza la uni\u00f3n art\u00edstica de estos dos m\u00fasicos, quienes se reencuentran en Valpara\u00edso para aunar fuerzas y trabajar de manera colaborativa en sus proyectos. Sobre ello, Sebasti\u00e1n cuenta de&nbsp;<em>\u201cla esencia musical de este proyecto fue s\u00faper org\u00e1nica en la colaboraci\u00f3n con Sabal. Nosotros fuimos compa\u00f1eros de colegio y, en esta canci\u00f3n, el Klaus fue un punto de referencia biogr\u00e1fica que se dio, porque este es un lugar que estaba a una cuadra del colegio al que \u00edbamos en Rancagua. Por la historia y el trabajo musical que hay detr\u00e1s y la colaboraci\u00f3n, me hac\u00eda a\u00fan m\u00e1s sentido que este fuera el primer single\u201d.<\/em><\/p>\n\n\n\n<p>Sobre ello, Sabal se\u00f1ala que&nbsp;<em>\u201c(&#8230;) si bien la canci\u00f3n no es biogr\u00e1fica, siento que igual hace referencia a nuestro lugar de origen. El Seba es un amigo muy \u00edntimo para m\u00ed, y justo ambos estamos trabajando nuestro primer disco, entonces es s\u00faper significativo habernos conocido de adolescentes y es s\u00faper lindo y emocionante reencontrarnos en este camino de la m\u00fasica, de algo que so\u00f1amos cuando chicos. Estar trabajando en nuestra m\u00fasica y encontrarnos en esta colaboraci\u00f3n, es algo muy significativo\u00bb.&nbsp;<\/em><\/p>\n\n\n\n<figure class=\"wp-block-embed is-type-rich is-provider-spotify wp-block-embed-spotify wp-embed-aspect-21-9 wp-has-aspect-ratio\"><div class=\"wp-block-embed__wrapper\">\n<iframe title=\"Spotify Embed: En El Klaus\" style=\"border-radius: 12px\" width=\"100%\" height=\"352\" frameborder=\"0\" allowfullscreen allow=\"autoplay; clipboard-write; encrypted-media; fullscreen; picture-in-picture\" loading=\"lazy\" src=\"https:\/\/open.spotify.com\/embed\/album\/1cSoaZsXRIq2yk50Ji4d1z?si=B6c_GxbgRkqX855MhpZ2dw&#038;nd=1&#038;dlsi=e591f7e25aa040ef&#038;utm_source=oembed\"><\/iframe>\n<\/div><\/figure>\n\n\n\n<p>Esta colaboraci\u00f3n, en tanto, destaca por su capacidad de transportar al oyente a un escenario \u00edntimo, donde la nostalgia y el desamor se encuentran en cada verso, construyendo un paisaje emocional tan crudo como evocador.&nbsp;<strong>Con un sonido minimalista, los artistas logran capturar la esencia de su propuesta musical, basada en experiencias personales y una conexi\u00f3n profunda con su entorno.<\/strong><\/p>\n\n\n\n<p>El lanzamiento de este sencillo marca el inicio de una nueva etapa para&nbsp;<strong>Seba &amp; El Monstruo<\/strong>, quienes buscan posicionarse en la escena de la m\u00fasica independiente con una narrativa honesta y cercana, que nace desde la vida cotidiana en ciudades como Rancagua y Valpara\u00edso. Y para retratar ello, tambi\u00e9n estrenaron el&nbsp;<a href=\"https:\/\/click.mailchimp.com\/track\/click\/30010842\/us20.mailchimp.com?p=eyJzIjoiU2pNeXFFSmQwZWxDSVNiVTFtNjBXWWhEellNIiwidiI6MSwicCI6IntcInVcIjozMDAxMDg0MixcInZcIjoxLFwidXJsXCI6XCJodHRwczpcXFwvXFxcL3VzMjAubWFpbGNoaW1wLmNvbVxcXC9tY3R4XFxcL2NsaWNrcz91cmw9aHR0cHMlM0ElMkYlMkZ3d3cueW91dHViZS5jb20lMkZ3YXRjaCUzRnYlM0RFNGVZblBlN0xjYyZ4aWQ9ODcyMDM4ZmEzMiZ1aWQ9MTY2NDA2NTEwJmlpZD0xMjE4NDc5NSZwb29sPXRlbXBsYXRlX3Rlc3Qmdj0yJmM9MTcyODkxNzQ2NiZoPTI5ZTA5Y2IzY2NhODhlNGY5MTZlYmViY2ZiYTJiMDYxZDA0YzA1YzY1ZmJiMTE4ZDM2ZjM1N2M4OTlkNmUzNjdcIixcImlkXCI6XCJkNzY3YmVlYzk2MTE0MmQyOWQ1M2M4NTM3ZjY3MmNhZlwiLFwidXJsX2lkc1wiOltcIjIyYzQzYzRlYjQzMjYxN2U0MTU1NmNkYTQzZmU1OGM1M2FmZmE0ZDVcIl19In0\" target=\"_blank\" rel=\"noreferrer noopener\"><strong>videoclip<\/strong><\/a>&nbsp;de la canci\u00f3n, dirigido por Paulo Gallardo.<\/p>\n\n\n\n<p>El sencillo ya est\u00e1 disponible en todas las plataformas digitales, invitando a descubrir una historia contada desde el coraz\u00f3n de dos ciudades, en una canci\u00f3n que promete quedarse en la memoria de sus oyentes.<\/p>\n\n\n\n<p><\/p>\n\n\n\n<p><a href=\"https:\/\/www.instagram.com\/p\/DA8ts4XuJH3\/?img_index=3\"><strong>Sigue a Seba &amp; El Monstruo en sus redes sociales.<\/strong><\/a><\/p>\n","protected":false},"excerpt":{"rendered":"<p>El proyecto musical&nbsp;Seba &amp; El Monstruo&nbsp;presenta su primer sencillo titulado&nbsp;\u201cEn el Klaus\u201d, un adelanto de su disco debut que explora las emociones de un desamor ambientado en la ciudad de Rancagua. Esta canci\u00f3n, que cuenta con la colaboraci\u00f3n de&nbsp;Sabales, se caracteriza por su producci\u00f3n sencilla pero efectiva, que acompa\u00f1a a una letra mel\u00f3dica, potente y [&hellip;]<\/p>\n","protected":false},"author":1,"featured_media":20749,"comment_status":"closed","ping_status":"closed","sticky":false,"template":"","format":"standard","meta":{"_acf_changed":false,"footnotes":""},"categories":[8],"tags":[],"class_list":["post-20748","post","type-post","status-publish","format-standard","has-post-thumbnail","hentry","category-noticia"],"acf":[],"yoast_head":"<!-- This site is optimized with the Yoast SEO plugin v27.1.1 - https:\/\/yoast.com\/product\/yoast-seo-wordpress\/ -->\n<title>\u201cEn el Klaus\u201d: Nostalgia y desamor se fusionan en el debut de Seba &amp; El Monstruo - Valpara\u00ed\u00adso Creativo<\/title>\n<meta name=\"robots\" content=\"index, follow, max-snippet:-1, max-image-preview:large, max-video-preview:-1\" \/>\n<link rel=\"canonical\" href=\"https:\/\/dev.antudigital.cl\/sites\/vc\/en-el-klaus-nostalgia-y-desamor-se-fusionan-en-el-debut-de-seba-el-monstruo\/\" \/>\n<meta property=\"og:locale\" content=\"es_ES\" \/>\n<meta property=\"og:type\" content=\"article\" \/>\n<meta property=\"og:title\" content=\"\u201cEn el Klaus\u201d: Nostalgia y desamor se fusionan en el debut de Seba &amp; El Monstruo - Valpara\u00ed\u00adso Creativo\" \/>\n<meta property=\"og:description\" content=\"El proyecto musical&nbsp;Seba &amp; El Monstruo&nbsp;presenta su primer sencillo titulado&nbsp;\u201cEn el Klaus\u201d, un adelanto de su disco debut que explora las emociones de un desamor ambientado en la ciudad de Rancagua. Esta canci\u00f3n, que cuenta con la colaboraci\u00f3n de&nbsp;Sabales, se caracteriza por su producci\u00f3n sencilla pero efectiva, que acompa\u00f1a a una letra mel\u00f3dica, potente y [&hellip;]\" \/>\n<meta property=\"og:url\" content=\"https:\/\/dev.antudigital.cl\/sites\/vc\/en-el-klaus-nostalgia-y-desamor-se-fusionan-en-el-debut-de-seba-el-monstruo\/\" \/>\n<meta property=\"og:site_name\" content=\"Valpara\u00ed\u00adso Creativo\" \/>\n<meta property=\"article:published_time\" content=\"2024-10-14T18:27:57+00:00\" \/>\n<meta property=\"article:modified_time\" content=\"2024-10-14T18:28:15+00:00\" \/>\n<meta property=\"og:image\" content=\"https:\/\/dev.antudigital.cl\/sites\/vc\/wp-content\/uploads\/2024\/10\/unnamed-2.png\" \/>\n\t<meta property=\"og:image:width\" content=\"1920\" \/>\n\t<meta property=\"og:image:height\" content=\"480\" \/>\n\t<meta property=\"og:image:type\" content=\"image\/png\" \/>\n<meta name=\"author\" content=\"Valpara\u00edso Creativo\" \/>\n<meta name=\"twitter:card\" content=\"summary_large_image\" \/>\n<meta name=\"twitter:label1\" content=\"Escrito por\" \/>\n\t<meta name=\"twitter:data1\" content=\"Valpara\u00edso Creativo\" \/>\n\t<meta name=\"twitter:label2\" content=\"Tiempo de lectura\" \/>\n\t<meta name=\"twitter:data2\" content=\"4 minutos\" \/>\n<script type=\"application\/ld+json\" class=\"yoast-schema-graph\">{\"@context\":\"https:\/\/schema.org\",\"@graph\":[{\"@type\":\"Article\",\"@id\":\"https:\/\/dev.antudigital.cl\/sites\/vc\/en-el-klaus-nostalgia-y-desamor-se-fusionan-en-el-debut-de-seba-el-monstruo\/#article\",\"isPartOf\":{\"@id\":\"https:\/\/dev.antudigital.cl\/sites\/vc\/en-el-klaus-nostalgia-y-desamor-se-fusionan-en-el-debut-de-seba-el-monstruo\/\"},\"author\":{\"name\":\"Valpara\u00edso Creativo\",\"@id\":\"https:\/\/dev.antudigital.cl\/sites\/vc\/#\/schema\/person\/c2b9da8dd545e27166fc5ab232837318\"},\"headline\":\"\u201cEn el Klaus\u201d: Nostalgia y desamor se fusionan en el debut de Seba &amp; El Monstruo\",\"datePublished\":\"2024-10-14T18:27:57+00:00\",\"dateModified\":\"2024-10-14T18:28:15+00:00\",\"mainEntityOfPage\":{\"@id\":\"https:\/\/dev.antudigital.cl\/sites\/vc\/en-el-klaus-nostalgia-y-desamor-se-fusionan-en-el-debut-de-seba-el-monstruo\/\"},\"wordCount\":742,\"image\":{\"@id\":\"https:\/\/dev.antudigital.cl\/sites\/vc\/en-el-klaus-nostalgia-y-desamor-se-fusionan-en-el-debut-de-seba-el-monstruo\/#primaryimage\"},\"thumbnailUrl\":\"https:\/\/dev.antudigital.cl\/sites\/vc\/wp-content\/uploads\/2024\/10\/unnamed-2.png\",\"articleSection\":[\"Noticia\"],\"inLanguage\":\"es\"},{\"@type\":\"WebPage\",\"@id\":\"https:\/\/dev.antudigital.cl\/sites\/vc\/en-el-klaus-nostalgia-y-desamor-se-fusionan-en-el-debut-de-seba-el-monstruo\/\",\"url\":\"https:\/\/dev.antudigital.cl\/sites\/vc\/en-el-klaus-nostalgia-y-desamor-se-fusionan-en-el-debut-de-seba-el-monstruo\/\",\"name\":\"\u201cEn el Klaus\u201d: Nostalgia y desamor se fusionan en el debut de Seba &amp; El Monstruo - Valpara\u00ed\u00adso Creativo\",\"isPartOf\":{\"@id\":\"https:\/\/dev.antudigital.cl\/sites\/vc\/#website\"},\"primaryImageOfPage\":{\"@id\":\"https:\/\/dev.antudigital.cl\/sites\/vc\/en-el-klaus-nostalgia-y-desamor-se-fusionan-en-el-debut-de-seba-el-monstruo\/#primaryimage\"},\"image\":{\"@id\":\"https:\/\/dev.antudigital.cl\/sites\/vc\/en-el-klaus-nostalgia-y-desamor-se-fusionan-en-el-debut-de-seba-el-monstruo\/#primaryimage\"},\"thumbnailUrl\":\"https:\/\/dev.antudigital.cl\/sites\/vc\/wp-content\/uploads\/2024\/10\/unnamed-2.png\",\"datePublished\":\"2024-10-14T18:27:57+00:00\",\"dateModified\":\"2024-10-14T18:28:15+00:00\",\"author\":{\"@id\":\"https:\/\/dev.antudigital.cl\/sites\/vc\/#\/schema\/person\/c2b9da8dd545e27166fc5ab232837318\"},\"breadcrumb\":{\"@id\":\"https:\/\/dev.antudigital.cl\/sites\/vc\/en-el-klaus-nostalgia-y-desamor-se-fusionan-en-el-debut-de-seba-el-monstruo\/#breadcrumb\"},\"inLanguage\":\"es\",\"potentialAction\":[{\"@type\":\"ReadAction\",\"target\":[\"https:\/\/dev.antudigital.cl\/sites\/vc\/en-el-klaus-nostalgia-y-desamor-se-fusionan-en-el-debut-de-seba-el-monstruo\/\"]}]},{\"@type\":\"ImageObject\",\"inLanguage\":\"es\",\"@id\":\"https:\/\/dev.antudigital.cl\/sites\/vc\/en-el-klaus-nostalgia-y-desamor-se-fusionan-en-el-debut-de-seba-el-monstruo\/#primaryimage\",\"url\":\"https:\/\/dev.antudigital.cl\/sites\/vc\/wp-content\/uploads\/2024\/10\/unnamed-2.png\",\"contentUrl\":\"https:\/\/dev.antudigital.cl\/sites\/vc\/wp-content\/uploads\/2024\/10\/unnamed-2.png\",\"width\":1920,\"height\":480},{\"@type\":\"BreadcrumbList\",\"@id\":\"https:\/\/dev.antudigital.cl\/sites\/vc\/en-el-klaus-nostalgia-y-desamor-se-fusionan-en-el-debut-de-seba-el-monstruo\/#breadcrumb\",\"itemListElement\":[{\"@type\":\"ListItem\",\"position\":1,\"name\":\"Home\",\"item\":\"https:\/\/dev.antudigital.cl\/sites\/vc\/\"},{\"@type\":\"ListItem\",\"position\":2,\"name\":\"\u201cEn el Klaus\u201d: Nostalgia y desamor se fusionan en el debut de Seba &amp; El Monstruo\"}]},{\"@type\":\"WebSite\",\"@id\":\"https:\/\/dev.antudigital.cl\/sites\/vc\/#website\",\"url\":\"https:\/\/dev.antudigital.cl\/sites\/vc\/\",\"name\":\"Valpara\u00ed\u00adso Creativo\",\"description\":\"\",\"potentialAction\":[{\"@type\":\"SearchAction\",\"target\":{\"@type\":\"EntryPoint\",\"urlTemplate\":\"https:\/\/dev.antudigital.cl\/sites\/vc\/?s={search_term_string}\"},\"query-input\":{\"@type\":\"PropertyValueSpecification\",\"valueRequired\":true,\"valueName\":\"search_term_string\"}}],\"inLanguage\":\"es\"},{\"@type\":\"Person\",\"@id\":\"https:\/\/dev.antudigital.cl\/sites\/vc\/#\/schema\/person\/c2b9da8dd545e27166fc5ab232837318\",\"name\":\"Valpara\u00edso Creativo\",\"description\":\"Periodista de cultura en la Regi\u00f3n de Valpara\u00edso.\",\"url\":\"https:\/\/dev.antudigital.cl\/sites\/vc\/author\/valpoadmin\/\"}]}<\/script>\n<!-- \/ Yoast SEO plugin. -->","yoast_head_json":{"title":"\u201cEn el Klaus\u201d: Nostalgia y desamor se fusionan en el debut de Seba &amp; El Monstruo - Valpara\u00ed\u00adso Creativo","robots":{"index":"index","follow":"follow","max-snippet":"max-snippet:-1","max-image-preview":"max-image-preview:large","max-video-preview":"max-video-preview:-1"},"canonical":"https:\/\/dev.antudigital.cl\/sites\/vc\/en-el-klaus-nostalgia-y-desamor-se-fusionan-en-el-debut-de-seba-el-monstruo\/","og_locale":"es_ES","og_type":"article","og_title":"\u201cEn el Klaus\u201d: Nostalgia y desamor se fusionan en el debut de Seba &amp; El Monstruo - Valpara\u00ed\u00adso Creativo","og_description":"El proyecto musical&nbsp;Seba &amp; El Monstruo&nbsp;presenta su primer sencillo titulado&nbsp;\u201cEn el Klaus\u201d, un adelanto de su disco debut que explora las emociones de un desamor ambientado en la ciudad de Rancagua. Esta canci\u00f3n, que cuenta con la colaboraci\u00f3n de&nbsp;Sabales, se caracteriza por su producci\u00f3n sencilla pero efectiva, que acompa\u00f1a a una letra mel\u00f3dica, potente y [&hellip;]","og_url":"https:\/\/dev.antudigital.cl\/sites\/vc\/en-el-klaus-nostalgia-y-desamor-se-fusionan-en-el-debut-de-seba-el-monstruo\/","og_site_name":"Valpara\u00ed\u00adso Creativo","article_published_time":"2024-10-14T18:27:57+00:00","article_modified_time":"2024-10-14T18:28:15+00:00","og_image":[{"width":1920,"height":480,"url":"https:\/\/dev.antudigital.cl\/sites\/vc\/wp-content\/uploads\/2024\/10\/unnamed-2.png","type":"image\/png"}],"author":"Valpara\u00edso Creativo","twitter_card":"summary_large_image","twitter_misc":{"Escrito por":"Valpara\u00edso Creativo","Tiempo de lectura":"4 minutos"},"schema":{"@context":"https:\/\/schema.org","@graph":[{"@type":"Article","@id":"https:\/\/dev.antudigital.cl\/sites\/vc\/en-el-klaus-nostalgia-y-desamor-se-fusionan-en-el-debut-de-seba-el-monstruo\/#article","isPartOf":{"@id":"https:\/\/dev.antudigital.cl\/sites\/vc\/en-el-klaus-nostalgia-y-desamor-se-fusionan-en-el-debut-de-seba-el-monstruo\/"},"author":{"name":"Valpara\u00edso Creativo","@id":"https:\/\/dev.antudigital.cl\/sites\/vc\/#\/schema\/person\/c2b9da8dd545e27166fc5ab232837318"},"headline":"\u201cEn el Klaus\u201d: Nostalgia y desamor se fusionan en el debut de Seba &amp; El Monstruo","datePublished":"2024-10-14T18:27:57+00:00","dateModified":"2024-10-14T18:28:15+00:00","mainEntityOfPage":{"@id":"https:\/\/dev.antudigital.cl\/sites\/vc\/en-el-klaus-nostalgia-y-desamor-se-fusionan-en-el-debut-de-seba-el-monstruo\/"},"wordCount":742,"image":{"@id":"https:\/\/dev.antudigital.cl\/sites\/vc\/en-el-klaus-nostalgia-y-desamor-se-fusionan-en-el-debut-de-seba-el-monstruo\/#primaryimage"},"thumbnailUrl":"https:\/\/dev.antudigital.cl\/sites\/vc\/wp-content\/uploads\/2024\/10\/unnamed-2.png","articleSection":["Noticia"],"inLanguage":"es"},{"@type":"WebPage","@id":"https:\/\/dev.antudigital.cl\/sites\/vc\/en-el-klaus-nostalgia-y-desamor-se-fusionan-en-el-debut-de-seba-el-monstruo\/","url":"https:\/\/dev.antudigital.cl\/sites\/vc\/en-el-klaus-nostalgia-y-desamor-se-fusionan-en-el-debut-de-seba-el-monstruo\/","name":"\u201cEn el Klaus\u201d: Nostalgia y desamor se fusionan en el debut de Seba &amp; El Monstruo - Valpara\u00ed\u00adso Creativo","isPartOf":{"@id":"https:\/\/dev.antudigital.cl\/sites\/vc\/#website"},"primaryImageOfPage":{"@id":"https:\/\/dev.antudigital.cl\/sites\/vc\/en-el-klaus-nostalgia-y-desamor-se-fusionan-en-el-debut-de-seba-el-monstruo\/#primaryimage"},"image":{"@id":"https:\/\/dev.antudigital.cl\/sites\/vc\/en-el-klaus-nostalgia-y-desamor-se-fusionan-en-el-debut-de-seba-el-monstruo\/#primaryimage"},"thumbnailUrl":"https:\/\/dev.antudigital.cl\/sites\/vc\/wp-content\/uploads\/2024\/10\/unnamed-2.png","datePublished":"2024-10-14T18:27:57+00:00","dateModified":"2024-10-14T18:28:15+00:00","author":{"@id":"https:\/\/dev.antudigital.cl\/sites\/vc\/#\/schema\/person\/c2b9da8dd545e27166fc5ab232837318"},"breadcrumb":{"@id":"https:\/\/dev.antudigital.cl\/sites\/vc\/en-el-klaus-nostalgia-y-desamor-se-fusionan-en-el-debut-de-seba-el-monstruo\/#breadcrumb"},"inLanguage":"es","potentialAction":[{"@type":"ReadAction","target":["https:\/\/dev.antudigital.cl\/sites\/vc\/en-el-klaus-nostalgia-y-desamor-se-fusionan-en-el-debut-de-seba-el-monstruo\/"]}]},{"@type":"ImageObject","inLanguage":"es","@id":"https:\/\/dev.antudigital.cl\/sites\/vc\/en-el-klaus-nostalgia-y-desamor-se-fusionan-en-el-debut-de-seba-el-monstruo\/#primaryimage","url":"https:\/\/dev.antudigital.cl\/sites\/vc\/wp-content\/uploads\/2024\/10\/unnamed-2.png","contentUrl":"https:\/\/dev.antudigital.cl\/sites\/vc\/wp-content\/uploads\/2024\/10\/unnamed-2.png","width":1920,"height":480},{"@type":"BreadcrumbList","@id":"https:\/\/dev.antudigital.cl\/sites\/vc\/en-el-klaus-nostalgia-y-desamor-se-fusionan-en-el-debut-de-seba-el-monstruo\/#breadcrumb","itemListElement":[{"@type":"ListItem","position":1,"name":"Home","item":"https:\/\/dev.antudigital.cl\/sites\/vc\/"},{"@type":"ListItem","position":2,"name":"\u201cEn el Klaus\u201d: Nostalgia y desamor se fusionan en el debut de Seba &amp; El Monstruo"}]},{"@type":"WebSite","@id":"https:\/\/dev.antudigital.cl\/sites\/vc\/#website","url":"https:\/\/dev.antudigital.cl\/sites\/vc\/","name":"Valpara\u00ed\u00adso Creativo","description":"","potentialAction":[{"@type":"SearchAction","target":{"@type":"EntryPoint","urlTemplate":"https:\/\/dev.antudigital.cl\/sites\/vc\/?s={search_term_string}"},"query-input":{"@type":"PropertyValueSpecification","valueRequired":true,"valueName":"search_term_string"}}],"inLanguage":"es"},{"@type":"Person","@id":"https:\/\/dev.antudigital.cl\/sites\/vc\/#\/schema\/person\/c2b9da8dd545e27166fc5ab232837318","name":"Valpara\u00edso Creativo","description":"Periodista de cultura en la Regi\u00f3n de Valpara\u00edso.","url":"https:\/\/dev.antudigital.cl\/sites\/vc\/author\/valpoadmin\/"}]}},"_links":{"self":[{"href":"https:\/\/dev.antudigital.cl\/sites\/vc\/wp-json\/wp\/v2\/posts\/20748","targetHints":{"allow":["GET"]}}],"collection":[{"href":"https:\/\/dev.antudigital.cl\/sites\/vc\/wp-json\/wp\/v2\/posts"}],"about":[{"href":"https:\/\/dev.antudigital.cl\/sites\/vc\/wp-json\/wp\/v2\/types\/post"}],"author":[{"embeddable":true,"href":"https:\/\/dev.antudigital.cl\/sites\/vc\/wp-json\/wp\/v2\/users\/1"}],"replies":[{"embeddable":true,"href":"https:\/\/dev.antudigital.cl\/sites\/vc\/wp-json\/wp\/v2\/comments?post=20748"}],"version-history":[{"count":1,"href":"https:\/\/dev.antudigital.cl\/sites\/vc\/wp-json\/wp\/v2\/posts\/20748\/revisions"}],"predecessor-version":[{"id":20751,"href":"https:\/\/dev.antudigital.cl\/sites\/vc\/wp-json\/wp\/v2\/posts\/20748\/revisions\/20751"}],"wp:featuredmedia":[{"embeddable":true,"href":"https:\/\/dev.antudigital.cl\/sites\/vc\/wp-json\/wp\/v2\/media\/20749"}],"wp:attachment":[{"href":"https:\/\/dev.antudigital.cl\/sites\/vc\/wp-json\/wp\/v2\/media?parent=20748"}],"wp:term":[{"taxonomy":"category","embeddable":true,"href":"https:\/\/dev.antudigital.cl\/sites\/vc\/wp-json\/wp\/v2\/categories?post=20748"},{"taxonomy":"post_tag","embeddable":true,"href":"https:\/\/dev.antudigital.cl\/sites\/vc\/wp-json\/wp\/v2\/tags?post=20748"}],"curies":[{"name":"wp","href":"https:\/\/api.w.org\/{rel}","templated":true}]}}