{"id":20752,"date":"2024-10-14T18:32:31","date_gmt":"2024-10-14T18:32:31","guid":{"rendered":"https:\/\/www.valparaisocreativo.cl\/?p=20752"},"modified":"2024-10-14T18:32:48","modified_gmt":"2024-10-14T18:32:48","slug":"proyecto-tejido-sonoro-valparaiso-ciudad-musical-celebra-cinco-anos-como-ciudad-creativa-a-traves-de-un-amplio-programa-de-intervenciones-educativas","status":"publish","type":"post","link":"https:\/\/dev.antudigital.cl\/sites\/vc\/proyecto-tejido-sonoro-valparaiso-ciudad-musical-celebra-cinco-anos-como-ciudad-creativa-a-traves-de-un-amplio-programa-de-intervenciones-educativas\/","title":{"rendered":"Proyecto \u2018Tejido Sonoro: Valpara\u00edso Ciudad Musical\u2019 celebra cinco a\u00f1os como ciudad creativa a trav\u00e9s de un amplio programa de intervenciones educativas"},"content":{"rendered":"\n<p>La Mesa de la M\u00fasica conmemora el quinto aniversario del t\u00edtulo de Ciudad Creativa de la M\u00fasica, otorgado por la UNESCO el a\u00f1o 2019, y lo hace avanzando con la tercera edici\u00f3n del proyecto &#8216;Tejido Sonoro&#8217;. Este a\u00f1o, el enfoque principal del proyecto es fortalecer el reconocimiento de la ciudad puerto como un epicentro musical, con especial atenci\u00f3n en la educaci\u00f3n, integrando tanto a personas mayores como a estudiantes de diversos establecimientos educacionales.&nbsp;<\/p>\n\n\n\n<p>Como parte del programa, los propios miembros de la Mesa, todos trabajadores de la m\u00fasica ser\u00e1n quienes lideren las mediaciones. Estas se llevar\u00e1n a cabo en cuatro establecimientos educativos de Valpara\u00edso, que participar\u00e1n en este proceso de aprendizaje musical: la <strong>Escuela San Judas Tadeo<\/strong>, el <strong>Liceo Bicentenario Instituto T\u00e9cnico Profesional Mar\u00edtimo de Valpara\u00edso<\/strong> y el <strong>Liceo T\u00e9cnico Profesional Mar\u00eda Luisa Bombal de Valpara\u00edso y Liceo Alfredo Nazar Feres<\/strong>. Asimismo, los adultos mayores ser\u00e1n parte fundamental de esta iniciativa a trav\u00e9s de la colaboraci\u00f3n con la <strong>Junta de Vecinos N\u00ba 53 del Cerro Lecheros<\/strong>, el <strong>Club del Adulto Mayor D\u00eda Feliz<\/strong>, y el <strong>Centro de Madres de Porvenir Alto<\/strong>.<\/p>\n\n\n\n<figure class=\"wp-block-image size-large\"><img fetchpriority=\"high\" decoding=\"async\" width=\"1024\" height=\"683\" src=\"https:\/\/www.valparaisocreativo.cl\/wp-content\/uploads\/2024\/10\/Instituto-Maritimo-FOTO-JORGE-SEVERINO-1024x683.jpg\" alt=\"\" class=\"wp-image-20753\" srcset=\"https:\/\/dev.antudigital.cl\/sites\/vc\/wp-content\/uploads\/2024\/10\/Instituto-Maritimo-FOTO-JORGE-SEVERINO-1024x683.jpg 1024w, https:\/\/dev.antudigital.cl\/sites\/vc\/wp-content\/uploads\/2024\/10\/Instituto-Maritimo-FOTO-JORGE-SEVERINO-300x200.jpg 300w, https:\/\/dev.antudigital.cl\/sites\/vc\/wp-content\/uploads\/2024\/10\/Instituto-Maritimo-FOTO-JORGE-SEVERINO-768x512.jpg 768w, https:\/\/dev.antudigital.cl\/sites\/vc\/wp-content\/uploads\/2024\/10\/Instituto-Maritimo-FOTO-JORGE-SEVERINO-1536x1024.jpg 1536w, https:\/\/dev.antudigital.cl\/sites\/vc\/wp-content\/uploads\/2024\/10\/Instituto-Maritimo-FOTO-JORGE-SEVERINO-2048x1365.jpg 2048w, https:\/\/dev.antudigital.cl\/sites\/vc\/wp-content\/uploads\/2024\/10\/Instituto-Maritimo-FOTO-JORGE-SEVERINO-1080x720.jpg 1080w, https:\/\/dev.antudigital.cl\/sites\/vc\/wp-content\/uploads\/2024\/10\/Instituto-Maritimo-FOTO-JORGE-SEVERINO-1280x854.jpg 1280w, https:\/\/dev.antudigital.cl\/sites\/vc\/wp-content\/uploads\/2024\/10\/Instituto-Maritimo-FOTO-JORGE-SEVERINO-980x653.jpg 980w, https:\/\/dev.antudigital.cl\/sites\/vc\/wp-content\/uploads\/2024\/10\/Instituto-Maritimo-FOTO-JORGE-SEVERINO-480x320.jpg 480w, https:\/\/dev.antudigital.cl\/sites\/vc\/wp-content\/uploads\/2024\/10\/Instituto-Maritimo-FOTO-JORGE-SEVERINO-24x16.jpg 24w, https:\/\/dev.antudigital.cl\/sites\/vc\/wp-content\/uploads\/2024\/10\/Instituto-Maritimo-FOTO-JORGE-SEVERINO-36x24.jpg 36w, https:\/\/dev.antudigital.cl\/sites\/vc\/wp-content\/uploads\/2024\/10\/Instituto-Maritimo-FOTO-JORGE-SEVERINO-48x32.jpg 48w\" sizes=\"(max-width: 1024px) 100vw, 1024px\" \/><\/figure>\n\n\n\n<p>Adem\u00e1s, hay dos hitos con m\u00fasica en vivo: el primero fue el pasado 5 de octubre en la Cooperativa Art\u00edstica 777, en Laguna Verde. El segundo hito ser\u00e1 el 15 de octubre en el Teatro Municipal de Valpara\u00edso, con dos bloques de programaci\u00f3n. El primero, de 10:00 a 12:30 hrs., estar\u00e1 dirigido exclusivamente a establecimientos educativos, y el segundo, de 15:30 a 18:00 hrs., estar\u00e1 enfocado en personas mayores. Este proyecto pone la m\u00fasica en el centro de la vida cotidiana de la ciudad, enriqueciendo tanto a vecinos como a comunidades enteras. Busca integrar el sector musical en la ciudadan\u00eda como un factor crucial en la educaci\u00f3n y el bienestar, reconociendo que sin la comunidad no hay patrimonio inmaterial ni memoria musical, demostrando as\u00ed la relaci\u00f3n inexorable de Valpara\u00edso con la m\u00fasica.<\/p>\n\n\n\n<p>Al identificar la creatividad como un factor estrat\u00e9gico para el desarrollo urbano sostenible, este esfuerzo destaca el poder transformador de la m\u00fasica y su capacidad de fortalecer el sentido de identidad y pertenencia en los territorios. Cualquier gesto que nace desde la conexi\u00f3n profunda con un lugar y el orgullo por su identidad contribuye a promover y revitalizar la cultura dentro de la misma ciudad.<\/p>\n\n\n\n<p><strong><a href=\"https:\/\/www.instagram.com\/mesadelamusica_valpo\/\">Conoce m\u00e1s en su cuenta de Instagram.<\/a><\/strong><\/p>\n\n\n\n<figure class=\"wp-block-image size-large\"><img decoding=\"async\" width=\"1024\" height=\"678\" src=\"https:\/\/www.valparaisocreativo.cl\/wp-content\/uploads\/2024\/10\/Club-dia-feliz_-FOTO-JORFE-SEVERINO-1024x678.jpg\" alt=\"\" class=\"wp-image-20754\" srcset=\"https:\/\/dev.antudigital.cl\/sites\/vc\/wp-content\/uploads\/2024\/10\/Club-dia-feliz_-FOTO-JORFE-SEVERINO-1024x678.jpg 1024w, https:\/\/dev.antudigital.cl\/sites\/vc\/wp-content\/uploads\/2024\/10\/Club-dia-feliz_-FOTO-JORFE-SEVERINO-300x199.jpg 300w, https:\/\/dev.antudigital.cl\/sites\/vc\/wp-content\/uploads\/2024\/10\/Club-dia-feliz_-FOTO-JORFE-SEVERINO-768x508.jpg 768w, https:\/\/dev.antudigital.cl\/sites\/vc\/wp-content\/uploads\/2024\/10\/Club-dia-feliz_-FOTO-JORFE-SEVERINO-1536x1017.jpg 1536w, https:\/\/dev.antudigital.cl\/sites\/vc\/wp-content\/uploads\/2024\/10\/Club-dia-feliz_-FOTO-JORFE-SEVERINO-2048x1356.jpg 2048w, https:\/\/dev.antudigital.cl\/sites\/vc\/wp-content\/uploads\/2024\/10\/Club-dia-feliz_-FOTO-JORFE-SEVERINO-1080x715.jpg 1080w, https:\/\/dev.antudigital.cl\/sites\/vc\/wp-content\/uploads\/2024\/10\/Club-dia-feliz_-FOTO-JORFE-SEVERINO-1280x848.jpg 1280w, https:\/\/dev.antudigital.cl\/sites\/vc\/wp-content\/uploads\/2024\/10\/Club-dia-feliz_-FOTO-JORFE-SEVERINO-980x649.jpg 980w, https:\/\/dev.antudigital.cl\/sites\/vc\/wp-content\/uploads\/2024\/10\/Club-dia-feliz_-FOTO-JORFE-SEVERINO-480x318.jpg 480w, https:\/\/dev.antudigital.cl\/sites\/vc\/wp-content\/uploads\/2024\/10\/Club-dia-feliz_-FOTO-JORFE-SEVERINO-24x16.jpg 24w, https:\/\/dev.antudigital.cl\/sites\/vc\/wp-content\/uploads\/2024\/10\/Club-dia-feliz_-FOTO-JORFE-SEVERINO-36x24.jpg 36w, https:\/\/dev.antudigital.cl\/sites\/vc\/wp-content\/uploads\/2024\/10\/Club-dia-feliz_-FOTO-JORFE-SEVERINO-48x32.jpg 48w\" sizes=\"(max-width: 1024px) 100vw, 1024px\" \/><\/figure>\n\n\n\n<p>Fotograf\u00edas Jorge Severino*<\/p>\n","protected":false},"excerpt":{"rendered":"<p>La Mesa de la M\u00fasica conmemora el quinto aniversario del t\u00edtulo de Ciudad Creativa de la M\u00fasica, otorgado por la UNESCO el a\u00f1o 2019, y lo hace avanzando con la tercera edici\u00f3n del proyecto &#8216;Tejido Sonoro&#8217;. Este a\u00f1o, el enfoque principal del proyecto es fortalecer el reconocimiento de la ciudad puerto como un epicentro musical, [&hellip;]<\/p>\n","protected":false},"author":1,"featured_media":20755,"comment_status":"closed","ping_status":"closed","sticky":false,"template":"","format":"standard","meta":{"_acf_changed":false,"footnotes":""},"categories":[8],"tags":[],"class_list":["post-20752","post","type-post","status-publish","format-standard","has-post-thumbnail","hentry","category-noticia"],"acf":[],"yoast_head":"<!-- This site is optimized with the Yoast SEO plugin v27.1.1 - https:\/\/yoast.com\/product\/yoast-seo-wordpress\/ -->\n<title>Proyecto \u2018Tejido Sonoro: Valpara\u00edso Ciudad Musical\u2019 celebra cinco a\u00f1os como ciudad creativa a trav\u00e9s de un amplio programa de intervenciones educativas - Valpara\u00ed\u00adso Creativo<\/title>\n<meta name=\"robots\" content=\"index, follow, max-snippet:-1, max-image-preview:large, max-video-preview:-1\" \/>\n<link rel=\"canonical\" href=\"https:\/\/dev.antudigital.cl\/sites\/vc\/proyecto-tejido-sonoro-valparaiso-ciudad-musical-celebra-cinco-anos-como-ciudad-creativa-a-traves-de-un-amplio-programa-de-intervenciones-educativas\/\" \/>\n<meta property=\"og:locale\" content=\"es_ES\" \/>\n<meta property=\"og:type\" content=\"article\" \/>\n<meta property=\"og:title\" content=\"Proyecto \u2018Tejido Sonoro: Valpara\u00edso Ciudad Musical\u2019 celebra cinco a\u00f1os como ciudad creativa a trav\u00e9s de un amplio programa de intervenciones educativas - Valpara\u00ed\u00adso Creativo\" \/>\n<meta property=\"og:description\" content=\"La Mesa de la M\u00fasica conmemora el quinto aniversario del t\u00edtulo de Ciudad Creativa de la M\u00fasica, otorgado por la UNESCO el a\u00f1o 2019, y lo hace avanzando con la tercera edici\u00f3n del proyecto &#8216;Tejido Sonoro&#8217;. Este a\u00f1o, el enfoque principal del proyecto es fortalecer el reconocimiento de la ciudad puerto como un epicentro musical, [&hellip;]\" \/>\n<meta property=\"og:url\" content=\"https:\/\/dev.antudigital.cl\/sites\/vc\/proyecto-tejido-sonoro-valparaiso-ciudad-musical-celebra-cinco-anos-como-ciudad-creativa-a-traves-de-un-amplio-programa-de-intervenciones-educativas\/\" \/>\n<meta property=\"og:site_name\" content=\"Valpara\u00ed\u00adso Creativo\" \/>\n<meta property=\"article:published_time\" content=\"2024-10-14T18:32:31+00:00\" \/>\n<meta property=\"article:modified_time\" content=\"2024-10-14T18:32:48+00:00\" \/>\n<meta property=\"og:image\" content=\"https:\/\/dev.antudigital.cl\/sites\/vc\/wp-content\/uploads\/2024\/10\/Club-del-Adulto-Mayor-Dia-Feliz_Fotos-Jorge-Severino-scaled.jpg\" \/>\n\t<meta property=\"og:image:width\" content=\"2560\" \/>\n\t<meta property=\"og:image:height\" content=\"1707\" \/>\n\t<meta property=\"og:image:type\" content=\"image\/jpeg\" \/>\n<meta name=\"author\" content=\"Valpara\u00edso Creativo\" \/>\n<meta name=\"twitter:card\" content=\"summary_large_image\" \/>\n<meta name=\"twitter:label1\" content=\"Escrito por\" \/>\n\t<meta name=\"twitter:data1\" content=\"Valpara\u00edso Creativo\" \/>\n\t<meta name=\"twitter:label2\" content=\"Tiempo de lectura\" \/>\n\t<meta name=\"twitter:data2\" content=\"3 minutos\" \/>\n<script type=\"application\/ld+json\" class=\"yoast-schema-graph\">{\"@context\":\"https:\/\/schema.org\",\"@graph\":[{\"@type\":\"Article\",\"@id\":\"https:\/\/dev.antudigital.cl\/sites\/vc\/proyecto-tejido-sonoro-valparaiso-ciudad-musical-celebra-cinco-anos-como-ciudad-creativa-a-traves-de-un-amplio-programa-de-intervenciones-educativas\/#article\",\"isPartOf\":{\"@id\":\"https:\/\/dev.antudigital.cl\/sites\/vc\/proyecto-tejido-sonoro-valparaiso-ciudad-musical-celebra-cinco-anos-como-ciudad-creativa-a-traves-de-un-amplio-programa-de-intervenciones-educativas\/\"},\"author\":{\"name\":\"Valpara\u00edso Creativo\",\"@id\":\"https:\/\/dev.antudigital.cl\/sites\/vc\/#\/schema\/person\/c2b9da8dd545e27166fc5ab232837318\"},\"headline\":\"Proyecto \u2018Tejido Sonoro: Valpara\u00edso Ciudad Musical\u2019 celebra cinco a\u00f1os como ciudad creativa a trav\u00e9s de un amplio programa de intervenciones educativas\",\"datePublished\":\"2024-10-14T18:32:31+00:00\",\"dateModified\":\"2024-10-14T18:32:48+00:00\",\"mainEntityOfPage\":{\"@id\":\"https:\/\/dev.antudigital.cl\/sites\/vc\/proyecto-tejido-sonoro-valparaiso-ciudad-musical-celebra-cinco-anos-como-ciudad-creativa-a-traves-de-un-amplio-programa-de-intervenciones-educativas\/\"},\"wordCount\":443,\"image\":{\"@id\":\"https:\/\/dev.antudigital.cl\/sites\/vc\/proyecto-tejido-sonoro-valparaiso-ciudad-musical-celebra-cinco-anos-como-ciudad-creativa-a-traves-de-un-amplio-programa-de-intervenciones-educativas\/#primaryimage\"},\"thumbnailUrl\":\"https:\/\/dev.antudigital.cl\/sites\/vc\/wp-content\/uploads\/2024\/10\/Club-del-Adulto-Mayor-Dia-Feliz_Fotos-Jorge-Severino-scaled.jpg\",\"articleSection\":[\"Noticia\"],\"inLanguage\":\"es\"},{\"@type\":\"WebPage\",\"@id\":\"https:\/\/dev.antudigital.cl\/sites\/vc\/proyecto-tejido-sonoro-valparaiso-ciudad-musical-celebra-cinco-anos-como-ciudad-creativa-a-traves-de-un-amplio-programa-de-intervenciones-educativas\/\",\"url\":\"https:\/\/dev.antudigital.cl\/sites\/vc\/proyecto-tejido-sonoro-valparaiso-ciudad-musical-celebra-cinco-anos-como-ciudad-creativa-a-traves-de-un-amplio-programa-de-intervenciones-educativas\/\",\"name\":\"Proyecto \u2018Tejido Sonoro: Valpara\u00edso Ciudad Musical\u2019 celebra cinco a\u00f1os como ciudad creativa a trav\u00e9s de un amplio programa de intervenciones educativas - Valpara\u00ed\u00adso Creativo\",\"isPartOf\":{\"@id\":\"https:\/\/dev.antudigital.cl\/sites\/vc\/#website\"},\"primaryImageOfPage\":{\"@id\":\"https:\/\/dev.antudigital.cl\/sites\/vc\/proyecto-tejido-sonoro-valparaiso-ciudad-musical-celebra-cinco-anos-como-ciudad-creativa-a-traves-de-un-amplio-programa-de-intervenciones-educativas\/#primaryimage\"},\"image\":{\"@id\":\"https:\/\/dev.antudigital.cl\/sites\/vc\/proyecto-tejido-sonoro-valparaiso-ciudad-musical-celebra-cinco-anos-como-ciudad-creativa-a-traves-de-un-amplio-programa-de-intervenciones-educativas\/#primaryimage\"},\"thumbnailUrl\":\"https:\/\/dev.antudigital.cl\/sites\/vc\/wp-content\/uploads\/2024\/10\/Club-del-Adulto-Mayor-Dia-Feliz_Fotos-Jorge-Severino-scaled.jpg\",\"datePublished\":\"2024-10-14T18:32:31+00:00\",\"dateModified\":\"2024-10-14T18:32:48+00:00\",\"author\":{\"@id\":\"https:\/\/dev.antudigital.cl\/sites\/vc\/#\/schema\/person\/c2b9da8dd545e27166fc5ab232837318\"},\"breadcrumb\":{\"@id\":\"https:\/\/dev.antudigital.cl\/sites\/vc\/proyecto-tejido-sonoro-valparaiso-ciudad-musical-celebra-cinco-anos-como-ciudad-creativa-a-traves-de-un-amplio-programa-de-intervenciones-educativas\/#breadcrumb\"},\"inLanguage\":\"es\",\"potentialAction\":[{\"@type\":\"ReadAction\",\"target\":[\"https:\/\/dev.antudigital.cl\/sites\/vc\/proyecto-tejido-sonoro-valparaiso-ciudad-musical-celebra-cinco-anos-como-ciudad-creativa-a-traves-de-un-amplio-programa-de-intervenciones-educativas\/\"]}]},{\"@type\":\"ImageObject\",\"inLanguage\":\"es\",\"@id\":\"https:\/\/dev.antudigital.cl\/sites\/vc\/proyecto-tejido-sonoro-valparaiso-ciudad-musical-celebra-cinco-anos-como-ciudad-creativa-a-traves-de-un-amplio-programa-de-intervenciones-educativas\/#primaryimage\",\"url\":\"https:\/\/dev.antudigital.cl\/sites\/vc\/wp-content\/uploads\/2024\/10\/Club-del-Adulto-Mayor-Dia-Feliz_Fotos-Jorge-Severino-scaled.jpg\",\"contentUrl\":\"https:\/\/dev.antudigital.cl\/sites\/vc\/wp-content\/uploads\/2024\/10\/Club-del-Adulto-Mayor-Dia-Feliz_Fotos-Jorge-Severino-scaled.jpg\",\"width\":2560,\"height\":1707},{\"@type\":\"BreadcrumbList\",\"@id\":\"https:\/\/dev.antudigital.cl\/sites\/vc\/proyecto-tejido-sonoro-valparaiso-ciudad-musical-celebra-cinco-anos-como-ciudad-creativa-a-traves-de-un-amplio-programa-de-intervenciones-educativas\/#breadcrumb\",\"itemListElement\":[{\"@type\":\"ListItem\",\"position\":1,\"name\":\"Home\",\"item\":\"https:\/\/dev.antudigital.cl\/sites\/vc\/\"},{\"@type\":\"ListItem\",\"position\":2,\"name\":\"Proyecto \u2018Tejido Sonoro: Valpara\u00edso Ciudad Musical\u2019 celebra cinco a\u00f1os como ciudad creativa a trav\u00e9s de un amplio programa de intervenciones educativas\"}]},{\"@type\":\"WebSite\",\"@id\":\"https:\/\/dev.antudigital.cl\/sites\/vc\/#website\",\"url\":\"https:\/\/dev.antudigital.cl\/sites\/vc\/\",\"name\":\"Valpara\u00ed\u00adso Creativo\",\"description\":\"\",\"potentialAction\":[{\"@type\":\"SearchAction\",\"target\":{\"@type\":\"EntryPoint\",\"urlTemplate\":\"https:\/\/dev.antudigital.cl\/sites\/vc\/?s={search_term_string}\"},\"query-input\":{\"@type\":\"PropertyValueSpecification\",\"valueRequired\":true,\"valueName\":\"search_term_string\"}}],\"inLanguage\":\"es\"},{\"@type\":\"Person\",\"@id\":\"https:\/\/dev.antudigital.cl\/sites\/vc\/#\/schema\/person\/c2b9da8dd545e27166fc5ab232837318\",\"name\":\"Valpara\u00edso Creativo\",\"description\":\"Periodista de cultura en la Regi\u00f3n de Valpara\u00edso.\",\"url\":\"https:\/\/dev.antudigital.cl\/sites\/vc\/author\/valpoadmin\/\"}]}<\/script>\n<!-- \/ Yoast SEO plugin. -->","yoast_head_json":{"title":"Proyecto \u2018Tejido Sonoro: Valpara\u00edso Ciudad Musical\u2019 celebra cinco a\u00f1os como ciudad creativa a trav\u00e9s de un amplio programa de intervenciones educativas - Valpara\u00ed\u00adso Creativo","robots":{"index":"index","follow":"follow","max-snippet":"max-snippet:-1","max-image-preview":"max-image-preview:large","max-video-preview":"max-video-preview:-1"},"canonical":"https:\/\/dev.antudigital.cl\/sites\/vc\/proyecto-tejido-sonoro-valparaiso-ciudad-musical-celebra-cinco-anos-como-ciudad-creativa-a-traves-de-un-amplio-programa-de-intervenciones-educativas\/","og_locale":"es_ES","og_type":"article","og_title":"Proyecto \u2018Tejido Sonoro: Valpara\u00edso Ciudad Musical\u2019 celebra cinco a\u00f1os como ciudad creativa a trav\u00e9s de un amplio programa de intervenciones educativas - Valpara\u00ed\u00adso Creativo","og_description":"La Mesa de la M\u00fasica conmemora el quinto aniversario del t\u00edtulo de Ciudad Creativa de la M\u00fasica, otorgado por la UNESCO el a\u00f1o 2019, y lo hace avanzando con la tercera edici\u00f3n del proyecto &#8216;Tejido Sonoro&#8217;. Este a\u00f1o, el enfoque principal del proyecto es fortalecer el reconocimiento de la ciudad puerto como un epicentro musical, [&hellip;]","og_url":"https:\/\/dev.antudigital.cl\/sites\/vc\/proyecto-tejido-sonoro-valparaiso-ciudad-musical-celebra-cinco-anos-como-ciudad-creativa-a-traves-de-un-amplio-programa-de-intervenciones-educativas\/","og_site_name":"Valpara\u00ed\u00adso Creativo","article_published_time":"2024-10-14T18:32:31+00:00","article_modified_time":"2024-10-14T18:32:48+00:00","og_image":[{"width":2560,"height":1707,"url":"https:\/\/dev.antudigital.cl\/sites\/vc\/wp-content\/uploads\/2024\/10\/Club-del-Adulto-Mayor-Dia-Feliz_Fotos-Jorge-Severino-scaled.jpg","type":"image\/jpeg"}],"author":"Valpara\u00edso Creativo","twitter_card":"summary_large_image","twitter_misc":{"Escrito por":"Valpara\u00edso Creativo","Tiempo de lectura":"3 minutos"},"schema":{"@context":"https:\/\/schema.org","@graph":[{"@type":"Article","@id":"https:\/\/dev.antudigital.cl\/sites\/vc\/proyecto-tejido-sonoro-valparaiso-ciudad-musical-celebra-cinco-anos-como-ciudad-creativa-a-traves-de-un-amplio-programa-de-intervenciones-educativas\/#article","isPartOf":{"@id":"https:\/\/dev.antudigital.cl\/sites\/vc\/proyecto-tejido-sonoro-valparaiso-ciudad-musical-celebra-cinco-anos-como-ciudad-creativa-a-traves-de-un-amplio-programa-de-intervenciones-educativas\/"},"author":{"name":"Valpara\u00edso Creativo","@id":"https:\/\/dev.antudigital.cl\/sites\/vc\/#\/schema\/person\/c2b9da8dd545e27166fc5ab232837318"},"headline":"Proyecto \u2018Tejido Sonoro: Valpara\u00edso Ciudad Musical\u2019 celebra cinco a\u00f1os como ciudad creativa a trav\u00e9s de un amplio programa de intervenciones educativas","datePublished":"2024-10-14T18:32:31+00:00","dateModified":"2024-10-14T18:32:48+00:00","mainEntityOfPage":{"@id":"https:\/\/dev.antudigital.cl\/sites\/vc\/proyecto-tejido-sonoro-valparaiso-ciudad-musical-celebra-cinco-anos-como-ciudad-creativa-a-traves-de-un-amplio-programa-de-intervenciones-educativas\/"},"wordCount":443,"image":{"@id":"https:\/\/dev.antudigital.cl\/sites\/vc\/proyecto-tejido-sonoro-valparaiso-ciudad-musical-celebra-cinco-anos-como-ciudad-creativa-a-traves-de-un-amplio-programa-de-intervenciones-educativas\/#primaryimage"},"thumbnailUrl":"https:\/\/dev.antudigital.cl\/sites\/vc\/wp-content\/uploads\/2024\/10\/Club-del-Adulto-Mayor-Dia-Feliz_Fotos-Jorge-Severino-scaled.jpg","articleSection":["Noticia"],"inLanguage":"es"},{"@type":"WebPage","@id":"https:\/\/dev.antudigital.cl\/sites\/vc\/proyecto-tejido-sonoro-valparaiso-ciudad-musical-celebra-cinco-anos-como-ciudad-creativa-a-traves-de-un-amplio-programa-de-intervenciones-educativas\/","url":"https:\/\/dev.antudigital.cl\/sites\/vc\/proyecto-tejido-sonoro-valparaiso-ciudad-musical-celebra-cinco-anos-como-ciudad-creativa-a-traves-de-un-amplio-programa-de-intervenciones-educativas\/","name":"Proyecto \u2018Tejido Sonoro: Valpara\u00edso Ciudad Musical\u2019 celebra cinco a\u00f1os como ciudad creativa a trav\u00e9s de un amplio programa de intervenciones educativas - Valpara\u00ed\u00adso Creativo","isPartOf":{"@id":"https:\/\/dev.antudigital.cl\/sites\/vc\/#website"},"primaryImageOfPage":{"@id":"https:\/\/dev.antudigital.cl\/sites\/vc\/proyecto-tejido-sonoro-valparaiso-ciudad-musical-celebra-cinco-anos-como-ciudad-creativa-a-traves-de-un-amplio-programa-de-intervenciones-educativas\/#primaryimage"},"image":{"@id":"https:\/\/dev.antudigital.cl\/sites\/vc\/proyecto-tejido-sonoro-valparaiso-ciudad-musical-celebra-cinco-anos-como-ciudad-creativa-a-traves-de-un-amplio-programa-de-intervenciones-educativas\/#primaryimage"},"thumbnailUrl":"https:\/\/dev.antudigital.cl\/sites\/vc\/wp-content\/uploads\/2024\/10\/Club-del-Adulto-Mayor-Dia-Feliz_Fotos-Jorge-Severino-scaled.jpg","datePublished":"2024-10-14T18:32:31+00:00","dateModified":"2024-10-14T18:32:48+00:00","author":{"@id":"https:\/\/dev.antudigital.cl\/sites\/vc\/#\/schema\/person\/c2b9da8dd545e27166fc5ab232837318"},"breadcrumb":{"@id":"https:\/\/dev.antudigital.cl\/sites\/vc\/proyecto-tejido-sonoro-valparaiso-ciudad-musical-celebra-cinco-anos-como-ciudad-creativa-a-traves-de-un-amplio-programa-de-intervenciones-educativas\/#breadcrumb"},"inLanguage":"es","potentialAction":[{"@type":"ReadAction","target":["https:\/\/dev.antudigital.cl\/sites\/vc\/proyecto-tejido-sonoro-valparaiso-ciudad-musical-celebra-cinco-anos-como-ciudad-creativa-a-traves-de-un-amplio-programa-de-intervenciones-educativas\/"]}]},{"@type":"ImageObject","inLanguage":"es","@id":"https:\/\/dev.antudigital.cl\/sites\/vc\/proyecto-tejido-sonoro-valparaiso-ciudad-musical-celebra-cinco-anos-como-ciudad-creativa-a-traves-de-un-amplio-programa-de-intervenciones-educativas\/#primaryimage","url":"https:\/\/dev.antudigital.cl\/sites\/vc\/wp-content\/uploads\/2024\/10\/Club-del-Adulto-Mayor-Dia-Feliz_Fotos-Jorge-Severino-scaled.jpg","contentUrl":"https:\/\/dev.antudigital.cl\/sites\/vc\/wp-content\/uploads\/2024\/10\/Club-del-Adulto-Mayor-Dia-Feliz_Fotos-Jorge-Severino-scaled.jpg","width":2560,"height":1707},{"@type":"BreadcrumbList","@id":"https:\/\/dev.antudigital.cl\/sites\/vc\/proyecto-tejido-sonoro-valparaiso-ciudad-musical-celebra-cinco-anos-como-ciudad-creativa-a-traves-de-un-amplio-programa-de-intervenciones-educativas\/#breadcrumb","itemListElement":[{"@type":"ListItem","position":1,"name":"Home","item":"https:\/\/dev.antudigital.cl\/sites\/vc\/"},{"@type":"ListItem","position":2,"name":"Proyecto \u2018Tejido Sonoro: Valpara\u00edso Ciudad Musical\u2019 celebra cinco a\u00f1os como ciudad creativa a trav\u00e9s de un amplio programa de intervenciones educativas"}]},{"@type":"WebSite","@id":"https:\/\/dev.antudigital.cl\/sites\/vc\/#website","url":"https:\/\/dev.antudigital.cl\/sites\/vc\/","name":"Valpara\u00ed\u00adso Creativo","description":"","potentialAction":[{"@type":"SearchAction","target":{"@type":"EntryPoint","urlTemplate":"https:\/\/dev.antudigital.cl\/sites\/vc\/?s={search_term_string}"},"query-input":{"@type":"PropertyValueSpecification","valueRequired":true,"valueName":"search_term_string"}}],"inLanguage":"es"},{"@type":"Person","@id":"https:\/\/dev.antudigital.cl\/sites\/vc\/#\/schema\/person\/c2b9da8dd545e27166fc5ab232837318","name":"Valpara\u00edso Creativo","description":"Periodista de cultura en la Regi\u00f3n de Valpara\u00edso.","url":"https:\/\/dev.antudigital.cl\/sites\/vc\/author\/valpoadmin\/"}]}},"_links":{"self":[{"href":"https:\/\/dev.antudigital.cl\/sites\/vc\/wp-json\/wp\/v2\/posts\/20752","targetHints":{"allow":["GET"]}}],"collection":[{"href":"https:\/\/dev.antudigital.cl\/sites\/vc\/wp-json\/wp\/v2\/posts"}],"about":[{"href":"https:\/\/dev.antudigital.cl\/sites\/vc\/wp-json\/wp\/v2\/types\/post"}],"author":[{"embeddable":true,"href":"https:\/\/dev.antudigital.cl\/sites\/vc\/wp-json\/wp\/v2\/users\/1"}],"replies":[{"embeddable":true,"href":"https:\/\/dev.antudigital.cl\/sites\/vc\/wp-json\/wp\/v2\/comments?post=20752"}],"version-history":[{"count":1,"href":"https:\/\/dev.antudigital.cl\/sites\/vc\/wp-json\/wp\/v2\/posts\/20752\/revisions"}],"predecessor-version":[{"id":20756,"href":"https:\/\/dev.antudigital.cl\/sites\/vc\/wp-json\/wp\/v2\/posts\/20752\/revisions\/20756"}],"wp:featuredmedia":[{"embeddable":true,"href":"https:\/\/dev.antudigital.cl\/sites\/vc\/wp-json\/wp\/v2\/media\/20755"}],"wp:attachment":[{"href":"https:\/\/dev.antudigital.cl\/sites\/vc\/wp-json\/wp\/v2\/media?parent=20752"}],"wp:term":[{"taxonomy":"category","embeddable":true,"href":"https:\/\/dev.antudigital.cl\/sites\/vc\/wp-json\/wp\/v2\/categories?post=20752"},{"taxonomy":"post_tag","embeddable":true,"href":"https:\/\/dev.antudigital.cl\/sites\/vc\/wp-json\/wp\/v2\/tags?post=20752"}],"curies":[{"name":"wp","href":"https:\/\/api.w.org\/{rel}","templated":true}]}}