{"id":20757,"date":"2024-10-14T18:37:27","date_gmt":"2024-10-14T18:37:27","guid":{"rendered":"https:\/\/www.valparaisocreativo.cl\/?p=20757"},"modified":"2024-10-14T18:37:44","modified_gmt":"2024-10-14T18:37:44","slug":"vuelve-a-los-escenarios-premiada-obra-que-rescata-la-resistencia-del-pueblo-kawesqar-y-la-memoria-indigena-de-chile","status":"publish","type":"post","link":"https:\/\/dev.antudigital.cl\/sites\/vc\/vuelve-a-los-escenarios-premiada-obra-que-rescata-la-resistencia-del-pueblo-kawesqar-y-la-memoria-indigena-de-chile\/","title":{"rendered":"Vuelve a los escenarios premiada obra que rescata la resistencia del pueblo Kaw\u00e9sqar y la Memoria Ind\u00edgena de Chile"},"content":{"rendered":"\n<p>La premiada obra teatral&nbsp;<strong>\u201cEl abismo de los P\u00e1jaros\u201d,<\/strong>&nbsp;que con un emotivo relato nos conecta con la memoria y el reconocimiento a la etnia&nbsp;<strong>Kaw\u00e9sqar<\/strong>, vuelve despu\u00e9s de diez a\u00f1os a los escenarios, present\u00e1ndose en el&nbsp;<strong>Teatro del Parque Cultural de Valpara\u00edso-Ex C\u00e1rcel,<\/strong>&nbsp;<strong>y con acceso gratuito<\/strong>. Vista por m\u00e1s de doce mil personas a la fecha, cuenta con el financiamiento del Ministerio de las Culturas, las Artes y el Patrimonio, en el marco del Proyecto Fondart de Artes Esc\u00e9nicas\/ Trayectoria Nacional 2025.<\/p>\n\n\n\n<p><strong>La pieza teatral, que celebra una d\u00e9cada y que retorna con gran parte del elenco original, es un homenaje al pueblo Kaw\u00e9sqar, uno de los once pueblos originarios reconocidos en Chile desde 1993 por la Ley Ind\u00edgena y que en los \u00faltimos 30 a\u00f1os se ha organizado en 18 Comunidades que habitan en la regi\u00f3n de Magallanes, en el extremo sur de Chile y el continente americano, en lo que hoy se conoce como la Patagonia.<\/strong><\/p>\n\n\n\n<p>Es la resistencia de sus integrantes la que se pone en valor rescatando la relevancia de la Memoria Ind\u00edgena de Chile, a trav\u00e9s de las notables actuaciones de&nbsp;<strong>Otilio Castro, Mar\u00eda Ang\u00e9lica Luzzi, V\u00edctor Montero, Maricel Mu\u00f1oz, dirigidos por Fabiola Ariadna Ruiz.&nbsp;<\/strong>Una puesta en escena, de la compa\u00f1\u00eda porte\u00f1a La Malinche, quepone en valor la experiencia de un pueblo en v\u00edas de desaparici\u00f3n que ha luchado para mantener su identidad y evitar un proceso de transculturizaci\u00f3n irreversible.<\/p>\n\n\n\n<figure class=\"wp-block-image size-large\"><img fetchpriority=\"high\" decoding=\"async\" width=\"1024\" height=\"683\" src=\"https:\/\/www.valparaisocreativo.cl\/wp-content\/uploads\/2024\/10\/DSC_0663-1024x683.jpg\" alt=\"\" class=\"wp-image-20759\" srcset=\"https:\/\/dev.antudigital.cl\/sites\/vc\/wp-content\/uploads\/2024\/10\/DSC_0663-1024x683.jpg 1024w, https:\/\/dev.antudigital.cl\/sites\/vc\/wp-content\/uploads\/2024\/10\/DSC_0663-300x200.jpg 300w, https:\/\/dev.antudigital.cl\/sites\/vc\/wp-content\/uploads\/2024\/10\/DSC_0663-768x512.jpg 768w, https:\/\/dev.antudigital.cl\/sites\/vc\/wp-content\/uploads\/2024\/10\/DSC_0663-1536x1024.jpg 1536w, https:\/\/dev.antudigital.cl\/sites\/vc\/wp-content\/uploads\/2024\/10\/DSC_0663-2048x1365.jpg 2048w, https:\/\/dev.antudigital.cl\/sites\/vc\/wp-content\/uploads\/2024\/10\/DSC_0663-1080x720.jpg 1080w, https:\/\/dev.antudigital.cl\/sites\/vc\/wp-content\/uploads\/2024\/10\/DSC_0663-1280x854.jpg 1280w, https:\/\/dev.antudigital.cl\/sites\/vc\/wp-content\/uploads\/2024\/10\/DSC_0663-980x653.jpg 980w, https:\/\/dev.antudigital.cl\/sites\/vc\/wp-content\/uploads\/2024\/10\/DSC_0663-480x320.jpg 480w, https:\/\/dev.antudigital.cl\/sites\/vc\/wp-content\/uploads\/2024\/10\/DSC_0663-24x16.jpg 24w, https:\/\/dev.antudigital.cl\/sites\/vc\/wp-content\/uploads\/2024\/10\/DSC_0663-36x24.jpg 36w, https:\/\/dev.antudigital.cl\/sites\/vc\/wp-content\/uploads\/2024\/10\/DSC_0663-48x32.jpg 48w\" sizes=\"(max-width: 1024px) 100vw, 1024px\" \/><figcaption class=\"wp-element-caption\">Simbiosis Bioconsultora<\/figcaption><\/figure>\n\n\n\n<p><strong><em>&nbsp;<\/em><\/strong>La obra traslada a los espectadores al extremo sur, con un notable montaje, en un viaje de profundo contenido.&nbsp; Seg\u00fan la directora Fabiola Ariadna Ruiz:&nbsp;\u201c<strong>la presencia del agua, una mujer Ind\u00edgena, un abogado en un cruce cultural, un testigo contrariado y una joven mestiza, entrelazados en un conflicto entre pasado y presente, favorecen e incentivan la reflexi\u00f3n sobre identidad, justicia, amor, naturaleza y medioambiente\u201d.<\/strong><\/p>\n\n\n\n<p><strong>El abismo de los p\u00e1jaros<\/strong>cuenta la historia deSergio, un abogado contratado por la Armada de Chile que viaja a la localidad de Yetarke, en Puerto Ed\u00e9n, a reunirse con Luisa Ed\u00e9n. Su objetivo es lograr que ella acceda a vender el terreno donde vive con el fin de iniciar la reconstrucci\u00f3n de una base a\u00e9rea naval abandonada desde mediados de los a\u00f1os 70\u2019. Sergio se aloja en una pensi\u00f3n, que administra un ex carabinero junto a su hija. A trav\u00e9s de su estad\u00eda y entrevistas con Luisa, ser\u00e1 testigo de una realidad silenciada que dar\u00e1 curso a un desenlace irreversible<\/p>\n\n\n\n<p>Con una notable recepci\u00f3n del p\u00fablico y de la cr\u00edtica, la obra dialoga con el teatro chileno contempor\u00e1neo, tanto por su tem\u00e1tica, como por su destacada puesta en escena y su reposici\u00f3n permite sumar a nuevos p\u00fablicos en un debate hist\u00f3rica, pol\u00edtico y cultural de relevancia en lo que respecta a la historia y valor de los pueblos originarios.<\/p>\n","protected":false},"excerpt":{"rendered":"<p>La premiada obra teatral&nbsp;\u201cEl abismo de los P\u00e1jaros\u201d,&nbsp;que con un emotivo relato nos conecta con la memoria y el reconocimiento a la etnia&nbsp;Kaw\u00e9sqar, vuelve despu\u00e9s de diez a\u00f1os a los escenarios, present\u00e1ndose en el&nbsp;Teatro del Parque Cultural de Valpara\u00edso-Ex C\u00e1rcel,&nbsp;y con acceso gratuito. Vista por m\u00e1s de doce mil personas a la fecha, cuenta con [&hellip;]<\/p>\n","protected":false},"author":1,"featured_media":20758,"comment_status":"closed","ping_status":"closed","sticky":false,"template":"","format":"standard","meta":{"_acf_changed":false,"footnotes":""},"categories":[8],"tags":[],"class_list":["post-20757","post","type-post","status-publish","format-standard","has-post-thumbnail","hentry","category-noticia"],"acf":[],"yoast_head":"<!-- This site is optimized with the Yoast SEO plugin v27.1.1 - https:\/\/yoast.com\/product\/yoast-seo-wordpress\/ -->\n<title>Vuelve a los escenarios premiada obra que rescata la resistencia del pueblo Kaw\u00e9sqar y la Memoria Ind\u00edgena de Chile - Valpara\u00ed\u00adso Creativo<\/title>\n<meta name=\"robots\" content=\"index, follow, max-snippet:-1, max-image-preview:large, max-video-preview:-1\" \/>\n<link rel=\"canonical\" href=\"https:\/\/dev.antudigital.cl\/sites\/vc\/vuelve-a-los-escenarios-premiada-obra-que-rescata-la-resistencia-del-pueblo-kawesqar-y-la-memoria-indigena-de-chile\/\" \/>\n<meta property=\"og:locale\" content=\"es_ES\" \/>\n<meta property=\"og:type\" content=\"article\" \/>\n<meta property=\"og:title\" content=\"Vuelve a los escenarios premiada obra que rescata la resistencia del pueblo Kaw\u00e9sqar y la Memoria Ind\u00edgena de Chile - Valpara\u00ed\u00adso Creativo\" \/>\n<meta property=\"og:description\" content=\"La premiada obra teatral&nbsp;\u201cEl abismo de los P\u00e1jaros\u201d,&nbsp;que con un emotivo relato nos conecta con la memoria y el reconocimiento a la etnia&nbsp;Kaw\u00e9sqar, vuelve despu\u00e9s de diez a\u00f1os a los escenarios, present\u00e1ndose en el&nbsp;Teatro del Parque Cultural de Valpara\u00edso-Ex C\u00e1rcel,&nbsp;y con acceso gratuito. Vista por m\u00e1s de doce mil personas a la fecha, cuenta con [&hellip;]\" \/>\n<meta property=\"og:url\" content=\"https:\/\/dev.antudigital.cl\/sites\/vc\/vuelve-a-los-escenarios-premiada-obra-que-rescata-la-resistencia-del-pueblo-kawesqar-y-la-memoria-indigena-de-chile\/\" \/>\n<meta property=\"og:site_name\" content=\"Valpara\u00ed\u00adso Creativo\" \/>\n<meta property=\"article:published_time\" content=\"2024-10-14T18:37:27+00:00\" \/>\n<meta property=\"article:modified_time\" content=\"2024-10-14T18:37:44+00:00\" \/>\n<meta property=\"og:image\" content=\"https:\/\/dev.antudigital.cl\/sites\/vc\/wp-content\/uploads\/2024\/10\/8008d6f4-ca2e-4842-8eab-40dc6e6005e2.jpg\" \/>\n\t<meta property=\"og:image:width\" content=\"1072\" \/>\n\t<meta property=\"og:image:height\" content=\"532\" \/>\n\t<meta property=\"og:image:type\" content=\"image\/jpeg\" \/>\n<meta name=\"author\" content=\"Valpara\u00edso Creativo\" \/>\n<meta name=\"twitter:card\" content=\"summary_large_image\" \/>\n<meta name=\"twitter:label1\" content=\"Escrito por\" \/>\n\t<meta name=\"twitter:data1\" content=\"Valpara\u00edso Creativo\" \/>\n\t<meta name=\"twitter:label2\" content=\"Tiempo de lectura\" \/>\n\t<meta name=\"twitter:data2\" content=\"3 minutos\" \/>\n<script type=\"application\/ld+json\" class=\"yoast-schema-graph\">{\"@context\":\"https:\/\/schema.org\",\"@graph\":[{\"@type\":\"Article\",\"@id\":\"https:\/\/dev.antudigital.cl\/sites\/vc\/vuelve-a-los-escenarios-premiada-obra-que-rescata-la-resistencia-del-pueblo-kawesqar-y-la-memoria-indigena-de-chile\/#article\",\"isPartOf\":{\"@id\":\"https:\/\/dev.antudigital.cl\/sites\/vc\/vuelve-a-los-escenarios-premiada-obra-que-rescata-la-resistencia-del-pueblo-kawesqar-y-la-memoria-indigena-de-chile\/\"},\"author\":{\"name\":\"Valpara\u00edso Creativo\",\"@id\":\"https:\/\/dev.antudigital.cl\/sites\/vc\/#\/schema\/person\/c2b9da8dd545e27166fc5ab232837318\"},\"headline\":\"Vuelve a los escenarios premiada obra que rescata la resistencia del pueblo Kaw\u00e9sqar y la Memoria Ind\u00edgena de Chile\",\"datePublished\":\"2024-10-14T18:37:27+00:00\",\"dateModified\":\"2024-10-14T18:37:44+00:00\",\"mainEntityOfPage\":{\"@id\":\"https:\/\/dev.antudigital.cl\/sites\/vc\/vuelve-a-los-escenarios-premiada-obra-que-rescata-la-resistencia-del-pueblo-kawesqar-y-la-memoria-indigena-de-chile\/\"},\"wordCount\":536,\"image\":{\"@id\":\"https:\/\/dev.antudigital.cl\/sites\/vc\/vuelve-a-los-escenarios-premiada-obra-que-rescata-la-resistencia-del-pueblo-kawesqar-y-la-memoria-indigena-de-chile\/#primaryimage\"},\"thumbnailUrl\":\"https:\/\/dev.antudigital.cl\/sites\/vc\/wp-content\/uploads\/2024\/10\/8008d6f4-ca2e-4842-8eab-40dc6e6005e2.jpg\",\"articleSection\":[\"Noticia\"],\"inLanguage\":\"es\"},{\"@type\":\"WebPage\",\"@id\":\"https:\/\/dev.antudigital.cl\/sites\/vc\/vuelve-a-los-escenarios-premiada-obra-que-rescata-la-resistencia-del-pueblo-kawesqar-y-la-memoria-indigena-de-chile\/\",\"url\":\"https:\/\/dev.antudigital.cl\/sites\/vc\/vuelve-a-los-escenarios-premiada-obra-que-rescata-la-resistencia-del-pueblo-kawesqar-y-la-memoria-indigena-de-chile\/\",\"name\":\"Vuelve a los escenarios premiada obra que rescata la resistencia del pueblo Kaw\u00e9sqar y la Memoria Ind\u00edgena de Chile - Valpara\u00ed\u00adso Creativo\",\"isPartOf\":{\"@id\":\"https:\/\/dev.antudigital.cl\/sites\/vc\/#website\"},\"primaryImageOfPage\":{\"@id\":\"https:\/\/dev.antudigital.cl\/sites\/vc\/vuelve-a-los-escenarios-premiada-obra-que-rescata-la-resistencia-del-pueblo-kawesqar-y-la-memoria-indigena-de-chile\/#primaryimage\"},\"image\":{\"@id\":\"https:\/\/dev.antudigital.cl\/sites\/vc\/vuelve-a-los-escenarios-premiada-obra-que-rescata-la-resistencia-del-pueblo-kawesqar-y-la-memoria-indigena-de-chile\/#primaryimage\"},\"thumbnailUrl\":\"https:\/\/dev.antudigital.cl\/sites\/vc\/wp-content\/uploads\/2024\/10\/8008d6f4-ca2e-4842-8eab-40dc6e6005e2.jpg\",\"datePublished\":\"2024-10-14T18:37:27+00:00\",\"dateModified\":\"2024-10-14T18:37:44+00:00\",\"author\":{\"@id\":\"https:\/\/dev.antudigital.cl\/sites\/vc\/#\/schema\/person\/c2b9da8dd545e27166fc5ab232837318\"},\"breadcrumb\":{\"@id\":\"https:\/\/dev.antudigital.cl\/sites\/vc\/vuelve-a-los-escenarios-premiada-obra-que-rescata-la-resistencia-del-pueblo-kawesqar-y-la-memoria-indigena-de-chile\/#breadcrumb\"},\"inLanguage\":\"es\",\"potentialAction\":[{\"@type\":\"ReadAction\",\"target\":[\"https:\/\/dev.antudigital.cl\/sites\/vc\/vuelve-a-los-escenarios-premiada-obra-que-rescata-la-resistencia-del-pueblo-kawesqar-y-la-memoria-indigena-de-chile\/\"]}]},{\"@type\":\"ImageObject\",\"inLanguage\":\"es\",\"@id\":\"https:\/\/dev.antudigital.cl\/sites\/vc\/vuelve-a-los-escenarios-premiada-obra-que-rescata-la-resistencia-del-pueblo-kawesqar-y-la-memoria-indigena-de-chile\/#primaryimage\",\"url\":\"https:\/\/dev.antudigital.cl\/sites\/vc\/wp-content\/uploads\/2024\/10\/8008d6f4-ca2e-4842-8eab-40dc6e6005e2.jpg\",\"contentUrl\":\"https:\/\/dev.antudigital.cl\/sites\/vc\/wp-content\/uploads\/2024\/10\/8008d6f4-ca2e-4842-8eab-40dc6e6005e2.jpg\",\"width\":1072,\"height\":532},{\"@type\":\"BreadcrumbList\",\"@id\":\"https:\/\/dev.antudigital.cl\/sites\/vc\/vuelve-a-los-escenarios-premiada-obra-que-rescata-la-resistencia-del-pueblo-kawesqar-y-la-memoria-indigena-de-chile\/#breadcrumb\",\"itemListElement\":[{\"@type\":\"ListItem\",\"position\":1,\"name\":\"Home\",\"item\":\"https:\/\/dev.antudigital.cl\/sites\/vc\/\"},{\"@type\":\"ListItem\",\"position\":2,\"name\":\"Vuelve a los escenarios premiada obra que rescata la resistencia del pueblo Kaw\u00e9sqar y la Memoria Ind\u00edgena de Chile\"}]},{\"@type\":\"WebSite\",\"@id\":\"https:\/\/dev.antudigital.cl\/sites\/vc\/#website\",\"url\":\"https:\/\/dev.antudigital.cl\/sites\/vc\/\",\"name\":\"Valpara\u00ed\u00adso Creativo\",\"description\":\"\",\"potentialAction\":[{\"@type\":\"SearchAction\",\"target\":{\"@type\":\"EntryPoint\",\"urlTemplate\":\"https:\/\/dev.antudigital.cl\/sites\/vc\/?s={search_term_string}\"},\"query-input\":{\"@type\":\"PropertyValueSpecification\",\"valueRequired\":true,\"valueName\":\"search_term_string\"}}],\"inLanguage\":\"es\"},{\"@type\":\"Person\",\"@id\":\"https:\/\/dev.antudigital.cl\/sites\/vc\/#\/schema\/person\/c2b9da8dd545e27166fc5ab232837318\",\"name\":\"Valpara\u00edso Creativo\",\"description\":\"Periodista de cultura en la Regi\u00f3n de Valpara\u00edso.\",\"url\":\"https:\/\/dev.antudigital.cl\/sites\/vc\/author\/valpoadmin\/\"}]}<\/script>\n<!-- \/ Yoast SEO plugin. -->","yoast_head_json":{"title":"Vuelve a los escenarios premiada obra que rescata la resistencia del pueblo Kaw\u00e9sqar y la Memoria Ind\u00edgena de Chile - Valpara\u00ed\u00adso Creativo","robots":{"index":"index","follow":"follow","max-snippet":"max-snippet:-1","max-image-preview":"max-image-preview:large","max-video-preview":"max-video-preview:-1"},"canonical":"https:\/\/dev.antudigital.cl\/sites\/vc\/vuelve-a-los-escenarios-premiada-obra-que-rescata-la-resistencia-del-pueblo-kawesqar-y-la-memoria-indigena-de-chile\/","og_locale":"es_ES","og_type":"article","og_title":"Vuelve a los escenarios premiada obra que rescata la resistencia del pueblo Kaw\u00e9sqar y la Memoria Ind\u00edgena de Chile - Valpara\u00ed\u00adso Creativo","og_description":"La premiada obra teatral&nbsp;\u201cEl abismo de los P\u00e1jaros\u201d,&nbsp;que con un emotivo relato nos conecta con la memoria y el reconocimiento a la etnia&nbsp;Kaw\u00e9sqar, vuelve despu\u00e9s de diez a\u00f1os a los escenarios, present\u00e1ndose en el&nbsp;Teatro del Parque Cultural de Valpara\u00edso-Ex C\u00e1rcel,&nbsp;y con acceso gratuito. Vista por m\u00e1s de doce mil personas a la fecha, cuenta con [&hellip;]","og_url":"https:\/\/dev.antudigital.cl\/sites\/vc\/vuelve-a-los-escenarios-premiada-obra-que-rescata-la-resistencia-del-pueblo-kawesqar-y-la-memoria-indigena-de-chile\/","og_site_name":"Valpara\u00ed\u00adso Creativo","article_published_time":"2024-10-14T18:37:27+00:00","article_modified_time":"2024-10-14T18:37:44+00:00","og_image":[{"width":1072,"height":532,"url":"https:\/\/dev.antudigital.cl\/sites\/vc\/wp-content\/uploads\/2024\/10\/8008d6f4-ca2e-4842-8eab-40dc6e6005e2.jpg","type":"image\/jpeg"}],"author":"Valpara\u00edso Creativo","twitter_card":"summary_large_image","twitter_misc":{"Escrito por":"Valpara\u00edso Creativo","Tiempo de lectura":"3 minutos"},"schema":{"@context":"https:\/\/schema.org","@graph":[{"@type":"Article","@id":"https:\/\/dev.antudigital.cl\/sites\/vc\/vuelve-a-los-escenarios-premiada-obra-que-rescata-la-resistencia-del-pueblo-kawesqar-y-la-memoria-indigena-de-chile\/#article","isPartOf":{"@id":"https:\/\/dev.antudigital.cl\/sites\/vc\/vuelve-a-los-escenarios-premiada-obra-que-rescata-la-resistencia-del-pueblo-kawesqar-y-la-memoria-indigena-de-chile\/"},"author":{"name":"Valpara\u00edso Creativo","@id":"https:\/\/dev.antudigital.cl\/sites\/vc\/#\/schema\/person\/c2b9da8dd545e27166fc5ab232837318"},"headline":"Vuelve a los escenarios premiada obra que rescata la resistencia del pueblo Kaw\u00e9sqar y la Memoria Ind\u00edgena de Chile","datePublished":"2024-10-14T18:37:27+00:00","dateModified":"2024-10-14T18:37:44+00:00","mainEntityOfPage":{"@id":"https:\/\/dev.antudigital.cl\/sites\/vc\/vuelve-a-los-escenarios-premiada-obra-que-rescata-la-resistencia-del-pueblo-kawesqar-y-la-memoria-indigena-de-chile\/"},"wordCount":536,"image":{"@id":"https:\/\/dev.antudigital.cl\/sites\/vc\/vuelve-a-los-escenarios-premiada-obra-que-rescata-la-resistencia-del-pueblo-kawesqar-y-la-memoria-indigena-de-chile\/#primaryimage"},"thumbnailUrl":"https:\/\/dev.antudigital.cl\/sites\/vc\/wp-content\/uploads\/2024\/10\/8008d6f4-ca2e-4842-8eab-40dc6e6005e2.jpg","articleSection":["Noticia"],"inLanguage":"es"},{"@type":"WebPage","@id":"https:\/\/dev.antudigital.cl\/sites\/vc\/vuelve-a-los-escenarios-premiada-obra-que-rescata-la-resistencia-del-pueblo-kawesqar-y-la-memoria-indigena-de-chile\/","url":"https:\/\/dev.antudigital.cl\/sites\/vc\/vuelve-a-los-escenarios-premiada-obra-que-rescata-la-resistencia-del-pueblo-kawesqar-y-la-memoria-indigena-de-chile\/","name":"Vuelve a los escenarios premiada obra que rescata la resistencia del pueblo Kaw\u00e9sqar y la Memoria Ind\u00edgena de Chile - Valpara\u00ed\u00adso Creativo","isPartOf":{"@id":"https:\/\/dev.antudigital.cl\/sites\/vc\/#website"},"primaryImageOfPage":{"@id":"https:\/\/dev.antudigital.cl\/sites\/vc\/vuelve-a-los-escenarios-premiada-obra-que-rescata-la-resistencia-del-pueblo-kawesqar-y-la-memoria-indigena-de-chile\/#primaryimage"},"image":{"@id":"https:\/\/dev.antudigital.cl\/sites\/vc\/vuelve-a-los-escenarios-premiada-obra-que-rescata-la-resistencia-del-pueblo-kawesqar-y-la-memoria-indigena-de-chile\/#primaryimage"},"thumbnailUrl":"https:\/\/dev.antudigital.cl\/sites\/vc\/wp-content\/uploads\/2024\/10\/8008d6f4-ca2e-4842-8eab-40dc6e6005e2.jpg","datePublished":"2024-10-14T18:37:27+00:00","dateModified":"2024-10-14T18:37:44+00:00","author":{"@id":"https:\/\/dev.antudigital.cl\/sites\/vc\/#\/schema\/person\/c2b9da8dd545e27166fc5ab232837318"},"breadcrumb":{"@id":"https:\/\/dev.antudigital.cl\/sites\/vc\/vuelve-a-los-escenarios-premiada-obra-que-rescata-la-resistencia-del-pueblo-kawesqar-y-la-memoria-indigena-de-chile\/#breadcrumb"},"inLanguage":"es","potentialAction":[{"@type":"ReadAction","target":["https:\/\/dev.antudigital.cl\/sites\/vc\/vuelve-a-los-escenarios-premiada-obra-que-rescata-la-resistencia-del-pueblo-kawesqar-y-la-memoria-indigena-de-chile\/"]}]},{"@type":"ImageObject","inLanguage":"es","@id":"https:\/\/dev.antudigital.cl\/sites\/vc\/vuelve-a-los-escenarios-premiada-obra-que-rescata-la-resistencia-del-pueblo-kawesqar-y-la-memoria-indigena-de-chile\/#primaryimage","url":"https:\/\/dev.antudigital.cl\/sites\/vc\/wp-content\/uploads\/2024\/10\/8008d6f4-ca2e-4842-8eab-40dc6e6005e2.jpg","contentUrl":"https:\/\/dev.antudigital.cl\/sites\/vc\/wp-content\/uploads\/2024\/10\/8008d6f4-ca2e-4842-8eab-40dc6e6005e2.jpg","width":1072,"height":532},{"@type":"BreadcrumbList","@id":"https:\/\/dev.antudigital.cl\/sites\/vc\/vuelve-a-los-escenarios-premiada-obra-que-rescata-la-resistencia-del-pueblo-kawesqar-y-la-memoria-indigena-de-chile\/#breadcrumb","itemListElement":[{"@type":"ListItem","position":1,"name":"Home","item":"https:\/\/dev.antudigital.cl\/sites\/vc\/"},{"@type":"ListItem","position":2,"name":"Vuelve a los escenarios premiada obra que rescata la resistencia del pueblo Kaw\u00e9sqar y la Memoria Ind\u00edgena de Chile"}]},{"@type":"WebSite","@id":"https:\/\/dev.antudigital.cl\/sites\/vc\/#website","url":"https:\/\/dev.antudigital.cl\/sites\/vc\/","name":"Valpara\u00ed\u00adso Creativo","description":"","potentialAction":[{"@type":"SearchAction","target":{"@type":"EntryPoint","urlTemplate":"https:\/\/dev.antudigital.cl\/sites\/vc\/?s={search_term_string}"},"query-input":{"@type":"PropertyValueSpecification","valueRequired":true,"valueName":"search_term_string"}}],"inLanguage":"es"},{"@type":"Person","@id":"https:\/\/dev.antudigital.cl\/sites\/vc\/#\/schema\/person\/c2b9da8dd545e27166fc5ab232837318","name":"Valpara\u00edso Creativo","description":"Periodista de cultura en la Regi\u00f3n de Valpara\u00edso.","url":"https:\/\/dev.antudigital.cl\/sites\/vc\/author\/valpoadmin\/"}]}},"_links":{"self":[{"href":"https:\/\/dev.antudigital.cl\/sites\/vc\/wp-json\/wp\/v2\/posts\/20757","targetHints":{"allow":["GET"]}}],"collection":[{"href":"https:\/\/dev.antudigital.cl\/sites\/vc\/wp-json\/wp\/v2\/posts"}],"about":[{"href":"https:\/\/dev.antudigital.cl\/sites\/vc\/wp-json\/wp\/v2\/types\/post"}],"author":[{"embeddable":true,"href":"https:\/\/dev.antudigital.cl\/sites\/vc\/wp-json\/wp\/v2\/users\/1"}],"replies":[{"embeddable":true,"href":"https:\/\/dev.antudigital.cl\/sites\/vc\/wp-json\/wp\/v2\/comments?post=20757"}],"version-history":[{"count":1,"href":"https:\/\/dev.antudigital.cl\/sites\/vc\/wp-json\/wp\/v2\/posts\/20757\/revisions"}],"predecessor-version":[{"id":20760,"href":"https:\/\/dev.antudigital.cl\/sites\/vc\/wp-json\/wp\/v2\/posts\/20757\/revisions\/20760"}],"wp:featuredmedia":[{"embeddable":true,"href":"https:\/\/dev.antudigital.cl\/sites\/vc\/wp-json\/wp\/v2\/media\/20758"}],"wp:attachment":[{"href":"https:\/\/dev.antudigital.cl\/sites\/vc\/wp-json\/wp\/v2\/media?parent=20757"}],"wp:term":[{"taxonomy":"category","embeddable":true,"href":"https:\/\/dev.antudigital.cl\/sites\/vc\/wp-json\/wp\/v2\/categories?post=20757"},{"taxonomy":"post_tag","embeddable":true,"href":"https:\/\/dev.antudigital.cl\/sites\/vc\/wp-json\/wp\/v2\/tags?post=20757"}],"curies":[{"name":"wp","href":"https:\/\/api.w.org\/{rel}","templated":true}]}}