{"id":20761,"date":"2024-10-14T18:50:22","date_gmt":"2024-10-14T18:50:22","guid":{"rendered":"https:\/\/www.valparaisocreativo.cl\/?p=20761"},"modified":"2024-10-14T18:50:40","modified_gmt":"2024-10-14T18:50:40","slug":"el-documental-mon-laferte-te-amo-y-un-concierto-inolvidable-nueva-ola-la-pelicula-se-exhibiran-gratis-en-quillota","status":"publish","type":"post","link":"https:\/\/dev.antudigital.cl\/sites\/vc\/el-documental-mon-laferte-te-amo-y-un-concierto-inolvidable-nueva-ola-la-pelicula-se-exhibiran-gratis-en-quillota\/","title":{"rendered":"El documental \u201cMon Laferte, te amo\u201d y \u201cUn concierto inolvidable: Nueva Ola, la pel\u00edcula\u201d se exhibir\u00e1n gratis en Quillota"},"content":{"rendered":"\n<p>El&nbsp;<strong>Centro Cultural Quilpu\u00e9 Audiovisual&nbsp;<\/strong>junto con el&nbsp;<strong>Departamento de Cultura de la Municipalidad de Quillota&nbsp;<\/strong>invitan a la comunidad a disfrutar de dos funciones que se desarrollar\u00e1n en el&nbsp;<strong>Centro Cultural Leopoldo Silva.&nbsp;<\/strong>Las proyecciones son con entrada liberada y al terminar se realizar\u00e1n instancias de conversaci\u00f3n.<\/p>\n\n\n\n<p>Sobre la programaci\u00f3n,<strong>&nbsp;Laura Espinoza, Encargada de Mediaci\u00f3n y P\u00fablicos del CCQA&nbsp;<\/strong>afirma:&nbsp;<em>\u201cHemos querido estar presentes en este mes de la m\u00fasica a trav\u00e9s de dos pel\u00edculas que celebran a los creadores y creadoras de la m\u00fasica nacional. La programaci\u00f3n es apta para todo p\u00fablico, as\u00ed que les esperamos para que asistan a las funciones y celebren junto a nosotros el mes de la m\u00fasica por medio del cine\u201d.<\/em><\/p>\n\n\n\n<p>La cita es para el jueves&nbsp;<strong>17 de octubre<\/strong>&nbsp;a las<strong>&nbsp;16:00 horas<\/strong>&nbsp;con la exhibici\u00f3n de<strong>&nbsp;\u00abUn concierto inolvidable: Nueva Ola, la pel\u00edcula\u201d<\/strong>. Dirigida por El\u00edas Llanos, narra la historia de 12 figuras prominentes de este movimiento nacido en los a\u00f1os 60. Motivados por la nostalgia, se proponen grabar una pel\u00edcula y buscan distintas formas de culminar con un emotivo concierto en el Teatro Municipal de Santiago.<\/p>\n\n\n\n<figure class=\"wp-block-image size-large\"><img fetchpriority=\"high\" decoding=\"async\" width=\"1024\" height=\"577\" src=\"https:\/\/www.valparaisocreativo.cl\/wp-content\/uploads\/2024\/10\/Foto-QLL-prensa-OCT-1-1024x577.jpg\" alt=\"\" class=\"wp-image-20763\" srcset=\"https:\/\/dev.antudigital.cl\/sites\/vc\/wp-content\/uploads\/2024\/10\/Foto-QLL-prensa-OCT-1-1024x577.jpg 1024w, https:\/\/dev.antudigital.cl\/sites\/vc\/wp-content\/uploads\/2024\/10\/Foto-QLL-prensa-OCT-1-300x169.jpg 300w, https:\/\/dev.antudigital.cl\/sites\/vc\/wp-content\/uploads\/2024\/10\/Foto-QLL-prensa-OCT-1-768x433.jpg 768w, https:\/\/dev.antudigital.cl\/sites\/vc\/wp-content\/uploads\/2024\/10\/Foto-QLL-prensa-OCT-1-1536x865.jpg 1536w, https:\/\/dev.antudigital.cl\/sites\/vc\/wp-content\/uploads\/2024\/10\/Foto-QLL-prensa-OCT-1-1080x608.jpg 1080w, https:\/\/dev.antudigital.cl\/sites\/vc\/wp-content\/uploads\/2024\/10\/Foto-QLL-prensa-OCT-1-1280x721.jpg 1280w, https:\/\/dev.antudigital.cl\/sites\/vc\/wp-content\/uploads\/2024\/10\/Foto-QLL-prensa-OCT-1-980x552.jpg 980w, https:\/\/dev.antudigital.cl\/sites\/vc\/wp-content\/uploads\/2024\/10\/Foto-QLL-prensa-OCT-1-480x270.jpg 480w, https:\/\/dev.antudigital.cl\/sites\/vc\/wp-content\/uploads\/2024\/10\/Foto-QLL-prensa-OCT-1-24x14.jpg 24w, https:\/\/dev.antudigital.cl\/sites\/vc\/wp-content\/uploads\/2024\/10\/Foto-QLL-prensa-OCT-1-36x20.jpg 36w, https:\/\/dev.antudigital.cl\/sites\/vc\/wp-content\/uploads\/2024\/10\/Foto-QLL-prensa-OCT-1-48x27.jpg 48w, https:\/\/dev.antudigital.cl\/sites\/vc\/wp-content\/uploads\/2024\/10\/Foto-QLL-prensa-OCT-1.jpg 1630w\" sizes=\"(max-width: 1024px) 100vw, 1024px\" \/><\/figure>\n\n\n\n<p>Y la jornada contin\u00faa a las&nbsp;<strong>19:00 horas<\/strong>&nbsp;con el documental&nbsp;<strong>\u201cMon Laferte, te amo\u201d<\/strong>&nbsp;dirigida por Camila Grandi y Joanna Reposi en la que nos adentraremos en la vida de la artista y cantante Mon Laferte y descubriremos su lado m\u00e1s \u00edntimo en medio de la maternidad y una gira mundial. Mientras enfrenta las heridas m\u00e1s profundas de una historia marcada por abusos, carencias y una permanente b\u00fasqueda del amor.<\/p>\n\n\n\n<p><strong>Esta iniciativa cuenta con el financiamiento del Ministerio de las Culturas, las Artes y el Patrimonio<\/strong>&nbsp;a trav\u00e9s de su Programa de Apoyo a Organizaciones Culturales Colaboradoras&nbsp;y cuenta con la colaboraci\u00f3n de la&nbsp;<strong>Municipalidad de Quillota, CFT PUCV y EFE Trenes Valpara\u00edso.<\/strong><\/p>\n\n\n\n<p><strong>Redes sociales: @ccquilpueaudiovisual<\/strong><\/p>\n\n\n\n<p><a href=\"http:\/\/www.quilpueaudiovisual.cl\/\" target=\"_blank\" rel=\"noreferrer noopener\">www.quilpueaudiovisual.cl<\/a><\/p>\n\n\n\n<figure class=\"wp-block-image size-large\"><img decoding=\"async\" width=\"819\" height=\"1024\" src=\"https:\/\/www.valparaisocreativo.cl\/wp-content\/uploads\/2024\/10\/CARTELERA-QLL-OCTB-CCQA-819x1024.png\" alt=\"\" class=\"wp-image-20762\" srcset=\"https:\/\/dev.antudigital.cl\/sites\/vc\/wp-content\/uploads\/2024\/10\/CARTELERA-QLL-OCTB-CCQA-819x1024.png 819w, https:\/\/dev.antudigital.cl\/sites\/vc\/wp-content\/uploads\/2024\/10\/CARTELERA-QLL-OCTB-CCQA-240x300.png 240w, https:\/\/dev.antudigital.cl\/sites\/vc\/wp-content\/uploads\/2024\/10\/CARTELERA-QLL-OCTB-CCQA-768x960.png 768w, https:\/\/dev.antudigital.cl\/sites\/vc\/wp-content\/uploads\/2024\/10\/CARTELERA-QLL-OCTB-CCQA-980x1225.png 980w, https:\/\/dev.antudigital.cl\/sites\/vc\/wp-content\/uploads\/2024\/10\/CARTELERA-QLL-OCTB-CCQA-480x600.png 480w, https:\/\/dev.antudigital.cl\/sites\/vc\/wp-content\/uploads\/2024\/10\/CARTELERA-QLL-OCTB-CCQA-19x24.png 19w, https:\/\/dev.antudigital.cl\/sites\/vc\/wp-content\/uploads\/2024\/10\/CARTELERA-QLL-OCTB-CCQA-29x36.png 29w, https:\/\/dev.antudigital.cl\/sites\/vc\/wp-content\/uploads\/2024\/10\/CARTELERA-QLL-OCTB-CCQA-38x48.png 38w, https:\/\/dev.antudigital.cl\/sites\/vc\/wp-content\/uploads\/2024\/10\/CARTELERA-QLL-OCTB-CCQA.png 1080w\" sizes=\"(max-width: 819px) 100vw, 819px\" \/><\/figure>\n","protected":false},"excerpt":{"rendered":"<p>El&nbsp;Centro Cultural Quilpu\u00e9 Audiovisual&nbsp;junto con el&nbsp;Departamento de Cultura de la Municipalidad de Quillota&nbsp;invitan a la comunidad a disfrutar de dos funciones que se desarrollar\u00e1n en el&nbsp;Centro Cultural Leopoldo Silva.&nbsp;Las proyecciones son con entrada liberada y al terminar se realizar\u00e1n instancias de conversaci\u00f3n. Sobre la programaci\u00f3n,&nbsp;Laura Espinoza, Encargada de Mediaci\u00f3n y P\u00fablicos del CCQA&nbsp;afirma:&nbsp;\u201cHemos querido estar [&hellip;]<\/p>\n","protected":false},"author":1,"featured_media":20764,"comment_status":"closed","ping_status":"closed","sticky":false,"template":"","format":"standard","meta":{"_acf_changed":false,"footnotes":""},"categories":[8],"tags":[],"class_list":["post-20761","post","type-post","status-publish","format-standard","has-post-thumbnail","hentry","category-noticia"],"acf":[],"yoast_head":"<!-- This site is optimized with the Yoast SEO plugin v27.1.1 - https:\/\/yoast.com\/product\/yoast-seo-wordpress\/ -->\n<title>El documental \u201cMon Laferte, te amo\u201d y \u201cUn concierto inolvidable: Nueva Ola, la pel\u00edcula\u201d se exhibir\u00e1n gratis en Quillota - Valpara\u00ed\u00adso Creativo<\/title>\n<meta name=\"robots\" content=\"index, follow, max-snippet:-1, max-image-preview:large, max-video-preview:-1\" \/>\n<link rel=\"canonical\" href=\"https:\/\/dev.antudigital.cl\/sites\/vc\/el-documental-mon-laferte-te-amo-y-un-concierto-inolvidable-nueva-ola-la-pelicula-se-exhibiran-gratis-en-quillota\/\" \/>\n<meta property=\"og:locale\" content=\"es_ES\" \/>\n<meta property=\"og:type\" content=\"article\" \/>\n<meta property=\"og:title\" content=\"El documental \u201cMon Laferte, te amo\u201d y \u201cUn concierto inolvidable: Nueva Ola, la pel\u00edcula\u201d se exhibir\u00e1n gratis en Quillota - Valpara\u00ed\u00adso Creativo\" \/>\n<meta property=\"og:description\" content=\"El&nbsp;Centro Cultural Quilpu\u00e9 Audiovisual&nbsp;junto con el&nbsp;Departamento de Cultura de la Municipalidad de Quillota&nbsp;invitan a la comunidad a disfrutar de dos funciones que se desarrollar\u00e1n en el&nbsp;Centro Cultural Leopoldo Silva.&nbsp;Las proyecciones son con entrada liberada y al terminar se realizar\u00e1n instancias de conversaci\u00f3n. Sobre la programaci\u00f3n,&nbsp;Laura Espinoza, Encargada de Mediaci\u00f3n y P\u00fablicos del CCQA&nbsp;afirma:&nbsp;\u201cHemos querido estar [&hellip;]\" \/>\n<meta property=\"og:url\" content=\"https:\/\/dev.antudigital.cl\/sites\/vc\/el-documental-mon-laferte-te-amo-y-un-concierto-inolvidable-nueva-ola-la-pelicula-se-exhibiran-gratis-en-quillota\/\" \/>\n<meta property=\"og:site_name\" content=\"Valpara\u00ed\u00adso Creativo\" \/>\n<meta property=\"article:published_time\" content=\"2024-10-14T18:50:22+00:00\" \/>\n<meta property=\"article:modified_time\" content=\"2024-10-14T18:50:40+00:00\" \/>\n<meta property=\"og:image\" content=\"https:\/\/dev.antudigital.cl\/sites\/vc\/wp-content\/uploads\/2024\/10\/Mon-laferte-2.jpg\" \/>\n\t<meta property=\"og:image:width\" content=\"1280\" \/>\n\t<meta property=\"og:image:height\" content=\"720\" \/>\n\t<meta property=\"og:image:type\" content=\"image\/jpeg\" \/>\n<meta name=\"author\" content=\"Valpara\u00edso Creativo\" \/>\n<meta name=\"twitter:card\" content=\"summary_large_image\" \/>\n<meta name=\"twitter:label1\" content=\"Escrito por\" \/>\n\t<meta name=\"twitter:data1\" content=\"Valpara\u00edso Creativo\" \/>\n\t<meta name=\"twitter:label2\" content=\"Tiempo de lectura\" \/>\n\t<meta name=\"twitter:data2\" content=\"2 minutos\" \/>\n<script type=\"application\/ld+json\" class=\"yoast-schema-graph\">{\"@context\":\"https:\/\/schema.org\",\"@graph\":[{\"@type\":\"Article\",\"@id\":\"https:\/\/dev.antudigital.cl\/sites\/vc\/el-documental-mon-laferte-te-amo-y-un-concierto-inolvidable-nueva-ola-la-pelicula-se-exhibiran-gratis-en-quillota\/#article\",\"isPartOf\":{\"@id\":\"https:\/\/dev.antudigital.cl\/sites\/vc\/el-documental-mon-laferte-te-amo-y-un-concierto-inolvidable-nueva-ola-la-pelicula-se-exhibiran-gratis-en-quillota\/\"},\"author\":{\"name\":\"Valpara\u00edso Creativo\",\"@id\":\"https:\/\/dev.antudigital.cl\/sites\/vc\/#\/schema\/person\/c2b9da8dd545e27166fc5ab232837318\"},\"headline\":\"El documental \u201cMon Laferte, te amo\u201d y \u201cUn concierto inolvidable: Nueva Ola, la pel\u00edcula\u201d se exhibir\u00e1n gratis en Quillota\",\"datePublished\":\"2024-10-14T18:50:22+00:00\",\"dateModified\":\"2024-10-14T18:50:40+00:00\",\"mainEntityOfPage\":{\"@id\":\"https:\/\/dev.antudigital.cl\/sites\/vc\/el-documental-mon-laferte-te-amo-y-un-concierto-inolvidable-nueva-ola-la-pelicula-se-exhibiran-gratis-en-quillota\/\"},\"wordCount\":368,\"image\":{\"@id\":\"https:\/\/dev.antudigital.cl\/sites\/vc\/el-documental-mon-laferte-te-amo-y-un-concierto-inolvidable-nueva-ola-la-pelicula-se-exhibiran-gratis-en-quillota\/#primaryimage\"},\"thumbnailUrl\":\"https:\/\/dev.antudigital.cl\/sites\/vc\/wp-content\/uploads\/2024\/10\/Mon-laferte-2.jpg\",\"articleSection\":[\"Noticia\"],\"inLanguage\":\"es\"},{\"@type\":\"WebPage\",\"@id\":\"https:\/\/dev.antudigital.cl\/sites\/vc\/el-documental-mon-laferte-te-amo-y-un-concierto-inolvidable-nueva-ola-la-pelicula-se-exhibiran-gratis-en-quillota\/\",\"url\":\"https:\/\/dev.antudigital.cl\/sites\/vc\/el-documental-mon-laferte-te-amo-y-un-concierto-inolvidable-nueva-ola-la-pelicula-se-exhibiran-gratis-en-quillota\/\",\"name\":\"El documental \u201cMon Laferte, te amo\u201d y \u201cUn concierto inolvidable: Nueva Ola, la pel\u00edcula\u201d se exhibir\u00e1n gratis en Quillota - Valpara\u00ed\u00adso Creativo\",\"isPartOf\":{\"@id\":\"https:\/\/dev.antudigital.cl\/sites\/vc\/#website\"},\"primaryImageOfPage\":{\"@id\":\"https:\/\/dev.antudigital.cl\/sites\/vc\/el-documental-mon-laferte-te-amo-y-un-concierto-inolvidable-nueva-ola-la-pelicula-se-exhibiran-gratis-en-quillota\/#primaryimage\"},\"image\":{\"@id\":\"https:\/\/dev.antudigital.cl\/sites\/vc\/el-documental-mon-laferte-te-amo-y-un-concierto-inolvidable-nueva-ola-la-pelicula-se-exhibiran-gratis-en-quillota\/#primaryimage\"},\"thumbnailUrl\":\"https:\/\/dev.antudigital.cl\/sites\/vc\/wp-content\/uploads\/2024\/10\/Mon-laferte-2.jpg\",\"datePublished\":\"2024-10-14T18:50:22+00:00\",\"dateModified\":\"2024-10-14T18:50:40+00:00\",\"author\":{\"@id\":\"https:\/\/dev.antudigital.cl\/sites\/vc\/#\/schema\/person\/c2b9da8dd545e27166fc5ab232837318\"},\"breadcrumb\":{\"@id\":\"https:\/\/dev.antudigital.cl\/sites\/vc\/el-documental-mon-laferte-te-amo-y-un-concierto-inolvidable-nueva-ola-la-pelicula-se-exhibiran-gratis-en-quillota\/#breadcrumb\"},\"inLanguage\":\"es\",\"potentialAction\":[{\"@type\":\"ReadAction\",\"target\":[\"https:\/\/dev.antudigital.cl\/sites\/vc\/el-documental-mon-laferte-te-amo-y-un-concierto-inolvidable-nueva-ola-la-pelicula-se-exhibiran-gratis-en-quillota\/\"]}]},{\"@type\":\"ImageObject\",\"inLanguage\":\"es\",\"@id\":\"https:\/\/dev.antudigital.cl\/sites\/vc\/el-documental-mon-laferte-te-amo-y-un-concierto-inolvidable-nueva-ola-la-pelicula-se-exhibiran-gratis-en-quillota\/#primaryimage\",\"url\":\"https:\/\/dev.antudigital.cl\/sites\/vc\/wp-content\/uploads\/2024\/10\/Mon-laferte-2.jpg\",\"contentUrl\":\"https:\/\/dev.antudigital.cl\/sites\/vc\/wp-content\/uploads\/2024\/10\/Mon-laferte-2.jpg\",\"width\":1280,\"height\":720},{\"@type\":\"BreadcrumbList\",\"@id\":\"https:\/\/dev.antudigital.cl\/sites\/vc\/el-documental-mon-laferte-te-amo-y-un-concierto-inolvidable-nueva-ola-la-pelicula-se-exhibiran-gratis-en-quillota\/#breadcrumb\",\"itemListElement\":[{\"@type\":\"ListItem\",\"position\":1,\"name\":\"Home\",\"item\":\"https:\/\/dev.antudigital.cl\/sites\/vc\/\"},{\"@type\":\"ListItem\",\"position\":2,\"name\":\"El documental \u201cMon Laferte, te amo\u201d y \u201cUn concierto inolvidable: Nueva Ola, la pel\u00edcula\u201d se exhibir\u00e1n gratis en Quillota\"}]},{\"@type\":\"WebSite\",\"@id\":\"https:\/\/dev.antudigital.cl\/sites\/vc\/#website\",\"url\":\"https:\/\/dev.antudigital.cl\/sites\/vc\/\",\"name\":\"Valpara\u00ed\u00adso Creativo\",\"description\":\"\",\"potentialAction\":[{\"@type\":\"SearchAction\",\"target\":{\"@type\":\"EntryPoint\",\"urlTemplate\":\"https:\/\/dev.antudigital.cl\/sites\/vc\/?s={search_term_string}\"},\"query-input\":{\"@type\":\"PropertyValueSpecification\",\"valueRequired\":true,\"valueName\":\"search_term_string\"}}],\"inLanguage\":\"es\"},{\"@type\":\"Person\",\"@id\":\"https:\/\/dev.antudigital.cl\/sites\/vc\/#\/schema\/person\/c2b9da8dd545e27166fc5ab232837318\",\"name\":\"Valpara\u00edso Creativo\",\"description\":\"Periodista de cultura en la Regi\u00f3n de Valpara\u00edso.\",\"url\":\"https:\/\/dev.antudigital.cl\/sites\/vc\/author\/valpoadmin\/\"}]}<\/script>\n<!-- \/ Yoast SEO plugin. -->","yoast_head_json":{"title":"El documental \u201cMon Laferte, te amo\u201d y \u201cUn concierto inolvidable: Nueva Ola, la pel\u00edcula\u201d se exhibir\u00e1n gratis en Quillota - Valpara\u00ed\u00adso Creativo","robots":{"index":"index","follow":"follow","max-snippet":"max-snippet:-1","max-image-preview":"max-image-preview:large","max-video-preview":"max-video-preview:-1"},"canonical":"https:\/\/dev.antudigital.cl\/sites\/vc\/el-documental-mon-laferte-te-amo-y-un-concierto-inolvidable-nueva-ola-la-pelicula-se-exhibiran-gratis-en-quillota\/","og_locale":"es_ES","og_type":"article","og_title":"El documental \u201cMon Laferte, te amo\u201d y \u201cUn concierto inolvidable: Nueva Ola, la pel\u00edcula\u201d se exhibir\u00e1n gratis en Quillota - Valpara\u00ed\u00adso Creativo","og_description":"El&nbsp;Centro Cultural Quilpu\u00e9 Audiovisual&nbsp;junto con el&nbsp;Departamento de Cultura de la Municipalidad de Quillota&nbsp;invitan a la comunidad a disfrutar de dos funciones que se desarrollar\u00e1n en el&nbsp;Centro Cultural Leopoldo Silva.&nbsp;Las proyecciones son con entrada liberada y al terminar se realizar\u00e1n instancias de conversaci\u00f3n. Sobre la programaci\u00f3n,&nbsp;Laura Espinoza, Encargada de Mediaci\u00f3n y P\u00fablicos del CCQA&nbsp;afirma:&nbsp;\u201cHemos querido estar [&hellip;]","og_url":"https:\/\/dev.antudigital.cl\/sites\/vc\/el-documental-mon-laferte-te-amo-y-un-concierto-inolvidable-nueva-ola-la-pelicula-se-exhibiran-gratis-en-quillota\/","og_site_name":"Valpara\u00ed\u00adso Creativo","article_published_time":"2024-10-14T18:50:22+00:00","article_modified_time":"2024-10-14T18:50:40+00:00","og_image":[{"width":1280,"height":720,"url":"https:\/\/dev.antudigital.cl\/sites\/vc\/wp-content\/uploads\/2024\/10\/Mon-laferte-2.jpg","type":"image\/jpeg"}],"author":"Valpara\u00edso Creativo","twitter_card":"summary_large_image","twitter_misc":{"Escrito por":"Valpara\u00edso Creativo","Tiempo de lectura":"2 minutos"},"schema":{"@context":"https:\/\/schema.org","@graph":[{"@type":"Article","@id":"https:\/\/dev.antudigital.cl\/sites\/vc\/el-documental-mon-laferte-te-amo-y-un-concierto-inolvidable-nueva-ola-la-pelicula-se-exhibiran-gratis-en-quillota\/#article","isPartOf":{"@id":"https:\/\/dev.antudigital.cl\/sites\/vc\/el-documental-mon-laferte-te-amo-y-un-concierto-inolvidable-nueva-ola-la-pelicula-se-exhibiran-gratis-en-quillota\/"},"author":{"name":"Valpara\u00edso Creativo","@id":"https:\/\/dev.antudigital.cl\/sites\/vc\/#\/schema\/person\/c2b9da8dd545e27166fc5ab232837318"},"headline":"El documental \u201cMon Laferte, te amo\u201d y \u201cUn concierto inolvidable: Nueva Ola, la pel\u00edcula\u201d se exhibir\u00e1n gratis en Quillota","datePublished":"2024-10-14T18:50:22+00:00","dateModified":"2024-10-14T18:50:40+00:00","mainEntityOfPage":{"@id":"https:\/\/dev.antudigital.cl\/sites\/vc\/el-documental-mon-laferte-te-amo-y-un-concierto-inolvidable-nueva-ola-la-pelicula-se-exhibiran-gratis-en-quillota\/"},"wordCount":368,"image":{"@id":"https:\/\/dev.antudigital.cl\/sites\/vc\/el-documental-mon-laferte-te-amo-y-un-concierto-inolvidable-nueva-ola-la-pelicula-se-exhibiran-gratis-en-quillota\/#primaryimage"},"thumbnailUrl":"https:\/\/dev.antudigital.cl\/sites\/vc\/wp-content\/uploads\/2024\/10\/Mon-laferte-2.jpg","articleSection":["Noticia"],"inLanguage":"es"},{"@type":"WebPage","@id":"https:\/\/dev.antudigital.cl\/sites\/vc\/el-documental-mon-laferte-te-amo-y-un-concierto-inolvidable-nueva-ola-la-pelicula-se-exhibiran-gratis-en-quillota\/","url":"https:\/\/dev.antudigital.cl\/sites\/vc\/el-documental-mon-laferte-te-amo-y-un-concierto-inolvidable-nueva-ola-la-pelicula-se-exhibiran-gratis-en-quillota\/","name":"El documental \u201cMon Laferte, te amo\u201d y \u201cUn concierto inolvidable: Nueva Ola, la pel\u00edcula\u201d se exhibir\u00e1n gratis en Quillota - Valpara\u00ed\u00adso Creativo","isPartOf":{"@id":"https:\/\/dev.antudigital.cl\/sites\/vc\/#website"},"primaryImageOfPage":{"@id":"https:\/\/dev.antudigital.cl\/sites\/vc\/el-documental-mon-laferte-te-amo-y-un-concierto-inolvidable-nueva-ola-la-pelicula-se-exhibiran-gratis-en-quillota\/#primaryimage"},"image":{"@id":"https:\/\/dev.antudigital.cl\/sites\/vc\/el-documental-mon-laferte-te-amo-y-un-concierto-inolvidable-nueva-ola-la-pelicula-se-exhibiran-gratis-en-quillota\/#primaryimage"},"thumbnailUrl":"https:\/\/dev.antudigital.cl\/sites\/vc\/wp-content\/uploads\/2024\/10\/Mon-laferte-2.jpg","datePublished":"2024-10-14T18:50:22+00:00","dateModified":"2024-10-14T18:50:40+00:00","author":{"@id":"https:\/\/dev.antudigital.cl\/sites\/vc\/#\/schema\/person\/c2b9da8dd545e27166fc5ab232837318"},"breadcrumb":{"@id":"https:\/\/dev.antudigital.cl\/sites\/vc\/el-documental-mon-laferte-te-amo-y-un-concierto-inolvidable-nueva-ola-la-pelicula-se-exhibiran-gratis-en-quillota\/#breadcrumb"},"inLanguage":"es","potentialAction":[{"@type":"ReadAction","target":["https:\/\/dev.antudigital.cl\/sites\/vc\/el-documental-mon-laferte-te-amo-y-un-concierto-inolvidable-nueva-ola-la-pelicula-se-exhibiran-gratis-en-quillota\/"]}]},{"@type":"ImageObject","inLanguage":"es","@id":"https:\/\/dev.antudigital.cl\/sites\/vc\/el-documental-mon-laferte-te-amo-y-un-concierto-inolvidable-nueva-ola-la-pelicula-se-exhibiran-gratis-en-quillota\/#primaryimage","url":"https:\/\/dev.antudigital.cl\/sites\/vc\/wp-content\/uploads\/2024\/10\/Mon-laferte-2.jpg","contentUrl":"https:\/\/dev.antudigital.cl\/sites\/vc\/wp-content\/uploads\/2024\/10\/Mon-laferte-2.jpg","width":1280,"height":720},{"@type":"BreadcrumbList","@id":"https:\/\/dev.antudigital.cl\/sites\/vc\/el-documental-mon-laferte-te-amo-y-un-concierto-inolvidable-nueva-ola-la-pelicula-se-exhibiran-gratis-en-quillota\/#breadcrumb","itemListElement":[{"@type":"ListItem","position":1,"name":"Home","item":"https:\/\/dev.antudigital.cl\/sites\/vc\/"},{"@type":"ListItem","position":2,"name":"El documental \u201cMon Laferte, te amo\u201d y \u201cUn concierto inolvidable: Nueva Ola, la pel\u00edcula\u201d se exhibir\u00e1n gratis en Quillota"}]},{"@type":"WebSite","@id":"https:\/\/dev.antudigital.cl\/sites\/vc\/#website","url":"https:\/\/dev.antudigital.cl\/sites\/vc\/","name":"Valpara\u00ed\u00adso Creativo","description":"","potentialAction":[{"@type":"SearchAction","target":{"@type":"EntryPoint","urlTemplate":"https:\/\/dev.antudigital.cl\/sites\/vc\/?s={search_term_string}"},"query-input":{"@type":"PropertyValueSpecification","valueRequired":true,"valueName":"search_term_string"}}],"inLanguage":"es"},{"@type":"Person","@id":"https:\/\/dev.antudigital.cl\/sites\/vc\/#\/schema\/person\/c2b9da8dd545e27166fc5ab232837318","name":"Valpara\u00edso Creativo","description":"Periodista de cultura en la Regi\u00f3n de Valpara\u00edso.","url":"https:\/\/dev.antudigital.cl\/sites\/vc\/author\/valpoadmin\/"}]}},"_links":{"self":[{"href":"https:\/\/dev.antudigital.cl\/sites\/vc\/wp-json\/wp\/v2\/posts\/20761","targetHints":{"allow":["GET"]}}],"collection":[{"href":"https:\/\/dev.antudigital.cl\/sites\/vc\/wp-json\/wp\/v2\/posts"}],"about":[{"href":"https:\/\/dev.antudigital.cl\/sites\/vc\/wp-json\/wp\/v2\/types\/post"}],"author":[{"embeddable":true,"href":"https:\/\/dev.antudigital.cl\/sites\/vc\/wp-json\/wp\/v2\/users\/1"}],"replies":[{"embeddable":true,"href":"https:\/\/dev.antudigital.cl\/sites\/vc\/wp-json\/wp\/v2\/comments?post=20761"}],"version-history":[{"count":1,"href":"https:\/\/dev.antudigital.cl\/sites\/vc\/wp-json\/wp\/v2\/posts\/20761\/revisions"}],"predecessor-version":[{"id":20765,"href":"https:\/\/dev.antudigital.cl\/sites\/vc\/wp-json\/wp\/v2\/posts\/20761\/revisions\/20765"}],"wp:featuredmedia":[{"embeddable":true,"href":"https:\/\/dev.antudigital.cl\/sites\/vc\/wp-json\/wp\/v2\/media\/20764"}],"wp:attachment":[{"href":"https:\/\/dev.antudigital.cl\/sites\/vc\/wp-json\/wp\/v2\/media?parent=20761"}],"wp:term":[{"taxonomy":"category","embeddable":true,"href":"https:\/\/dev.antudigital.cl\/sites\/vc\/wp-json\/wp\/v2\/categories?post=20761"},{"taxonomy":"post_tag","embeddable":true,"href":"https:\/\/dev.antudigital.cl\/sites\/vc\/wp-json\/wp\/v2\/tags?post=20761"}],"curies":[{"name":"wp","href":"https:\/\/api.w.org\/{rel}","templated":true}]}}