{"id":20766,"date":"2024-10-14T18:54:32","date_gmt":"2024-10-14T18:54:32","guid":{"rendered":"https:\/\/www.valparaisocreativo.cl\/?p=20766"},"modified":"2024-10-14T18:55:02","modified_gmt":"2024-10-14T18:55:02","slug":"sonidos-primaverales-rock-flores-y-feminismo","status":"publish","type":"post","link":"https:\/\/dev.antudigital.cl\/sites\/vc\/sonidos-primaverales-rock-flores-y-feminismo\/","title":{"rendered":"SONIDOS PRIMAVERALES: rock, flores y feminismo"},"content":{"rendered":"\n<p>Gomitas \u00e1cidas, Flores y nanai se presentan en el Bar Vien\u00e9s.<\/p>\n\n\n\n<p>Las bandas femeninas y disidentes de la quinta regi\u00f3n se re\u00fanen para presentarse este s\u00e1bado 19 de octubre en el Bar Vien\u00e9s a las 21:00 hrs.<\/p>\n\n\n\n<p>Como una iniciativa espont\u00e1nea y autogestionada se forja esta alianza al alero del Sello Leviat\u00e1n y la productora Rizoma, para dar comienzo a esta primavera de una forma ruidosa y colorida.<\/p>\n\n\n\n<p>G\u00f3mitas \u00e1cidas, banda formada el 2022 tiene un sonido que va desde el rock al pop, el cual se mueve por subg\u00e9neros como el bubblegrunge, shoegaze y alternativo. En abril de este a\u00f1o publicaron su primer sencillo: \u201csiesta de verano\u201d y actualmente se encuentran produciendo su primer LP.<\/p>\n\n\n\n<p>nanai es un proyecto de rock\/pop con matices de percusi\u00f3n latina y electr\u00f3nica que a menos de 2 a\u00f1os de su formaci\u00f3n ya se ha presentado en el Festival Rock\u00f3dromo y se encuentra a un mes de su show en el Femfest,&nbsp; est\u00e1n tambi\u00e9n en proceso de producci\u00f3n de su primer videoclip.<\/p>\n\n\n\n<p>Flores es una banda de pop rock y synth pop nacida en La Calera, su trabajo se caracteriza por tener una producci\u00f3n lofi y una propuesta conceptual experimental.&nbsp; Este a\u00f1o lanzaron su tercer LP: \u201cSintomatolog\u00eda\u201d.<\/p>\n\n\n\n<p>Estos tres proyectos de la escena indie de la quinta regi\u00f3n se encuentran comprometidos con una perspectiva disidente buscando generar instancias cr\u00edticas ya sea en sus espacios de trabajo como en sus expresiones art\u00edsticas.<\/p>\n\n\n\n<p>Las bandas emergentes convocantes ya cuentan con su p\u00fablico propio y se espera lograr una gran asistencia para esta fecha primaveral.<\/p>\n\n\n\n<p><strong>S\u00e1bado 19 de octubre<\/strong><\/p>\n\n\n\n<p><strong>21:00 hrs<\/strong><\/p>\n\n\n\n<p><strong>Bar Vien\u00e9s<\/strong><\/p>\n\n\n\n<p><strong>Entradas v\u00eda portaltickets<\/strong><\/p>\n\n\n\n<p><a href=\"https:\/\/portaldisc.com\/evento\/sonidosprimaverales\">https:\/\/portaldisc.com\/evento\/sonidosprimaverales<\/a><\/p>\n\n\n\n<p><strong>Preventa: $3.000<\/strong><\/p>\n\n\n\n<p><strong>General: $5.000<\/strong><\/p>\n\n\n\n<figure class=\"wp-block-image size-full\"><img fetchpriority=\"high\" decoding=\"async\" width=\"1000\" height=\"1000\" src=\"https:\/\/www.valparaisocreativo.cl\/wp-content\/uploads\/2024\/10\/unnamed-3.jpg\" alt=\"\" class=\"wp-image-20768\" srcset=\"https:\/\/dev.antudigital.cl\/sites\/vc\/wp-content\/uploads\/2024\/10\/unnamed-3.jpg 1000w, https:\/\/dev.antudigital.cl\/sites\/vc\/wp-content\/uploads\/2024\/10\/unnamed-3-300x300.jpg 300w, https:\/\/dev.antudigital.cl\/sites\/vc\/wp-content\/uploads\/2024\/10\/unnamed-3-150x150.jpg 150w, https:\/\/dev.antudigital.cl\/sites\/vc\/wp-content\/uploads\/2024\/10\/unnamed-3-768x768.jpg 768w, https:\/\/dev.antudigital.cl\/sites\/vc\/wp-content\/uploads\/2024\/10\/unnamed-3-980x980.jpg 980w, https:\/\/dev.antudigital.cl\/sites\/vc\/wp-content\/uploads\/2024\/10\/unnamed-3-480x480.jpg 480w, https:\/\/dev.antudigital.cl\/sites\/vc\/wp-content\/uploads\/2024\/10\/unnamed-3-24x24.jpg 24w, https:\/\/dev.antudigital.cl\/sites\/vc\/wp-content\/uploads\/2024\/10\/unnamed-3-36x36.jpg 36w, https:\/\/dev.antudigital.cl\/sites\/vc\/wp-content\/uploads\/2024\/10\/unnamed-3-48x48.jpg 48w\" sizes=\"(max-width: 1000px) 100vw, 1000px\" \/><\/figure>\n","protected":false},"excerpt":{"rendered":"<p>Gomitas \u00e1cidas, Flores y nanai se presentan en el Bar Vien\u00e9s. Las bandas femeninas y disidentes de la quinta regi\u00f3n se re\u00fanen para presentarse este s\u00e1bado 19 de octubre en el Bar Vien\u00e9s a las 21:00 hrs. Como una iniciativa espont\u00e1nea y autogestionada se forja esta alianza al alero del Sello Leviat\u00e1n y la productora [&hellip;]<\/p>\n","protected":false},"author":1,"featured_media":20767,"comment_status":"closed","ping_status":"closed","sticky":false,"template":"","format":"standard","meta":{"_acf_changed":false,"footnotes":""},"categories":[8],"tags":[],"class_list":["post-20766","post","type-post","status-publish","format-standard","has-post-thumbnail","hentry","category-noticia"],"acf":[],"yoast_head":"<!-- This site is optimized with the Yoast SEO plugin v27.1.1 - https:\/\/yoast.com\/product\/yoast-seo-wordpress\/ -->\n<title>SONIDOS PRIMAVERALES: rock, flores y feminismo - Valpara\u00ed\u00adso Creativo<\/title>\n<meta name=\"robots\" content=\"index, follow, max-snippet:-1, max-image-preview:large, max-video-preview:-1\" \/>\n<link rel=\"canonical\" href=\"https:\/\/dev.antudigital.cl\/sites\/vc\/sonidos-primaverales-rock-flores-y-feminismo\/\" \/>\n<meta property=\"og:locale\" content=\"es_ES\" \/>\n<meta property=\"og:type\" content=\"article\" \/>\n<meta property=\"og:title\" content=\"SONIDOS PRIMAVERALES: rock, flores y feminismo - Valpara\u00ed\u00adso Creativo\" \/>\n<meta property=\"og:description\" content=\"Gomitas \u00e1cidas, Flores y nanai se presentan en el Bar Vien\u00e9s. Las bandas femeninas y disidentes de la quinta regi\u00f3n se re\u00fanen para presentarse este s\u00e1bado 19 de octubre en el Bar Vien\u00e9s a las 21:00 hrs. Como una iniciativa espont\u00e1nea y autogestionada se forja esta alianza al alero del Sello Leviat\u00e1n y la productora [&hellip;]\" \/>\n<meta property=\"og:url\" content=\"https:\/\/dev.antudigital.cl\/sites\/vc\/sonidos-primaverales-rock-flores-y-feminismo\/\" \/>\n<meta property=\"og:site_name\" content=\"Valpara\u00ed\u00adso Creativo\" \/>\n<meta property=\"article:published_time\" content=\"2024-10-14T18:54:32+00:00\" \/>\n<meta property=\"article:modified_time\" content=\"2024-10-14T18:55:02+00:00\" \/>\n<meta property=\"og:image\" content=\"https:\/\/dev.antudigital.cl\/sites\/vc\/wp-content\/uploads\/2024\/10\/nanai-.png\" \/>\n\t<meta property=\"og:image:width\" content=\"808\" \/>\n\t<meta property=\"og:image:height\" content=\"464\" \/>\n\t<meta property=\"og:image:type\" content=\"image\/png\" \/>\n<meta name=\"author\" content=\"Valpara\u00edso Creativo\" \/>\n<meta name=\"twitter:card\" content=\"summary_large_image\" \/>\n<meta name=\"twitter:label1\" content=\"Escrito por\" \/>\n\t<meta name=\"twitter:data1\" content=\"Valpara\u00edso Creativo\" \/>\n\t<meta name=\"twitter:label2\" content=\"Tiempo de lectura\" \/>\n\t<meta name=\"twitter:data2\" content=\"2 minutos\" \/>\n<script type=\"application\/ld+json\" class=\"yoast-schema-graph\">{\"@context\":\"https:\/\/schema.org\",\"@graph\":[{\"@type\":\"Article\",\"@id\":\"https:\/\/dev.antudigital.cl\/sites\/vc\/sonidos-primaverales-rock-flores-y-feminismo\/#article\",\"isPartOf\":{\"@id\":\"https:\/\/dev.antudigital.cl\/sites\/vc\/sonidos-primaverales-rock-flores-y-feminismo\/\"},\"author\":{\"name\":\"Valpara\u00edso Creativo\",\"@id\":\"https:\/\/dev.antudigital.cl\/sites\/vc\/#\/schema\/person\/c2b9da8dd545e27166fc5ab232837318\"},\"headline\":\"SONIDOS PRIMAVERALES: rock, flores y feminismo\",\"datePublished\":\"2024-10-14T18:54:32+00:00\",\"dateModified\":\"2024-10-14T18:55:02+00:00\",\"mainEntityOfPage\":{\"@id\":\"https:\/\/dev.antudigital.cl\/sites\/vc\/sonidos-primaverales-rock-flores-y-feminismo\/\"},\"wordCount\":307,\"image\":{\"@id\":\"https:\/\/dev.antudigital.cl\/sites\/vc\/sonidos-primaverales-rock-flores-y-feminismo\/#primaryimage\"},\"thumbnailUrl\":\"https:\/\/dev.antudigital.cl\/sites\/vc\/wp-content\/uploads\/2024\/10\/nanai-.png\",\"articleSection\":[\"Noticia\"],\"inLanguage\":\"es\"},{\"@type\":\"WebPage\",\"@id\":\"https:\/\/dev.antudigital.cl\/sites\/vc\/sonidos-primaverales-rock-flores-y-feminismo\/\",\"url\":\"https:\/\/dev.antudigital.cl\/sites\/vc\/sonidos-primaverales-rock-flores-y-feminismo\/\",\"name\":\"SONIDOS PRIMAVERALES: rock, flores y feminismo - Valpara\u00ed\u00adso Creativo\",\"isPartOf\":{\"@id\":\"https:\/\/dev.antudigital.cl\/sites\/vc\/#website\"},\"primaryImageOfPage\":{\"@id\":\"https:\/\/dev.antudigital.cl\/sites\/vc\/sonidos-primaverales-rock-flores-y-feminismo\/#primaryimage\"},\"image\":{\"@id\":\"https:\/\/dev.antudigital.cl\/sites\/vc\/sonidos-primaverales-rock-flores-y-feminismo\/#primaryimage\"},\"thumbnailUrl\":\"https:\/\/dev.antudigital.cl\/sites\/vc\/wp-content\/uploads\/2024\/10\/nanai-.png\",\"datePublished\":\"2024-10-14T18:54:32+00:00\",\"dateModified\":\"2024-10-14T18:55:02+00:00\",\"author\":{\"@id\":\"https:\/\/dev.antudigital.cl\/sites\/vc\/#\/schema\/person\/c2b9da8dd545e27166fc5ab232837318\"},\"breadcrumb\":{\"@id\":\"https:\/\/dev.antudigital.cl\/sites\/vc\/sonidos-primaverales-rock-flores-y-feminismo\/#breadcrumb\"},\"inLanguage\":\"es\",\"potentialAction\":[{\"@type\":\"ReadAction\",\"target\":[\"https:\/\/dev.antudigital.cl\/sites\/vc\/sonidos-primaverales-rock-flores-y-feminismo\/\"]}]},{\"@type\":\"ImageObject\",\"inLanguage\":\"es\",\"@id\":\"https:\/\/dev.antudigital.cl\/sites\/vc\/sonidos-primaverales-rock-flores-y-feminismo\/#primaryimage\",\"url\":\"https:\/\/dev.antudigital.cl\/sites\/vc\/wp-content\/uploads\/2024\/10\/nanai-.png\",\"contentUrl\":\"https:\/\/dev.antudigital.cl\/sites\/vc\/wp-content\/uploads\/2024\/10\/nanai-.png\",\"width\":808,\"height\":464},{\"@type\":\"BreadcrumbList\",\"@id\":\"https:\/\/dev.antudigital.cl\/sites\/vc\/sonidos-primaverales-rock-flores-y-feminismo\/#breadcrumb\",\"itemListElement\":[{\"@type\":\"ListItem\",\"position\":1,\"name\":\"Home\",\"item\":\"https:\/\/dev.antudigital.cl\/sites\/vc\/\"},{\"@type\":\"ListItem\",\"position\":2,\"name\":\"SONIDOS PRIMAVERALES: rock, flores y feminismo\"}]},{\"@type\":\"WebSite\",\"@id\":\"https:\/\/dev.antudigital.cl\/sites\/vc\/#website\",\"url\":\"https:\/\/dev.antudigital.cl\/sites\/vc\/\",\"name\":\"Valpara\u00ed\u00adso Creativo\",\"description\":\"\",\"potentialAction\":[{\"@type\":\"SearchAction\",\"target\":{\"@type\":\"EntryPoint\",\"urlTemplate\":\"https:\/\/dev.antudigital.cl\/sites\/vc\/?s={search_term_string}\"},\"query-input\":{\"@type\":\"PropertyValueSpecification\",\"valueRequired\":true,\"valueName\":\"search_term_string\"}}],\"inLanguage\":\"es\"},{\"@type\":\"Person\",\"@id\":\"https:\/\/dev.antudigital.cl\/sites\/vc\/#\/schema\/person\/c2b9da8dd545e27166fc5ab232837318\",\"name\":\"Valpara\u00edso Creativo\",\"description\":\"Periodista de cultura en la Regi\u00f3n de Valpara\u00edso.\",\"url\":\"https:\/\/dev.antudigital.cl\/sites\/vc\/author\/valpoadmin\/\"}]}<\/script>\n<!-- \/ Yoast SEO plugin. -->","yoast_head_json":{"title":"SONIDOS PRIMAVERALES: rock, flores y feminismo - Valpara\u00ed\u00adso Creativo","robots":{"index":"index","follow":"follow","max-snippet":"max-snippet:-1","max-image-preview":"max-image-preview:large","max-video-preview":"max-video-preview:-1"},"canonical":"https:\/\/dev.antudigital.cl\/sites\/vc\/sonidos-primaverales-rock-flores-y-feminismo\/","og_locale":"es_ES","og_type":"article","og_title":"SONIDOS PRIMAVERALES: rock, flores y feminismo - Valpara\u00ed\u00adso Creativo","og_description":"Gomitas \u00e1cidas, Flores y nanai se presentan en el Bar Vien\u00e9s. Las bandas femeninas y disidentes de la quinta regi\u00f3n se re\u00fanen para presentarse este s\u00e1bado 19 de octubre en el Bar Vien\u00e9s a las 21:00 hrs. Como una iniciativa espont\u00e1nea y autogestionada se forja esta alianza al alero del Sello Leviat\u00e1n y la productora [&hellip;]","og_url":"https:\/\/dev.antudigital.cl\/sites\/vc\/sonidos-primaverales-rock-flores-y-feminismo\/","og_site_name":"Valpara\u00ed\u00adso Creativo","article_published_time":"2024-10-14T18:54:32+00:00","article_modified_time":"2024-10-14T18:55:02+00:00","og_image":[{"width":808,"height":464,"url":"https:\/\/dev.antudigital.cl\/sites\/vc\/wp-content\/uploads\/2024\/10\/nanai-.png","type":"image\/png"}],"author":"Valpara\u00edso Creativo","twitter_card":"summary_large_image","twitter_misc":{"Escrito por":"Valpara\u00edso Creativo","Tiempo de lectura":"2 minutos"},"schema":{"@context":"https:\/\/schema.org","@graph":[{"@type":"Article","@id":"https:\/\/dev.antudigital.cl\/sites\/vc\/sonidos-primaverales-rock-flores-y-feminismo\/#article","isPartOf":{"@id":"https:\/\/dev.antudigital.cl\/sites\/vc\/sonidos-primaverales-rock-flores-y-feminismo\/"},"author":{"name":"Valpara\u00edso Creativo","@id":"https:\/\/dev.antudigital.cl\/sites\/vc\/#\/schema\/person\/c2b9da8dd545e27166fc5ab232837318"},"headline":"SONIDOS PRIMAVERALES: rock, flores y feminismo","datePublished":"2024-10-14T18:54:32+00:00","dateModified":"2024-10-14T18:55:02+00:00","mainEntityOfPage":{"@id":"https:\/\/dev.antudigital.cl\/sites\/vc\/sonidos-primaverales-rock-flores-y-feminismo\/"},"wordCount":307,"image":{"@id":"https:\/\/dev.antudigital.cl\/sites\/vc\/sonidos-primaverales-rock-flores-y-feminismo\/#primaryimage"},"thumbnailUrl":"https:\/\/dev.antudigital.cl\/sites\/vc\/wp-content\/uploads\/2024\/10\/nanai-.png","articleSection":["Noticia"],"inLanguage":"es"},{"@type":"WebPage","@id":"https:\/\/dev.antudigital.cl\/sites\/vc\/sonidos-primaverales-rock-flores-y-feminismo\/","url":"https:\/\/dev.antudigital.cl\/sites\/vc\/sonidos-primaverales-rock-flores-y-feminismo\/","name":"SONIDOS PRIMAVERALES: rock, flores y feminismo - Valpara\u00ed\u00adso Creativo","isPartOf":{"@id":"https:\/\/dev.antudigital.cl\/sites\/vc\/#website"},"primaryImageOfPage":{"@id":"https:\/\/dev.antudigital.cl\/sites\/vc\/sonidos-primaverales-rock-flores-y-feminismo\/#primaryimage"},"image":{"@id":"https:\/\/dev.antudigital.cl\/sites\/vc\/sonidos-primaverales-rock-flores-y-feminismo\/#primaryimage"},"thumbnailUrl":"https:\/\/dev.antudigital.cl\/sites\/vc\/wp-content\/uploads\/2024\/10\/nanai-.png","datePublished":"2024-10-14T18:54:32+00:00","dateModified":"2024-10-14T18:55:02+00:00","author":{"@id":"https:\/\/dev.antudigital.cl\/sites\/vc\/#\/schema\/person\/c2b9da8dd545e27166fc5ab232837318"},"breadcrumb":{"@id":"https:\/\/dev.antudigital.cl\/sites\/vc\/sonidos-primaverales-rock-flores-y-feminismo\/#breadcrumb"},"inLanguage":"es","potentialAction":[{"@type":"ReadAction","target":["https:\/\/dev.antudigital.cl\/sites\/vc\/sonidos-primaverales-rock-flores-y-feminismo\/"]}]},{"@type":"ImageObject","inLanguage":"es","@id":"https:\/\/dev.antudigital.cl\/sites\/vc\/sonidos-primaverales-rock-flores-y-feminismo\/#primaryimage","url":"https:\/\/dev.antudigital.cl\/sites\/vc\/wp-content\/uploads\/2024\/10\/nanai-.png","contentUrl":"https:\/\/dev.antudigital.cl\/sites\/vc\/wp-content\/uploads\/2024\/10\/nanai-.png","width":808,"height":464},{"@type":"BreadcrumbList","@id":"https:\/\/dev.antudigital.cl\/sites\/vc\/sonidos-primaverales-rock-flores-y-feminismo\/#breadcrumb","itemListElement":[{"@type":"ListItem","position":1,"name":"Home","item":"https:\/\/dev.antudigital.cl\/sites\/vc\/"},{"@type":"ListItem","position":2,"name":"SONIDOS PRIMAVERALES: rock, flores y feminismo"}]},{"@type":"WebSite","@id":"https:\/\/dev.antudigital.cl\/sites\/vc\/#website","url":"https:\/\/dev.antudigital.cl\/sites\/vc\/","name":"Valpara\u00ed\u00adso Creativo","description":"","potentialAction":[{"@type":"SearchAction","target":{"@type":"EntryPoint","urlTemplate":"https:\/\/dev.antudigital.cl\/sites\/vc\/?s={search_term_string}"},"query-input":{"@type":"PropertyValueSpecification","valueRequired":true,"valueName":"search_term_string"}}],"inLanguage":"es"},{"@type":"Person","@id":"https:\/\/dev.antudigital.cl\/sites\/vc\/#\/schema\/person\/c2b9da8dd545e27166fc5ab232837318","name":"Valpara\u00edso Creativo","description":"Periodista de cultura en la Regi\u00f3n de Valpara\u00edso.","url":"https:\/\/dev.antudigital.cl\/sites\/vc\/author\/valpoadmin\/"}]}},"_links":{"self":[{"href":"https:\/\/dev.antudigital.cl\/sites\/vc\/wp-json\/wp\/v2\/posts\/20766","targetHints":{"allow":["GET"]}}],"collection":[{"href":"https:\/\/dev.antudigital.cl\/sites\/vc\/wp-json\/wp\/v2\/posts"}],"about":[{"href":"https:\/\/dev.antudigital.cl\/sites\/vc\/wp-json\/wp\/v2\/types\/post"}],"author":[{"embeddable":true,"href":"https:\/\/dev.antudigital.cl\/sites\/vc\/wp-json\/wp\/v2\/users\/1"}],"replies":[{"embeddable":true,"href":"https:\/\/dev.antudigital.cl\/sites\/vc\/wp-json\/wp\/v2\/comments?post=20766"}],"version-history":[{"count":1,"href":"https:\/\/dev.antudigital.cl\/sites\/vc\/wp-json\/wp\/v2\/posts\/20766\/revisions"}],"predecessor-version":[{"id":20769,"href":"https:\/\/dev.antudigital.cl\/sites\/vc\/wp-json\/wp\/v2\/posts\/20766\/revisions\/20769"}],"wp:featuredmedia":[{"embeddable":true,"href":"https:\/\/dev.antudigital.cl\/sites\/vc\/wp-json\/wp\/v2\/media\/20767"}],"wp:attachment":[{"href":"https:\/\/dev.antudigital.cl\/sites\/vc\/wp-json\/wp\/v2\/media?parent=20766"}],"wp:term":[{"taxonomy":"category","embeddable":true,"href":"https:\/\/dev.antudigital.cl\/sites\/vc\/wp-json\/wp\/v2\/categories?post=20766"},{"taxonomy":"post_tag","embeddable":true,"href":"https:\/\/dev.antudigital.cl\/sites\/vc\/wp-json\/wp\/v2\/tags?post=20766"}],"curies":[{"name":"wp","href":"https:\/\/api.w.org\/{rel}","templated":true}]}}