{"id":20770,"date":"2024-10-14T19:02:00","date_gmt":"2024-10-14T19:02:00","guid":{"rendered":"https:\/\/www.valparaisocreativo.cl\/?p=20770"},"modified":"2024-10-14T19:02:18","modified_gmt":"2024-10-14T19:02:18","slug":"v-seminario-miradas-patrimoniales-historia-restauracion-y-gestion","status":"publish","type":"post","link":"https:\/\/dev.antudigital.cl\/sites\/vc\/v-seminario-miradas-patrimoniales-historia-restauracion-y-gestion\/","title":{"rendered":"V Seminario \u201cMiradas Patrimoniales, Historia, Restauraci\u00f3n y Gesti\u00f3n\u201d"},"content":{"rendered":"\n<p>Como todos los a\u00f1os la Agrupaci\u00f3n Cultural Amigas y Amigos por los cementerios realizar\u00e1 su Seminario que da cuenta de su gesti\u00f3n adem\u00e1s de participaci\u00f3n en diversos proyectos asociados a la gesti\u00f3n de los mismos, sobre todo al trabajo mancomunado con el comit\u00e9 Gestor de Patrimonio de Valpara\u00edso Creativo PER CORFO, la participaci\u00f3n en el COSOC del Gobierno Regional y la Red de Cementerios e Hitos patrimoniales de la regi\u00f3n de Valpara\u00edso, conformada por 6 ciudades de la regi\u00f3n.<\/p>\n\n\n\n<p>&nbsp;Miradas Patrimoniales le hemos llamado puesto que lanzaremos el primer n\u00famero de la revista del mismo nombre que nos llevar\u00e1 a recorrer los mausoleos del cerro Pante\u00f3n, revista financiada con el FONDO FNDR 7% gobierno regional.&nbsp;<\/p>\n\n\n\n<p>Invitados de este a\u00f1o: Compa\u00f1\u00eda de Bomberos George Garland,&nbsp; Corporaci\u00f3n Patrimonial La Calera, C\u00e1psula Patrimonial, Editorial Calle Sin N\u00famero, Carrera de Bienes Patrimoniales DUOC. Valpara\u00edso, Escuela de oficios, de la Ilustre Municipalidad de Valpara\u00edso, Museo hist\u00f3rico y Arqueol\u00f3gico de Quillota entre otros invitados.<\/p>\n\n\n\n<p>Nos acompa\u00f1ar\u00e1 la exposici\u00f3n de 30 fotograf\u00edas de Marcos Saavedra (Fot\u00f3grafo Santiaguino), \u201cCementerios de Chile\u201d, un recorrido visual recopilado entre abril y mayo del 2019, en tres regiones del pa\u00eds.<\/p>\n\n\n\n<p>D\u00eda Martes 15 de Octubre 2024<\/p>\n\n\n\n<p>Hora 9:00 a 14:00 hrs.&nbsp;<\/p>\n\n\n\n<p><strong>Inscr\u00edbete aqu\u00ed: <a href=\"https:\/\/forms.office.com\/r\/WDgwPWQwFW\">https:\/\/forms.office.com\/r\/WDgwPWQwFW<\/a><\/strong><\/p>\n\n\n\n<p>Lugar: Edificio Cousi\u00f1o&nbsp; Err\u00e1zuriz # 1020 Valpara\u00edso&nbsp;&nbsp;<\/p>\n\n\n\n<p>Entrada Liberada<\/p>\n\n\n\n<p><a href=\"http:\/\/www.amigasyamigosporloscementerios.cl\">www.amigasyamigosporloscementerios.cl<\/a><\/p>\n\n\n\n<p>Instagram. Valpocementerios<\/p>\n\n\n\n<p>Facebook. Amigas y Amigos por los Cementerios<\/p>\n","protected":false},"excerpt":{"rendered":"<p>Como todos los a\u00f1os la Agrupaci\u00f3n Cultural Amigas y Amigos por los cementerios realizar\u00e1 su Seminario que da cuenta de su gesti\u00f3n adem\u00e1s de participaci\u00f3n en diversos proyectos asociados a la gesti\u00f3n de los mismos, sobre todo al trabajo mancomunado con el comit\u00e9 Gestor de Patrimonio de Valpara\u00edso Creativo PER CORFO, la participaci\u00f3n en el [&hellip;]<\/p>\n","protected":false},"author":1,"featured_media":20772,"comment_status":"closed","ping_status":"closed","sticky":false,"template":"","format":"standard","meta":{"_acf_changed":false,"footnotes":""},"categories":[8],"tags":[],"class_list":["post-20770","post","type-post","status-publish","format-standard","has-post-thumbnail","hentry","category-noticia"],"acf":[],"yoast_head":"<!-- This site is optimized with the Yoast SEO plugin v27.1.1 - https:\/\/yoast.com\/product\/yoast-seo-wordpress\/ -->\n<title>V Seminario \u201cMiradas Patrimoniales, Historia, Restauraci\u00f3n y Gesti\u00f3n\u201d - Valpara\u00ed\u00adso Creativo<\/title>\n<meta name=\"robots\" content=\"index, follow, max-snippet:-1, max-image-preview:large, max-video-preview:-1\" \/>\n<link rel=\"canonical\" href=\"https:\/\/dev.antudigital.cl\/sites\/vc\/v-seminario-miradas-patrimoniales-historia-restauracion-y-gestion\/\" \/>\n<meta property=\"og:locale\" content=\"es_ES\" \/>\n<meta property=\"og:type\" content=\"article\" \/>\n<meta property=\"og:title\" content=\"V Seminario \u201cMiradas Patrimoniales, Historia, Restauraci\u00f3n y Gesti\u00f3n\u201d - Valpara\u00ed\u00adso Creativo\" \/>\n<meta property=\"og:description\" content=\"Como todos los a\u00f1os la Agrupaci\u00f3n Cultural Amigas y Amigos por los cementerios realizar\u00e1 su Seminario que da cuenta de su gesti\u00f3n adem\u00e1s de participaci\u00f3n en diversos proyectos asociados a la gesti\u00f3n de los mismos, sobre todo al trabajo mancomunado con el comit\u00e9 Gestor de Patrimonio de Valpara\u00edso Creativo PER CORFO, la participaci\u00f3n en el [&hellip;]\" \/>\n<meta property=\"og:url\" content=\"https:\/\/dev.antudigital.cl\/sites\/vc\/v-seminario-miradas-patrimoniales-historia-restauracion-y-gestion\/\" \/>\n<meta property=\"og:site_name\" content=\"Valpara\u00ed\u00adso Creativo\" \/>\n<meta property=\"article:published_time\" content=\"2024-10-14T19:02:00+00:00\" \/>\n<meta property=\"article:modified_time\" content=\"2024-10-14T19:02:18+00:00\" \/>\n<meta property=\"og:image\" content=\"https:\/\/dev.antudigital.cl\/sites\/vc\/wp-content\/uploads\/2024\/10\/Captura-de-Pantalla-2024-10-14-a-las-16.00.39.png\" \/>\n\t<meta property=\"og:image:width\" content=\"960\" \/>\n\t<meta property=\"og:image:height\" content=\"646\" \/>\n\t<meta property=\"og:image:type\" content=\"image\/png\" \/>\n<meta name=\"author\" content=\"Valpara\u00edso Creativo\" \/>\n<meta name=\"twitter:card\" content=\"summary_large_image\" \/>\n<meta name=\"twitter:label1\" content=\"Escrito por\" \/>\n\t<meta name=\"twitter:data1\" content=\"Valpara\u00edso Creativo\" \/>\n\t<meta name=\"twitter:label2\" content=\"Tiempo de lectura\" \/>\n\t<meta name=\"twitter:data2\" content=\"2 minutos\" \/>\n<script type=\"application\/ld+json\" class=\"yoast-schema-graph\">{\"@context\":\"https:\/\/schema.org\",\"@graph\":[{\"@type\":\"Article\",\"@id\":\"https:\/\/dev.antudigital.cl\/sites\/vc\/v-seminario-miradas-patrimoniales-historia-restauracion-y-gestion\/#article\",\"isPartOf\":{\"@id\":\"https:\/\/dev.antudigital.cl\/sites\/vc\/v-seminario-miradas-patrimoniales-historia-restauracion-y-gestion\/\"},\"author\":{\"name\":\"Valpara\u00edso Creativo\",\"@id\":\"https:\/\/dev.antudigital.cl\/sites\/vc\/#\/schema\/person\/c2b9da8dd545e27166fc5ab232837318\"},\"headline\":\"V Seminario \u201cMiradas Patrimoniales, Historia, Restauraci\u00f3n y Gesti\u00f3n\u201d\",\"datePublished\":\"2024-10-14T19:02:00+00:00\",\"dateModified\":\"2024-10-14T19:02:18+00:00\",\"mainEntityOfPage\":{\"@id\":\"https:\/\/dev.antudigital.cl\/sites\/vc\/v-seminario-miradas-patrimoniales-historia-restauracion-y-gestion\/\"},\"wordCount\":267,\"image\":{\"@id\":\"https:\/\/dev.antudigital.cl\/sites\/vc\/v-seminario-miradas-patrimoniales-historia-restauracion-y-gestion\/#primaryimage\"},\"thumbnailUrl\":\"https:\/\/dev.antudigital.cl\/sites\/vc\/wp-content\/uploads\/2024\/10\/Captura-de-Pantalla-2024-10-14-a-las-16.00.39.png\",\"articleSection\":[\"Noticia\"],\"inLanguage\":\"es\"},{\"@type\":\"WebPage\",\"@id\":\"https:\/\/dev.antudigital.cl\/sites\/vc\/v-seminario-miradas-patrimoniales-historia-restauracion-y-gestion\/\",\"url\":\"https:\/\/dev.antudigital.cl\/sites\/vc\/v-seminario-miradas-patrimoniales-historia-restauracion-y-gestion\/\",\"name\":\"V Seminario \u201cMiradas Patrimoniales, Historia, Restauraci\u00f3n y Gesti\u00f3n\u201d - Valpara\u00ed\u00adso Creativo\",\"isPartOf\":{\"@id\":\"https:\/\/dev.antudigital.cl\/sites\/vc\/#website\"},\"primaryImageOfPage\":{\"@id\":\"https:\/\/dev.antudigital.cl\/sites\/vc\/v-seminario-miradas-patrimoniales-historia-restauracion-y-gestion\/#primaryimage\"},\"image\":{\"@id\":\"https:\/\/dev.antudigital.cl\/sites\/vc\/v-seminario-miradas-patrimoniales-historia-restauracion-y-gestion\/#primaryimage\"},\"thumbnailUrl\":\"https:\/\/dev.antudigital.cl\/sites\/vc\/wp-content\/uploads\/2024\/10\/Captura-de-Pantalla-2024-10-14-a-las-16.00.39.png\",\"datePublished\":\"2024-10-14T19:02:00+00:00\",\"dateModified\":\"2024-10-14T19:02:18+00:00\",\"author\":{\"@id\":\"https:\/\/dev.antudigital.cl\/sites\/vc\/#\/schema\/person\/c2b9da8dd545e27166fc5ab232837318\"},\"breadcrumb\":{\"@id\":\"https:\/\/dev.antudigital.cl\/sites\/vc\/v-seminario-miradas-patrimoniales-historia-restauracion-y-gestion\/#breadcrumb\"},\"inLanguage\":\"es\",\"potentialAction\":[{\"@type\":\"ReadAction\",\"target\":[\"https:\/\/dev.antudigital.cl\/sites\/vc\/v-seminario-miradas-patrimoniales-historia-restauracion-y-gestion\/\"]}]},{\"@type\":\"ImageObject\",\"inLanguage\":\"es\",\"@id\":\"https:\/\/dev.antudigital.cl\/sites\/vc\/v-seminario-miradas-patrimoniales-historia-restauracion-y-gestion\/#primaryimage\",\"url\":\"https:\/\/dev.antudigital.cl\/sites\/vc\/wp-content\/uploads\/2024\/10\/Captura-de-Pantalla-2024-10-14-a-las-16.00.39.png\",\"contentUrl\":\"https:\/\/dev.antudigital.cl\/sites\/vc\/wp-content\/uploads\/2024\/10\/Captura-de-Pantalla-2024-10-14-a-las-16.00.39.png\",\"width\":960,\"height\":646},{\"@type\":\"BreadcrumbList\",\"@id\":\"https:\/\/dev.antudigital.cl\/sites\/vc\/v-seminario-miradas-patrimoniales-historia-restauracion-y-gestion\/#breadcrumb\",\"itemListElement\":[{\"@type\":\"ListItem\",\"position\":1,\"name\":\"Home\",\"item\":\"https:\/\/dev.antudigital.cl\/sites\/vc\/\"},{\"@type\":\"ListItem\",\"position\":2,\"name\":\"V Seminario \u201cMiradas Patrimoniales, Historia, Restauraci\u00f3n y Gesti\u00f3n\u201d\"}]},{\"@type\":\"WebSite\",\"@id\":\"https:\/\/dev.antudigital.cl\/sites\/vc\/#website\",\"url\":\"https:\/\/dev.antudigital.cl\/sites\/vc\/\",\"name\":\"Valpara\u00ed\u00adso Creativo\",\"description\":\"\",\"potentialAction\":[{\"@type\":\"SearchAction\",\"target\":{\"@type\":\"EntryPoint\",\"urlTemplate\":\"https:\/\/dev.antudigital.cl\/sites\/vc\/?s={search_term_string}\"},\"query-input\":{\"@type\":\"PropertyValueSpecification\",\"valueRequired\":true,\"valueName\":\"search_term_string\"}}],\"inLanguage\":\"es\"},{\"@type\":\"Person\",\"@id\":\"https:\/\/dev.antudigital.cl\/sites\/vc\/#\/schema\/person\/c2b9da8dd545e27166fc5ab232837318\",\"name\":\"Valpara\u00edso Creativo\",\"description\":\"Periodista de cultura en la Regi\u00f3n de Valpara\u00edso.\",\"url\":\"https:\/\/dev.antudigital.cl\/sites\/vc\/author\/valpoadmin\/\"}]}<\/script>\n<!-- \/ Yoast SEO plugin. -->","yoast_head_json":{"title":"V Seminario \u201cMiradas Patrimoniales, Historia, Restauraci\u00f3n y Gesti\u00f3n\u201d - Valpara\u00ed\u00adso Creativo","robots":{"index":"index","follow":"follow","max-snippet":"max-snippet:-1","max-image-preview":"max-image-preview:large","max-video-preview":"max-video-preview:-1"},"canonical":"https:\/\/dev.antudigital.cl\/sites\/vc\/v-seminario-miradas-patrimoniales-historia-restauracion-y-gestion\/","og_locale":"es_ES","og_type":"article","og_title":"V Seminario \u201cMiradas Patrimoniales, Historia, Restauraci\u00f3n y Gesti\u00f3n\u201d - Valpara\u00ed\u00adso Creativo","og_description":"Como todos los a\u00f1os la Agrupaci\u00f3n Cultural Amigas y Amigos por los cementerios realizar\u00e1 su Seminario que da cuenta de su gesti\u00f3n adem\u00e1s de participaci\u00f3n en diversos proyectos asociados a la gesti\u00f3n de los mismos, sobre todo al trabajo mancomunado con el comit\u00e9 Gestor de Patrimonio de Valpara\u00edso Creativo PER CORFO, la participaci\u00f3n en el [&hellip;]","og_url":"https:\/\/dev.antudigital.cl\/sites\/vc\/v-seminario-miradas-patrimoniales-historia-restauracion-y-gestion\/","og_site_name":"Valpara\u00ed\u00adso Creativo","article_published_time":"2024-10-14T19:02:00+00:00","article_modified_time":"2024-10-14T19:02:18+00:00","og_image":[{"width":960,"height":646,"url":"https:\/\/dev.antudigital.cl\/sites\/vc\/wp-content\/uploads\/2024\/10\/Captura-de-Pantalla-2024-10-14-a-las-16.00.39.png","type":"image\/png"}],"author":"Valpara\u00edso Creativo","twitter_card":"summary_large_image","twitter_misc":{"Escrito por":"Valpara\u00edso Creativo","Tiempo de lectura":"2 minutos"},"schema":{"@context":"https:\/\/schema.org","@graph":[{"@type":"Article","@id":"https:\/\/dev.antudigital.cl\/sites\/vc\/v-seminario-miradas-patrimoniales-historia-restauracion-y-gestion\/#article","isPartOf":{"@id":"https:\/\/dev.antudigital.cl\/sites\/vc\/v-seminario-miradas-patrimoniales-historia-restauracion-y-gestion\/"},"author":{"name":"Valpara\u00edso Creativo","@id":"https:\/\/dev.antudigital.cl\/sites\/vc\/#\/schema\/person\/c2b9da8dd545e27166fc5ab232837318"},"headline":"V Seminario \u201cMiradas Patrimoniales, Historia, Restauraci\u00f3n y Gesti\u00f3n\u201d","datePublished":"2024-10-14T19:02:00+00:00","dateModified":"2024-10-14T19:02:18+00:00","mainEntityOfPage":{"@id":"https:\/\/dev.antudigital.cl\/sites\/vc\/v-seminario-miradas-patrimoniales-historia-restauracion-y-gestion\/"},"wordCount":267,"image":{"@id":"https:\/\/dev.antudigital.cl\/sites\/vc\/v-seminario-miradas-patrimoniales-historia-restauracion-y-gestion\/#primaryimage"},"thumbnailUrl":"https:\/\/dev.antudigital.cl\/sites\/vc\/wp-content\/uploads\/2024\/10\/Captura-de-Pantalla-2024-10-14-a-las-16.00.39.png","articleSection":["Noticia"],"inLanguage":"es"},{"@type":"WebPage","@id":"https:\/\/dev.antudigital.cl\/sites\/vc\/v-seminario-miradas-patrimoniales-historia-restauracion-y-gestion\/","url":"https:\/\/dev.antudigital.cl\/sites\/vc\/v-seminario-miradas-patrimoniales-historia-restauracion-y-gestion\/","name":"V Seminario \u201cMiradas Patrimoniales, Historia, Restauraci\u00f3n y Gesti\u00f3n\u201d - Valpara\u00ed\u00adso Creativo","isPartOf":{"@id":"https:\/\/dev.antudigital.cl\/sites\/vc\/#website"},"primaryImageOfPage":{"@id":"https:\/\/dev.antudigital.cl\/sites\/vc\/v-seminario-miradas-patrimoniales-historia-restauracion-y-gestion\/#primaryimage"},"image":{"@id":"https:\/\/dev.antudigital.cl\/sites\/vc\/v-seminario-miradas-patrimoniales-historia-restauracion-y-gestion\/#primaryimage"},"thumbnailUrl":"https:\/\/dev.antudigital.cl\/sites\/vc\/wp-content\/uploads\/2024\/10\/Captura-de-Pantalla-2024-10-14-a-las-16.00.39.png","datePublished":"2024-10-14T19:02:00+00:00","dateModified":"2024-10-14T19:02:18+00:00","author":{"@id":"https:\/\/dev.antudigital.cl\/sites\/vc\/#\/schema\/person\/c2b9da8dd545e27166fc5ab232837318"},"breadcrumb":{"@id":"https:\/\/dev.antudigital.cl\/sites\/vc\/v-seminario-miradas-patrimoniales-historia-restauracion-y-gestion\/#breadcrumb"},"inLanguage":"es","potentialAction":[{"@type":"ReadAction","target":["https:\/\/dev.antudigital.cl\/sites\/vc\/v-seminario-miradas-patrimoniales-historia-restauracion-y-gestion\/"]}]},{"@type":"ImageObject","inLanguage":"es","@id":"https:\/\/dev.antudigital.cl\/sites\/vc\/v-seminario-miradas-patrimoniales-historia-restauracion-y-gestion\/#primaryimage","url":"https:\/\/dev.antudigital.cl\/sites\/vc\/wp-content\/uploads\/2024\/10\/Captura-de-Pantalla-2024-10-14-a-las-16.00.39.png","contentUrl":"https:\/\/dev.antudigital.cl\/sites\/vc\/wp-content\/uploads\/2024\/10\/Captura-de-Pantalla-2024-10-14-a-las-16.00.39.png","width":960,"height":646},{"@type":"BreadcrumbList","@id":"https:\/\/dev.antudigital.cl\/sites\/vc\/v-seminario-miradas-patrimoniales-historia-restauracion-y-gestion\/#breadcrumb","itemListElement":[{"@type":"ListItem","position":1,"name":"Home","item":"https:\/\/dev.antudigital.cl\/sites\/vc\/"},{"@type":"ListItem","position":2,"name":"V Seminario \u201cMiradas Patrimoniales, Historia, Restauraci\u00f3n y Gesti\u00f3n\u201d"}]},{"@type":"WebSite","@id":"https:\/\/dev.antudigital.cl\/sites\/vc\/#website","url":"https:\/\/dev.antudigital.cl\/sites\/vc\/","name":"Valpara\u00ed\u00adso Creativo","description":"","potentialAction":[{"@type":"SearchAction","target":{"@type":"EntryPoint","urlTemplate":"https:\/\/dev.antudigital.cl\/sites\/vc\/?s={search_term_string}"},"query-input":{"@type":"PropertyValueSpecification","valueRequired":true,"valueName":"search_term_string"}}],"inLanguage":"es"},{"@type":"Person","@id":"https:\/\/dev.antudigital.cl\/sites\/vc\/#\/schema\/person\/c2b9da8dd545e27166fc5ab232837318","name":"Valpara\u00edso Creativo","description":"Periodista de cultura en la Regi\u00f3n de Valpara\u00edso.","url":"https:\/\/dev.antudigital.cl\/sites\/vc\/author\/valpoadmin\/"}]}},"_links":{"self":[{"href":"https:\/\/dev.antudigital.cl\/sites\/vc\/wp-json\/wp\/v2\/posts\/20770","targetHints":{"allow":["GET"]}}],"collection":[{"href":"https:\/\/dev.antudigital.cl\/sites\/vc\/wp-json\/wp\/v2\/posts"}],"about":[{"href":"https:\/\/dev.antudigital.cl\/sites\/vc\/wp-json\/wp\/v2\/types\/post"}],"author":[{"embeddable":true,"href":"https:\/\/dev.antudigital.cl\/sites\/vc\/wp-json\/wp\/v2\/users\/1"}],"replies":[{"embeddable":true,"href":"https:\/\/dev.antudigital.cl\/sites\/vc\/wp-json\/wp\/v2\/comments?post=20770"}],"version-history":[{"count":1,"href":"https:\/\/dev.antudigital.cl\/sites\/vc\/wp-json\/wp\/v2\/posts\/20770\/revisions"}],"predecessor-version":[{"id":20773,"href":"https:\/\/dev.antudigital.cl\/sites\/vc\/wp-json\/wp\/v2\/posts\/20770\/revisions\/20773"}],"wp:featuredmedia":[{"embeddable":true,"href":"https:\/\/dev.antudigital.cl\/sites\/vc\/wp-json\/wp\/v2\/media\/20772"}],"wp:attachment":[{"href":"https:\/\/dev.antudigital.cl\/sites\/vc\/wp-json\/wp\/v2\/media?parent=20770"}],"wp:term":[{"taxonomy":"category","embeddable":true,"href":"https:\/\/dev.antudigital.cl\/sites\/vc\/wp-json\/wp\/v2\/categories?post=20770"},{"taxonomy":"post_tag","embeddable":true,"href":"https:\/\/dev.antudigital.cl\/sites\/vc\/wp-json\/wp\/v2\/tags?post=20770"}],"curies":[{"name":"wp","href":"https:\/\/api.w.org\/{rel}","templated":true}]}}