{"id":20803,"date":"2024-10-21T23:31:56","date_gmt":"2024-10-21T23:31:56","guid":{"rendered":"https:\/\/www.valparaisocreativo.cl\/?p=20803"},"modified":"2024-10-21T23:32:15","modified_gmt":"2024-10-21T23:32:15","slug":"ante-un-masivo-publico-y-con-arriesgada-acrobacia-en-altura-se-inauguro-en-valparaiso-el-congreso-internacional-de-malabarismo-y-artes-circenses","status":"publish","type":"post","link":"https:\/\/dev.antudigital.cl\/sites\/vc\/ante-un-masivo-publico-y-con-arriesgada-acrobacia-en-altura-se-inauguro-en-valparaiso-el-congreso-internacional-de-malabarismo-y-artes-circenses\/","title":{"rendered":"Ante un masivo p\u00fablico y con arriesgada acrobacia en altura, se inaugur\u00f3 en Valpara\u00edso el Congreso Internacional de Malabarismo y Artes Circenses"},"content":{"rendered":"\n<p><strong>A m\u00e1s de cien metros de altura<\/strong>, y contando con la notable participaci\u00f3n de los artistas colombianos Marko, Alex y Hugo Moreno,&nbsp;<strong>los habitantes de Valpara\u00edso presenciaron una osada intervenci\u00f3n urbana: la instalaci\u00f3n de un \u00abhighline\u00bb que cruzar\u00e1 la emblem\u00e1tica Plaza Sotomayor de la ciudad puerto<\/strong>, dando inicio a una semana de espect\u00e1culos y competencias en el marco del Congreso Internacional de Malabarismo y Artes Circenses 2024, CIMAC.<\/p>\n\n\n\n<p>Esta misma acrobacia s<strong>e realizar\u00e1 al t\u00e9rmino del Congreso, este s\u00e1bado 26 de octubre, a partir de las 15 horas,<\/strong>&nbsp;en un espect\u00e1culo gratuito que contar\u00e1, adem\u00e1s, con un espect\u00e1culo de cierre de primer nivel.&nbsp;<\/p>\n\n\n\n<p>El acto inaugural cont\u00f3 con la asistencia de la ministra de las Artes y las Culturas, Carolina Arrendondo, quien destac\u00f3 el nivel del Congreso y la relevancia de eventos como estos que motivan a muchos a practicar las artes circenses y a&nbsp;mantener vivo este patrimonio cultural.&nbsp;<\/p>\n\n\n\n<figure class=\"wp-block-image size-large\"><img fetchpriority=\"high\" decoding=\"async\" width=\"1024\" height=\"682\" src=\"https:\/\/www.valparaisocreativo.cl\/wp-content\/uploads\/2024\/10\/b41a1469-7b2d-4452-9ef6-f2480e5d4d63-1024x682.jpg\" alt=\"\" class=\"wp-image-20805\" srcset=\"https:\/\/dev.antudigital.cl\/sites\/vc\/wp-content\/uploads\/2024\/10\/b41a1469-7b2d-4452-9ef6-f2480e5d4d63-1024x682.jpg 1024w, https:\/\/dev.antudigital.cl\/sites\/vc\/wp-content\/uploads\/2024\/10\/b41a1469-7b2d-4452-9ef6-f2480e5d4d63-300x200.jpg 300w, https:\/\/dev.antudigital.cl\/sites\/vc\/wp-content\/uploads\/2024\/10\/b41a1469-7b2d-4452-9ef6-f2480e5d4d63-768x512.jpg 768w, https:\/\/dev.antudigital.cl\/sites\/vc\/wp-content\/uploads\/2024\/10\/b41a1469-7b2d-4452-9ef6-f2480e5d4d63-1536x1023.jpg 1536w, https:\/\/dev.antudigital.cl\/sites\/vc\/wp-content\/uploads\/2024\/10\/b41a1469-7b2d-4452-9ef6-f2480e5d4d63-1080x720.jpg 1080w, https:\/\/dev.antudigital.cl\/sites\/vc\/wp-content\/uploads\/2024\/10\/b41a1469-7b2d-4452-9ef6-f2480e5d4d63-1280x853.jpg 1280w, https:\/\/dev.antudigital.cl\/sites\/vc\/wp-content\/uploads\/2024\/10\/b41a1469-7b2d-4452-9ef6-f2480e5d4d63-980x653.jpg 980w, https:\/\/dev.antudigital.cl\/sites\/vc\/wp-content\/uploads\/2024\/10\/b41a1469-7b2d-4452-9ef6-f2480e5d4d63-480x320.jpg 480w, https:\/\/dev.antudigital.cl\/sites\/vc\/wp-content\/uploads\/2024\/10\/b41a1469-7b2d-4452-9ef6-f2480e5d4d63-24x16.jpg 24w, https:\/\/dev.antudigital.cl\/sites\/vc\/wp-content\/uploads\/2024\/10\/b41a1469-7b2d-4452-9ef6-f2480e5d4d63-36x24.jpg 36w, https:\/\/dev.antudigital.cl\/sites\/vc\/wp-content\/uploads\/2024\/10\/b41a1469-7b2d-4452-9ef6-f2480e5d4d63-48x32.jpg 48w, https:\/\/dev.antudigital.cl\/sites\/vc\/wp-content\/uploads\/2024\/10\/b41a1469-7b2d-4452-9ef6-f2480e5d4d63.jpg 1600w\" sizes=\"(max-width: 1024px) 100vw, 1024px\" \/><\/figure>\n\n\n\n<p><strong>Cabe se\u00f1alar que en el marco de la celebraci\u00f3n de los quince a\u00f1os de este evento, que tiene como Sede al Parque Cultural de Valpara\u00edso-Ex C\u00e1rcel, el programa de actividades contempla diversos&nbsp;espect\u00e1culos y competencias, contando con representantes de la Escuela Estatal de Berl\u00edn, la compa\u00f1\u00eda Wayak de Colombia, y Spencer Andrioli, reconocido como el mejor malabarista del mundo en la actualidad, junto a talentos de Per\u00fa, Argentina y Chile .<\/strong><\/p>\n\n\n\n<p>El objetivo principal del Congreso es \u201crecuperar, proteger y mantener viva la tradici\u00f3n y el arte circense, que cuenta no s\u00f3lo con seguidores, sino con una gran cantidad de artistas que buscan espacios para desarrollar las diversas disciplinas\u201d. Este a\u00f1o, bajo el lema \u00abLlevar el circo a otro nivel\u00bb, el Congreso busca, adem\u00e1s, crear nuevas audiencias para el arte circense.<\/p>\n\n\n\n<p>La presidenta del directorio de PCdV, Gianina Figueroa, en tanto, agreg\u00f3 que \u201cesperamos contar con masiva asistencia de las familias a cada una de las actividades, especialmente el pr\u00f3ximo s\u00e1bado cuando se realizar\u00e1 nuevamente esta acrobacia en altura con los hermanos Moreno. Nuestro Parque, con estos tres siglos de historia, se enorgullece de contar con este grupo de artistas de todo el mundo que se suman a nuestros talentosos artistas nacionales\u00bb.<\/p>\n\n\n\n<p>Entre algunas de las actividades se encuentran:<\/p>\n\n\n\n<p>01.- Lunes 21 de octubre: Todos al circo &#8211; Hito Inaugural &#8211; Plaza Sotomayor &#8211; 11:00 a 14:00 hrs.<\/p>\n\n\n\n<p>02.- Mi\u00e9rcoles 23 de octubre: El Log\u00edstico M\u00e1gico de Wayak Circo (Colombia) &#8211; Teatro del Parque &#8211; 19:00 a 20:30 hrs.<\/p>\n\n\n\n<p>03.- Jueves 24 de octubre: Competencia Internacional IRC Sudam\u00e9rica Chile 2024 International Jugglers&#8217; Association &#8211; Teatro del Parque &#8211; 19:00 a 21:00 hrs.<\/p>\n\n\n\n<p>04.- S\u00e1bado 26 de octubre D\u00eda de talleres para la familia &#8211; Explanada del Parque &#8211; 10:00 a 20:00 hrs.<\/p>\n\n\n\n<p>Para conocer toda la programaci\u00f3n y m\u00e1s detalles sobre CIMAC 2024, los interesados pueden visitar:&nbsp;<\/p>\n\n\n\n<p>&nbsp;[<a href=\"http:\/\/www.cimacchile.com\/\" target=\"_blank\" rel=\"noreferrer noopener\">www.cimacchile.com<\/a>](<a href=\"http:\/\/www.cimacchile.com\/\" target=\"_blank\" rel=\"noreferrer noopener\">http:\/\/www.cimacchile.com<\/a>) o&nbsp;<a href=\"http:\/\/www.parque\/\" target=\"_blank\" rel=\"noreferrer noopener\">http:\/\/www.parque<\/a>&nbsp;<a href=\"http:\/\/cultural.cl\/\" target=\"_blank\" rel=\"noreferrer noopener\">cultural.cl<\/a><\/p>\n","protected":false},"excerpt":{"rendered":"<p>A m\u00e1s de cien metros de altura, y contando con la notable participaci\u00f3n de los artistas colombianos Marko, Alex y Hugo Moreno,&nbsp;los habitantes de Valpara\u00edso presenciaron una osada intervenci\u00f3n urbana: la instalaci\u00f3n de un \u00abhighline\u00bb que cruzar\u00e1 la emblem\u00e1tica Plaza Sotomayor de la ciudad puerto, dando inicio a una semana de espect\u00e1culos y competencias en [&hellip;]<\/p>\n","protected":false},"author":1,"featured_media":20804,"comment_status":"closed","ping_status":"closed","sticky":false,"template":"","format":"standard","meta":{"_acf_changed":false,"footnotes":""},"categories":[8],"tags":[],"class_list":["post-20803","post","type-post","status-publish","format-standard","has-post-thumbnail","hentry","category-noticia"],"acf":[],"yoast_head":"<!-- This site is optimized with the Yoast SEO plugin v27.1.1 - https:\/\/yoast.com\/product\/yoast-seo-wordpress\/ -->\n<title>Ante un masivo p\u00fablico y con arriesgada acrobacia en altura, se inaugur\u00f3 en Valpara\u00edso el Congreso Internacional de Malabarismo y Artes Circenses - Valpara\u00ed\u00adso Creativo<\/title>\n<meta name=\"robots\" content=\"index, follow, max-snippet:-1, max-image-preview:large, max-video-preview:-1\" \/>\n<link rel=\"canonical\" href=\"https:\/\/dev.antudigital.cl\/sites\/vc\/ante-un-masivo-publico-y-con-arriesgada-acrobacia-en-altura-se-inauguro-en-valparaiso-el-congreso-internacional-de-malabarismo-y-artes-circenses\/\" \/>\n<meta property=\"og:locale\" content=\"es_ES\" \/>\n<meta property=\"og:type\" content=\"article\" \/>\n<meta property=\"og:title\" content=\"Ante un masivo p\u00fablico y con arriesgada acrobacia en altura, se inaugur\u00f3 en Valpara\u00edso el Congreso Internacional de Malabarismo y Artes Circenses - Valpara\u00ed\u00adso Creativo\" \/>\n<meta property=\"og:description\" content=\"A m\u00e1s de cien metros de altura, y contando con la notable participaci\u00f3n de los artistas colombianos Marko, Alex y Hugo Moreno,&nbsp;los habitantes de Valpara\u00edso presenciaron una osada intervenci\u00f3n urbana: la instalaci\u00f3n de un \u00abhighline\u00bb que cruzar\u00e1 la emblem\u00e1tica Plaza Sotomayor de la ciudad puerto, dando inicio a una semana de espect\u00e1culos y competencias en [&hellip;]\" \/>\n<meta property=\"og:url\" content=\"https:\/\/dev.antudigital.cl\/sites\/vc\/ante-un-masivo-publico-y-con-arriesgada-acrobacia-en-altura-se-inauguro-en-valparaiso-el-congreso-internacional-de-malabarismo-y-artes-circenses\/\" \/>\n<meta property=\"og:site_name\" content=\"Valpara\u00ed\u00adso Creativo\" \/>\n<meta property=\"article:published_time\" content=\"2024-10-21T23:31:56+00:00\" \/>\n<meta property=\"article:modified_time\" content=\"2024-10-21T23:32:15+00:00\" \/>\n<meta property=\"og:image\" content=\"https:\/\/dev.antudigital.cl\/sites\/vc\/wp-content\/uploads\/2024\/10\/a6f08240-e450-4c63-8a59-1ad5aac81aa5.jpg\" \/>\n\t<meta property=\"og:image:width\" content=\"1600\" \/>\n\t<meta property=\"og:image:height\" content=\"1066\" \/>\n\t<meta property=\"og:image:type\" content=\"image\/jpeg\" \/>\n<meta name=\"author\" content=\"Valpara\u00edso Creativo\" \/>\n<meta name=\"twitter:card\" content=\"summary_large_image\" \/>\n<meta name=\"twitter:label1\" content=\"Escrito por\" \/>\n\t<meta name=\"twitter:data1\" content=\"Valpara\u00edso Creativo\" \/>\n\t<meta name=\"twitter:label2\" content=\"Tiempo de lectura\" \/>\n\t<meta name=\"twitter:data2\" content=\"3 minutos\" \/>\n<script type=\"application\/ld+json\" class=\"yoast-schema-graph\">{\"@context\":\"https:\/\/schema.org\",\"@graph\":[{\"@type\":\"Article\",\"@id\":\"https:\/\/dev.antudigital.cl\/sites\/vc\/ante-un-masivo-publico-y-con-arriesgada-acrobacia-en-altura-se-inauguro-en-valparaiso-el-congreso-internacional-de-malabarismo-y-artes-circenses\/#article\",\"isPartOf\":{\"@id\":\"https:\/\/dev.antudigital.cl\/sites\/vc\/ante-un-masivo-publico-y-con-arriesgada-acrobacia-en-altura-se-inauguro-en-valparaiso-el-congreso-internacional-de-malabarismo-y-artes-circenses\/\"},\"author\":{\"name\":\"Valpara\u00edso Creativo\",\"@id\":\"https:\/\/dev.antudigital.cl\/sites\/vc\/#\/schema\/person\/c2b9da8dd545e27166fc5ab232837318\"},\"headline\":\"Ante un masivo p\u00fablico y con arriesgada acrobacia en altura, se inaugur\u00f3 en Valpara\u00edso el Congreso Internacional de Malabarismo y Artes Circenses\",\"datePublished\":\"2024-10-21T23:31:56+00:00\",\"dateModified\":\"2024-10-21T23:32:15+00:00\",\"mainEntityOfPage\":{\"@id\":\"https:\/\/dev.antudigital.cl\/sites\/vc\/ante-un-masivo-publico-y-con-arriesgada-acrobacia-en-altura-se-inauguro-en-valparaiso-el-congreso-internacional-de-malabarismo-y-artes-circenses\/\"},\"wordCount\":520,\"image\":{\"@id\":\"https:\/\/dev.antudigital.cl\/sites\/vc\/ante-un-masivo-publico-y-con-arriesgada-acrobacia-en-altura-se-inauguro-en-valparaiso-el-congreso-internacional-de-malabarismo-y-artes-circenses\/#primaryimage\"},\"thumbnailUrl\":\"https:\/\/dev.antudigital.cl\/sites\/vc\/wp-content\/uploads\/2024\/10\/a6f08240-e450-4c63-8a59-1ad5aac81aa5.jpg\",\"articleSection\":[\"Noticia\"],\"inLanguage\":\"es\"},{\"@type\":\"WebPage\",\"@id\":\"https:\/\/dev.antudigital.cl\/sites\/vc\/ante-un-masivo-publico-y-con-arriesgada-acrobacia-en-altura-se-inauguro-en-valparaiso-el-congreso-internacional-de-malabarismo-y-artes-circenses\/\",\"url\":\"https:\/\/dev.antudigital.cl\/sites\/vc\/ante-un-masivo-publico-y-con-arriesgada-acrobacia-en-altura-se-inauguro-en-valparaiso-el-congreso-internacional-de-malabarismo-y-artes-circenses\/\",\"name\":\"Ante un masivo p\u00fablico y con arriesgada acrobacia en altura, se inaugur\u00f3 en Valpara\u00edso el Congreso Internacional de Malabarismo y Artes Circenses - Valpara\u00ed\u00adso Creativo\",\"isPartOf\":{\"@id\":\"https:\/\/dev.antudigital.cl\/sites\/vc\/#website\"},\"primaryImageOfPage\":{\"@id\":\"https:\/\/dev.antudigital.cl\/sites\/vc\/ante-un-masivo-publico-y-con-arriesgada-acrobacia-en-altura-se-inauguro-en-valparaiso-el-congreso-internacional-de-malabarismo-y-artes-circenses\/#primaryimage\"},\"image\":{\"@id\":\"https:\/\/dev.antudigital.cl\/sites\/vc\/ante-un-masivo-publico-y-con-arriesgada-acrobacia-en-altura-se-inauguro-en-valparaiso-el-congreso-internacional-de-malabarismo-y-artes-circenses\/#primaryimage\"},\"thumbnailUrl\":\"https:\/\/dev.antudigital.cl\/sites\/vc\/wp-content\/uploads\/2024\/10\/a6f08240-e450-4c63-8a59-1ad5aac81aa5.jpg\",\"datePublished\":\"2024-10-21T23:31:56+00:00\",\"dateModified\":\"2024-10-21T23:32:15+00:00\",\"author\":{\"@id\":\"https:\/\/dev.antudigital.cl\/sites\/vc\/#\/schema\/person\/c2b9da8dd545e27166fc5ab232837318\"},\"breadcrumb\":{\"@id\":\"https:\/\/dev.antudigital.cl\/sites\/vc\/ante-un-masivo-publico-y-con-arriesgada-acrobacia-en-altura-se-inauguro-en-valparaiso-el-congreso-internacional-de-malabarismo-y-artes-circenses\/#breadcrumb\"},\"inLanguage\":\"es\",\"potentialAction\":[{\"@type\":\"ReadAction\",\"target\":[\"https:\/\/dev.antudigital.cl\/sites\/vc\/ante-un-masivo-publico-y-con-arriesgada-acrobacia-en-altura-se-inauguro-en-valparaiso-el-congreso-internacional-de-malabarismo-y-artes-circenses\/\"]}]},{\"@type\":\"ImageObject\",\"inLanguage\":\"es\",\"@id\":\"https:\/\/dev.antudigital.cl\/sites\/vc\/ante-un-masivo-publico-y-con-arriesgada-acrobacia-en-altura-se-inauguro-en-valparaiso-el-congreso-internacional-de-malabarismo-y-artes-circenses\/#primaryimage\",\"url\":\"https:\/\/dev.antudigital.cl\/sites\/vc\/wp-content\/uploads\/2024\/10\/a6f08240-e450-4c63-8a59-1ad5aac81aa5.jpg\",\"contentUrl\":\"https:\/\/dev.antudigital.cl\/sites\/vc\/wp-content\/uploads\/2024\/10\/a6f08240-e450-4c63-8a59-1ad5aac81aa5.jpg\",\"width\":1600,\"height\":1066},{\"@type\":\"BreadcrumbList\",\"@id\":\"https:\/\/dev.antudigital.cl\/sites\/vc\/ante-un-masivo-publico-y-con-arriesgada-acrobacia-en-altura-se-inauguro-en-valparaiso-el-congreso-internacional-de-malabarismo-y-artes-circenses\/#breadcrumb\",\"itemListElement\":[{\"@type\":\"ListItem\",\"position\":1,\"name\":\"Home\",\"item\":\"https:\/\/dev.antudigital.cl\/sites\/vc\/\"},{\"@type\":\"ListItem\",\"position\":2,\"name\":\"Ante un masivo p\u00fablico y con arriesgada acrobacia en altura, se inaugur\u00f3 en Valpara\u00edso el Congreso Internacional de Malabarismo y Artes Circenses\"}]},{\"@type\":\"WebSite\",\"@id\":\"https:\/\/dev.antudigital.cl\/sites\/vc\/#website\",\"url\":\"https:\/\/dev.antudigital.cl\/sites\/vc\/\",\"name\":\"Valpara\u00ed\u00adso Creativo\",\"description\":\"\",\"potentialAction\":[{\"@type\":\"SearchAction\",\"target\":{\"@type\":\"EntryPoint\",\"urlTemplate\":\"https:\/\/dev.antudigital.cl\/sites\/vc\/?s={search_term_string}\"},\"query-input\":{\"@type\":\"PropertyValueSpecification\",\"valueRequired\":true,\"valueName\":\"search_term_string\"}}],\"inLanguage\":\"es\"},{\"@type\":\"Person\",\"@id\":\"https:\/\/dev.antudigital.cl\/sites\/vc\/#\/schema\/person\/c2b9da8dd545e27166fc5ab232837318\",\"name\":\"Valpara\u00edso Creativo\",\"description\":\"Periodista de cultura en la Regi\u00f3n de Valpara\u00edso.\",\"url\":\"https:\/\/dev.antudigital.cl\/sites\/vc\/author\/valpoadmin\/\"}]}<\/script>\n<!-- \/ Yoast SEO plugin. -->","yoast_head_json":{"title":"Ante un masivo p\u00fablico y con arriesgada acrobacia en altura, se inaugur\u00f3 en Valpara\u00edso el Congreso Internacional de Malabarismo y Artes Circenses - Valpara\u00ed\u00adso Creativo","robots":{"index":"index","follow":"follow","max-snippet":"max-snippet:-1","max-image-preview":"max-image-preview:large","max-video-preview":"max-video-preview:-1"},"canonical":"https:\/\/dev.antudigital.cl\/sites\/vc\/ante-un-masivo-publico-y-con-arriesgada-acrobacia-en-altura-se-inauguro-en-valparaiso-el-congreso-internacional-de-malabarismo-y-artes-circenses\/","og_locale":"es_ES","og_type":"article","og_title":"Ante un masivo p\u00fablico y con arriesgada acrobacia en altura, se inaugur\u00f3 en Valpara\u00edso el Congreso Internacional de Malabarismo y Artes Circenses - Valpara\u00ed\u00adso Creativo","og_description":"A m\u00e1s de cien metros de altura, y contando con la notable participaci\u00f3n de los artistas colombianos Marko, Alex y Hugo Moreno,&nbsp;los habitantes de Valpara\u00edso presenciaron una osada intervenci\u00f3n urbana: la instalaci\u00f3n de un \u00abhighline\u00bb que cruzar\u00e1 la emblem\u00e1tica Plaza Sotomayor de la ciudad puerto, dando inicio a una semana de espect\u00e1culos y competencias en [&hellip;]","og_url":"https:\/\/dev.antudigital.cl\/sites\/vc\/ante-un-masivo-publico-y-con-arriesgada-acrobacia-en-altura-se-inauguro-en-valparaiso-el-congreso-internacional-de-malabarismo-y-artes-circenses\/","og_site_name":"Valpara\u00ed\u00adso Creativo","article_published_time":"2024-10-21T23:31:56+00:00","article_modified_time":"2024-10-21T23:32:15+00:00","og_image":[{"width":1600,"height":1066,"url":"https:\/\/dev.antudigital.cl\/sites\/vc\/wp-content\/uploads\/2024\/10\/a6f08240-e450-4c63-8a59-1ad5aac81aa5.jpg","type":"image\/jpeg"}],"author":"Valpara\u00edso Creativo","twitter_card":"summary_large_image","twitter_misc":{"Escrito por":"Valpara\u00edso Creativo","Tiempo de lectura":"3 minutos"},"schema":{"@context":"https:\/\/schema.org","@graph":[{"@type":"Article","@id":"https:\/\/dev.antudigital.cl\/sites\/vc\/ante-un-masivo-publico-y-con-arriesgada-acrobacia-en-altura-se-inauguro-en-valparaiso-el-congreso-internacional-de-malabarismo-y-artes-circenses\/#article","isPartOf":{"@id":"https:\/\/dev.antudigital.cl\/sites\/vc\/ante-un-masivo-publico-y-con-arriesgada-acrobacia-en-altura-se-inauguro-en-valparaiso-el-congreso-internacional-de-malabarismo-y-artes-circenses\/"},"author":{"name":"Valpara\u00edso Creativo","@id":"https:\/\/dev.antudigital.cl\/sites\/vc\/#\/schema\/person\/c2b9da8dd545e27166fc5ab232837318"},"headline":"Ante un masivo p\u00fablico y con arriesgada acrobacia en altura, se inaugur\u00f3 en Valpara\u00edso el Congreso Internacional de Malabarismo y Artes Circenses","datePublished":"2024-10-21T23:31:56+00:00","dateModified":"2024-10-21T23:32:15+00:00","mainEntityOfPage":{"@id":"https:\/\/dev.antudigital.cl\/sites\/vc\/ante-un-masivo-publico-y-con-arriesgada-acrobacia-en-altura-se-inauguro-en-valparaiso-el-congreso-internacional-de-malabarismo-y-artes-circenses\/"},"wordCount":520,"image":{"@id":"https:\/\/dev.antudigital.cl\/sites\/vc\/ante-un-masivo-publico-y-con-arriesgada-acrobacia-en-altura-se-inauguro-en-valparaiso-el-congreso-internacional-de-malabarismo-y-artes-circenses\/#primaryimage"},"thumbnailUrl":"https:\/\/dev.antudigital.cl\/sites\/vc\/wp-content\/uploads\/2024\/10\/a6f08240-e450-4c63-8a59-1ad5aac81aa5.jpg","articleSection":["Noticia"],"inLanguage":"es"},{"@type":"WebPage","@id":"https:\/\/dev.antudigital.cl\/sites\/vc\/ante-un-masivo-publico-y-con-arriesgada-acrobacia-en-altura-se-inauguro-en-valparaiso-el-congreso-internacional-de-malabarismo-y-artes-circenses\/","url":"https:\/\/dev.antudigital.cl\/sites\/vc\/ante-un-masivo-publico-y-con-arriesgada-acrobacia-en-altura-se-inauguro-en-valparaiso-el-congreso-internacional-de-malabarismo-y-artes-circenses\/","name":"Ante un masivo p\u00fablico y con arriesgada acrobacia en altura, se inaugur\u00f3 en Valpara\u00edso el Congreso Internacional de Malabarismo y Artes Circenses - Valpara\u00ed\u00adso Creativo","isPartOf":{"@id":"https:\/\/dev.antudigital.cl\/sites\/vc\/#website"},"primaryImageOfPage":{"@id":"https:\/\/dev.antudigital.cl\/sites\/vc\/ante-un-masivo-publico-y-con-arriesgada-acrobacia-en-altura-se-inauguro-en-valparaiso-el-congreso-internacional-de-malabarismo-y-artes-circenses\/#primaryimage"},"image":{"@id":"https:\/\/dev.antudigital.cl\/sites\/vc\/ante-un-masivo-publico-y-con-arriesgada-acrobacia-en-altura-se-inauguro-en-valparaiso-el-congreso-internacional-de-malabarismo-y-artes-circenses\/#primaryimage"},"thumbnailUrl":"https:\/\/dev.antudigital.cl\/sites\/vc\/wp-content\/uploads\/2024\/10\/a6f08240-e450-4c63-8a59-1ad5aac81aa5.jpg","datePublished":"2024-10-21T23:31:56+00:00","dateModified":"2024-10-21T23:32:15+00:00","author":{"@id":"https:\/\/dev.antudigital.cl\/sites\/vc\/#\/schema\/person\/c2b9da8dd545e27166fc5ab232837318"},"breadcrumb":{"@id":"https:\/\/dev.antudigital.cl\/sites\/vc\/ante-un-masivo-publico-y-con-arriesgada-acrobacia-en-altura-se-inauguro-en-valparaiso-el-congreso-internacional-de-malabarismo-y-artes-circenses\/#breadcrumb"},"inLanguage":"es","potentialAction":[{"@type":"ReadAction","target":["https:\/\/dev.antudigital.cl\/sites\/vc\/ante-un-masivo-publico-y-con-arriesgada-acrobacia-en-altura-se-inauguro-en-valparaiso-el-congreso-internacional-de-malabarismo-y-artes-circenses\/"]}]},{"@type":"ImageObject","inLanguage":"es","@id":"https:\/\/dev.antudigital.cl\/sites\/vc\/ante-un-masivo-publico-y-con-arriesgada-acrobacia-en-altura-se-inauguro-en-valparaiso-el-congreso-internacional-de-malabarismo-y-artes-circenses\/#primaryimage","url":"https:\/\/dev.antudigital.cl\/sites\/vc\/wp-content\/uploads\/2024\/10\/a6f08240-e450-4c63-8a59-1ad5aac81aa5.jpg","contentUrl":"https:\/\/dev.antudigital.cl\/sites\/vc\/wp-content\/uploads\/2024\/10\/a6f08240-e450-4c63-8a59-1ad5aac81aa5.jpg","width":1600,"height":1066},{"@type":"BreadcrumbList","@id":"https:\/\/dev.antudigital.cl\/sites\/vc\/ante-un-masivo-publico-y-con-arriesgada-acrobacia-en-altura-se-inauguro-en-valparaiso-el-congreso-internacional-de-malabarismo-y-artes-circenses\/#breadcrumb","itemListElement":[{"@type":"ListItem","position":1,"name":"Home","item":"https:\/\/dev.antudigital.cl\/sites\/vc\/"},{"@type":"ListItem","position":2,"name":"Ante un masivo p\u00fablico y con arriesgada acrobacia en altura, se inaugur\u00f3 en Valpara\u00edso el Congreso Internacional de Malabarismo y Artes Circenses"}]},{"@type":"WebSite","@id":"https:\/\/dev.antudigital.cl\/sites\/vc\/#website","url":"https:\/\/dev.antudigital.cl\/sites\/vc\/","name":"Valpara\u00ed\u00adso Creativo","description":"","potentialAction":[{"@type":"SearchAction","target":{"@type":"EntryPoint","urlTemplate":"https:\/\/dev.antudigital.cl\/sites\/vc\/?s={search_term_string}"},"query-input":{"@type":"PropertyValueSpecification","valueRequired":true,"valueName":"search_term_string"}}],"inLanguage":"es"},{"@type":"Person","@id":"https:\/\/dev.antudigital.cl\/sites\/vc\/#\/schema\/person\/c2b9da8dd545e27166fc5ab232837318","name":"Valpara\u00edso Creativo","description":"Periodista de cultura en la Regi\u00f3n de Valpara\u00edso.","url":"https:\/\/dev.antudigital.cl\/sites\/vc\/author\/valpoadmin\/"}]}},"_links":{"self":[{"href":"https:\/\/dev.antudigital.cl\/sites\/vc\/wp-json\/wp\/v2\/posts\/20803","targetHints":{"allow":["GET"]}}],"collection":[{"href":"https:\/\/dev.antudigital.cl\/sites\/vc\/wp-json\/wp\/v2\/posts"}],"about":[{"href":"https:\/\/dev.antudigital.cl\/sites\/vc\/wp-json\/wp\/v2\/types\/post"}],"author":[{"embeddable":true,"href":"https:\/\/dev.antudigital.cl\/sites\/vc\/wp-json\/wp\/v2\/users\/1"}],"replies":[{"embeddable":true,"href":"https:\/\/dev.antudigital.cl\/sites\/vc\/wp-json\/wp\/v2\/comments?post=20803"}],"version-history":[{"count":1,"href":"https:\/\/dev.antudigital.cl\/sites\/vc\/wp-json\/wp\/v2\/posts\/20803\/revisions"}],"predecessor-version":[{"id":20806,"href":"https:\/\/dev.antudigital.cl\/sites\/vc\/wp-json\/wp\/v2\/posts\/20803\/revisions\/20806"}],"wp:featuredmedia":[{"embeddable":true,"href":"https:\/\/dev.antudigital.cl\/sites\/vc\/wp-json\/wp\/v2\/media\/20804"}],"wp:attachment":[{"href":"https:\/\/dev.antudigital.cl\/sites\/vc\/wp-json\/wp\/v2\/media?parent=20803"}],"wp:term":[{"taxonomy":"category","embeddable":true,"href":"https:\/\/dev.antudigital.cl\/sites\/vc\/wp-json\/wp\/v2\/categories?post=20803"},{"taxonomy":"post_tag","embeddable":true,"href":"https:\/\/dev.antudigital.cl\/sites\/vc\/wp-json\/wp\/v2\/tags?post=20803"}],"curies":[{"name":"wp","href":"https:\/\/api.w.org\/{rel}","templated":true}]}}