{"id":20807,"date":"2024-10-21T23:39:05","date_gmt":"2024-10-21T23:39:05","guid":{"rendered":"https:\/\/www.valparaisocreativo.cl\/?p=20807"},"modified":"2024-10-21T23:39:21","modified_gmt":"2024-10-21T23:39:21","slug":"festmyd-llega-a-valparaiso-y-ovalle-en-su-cuarta-version-y-abre-convocatoria-para-cortometrajes","status":"publish","type":"post","link":"https:\/\/dev.antudigital.cl\/sites\/vc\/festmyd-llega-a-valparaiso-y-ovalle-en-su-cuarta-version-y-abre-convocatoria-para-cortometrajes\/","title":{"rendered":"FESTMYD llega a Valpara\u00edso y Ovalle en su cuarta versi\u00f3n y abre convocatoria para cortometrajes\u00a0"},"content":{"rendered":"\n<p>El Festival de Cine de Mujeres y Diversidades de G\u00e9nero, FESTMYD 2024, anunci\u00f3 la apertura de convocatoria para su cuarta edici\u00f3n, que se llevar\u00e1 a cabo en noviembre en las ciudades de Valpara\u00edso y Ovalle. El festival, autogestionado gracias al apoyo de la Escuela de Cine de la Universidad de Valpara\u00edso y el Festival de Cine de Ovalle, invita a realizadoras y realizadores nacionales e internacionales residentes en Chile a participar con sus cortometrajes realizados en contextos formativos, tanto formales como informales.<\/p>\n\n\n\n<p>El objetivo de FESTMYD 2024 es visibilizar y promover contenido cinematogr\u00e1fico que aborde tem\u00e1ticas de g\u00e9nero, y generar espacios de mediaci\u00f3n art\u00edstica que permitan un di\u00e1logo con las comunidades, destacando el trabajo de mujeres y diversidades de g\u00e9nero en el \u00e1mbito audiovisual.<\/p>\n\n\n\n<p>As\u00ed lo destacan&nbsp;<strong>sus directoras Violeta Banda y Carolina Astudillo<\/strong>, quienes agregan que es \u201c<em>importante visibilizar aquellas obras con perspectiva de g\u00e9nero que se realizan en contextos de formaci\u00f3n audiovisual, porque creemos proporcionar\u00e1n miradas frescas y presentes sobre la construcci\u00f3n de nuestra sociedad en materias de g\u00e9nero. Especulamos que estos contenidos pueden llevarnos a reflexionar cr\u00edtica y emotivamente sobre nuestra idiosincrasia, la cual se transforma con nosotres, adem\u00e1s de relevar a las\/es nuevas direcciones que se van abriendo paso<\/em>\u201d.&nbsp;<\/p>\n\n\n\n<p>En ese mismo sentido, las directoras se\u00f1alan estar emocionadas con la idea de revisar obras realizadas en contextos formativos informales, \u201c<em>pues entendemos que la educaci\u00f3n universitaria en Chile, sobre todo la art\u00edstica, responde muchas veces a un privilegio de clase. Es desde este mismo lugar que este a\u00f1o, ante la falta de recursos p\u00fablicos para la realizaci\u00f3n de cert\u00e1menes, levantamos esta versi\u00f3n a pulso y de forma autogestionada, pues creemos en la importancia de llevar contenidos con perspectiva de g\u00e9nero a p\u00fablicos a trav\u00e9s de una mediaci\u00f3n adecuada, porque es tambi\u00e9n una forma de resistencia crucial mantener estos espacios vivos, justamente con la intenci\u00f3n de democratizar los espacios art\u00edsticos<\/em>\u201d.<\/p>\n\n\n\n<h3 class=\"wp-block-heading\">Bases y Requisitos<\/h3>\n\n\n\n<p>La convocatoria est\u00e1 dirigida a obras de ficci\u00f3n, documental, experimental y animaci\u00f3n, producidas en cualquier regi\u00f3n de Chile y realizadas desde el a\u00f1o 2020 en adelante. Se recibir\u00e1n cortometrajes dirigidos por mujeres (cis\/trans), diversidades de g\u00e9nero (no binaries, g\u00e9nero fluido, hombres trans) e intersexuales, cuya duraci\u00f3n no exceda los 30 minutos, incluidos los cr\u00e9ditos. Las obras deben haber sido desarrolladas en contextos formativos, tanto formales&nbsp; universidades e institutos) como informales (talleres, autoformaci\u00f3n).<\/p>\n\n\n\n<p>Las postulaciones estar\u00e1n abiertas hasta el&nbsp;<strong>30 de octubre<\/strong>, y se seleccionar\u00e1n un total de ocho cortometrajes. Los resultados ser\u00e1n notificados el d\u00eda&nbsp;<strong>8 de noviembre<\/strong>&nbsp;v\u00eda correo electr\u00f3nico, y las obras seleccionadas se publicar\u00e1n el&nbsp;<strong>12 de noviembre<\/strong>&nbsp;en las redes sociales oficiales del festival (@festmyd).<\/p>\n\n\n\n<p>Posteriormente, la exhibici\u00f3n de la muestra de cortometrajes se llevar\u00e1 a cabo el&nbsp;<strong>22 de noviembre<\/strong>&nbsp;en la ciudad de Valpara\u00edso, como parte de las actividades del festival, que se extender\u00e1 del&nbsp;<strong>19 al 30 de noviembre<\/strong>.<\/p>\n\n\n\n<p>Durante el desarrollo de FESTMYD 2024, se llevar\u00e1n a cabo actividades y muestras en colaboraci\u00f3n con diversas instituciones, entre ellas el Festival de Cine de Ovalle y el Goethe Institut.<\/p>\n\n\n\n<p>Para consultas y m\u00e1s informaci\u00f3n, las personas interesadas pueden escribir a&nbsp;<strong><a href=\"mailto:programacionfestmyd@gmail.com\" target=\"_blank\" rel=\"noreferrer noopener\">programacionfestmyd@gmail.com<\/a><\/strong>. La inscripci\u00f3n de cortometrajes se puede realizar en el sitio web oficial&nbsp;<a href=\"http:\/\/www.festmyd.cl\/\" target=\"_blank\" rel=\"noreferrer noopener\">www.festmyd.cl<\/a>&nbsp;y&nbsp;<a href=\"https:\/\/festhome.com\/festival\/festival-de-cine-de-mujeres-y-diversidades-del-genero-festmyd\" target=\"_blank\" rel=\"noreferrer noopener\">www.festhome.com<\/a>&nbsp;<\/p>\n","protected":false},"excerpt":{"rendered":"<p>El Festival de Cine de Mujeres y Diversidades de G\u00e9nero, FESTMYD 2024, anunci\u00f3 la apertura de convocatoria para su cuarta edici\u00f3n, que se llevar\u00e1 a cabo en noviembre en las ciudades de Valpara\u00edso y Ovalle. El festival, autogestionado gracias al apoyo de la Escuela de Cine de la Universidad de Valpara\u00edso y el Festival de [&hellip;]<\/p>\n","protected":false},"author":1,"featured_media":20808,"comment_status":"closed","ping_status":"closed","sticky":false,"template":"","format":"standard","meta":{"_acf_changed":false,"footnotes":""},"categories":[8],"tags":[],"class_list":["post-20807","post","type-post","status-publish","format-standard","has-post-thumbnail","hentry","category-noticia"],"acf":[],"yoast_head":"<!-- This site is optimized with the Yoast SEO plugin v27.1.1 - https:\/\/yoast.com\/product\/yoast-seo-wordpress\/ -->\n<title>FESTMYD llega a Valpara\u00edso y Ovalle en su cuarta versi\u00f3n y abre convocatoria para cortometrajes\u00a0 - Valpara\u00ed\u00adso Creativo<\/title>\n<meta name=\"robots\" content=\"index, follow, max-snippet:-1, max-image-preview:large, max-video-preview:-1\" \/>\n<link rel=\"canonical\" href=\"https:\/\/dev.antudigital.cl\/sites\/vc\/festmyd-llega-a-valparaiso-y-ovalle-en-su-cuarta-version-y-abre-convocatoria-para-cortometrajes\/\" \/>\n<meta property=\"og:locale\" content=\"es_ES\" \/>\n<meta property=\"og:type\" content=\"article\" \/>\n<meta property=\"og:title\" content=\"FESTMYD llega a Valpara\u00edso y Ovalle en su cuarta versi\u00f3n y abre convocatoria para cortometrajes\u00a0 - Valpara\u00ed\u00adso Creativo\" \/>\n<meta property=\"og:description\" content=\"El Festival de Cine de Mujeres y Diversidades de G\u00e9nero, FESTMYD 2024, anunci\u00f3 la apertura de convocatoria para su cuarta edici\u00f3n, que se llevar\u00e1 a cabo en noviembre en las ciudades de Valpara\u00edso y Ovalle. El festival, autogestionado gracias al apoyo de la Escuela de Cine de la Universidad de Valpara\u00edso y el Festival de [&hellip;]\" \/>\n<meta property=\"og:url\" content=\"https:\/\/dev.antudigital.cl\/sites\/vc\/festmyd-llega-a-valparaiso-y-ovalle-en-su-cuarta-version-y-abre-convocatoria-para-cortometrajes\/\" \/>\n<meta property=\"og:site_name\" content=\"Valpara\u00ed\u00adso Creativo\" \/>\n<meta property=\"article:published_time\" content=\"2024-10-21T23:39:05+00:00\" \/>\n<meta property=\"article:modified_time\" content=\"2024-10-21T23:39:21+00:00\" \/>\n<meta property=\"og:image\" content=\"https:\/\/dev.antudigital.cl\/sites\/vc\/wp-content\/uploads\/2024\/10\/FESTMYD-OVALLE-2023-1024x683.png\" \/>\n\t<meta property=\"og:image:width\" content=\"1024\" \/>\n\t<meta property=\"og:image:height\" content=\"683\" \/>\n\t<meta property=\"og:image:type\" content=\"image\/png\" \/>\n<meta name=\"author\" content=\"Valpara\u00edso Creativo\" \/>\n<meta name=\"twitter:card\" content=\"summary_large_image\" \/>\n<meta name=\"twitter:label1\" content=\"Escrito por\" \/>\n\t<meta name=\"twitter:data1\" content=\"Valpara\u00edso Creativo\" \/>\n\t<meta name=\"twitter:label2\" content=\"Tiempo de lectura\" \/>\n\t<meta name=\"twitter:data2\" content=\"3 minutos\" \/>\n<script type=\"application\/ld+json\" class=\"yoast-schema-graph\">{\"@context\":\"https:\/\/schema.org\",\"@graph\":[{\"@type\":\"Article\",\"@id\":\"https:\/\/dev.antudigital.cl\/sites\/vc\/festmyd-llega-a-valparaiso-y-ovalle-en-su-cuarta-version-y-abre-convocatoria-para-cortometrajes\/#article\",\"isPartOf\":{\"@id\":\"https:\/\/dev.antudigital.cl\/sites\/vc\/festmyd-llega-a-valparaiso-y-ovalle-en-su-cuarta-version-y-abre-convocatoria-para-cortometrajes\/\"},\"author\":{\"name\":\"Valpara\u00edso Creativo\",\"@id\":\"https:\/\/dev.antudigital.cl\/sites\/vc\/#\/schema\/person\/c2b9da8dd545e27166fc5ab232837318\"},\"headline\":\"FESTMYD llega a Valpara\u00edso y Ovalle en su cuarta versi\u00f3n y abre convocatoria para cortometrajes\u00a0\",\"datePublished\":\"2024-10-21T23:39:05+00:00\",\"dateModified\":\"2024-10-21T23:39:21+00:00\",\"mainEntityOfPage\":{\"@id\":\"https:\/\/dev.antudigital.cl\/sites\/vc\/festmyd-llega-a-valparaiso-y-ovalle-en-su-cuarta-version-y-abre-convocatoria-para-cortometrajes\/\"},\"wordCount\":615,\"image\":{\"@id\":\"https:\/\/dev.antudigital.cl\/sites\/vc\/festmyd-llega-a-valparaiso-y-ovalle-en-su-cuarta-version-y-abre-convocatoria-para-cortometrajes\/#primaryimage\"},\"thumbnailUrl\":\"https:\/\/dev.antudigital.cl\/sites\/vc\/wp-content\/uploads\/2024\/10\/FESTMYD-OVALLE-2023.png\",\"articleSection\":[\"Noticia\"],\"inLanguage\":\"es\"},{\"@type\":\"WebPage\",\"@id\":\"https:\/\/dev.antudigital.cl\/sites\/vc\/festmyd-llega-a-valparaiso-y-ovalle-en-su-cuarta-version-y-abre-convocatoria-para-cortometrajes\/\",\"url\":\"https:\/\/dev.antudigital.cl\/sites\/vc\/festmyd-llega-a-valparaiso-y-ovalle-en-su-cuarta-version-y-abre-convocatoria-para-cortometrajes\/\",\"name\":\"FESTMYD llega a Valpara\u00edso y Ovalle en su cuarta versi\u00f3n y abre convocatoria para cortometrajes\u00a0 - Valpara\u00ed\u00adso Creativo\",\"isPartOf\":{\"@id\":\"https:\/\/dev.antudigital.cl\/sites\/vc\/#website\"},\"primaryImageOfPage\":{\"@id\":\"https:\/\/dev.antudigital.cl\/sites\/vc\/festmyd-llega-a-valparaiso-y-ovalle-en-su-cuarta-version-y-abre-convocatoria-para-cortometrajes\/#primaryimage\"},\"image\":{\"@id\":\"https:\/\/dev.antudigital.cl\/sites\/vc\/festmyd-llega-a-valparaiso-y-ovalle-en-su-cuarta-version-y-abre-convocatoria-para-cortometrajes\/#primaryimage\"},\"thumbnailUrl\":\"https:\/\/dev.antudigital.cl\/sites\/vc\/wp-content\/uploads\/2024\/10\/FESTMYD-OVALLE-2023.png\",\"datePublished\":\"2024-10-21T23:39:05+00:00\",\"dateModified\":\"2024-10-21T23:39:21+00:00\",\"author\":{\"@id\":\"https:\/\/dev.antudigital.cl\/sites\/vc\/#\/schema\/person\/c2b9da8dd545e27166fc5ab232837318\"},\"breadcrumb\":{\"@id\":\"https:\/\/dev.antudigital.cl\/sites\/vc\/festmyd-llega-a-valparaiso-y-ovalle-en-su-cuarta-version-y-abre-convocatoria-para-cortometrajes\/#breadcrumb\"},\"inLanguage\":\"es\",\"potentialAction\":[{\"@type\":\"ReadAction\",\"target\":[\"https:\/\/dev.antudigital.cl\/sites\/vc\/festmyd-llega-a-valparaiso-y-ovalle-en-su-cuarta-version-y-abre-convocatoria-para-cortometrajes\/\"]}]},{\"@type\":\"ImageObject\",\"inLanguage\":\"es\",\"@id\":\"https:\/\/dev.antudigital.cl\/sites\/vc\/festmyd-llega-a-valparaiso-y-ovalle-en-su-cuarta-version-y-abre-convocatoria-para-cortometrajes\/#primaryimage\",\"url\":\"https:\/\/dev.antudigital.cl\/sites\/vc\/wp-content\/uploads\/2024\/10\/FESTMYD-OVALLE-2023.png\",\"contentUrl\":\"https:\/\/dev.antudigital.cl\/sites\/vc\/wp-content\/uploads\/2024\/10\/FESTMYD-OVALLE-2023.png\",\"width\":5513,\"height\":3675},{\"@type\":\"BreadcrumbList\",\"@id\":\"https:\/\/dev.antudigital.cl\/sites\/vc\/festmyd-llega-a-valparaiso-y-ovalle-en-su-cuarta-version-y-abre-convocatoria-para-cortometrajes\/#breadcrumb\",\"itemListElement\":[{\"@type\":\"ListItem\",\"position\":1,\"name\":\"Home\",\"item\":\"https:\/\/dev.antudigital.cl\/sites\/vc\/\"},{\"@type\":\"ListItem\",\"position\":2,\"name\":\"FESTMYD llega a Valpara\u00edso y Ovalle en su cuarta versi\u00f3n y abre convocatoria para cortometrajes\u00a0\"}]},{\"@type\":\"WebSite\",\"@id\":\"https:\/\/dev.antudigital.cl\/sites\/vc\/#website\",\"url\":\"https:\/\/dev.antudigital.cl\/sites\/vc\/\",\"name\":\"Valpara\u00ed\u00adso Creativo\",\"description\":\"\",\"potentialAction\":[{\"@type\":\"SearchAction\",\"target\":{\"@type\":\"EntryPoint\",\"urlTemplate\":\"https:\/\/dev.antudigital.cl\/sites\/vc\/?s={search_term_string}\"},\"query-input\":{\"@type\":\"PropertyValueSpecification\",\"valueRequired\":true,\"valueName\":\"search_term_string\"}}],\"inLanguage\":\"es\"},{\"@type\":\"Person\",\"@id\":\"https:\/\/dev.antudigital.cl\/sites\/vc\/#\/schema\/person\/c2b9da8dd545e27166fc5ab232837318\",\"name\":\"Valpara\u00edso Creativo\",\"description\":\"Periodista de cultura en la Regi\u00f3n de Valpara\u00edso.\",\"url\":\"https:\/\/dev.antudigital.cl\/sites\/vc\/author\/valpoadmin\/\"}]}<\/script>\n<!-- \/ Yoast SEO plugin. -->","yoast_head_json":{"title":"FESTMYD llega a Valpara\u00edso y Ovalle en su cuarta versi\u00f3n y abre convocatoria para cortometrajes\u00a0 - Valpara\u00ed\u00adso Creativo","robots":{"index":"index","follow":"follow","max-snippet":"max-snippet:-1","max-image-preview":"max-image-preview:large","max-video-preview":"max-video-preview:-1"},"canonical":"https:\/\/dev.antudigital.cl\/sites\/vc\/festmyd-llega-a-valparaiso-y-ovalle-en-su-cuarta-version-y-abre-convocatoria-para-cortometrajes\/","og_locale":"es_ES","og_type":"article","og_title":"FESTMYD llega a Valpara\u00edso y Ovalle en su cuarta versi\u00f3n y abre convocatoria para cortometrajes\u00a0 - Valpara\u00ed\u00adso Creativo","og_description":"El Festival de Cine de Mujeres y Diversidades de G\u00e9nero, FESTMYD 2024, anunci\u00f3 la apertura de convocatoria para su cuarta edici\u00f3n, que se llevar\u00e1 a cabo en noviembre en las ciudades de Valpara\u00edso y Ovalle. El festival, autogestionado gracias al apoyo de la Escuela de Cine de la Universidad de Valpara\u00edso y el Festival de [&hellip;]","og_url":"https:\/\/dev.antudigital.cl\/sites\/vc\/festmyd-llega-a-valparaiso-y-ovalle-en-su-cuarta-version-y-abre-convocatoria-para-cortometrajes\/","og_site_name":"Valpara\u00ed\u00adso Creativo","article_published_time":"2024-10-21T23:39:05+00:00","article_modified_time":"2024-10-21T23:39:21+00:00","og_image":[{"width":1024,"height":683,"url":"https:\/\/dev.antudigital.cl\/sites\/vc\/wp-content\/uploads\/2024\/10\/FESTMYD-OVALLE-2023-1024x683.png","type":"image\/png"}],"author":"Valpara\u00edso Creativo","twitter_card":"summary_large_image","twitter_misc":{"Escrito por":"Valpara\u00edso Creativo","Tiempo de lectura":"3 minutos"},"schema":{"@context":"https:\/\/schema.org","@graph":[{"@type":"Article","@id":"https:\/\/dev.antudigital.cl\/sites\/vc\/festmyd-llega-a-valparaiso-y-ovalle-en-su-cuarta-version-y-abre-convocatoria-para-cortometrajes\/#article","isPartOf":{"@id":"https:\/\/dev.antudigital.cl\/sites\/vc\/festmyd-llega-a-valparaiso-y-ovalle-en-su-cuarta-version-y-abre-convocatoria-para-cortometrajes\/"},"author":{"name":"Valpara\u00edso Creativo","@id":"https:\/\/dev.antudigital.cl\/sites\/vc\/#\/schema\/person\/c2b9da8dd545e27166fc5ab232837318"},"headline":"FESTMYD llega a Valpara\u00edso y Ovalle en su cuarta versi\u00f3n y abre convocatoria para cortometrajes\u00a0","datePublished":"2024-10-21T23:39:05+00:00","dateModified":"2024-10-21T23:39:21+00:00","mainEntityOfPage":{"@id":"https:\/\/dev.antudigital.cl\/sites\/vc\/festmyd-llega-a-valparaiso-y-ovalle-en-su-cuarta-version-y-abre-convocatoria-para-cortometrajes\/"},"wordCount":615,"image":{"@id":"https:\/\/dev.antudigital.cl\/sites\/vc\/festmyd-llega-a-valparaiso-y-ovalle-en-su-cuarta-version-y-abre-convocatoria-para-cortometrajes\/#primaryimage"},"thumbnailUrl":"https:\/\/dev.antudigital.cl\/sites\/vc\/wp-content\/uploads\/2024\/10\/FESTMYD-OVALLE-2023.png","articleSection":["Noticia"],"inLanguage":"es"},{"@type":"WebPage","@id":"https:\/\/dev.antudigital.cl\/sites\/vc\/festmyd-llega-a-valparaiso-y-ovalle-en-su-cuarta-version-y-abre-convocatoria-para-cortometrajes\/","url":"https:\/\/dev.antudigital.cl\/sites\/vc\/festmyd-llega-a-valparaiso-y-ovalle-en-su-cuarta-version-y-abre-convocatoria-para-cortometrajes\/","name":"FESTMYD llega a Valpara\u00edso y Ovalle en su cuarta versi\u00f3n y abre convocatoria para cortometrajes\u00a0 - Valpara\u00ed\u00adso Creativo","isPartOf":{"@id":"https:\/\/dev.antudigital.cl\/sites\/vc\/#website"},"primaryImageOfPage":{"@id":"https:\/\/dev.antudigital.cl\/sites\/vc\/festmyd-llega-a-valparaiso-y-ovalle-en-su-cuarta-version-y-abre-convocatoria-para-cortometrajes\/#primaryimage"},"image":{"@id":"https:\/\/dev.antudigital.cl\/sites\/vc\/festmyd-llega-a-valparaiso-y-ovalle-en-su-cuarta-version-y-abre-convocatoria-para-cortometrajes\/#primaryimage"},"thumbnailUrl":"https:\/\/dev.antudigital.cl\/sites\/vc\/wp-content\/uploads\/2024\/10\/FESTMYD-OVALLE-2023.png","datePublished":"2024-10-21T23:39:05+00:00","dateModified":"2024-10-21T23:39:21+00:00","author":{"@id":"https:\/\/dev.antudigital.cl\/sites\/vc\/#\/schema\/person\/c2b9da8dd545e27166fc5ab232837318"},"breadcrumb":{"@id":"https:\/\/dev.antudigital.cl\/sites\/vc\/festmyd-llega-a-valparaiso-y-ovalle-en-su-cuarta-version-y-abre-convocatoria-para-cortometrajes\/#breadcrumb"},"inLanguage":"es","potentialAction":[{"@type":"ReadAction","target":["https:\/\/dev.antudigital.cl\/sites\/vc\/festmyd-llega-a-valparaiso-y-ovalle-en-su-cuarta-version-y-abre-convocatoria-para-cortometrajes\/"]}]},{"@type":"ImageObject","inLanguage":"es","@id":"https:\/\/dev.antudigital.cl\/sites\/vc\/festmyd-llega-a-valparaiso-y-ovalle-en-su-cuarta-version-y-abre-convocatoria-para-cortometrajes\/#primaryimage","url":"https:\/\/dev.antudigital.cl\/sites\/vc\/wp-content\/uploads\/2024\/10\/FESTMYD-OVALLE-2023.png","contentUrl":"https:\/\/dev.antudigital.cl\/sites\/vc\/wp-content\/uploads\/2024\/10\/FESTMYD-OVALLE-2023.png","width":5513,"height":3675},{"@type":"BreadcrumbList","@id":"https:\/\/dev.antudigital.cl\/sites\/vc\/festmyd-llega-a-valparaiso-y-ovalle-en-su-cuarta-version-y-abre-convocatoria-para-cortometrajes\/#breadcrumb","itemListElement":[{"@type":"ListItem","position":1,"name":"Home","item":"https:\/\/dev.antudigital.cl\/sites\/vc\/"},{"@type":"ListItem","position":2,"name":"FESTMYD llega a Valpara\u00edso y Ovalle en su cuarta versi\u00f3n y abre convocatoria para cortometrajes\u00a0"}]},{"@type":"WebSite","@id":"https:\/\/dev.antudigital.cl\/sites\/vc\/#website","url":"https:\/\/dev.antudigital.cl\/sites\/vc\/","name":"Valpara\u00ed\u00adso Creativo","description":"","potentialAction":[{"@type":"SearchAction","target":{"@type":"EntryPoint","urlTemplate":"https:\/\/dev.antudigital.cl\/sites\/vc\/?s={search_term_string}"},"query-input":{"@type":"PropertyValueSpecification","valueRequired":true,"valueName":"search_term_string"}}],"inLanguage":"es"},{"@type":"Person","@id":"https:\/\/dev.antudigital.cl\/sites\/vc\/#\/schema\/person\/c2b9da8dd545e27166fc5ab232837318","name":"Valpara\u00edso Creativo","description":"Periodista de cultura en la Regi\u00f3n de Valpara\u00edso.","url":"https:\/\/dev.antudigital.cl\/sites\/vc\/author\/valpoadmin\/"}]}},"_links":{"self":[{"href":"https:\/\/dev.antudigital.cl\/sites\/vc\/wp-json\/wp\/v2\/posts\/20807","targetHints":{"allow":["GET"]}}],"collection":[{"href":"https:\/\/dev.antudigital.cl\/sites\/vc\/wp-json\/wp\/v2\/posts"}],"about":[{"href":"https:\/\/dev.antudigital.cl\/sites\/vc\/wp-json\/wp\/v2\/types\/post"}],"author":[{"embeddable":true,"href":"https:\/\/dev.antudigital.cl\/sites\/vc\/wp-json\/wp\/v2\/users\/1"}],"replies":[{"embeddable":true,"href":"https:\/\/dev.antudigital.cl\/sites\/vc\/wp-json\/wp\/v2\/comments?post=20807"}],"version-history":[{"count":1,"href":"https:\/\/dev.antudigital.cl\/sites\/vc\/wp-json\/wp\/v2\/posts\/20807\/revisions"}],"predecessor-version":[{"id":20809,"href":"https:\/\/dev.antudigital.cl\/sites\/vc\/wp-json\/wp\/v2\/posts\/20807\/revisions\/20809"}],"wp:featuredmedia":[{"embeddable":true,"href":"https:\/\/dev.antudigital.cl\/sites\/vc\/wp-json\/wp\/v2\/media\/20808"}],"wp:attachment":[{"href":"https:\/\/dev.antudigital.cl\/sites\/vc\/wp-json\/wp\/v2\/media?parent=20807"}],"wp:term":[{"taxonomy":"category","embeddable":true,"href":"https:\/\/dev.antudigital.cl\/sites\/vc\/wp-json\/wp\/v2\/categories?post=20807"},{"taxonomy":"post_tag","embeddable":true,"href":"https:\/\/dev.antudigital.cl\/sites\/vc\/wp-json\/wp\/v2\/tags?post=20807"}],"curies":[{"name":"wp","href":"https:\/\/api.w.org\/{rel}","templated":true}]}}