{"id":20810,"date":"2024-10-21T23:42:10","date_gmt":"2024-10-21T23:42:10","guid":{"rendered":"https:\/\/www.valparaisocreativo.cl\/?p=20810"},"modified":"2024-10-21T23:42:27","modified_gmt":"2024-10-21T23:42:27","slug":"multicolor-moroni-el-mejor-amigo-de-la-espatula-en-la-escala-galeria","status":"publish","type":"post","link":"https:\/\/dev.antudigital.cl\/sites\/vc\/multicolor-moroni-el-mejor-amigo-de-la-espatula-en-la-escala-galeria\/","title":{"rendered":"MULTICOLOR: Moroni, el mejor amigo de la esp\u00e1tula en La Escala Galer\u00eda"},"content":{"rendered":"\n<p>Jorge Moroni, el pintor autodidacta que no le gusta viajar, comparte una selecci\u00f3n de sus obras en la exposici\u00f3n \u201cMulticolor\u201d, que puede ser visitada hasta fines de octubre en La Escala Galer\u00eda. Desde peque\u00f1o le interesa la pintura y el 2014 se lanz\u00f3 a comercializar su arte, exponer en caf\u00e9s y luego en galer\u00edas y centros culturales. Sin miedo a manchar su delantal, Jorge explora el color, evocando personajes, historias, paisajes y sentimientos.<\/p>\n\n\n\n<p>15 cuadros se pueden apreciar en una gran pared blanca de la galer\u00eda con la escala m\u00e1s grande de todas las galer\u00edas de Valpara\u00edso, tan grande que le da el nombre al espacio. Sobre la exposici\u00f3n, Jorge comparte: \u201cPrimero tomo el color, voy armando algo y asimilando a alg\u00fan lugar, vivencia o fantas\u00eda, como \u2018City of wine\u2019, la ciudad del vino, que evoca el papel dorado de algunas botellas, corchos, manchas de tinto, etiquetas viol\u00e1ceas. No soy de los artistas que viven un proceso depresivo o de introspecci\u00f3n, yo pinto estando an\u00edmicamente bien o mal. Si despert\u00e9 mal, dejo todo eso en la cama, me levanto, trabajo y funciono\u201d.<\/p>\n\n\n\n<p>Jaime Blaset, director de la Escala Galer\u00eda, recuerda cuando conoci\u00f3 a Jorge, en tiempos en que la Escala se encontraba en el Pasaje G\u00e1lvez del Cerro Concepci\u00f3n. Hab\u00eda una escala curva que llegaba a un subterr\u00e1neo, \u201cen ese entonces Jorge lleg\u00f3 t\u00edmidamente, todav\u00eda no muy convencido de que podr\u00eda ser un pintor profesional. Nos gust\u00f3 su trabajo y se lo dijimos, que se pusiera serio, esta es una cuesti\u00f3n de oficio y el oficio lo hace la pr\u00e1ctica, pintar, pintar y pintar\u201d, se\u00f1ala.<\/p>\n\n\n\n<p>\u201cJorge ya es de la casa, y su exposici\u00f3n coincide con cambios que hemos tenido. La entrada habitual de La Escala Galer\u00eda es por Cochrane 553, y hace poco habilitamos una escala met\u00e1lica por Blanco 568, so\u00f1ando en grande con nuevos espacios, como el Caf\u00e9 Alma. Tambi\u00e9n estamos armando un punto lector, de consulta y venta de libros. Les invito a ver la exposici\u00f3n \u2018Multicolor\u2019, y este s\u00e1bado 19 de octubre a las 13:00 horas tendremos la inauguraci\u00f3n de una muestra de Wladimir Ilich P\u00e9rez\u201d, a\u00f1ade Jaime.<\/p>\n\n\n\n<p>Jorge ha expuesto en el Congreso, en Barcelona, Par\u00eds, Buenos Aires, y ha sido el \u00fanico pintor presente cuatro veces en el Castillo Wulff. \u201cEn Palermo, cerca del obelisco, tuve mis \u00faltimas dos exposiciones en el extranjero. Ese fue mi \u00faltimo viaje de trabajo. No viajo porque me guste viajar, odio los aviones, porque se caen, aunque digan que son seguros, pero igual se caen\u201d, comenta.<\/p>\n\n\n\n<figure class=\"wp-block-image size-full\"><img fetchpriority=\"high\" decoding=\"async\" width=\"720\" height=\"900\" src=\"https:\/\/www.valparaisocreativo.cl\/wp-content\/uploads\/2024\/10\/JORGE-MORONI-3.jpg\" alt=\"\" class=\"wp-image-20812\" srcset=\"https:\/\/dev.antudigital.cl\/sites\/vc\/wp-content\/uploads\/2024\/10\/JORGE-MORONI-3.jpg 720w, https:\/\/dev.antudigital.cl\/sites\/vc\/wp-content\/uploads\/2024\/10\/JORGE-MORONI-3-240x300.jpg 240w, https:\/\/dev.antudigital.cl\/sites\/vc\/wp-content\/uploads\/2024\/10\/JORGE-MORONI-3-480x600.jpg 480w, https:\/\/dev.antudigital.cl\/sites\/vc\/wp-content\/uploads\/2024\/10\/JORGE-MORONI-3-19x24.jpg 19w, https:\/\/dev.antudigital.cl\/sites\/vc\/wp-content\/uploads\/2024\/10\/JORGE-MORONI-3-29x36.jpg 29w, https:\/\/dev.antudigital.cl\/sites\/vc\/wp-content\/uploads\/2024\/10\/JORGE-MORONI-3-38x48.jpg 38w\" sizes=\"(max-width: 720px) 100vw, 720px\" \/><\/figure>\n\n\n\n<p><strong>Territorio<\/strong><\/p>\n\n\n\n<p>En la exposici\u00f3n \u201cMulticolor\u201d est\u00e1 la \u2018Ciudad Luz\u2019, obra con trazos parisinos, un presente azul rey y azul Francia; \u2018Caminatas en Positano\u2019 remite las calles largas de Italia desde el cielo, cercano a \u2018Una de las cinco tierras\u2019, evocando la Italia de su familia antes de migrar. \u2018Un arco iris de m\u00faltiples colores\u2019 es Valpara\u00edso, seg\u00fan Jorge \u201cuna pintura con todos los colores existentes\u201d, en \u00f3leo, acr\u00edlico y tinta. \u2018Fabela nocturna\u2019 nos transporta a Brasil, \u2018El oro y el Nilo\u2019 a Egipto, y \u2018El poder del cobre\u2019 al norte de Chile y a la riqueza entregada y cooptada.<\/p>\n\n\n\n<p><strong>Personajes<\/strong><\/p>\n\n\n\n<p>La segunda exposici\u00f3n de Moroni en el Castillo Wulf se llam\u00f3 \u2018Blanco (Rock)\u2019, destacando su obra presente en esta exposici\u00f3n \u2018Turner\u2019, que lleva a Tina Turner a la tela con un fondo negro, manchones verdes, rosados, cierto movimiento y mucho car\u00e1cter. \u201cEsta obra me la dej\u00e9, no est\u00e1 disponible. Esa colecci\u00f3n se vendi\u00f3 completamente\u201d.<\/p>\n\n\n\n<p>\u2018Dante\u2019 le da el nombre a una obra inspirada en Dante Alighieri, un cuadro inquietante que surge a partir de su retrato. Y \u2018Glam\u2019 nos recuerda a David Bowie, en palabras de Moroni \u201cson sus colores, su m\u00fasica, su vestimenta sofisticada. Es la \u00faltima que hice, podr\u00eda haberse llamado Bowie pero le puse Glam, destacando el glamour, el oro, la extravagancia\u201d.<\/p>\n\n\n\n<p><strong>Identidad<\/strong><\/p>\n\n\n\n<p>\u2018El dominio negro\u2019, \u2018Amor en el laberinto\u2019 y \u2018Polos dram\u00e1ticos\u2019 son obras que sugieren conflicto y resoluci\u00f3n, vida nocturna, una \u00f3pera y alegr\u00eda despu\u00e9s de una tormenta amorosa. \u2018Les coleurs de ma vie\u2019 captura la est\u00e9tica de Moroni, siendo una obra \u201cde trazos, locura, no hay mayor explicaci\u00f3n. Pinto con esp\u00e1tula, no me gusta el pincel, me carga, solamente va la firma con pincel. Me gusta mucho el azul, el fucsia, el naranjo me gusta mucho para pon\u00e9rmelo, como una chaqueta estramb\u00f3tica. Me gusta el verde medio ne\u00f3n, no, ne\u00f3n no, tornasol, son los colores que me gustan\u201d.<\/p>\n\n\n\n<p>Para m\u00e1s informaci\u00f3n seguir a&nbsp;<a href=\"https:\/\/www.instagram.com\/laescalagaleria\/\" target=\"_blank\" rel=\"noreferrer noopener\">@laescalagaleria<\/a>&nbsp;y a&nbsp;<a href=\"https:\/\/www.instagram.com\/jorgemoronipintor\/\" target=\"_blank\" rel=\"noreferrer noopener\">@jorgemoronipintor<\/a>&nbsp;en Instagram.<\/p>\n","protected":false},"excerpt":{"rendered":"<p>Jorge Moroni, el pintor autodidacta que no le gusta viajar, comparte una selecci\u00f3n de sus obras en la exposici\u00f3n \u201cMulticolor\u201d, que puede ser visitada hasta fines de octubre en La Escala Galer\u00eda. Desde peque\u00f1o le interesa la pintura y el 2014 se lanz\u00f3 a comercializar su arte, exponer en caf\u00e9s y luego en galer\u00edas y [&hellip;]<\/p>\n","protected":false},"author":1,"featured_media":20811,"comment_status":"closed","ping_status":"closed","sticky":false,"template":"","format":"standard","meta":{"_acf_changed":false,"footnotes":""},"categories":[8],"tags":[],"class_list":["post-20810","post","type-post","status-publish","format-standard","has-post-thumbnail","hentry","category-noticia"],"acf":[],"yoast_head":"<!-- This site is optimized with the Yoast SEO plugin v27.1.1 - https:\/\/yoast.com\/product\/yoast-seo-wordpress\/ -->\n<title>MULTICOLOR: Moroni, el mejor amigo de la esp\u00e1tula en La Escala Galer\u00eda - Valpara\u00ed\u00adso Creativo<\/title>\n<meta name=\"robots\" content=\"index, follow, max-snippet:-1, max-image-preview:large, max-video-preview:-1\" \/>\n<link rel=\"canonical\" href=\"https:\/\/dev.antudigital.cl\/sites\/vc\/multicolor-moroni-el-mejor-amigo-de-la-espatula-en-la-escala-galeria\/\" \/>\n<meta property=\"og:locale\" content=\"es_ES\" \/>\n<meta property=\"og:type\" content=\"article\" \/>\n<meta property=\"og:title\" content=\"MULTICOLOR: Moroni, el mejor amigo de la esp\u00e1tula en La Escala Galer\u00eda - Valpara\u00ed\u00adso Creativo\" \/>\n<meta property=\"og:description\" content=\"Jorge Moroni, el pintor autodidacta que no le gusta viajar, comparte una selecci\u00f3n de sus obras en la exposici\u00f3n \u201cMulticolor\u201d, que puede ser visitada hasta fines de octubre en La Escala Galer\u00eda. Desde peque\u00f1o le interesa la pintura y el 2014 se lanz\u00f3 a comercializar su arte, exponer en caf\u00e9s y luego en galer\u00edas y [&hellip;]\" \/>\n<meta property=\"og:url\" content=\"https:\/\/dev.antudigital.cl\/sites\/vc\/multicolor-moroni-el-mejor-amigo-de-la-espatula-en-la-escala-galeria\/\" \/>\n<meta property=\"og:site_name\" content=\"Valpara\u00ed\u00adso Creativo\" \/>\n<meta property=\"article:published_time\" content=\"2024-10-21T23:42:10+00:00\" \/>\n<meta property=\"article:modified_time\" content=\"2024-10-21T23:42:27+00:00\" \/>\n<meta property=\"og:image\" content=\"https:\/\/dev.antudigital.cl\/sites\/vc\/wp-content\/uploads\/2024\/10\/JORGE-MORONI-1.jpg\" \/>\n\t<meta property=\"og:image:width\" content=\"1500\" \/>\n\t<meta property=\"og:image:height\" content=\"844\" \/>\n\t<meta property=\"og:image:type\" content=\"image\/jpeg\" \/>\n<meta name=\"author\" content=\"Valpara\u00edso Creativo\" \/>\n<meta name=\"twitter:card\" content=\"summary_large_image\" \/>\n<meta name=\"twitter:label1\" content=\"Escrito por\" \/>\n\t<meta name=\"twitter:data1\" content=\"Valpara\u00edso Creativo\" \/>\n\t<meta name=\"twitter:label2\" content=\"Tiempo de lectura\" \/>\n\t<meta name=\"twitter:data2\" content=\"4 minutos\" \/>\n<script type=\"application\/ld+json\" class=\"yoast-schema-graph\">{\"@context\":\"https:\/\/schema.org\",\"@graph\":[{\"@type\":\"Article\",\"@id\":\"https:\/\/dev.antudigital.cl\/sites\/vc\/multicolor-moroni-el-mejor-amigo-de-la-espatula-en-la-escala-galeria\/#article\",\"isPartOf\":{\"@id\":\"https:\/\/dev.antudigital.cl\/sites\/vc\/multicolor-moroni-el-mejor-amigo-de-la-espatula-en-la-escala-galeria\/\"},\"author\":{\"name\":\"Valpara\u00edso Creativo\",\"@id\":\"https:\/\/dev.antudigital.cl\/sites\/vc\/#\/schema\/person\/c2b9da8dd545e27166fc5ab232837318\"},\"headline\":\"MULTICOLOR: Moroni, el mejor amigo de la esp\u00e1tula en La Escala Galer\u00eda\",\"datePublished\":\"2024-10-21T23:42:10+00:00\",\"dateModified\":\"2024-10-21T23:42:27+00:00\",\"mainEntityOfPage\":{\"@id\":\"https:\/\/dev.antudigital.cl\/sites\/vc\/multicolor-moroni-el-mejor-amigo-de-la-espatula-en-la-escala-galeria\/\"},\"wordCount\":817,\"image\":{\"@id\":\"https:\/\/dev.antudigital.cl\/sites\/vc\/multicolor-moroni-el-mejor-amigo-de-la-espatula-en-la-escala-galeria\/#primaryimage\"},\"thumbnailUrl\":\"https:\/\/dev.antudigital.cl\/sites\/vc\/wp-content\/uploads\/2024\/10\/JORGE-MORONI-1.jpg\",\"articleSection\":[\"Noticia\"],\"inLanguage\":\"es\"},{\"@type\":\"WebPage\",\"@id\":\"https:\/\/dev.antudigital.cl\/sites\/vc\/multicolor-moroni-el-mejor-amigo-de-la-espatula-en-la-escala-galeria\/\",\"url\":\"https:\/\/dev.antudigital.cl\/sites\/vc\/multicolor-moroni-el-mejor-amigo-de-la-espatula-en-la-escala-galeria\/\",\"name\":\"MULTICOLOR: Moroni, el mejor amigo de la esp\u00e1tula en La Escala Galer\u00eda - Valpara\u00ed\u00adso Creativo\",\"isPartOf\":{\"@id\":\"https:\/\/dev.antudigital.cl\/sites\/vc\/#website\"},\"primaryImageOfPage\":{\"@id\":\"https:\/\/dev.antudigital.cl\/sites\/vc\/multicolor-moroni-el-mejor-amigo-de-la-espatula-en-la-escala-galeria\/#primaryimage\"},\"image\":{\"@id\":\"https:\/\/dev.antudigital.cl\/sites\/vc\/multicolor-moroni-el-mejor-amigo-de-la-espatula-en-la-escala-galeria\/#primaryimage\"},\"thumbnailUrl\":\"https:\/\/dev.antudigital.cl\/sites\/vc\/wp-content\/uploads\/2024\/10\/JORGE-MORONI-1.jpg\",\"datePublished\":\"2024-10-21T23:42:10+00:00\",\"dateModified\":\"2024-10-21T23:42:27+00:00\",\"author\":{\"@id\":\"https:\/\/dev.antudigital.cl\/sites\/vc\/#\/schema\/person\/c2b9da8dd545e27166fc5ab232837318\"},\"breadcrumb\":{\"@id\":\"https:\/\/dev.antudigital.cl\/sites\/vc\/multicolor-moroni-el-mejor-amigo-de-la-espatula-en-la-escala-galeria\/#breadcrumb\"},\"inLanguage\":\"es\",\"potentialAction\":[{\"@type\":\"ReadAction\",\"target\":[\"https:\/\/dev.antudigital.cl\/sites\/vc\/multicolor-moroni-el-mejor-amigo-de-la-espatula-en-la-escala-galeria\/\"]}]},{\"@type\":\"ImageObject\",\"inLanguage\":\"es\",\"@id\":\"https:\/\/dev.antudigital.cl\/sites\/vc\/multicolor-moroni-el-mejor-amigo-de-la-espatula-en-la-escala-galeria\/#primaryimage\",\"url\":\"https:\/\/dev.antudigital.cl\/sites\/vc\/wp-content\/uploads\/2024\/10\/JORGE-MORONI-1.jpg\",\"contentUrl\":\"https:\/\/dev.antudigital.cl\/sites\/vc\/wp-content\/uploads\/2024\/10\/JORGE-MORONI-1.jpg\",\"width\":1500,\"height\":844},{\"@type\":\"BreadcrumbList\",\"@id\":\"https:\/\/dev.antudigital.cl\/sites\/vc\/multicolor-moroni-el-mejor-amigo-de-la-espatula-en-la-escala-galeria\/#breadcrumb\",\"itemListElement\":[{\"@type\":\"ListItem\",\"position\":1,\"name\":\"Home\",\"item\":\"https:\/\/dev.antudigital.cl\/sites\/vc\/\"},{\"@type\":\"ListItem\",\"position\":2,\"name\":\"MULTICOLOR: Moroni, el mejor amigo de la esp\u00e1tula en La Escala Galer\u00eda\"}]},{\"@type\":\"WebSite\",\"@id\":\"https:\/\/dev.antudigital.cl\/sites\/vc\/#website\",\"url\":\"https:\/\/dev.antudigital.cl\/sites\/vc\/\",\"name\":\"Valpara\u00ed\u00adso Creativo\",\"description\":\"\",\"potentialAction\":[{\"@type\":\"SearchAction\",\"target\":{\"@type\":\"EntryPoint\",\"urlTemplate\":\"https:\/\/dev.antudigital.cl\/sites\/vc\/?s={search_term_string}\"},\"query-input\":{\"@type\":\"PropertyValueSpecification\",\"valueRequired\":true,\"valueName\":\"search_term_string\"}}],\"inLanguage\":\"es\"},{\"@type\":\"Person\",\"@id\":\"https:\/\/dev.antudigital.cl\/sites\/vc\/#\/schema\/person\/c2b9da8dd545e27166fc5ab232837318\",\"name\":\"Valpara\u00edso Creativo\",\"description\":\"Periodista de cultura en la Regi\u00f3n de Valpara\u00edso.\",\"url\":\"https:\/\/dev.antudigital.cl\/sites\/vc\/author\/valpoadmin\/\"}]}<\/script>\n<!-- \/ Yoast SEO plugin. -->","yoast_head_json":{"title":"MULTICOLOR: Moroni, el mejor amigo de la esp\u00e1tula en La Escala Galer\u00eda - Valpara\u00ed\u00adso Creativo","robots":{"index":"index","follow":"follow","max-snippet":"max-snippet:-1","max-image-preview":"max-image-preview:large","max-video-preview":"max-video-preview:-1"},"canonical":"https:\/\/dev.antudigital.cl\/sites\/vc\/multicolor-moroni-el-mejor-amigo-de-la-espatula-en-la-escala-galeria\/","og_locale":"es_ES","og_type":"article","og_title":"MULTICOLOR: Moroni, el mejor amigo de la esp\u00e1tula en La Escala Galer\u00eda - Valpara\u00ed\u00adso Creativo","og_description":"Jorge Moroni, el pintor autodidacta que no le gusta viajar, comparte una selecci\u00f3n de sus obras en la exposici\u00f3n \u201cMulticolor\u201d, que puede ser visitada hasta fines de octubre en La Escala Galer\u00eda. Desde peque\u00f1o le interesa la pintura y el 2014 se lanz\u00f3 a comercializar su arte, exponer en caf\u00e9s y luego en galer\u00edas y [&hellip;]","og_url":"https:\/\/dev.antudigital.cl\/sites\/vc\/multicolor-moroni-el-mejor-amigo-de-la-espatula-en-la-escala-galeria\/","og_site_name":"Valpara\u00ed\u00adso Creativo","article_published_time":"2024-10-21T23:42:10+00:00","article_modified_time":"2024-10-21T23:42:27+00:00","og_image":[{"width":1500,"height":844,"url":"https:\/\/dev.antudigital.cl\/sites\/vc\/wp-content\/uploads\/2024\/10\/JORGE-MORONI-1.jpg","type":"image\/jpeg"}],"author":"Valpara\u00edso Creativo","twitter_card":"summary_large_image","twitter_misc":{"Escrito por":"Valpara\u00edso Creativo","Tiempo de lectura":"4 minutos"},"schema":{"@context":"https:\/\/schema.org","@graph":[{"@type":"Article","@id":"https:\/\/dev.antudigital.cl\/sites\/vc\/multicolor-moroni-el-mejor-amigo-de-la-espatula-en-la-escala-galeria\/#article","isPartOf":{"@id":"https:\/\/dev.antudigital.cl\/sites\/vc\/multicolor-moroni-el-mejor-amigo-de-la-espatula-en-la-escala-galeria\/"},"author":{"name":"Valpara\u00edso Creativo","@id":"https:\/\/dev.antudigital.cl\/sites\/vc\/#\/schema\/person\/c2b9da8dd545e27166fc5ab232837318"},"headline":"MULTICOLOR: Moroni, el mejor amigo de la esp\u00e1tula en La Escala Galer\u00eda","datePublished":"2024-10-21T23:42:10+00:00","dateModified":"2024-10-21T23:42:27+00:00","mainEntityOfPage":{"@id":"https:\/\/dev.antudigital.cl\/sites\/vc\/multicolor-moroni-el-mejor-amigo-de-la-espatula-en-la-escala-galeria\/"},"wordCount":817,"image":{"@id":"https:\/\/dev.antudigital.cl\/sites\/vc\/multicolor-moroni-el-mejor-amigo-de-la-espatula-en-la-escala-galeria\/#primaryimage"},"thumbnailUrl":"https:\/\/dev.antudigital.cl\/sites\/vc\/wp-content\/uploads\/2024\/10\/JORGE-MORONI-1.jpg","articleSection":["Noticia"],"inLanguage":"es"},{"@type":"WebPage","@id":"https:\/\/dev.antudigital.cl\/sites\/vc\/multicolor-moroni-el-mejor-amigo-de-la-espatula-en-la-escala-galeria\/","url":"https:\/\/dev.antudigital.cl\/sites\/vc\/multicolor-moroni-el-mejor-amigo-de-la-espatula-en-la-escala-galeria\/","name":"MULTICOLOR: Moroni, el mejor amigo de la esp\u00e1tula en La Escala Galer\u00eda - Valpara\u00ed\u00adso Creativo","isPartOf":{"@id":"https:\/\/dev.antudigital.cl\/sites\/vc\/#website"},"primaryImageOfPage":{"@id":"https:\/\/dev.antudigital.cl\/sites\/vc\/multicolor-moroni-el-mejor-amigo-de-la-espatula-en-la-escala-galeria\/#primaryimage"},"image":{"@id":"https:\/\/dev.antudigital.cl\/sites\/vc\/multicolor-moroni-el-mejor-amigo-de-la-espatula-en-la-escala-galeria\/#primaryimage"},"thumbnailUrl":"https:\/\/dev.antudigital.cl\/sites\/vc\/wp-content\/uploads\/2024\/10\/JORGE-MORONI-1.jpg","datePublished":"2024-10-21T23:42:10+00:00","dateModified":"2024-10-21T23:42:27+00:00","author":{"@id":"https:\/\/dev.antudigital.cl\/sites\/vc\/#\/schema\/person\/c2b9da8dd545e27166fc5ab232837318"},"breadcrumb":{"@id":"https:\/\/dev.antudigital.cl\/sites\/vc\/multicolor-moroni-el-mejor-amigo-de-la-espatula-en-la-escala-galeria\/#breadcrumb"},"inLanguage":"es","potentialAction":[{"@type":"ReadAction","target":["https:\/\/dev.antudigital.cl\/sites\/vc\/multicolor-moroni-el-mejor-amigo-de-la-espatula-en-la-escala-galeria\/"]}]},{"@type":"ImageObject","inLanguage":"es","@id":"https:\/\/dev.antudigital.cl\/sites\/vc\/multicolor-moroni-el-mejor-amigo-de-la-espatula-en-la-escala-galeria\/#primaryimage","url":"https:\/\/dev.antudigital.cl\/sites\/vc\/wp-content\/uploads\/2024\/10\/JORGE-MORONI-1.jpg","contentUrl":"https:\/\/dev.antudigital.cl\/sites\/vc\/wp-content\/uploads\/2024\/10\/JORGE-MORONI-1.jpg","width":1500,"height":844},{"@type":"BreadcrumbList","@id":"https:\/\/dev.antudigital.cl\/sites\/vc\/multicolor-moroni-el-mejor-amigo-de-la-espatula-en-la-escala-galeria\/#breadcrumb","itemListElement":[{"@type":"ListItem","position":1,"name":"Home","item":"https:\/\/dev.antudigital.cl\/sites\/vc\/"},{"@type":"ListItem","position":2,"name":"MULTICOLOR: Moroni, el mejor amigo de la esp\u00e1tula en La Escala Galer\u00eda"}]},{"@type":"WebSite","@id":"https:\/\/dev.antudigital.cl\/sites\/vc\/#website","url":"https:\/\/dev.antudigital.cl\/sites\/vc\/","name":"Valpara\u00ed\u00adso Creativo","description":"","potentialAction":[{"@type":"SearchAction","target":{"@type":"EntryPoint","urlTemplate":"https:\/\/dev.antudigital.cl\/sites\/vc\/?s={search_term_string}"},"query-input":{"@type":"PropertyValueSpecification","valueRequired":true,"valueName":"search_term_string"}}],"inLanguage":"es"},{"@type":"Person","@id":"https:\/\/dev.antudigital.cl\/sites\/vc\/#\/schema\/person\/c2b9da8dd545e27166fc5ab232837318","name":"Valpara\u00edso Creativo","description":"Periodista de cultura en la Regi\u00f3n de Valpara\u00edso.","url":"https:\/\/dev.antudigital.cl\/sites\/vc\/author\/valpoadmin\/"}]}},"_links":{"self":[{"href":"https:\/\/dev.antudigital.cl\/sites\/vc\/wp-json\/wp\/v2\/posts\/20810","targetHints":{"allow":["GET"]}}],"collection":[{"href":"https:\/\/dev.antudigital.cl\/sites\/vc\/wp-json\/wp\/v2\/posts"}],"about":[{"href":"https:\/\/dev.antudigital.cl\/sites\/vc\/wp-json\/wp\/v2\/types\/post"}],"author":[{"embeddable":true,"href":"https:\/\/dev.antudigital.cl\/sites\/vc\/wp-json\/wp\/v2\/users\/1"}],"replies":[{"embeddable":true,"href":"https:\/\/dev.antudigital.cl\/sites\/vc\/wp-json\/wp\/v2\/comments?post=20810"}],"version-history":[{"count":1,"href":"https:\/\/dev.antudigital.cl\/sites\/vc\/wp-json\/wp\/v2\/posts\/20810\/revisions"}],"predecessor-version":[{"id":20813,"href":"https:\/\/dev.antudigital.cl\/sites\/vc\/wp-json\/wp\/v2\/posts\/20810\/revisions\/20813"}],"wp:featuredmedia":[{"embeddable":true,"href":"https:\/\/dev.antudigital.cl\/sites\/vc\/wp-json\/wp\/v2\/media\/20811"}],"wp:attachment":[{"href":"https:\/\/dev.antudigital.cl\/sites\/vc\/wp-json\/wp\/v2\/media?parent=20810"}],"wp:term":[{"taxonomy":"category","embeddable":true,"href":"https:\/\/dev.antudigital.cl\/sites\/vc\/wp-json\/wp\/v2\/categories?post=20810"},{"taxonomy":"post_tag","embeddable":true,"href":"https:\/\/dev.antudigital.cl\/sites\/vc\/wp-json\/wp\/v2\/tags?post=20810"}],"curies":[{"name":"wp","href":"https:\/\/api.w.org\/{rel}","templated":true}]}}