{"id":20814,"date":"2024-10-21T23:47:23","date_gmt":"2024-10-21T23:47:23","guid":{"rendered":"https:\/\/www.valparaisocreativo.cl\/?p=20814"},"modified":"2024-10-21T23:47:40","modified_gmt":"2024-10-21T23:47:40","slug":"fabe-invita-a-su-lanzamiento-marte-en-baj-valparaiso","status":"publish","type":"post","link":"https:\/\/dev.antudigital.cl\/sites\/vc\/fabe-invita-a-su-lanzamiento-marte-en-baj-valparaiso\/","title":{"rendered":"Fabe invita a su lanzamiento \u00abMarte\u00bb en BAJ Valpara\u00edso"},"content":{"rendered":"\n<p>Hace unos meses, la EPV dio a conocer las 43 organizaciones ganadoras de sus Fondos Concursables, lo que permite la realizaci\u00f3n de proyectos comunitarios durante el segundo semestre de 2024. Entre ellos, destaca el proyecto \u00abMejoramiento t\u00e9cnico para la habilitaci\u00f3n del teatro Arte Joven\u00bb de Balmaceda Arte Joven Valpara\u00edso, que busca optimizar sus instalaciones t\u00e9cnicas.<\/p>\n\n\n\n<p>Con m\u00e1s de 23 a\u00f1os de trayectoria en Valpara\u00edso, BAJ Valpo se ha consolidado como un referente y motor para las voces j\u00f3venes, enfoc\u00e1ndose en la educaci\u00f3n art\u00edstica no formal y actuando como plataforma de creaci\u00f3n en diversas \u00e1reas del arte. Cada a\u00f1o, m\u00e1s de 800 estudiantes participan de forma gratuita en talleres y laboratorios, y m\u00e1s de 6,210 personas asisten a las actividades de extensi\u00f3n. El teatro es un espacio fundamental para esta creaci\u00f3n y sus audiencias, utilizado durante todo el a\u00f1o para ensayos, muestras, conciertos y diversas actividades, todas gratuitas y orientadas al desarrollo cultural y art\u00edstico de la comunidad, especialmente de los j\u00f3venes.<\/p>\n\n\n\n<p>La adjudicaci\u00f3n de este financiamiento ha permitido el mejoramiento de las condiciones t\u00e9cnicas del teatro, fomentando as\u00ed el desarrollo art\u00edstico de los j\u00f3venes en sus actividades creativas.&nbsp;<\/p>\n\n\n\n<p>Para conmemorar esta reapertura, BAJ Valpo realizar\u00e1 un concierto de lanzamiento con el artista de Villa Alemana, FABE. Su m\u00fasica fusiona influencias de funk, jazz, hip hop, trap y electr\u00f3nica, enmarcadas en una est\u00e9tica retrofuturista. Sus letras abordan problem\u00e1ticas adolescentes, como el desamor y la presi\u00f3n social, reflejando su perspectiva \u00fanica.<\/p>\n\n\n\n<p>En 2022, FABE se uni\u00f3 al Laboratorio de Producci\u00f3n Musical de BAJ Valpo, lo que le permiti\u00f3 lanzar en 2023 sus primeros sencillos. Sobre su disco <em>Marte<\/em> es un viaje interplanetario que explora las luchas de un joven gay. Con ocho canciones y un track introductorio, fusiona pop alternativo con funk, trap, neo soul y electr\u00f3nica.<\/p>\n\n\n\n<p><strong>La actividad se desarrollar\u00e1 el viernes 25 de octubre a las 19 hrs en BAJ Valpo (Santa Isabel 739, cerro alegre).<\/strong><\/p>\n","protected":false},"excerpt":{"rendered":"<p>Hace unos meses, la EPV dio a conocer las 43 organizaciones ganadoras de sus Fondos Concursables, lo que permite la realizaci\u00f3n de proyectos comunitarios durante el segundo semestre de 2024. Entre ellos, destaca el proyecto \u00abMejoramiento t\u00e9cnico para la habilitaci\u00f3n del teatro Arte Joven\u00bb de Balmaceda Arte Joven Valpara\u00edso, que busca optimizar sus instalaciones t\u00e9cnicas. [&hellip;]<\/p>\n","protected":false},"author":1,"featured_media":20815,"comment_status":"closed","ping_status":"closed","sticky":false,"template":"","format":"standard","meta":{"_acf_changed":false,"footnotes":""},"categories":[8],"tags":[],"class_list":["post-20814","post","type-post","status-publish","format-standard","has-post-thumbnail","hentry","category-noticia"],"acf":[],"yoast_head":"<!-- This site is optimized with the Yoast SEO plugin v27.1.1 - https:\/\/yoast.com\/product\/yoast-seo-wordpress\/ -->\n<title>Fabe invita a su lanzamiento &quot;Marte&quot; en BAJ Valpara\u00edso - Valpara\u00ed\u00adso Creativo<\/title>\n<meta name=\"robots\" content=\"index, follow, max-snippet:-1, max-image-preview:large, max-video-preview:-1\" \/>\n<link rel=\"canonical\" href=\"https:\/\/dev.antudigital.cl\/sites\/vc\/fabe-invita-a-su-lanzamiento-marte-en-baj-valparaiso\/\" \/>\n<meta property=\"og:locale\" content=\"es_ES\" \/>\n<meta property=\"og:type\" content=\"article\" \/>\n<meta property=\"og:title\" content=\"Fabe invita a su lanzamiento &quot;Marte&quot; en BAJ Valpara\u00edso - Valpara\u00ed\u00adso Creativo\" \/>\n<meta property=\"og:description\" content=\"Hace unos meses, la EPV dio a conocer las 43 organizaciones ganadoras de sus Fondos Concursables, lo que permite la realizaci\u00f3n de proyectos comunitarios durante el segundo semestre de 2024. Entre ellos, destaca el proyecto \u00abMejoramiento t\u00e9cnico para la habilitaci\u00f3n del teatro Arte Joven\u00bb de Balmaceda Arte Joven Valpara\u00edso, que busca optimizar sus instalaciones t\u00e9cnicas. [&hellip;]\" \/>\n<meta property=\"og:url\" content=\"https:\/\/dev.antudigital.cl\/sites\/vc\/fabe-invita-a-su-lanzamiento-marte-en-baj-valparaiso\/\" \/>\n<meta property=\"og:site_name\" content=\"Valpara\u00ed\u00adso Creativo\" \/>\n<meta property=\"article:published_time\" content=\"2024-10-21T23:47:23+00:00\" \/>\n<meta property=\"article:modified_time\" content=\"2024-10-21T23:47:40+00:00\" \/>\n<meta property=\"og:image\" content=\"https:\/\/dev.antudigital.cl\/sites\/vc\/wp-content\/uploads\/2024\/10\/Captura-de-Pantalla-2024-10-21-a-las-20.46.05.png\" \/>\n\t<meta property=\"og:image:width\" content=\"583\" \/>\n\t<meta property=\"og:image:height\" content=\"325\" \/>\n\t<meta property=\"og:image:type\" content=\"image\/png\" \/>\n<meta name=\"author\" content=\"Valpara\u00edso Creativo\" \/>\n<meta name=\"twitter:card\" content=\"summary_large_image\" \/>\n<meta name=\"twitter:label1\" content=\"Escrito por\" \/>\n\t<meta name=\"twitter:data1\" content=\"Valpara\u00edso Creativo\" \/>\n\t<meta name=\"twitter:label2\" content=\"Tiempo de lectura\" \/>\n\t<meta name=\"twitter:data2\" content=\"2 minutos\" \/>\n<script type=\"application\/ld+json\" class=\"yoast-schema-graph\">{\"@context\":\"https:\/\/schema.org\",\"@graph\":[{\"@type\":\"Article\",\"@id\":\"https:\/\/dev.antudigital.cl\/sites\/vc\/fabe-invita-a-su-lanzamiento-marte-en-baj-valparaiso\/#article\",\"isPartOf\":{\"@id\":\"https:\/\/dev.antudigital.cl\/sites\/vc\/fabe-invita-a-su-lanzamiento-marte-en-baj-valparaiso\/\"},\"author\":{\"name\":\"Valpara\u00edso Creativo\",\"@id\":\"https:\/\/dev.antudigital.cl\/sites\/vc\/#\/schema\/person\/c2b9da8dd545e27166fc5ab232837318\"},\"headline\":\"Fabe invita a su lanzamiento \u00abMarte\u00bb en BAJ Valpara\u00edso\",\"datePublished\":\"2024-10-21T23:47:23+00:00\",\"dateModified\":\"2024-10-21T23:47:40+00:00\",\"mainEntityOfPage\":{\"@id\":\"https:\/\/dev.antudigital.cl\/sites\/vc\/fabe-invita-a-su-lanzamiento-marte-en-baj-valparaiso\/\"},\"wordCount\":349,\"image\":{\"@id\":\"https:\/\/dev.antudigital.cl\/sites\/vc\/fabe-invita-a-su-lanzamiento-marte-en-baj-valparaiso\/#primaryimage\"},\"thumbnailUrl\":\"https:\/\/dev.antudigital.cl\/sites\/vc\/wp-content\/uploads\/2024\/10\/Captura-de-Pantalla-2024-10-21-a-las-20.46.05.png\",\"articleSection\":[\"Noticia\"],\"inLanguage\":\"es\"},{\"@type\":\"WebPage\",\"@id\":\"https:\/\/dev.antudigital.cl\/sites\/vc\/fabe-invita-a-su-lanzamiento-marte-en-baj-valparaiso\/\",\"url\":\"https:\/\/dev.antudigital.cl\/sites\/vc\/fabe-invita-a-su-lanzamiento-marte-en-baj-valparaiso\/\",\"name\":\"Fabe invita a su lanzamiento \\\"Marte\\\" en BAJ Valpara\u00edso - Valpara\u00ed\u00adso Creativo\",\"isPartOf\":{\"@id\":\"https:\/\/dev.antudigital.cl\/sites\/vc\/#website\"},\"primaryImageOfPage\":{\"@id\":\"https:\/\/dev.antudigital.cl\/sites\/vc\/fabe-invita-a-su-lanzamiento-marte-en-baj-valparaiso\/#primaryimage\"},\"image\":{\"@id\":\"https:\/\/dev.antudigital.cl\/sites\/vc\/fabe-invita-a-su-lanzamiento-marte-en-baj-valparaiso\/#primaryimage\"},\"thumbnailUrl\":\"https:\/\/dev.antudigital.cl\/sites\/vc\/wp-content\/uploads\/2024\/10\/Captura-de-Pantalla-2024-10-21-a-las-20.46.05.png\",\"datePublished\":\"2024-10-21T23:47:23+00:00\",\"dateModified\":\"2024-10-21T23:47:40+00:00\",\"author\":{\"@id\":\"https:\/\/dev.antudigital.cl\/sites\/vc\/#\/schema\/person\/c2b9da8dd545e27166fc5ab232837318\"},\"breadcrumb\":{\"@id\":\"https:\/\/dev.antudigital.cl\/sites\/vc\/fabe-invita-a-su-lanzamiento-marte-en-baj-valparaiso\/#breadcrumb\"},\"inLanguage\":\"es\",\"potentialAction\":[{\"@type\":\"ReadAction\",\"target\":[\"https:\/\/dev.antudigital.cl\/sites\/vc\/fabe-invita-a-su-lanzamiento-marte-en-baj-valparaiso\/\"]}]},{\"@type\":\"ImageObject\",\"inLanguage\":\"es\",\"@id\":\"https:\/\/dev.antudigital.cl\/sites\/vc\/fabe-invita-a-su-lanzamiento-marte-en-baj-valparaiso\/#primaryimage\",\"url\":\"https:\/\/dev.antudigital.cl\/sites\/vc\/wp-content\/uploads\/2024\/10\/Captura-de-Pantalla-2024-10-21-a-las-20.46.05.png\",\"contentUrl\":\"https:\/\/dev.antudigital.cl\/sites\/vc\/wp-content\/uploads\/2024\/10\/Captura-de-Pantalla-2024-10-21-a-las-20.46.05.png\",\"width\":583,\"height\":325},{\"@type\":\"BreadcrumbList\",\"@id\":\"https:\/\/dev.antudigital.cl\/sites\/vc\/fabe-invita-a-su-lanzamiento-marte-en-baj-valparaiso\/#breadcrumb\",\"itemListElement\":[{\"@type\":\"ListItem\",\"position\":1,\"name\":\"Home\",\"item\":\"https:\/\/dev.antudigital.cl\/sites\/vc\/\"},{\"@type\":\"ListItem\",\"position\":2,\"name\":\"Fabe invita a su lanzamiento \u00abMarte\u00bb en BAJ Valpara\u00edso\"}]},{\"@type\":\"WebSite\",\"@id\":\"https:\/\/dev.antudigital.cl\/sites\/vc\/#website\",\"url\":\"https:\/\/dev.antudigital.cl\/sites\/vc\/\",\"name\":\"Valpara\u00ed\u00adso Creativo\",\"description\":\"\",\"potentialAction\":[{\"@type\":\"SearchAction\",\"target\":{\"@type\":\"EntryPoint\",\"urlTemplate\":\"https:\/\/dev.antudigital.cl\/sites\/vc\/?s={search_term_string}\"},\"query-input\":{\"@type\":\"PropertyValueSpecification\",\"valueRequired\":true,\"valueName\":\"search_term_string\"}}],\"inLanguage\":\"es\"},{\"@type\":\"Person\",\"@id\":\"https:\/\/dev.antudigital.cl\/sites\/vc\/#\/schema\/person\/c2b9da8dd545e27166fc5ab232837318\",\"name\":\"Valpara\u00edso Creativo\",\"description\":\"Periodista de cultura en la Regi\u00f3n de Valpara\u00edso.\",\"url\":\"https:\/\/dev.antudigital.cl\/sites\/vc\/author\/valpoadmin\/\"}]}<\/script>\n<!-- \/ Yoast SEO plugin. -->","yoast_head_json":{"title":"Fabe invita a su lanzamiento \"Marte\" en BAJ Valpara\u00edso - Valpara\u00ed\u00adso Creativo","robots":{"index":"index","follow":"follow","max-snippet":"max-snippet:-1","max-image-preview":"max-image-preview:large","max-video-preview":"max-video-preview:-1"},"canonical":"https:\/\/dev.antudigital.cl\/sites\/vc\/fabe-invita-a-su-lanzamiento-marte-en-baj-valparaiso\/","og_locale":"es_ES","og_type":"article","og_title":"Fabe invita a su lanzamiento \"Marte\" en BAJ Valpara\u00edso - Valpara\u00ed\u00adso Creativo","og_description":"Hace unos meses, la EPV dio a conocer las 43 organizaciones ganadoras de sus Fondos Concursables, lo que permite la realizaci\u00f3n de proyectos comunitarios durante el segundo semestre de 2024. Entre ellos, destaca el proyecto \u00abMejoramiento t\u00e9cnico para la habilitaci\u00f3n del teatro Arte Joven\u00bb de Balmaceda Arte Joven Valpara\u00edso, que busca optimizar sus instalaciones t\u00e9cnicas. [&hellip;]","og_url":"https:\/\/dev.antudigital.cl\/sites\/vc\/fabe-invita-a-su-lanzamiento-marte-en-baj-valparaiso\/","og_site_name":"Valpara\u00ed\u00adso Creativo","article_published_time":"2024-10-21T23:47:23+00:00","article_modified_time":"2024-10-21T23:47:40+00:00","og_image":[{"width":583,"height":325,"url":"https:\/\/dev.antudigital.cl\/sites\/vc\/wp-content\/uploads\/2024\/10\/Captura-de-Pantalla-2024-10-21-a-las-20.46.05.png","type":"image\/png"}],"author":"Valpara\u00edso Creativo","twitter_card":"summary_large_image","twitter_misc":{"Escrito por":"Valpara\u00edso Creativo","Tiempo de lectura":"2 minutos"},"schema":{"@context":"https:\/\/schema.org","@graph":[{"@type":"Article","@id":"https:\/\/dev.antudigital.cl\/sites\/vc\/fabe-invita-a-su-lanzamiento-marte-en-baj-valparaiso\/#article","isPartOf":{"@id":"https:\/\/dev.antudigital.cl\/sites\/vc\/fabe-invita-a-su-lanzamiento-marte-en-baj-valparaiso\/"},"author":{"name":"Valpara\u00edso Creativo","@id":"https:\/\/dev.antudigital.cl\/sites\/vc\/#\/schema\/person\/c2b9da8dd545e27166fc5ab232837318"},"headline":"Fabe invita a su lanzamiento \u00abMarte\u00bb en BAJ Valpara\u00edso","datePublished":"2024-10-21T23:47:23+00:00","dateModified":"2024-10-21T23:47:40+00:00","mainEntityOfPage":{"@id":"https:\/\/dev.antudigital.cl\/sites\/vc\/fabe-invita-a-su-lanzamiento-marte-en-baj-valparaiso\/"},"wordCount":349,"image":{"@id":"https:\/\/dev.antudigital.cl\/sites\/vc\/fabe-invita-a-su-lanzamiento-marte-en-baj-valparaiso\/#primaryimage"},"thumbnailUrl":"https:\/\/dev.antudigital.cl\/sites\/vc\/wp-content\/uploads\/2024\/10\/Captura-de-Pantalla-2024-10-21-a-las-20.46.05.png","articleSection":["Noticia"],"inLanguage":"es"},{"@type":"WebPage","@id":"https:\/\/dev.antudigital.cl\/sites\/vc\/fabe-invita-a-su-lanzamiento-marte-en-baj-valparaiso\/","url":"https:\/\/dev.antudigital.cl\/sites\/vc\/fabe-invita-a-su-lanzamiento-marte-en-baj-valparaiso\/","name":"Fabe invita a su lanzamiento \"Marte\" en BAJ Valpara\u00edso - Valpara\u00ed\u00adso Creativo","isPartOf":{"@id":"https:\/\/dev.antudigital.cl\/sites\/vc\/#website"},"primaryImageOfPage":{"@id":"https:\/\/dev.antudigital.cl\/sites\/vc\/fabe-invita-a-su-lanzamiento-marte-en-baj-valparaiso\/#primaryimage"},"image":{"@id":"https:\/\/dev.antudigital.cl\/sites\/vc\/fabe-invita-a-su-lanzamiento-marte-en-baj-valparaiso\/#primaryimage"},"thumbnailUrl":"https:\/\/dev.antudigital.cl\/sites\/vc\/wp-content\/uploads\/2024\/10\/Captura-de-Pantalla-2024-10-21-a-las-20.46.05.png","datePublished":"2024-10-21T23:47:23+00:00","dateModified":"2024-10-21T23:47:40+00:00","author":{"@id":"https:\/\/dev.antudigital.cl\/sites\/vc\/#\/schema\/person\/c2b9da8dd545e27166fc5ab232837318"},"breadcrumb":{"@id":"https:\/\/dev.antudigital.cl\/sites\/vc\/fabe-invita-a-su-lanzamiento-marte-en-baj-valparaiso\/#breadcrumb"},"inLanguage":"es","potentialAction":[{"@type":"ReadAction","target":["https:\/\/dev.antudigital.cl\/sites\/vc\/fabe-invita-a-su-lanzamiento-marte-en-baj-valparaiso\/"]}]},{"@type":"ImageObject","inLanguage":"es","@id":"https:\/\/dev.antudigital.cl\/sites\/vc\/fabe-invita-a-su-lanzamiento-marte-en-baj-valparaiso\/#primaryimage","url":"https:\/\/dev.antudigital.cl\/sites\/vc\/wp-content\/uploads\/2024\/10\/Captura-de-Pantalla-2024-10-21-a-las-20.46.05.png","contentUrl":"https:\/\/dev.antudigital.cl\/sites\/vc\/wp-content\/uploads\/2024\/10\/Captura-de-Pantalla-2024-10-21-a-las-20.46.05.png","width":583,"height":325},{"@type":"BreadcrumbList","@id":"https:\/\/dev.antudigital.cl\/sites\/vc\/fabe-invita-a-su-lanzamiento-marte-en-baj-valparaiso\/#breadcrumb","itemListElement":[{"@type":"ListItem","position":1,"name":"Home","item":"https:\/\/dev.antudigital.cl\/sites\/vc\/"},{"@type":"ListItem","position":2,"name":"Fabe invita a su lanzamiento \u00abMarte\u00bb en BAJ Valpara\u00edso"}]},{"@type":"WebSite","@id":"https:\/\/dev.antudigital.cl\/sites\/vc\/#website","url":"https:\/\/dev.antudigital.cl\/sites\/vc\/","name":"Valpara\u00ed\u00adso Creativo","description":"","potentialAction":[{"@type":"SearchAction","target":{"@type":"EntryPoint","urlTemplate":"https:\/\/dev.antudigital.cl\/sites\/vc\/?s={search_term_string}"},"query-input":{"@type":"PropertyValueSpecification","valueRequired":true,"valueName":"search_term_string"}}],"inLanguage":"es"},{"@type":"Person","@id":"https:\/\/dev.antudigital.cl\/sites\/vc\/#\/schema\/person\/c2b9da8dd545e27166fc5ab232837318","name":"Valpara\u00edso Creativo","description":"Periodista de cultura en la Regi\u00f3n de Valpara\u00edso.","url":"https:\/\/dev.antudigital.cl\/sites\/vc\/author\/valpoadmin\/"}]}},"_links":{"self":[{"href":"https:\/\/dev.antudigital.cl\/sites\/vc\/wp-json\/wp\/v2\/posts\/20814","targetHints":{"allow":["GET"]}}],"collection":[{"href":"https:\/\/dev.antudigital.cl\/sites\/vc\/wp-json\/wp\/v2\/posts"}],"about":[{"href":"https:\/\/dev.antudigital.cl\/sites\/vc\/wp-json\/wp\/v2\/types\/post"}],"author":[{"embeddable":true,"href":"https:\/\/dev.antudigital.cl\/sites\/vc\/wp-json\/wp\/v2\/users\/1"}],"replies":[{"embeddable":true,"href":"https:\/\/dev.antudigital.cl\/sites\/vc\/wp-json\/wp\/v2\/comments?post=20814"}],"version-history":[{"count":1,"href":"https:\/\/dev.antudigital.cl\/sites\/vc\/wp-json\/wp\/v2\/posts\/20814\/revisions"}],"predecessor-version":[{"id":20816,"href":"https:\/\/dev.antudigital.cl\/sites\/vc\/wp-json\/wp\/v2\/posts\/20814\/revisions\/20816"}],"wp:featuredmedia":[{"embeddable":true,"href":"https:\/\/dev.antudigital.cl\/sites\/vc\/wp-json\/wp\/v2\/media\/20815"}],"wp:attachment":[{"href":"https:\/\/dev.antudigital.cl\/sites\/vc\/wp-json\/wp\/v2\/media?parent=20814"}],"wp:term":[{"taxonomy":"category","embeddable":true,"href":"https:\/\/dev.antudigital.cl\/sites\/vc\/wp-json\/wp\/v2\/categories?post=20814"},{"taxonomy":"post_tag","embeddable":true,"href":"https:\/\/dev.antudigital.cl\/sites\/vc\/wp-json\/wp\/v2\/tags?post=20814"}],"curies":[{"name":"wp","href":"https:\/\/api.w.org\/{rel}","templated":true}]}}