{"id":20817,"date":"2024-10-21T23:50:04","date_gmt":"2024-10-21T23:50:04","guid":{"rendered":"https:\/\/www.valparaisocreativo.cl\/?p=20817"},"modified":"2024-10-21T23:50:21","modified_gmt":"2024-10-21T23:50:21","slug":"el-proyecto-musical-cantando-a-la-vida-llega-a-cabildo-junto-al-actor-y-musico-daniel-munoz","status":"publish","type":"post","link":"https:\/\/dev.antudigital.cl\/sites\/vc\/el-proyecto-musical-cantando-a-la-vida-llega-a-cabildo-junto-al-actor-y-musico-daniel-munoz\/","title":{"rendered":"El proyecto musical \u201cCantando a la vida\u201d llega a Cabildo junto al actor y m\u00fasico Daniel Mu\u00f1oz"},"content":{"rendered":"\n<p>Tras un exitoso lanzamiento en Quilpu\u00e9, este&nbsp;<strong>mi\u00e9rcoles 23 de octubre<\/strong>&nbsp;desde las&nbsp;<strong>17:00 horas<\/strong>&nbsp;en el&nbsp;<strong>Teatro Municipal de Cabildo<\/strong>&nbsp;se estar\u00e1 desarrollando el proyecto&nbsp;<strong>\u201cCantando a la Vida: Encuentro art\u00edsticos con personas mayores\u201d<\/strong>.<\/p>\n\n\n\n<p><strong>\u201cCantando a la vida\u201d<\/strong>&nbsp;busca generar instancias de participaci\u00f3n cultural comunitaria en torno a la m\u00fasica y al intercambio con personas mayores pertenecientes a talleres y\/o agrupaciones folcl\u00f3ricas para crear un repertorio musical.<\/p>\n\n\n\n<p>Es por ello, que la actividad consistir\u00e1 en una&nbsp;<strong>presentaci\u00f3n musical<\/strong>&nbsp;entre el actor y m\u00fasico&nbsp;<strong>Daniel Mu\u00f1oz<\/strong>&nbsp;y el&nbsp;<strong>Taller de Folclore del Club de Adultos Mayores Andacollo<\/strong>, quienes a la fecha ya han realizado dos ensayos para trabajar en el repertorio. El evento es totalmente gratuito y abierto a toda la comunidad.<\/p>\n\n\n\n<p>Con el fin de capturar la experiencia vivida, tanto los ensayos como las presentaciones est\u00e1n siendo filmadas para dar vida a un documental, el cual ser\u00e1 exhibido en Quilpu\u00e9 al finalizar el proyecto.<\/p>\n\n\n\n<p>Durante&nbsp;<strong>noviembre<\/strong>, las muestras con diversas agrupaciones folcl\u00f3ricas continuar\u00e1n en<strong>&nbsp;La Ligua y Llay Llay<\/strong>. Todas las actividades son con entrada liberada y est\u00e1n abiertas al p\u00fablico.<\/p>\n\n\n\n<p>El proyecto es financiado por el FNDR del Gobierno Regional de Valpara\u00edso a\u00f1o 2024 y aprobado por el Consejo Regional de Valpara\u00edso y organizado por el Centro Cultural Quilpu\u00e9 Audiovisual.<\/p>\n\n\n\n<p><strong>Redes sociales: @ccquilpueaudiovisual<\/strong><\/p>\n\n\n\n<p><a href=\"http:\/\/www.quilpueaudiovisual.cl\/\" target=\"_blank\" rel=\"noreferrer noopener\"><strong>www.quilpueaudiovisual.cl<\/strong><\/a><\/p>\n\n\n\n<figure class=\"wp-block-image size-large\"><img fetchpriority=\"high\" decoding=\"async\" width=\"1024\" height=\"1024\" src=\"https:\/\/www.valparaisocreativo.cl\/wp-content\/uploads\/2024\/10\/Cantando-la-vida_Cabildo-CCQA-1024x1024.png\" alt=\"\" class=\"wp-image-20818\" srcset=\"https:\/\/dev.antudigital.cl\/sites\/vc\/wp-content\/uploads\/2024\/10\/Cantando-la-vida_Cabildo-CCQA-1024x1024.png 1024w, https:\/\/dev.antudigital.cl\/sites\/vc\/wp-content\/uploads\/2024\/10\/Cantando-la-vida_Cabildo-CCQA-300x300.png 300w, https:\/\/dev.antudigital.cl\/sites\/vc\/wp-content\/uploads\/2024\/10\/Cantando-la-vida_Cabildo-CCQA-150x150.png 150w, https:\/\/dev.antudigital.cl\/sites\/vc\/wp-content\/uploads\/2024\/10\/Cantando-la-vida_Cabildo-CCQA-768x768.png 768w, https:\/\/dev.antudigital.cl\/sites\/vc\/wp-content\/uploads\/2024\/10\/Cantando-la-vida_Cabildo-CCQA-1536x1536.png 1536w, https:\/\/dev.antudigital.cl\/sites\/vc\/wp-content\/uploads\/2024\/10\/Cantando-la-vida_Cabildo-CCQA-2048x2048.png 2048w, https:\/\/dev.antudigital.cl\/sites\/vc\/wp-content\/uploads\/2024\/10\/Cantando-la-vida_Cabildo-CCQA-1080x1080.png 1080w, https:\/\/dev.antudigital.cl\/sites\/vc\/wp-content\/uploads\/2024\/10\/Cantando-la-vida_Cabildo-CCQA-1280x1280.png 1280w, https:\/\/dev.antudigital.cl\/sites\/vc\/wp-content\/uploads\/2024\/10\/Cantando-la-vida_Cabildo-CCQA-980x980.png 980w, https:\/\/dev.antudigital.cl\/sites\/vc\/wp-content\/uploads\/2024\/10\/Cantando-la-vida_Cabildo-CCQA-480x480.png 480w, https:\/\/dev.antudigital.cl\/sites\/vc\/wp-content\/uploads\/2024\/10\/Cantando-la-vida_Cabildo-CCQA-24x24.png 24w, https:\/\/dev.antudigital.cl\/sites\/vc\/wp-content\/uploads\/2024\/10\/Cantando-la-vida_Cabildo-CCQA-36x36.png 36w, https:\/\/dev.antudigital.cl\/sites\/vc\/wp-content\/uploads\/2024\/10\/Cantando-la-vida_Cabildo-CCQA-48x48.png 48w\" sizes=\"(max-width: 1024px) 100vw, 1024px\" \/><\/figure>\n","protected":false},"excerpt":{"rendered":"<p>Tras un exitoso lanzamiento en Quilpu\u00e9, este&nbsp;mi\u00e9rcoles 23 de octubre&nbsp;desde las&nbsp;17:00 horas&nbsp;en el&nbsp;Teatro Municipal de Cabildo&nbsp;se estar\u00e1 desarrollando el proyecto&nbsp;\u201cCantando a la Vida: Encuentro art\u00edsticos con personas mayores\u201d. \u201cCantando a la vida\u201d&nbsp;busca generar instancias de participaci\u00f3n cultural comunitaria en torno a la m\u00fasica y al intercambio con personas mayores pertenecientes a talleres y\/o agrupaciones folcl\u00f3ricas [&hellip;]<\/p>\n","protected":false},"author":1,"featured_media":20819,"comment_status":"closed","ping_status":"closed","sticky":false,"template":"","format":"standard","meta":{"_acf_changed":false,"footnotes":""},"categories":[8],"tags":[],"class_list":["post-20817","post","type-post","status-publish","format-standard","has-post-thumbnail","hentry","category-noticia"],"acf":[],"yoast_head":"<!-- This site is optimized with the Yoast SEO plugin v27.1.1 - https:\/\/yoast.com\/product\/yoast-seo-wordpress\/ -->\n<title>El proyecto musical \u201cCantando a la vida\u201d llega a Cabildo junto al actor y m\u00fasico Daniel Mu\u00f1oz - Valpara\u00ed\u00adso Creativo<\/title>\n<meta name=\"robots\" content=\"index, follow, max-snippet:-1, max-image-preview:large, max-video-preview:-1\" \/>\n<link rel=\"canonical\" href=\"https:\/\/dev.antudigital.cl\/sites\/vc\/el-proyecto-musical-cantando-a-la-vida-llega-a-cabildo-junto-al-actor-y-musico-daniel-munoz\/\" \/>\n<meta property=\"og:locale\" content=\"es_ES\" \/>\n<meta property=\"og:type\" content=\"article\" \/>\n<meta property=\"og:title\" content=\"El proyecto musical \u201cCantando a la vida\u201d llega a Cabildo junto al actor y m\u00fasico Daniel Mu\u00f1oz - Valpara\u00ed\u00adso Creativo\" \/>\n<meta property=\"og:description\" content=\"Tras un exitoso lanzamiento en Quilpu\u00e9, este&nbsp;mi\u00e9rcoles 23 de octubre&nbsp;desde las&nbsp;17:00 horas&nbsp;en el&nbsp;Teatro Municipal de Cabildo&nbsp;se estar\u00e1 desarrollando el proyecto&nbsp;\u201cCantando a la Vida: Encuentro art\u00edsticos con personas mayores\u201d. \u201cCantando a la vida\u201d&nbsp;busca generar instancias de participaci\u00f3n cultural comunitaria en torno a la m\u00fasica y al intercambio con personas mayores pertenecientes a talleres y\/o agrupaciones folcl\u00f3ricas [&hellip;]\" \/>\n<meta property=\"og:url\" content=\"https:\/\/dev.antudigital.cl\/sites\/vc\/el-proyecto-musical-cantando-a-la-vida-llega-a-cabildo-junto-al-actor-y-musico-daniel-munoz\/\" \/>\n<meta property=\"og:site_name\" content=\"Valpara\u00ed\u00adso Creativo\" \/>\n<meta property=\"article:published_time\" content=\"2024-10-21T23:50:04+00:00\" \/>\n<meta property=\"article:modified_time\" content=\"2024-10-21T23:50:21+00:00\" \/>\n<meta property=\"og:image\" content=\"https:\/\/dev.antudigital.cl\/sites\/vc\/wp-content\/uploads\/2024\/10\/Foto-prensa-2_Cantando-a-la-vida-QP.jpg\" \/>\n\t<meta property=\"og:image:width\" content=\"1633\" \/>\n\t<meta property=\"og:image:height\" content=\"911\" \/>\n\t<meta property=\"og:image:type\" content=\"image\/jpeg\" \/>\n<meta name=\"author\" content=\"Valpara\u00edso Creativo\" \/>\n<meta name=\"twitter:card\" content=\"summary_large_image\" \/>\n<meta name=\"twitter:label1\" content=\"Escrito por\" \/>\n\t<meta name=\"twitter:data1\" content=\"Valpara\u00edso Creativo\" \/>\n\t<meta name=\"twitter:label2\" content=\"Tiempo de lectura\" \/>\n\t<meta name=\"twitter:data2\" content=\"2 minutos\" \/>\n<script type=\"application\/ld+json\" class=\"yoast-schema-graph\">{\"@context\":\"https:\/\/schema.org\",\"@graph\":[{\"@type\":\"Article\",\"@id\":\"https:\/\/dev.antudigital.cl\/sites\/vc\/el-proyecto-musical-cantando-a-la-vida-llega-a-cabildo-junto-al-actor-y-musico-daniel-munoz\/#article\",\"isPartOf\":{\"@id\":\"https:\/\/dev.antudigital.cl\/sites\/vc\/el-proyecto-musical-cantando-a-la-vida-llega-a-cabildo-junto-al-actor-y-musico-daniel-munoz\/\"},\"author\":{\"name\":\"Valpara\u00edso Creativo\",\"@id\":\"https:\/\/dev.antudigital.cl\/sites\/vc\/#\/schema\/person\/c2b9da8dd545e27166fc5ab232837318\"},\"headline\":\"El proyecto musical \u201cCantando a la vida\u201d llega a Cabildo junto al actor y m\u00fasico Daniel Mu\u00f1oz\",\"datePublished\":\"2024-10-21T23:50:04+00:00\",\"dateModified\":\"2024-10-21T23:50:21+00:00\",\"mainEntityOfPage\":{\"@id\":\"https:\/\/dev.antudigital.cl\/sites\/vc\/el-proyecto-musical-cantando-a-la-vida-llega-a-cabildo-junto-al-actor-y-musico-daniel-munoz\/\"},\"wordCount\":266,\"image\":{\"@id\":\"https:\/\/dev.antudigital.cl\/sites\/vc\/el-proyecto-musical-cantando-a-la-vida-llega-a-cabildo-junto-al-actor-y-musico-daniel-munoz\/#primaryimage\"},\"thumbnailUrl\":\"https:\/\/dev.antudigital.cl\/sites\/vc\/wp-content\/uploads\/2024\/10\/Foto-prensa-2_Cantando-a-la-vida-QP.jpg\",\"articleSection\":[\"Noticia\"],\"inLanguage\":\"es\"},{\"@type\":\"WebPage\",\"@id\":\"https:\/\/dev.antudigital.cl\/sites\/vc\/el-proyecto-musical-cantando-a-la-vida-llega-a-cabildo-junto-al-actor-y-musico-daniel-munoz\/\",\"url\":\"https:\/\/dev.antudigital.cl\/sites\/vc\/el-proyecto-musical-cantando-a-la-vida-llega-a-cabildo-junto-al-actor-y-musico-daniel-munoz\/\",\"name\":\"El proyecto musical \u201cCantando a la vida\u201d llega a Cabildo junto al actor y m\u00fasico Daniel Mu\u00f1oz - Valpara\u00ed\u00adso Creativo\",\"isPartOf\":{\"@id\":\"https:\/\/dev.antudigital.cl\/sites\/vc\/#website\"},\"primaryImageOfPage\":{\"@id\":\"https:\/\/dev.antudigital.cl\/sites\/vc\/el-proyecto-musical-cantando-a-la-vida-llega-a-cabildo-junto-al-actor-y-musico-daniel-munoz\/#primaryimage\"},\"image\":{\"@id\":\"https:\/\/dev.antudigital.cl\/sites\/vc\/el-proyecto-musical-cantando-a-la-vida-llega-a-cabildo-junto-al-actor-y-musico-daniel-munoz\/#primaryimage\"},\"thumbnailUrl\":\"https:\/\/dev.antudigital.cl\/sites\/vc\/wp-content\/uploads\/2024\/10\/Foto-prensa-2_Cantando-a-la-vida-QP.jpg\",\"datePublished\":\"2024-10-21T23:50:04+00:00\",\"dateModified\":\"2024-10-21T23:50:21+00:00\",\"author\":{\"@id\":\"https:\/\/dev.antudigital.cl\/sites\/vc\/#\/schema\/person\/c2b9da8dd545e27166fc5ab232837318\"},\"breadcrumb\":{\"@id\":\"https:\/\/dev.antudigital.cl\/sites\/vc\/el-proyecto-musical-cantando-a-la-vida-llega-a-cabildo-junto-al-actor-y-musico-daniel-munoz\/#breadcrumb\"},\"inLanguage\":\"es\",\"potentialAction\":[{\"@type\":\"ReadAction\",\"target\":[\"https:\/\/dev.antudigital.cl\/sites\/vc\/el-proyecto-musical-cantando-a-la-vida-llega-a-cabildo-junto-al-actor-y-musico-daniel-munoz\/\"]}]},{\"@type\":\"ImageObject\",\"inLanguage\":\"es\",\"@id\":\"https:\/\/dev.antudigital.cl\/sites\/vc\/el-proyecto-musical-cantando-a-la-vida-llega-a-cabildo-junto-al-actor-y-musico-daniel-munoz\/#primaryimage\",\"url\":\"https:\/\/dev.antudigital.cl\/sites\/vc\/wp-content\/uploads\/2024\/10\/Foto-prensa-2_Cantando-a-la-vida-QP.jpg\",\"contentUrl\":\"https:\/\/dev.antudigital.cl\/sites\/vc\/wp-content\/uploads\/2024\/10\/Foto-prensa-2_Cantando-a-la-vida-QP.jpg\",\"width\":1633,\"height\":911},{\"@type\":\"BreadcrumbList\",\"@id\":\"https:\/\/dev.antudigital.cl\/sites\/vc\/el-proyecto-musical-cantando-a-la-vida-llega-a-cabildo-junto-al-actor-y-musico-daniel-munoz\/#breadcrumb\",\"itemListElement\":[{\"@type\":\"ListItem\",\"position\":1,\"name\":\"Home\",\"item\":\"https:\/\/dev.antudigital.cl\/sites\/vc\/\"},{\"@type\":\"ListItem\",\"position\":2,\"name\":\"El proyecto musical \u201cCantando a la vida\u201d llega a Cabildo junto al actor y m\u00fasico Daniel Mu\u00f1oz\"}]},{\"@type\":\"WebSite\",\"@id\":\"https:\/\/dev.antudigital.cl\/sites\/vc\/#website\",\"url\":\"https:\/\/dev.antudigital.cl\/sites\/vc\/\",\"name\":\"Valpara\u00ed\u00adso Creativo\",\"description\":\"\",\"potentialAction\":[{\"@type\":\"SearchAction\",\"target\":{\"@type\":\"EntryPoint\",\"urlTemplate\":\"https:\/\/dev.antudigital.cl\/sites\/vc\/?s={search_term_string}\"},\"query-input\":{\"@type\":\"PropertyValueSpecification\",\"valueRequired\":true,\"valueName\":\"search_term_string\"}}],\"inLanguage\":\"es\"},{\"@type\":\"Person\",\"@id\":\"https:\/\/dev.antudigital.cl\/sites\/vc\/#\/schema\/person\/c2b9da8dd545e27166fc5ab232837318\",\"name\":\"Valpara\u00edso Creativo\",\"description\":\"Periodista de cultura en la Regi\u00f3n de Valpara\u00edso.\",\"url\":\"https:\/\/dev.antudigital.cl\/sites\/vc\/author\/valpoadmin\/\"}]}<\/script>\n<!-- \/ Yoast SEO plugin. -->","yoast_head_json":{"title":"El proyecto musical \u201cCantando a la vida\u201d llega a Cabildo junto al actor y m\u00fasico Daniel Mu\u00f1oz - Valpara\u00ed\u00adso Creativo","robots":{"index":"index","follow":"follow","max-snippet":"max-snippet:-1","max-image-preview":"max-image-preview:large","max-video-preview":"max-video-preview:-1"},"canonical":"https:\/\/dev.antudigital.cl\/sites\/vc\/el-proyecto-musical-cantando-a-la-vida-llega-a-cabildo-junto-al-actor-y-musico-daniel-munoz\/","og_locale":"es_ES","og_type":"article","og_title":"El proyecto musical \u201cCantando a la vida\u201d llega a Cabildo junto al actor y m\u00fasico Daniel Mu\u00f1oz - Valpara\u00ed\u00adso Creativo","og_description":"Tras un exitoso lanzamiento en Quilpu\u00e9, este&nbsp;mi\u00e9rcoles 23 de octubre&nbsp;desde las&nbsp;17:00 horas&nbsp;en el&nbsp;Teatro Municipal de Cabildo&nbsp;se estar\u00e1 desarrollando el proyecto&nbsp;\u201cCantando a la Vida: Encuentro art\u00edsticos con personas mayores\u201d. \u201cCantando a la vida\u201d&nbsp;busca generar instancias de participaci\u00f3n cultural comunitaria en torno a la m\u00fasica y al intercambio con personas mayores pertenecientes a talleres y\/o agrupaciones folcl\u00f3ricas [&hellip;]","og_url":"https:\/\/dev.antudigital.cl\/sites\/vc\/el-proyecto-musical-cantando-a-la-vida-llega-a-cabildo-junto-al-actor-y-musico-daniel-munoz\/","og_site_name":"Valpara\u00ed\u00adso Creativo","article_published_time":"2024-10-21T23:50:04+00:00","article_modified_time":"2024-10-21T23:50:21+00:00","og_image":[{"width":1633,"height":911,"url":"https:\/\/dev.antudigital.cl\/sites\/vc\/wp-content\/uploads\/2024\/10\/Foto-prensa-2_Cantando-a-la-vida-QP.jpg","type":"image\/jpeg"}],"author":"Valpara\u00edso Creativo","twitter_card":"summary_large_image","twitter_misc":{"Escrito por":"Valpara\u00edso Creativo","Tiempo de lectura":"2 minutos"},"schema":{"@context":"https:\/\/schema.org","@graph":[{"@type":"Article","@id":"https:\/\/dev.antudigital.cl\/sites\/vc\/el-proyecto-musical-cantando-a-la-vida-llega-a-cabildo-junto-al-actor-y-musico-daniel-munoz\/#article","isPartOf":{"@id":"https:\/\/dev.antudigital.cl\/sites\/vc\/el-proyecto-musical-cantando-a-la-vida-llega-a-cabildo-junto-al-actor-y-musico-daniel-munoz\/"},"author":{"name":"Valpara\u00edso Creativo","@id":"https:\/\/dev.antudigital.cl\/sites\/vc\/#\/schema\/person\/c2b9da8dd545e27166fc5ab232837318"},"headline":"El proyecto musical \u201cCantando a la vida\u201d llega a Cabildo junto al actor y m\u00fasico Daniel Mu\u00f1oz","datePublished":"2024-10-21T23:50:04+00:00","dateModified":"2024-10-21T23:50:21+00:00","mainEntityOfPage":{"@id":"https:\/\/dev.antudigital.cl\/sites\/vc\/el-proyecto-musical-cantando-a-la-vida-llega-a-cabildo-junto-al-actor-y-musico-daniel-munoz\/"},"wordCount":266,"image":{"@id":"https:\/\/dev.antudigital.cl\/sites\/vc\/el-proyecto-musical-cantando-a-la-vida-llega-a-cabildo-junto-al-actor-y-musico-daniel-munoz\/#primaryimage"},"thumbnailUrl":"https:\/\/dev.antudigital.cl\/sites\/vc\/wp-content\/uploads\/2024\/10\/Foto-prensa-2_Cantando-a-la-vida-QP.jpg","articleSection":["Noticia"],"inLanguage":"es"},{"@type":"WebPage","@id":"https:\/\/dev.antudigital.cl\/sites\/vc\/el-proyecto-musical-cantando-a-la-vida-llega-a-cabildo-junto-al-actor-y-musico-daniel-munoz\/","url":"https:\/\/dev.antudigital.cl\/sites\/vc\/el-proyecto-musical-cantando-a-la-vida-llega-a-cabildo-junto-al-actor-y-musico-daniel-munoz\/","name":"El proyecto musical \u201cCantando a la vida\u201d llega a Cabildo junto al actor y m\u00fasico Daniel Mu\u00f1oz - Valpara\u00ed\u00adso Creativo","isPartOf":{"@id":"https:\/\/dev.antudigital.cl\/sites\/vc\/#website"},"primaryImageOfPage":{"@id":"https:\/\/dev.antudigital.cl\/sites\/vc\/el-proyecto-musical-cantando-a-la-vida-llega-a-cabildo-junto-al-actor-y-musico-daniel-munoz\/#primaryimage"},"image":{"@id":"https:\/\/dev.antudigital.cl\/sites\/vc\/el-proyecto-musical-cantando-a-la-vida-llega-a-cabildo-junto-al-actor-y-musico-daniel-munoz\/#primaryimage"},"thumbnailUrl":"https:\/\/dev.antudigital.cl\/sites\/vc\/wp-content\/uploads\/2024\/10\/Foto-prensa-2_Cantando-a-la-vida-QP.jpg","datePublished":"2024-10-21T23:50:04+00:00","dateModified":"2024-10-21T23:50:21+00:00","author":{"@id":"https:\/\/dev.antudigital.cl\/sites\/vc\/#\/schema\/person\/c2b9da8dd545e27166fc5ab232837318"},"breadcrumb":{"@id":"https:\/\/dev.antudigital.cl\/sites\/vc\/el-proyecto-musical-cantando-a-la-vida-llega-a-cabildo-junto-al-actor-y-musico-daniel-munoz\/#breadcrumb"},"inLanguage":"es","potentialAction":[{"@type":"ReadAction","target":["https:\/\/dev.antudigital.cl\/sites\/vc\/el-proyecto-musical-cantando-a-la-vida-llega-a-cabildo-junto-al-actor-y-musico-daniel-munoz\/"]}]},{"@type":"ImageObject","inLanguage":"es","@id":"https:\/\/dev.antudigital.cl\/sites\/vc\/el-proyecto-musical-cantando-a-la-vida-llega-a-cabildo-junto-al-actor-y-musico-daniel-munoz\/#primaryimage","url":"https:\/\/dev.antudigital.cl\/sites\/vc\/wp-content\/uploads\/2024\/10\/Foto-prensa-2_Cantando-a-la-vida-QP.jpg","contentUrl":"https:\/\/dev.antudigital.cl\/sites\/vc\/wp-content\/uploads\/2024\/10\/Foto-prensa-2_Cantando-a-la-vida-QP.jpg","width":1633,"height":911},{"@type":"BreadcrumbList","@id":"https:\/\/dev.antudigital.cl\/sites\/vc\/el-proyecto-musical-cantando-a-la-vida-llega-a-cabildo-junto-al-actor-y-musico-daniel-munoz\/#breadcrumb","itemListElement":[{"@type":"ListItem","position":1,"name":"Home","item":"https:\/\/dev.antudigital.cl\/sites\/vc\/"},{"@type":"ListItem","position":2,"name":"El proyecto musical \u201cCantando a la vida\u201d llega a Cabildo junto al actor y m\u00fasico Daniel Mu\u00f1oz"}]},{"@type":"WebSite","@id":"https:\/\/dev.antudigital.cl\/sites\/vc\/#website","url":"https:\/\/dev.antudigital.cl\/sites\/vc\/","name":"Valpara\u00ed\u00adso Creativo","description":"","potentialAction":[{"@type":"SearchAction","target":{"@type":"EntryPoint","urlTemplate":"https:\/\/dev.antudigital.cl\/sites\/vc\/?s={search_term_string}"},"query-input":{"@type":"PropertyValueSpecification","valueRequired":true,"valueName":"search_term_string"}}],"inLanguage":"es"},{"@type":"Person","@id":"https:\/\/dev.antudigital.cl\/sites\/vc\/#\/schema\/person\/c2b9da8dd545e27166fc5ab232837318","name":"Valpara\u00edso Creativo","description":"Periodista de cultura en la Regi\u00f3n de Valpara\u00edso.","url":"https:\/\/dev.antudigital.cl\/sites\/vc\/author\/valpoadmin\/"}]}},"_links":{"self":[{"href":"https:\/\/dev.antudigital.cl\/sites\/vc\/wp-json\/wp\/v2\/posts\/20817","targetHints":{"allow":["GET"]}}],"collection":[{"href":"https:\/\/dev.antudigital.cl\/sites\/vc\/wp-json\/wp\/v2\/posts"}],"about":[{"href":"https:\/\/dev.antudigital.cl\/sites\/vc\/wp-json\/wp\/v2\/types\/post"}],"author":[{"embeddable":true,"href":"https:\/\/dev.antudigital.cl\/sites\/vc\/wp-json\/wp\/v2\/users\/1"}],"replies":[{"embeddable":true,"href":"https:\/\/dev.antudigital.cl\/sites\/vc\/wp-json\/wp\/v2\/comments?post=20817"}],"version-history":[{"count":1,"href":"https:\/\/dev.antudigital.cl\/sites\/vc\/wp-json\/wp\/v2\/posts\/20817\/revisions"}],"predecessor-version":[{"id":20820,"href":"https:\/\/dev.antudigital.cl\/sites\/vc\/wp-json\/wp\/v2\/posts\/20817\/revisions\/20820"}],"wp:featuredmedia":[{"embeddable":true,"href":"https:\/\/dev.antudigital.cl\/sites\/vc\/wp-json\/wp\/v2\/media\/20819"}],"wp:attachment":[{"href":"https:\/\/dev.antudigital.cl\/sites\/vc\/wp-json\/wp\/v2\/media?parent=20817"}],"wp:term":[{"taxonomy":"category","embeddable":true,"href":"https:\/\/dev.antudigital.cl\/sites\/vc\/wp-json\/wp\/v2\/categories?post=20817"},{"taxonomy":"post_tag","embeddable":true,"href":"https:\/\/dev.antudigital.cl\/sites\/vc\/wp-json\/wp\/v2\/tags?post=20817"}],"curies":[{"name":"wp","href":"https:\/\/api.w.org\/{rel}","templated":true}]}}