{"id":20828,"date":"2024-10-22T00:07:33","date_gmt":"2024-10-22T00:07:33","guid":{"rendered":"https:\/\/www.valparaisocreativo.cl\/?p=20828"},"modified":"2024-10-22T00:07:50","modified_gmt":"2024-10-22T00:07:50","slug":"brisa-flow-inicia-gira-internacional-en-chile-junto-a-mc-millaray-dania-neko-e-ian-wapichana","status":"publish","type":"post","link":"https:\/\/dev.antudigital.cl\/sites\/vc\/brisa-flow-inicia-gira-internacional-en-chile-junto-a-mc-millaray-dania-neko-e-ian-wapichana\/","title":{"rendered":"BRISA FLOW inicia gira internacional\u00a0en Chile junto a MC Millaray, Dania Neko e Ian Wapichana\u00a0"},"content":{"rendered":"\n<p>\u00a0<strong><a href=\"https:\/\/www.instagram.com\/brisaflow\/\" target=\"_blank\" rel=\"noreferrer noopener\">Brisa Flow<\/a>, cantanete\u00a0<\/strong>productora, investigadora, hiphopera y activista, es\u00a0<strong>una de las principales exponentes del futurismo ind\u00edgena en Brasil<\/strong>. Mezcla el rap con cantos ancestrales, jazz, electr\u00f3nica y neo\/soul en su defensa por la m\u00fasica ind\u00edgena contempor\u00e1nea, el arte de los pueblos originarios y el rap como herramientas para combatir el epistemicidio. Llega a Chile en el contexto de\u00a0<strong>\u201cAbya Yala en tr\u00e1nsito\u201d<\/strong>\u00a0gira en la que promociona su tercer disco Janequeo, que la lleva por pa\u00edses de latinoam\u00e9rica. Es hija de artesanos chilenos, llegados a Brasil en dictadura, y se ha presentado en<strong>\u00a0Rock in R\u00edo, Lollapalooza<\/strong>\u00a0y m\u00e1s.\u00a0<\/p>\n\n\n\n<p><strong>&nbsp;<a href=\"https:\/\/www.instagram.com\/brisaflow\/\" target=\"_blank\" rel=\"noreferrer noopener\">Brisa Flow<\/a><\/strong>, es cantante, m\u00fasica, compositora, poeta, performer, productora musical. Naci\u00f3 en Minas Gerais y comenz\u00f3 su trabajo art\u00edstico en Belo Horizonte. En el 2016 aparece su primer \u00e1lbum titulado \u00abNewen\u00bb con excelente recepci\u00f3n ubic\u00e1ndose entre los 20 mejores lanzamientos de ese a\u00f1o seleccionados por el \u201cEstad\u00e3o\u201d, uno de los medios de comunicaci\u00f3n m\u00e1s importantes de Brasil. Su segundo trabajo, \u00abSalvaje Como el Viento\u00bb (2018), recibi\u00f3 premios y form\u00f3 parte de los mejores 50 discos del a\u00f1o en el sitio de&nbsp;<strong>Redbull<\/strong>. En el 2022 recibi\u00f3 galard\u00f3n por mejor compositora de WME Awards, junto con una serie de reconocimientos por la profundidad de su trabajo inspirado en las demandas, dimensi\u00f3n y cosmovisi\u00f3n de los pueblos ind\u00edgenas.&nbsp;&nbsp;<\/p>\n\n\n\n<p><em>\u201cCrec\u00ed en Brasil pero escuchando mucha m\u00fasica chilena, Victor, Violeta, Inti Illimani, Illapu, comiendo empanadas, cazuela\u201d.&nbsp;&nbsp;<\/em><\/p>\n\n\n\n<p><strong><a href=\"https:\/\/www.instagram.com\/brisaflow\/\" target=\"_blank\" rel=\"noreferrer noopener\">Brisa Flow<\/a><\/strong>&nbsp;promociona su tercer disco Janequeo inspirado en la poderosa e invencible guerrera mapuche y en el marco de la gira internacional \u201cAbya Yala en tr\u00e1nsito\u201d junto a su banda; Lys Ventura, Venus Garland y Victor Prado, compartir\u00e1 escenario con importantes amigues de la m\u00fasica en Chile como&nbsp;<strong><a href=\"https:\/\/www.instagram.com\/mcmillaray_oficial\/\" target=\"_blank\" rel=\"noreferrer noopener\">MC Millaray Coll\u00edo<\/a>,<\/strong>&nbsp;la joven rapera chilena conocida internacionalmente por sus \u2018rimas punzantes para transmitir 5 siglos de lucha y resistencia\u2019.&nbsp;<\/p>\n\n\n\n<p><em>\u201cTenemos el mismo apellido, y me encant\u00f3 su trabajo. Su newen, su presencia como mujer mapuche, me hizo reconocerme en ella\u201d<\/em>, apunta Brisa sobre MC Millaray. Se presentar\u00e1n el 25 de octubre en Santiago (Bar el Clan).<\/p>\n\n\n\n<p>El concierto en Valpara\u00edso ser\u00e1 el 24 de octubre en Patio S\u00f3crates junto a\u00a0<a href=\"https:\/\/www.instagram.com\/danianeko\/\" target=\"_blank\" rel=\"noreferrer noopener\"><strong>Dania Neko<\/strong>,<\/a>\u00a0rapera de San Joaqu\u00edn que mezcla influencias de bossa nova, m\u00fasica folkl\u00f3rica y hip hop con amplia versatilidad. Tiene 3 discos larga duraci\u00f3n; \u201cDepura\u201d en 2015, nominado a mejor disco de m\u00fasica urbana por Pulsar en el 2016, \u201cV\u00e9rtigo\u201d en el 2019 y Coraje en el 2022, desarrollando una carrera importante en el g\u00e9nero y en Chile.<strong>\u00a0\u00a0<\/strong><\/p>\n\n\n\n<p><a href=\"https:\/\/www.instagram.com\/ianwapichana\/\" target=\"_blank\" rel=\"noreferrer noopener\"><strong>\u00a0Ian Wapichana<\/strong>\u00a0<\/a>acompa\u00f1ar\u00e1 a Brisa en el escenario de Casa de Salud de Concepci\u00f3n el d\u00eda 26 de octubre (gratis).\u00a0<strong>Ian\u00a0<\/strong>es un artista de Brasil. Compositor, multi -instrumentista, autodidacta, lleva 10 a\u00f1os de trabajo en la producci\u00f3n musical, en el mundo audiovisual como animaciones, pel\u00edculas y podcasts, y siempre en relaci\u00f3n a la espiritualidad reivindicativa de los pueblos ind\u00edgenas.<\/p>\n\n\n\n<figure class=\"wp-block-table\"><table class=\"has-fixed-layout\"><tbody><tr><td><strong>La gira internacional \u201cAbya Ayala en tr\u00e1nsito\u201d<\/strong>&nbsp;es patrocinado por&nbsp;<strong>Natura Musical<\/strong>, plataforma cultural de la marca Natura, que desde hace 18 a\u00f1os ha patrocinado a m\u00e1s de 600 artistas y proyectos en todo Brasil, promoviendo experiencias musicales que proyecten la pluralidad de la cultura.&nbsp;<\/td><\/tr><\/tbody><\/table><\/figure>\n\n\n\n<figure class=\"wp-block-table\"><table class=\"has-fixed-layout\"><tbody><tr><td><strong>COORDENADAS&nbsp;<\/strong>&nbsp;<strong>&nbsp;<\/strong>24 de octubre en&nbsp;<strong>Valpara\u00edso&nbsp; Dania Neko en Patio S\u00f3crates&nbsp;<\/strong><a href=\"https:\/\/www.instagram.com\/patio_socrates\/\">https:\/\/www.instagram.com\/patio_socrates\/<\/a><br>Esquina calle S\u00f3crates con Villagr\u00e1n, Cerro Cordillera.<br><a href=\"https:\/\/www.portaldisc.com\/evento\/brisaportena2024\">https:\/\/www.portaldisc.com\/evento\/brisaportena2024<\/a><br><br>25 de octubre en&nbsp;<strong>Santiago &#8211; Bar el Clan &#8211; con participaci\u00f3n de MC Millaray Collio<\/strong><a href=\"https:\/\/www.instagram.com\/barelclan\/\">https:\/\/www.instagram.com\/barelclan\/<\/a><br>Bombero Nu\u00f1ez 363, Santiago, Chile&nbsp;<a href=\"https:\/\/www.portaldisc.com\/evento\/brisaflowscl2024\">https:\/\/www.portaldisc.com\/evento\/brisaflowscl2024<\/a>&nbsp;&nbsp;26 de octubre<strong>&nbsp;en Concepci\u00f3n &#8211; Casa Salud &#8211; con participaci\u00f3n de Ian Wapichana<\/strong><a href=\"https:\/\/www.instagram.com\/casadesalud\/\">https:\/\/www.instagram.com\/casadesalud\/<\/a>&nbsp;&nbsp; Entradas al instagramBrasil 574, Concepci\u00f3n, Chile<\/td><\/tr><\/tbody><\/table><\/figure>\n","protected":false},"excerpt":{"rendered":"<p>\u00a0Brisa Flow, cantanete\u00a0productora, investigadora, hiphopera y activista, es\u00a0una de las principales exponentes del futurismo ind\u00edgena en Brasil. Mezcla el rap con cantos ancestrales, jazz, electr\u00f3nica y neo\/soul en su defensa por la m\u00fasica ind\u00edgena contempor\u00e1nea, el arte de los pueblos originarios y el rap como herramientas para combatir el epistemicidio. Llega a Chile en el [&hellip;]<\/p>\n","protected":false},"author":1,"featured_media":20829,"comment_status":"closed","ping_status":"closed","sticky":false,"template":"","format":"standard","meta":{"_acf_changed":false,"footnotes":""},"categories":[8],"tags":[],"class_list":["post-20828","post","type-post","status-publish","format-standard","has-post-thumbnail","hentry","category-noticia"],"acf":[],"yoast_head":"<!-- This site is optimized with the Yoast SEO plugin v27.1.1 - https:\/\/yoast.com\/product\/yoast-seo-wordpress\/ -->\n<title>BRISA FLOW inicia gira internacional\u00a0en Chile junto a MC Millaray, Dania Neko e Ian Wapichana\u00a0 - Valpara\u00ed\u00adso Creativo<\/title>\n<meta name=\"robots\" content=\"index, follow, max-snippet:-1, max-image-preview:large, max-video-preview:-1\" \/>\n<link rel=\"canonical\" href=\"https:\/\/dev.antudigital.cl\/sites\/vc\/brisa-flow-inicia-gira-internacional-en-chile-junto-a-mc-millaray-dania-neko-e-ian-wapichana\/\" \/>\n<meta property=\"og:locale\" content=\"es_ES\" \/>\n<meta property=\"og:type\" content=\"article\" \/>\n<meta property=\"og:title\" content=\"BRISA FLOW inicia gira internacional\u00a0en Chile junto a MC Millaray, Dania Neko e Ian Wapichana\u00a0 - Valpara\u00ed\u00adso Creativo\" \/>\n<meta property=\"og:description\" content=\"\u00a0Brisa Flow, cantanete\u00a0productora, investigadora, hiphopera y activista, es\u00a0una de las principales exponentes del futurismo ind\u00edgena en Brasil. Mezcla el rap con cantos ancestrales, jazz, electr\u00f3nica y neo\/soul en su defensa por la m\u00fasica ind\u00edgena contempor\u00e1nea, el arte de los pueblos originarios y el rap como herramientas para combatir el epistemicidio. Llega a Chile en el [&hellip;]\" \/>\n<meta property=\"og:url\" content=\"https:\/\/dev.antudigital.cl\/sites\/vc\/brisa-flow-inicia-gira-internacional-en-chile-junto-a-mc-millaray-dania-neko-e-ian-wapichana\/\" \/>\n<meta property=\"og:site_name\" content=\"Valpara\u00ed\u00adso Creativo\" \/>\n<meta property=\"article:published_time\" content=\"2024-10-22T00:07:33+00:00\" \/>\n<meta property=\"article:modified_time\" content=\"2024-10-22T00:07:50+00:00\" \/>\n<meta property=\"og:image\" content=\"https:\/\/dev.antudigital.cl\/sites\/vc\/wp-content\/uploads\/2024\/10\/brisa.jpg\" \/>\n\t<meta property=\"og:image:width\" content=\"1440\" \/>\n\t<meta property=\"og:image:height\" content=\"859\" \/>\n\t<meta property=\"og:image:type\" content=\"image\/jpeg\" \/>\n<meta name=\"author\" content=\"Valpara\u00edso Creativo\" \/>\n<meta name=\"twitter:card\" content=\"summary_large_image\" \/>\n<meta name=\"twitter:label1\" content=\"Escrito por\" \/>\n\t<meta name=\"twitter:data1\" content=\"Valpara\u00edso Creativo\" \/>\n\t<meta name=\"twitter:label2\" content=\"Tiempo de lectura\" \/>\n\t<meta name=\"twitter:data2\" content=\"3 minutos\" \/>\n<script type=\"application\/ld+json\" class=\"yoast-schema-graph\">{\"@context\":\"https:\/\/schema.org\",\"@graph\":[{\"@type\":\"Article\",\"@id\":\"https:\/\/dev.antudigital.cl\/sites\/vc\/brisa-flow-inicia-gira-internacional-en-chile-junto-a-mc-millaray-dania-neko-e-ian-wapichana\/#article\",\"isPartOf\":{\"@id\":\"https:\/\/dev.antudigital.cl\/sites\/vc\/brisa-flow-inicia-gira-internacional-en-chile-junto-a-mc-millaray-dania-neko-e-ian-wapichana\/\"},\"author\":{\"name\":\"Valpara\u00edso Creativo\",\"@id\":\"https:\/\/dev.antudigital.cl\/sites\/vc\/#\/schema\/person\/c2b9da8dd545e27166fc5ab232837318\"},\"headline\":\"BRISA FLOW inicia gira internacional\u00a0en Chile junto a MC Millaray, Dania Neko e Ian Wapichana\u00a0\",\"datePublished\":\"2024-10-22T00:07:33+00:00\",\"dateModified\":\"2024-10-22T00:07:50+00:00\",\"mainEntityOfPage\":{\"@id\":\"https:\/\/dev.antudigital.cl\/sites\/vc\/brisa-flow-inicia-gira-internacional-en-chile-junto-a-mc-millaray-dania-neko-e-ian-wapichana\/\"},\"wordCount\":682,\"image\":{\"@id\":\"https:\/\/dev.antudigital.cl\/sites\/vc\/brisa-flow-inicia-gira-internacional-en-chile-junto-a-mc-millaray-dania-neko-e-ian-wapichana\/#primaryimage\"},\"thumbnailUrl\":\"https:\/\/dev.antudigital.cl\/sites\/vc\/wp-content\/uploads\/2024\/10\/brisa.jpg\",\"articleSection\":[\"Noticia\"],\"inLanguage\":\"es\"},{\"@type\":\"WebPage\",\"@id\":\"https:\/\/dev.antudigital.cl\/sites\/vc\/brisa-flow-inicia-gira-internacional-en-chile-junto-a-mc-millaray-dania-neko-e-ian-wapichana\/\",\"url\":\"https:\/\/dev.antudigital.cl\/sites\/vc\/brisa-flow-inicia-gira-internacional-en-chile-junto-a-mc-millaray-dania-neko-e-ian-wapichana\/\",\"name\":\"BRISA FLOW inicia gira internacional\u00a0en Chile junto a MC Millaray, Dania Neko e Ian Wapichana\u00a0 - Valpara\u00ed\u00adso Creativo\",\"isPartOf\":{\"@id\":\"https:\/\/dev.antudigital.cl\/sites\/vc\/#website\"},\"primaryImageOfPage\":{\"@id\":\"https:\/\/dev.antudigital.cl\/sites\/vc\/brisa-flow-inicia-gira-internacional-en-chile-junto-a-mc-millaray-dania-neko-e-ian-wapichana\/#primaryimage\"},\"image\":{\"@id\":\"https:\/\/dev.antudigital.cl\/sites\/vc\/brisa-flow-inicia-gira-internacional-en-chile-junto-a-mc-millaray-dania-neko-e-ian-wapichana\/#primaryimage\"},\"thumbnailUrl\":\"https:\/\/dev.antudigital.cl\/sites\/vc\/wp-content\/uploads\/2024\/10\/brisa.jpg\",\"datePublished\":\"2024-10-22T00:07:33+00:00\",\"dateModified\":\"2024-10-22T00:07:50+00:00\",\"author\":{\"@id\":\"https:\/\/dev.antudigital.cl\/sites\/vc\/#\/schema\/person\/c2b9da8dd545e27166fc5ab232837318\"},\"breadcrumb\":{\"@id\":\"https:\/\/dev.antudigital.cl\/sites\/vc\/brisa-flow-inicia-gira-internacional-en-chile-junto-a-mc-millaray-dania-neko-e-ian-wapichana\/#breadcrumb\"},\"inLanguage\":\"es\",\"potentialAction\":[{\"@type\":\"ReadAction\",\"target\":[\"https:\/\/dev.antudigital.cl\/sites\/vc\/brisa-flow-inicia-gira-internacional-en-chile-junto-a-mc-millaray-dania-neko-e-ian-wapichana\/\"]}]},{\"@type\":\"ImageObject\",\"inLanguage\":\"es\",\"@id\":\"https:\/\/dev.antudigital.cl\/sites\/vc\/brisa-flow-inicia-gira-internacional-en-chile-junto-a-mc-millaray-dania-neko-e-ian-wapichana\/#primaryimage\",\"url\":\"https:\/\/dev.antudigital.cl\/sites\/vc\/wp-content\/uploads\/2024\/10\/brisa.jpg\",\"contentUrl\":\"https:\/\/dev.antudigital.cl\/sites\/vc\/wp-content\/uploads\/2024\/10\/brisa.jpg\",\"width\":1440,\"height\":859},{\"@type\":\"BreadcrumbList\",\"@id\":\"https:\/\/dev.antudigital.cl\/sites\/vc\/brisa-flow-inicia-gira-internacional-en-chile-junto-a-mc-millaray-dania-neko-e-ian-wapichana\/#breadcrumb\",\"itemListElement\":[{\"@type\":\"ListItem\",\"position\":1,\"name\":\"Home\",\"item\":\"https:\/\/dev.antudigital.cl\/sites\/vc\/\"},{\"@type\":\"ListItem\",\"position\":2,\"name\":\"BRISA FLOW inicia gira internacional\u00a0en Chile junto a MC Millaray, Dania Neko e Ian Wapichana\u00a0\"}]},{\"@type\":\"WebSite\",\"@id\":\"https:\/\/dev.antudigital.cl\/sites\/vc\/#website\",\"url\":\"https:\/\/dev.antudigital.cl\/sites\/vc\/\",\"name\":\"Valpara\u00ed\u00adso Creativo\",\"description\":\"\",\"potentialAction\":[{\"@type\":\"SearchAction\",\"target\":{\"@type\":\"EntryPoint\",\"urlTemplate\":\"https:\/\/dev.antudigital.cl\/sites\/vc\/?s={search_term_string}\"},\"query-input\":{\"@type\":\"PropertyValueSpecification\",\"valueRequired\":true,\"valueName\":\"search_term_string\"}}],\"inLanguage\":\"es\"},{\"@type\":\"Person\",\"@id\":\"https:\/\/dev.antudigital.cl\/sites\/vc\/#\/schema\/person\/c2b9da8dd545e27166fc5ab232837318\",\"name\":\"Valpara\u00edso Creativo\",\"description\":\"Periodista de cultura en la Regi\u00f3n de Valpara\u00edso.\",\"url\":\"https:\/\/dev.antudigital.cl\/sites\/vc\/author\/valpoadmin\/\"}]}<\/script>\n<!-- \/ Yoast SEO plugin. -->","yoast_head_json":{"title":"BRISA FLOW inicia gira internacional\u00a0en Chile junto a MC Millaray, Dania Neko e Ian Wapichana\u00a0 - Valpara\u00ed\u00adso Creativo","robots":{"index":"index","follow":"follow","max-snippet":"max-snippet:-1","max-image-preview":"max-image-preview:large","max-video-preview":"max-video-preview:-1"},"canonical":"https:\/\/dev.antudigital.cl\/sites\/vc\/brisa-flow-inicia-gira-internacional-en-chile-junto-a-mc-millaray-dania-neko-e-ian-wapichana\/","og_locale":"es_ES","og_type":"article","og_title":"BRISA FLOW inicia gira internacional\u00a0en Chile junto a MC Millaray, Dania Neko e Ian Wapichana\u00a0 - Valpara\u00ed\u00adso Creativo","og_description":"\u00a0Brisa Flow, cantanete\u00a0productora, investigadora, hiphopera y activista, es\u00a0una de las principales exponentes del futurismo ind\u00edgena en Brasil. Mezcla el rap con cantos ancestrales, jazz, electr\u00f3nica y neo\/soul en su defensa por la m\u00fasica ind\u00edgena contempor\u00e1nea, el arte de los pueblos originarios y el rap como herramientas para combatir el epistemicidio. Llega a Chile en el [&hellip;]","og_url":"https:\/\/dev.antudigital.cl\/sites\/vc\/brisa-flow-inicia-gira-internacional-en-chile-junto-a-mc-millaray-dania-neko-e-ian-wapichana\/","og_site_name":"Valpara\u00ed\u00adso Creativo","article_published_time":"2024-10-22T00:07:33+00:00","article_modified_time":"2024-10-22T00:07:50+00:00","og_image":[{"width":1440,"height":859,"url":"https:\/\/dev.antudigital.cl\/sites\/vc\/wp-content\/uploads\/2024\/10\/brisa.jpg","type":"image\/jpeg"}],"author":"Valpara\u00edso Creativo","twitter_card":"summary_large_image","twitter_misc":{"Escrito por":"Valpara\u00edso Creativo","Tiempo de lectura":"3 minutos"},"schema":{"@context":"https:\/\/schema.org","@graph":[{"@type":"Article","@id":"https:\/\/dev.antudigital.cl\/sites\/vc\/brisa-flow-inicia-gira-internacional-en-chile-junto-a-mc-millaray-dania-neko-e-ian-wapichana\/#article","isPartOf":{"@id":"https:\/\/dev.antudigital.cl\/sites\/vc\/brisa-flow-inicia-gira-internacional-en-chile-junto-a-mc-millaray-dania-neko-e-ian-wapichana\/"},"author":{"name":"Valpara\u00edso Creativo","@id":"https:\/\/dev.antudigital.cl\/sites\/vc\/#\/schema\/person\/c2b9da8dd545e27166fc5ab232837318"},"headline":"BRISA FLOW inicia gira internacional\u00a0en Chile junto a MC Millaray, Dania Neko e Ian Wapichana\u00a0","datePublished":"2024-10-22T00:07:33+00:00","dateModified":"2024-10-22T00:07:50+00:00","mainEntityOfPage":{"@id":"https:\/\/dev.antudigital.cl\/sites\/vc\/brisa-flow-inicia-gira-internacional-en-chile-junto-a-mc-millaray-dania-neko-e-ian-wapichana\/"},"wordCount":682,"image":{"@id":"https:\/\/dev.antudigital.cl\/sites\/vc\/brisa-flow-inicia-gira-internacional-en-chile-junto-a-mc-millaray-dania-neko-e-ian-wapichana\/#primaryimage"},"thumbnailUrl":"https:\/\/dev.antudigital.cl\/sites\/vc\/wp-content\/uploads\/2024\/10\/brisa.jpg","articleSection":["Noticia"],"inLanguage":"es"},{"@type":"WebPage","@id":"https:\/\/dev.antudigital.cl\/sites\/vc\/brisa-flow-inicia-gira-internacional-en-chile-junto-a-mc-millaray-dania-neko-e-ian-wapichana\/","url":"https:\/\/dev.antudigital.cl\/sites\/vc\/brisa-flow-inicia-gira-internacional-en-chile-junto-a-mc-millaray-dania-neko-e-ian-wapichana\/","name":"BRISA FLOW inicia gira internacional\u00a0en Chile junto a MC Millaray, Dania Neko e Ian Wapichana\u00a0 - Valpara\u00ed\u00adso Creativo","isPartOf":{"@id":"https:\/\/dev.antudigital.cl\/sites\/vc\/#website"},"primaryImageOfPage":{"@id":"https:\/\/dev.antudigital.cl\/sites\/vc\/brisa-flow-inicia-gira-internacional-en-chile-junto-a-mc-millaray-dania-neko-e-ian-wapichana\/#primaryimage"},"image":{"@id":"https:\/\/dev.antudigital.cl\/sites\/vc\/brisa-flow-inicia-gira-internacional-en-chile-junto-a-mc-millaray-dania-neko-e-ian-wapichana\/#primaryimage"},"thumbnailUrl":"https:\/\/dev.antudigital.cl\/sites\/vc\/wp-content\/uploads\/2024\/10\/brisa.jpg","datePublished":"2024-10-22T00:07:33+00:00","dateModified":"2024-10-22T00:07:50+00:00","author":{"@id":"https:\/\/dev.antudigital.cl\/sites\/vc\/#\/schema\/person\/c2b9da8dd545e27166fc5ab232837318"},"breadcrumb":{"@id":"https:\/\/dev.antudigital.cl\/sites\/vc\/brisa-flow-inicia-gira-internacional-en-chile-junto-a-mc-millaray-dania-neko-e-ian-wapichana\/#breadcrumb"},"inLanguage":"es","potentialAction":[{"@type":"ReadAction","target":["https:\/\/dev.antudigital.cl\/sites\/vc\/brisa-flow-inicia-gira-internacional-en-chile-junto-a-mc-millaray-dania-neko-e-ian-wapichana\/"]}]},{"@type":"ImageObject","inLanguage":"es","@id":"https:\/\/dev.antudigital.cl\/sites\/vc\/brisa-flow-inicia-gira-internacional-en-chile-junto-a-mc-millaray-dania-neko-e-ian-wapichana\/#primaryimage","url":"https:\/\/dev.antudigital.cl\/sites\/vc\/wp-content\/uploads\/2024\/10\/brisa.jpg","contentUrl":"https:\/\/dev.antudigital.cl\/sites\/vc\/wp-content\/uploads\/2024\/10\/brisa.jpg","width":1440,"height":859},{"@type":"BreadcrumbList","@id":"https:\/\/dev.antudigital.cl\/sites\/vc\/brisa-flow-inicia-gira-internacional-en-chile-junto-a-mc-millaray-dania-neko-e-ian-wapichana\/#breadcrumb","itemListElement":[{"@type":"ListItem","position":1,"name":"Home","item":"https:\/\/dev.antudigital.cl\/sites\/vc\/"},{"@type":"ListItem","position":2,"name":"BRISA FLOW inicia gira internacional\u00a0en Chile junto a MC Millaray, Dania Neko e Ian Wapichana\u00a0"}]},{"@type":"WebSite","@id":"https:\/\/dev.antudigital.cl\/sites\/vc\/#website","url":"https:\/\/dev.antudigital.cl\/sites\/vc\/","name":"Valpara\u00ed\u00adso Creativo","description":"","potentialAction":[{"@type":"SearchAction","target":{"@type":"EntryPoint","urlTemplate":"https:\/\/dev.antudigital.cl\/sites\/vc\/?s={search_term_string}"},"query-input":{"@type":"PropertyValueSpecification","valueRequired":true,"valueName":"search_term_string"}}],"inLanguage":"es"},{"@type":"Person","@id":"https:\/\/dev.antudigital.cl\/sites\/vc\/#\/schema\/person\/c2b9da8dd545e27166fc5ab232837318","name":"Valpara\u00edso Creativo","description":"Periodista de cultura en la Regi\u00f3n de Valpara\u00edso.","url":"https:\/\/dev.antudigital.cl\/sites\/vc\/author\/valpoadmin\/"}]}},"_links":{"self":[{"href":"https:\/\/dev.antudigital.cl\/sites\/vc\/wp-json\/wp\/v2\/posts\/20828","targetHints":{"allow":["GET"]}}],"collection":[{"href":"https:\/\/dev.antudigital.cl\/sites\/vc\/wp-json\/wp\/v2\/posts"}],"about":[{"href":"https:\/\/dev.antudigital.cl\/sites\/vc\/wp-json\/wp\/v2\/types\/post"}],"author":[{"embeddable":true,"href":"https:\/\/dev.antudigital.cl\/sites\/vc\/wp-json\/wp\/v2\/users\/1"}],"replies":[{"embeddable":true,"href":"https:\/\/dev.antudigital.cl\/sites\/vc\/wp-json\/wp\/v2\/comments?post=20828"}],"version-history":[{"count":1,"href":"https:\/\/dev.antudigital.cl\/sites\/vc\/wp-json\/wp\/v2\/posts\/20828\/revisions"}],"predecessor-version":[{"id":20830,"href":"https:\/\/dev.antudigital.cl\/sites\/vc\/wp-json\/wp\/v2\/posts\/20828\/revisions\/20830"}],"wp:featuredmedia":[{"embeddable":true,"href":"https:\/\/dev.antudigital.cl\/sites\/vc\/wp-json\/wp\/v2\/media\/20829"}],"wp:attachment":[{"href":"https:\/\/dev.antudigital.cl\/sites\/vc\/wp-json\/wp\/v2\/media?parent=20828"}],"wp:term":[{"taxonomy":"category","embeddable":true,"href":"https:\/\/dev.antudigital.cl\/sites\/vc\/wp-json\/wp\/v2\/categories?post=20828"},{"taxonomy":"post_tag","embeddable":true,"href":"https:\/\/dev.antudigital.cl\/sites\/vc\/wp-json\/wp\/v2\/tags?post=20828"}],"curies":[{"name":"wp","href":"https:\/\/api.w.org\/{rel}","templated":true}]}}