{"id":20831,"date":"2024-10-22T00:13:43","date_gmt":"2024-10-22T00:13:43","guid":{"rendered":"https:\/\/www.valparaisocreativo.cl\/?p=20831"},"modified":"2024-10-22T00:14:02","modified_gmt":"2024-10-22T00:14:02","slug":"lab4-junto-a-etm-day","status":"publish","type":"post","link":"https:\/\/dev.antudigital.cl\/sites\/vc\/lab4-junto-a-etm-day\/","title":{"rendered":"LAB4+ junto a ETM Day"},"content":{"rendered":"\n<p>20 al 23 de noviembre 2024, Parque Bicentenario, Vitacura, Chile<\/p>\n\n\n\n<p>El Grupo T\u00e9cnico de Agencias de Promoci\u00f3n de la Alianza del Pac\u00edfico, compuesto por&nbsp;<strong>ProChile, ProColombia, Secretar\u00eda de Econom\u00eda de M\u00e9xico y PromPer\u00fa<\/strong>,&nbsp;realizar\u00e1 el XI Foro de Emprendimiento e Innovaci\u00f3n de la Alianza del Pac\u00edfico, LAB4+, el cual se llevar\u00e1 a cabo entre el 20 y 23 de noviembre de manera presencial.<\/p>\n\n\n\n<p>Este evento \u00edcono est\u00e1 dirigido a la exportaci\u00f3n de servicios basados en la tecnolog\u00eda e innovaci\u00f3n, y ser\u00e1 un punto de encuentro entre emprendedores, inversionistas, compradores y exportadores de la cadena productiva de industrias 4.0 de los pa\u00edses del bloque, y de terceros mercados. Con LAB4+, se busca posicionar a la Alianza del Pac\u00edfico como un bloque de integraci\u00f3n regional que promueve el emprendimiento, la innovaci\u00f3n y el comercio de servicios entre sus miembros, as\u00ed como explorar oportunidades comerciales con terceros mercados.<\/p>\n\n\n\n<p>El Foro contempla una rueda de negocios donde m\u00e1s de 100 empresas entre exportadoras de Chile, Colombia, M\u00e9xico y Per\u00fa, e importadores de los pa\u00edses de la Alianza del Pa\u00edfico y mercados priorizados, llevar\u00e1n a cabo citas de negocio. Adicionalmente, se contar\u00e1 conespacios acad\u00e9micos y una jornada de Sesiones de Pitch entre inversionistas del ecosistema innovador de los pa\u00edses del bloque, Europa y Norte Am\u00e9rica, interesados en los servicios y las innovaciones tecnol\u00f3gicas ofrecidas por emprendedores de los pa\u00edses de la Alianza del Pac\u00edfico.<\/p>\n\n\n\n<p>Acerca de Emprende tu Mente&nbsp;<\/p>\n\n\n\n<p>ETM&nbsp;es&nbsp;&nbsp;una corporaci\u00f3n sin fines de lucro que conecta a emprendedores y startups con l\u00edderes del mundo corporativo, para impulsar el desarrollo econ\u00f3mico y social de Chile y Latinoam\u00e9rica. Son los organizadores del evento EtMDay, el mayor encuentro de innovaci\u00f3n de la regi\u00f3n que se realiza anualmente en Santiago de Chile, raz\u00f3n por la cual ProChile ha decidido realizar LAB4 2024 en este contexto.&nbsp;&nbsp;&nbsp;&nbsp;<\/p>\n\n\n\n<h2 class=\"wp-block-heading\"><a href=\"https:\/\/alianza-pacifico.prochile.gob.cl\/es\/lab4-etm-day\">Conoce m\u00e1s aqu\u00ed.<\/a><\/h2>\n","protected":false},"excerpt":{"rendered":"<p>20 al 23 de noviembre 2024, Parque Bicentenario, Vitacura, Chile El Grupo T\u00e9cnico de Agencias de Promoci\u00f3n de la Alianza del Pac\u00edfico, compuesto por&nbsp;ProChile, ProColombia, Secretar\u00eda de Econom\u00eda de M\u00e9xico y PromPer\u00fa,&nbsp;realizar\u00e1 el XI Foro de Emprendimiento e Innovaci\u00f3n de la Alianza del Pac\u00edfico, LAB4+, el cual se llevar\u00e1 a cabo entre el 20 y [&hellip;]<\/p>\n","protected":false},"author":1,"featured_media":20832,"comment_status":"closed","ping_status":"closed","sticky":false,"template":"","format":"standard","meta":{"_acf_changed":false,"footnotes":""},"categories":[8],"tags":[],"class_list":["post-20831","post","type-post","status-publish","format-standard","has-post-thumbnail","hentry","category-noticia"],"acf":[],"yoast_head":"<!-- This site is optimized with the Yoast SEO plugin v27.1.1 - https:\/\/yoast.com\/product\/yoast-seo-wordpress\/ -->\n<title>LAB4+ junto a ETM Day - Valpara\u00ed\u00adso Creativo<\/title>\n<meta name=\"robots\" content=\"index, follow, max-snippet:-1, max-image-preview:large, max-video-preview:-1\" \/>\n<link rel=\"canonical\" href=\"https:\/\/dev.antudigital.cl\/sites\/vc\/lab4-junto-a-etm-day\/\" \/>\n<meta property=\"og:locale\" content=\"es_ES\" \/>\n<meta property=\"og:type\" content=\"article\" \/>\n<meta property=\"og:title\" content=\"LAB4+ junto a ETM Day - Valpara\u00ed\u00adso Creativo\" \/>\n<meta property=\"og:description\" content=\"20 al 23 de noviembre 2024, Parque Bicentenario, Vitacura, Chile El Grupo T\u00e9cnico de Agencias de Promoci\u00f3n de la Alianza del Pac\u00edfico, compuesto por&nbsp;ProChile, ProColombia, Secretar\u00eda de Econom\u00eda de M\u00e9xico y PromPer\u00fa,&nbsp;realizar\u00e1 el XI Foro de Emprendimiento e Innovaci\u00f3n de la Alianza del Pac\u00edfico, LAB4+, el cual se llevar\u00e1 a cabo entre el 20 y [&hellip;]\" \/>\n<meta property=\"og:url\" content=\"https:\/\/dev.antudigital.cl\/sites\/vc\/lab4-junto-a-etm-day\/\" \/>\n<meta property=\"og:site_name\" content=\"Valpara\u00ed\u00adso Creativo\" \/>\n<meta property=\"article:published_time\" content=\"2024-10-22T00:13:43+00:00\" \/>\n<meta property=\"article:modified_time\" content=\"2024-10-22T00:14:02+00:00\" \/>\n<meta property=\"og:image\" content=\"https:\/\/dev.antudigital.cl\/sites\/vc\/wp-content\/uploads\/2024\/10\/Captura-de-Pantalla-2024-10-21-a-las-21.11.53.png\" \/>\n\t<meta property=\"og:image:width\" content=\"1028\" \/>\n\t<meta property=\"og:image:height\" content=\"393\" \/>\n\t<meta property=\"og:image:type\" content=\"image\/png\" \/>\n<meta name=\"author\" content=\"Valpara\u00edso Creativo\" \/>\n<meta name=\"twitter:card\" content=\"summary_large_image\" \/>\n<meta name=\"twitter:label1\" content=\"Escrito por\" \/>\n\t<meta name=\"twitter:data1\" content=\"Valpara\u00edso Creativo\" \/>\n\t<meta name=\"twitter:label2\" content=\"Tiempo de lectura\" \/>\n\t<meta name=\"twitter:data2\" content=\"2 minutos\" \/>\n<script type=\"application\/ld+json\" class=\"yoast-schema-graph\">{\"@context\":\"https:\/\/schema.org\",\"@graph\":[{\"@type\":\"Article\",\"@id\":\"https:\/\/dev.antudigital.cl\/sites\/vc\/lab4-junto-a-etm-day\/#article\",\"isPartOf\":{\"@id\":\"https:\/\/dev.antudigital.cl\/sites\/vc\/lab4-junto-a-etm-day\/\"},\"author\":{\"name\":\"Valpara\u00edso Creativo\",\"@id\":\"https:\/\/dev.antudigital.cl\/sites\/vc\/#\/schema\/person\/c2b9da8dd545e27166fc5ab232837318\"},\"headline\":\"LAB4+ junto a ETM Day\",\"datePublished\":\"2024-10-22T00:13:43+00:00\",\"dateModified\":\"2024-10-22T00:14:02+00:00\",\"mainEntityOfPage\":{\"@id\":\"https:\/\/dev.antudigital.cl\/sites\/vc\/lab4-junto-a-etm-day\/\"},\"wordCount\":343,\"image\":{\"@id\":\"https:\/\/dev.antudigital.cl\/sites\/vc\/lab4-junto-a-etm-day\/#primaryimage\"},\"thumbnailUrl\":\"https:\/\/dev.antudigital.cl\/sites\/vc\/wp-content\/uploads\/2024\/10\/Captura-de-Pantalla-2024-10-21-a-las-21.11.53.png\",\"articleSection\":[\"Noticia\"],\"inLanguage\":\"es\"},{\"@type\":\"WebPage\",\"@id\":\"https:\/\/dev.antudigital.cl\/sites\/vc\/lab4-junto-a-etm-day\/\",\"url\":\"https:\/\/dev.antudigital.cl\/sites\/vc\/lab4-junto-a-etm-day\/\",\"name\":\"LAB4+ junto a ETM Day - Valpara\u00ed\u00adso Creativo\",\"isPartOf\":{\"@id\":\"https:\/\/dev.antudigital.cl\/sites\/vc\/#website\"},\"primaryImageOfPage\":{\"@id\":\"https:\/\/dev.antudigital.cl\/sites\/vc\/lab4-junto-a-etm-day\/#primaryimage\"},\"image\":{\"@id\":\"https:\/\/dev.antudigital.cl\/sites\/vc\/lab4-junto-a-etm-day\/#primaryimage\"},\"thumbnailUrl\":\"https:\/\/dev.antudigital.cl\/sites\/vc\/wp-content\/uploads\/2024\/10\/Captura-de-Pantalla-2024-10-21-a-las-21.11.53.png\",\"datePublished\":\"2024-10-22T00:13:43+00:00\",\"dateModified\":\"2024-10-22T00:14:02+00:00\",\"author\":{\"@id\":\"https:\/\/dev.antudigital.cl\/sites\/vc\/#\/schema\/person\/c2b9da8dd545e27166fc5ab232837318\"},\"breadcrumb\":{\"@id\":\"https:\/\/dev.antudigital.cl\/sites\/vc\/lab4-junto-a-etm-day\/#breadcrumb\"},\"inLanguage\":\"es\",\"potentialAction\":[{\"@type\":\"ReadAction\",\"target\":[\"https:\/\/dev.antudigital.cl\/sites\/vc\/lab4-junto-a-etm-day\/\"]}]},{\"@type\":\"ImageObject\",\"inLanguage\":\"es\",\"@id\":\"https:\/\/dev.antudigital.cl\/sites\/vc\/lab4-junto-a-etm-day\/#primaryimage\",\"url\":\"https:\/\/dev.antudigital.cl\/sites\/vc\/wp-content\/uploads\/2024\/10\/Captura-de-Pantalla-2024-10-21-a-las-21.11.53.png\",\"contentUrl\":\"https:\/\/dev.antudigital.cl\/sites\/vc\/wp-content\/uploads\/2024\/10\/Captura-de-Pantalla-2024-10-21-a-las-21.11.53.png\",\"width\":1028,\"height\":393},{\"@type\":\"BreadcrumbList\",\"@id\":\"https:\/\/dev.antudigital.cl\/sites\/vc\/lab4-junto-a-etm-day\/#breadcrumb\",\"itemListElement\":[{\"@type\":\"ListItem\",\"position\":1,\"name\":\"Home\",\"item\":\"https:\/\/dev.antudigital.cl\/sites\/vc\/\"},{\"@type\":\"ListItem\",\"position\":2,\"name\":\"LAB4+ junto a ETM Day\"}]},{\"@type\":\"WebSite\",\"@id\":\"https:\/\/dev.antudigital.cl\/sites\/vc\/#website\",\"url\":\"https:\/\/dev.antudigital.cl\/sites\/vc\/\",\"name\":\"Valpara\u00ed\u00adso Creativo\",\"description\":\"\",\"potentialAction\":[{\"@type\":\"SearchAction\",\"target\":{\"@type\":\"EntryPoint\",\"urlTemplate\":\"https:\/\/dev.antudigital.cl\/sites\/vc\/?s={search_term_string}\"},\"query-input\":{\"@type\":\"PropertyValueSpecification\",\"valueRequired\":true,\"valueName\":\"search_term_string\"}}],\"inLanguage\":\"es\"},{\"@type\":\"Person\",\"@id\":\"https:\/\/dev.antudigital.cl\/sites\/vc\/#\/schema\/person\/c2b9da8dd545e27166fc5ab232837318\",\"name\":\"Valpara\u00edso Creativo\",\"description\":\"Periodista de cultura en la Regi\u00f3n de Valpara\u00edso.\",\"url\":\"https:\/\/dev.antudigital.cl\/sites\/vc\/author\/valpoadmin\/\"}]}<\/script>\n<!-- \/ Yoast SEO plugin. -->","yoast_head_json":{"title":"LAB4+ junto a ETM Day - Valpara\u00ed\u00adso Creativo","robots":{"index":"index","follow":"follow","max-snippet":"max-snippet:-1","max-image-preview":"max-image-preview:large","max-video-preview":"max-video-preview:-1"},"canonical":"https:\/\/dev.antudigital.cl\/sites\/vc\/lab4-junto-a-etm-day\/","og_locale":"es_ES","og_type":"article","og_title":"LAB4+ junto a ETM Day - Valpara\u00ed\u00adso Creativo","og_description":"20 al 23 de noviembre 2024, Parque Bicentenario, Vitacura, Chile El Grupo T\u00e9cnico de Agencias de Promoci\u00f3n de la Alianza del Pac\u00edfico, compuesto por&nbsp;ProChile, ProColombia, Secretar\u00eda de Econom\u00eda de M\u00e9xico y PromPer\u00fa,&nbsp;realizar\u00e1 el XI Foro de Emprendimiento e Innovaci\u00f3n de la Alianza del Pac\u00edfico, LAB4+, el cual se llevar\u00e1 a cabo entre el 20 y [&hellip;]","og_url":"https:\/\/dev.antudigital.cl\/sites\/vc\/lab4-junto-a-etm-day\/","og_site_name":"Valpara\u00ed\u00adso Creativo","article_published_time":"2024-10-22T00:13:43+00:00","article_modified_time":"2024-10-22T00:14:02+00:00","og_image":[{"width":1028,"height":393,"url":"https:\/\/dev.antudigital.cl\/sites\/vc\/wp-content\/uploads\/2024\/10\/Captura-de-Pantalla-2024-10-21-a-las-21.11.53.png","type":"image\/png"}],"author":"Valpara\u00edso Creativo","twitter_card":"summary_large_image","twitter_misc":{"Escrito por":"Valpara\u00edso Creativo","Tiempo de lectura":"2 minutos"},"schema":{"@context":"https:\/\/schema.org","@graph":[{"@type":"Article","@id":"https:\/\/dev.antudigital.cl\/sites\/vc\/lab4-junto-a-etm-day\/#article","isPartOf":{"@id":"https:\/\/dev.antudigital.cl\/sites\/vc\/lab4-junto-a-etm-day\/"},"author":{"name":"Valpara\u00edso Creativo","@id":"https:\/\/dev.antudigital.cl\/sites\/vc\/#\/schema\/person\/c2b9da8dd545e27166fc5ab232837318"},"headline":"LAB4+ junto a ETM Day","datePublished":"2024-10-22T00:13:43+00:00","dateModified":"2024-10-22T00:14:02+00:00","mainEntityOfPage":{"@id":"https:\/\/dev.antudigital.cl\/sites\/vc\/lab4-junto-a-etm-day\/"},"wordCount":343,"image":{"@id":"https:\/\/dev.antudigital.cl\/sites\/vc\/lab4-junto-a-etm-day\/#primaryimage"},"thumbnailUrl":"https:\/\/dev.antudigital.cl\/sites\/vc\/wp-content\/uploads\/2024\/10\/Captura-de-Pantalla-2024-10-21-a-las-21.11.53.png","articleSection":["Noticia"],"inLanguage":"es"},{"@type":"WebPage","@id":"https:\/\/dev.antudigital.cl\/sites\/vc\/lab4-junto-a-etm-day\/","url":"https:\/\/dev.antudigital.cl\/sites\/vc\/lab4-junto-a-etm-day\/","name":"LAB4+ junto a ETM Day - Valpara\u00ed\u00adso Creativo","isPartOf":{"@id":"https:\/\/dev.antudigital.cl\/sites\/vc\/#website"},"primaryImageOfPage":{"@id":"https:\/\/dev.antudigital.cl\/sites\/vc\/lab4-junto-a-etm-day\/#primaryimage"},"image":{"@id":"https:\/\/dev.antudigital.cl\/sites\/vc\/lab4-junto-a-etm-day\/#primaryimage"},"thumbnailUrl":"https:\/\/dev.antudigital.cl\/sites\/vc\/wp-content\/uploads\/2024\/10\/Captura-de-Pantalla-2024-10-21-a-las-21.11.53.png","datePublished":"2024-10-22T00:13:43+00:00","dateModified":"2024-10-22T00:14:02+00:00","author":{"@id":"https:\/\/dev.antudigital.cl\/sites\/vc\/#\/schema\/person\/c2b9da8dd545e27166fc5ab232837318"},"breadcrumb":{"@id":"https:\/\/dev.antudigital.cl\/sites\/vc\/lab4-junto-a-etm-day\/#breadcrumb"},"inLanguage":"es","potentialAction":[{"@type":"ReadAction","target":["https:\/\/dev.antudigital.cl\/sites\/vc\/lab4-junto-a-etm-day\/"]}]},{"@type":"ImageObject","inLanguage":"es","@id":"https:\/\/dev.antudigital.cl\/sites\/vc\/lab4-junto-a-etm-day\/#primaryimage","url":"https:\/\/dev.antudigital.cl\/sites\/vc\/wp-content\/uploads\/2024\/10\/Captura-de-Pantalla-2024-10-21-a-las-21.11.53.png","contentUrl":"https:\/\/dev.antudigital.cl\/sites\/vc\/wp-content\/uploads\/2024\/10\/Captura-de-Pantalla-2024-10-21-a-las-21.11.53.png","width":1028,"height":393},{"@type":"BreadcrumbList","@id":"https:\/\/dev.antudigital.cl\/sites\/vc\/lab4-junto-a-etm-day\/#breadcrumb","itemListElement":[{"@type":"ListItem","position":1,"name":"Home","item":"https:\/\/dev.antudigital.cl\/sites\/vc\/"},{"@type":"ListItem","position":2,"name":"LAB4+ junto a ETM Day"}]},{"@type":"WebSite","@id":"https:\/\/dev.antudigital.cl\/sites\/vc\/#website","url":"https:\/\/dev.antudigital.cl\/sites\/vc\/","name":"Valpara\u00ed\u00adso Creativo","description":"","potentialAction":[{"@type":"SearchAction","target":{"@type":"EntryPoint","urlTemplate":"https:\/\/dev.antudigital.cl\/sites\/vc\/?s={search_term_string}"},"query-input":{"@type":"PropertyValueSpecification","valueRequired":true,"valueName":"search_term_string"}}],"inLanguage":"es"},{"@type":"Person","@id":"https:\/\/dev.antudigital.cl\/sites\/vc\/#\/schema\/person\/c2b9da8dd545e27166fc5ab232837318","name":"Valpara\u00edso Creativo","description":"Periodista de cultura en la Regi\u00f3n de Valpara\u00edso.","url":"https:\/\/dev.antudigital.cl\/sites\/vc\/author\/valpoadmin\/"}]}},"_links":{"self":[{"href":"https:\/\/dev.antudigital.cl\/sites\/vc\/wp-json\/wp\/v2\/posts\/20831","targetHints":{"allow":["GET"]}}],"collection":[{"href":"https:\/\/dev.antudigital.cl\/sites\/vc\/wp-json\/wp\/v2\/posts"}],"about":[{"href":"https:\/\/dev.antudigital.cl\/sites\/vc\/wp-json\/wp\/v2\/types\/post"}],"author":[{"embeddable":true,"href":"https:\/\/dev.antudigital.cl\/sites\/vc\/wp-json\/wp\/v2\/users\/1"}],"replies":[{"embeddable":true,"href":"https:\/\/dev.antudigital.cl\/sites\/vc\/wp-json\/wp\/v2\/comments?post=20831"}],"version-history":[{"count":1,"href":"https:\/\/dev.antudigital.cl\/sites\/vc\/wp-json\/wp\/v2\/posts\/20831\/revisions"}],"predecessor-version":[{"id":20833,"href":"https:\/\/dev.antudigital.cl\/sites\/vc\/wp-json\/wp\/v2\/posts\/20831\/revisions\/20833"}],"wp:featuredmedia":[{"embeddable":true,"href":"https:\/\/dev.antudigital.cl\/sites\/vc\/wp-json\/wp\/v2\/media\/20832"}],"wp:attachment":[{"href":"https:\/\/dev.antudigital.cl\/sites\/vc\/wp-json\/wp\/v2\/media?parent=20831"}],"wp:term":[{"taxonomy":"category","embeddable":true,"href":"https:\/\/dev.antudigital.cl\/sites\/vc\/wp-json\/wp\/v2\/categories?post=20831"},{"taxonomy":"post_tag","embeddable":true,"href":"https:\/\/dev.antudigital.cl\/sites\/vc\/wp-json\/wp\/v2\/tags?post=20831"}],"curies":[{"name":"wp","href":"https:\/\/api.w.org\/{rel}","templated":true}]}}