{"id":20837,"date":"2024-10-22T00:25:14","date_gmt":"2024-10-22T00:25:14","guid":{"rendered":"https:\/\/www.valparaisocreativo.cl\/?p=20837"},"modified":"2024-10-22T00:25:31","modified_gmt":"2024-10-22T00:25:31","slug":"convocatoria-premio-a-la-musica-nacional-presidente-de-la-republica-2024","status":"publish","type":"post","link":"https:\/\/dev.antudigital.cl\/sites\/vc\/convocatoria-premio-a-la-musica-nacional-presidente-de-la-republica-2024\/","title":{"rendered":"Convocatoria Premio a la M\u00fasica Nacional Presidente de la Rep\u00fablica 2024"},"content":{"rendered":"\n<p>Hasta el 4 de noviembre 2024.<\/p>\n\n\n\n<p>El Ministerio de las Culturas, las Artes y el Patrimonio, junto al Consejo de Fomento de la M\u00fasica Nacional, abren la convocatoria para postular al&nbsp;<strong>Premio a la M\u00fasica Nacional Presidente de la Rep\u00fablica 2024<\/strong>.<\/p>\n\n\n\n<p>\u00c9ste reconoce la obra y trabajo de las y los postulantes que, por su excelencia, creatividad, labor destacada y aporte trascendente al repertorio de la M\u00fasica Nacional, se hagan acreedores de este galard\u00f3n en los tres g\u00e9neros musicales reconocidos en la&nbsp;<a href=\"https:\/\/www.bcn.cl\/leychile\/navegar?idNorma=220680\" target=\"_blank\" rel=\"noreferrer noopener\">legislaci\u00f3n nacional<\/a>&nbsp;(M\u00fasica Popular, Docta y de Ra\u00edz folkl\u00f3rica y tradici\u00f3n oral), adem\u00e1s de contemplar dos reconocimientos en las categor\u00edas de Edici\u00f3n Musical y Producci\u00f3n Fonogr\u00e1fica.<\/p>\n\n\n\n<p>En las cinco categor\u00edas, los\/las ganadores\/as recibir\u00e1n un diploma firmado por el Presidente de la Rep\u00fablica. En el caso de las tres categor\u00edas de g\u00e9neros musicales (popular, docta y de ra\u00edz folkl\u00f3rica), el galard\u00f3n contempla adem\u00e1s la entrega de 270 UTM. El premio ser\u00e1 dirimido por el Consejo de Fomento de la M\u00fasica Nacional.<\/p>\n\n\n\n<h2 class=\"wp-block-heading\">Postulaciones<\/h2>\n\n\n\n<p>Las postulaciones deben ser presentadas s\u00f3lo por terceras personas, naturales o jur\u00eddicas, siguiendo estos pasos:<\/p>\n\n\n\n<ol class=\"wp-block-list\">\n<li>Ingresar a la plataforma de postulaci\u00f3n en\u00a0<a href=\"https:\/\/clave.fondosdecultura.cl\/\">https:\/\/clave.fondosdecultura.cl\/<\/a><\/li>\n\n\n\n<li>Si est\u00e1 registrado,\u00a0<strong>ingrese su RUT y contrase\u00f1a.<\/strong><\/li>\n\n\n\n<li>Si no est\u00e1 registrado, ingrese a\u00a0<strong>\u201cSi a\u00fan no has creado tu cuenta Ingresa aqu\u00ed\u201d\u00a0<\/strong>y cree su cuenta.<\/li>\n\n\n\n<li>Posteriormente, dir\u00edjase a\u00a0<strong>\u201cTu Perfil\u201d\u00a0<\/strong>y complete los datos indicados.<\/li>\n\n\n\n<li>Filtre a\u00f1o\u00a0<strong>2024<\/strong><\/li>\n\n\n\n<li>Fondo:\u00a0<strong>Consejo de Fomento de la M\u00fasica Nacional<\/strong><\/li>\n\n\n\n<li>L\u00ednea:\u00a0<strong>Premio Presidente de la Rep\u00fablica<\/strong>.<\/li>\n\n\n\n<li>Modalidad:\u00a0<strong>\u00fanica<\/strong>.<\/li>\n\n\n\n<li>Complete los datos del formulario.\u00a0<strong>La postulaci\u00f3n debe llevar como t\u00edtulo\u00a0el nombre del candidato postulado y la categor\u00eda<\/strong><\/li>\n\n\n\n<li>Adjunte los documentos solicitados<\/li>\n\n\n\n<li>Env\u00ede su postulaci\u00f3n.<\/li>\n<\/ol>\n\n\n\n<h2 class=\"wp-block-heading\">Documentos solicitados<\/h2>\n\n\n\n<p>Para las menciones&nbsp;<strong>M\u00fasica Popular, Docta, Ra\u00edz Folkl\u00f3rica, Mejor Editor musical y Mejor Productor fonogr\u00e1fico<\/strong>, se debe presentar la siguiente documentaci\u00f3n:<\/p>\n\n\n\n<ul class=\"wp-block-list\">\n<li>Una carta de presentaci\u00f3n en la que se fundamenten las razones que justifican la postulaci\u00f3n de la candidatura en cuanto a:\n<ul class=\"wp-block-list\">\n<li>Excelencia en lo art\u00edstico<\/li>\n\n\n\n<li>Creatividad<\/li>\n\n\n\n<li>Destacada labor<\/li>\n\n\n\n<li>Aporte trascendente a las artes esc\u00e9nicas<\/li>\n<\/ul>\n<\/li>\n\n\n\n<li>Un curr\u00edculum se\u00f1alando los hechos m\u00e1s relevantes de, al menos los \u00faltimos 15 a\u00f1os de actividad en la disciplina a la cual la persona es postulada.<\/li>\n\n\n\n<li>Un dossier o bit\u00e1cora que d\u00e9 cuenta de la informaci\u00f3n entregada en el curr\u00edculum, incluyendo fotograf\u00edas, recortes de prensa, certificados, reconocimientos, entre otros materiales. Opcionalmente se puede complementar con cartas de apoyo.<\/li>\n<\/ul>\n\n\n\n<p><strong>En caso de dudas, enviar sus preguntas al correo&nbsp;<a href=\"mailto:fondodelamusica@cultura.gob.cl\">fondodelamusica@cultura.gob.cl<\/a>.<\/strong><\/p>\n\n\n\n<h2 class=\"wp-block-heading\"><a href=\"https:\/\/www.fondosdecultura.cl\/premio-musica-nacional-presidente-republica-2024\/\">Requisitos, bases y m\u00e1s en el siguiente enlace.<\/a><\/h2>\n\n\n\n<figure class=\"wp-block-image size-full\"><img fetchpriority=\"high\" decoding=\"async\" width=\"619\" height=\"622\" src=\"https:\/\/www.valparaisocreativo.cl\/wp-content\/uploads\/2024\/10\/Captura-de-Pantalla-2024-10-21-a-las-21.24.05.png\" alt=\"\" class=\"wp-image-20838\" srcset=\"https:\/\/dev.antudigital.cl\/sites\/vc\/wp-content\/uploads\/2024\/10\/Captura-de-Pantalla-2024-10-21-a-las-21.24.05.png 619w, https:\/\/dev.antudigital.cl\/sites\/vc\/wp-content\/uploads\/2024\/10\/Captura-de-Pantalla-2024-10-21-a-las-21.24.05-300x300.png 300w, https:\/\/dev.antudigital.cl\/sites\/vc\/wp-content\/uploads\/2024\/10\/Captura-de-Pantalla-2024-10-21-a-las-21.24.05-150x150.png 150w, https:\/\/dev.antudigital.cl\/sites\/vc\/wp-content\/uploads\/2024\/10\/Captura-de-Pantalla-2024-10-21-a-las-21.24.05-480x482.png 480w, https:\/\/dev.antudigital.cl\/sites\/vc\/wp-content\/uploads\/2024\/10\/Captura-de-Pantalla-2024-10-21-a-las-21.24.05-24x24.png 24w, https:\/\/dev.antudigital.cl\/sites\/vc\/wp-content\/uploads\/2024\/10\/Captura-de-Pantalla-2024-10-21-a-las-21.24.05-36x36.png 36w, https:\/\/dev.antudigital.cl\/sites\/vc\/wp-content\/uploads\/2024\/10\/Captura-de-Pantalla-2024-10-21-a-las-21.24.05-48x48.png 48w\" sizes=\"(max-width: 619px) 100vw, 619px\" \/><\/figure>\n","protected":false},"excerpt":{"rendered":"<p>Hasta el 4 de noviembre 2024. El Ministerio de las Culturas, las Artes y el Patrimonio, junto al Consejo de Fomento de la M\u00fasica Nacional, abren la convocatoria para postular al&nbsp;Premio a la M\u00fasica Nacional Presidente de la Rep\u00fablica 2024. \u00c9ste reconoce la obra y trabajo de las y los postulantes que, por su excelencia, [&hellip;]<\/p>\n","protected":false},"author":1,"featured_media":20835,"comment_status":"closed","ping_status":"closed","sticky":false,"template":"","format":"standard","meta":{"_acf_changed":false,"footnotes":""},"categories":[8],"tags":[],"class_list":["post-20837","post","type-post","status-publish","format-standard","has-post-thumbnail","hentry","category-noticia"],"acf":[],"yoast_head":"<!-- This site is optimized with the Yoast SEO plugin v27.1.1 - https:\/\/yoast.com\/product\/yoast-seo-wordpress\/ -->\n<title>Convocatoria Premio a la M\u00fasica Nacional Presidente de la Rep\u00fablica 2024 - Valpara\u00ed\u00adso Creativo<\/title>\n<meta name=\"robots\" content=\"index, follow, max-snippet:-1, max-image-preview:large, max-video-preview:-1\" \/>\n<link rel=\"canonical\" href=\"https:\/\/dev.antudigital.cl\/sites\/vc\/convocatoria-premio-a-la-musica-nacional-presidente-de-la-republica-2024\/\" \/>\n<meta property=\"og:locale\" content=\"es_ES\" \/>\n<meta property=\"og:type\" content=\"article\" \/>\n<meta property=\"og:title\" content=\"Convocatoria Premio a la M\u00fasica Nacional Presidente de la Rep\u00fablica 2024 - Valpara\u00ed\u00adso Creativo\" \/>\n<meta property=\"og:description\" content=\"Hasta el 4 de noviembre 2024. El Ministerio de las Culturas, las Artes y el Patrimonio, junto al Consejo de Fomento de la M\u00fasica Nacional, abren la convocatoria para postular al&nbsp;Premio a la M\u00fasica Nacional Presidente de la Rep\u00fablica 2024. \u00c9ste reconoce la obra y trabajo de las y los postulantes que, por su excelencia, [&hellip;]\" \/>\n<meta property=\"og:url\" content=\"https:\/\/dev.antudigital.cl\/sites\/vc\/convocatoria-premio-a-la-musica-nacional-presidente-de-la-republica-2024\/\" \/>\n<meta property=\"og:site_name\" content=\"Valpara\u00ed\u00adso Creativo\" \/>\n<meta property=\"article:published_time\" content=\"2024-10-22T00:25:14+00:00\" \/>\n<meta property=\"article:modified_time\" content=\"2024-10-22T00:25:31+00:00\" \/>\n<meta property=\"og:image\" content=\"https:\/\/dev.antudigital.cl\/sites\/vc\/wp-content\/uploads\/2024\/10\/Captura-de-Pantalla-2024-10-21-a-las-21.21.00.png\" \/>\n\t<meta property=\"og:image:width\" content=\"898\" \/>\n\t<meta property=\"og:image:height\" content=\"186\" \/>\n\t<meta property=\"og:image:type\" content=\"image\/png\" \/>\n<meta name=\"author\" content=\"Valpara\u00edso Creativo\" \/>\n<meta name=\"twitter:card\" content=\"summary_large_image\" \/>\n<meta name=\"twitter:label1\" content=\"Escrito por\" \/>\n\t<meta name=\"twitter:data1\" content=\"Valpara\u00edso Creativo\" \/>\n\t<meta name=\"twitter:label2\" content=\"Tiempo de lectura\" \/>\n\t<meta name=\"twitter:data2\" content=\"3 minutos\" \/>\n<script type=\"application\/ld+json\" class=\"yoast-schema-graph\">{\"@context\":\"https:\/\/schema.org\",\"@graph\":[{\"@type\":\"Article\",\"@id\":\"https:\/\/dev.antudigital.cl\/sites\/vc\/convocatoria-premio-a-la-musica-nacional-presidente-de-la-republica-2024\/#article\",\"isPartOf\":{\"@id\":\"https:\/\/dev.antudigital.cl\/sites\/vc\/convocatoria-premio-a-la-musica-nacional-presidente-de-la-republica-2024\/\"},\"author\":{\"name\":\"Valpara\u00edso Creativo\",\"@id\":\"https:\/\/dev.antudigital.cl\/sites\/vc\/#\/schema\/person\/c2b9da8dd545e27166fc5ab232837318\"},\"headline\":\"Convocatoria Premio a la M\u00fasica Nacional Presidente de la Rep\u00fablica 2024\",\"datePublished\":\"2024-10-22T00:25:14+00:00\",\"dateModified\":\"2024-10-22T00:25:31+00:00\",\"mainEntityOfPage\":{\"@id\":\"https:\/\/dev.antudigital.cl\/sites\/vc\/convocatoria-premio-a-la-musica-nacional-presidente-de-la-republica-2024\/\"},\"wordCount\":479,\"image\":{\"@id\":\"https:\/\/dev.antudigital.cl\/sites\/vc\/convocatoria-premio-a-la-musica-nacional-presidente-de-la-republica-2024\/#primaryimage\"},\"thumbnailUrl\":\"https:\/\/dev.antudigital.cl\/sites\/vc\/wp-content\/uploads\/2024\/10\/Captura-de-Pantalla-2024-10-21-a-las-21.21.00.png\",\"articleSection\":[\"Noticia\"],\"inLanguage\":\"es\"},{\"@type\":\"WebPage\",\"@id\":\"https:\/\/dev.antudigital.cl\/sites\/vc\/convocatoria-premio-a-la-musica-nacional-presidente-de-la-republica-2024\/\",\"url\":\"https:\/\/dev.antudigital.cl\/sites\/vc\/convocatoria-premio-a-la-musica-nacional-presidente-de-la-republica-2024\/\",\"name\":\"Convocatoria Premio a la M\u00fasica Nacional Presidente de la Rep\u00fablica 2024 - Valpara\u00ed\u00adso Creativo\",\"isPartOf\":{\"@id\":\"https:\/\/dev.antudigital.cl\/sites\/vc\/#website\"},\"primaryImageOfPage\":{\"@id\":\"https:\/\/dev.antudigital.cl\/sites\/vc\/convocatoria-premio-a-la-musica-nacional-presidente-de-la-republica-2024\/#primaryimage\"},\"image\":{\"@id\":\"https:\/\/dev.antudigital.cl\/sites\/vc\/convocatoria-premio-a-la-musica-nacional-presidente-de-la-republica-2024\/#primaryimage\"},\"thumbnailUrl\":\"https:\/\/dev.antudigital.cl\/sites\/vc\/wp-content\/uploads\/2024\/10\/Captura-de-Pantalla-2024-10-21-a-las-21.21.00.png\",\"datePublished\":\"2024-10-22T00:25:14+00:00\",\"dateModified\":\"2024-10-22T00:25:31+00:00\",\"author\":{\"@id\":\"https:\/\/dev.antudigital.cl\/sites\/vc\/#\/schema\/person\/c2b9da8dd545e27166fc5ab232837318\"},\"breadcrumb\":{\"@id\":\"https:\/\/dev.antudigital.cl\/sites\/vc\/convocatoria-premio-a-la-musica-nacional-presidente-de-la-republica-2024\/#breadcrumb\"},\"inLanguage\":\"es\",\"potentialAction\":[{\"@type\":\"ReadAction\",\"target\":[\"https:\/\/dev.antudigital.cl\/sites\/vc\/convocatoria-premio-a-la-musica-nacional-presidente-de-la-republica-2024\/\"]}]},{\"@type\":\"ImageObject\",\"inLanguage\":\"es\",\"@id\":\"https:\/\/dev.antudigital.cl\/sites\/vc\/convocatoria-premio-a-la-musica-nacional-presidente-de-la-republica-2024\/#primaryimage\",\"url\":\"https:\/\/dev.antudigital.cl\/sites\/vc\/wp-content\/uploads\/2024\/10\/Captura-de-Pantalla-2024-10-21-a-las-21.21.00.png\",\"contentUrl\":\"https:\/\/dev.antudigital.cl\/sites\/vc\/wp-content\/uploads\/2024\/10\/Captura-de-Pantalla-2024-10-21-a-las-21.21.00.png\",\"width\":898,\"height\":186},{\"@type\":\"BreadcrumbList\",\"@id\":\"https:\/\/dev.antudigital.cl\/sites\/vc\/convocatoria-premio-a-la-musica-nacional-presidente-de-la-republica-2024\/#breadcrumb\",\"itemListElement\":[{\"@type\":\"ListItem\",\"position\":1,\"name\":\"Home\",\"item\":\"https:\/\/dev.antudigital.cl\/sites\/vc\/\"},{\"@type\":\"ListItem\",\"position\":2,\"name\":\"Convocatoria Premio a la M\u00fasica Nacional Presidente de la Rep\u00fablica 2024\"}]},{\"@type\":\"WebSite\",\"@id\":\"https:\/\/dev.antudigital.cl\/sites\/vc\/#website\",\"url\":\"https:\/\/dev.antudigital.cl\/sites\/vc\/\",\"name\":\"Valpara\u00ed\u00adso Creativo\",\"description\":\"\",\"potentialAction\":[{\"@type\":\"SearchAction\",\"target\":{\"@type\":\"EntryPoint\",\"urlTemplate\":\"https:\/\/dev.antudigital.cl\/sites\/vc\/?s={search_term_string}\"},\"query-input\":{\"@type\":\"PropertyValueSpecification\",\"valueRequired\":true,\"valueName\":\"search_term_string\"}}],\"inLanguage\":\"es\"},{\"@type\":\"Person\",\"@id\":\"https:\/\/dev.antudigital.cl\/sites\/vc\/#\/schema\/person\/c2b9da8dd545e27166fc5ab232837318\",\"name\":\"Valpara\u00edso Creativo\",\"description\":\"Periodista de cultura en la Regi\u00f3n de Valpara\u00edso.\",\"url\":\"https:\/\/dev.antudigital.cl\/sites\/vc\/author\/valpoadmin\/\"}]}<\/script>\n<!-- \/ Yoast SEO plugin. -->","yoast_head_json":{"title":"Convocatoria Premio a la M\u00fasica Nacional Presidente de la Rep\u00fablica 2024 - Valpara\u00ed\u00adso Creativo","robots":{"index":"index","follow":"follow","max-snippet":"max-snippet:-1","max-image-preview":"max-image-preview:large","max-video-preview":"max-video-preview:-1"},"canonical":"https:\/\/dev.antudigital.cl\/sites\/vc\/convocatoria-premio-a-la-musica-nacional-presidente-de-la-republica-2024\/","og_locale":"es_ES","og_type":"article","og_title":"Convocatoria Premio a la M\u00fasica Nacional Presidente de la Rep\u00fablica 2024 - Valpara\u00ed\u00adso Creativo","og_description":"Hasta el 4 de noviembre 2024. El Ministerio de las Culturas, las Artes y el Patrimonio, junto al Consejo de Fomento de la M\u00fasica Nacional, abren la convocatoria para postular al&nbsp;Premio a la M\u00fasica Nacional Presidente de la Rep\u00fablica 2024. \u00c9ste reconoce la obra y trabajo de las y los postulantes que, por su excelencia, [&hellip;]","og_url":"https:\/\/dev.antudigital.cl\/sites\/vc\/convocatoria-premio-a-la-musica-nacional-presidente-de-la-republica-2024\/","og_site_name":"Valpara\u00ed\u00adso Creativo","article_published_time":"2024-10-22T00:25:14+00:00","article_modified_time":"2024-10-22T00:25:31+00:00","og_image":[{"width":898,"height":186,"url":"https:\/\/dev.antudigital.cl\/sites\/vc\/wp-content\/uploads\/2024\/10\/Captura-de-Pantalla-2024-10-21-a-las-21.21.00.png","type":"image\/png"}],"author":"Valpara\u00edso Creativo","twitter_card":"summary_large_image","twitter_misc":{"Escrito por":"Valpara\u00edso Creativo","Tiempo de lectura":"3 minutos"},"schema":{"@context":"https:\/\/schema.org","@graph":[{"@type":"Article","@id":"https:\/\/dev.antudigital.cl\/sites\/vc\/convocatoria-premio-a-la-musica-nacional-presidente-de-la-republica-2024\/#article","isPartOf":{"@id":"https:\/\/dev.antudigital.cl\/sites\/vc\/convocatoria-premio-a-la-musica-nacional-presidente-de-la-republica-2024\/"},"author":{"name":"Valpara\u00edso Creativo","@id":"https:\/\/dev.antudigital.cl\/sites\/vc\/#\/schema\/person\/c2b9da8dd545e27166fc5ab232837318"},"headline":"Convocatoria Premio a la M\u00fasica Nacional Presidente de la Rep\u00fablica 2024","datePublished":"2024-10-22T00:25:14+00:00","dateModified":"2024-10-22T00:25:31+00:00","mainEntityOfPage":{"@id":"https:\/\/dev.antudigital.cl\/sites\/vc\/convocatoria-premio-a-la-musica-nacional-presidente-de-la-republica-2024\/"},"wordCount":479,"image":{"@id":"https:\/\/dev.antudigital.cl\/sites\/vc\/convocatoria-premio-a-la-musica-nacional-presidente-de-la-republica-2024\/#primaryimage"},"thumbnailUrl":"https:\/\/dev.antudigital.cl\/sites\/vc\/wp-content\/uploads\/2024\/10\/Captura-de-Pantalla-2024-10-21-a-las-21.21.00.png","articleSection":["Noticia"],"inLanguage":"es"},{"@type":"WebPage","@id":"https:\/\/dev.antudigital.cl\/sites\/vc\/convocatoria-premio-a-la-musica-nacional-presidente-de-la-republica-2024\/","url":"https:\/\/dev.antudigital.cl\/sites\/vc\/convocatoria-premio-a-la-musica-nacional-presidente-de-la-republica-2024\/","name":"Convocatoria Premio a la M\u00fasica Nacional Presidente de la Rep\u00fablica 2024 - Valpara\u00ed\u00adso Creativo","isPartOf":{"@id":"https:\/\/dev.antudigital.cl\/sites\/vc\/#website"},"primaryImageOfPage":{"@id":"https:\/\/dev.antudigital.cl\/sites\/vc\/convocatoria-premio-a-la-musica-nacional-presidente-de-la-republica-2024\/#primaryimage"},"image":{"@id":"https:\/\/dev.antudigital.cl\/sites\/vc\/convocatoria-premio-a-la-musica-nacional-presidente-de-la-republica-2024\/#primaryimage"},"thumbnailUrl":"https:\/\/dev.antudigital.cl\/sites\/vc\/wp-content\/uploads\/2024\/10\/Captura-de-Pantalla-2024-10-21-a-las-21.21.00.png","datePublished":"2024-10-22T00:25:14+00:00","dateModified":"2024-10-22T00:25:31+00:00","author":{"@id":"https:\/\/dev.antudigital.cl\/sites\/vc\/#\/schema\/person\/c2b9da8dd545e27166fc5ab232837318"},"breadcrumb":{"@id":"https:\/\/dev.antudigital.cl\/sites\/vc\/convocatoria-premio-a-la-musica-nacional-presidente-de-la-republica-2024\/#breadcrumb"},"inLanguage":"es","potentialAction":[{"@type":"ReadAction","target":["https:\/\/dev.antudigital.cl\/sites\/vc\/convocatoria-premio-a-la-musica-nacional-presidente-de-la-republica-2024\/"]}]},{"@type":"ImageObject","inLanguage":"es","@id":"https:\/\/dev.antudigital.cl\/sites\/vc\/convocatoria-premio-a-la-musica-nacional-presidente-de-la-republica-2024\/#primaryimage","url":"https:\/\/dev.antudigital.cl\/sites\/vc\/wp-content\/uploads\/2024\/10\/Captura-de-Pantalla-2024-10-21-a-las-21.21.00.png","contentUrl":"https:\/\/dev.antudigital.cl\/sites\/vc\/wp-content\/uploads\/2024\/10\/Captura-de-Pantalla-2024-10-21-a-las-21.21.00.png","width":898,"height":186},{"@type":"BreadcrumbList","@id":"https:\/\/dev.antudigital.cl\/sites\/vc\/convocatoria-premio-a-la-musica-nacional-presidente-de-la-republica-2024\/#breadcrumb","itemListElement":[{"@type":"ListItem","position":1,"name":"Home","item":"https:\/\/dev.antudigital.cl\/sites\/vc\/"},{"@type":"ListItem","position":2,"name":"Convocatoria Premio a la M\u00fasica Nacional Presidente de la Rep\u00fablica 2024"}]},{"@type":"WebSite","@id":"https:\/\/dev.antudigital.cl\/sites\/vc\/#website","url":"https:\/\/dev.antudigital.cl\/sites\/vc\/","name":"Valpara\u00ed\u00adso Creativo","description":"","potentialAction":[{"@type":"SearchAction","target":{"@type":"EntryPoint","urlTemplate":"https:\/\/dev.antudigital.cl\/sites\/vc\/?s={search_term_string}"},"query-input":{"@type":"PropertyValueSpecification","valueRequired":true,"valueName":"search_term_string"}}],"inLanguage":"es"},{"@type":"Person","@id":"https:\/\/dev.antudigital.cl\/sites\/vc\/#\/schema\/person\/c2b9da8dd545e27166fc5ab232837318","name":"Valpara\u00edso Creativo","description":"Periodista de cultura en la Regi\u00f3n de Valpara\u00edso.","url":"https:\/\/dev.antudigital.cl\/sites\/vc\/author\/valpoadmin\/"}]}},"_links":{"self":[{"href":"https:\/\/dev.antudigital.cl\/sites\/vc\/wp-json\/wp\/v2\/posts\/20837","targetHints":{"allow":["GET"]}}],"collection":[{"href":"https:\/\/dev.antudigital.cl\/sites\/vc\/wp-json\/wp\/v2\/posts"}],"about":[{"href":"https:\/\/dev.antudigital.cl\/sites\/vc\/wp-json\/wp\/v2\/types\/post"}],"author":[{"embeddable":true,"href":"https:\/\/dev.antudigital.cl\/sites\/vc\/wp-json\/wp\/v2\/users\/1"}],"replies":[{"embeddable":true,"href":"https:\/\/dev.antudigital.cl\/sites\/vc\/wp-json\/wp\/v2\/comments?post=20837"}],"version-history":[{"count":1,"href":"https:\/\/dev.antudigital.cl\/sites\/vc\/wp-json\/wp\/v2\/posts\/20837\/revisions"}],"predecessor-version":[{"id":20839,"href":"https:\/\/dev.antudigital.cl\/sites\/vc\/wp-json\/wp\/v2\/posts\/20837\/revisions\/20839"}],"wp:featuredmedia":[{"embeddable":true,"href":"https:\/\/dev.antudigital.cl\/sites\/vc\/wp-json\/wp\/v2\/media\/20835"}],"wp:attachment":[{"href":"https:\/\/dev.antudigital.cl\/sites\/vc\/wp-json\/wp\/v2\/media?parent=20837"}],"wp:term":[{"taxonomy":"category","embeddable":true,"href":"https:\/\/dev.antudigital.cl\/sites\/vc\/wp-json\/wp\/v2\/categories?post=20837"},{"taxonomy":"post_tag","embeddable":true,"href":"https:\/\/dev.antudigital.cl\/sites\/vc\/wp-json\/wp\/v2\/tags?post=20837"}],"curies":[{"name":"wp","href":"https:\/\/api.w.org\/{rel}","templated":true}]}}