{"id":20898,"date":"2024-10-28T19:28:31","date_gmt":"2024-10-28T19:28:31","guid":{"rendered":"https:\/\/www.valparaisocreativo.cl\/?p=20898"},"modified":"2024-10-28T19:28:48","modified_gmt":"2024-10-28T19:28:48","slug":"insomnia-celebra-su-aniversario-con-funciones-de-35-mm-de-violeta-se-fue-a-los-cielos-el-espinazo-del-diablo-y-funcion-especial-de-halloween","status":"publish","type":"post","link":"https:\/\/dev.antudigital.cl\/sites\/vc\/insomnia-celebra-su-aniversario-con-funciones-de-35-mm-de-violeta-se-fue-a-los-cielos-el-espinazo-del-diablo-y-funcion-especial-de-halloween\/","title":{"rendered":"INSOMNIA celebra su aniversario con funciones de 35 mm de Violeta se fue a los cielos, El espinazo del Diablo y funci\u00f3n especial de Halloween"},"content":{"rendered":"\n<p>En el marco de las celebraciones por el Aniversario de INSOMNIA Teatro Condell, este martes 29 de octubre se realizar\u00e1n dos proyecciones en 35 mm que permitir\u00e1n vivir por primera vez las pel\u00edculas \u201cVioleta se fue a los cielos\u201d (Andr\u00e9s Wood) y \u201cEl espinazo del diablo\u201d (Guillermo del Toro) con toda la magia del cine. Ambas funciones son gratuitas y s\u00f3lo tienen restricci\u00f3n de edad: Violeta se fue a los cielos se proyecta en el marco del cine club Espectadores con Experiencia a las 10:30 am.; por lo tanto, es una funci\u00f3n exclusiva para personas mayores de 60 a\u00f1os y El espinazo del Diablo tiene una calificaci\u00f3n para mayores de 14 a\u00f1os. Posteriormente, el jueves 31 de octubre a las 19:30 horas se realizar\u00e1 un evento especial de Halloween con m\u00fasica y sorpresas para el p\u00fablico.<\/p>\n\n\n\n<p>Leonardo Torres, director de INSOMNIA Teatro Condell, explic\u00f3 que en esta celebraci\u00f3n: \u201cestamos ante la v\u00edspera de nuestros 20 a\u00f1os, un hito para cualquier espacio cultural en Chile. Con todas las dificultades que enfrentamos para seguir de pie, es una fecha muy significativa para todo nuestro equipo y para la ciudad de Valpara\u00edso. Este Aniversario 19 lo celebramos con ese \u00edmpetu, estando un paso m\u00e1s cerca de los 20, por eso hemos querido integrar elementos ic\u00f3nicos de la historia del cine, como las funciones en 35 mm, con premios para nuestro p\u00fablico de nuestros colaboradores del ecosistema porte\u00f1o, porque sostenemos que sobrevivir es un trabajo colectivo, y queremos celebrar el hecho de existir junto a nuestras amistades m\u00e1s queridas\u201d.<\/p>\n\n\n\n<figure class=\"wp-block-image size-large\"><img fetchpriority=\"high\" decoding=\"async\" width=\"1024\" height=\"576\" src=\"https:\/\/www.valparaisocreativo.cl\/wp-content\/uploads\/2024\/10\/Violeta-se-fue-a-los-cielos-2-1024x576.jpg\" alt=\"\" class=\"wp-image-20900\" srcset=\"https:\/\/dev.antudigital.cl\/sites\/vc\/wp-content\/uploads\/2024\/10\/Violeta-se-fue-a-los-cielos-2-1024x576.jpg 1024w, https:\/\/dev.antudigital.cl\/sites\/vc\/wp-content\/uploads\/2024\/10\/Violeta-se-fue-a-los-cielos-2-300x169.jpg 300w, https:\/\/dev.antudigital.cl\/sites\/vc\/wp-content\/uploads\/2024\/10\/Violeta-se-fue-a-los-cielos-2-768x432.jpg 768w, https:\/\/dev.antudigital.cl\/sites\/vc\/wp-content\/uploads\/2024\/10\/Violeta-se-fue-a-los-cielos-2-1536x864.jpg 1536w, https:\/\/dev.antudigital.cl\/sites\/vc\/wp-content\/uploads\/2024\/10\/Violeta-se-fue-a-los-cielos-2-1080x608.jpg 1080w, https:\/\/dev.antudigital.cl\/sites\/vc\/wp-content\/uploads\/2024\/10\/Violeta-se-fue-a-los-cielos-2-1280x720.jpg 1280w, https:\/\/dev.antudigital.cl\/sites\/vc\/wp-content\/uploads\/2024\/10\/Violeta-se-fue-a-los-cielos-2-980x551.jpg 980w, https:\/\/dev.antudigital.cl\/sites\/vc\/wp-content\/uploads\/2024\/10\/Violeta-se-fue-a-los-cielos-2-480x270.jpg 480w, https:\/\/dev.antudigital.cl\/sites\/vc\/wp-content\/uploads\/2024\/10\/Violeta-se-fue-a-los-cielos-2-24x14.jpg 24w, https:\/\/dev.antudigital.cl\/sites\/vc\/wp-content\/uploads\/2024\/10\/Violeta-se-fue-a-los-cielos-2-36x20.jpg 36w, https:\/\/dev.antudigital.cl\/sites\/vc\/wp-content\/uploads\/2024\/10\/Violeta-se-fue-a-los-cielos-2-48x27.jpg 48w, https:\/\/dev.antudigital.cl\/sites\/vc\/wp-content\/uploads\/2024\/10\/Violeta-se-fue-a-los-cielos-2.jpg 1920w\" sizes=\"(max-width: 1024px) 100vw, 1024px\" \/><\/figure>\n\n\n\n<p>Dentro de las proyecciones en 35 mm se exhibir\u00e1 Violeta se fue a los cielos, un largometraje de ficci\u00f3n del director Andr\u00e9s Wood, inspirado en el libro hom\u00f3nimo de \u00c1ngel Parra que cuenta la historia de la cantautora, desde la carpa que levant\u00f3 en La Reina, Violeta Parra es visitada por sus sue\u00f1os, vivencias e ilusiones. Est\u00e1 viva, pero quiz\u00e1s est\u00e1 muerta, eso abre una gran expectativa en la que nos vamos enterando poco a poco de sus secretos, miedos, frustraciones y alegr\u00edas.&nbsp;&nbsp; Con la actuaci\u00f3n magistral de Francisca Gavil\u00e1n, sin duda es una experiencia dif\u00edcil de igualar. Cabe destacar que esta funci\u00f3n es exclusiva para personas mayores de 60 a\u00f1os.<\/p>\n\n\n\n<p>Posteriormente, el mismo d\u00eda martes 29 de octubre, se proyectar\u00e1 \u201cEl espinazo del diablo\u201d de Guillermo del Toro. Se trata de una co- producci\u00f3n entre Espa\u00f1a y M\u00e9xico del a\u00f1o 2001, ambientada en el a\u00f1o 1939, reci\u00e9n finalizada la guerra civil. Carlos, un ni\u00f1o de diez a\u00f1os, llega a un orfanato que acoge a hu\u00e9rfanos de v\u00edctimas republicanas. Su presencia alterar\u00e1 la rutina diaria de un colegio dirigido por Carmen y cuyo profesor, el se\u00f1or Casares, simpatiza con la perdida causa republicana. Adem\u00e1s, le acechar\u00e1 el fantasma de uno de los antiguos ocupantes del orfanato. Ambas funciones son con entrada liberada y por orden de llegada.<\/p>\n\n\n\n<p>Esta semana de celebraciones contin\u00faa el d\u00eda jueves 31 de octubre con un gran evento especial, como ya es un cl\u00e1sico en INSOMNIA, la noche de las retinas sangrantes invita a un concurso de disfraces en la antesala de la proyecci\u00f3n de \u201cHalloween\u201d, la cl\u00e1sica pel\u00edcula de 1978 del director John Carpenter. Este evento, que comienza a las 19:30 horas, tendr\u00e1 una previa animada por dos grandes amistades de INSOMNIA: Taller Cervecero y la DJ Aguja Margarita, qui\u00e9n estar\u00e1 con su tornamesa animando el ingreso al teatro.<\/p>\n\n\n\n<p>El valor del evento es de $5000 e incluye la proyecci\u00f3n de la pel\u00edcula m\u00e1s un shop de cerveza artesanal de Taller Cervecero. Adem\u00e1s, el concurso de disfraces cuenta con premios de importantes colaboradores locales como Puerto de Letras, Tres Peces, Uvas Producciones, Bar Pajarito, Canario Pe\u00f1a Folkl\u00f3rica, Casa Plan y Coffee and Cookies. Las entradas est\u00e1n disponibles a la venta en la boleter\u00eda de INSOMNIA ubicada en Condell 1585, Valpara\u00edso. Para m\u00e1s informaci\u00f3n visita&nbsp;<a href=\"http:\/\/www.insomniacine.cl\/\" target=\"_blank\" rel=\"noreferrer noopener\">www.insomniacine.cl<\/a>.<\/p>\n","protected":false},"excerpt":{"rendered":"<p>En el marco de las celebraciones por el Aniversario de INSOMNIA Teatro Condell, este martes 29 de octubre se realizar\u00e1n dos proyecciones en 35 mm que permitir\u00e1n vivir por primera vez las pel\u00edculas \u201cVioleta se fue a los cielos\u201d (Andr\u00e9s Wood) y \u201cEl espinazo del diablo\u201d (Guillermo del Toro) con toda la magia del cine. [&hellip;]<\/p>\n","protected":false},"author":1,"featured_media":20899,"comment_status":"closed","ping_status":"closed","sticky":false,"template":"","format":"standard","meta":{"_acf_changed":false,"footnotes":""},"categories":[8],"tags":[],"class_list":["post-20898","post","type-post","status-publish","format-standard","has-post-thumbnail","hentry","category-noticia"],"acf":[],"yoast_head":"<!-- This site is optimized with the Yoast SEO plugin v27.1.1 - https:\/\/yoast.com\/product\/yoast-seo-wordpress\/ -->\n<title>INSOMNIA celebra su aniversario con funciones de 35 mm de Violeta se fue a los cielos, El espinazo del Diablo y funci\u00f3n especial de Halloween - Valpara\u00ed\u00adso Creativo<\/title>\n<meta name=\"robots\" content=\"index, follow, max-snippet:-1, max-image-preview:large, max-video-preview:-1\" \/>\n<link rel=\"canonical\" href=\"https:\/\/dev.antudigital.cl\/sites\/vc\/insomnia-celebra-su-aniversario-con-funciones-de-35-mm-de-violeta-se-fue-a-los-cielos-el-espinazo-del-diablo-y-funcion-especial-de-halloween\/\" \/>\n<meta property=\"og:locale\" content=\"es_ES\" \/>\n<meta property=\"og:type\" content=\"article\" \/>\n<meta property=\"og:title\" content=\"INSOMNIA celebra su aniversario con funciones de 35 mm de Violeta se fue a los cielos, El espinazo del Diablo y funci\u00f3n especial de Halloween - Valpara\u00ed\u00adso Creativo\" \/>\n<meta property=\"og:description\" content=\"En el marco de las celebraciones por el Aniversario de INSOMNIA Teatro Condell, este martes 29 de octubre se realizar\u00e1n dos proyecciones en 35 mm que permitir\u00e1n vivir por primera vez las pel\u00edculas \u201cVioleta se fue a los cielos\u201d (Andr\u00e9s Wood) y \u201cEl espinazo del diablo\u201d (Guillermo del Toro) con toda la magia del cine. [&hellip;]\" \/>\n<meta property=\"og:url\" content=\"https:\/\/dev.antudigital.cl\/sites\/vc\/insomnia-celebra-su-aniversario-con-funciones-de-35-mm-de-violeta-se-fue-a-los-cielos-el-espinazo-del-diablo-y-funcion-especial-de-halloween\/\" \/>\n<meta property=\"og:site_name\" content=\"Valpara\u00ed\u00adso Creativo\" \/>\n<meta property=\"article:published_time\" content=\"2024-10-28T19:28:31+00:00\" \/>\n<meta property=\"article:modified_time\" content=\"2024-10-28T19:28:48+00:00\" \/>\n<meta property=\"og:image\" content=\"https:\/\/dev.antudigital.cl\/sites\/vc\/wp-content\/uploads\/2024\/10\/Aniversario-17-scaled.jpg\" \/>\n\t<meta property=\"og:image:width\" content=\"2560\" \/>\n\t<meta property=\"og:image:height\" content=\"1707\" \/>\n\t<meta property=\"og:image:type\" content=\"image\/jpeg\" \/>\n<meta name=\"author\" content=\"Valpara\u00edso Creativo\" \/>\n<meta name=\"twitter:card\" content=\"summary_large_image\" \/>\n<meta name=\"twitter:label1\" content=\"Escrito por\" \/>\n\t<meta name=\"twitter:data1\" content=\"Valpara\u00edso Creativo\" \/>\n\t<meta name=\"twitter:label2\" content=\"Tiempo de lectura\" \/>\n\t<meta name=\"twitter:data2\" content=\"4 minutos\" \/>\n<script type=\"application\/ld+json\" class=\"yoast-schema-graph\">{\"@context\":\"https:\/\/schema.org\",\"@graph\":[{\"@type\":\"Article\",\"@id\":\"https:\/\/dev.antudigital.cl\/sites\/vc\/insomnia-celebra-su-aniversario-con-funciones-de-35-mm-de-violeta-se-fue-a-los-cielos-el-espinazo-del-diablo-y-funcion-especial-de-halloween\/#article\",\"isPartOf\":{\"@id\":\"https:\/\/dev.antudigital.cl\/sites\/vc\/insomnia-celebra-su-aniversario-con-funciones-de-35-mm-de-violeta-se-fue-a-los-cielos-el-espinazo-del-diablo-y-funcion-especial-de-halloween\/\"},\"author\":{\"name\":\"Valpara\u00edso Creativo\",\"@id\":\"https:\/\/dev.antudigital.cl\/sites\/vc\/#\/schema\/person\/c2b9da8dd545e27166fc5ab232837318\"},\"headline\":\"INSOMNIA celebra su aniversario con funciones de 35 mm de Violeta se fue a los cielos, El espinazo del Diablo y funci\u00f3n especial de Halloween\",\"datePublished\":\"2024-10-28T19:28:31+00:00\",\"dateModified\":\"2024-10-28T19:28:48+00:00\",\"mainEntityOfPage\":{\"@id\":\"https:\/\/dev.antudigital.cl\/sites\/vc\/insomnia-celebra-su-aniversario-con-funciones-de-35-mm-de-violeta-se-fue-a-los-cielos-el-espinazo-del-diablo-y-funcion-especial-de-halloween\/\"},\"wordCount\":707,\"image\":{\"@id\":\"https:\/\/dev.antudigital.cl\/sites\/vc\/insomnia-celebra-su-aniversario-con-funciones-de-35-mm-de-violeta-se-fue-a-los-cielos-el-espinazo-del-diablo-y-funcion-especial-de-halloween\/#primaryimage\"},\"thumbnailUrl\":\"https:\/\/dev.antudigital.cl\/sites\/vc\/wp-content\/uploads\/2024\/10\/Aniversario-17-scaled.jpg\",\"articleSection\":[\"Noticia\"],\"inLanguage\":\"es\"},{\"@type\":\"WebPage\",\"@id\":\"https:\/\/dev.antudigital.cl\/sites\/vc\/insomnia-celebra-su-aniversario-con-funciones-de-35-mm-de-violeta-se-fue-a-los-cielos-el-espinazo-del-diablo-y-funcion-especial-de-halloween\/\",\"url\":\"https:\/\/dev.antudigital.cl\/sites\/vc\/insomnia-celebra-su-aniversario-con-funciones-de-35-mm-de-violeta-se-fue-a-los-cielos-el-espinazo-del-diablo-y-funcion-especial-de-halloween\/\",\"name\":\"INSOMNIA celebra su aniversario con funciones de 35 mm de Violeta se fue a los cielos, El espinazo del Diablo y funci\u00f3n especial de Halloween - Valpara\u00ed\u00adso Creativo\",\"isPartOf\":{\"@id\":\"https:\/\/dev.antudigital.cl\/sites\/vc\/#website\"},\"primaryImageOfPage\":{\"@id\":\"https:\/\/dev.antudigital.cl\/sites\/vc\/insomnia-celebra-su-aniversario-con-funciones-de-35-mm-de-violeta-se-fue-a-los-cielos-el-espinazo-del-diablo-y-funcion-especial-de-halloween\/#primaryimage\"},\"image\":{\"@id\":\"https:\/\/dev.antudigital.cl\/sites\/vc\/insomnia-celebra-su-aniversario-con-funciones-de-35-mm-de-violeta-se-fue-a-los-cielos-el-espinazo-del-diablo-y-funcion-especial-de-halloween\/#primaryimage\"},\"thumbnailUrl\":\"https:\/\/dev.antudigital.cl\/sites\/vc\/wp-content\/uploads\/2024\/10\/Aniversario-17-scaled.jpg\",\"datePublished\":\"2024-10-28T19:28:31+00:00\",\"dateModified\":\"2024-10-28T19:28:48+00:00\",\"author\":{\"@id\":\"https:\/\/dev.antudigital.cl\/sites\/vc\/#\/schema\/person\/c2b9da8dd545e27166fc5ab232837318\"},\"breadcrumb\":{\"@id\":\"https:\/\/dev.antudigital.cl\/sites\/vc\/insomnia-celebra-su-aniversario-con-funciones-de-35-mm-de-violeta-se-fue-a-los-cielos-el-espinazo-del-diablo-y-funcion-especial-de-halloween\/#breadcrumb\"},\"inLanguage\":\"es\",\"potentialAction\":[{\"@type\":\"ReadAction\",\"target\":[\"https:\/\/dev.antudigital.cl\/sites\/vc\/insomnia-celebra-su-aniversario-con-funciones-de-35-mm-de-violeta-se-fue-a-los-cielos-el-espinazo-del-diablo-y-funcion-especial-de-halloween\/\"]}]},{\"@type\":\"ImageObject\",\"inLanguage\":\"es\",\"@id\":\"https:\/\/dev.antudigital.cl\/sites\/vc\/insomnia-celebra-su-aniversario-con-funciones-de-35-mm-de-violeta-se-fue-a-los-cielos-el-espinazo-del-diablo-y-funcion-especial-de-halloween\/#primaryimage\",\"url\":\"https:\/\/dev.antudigital.cl\/sites\/vc\/wp-content\/uploads\/2024\/10\/Aniversario-17-scaled.jpg\",\"contentUrl\":\"https:\/\/dev.antudigital.cl\/sites\/vc\/wp-content\/uploads\/2024\/10\/Aniversario-17-scaled.jpg\",\"width\":2560,\"height\":1707},{\"@type\":\"BreadcrumbList\",\"@id\":\"https:\/\/dev.antudigital.cl\/sites\/vc\/insomnia-celebra-su-aniversario-con-funciones-de-35-mm-de-violeta-se-fue-a-los-cielos-el-espinazo-del-diablo-y-funcion-especial-de-halloween\/#breadcrumb\",\"itemListElement\":[{\"@type\":\"ListItem\",\"position\":1,\"name\":\"Home\",\"item\":\"https:\/\/dev.antudigital.cl\/sites\/vc\/\"},{\"@type\":\"ListItem\",\"position\":2,\"name\":\"INSOMNIA celebra su aniversario con funciones de 35 mm de Violeta se fue a los cielos, El espinazo del Diablo y funci\u00f3n especial de Halloween\"}]},{\"@type\":\"WebSite\",\"@id\":\"https:\/\/dev.antudigital.cl\/sites\/vc\/#website\",\"url\":\"https:\/\/dev.antudigital.cl\/sites\/vc\/\",\"name\":\"Valpara\u00ed\u00adso Creativo\",\"description\":\"\",\"potentialAction\":[{\"@type\":\"SearchAction\",\"target\":{\"@type\":\"EntryPoint\",\"urlTemplate\":\"https:\/\/dev.antudigital.cl\/sites\/vc\/?s={search_term_string}\"},\"query-input\":{\"@type\":\"PropertyValueSpecification\",\"valueRequired\":true,\"valueName\":\"search_term_string\"}}],\"inLanguage\":\"es\"},{\"@type\":\"Person\",\"@id\":\"https:\/\/dev.antudigital.cl\/sites\/vc\/#\/schema\/person\/c2b9da8dd545e27166fc5ab232837318\",\"name\":\"Valpara\u00edso Creativo\",\"description\":\"Periodista de cultura en la Regi\u00f3n de Valpara\u00edso.\",\"url\":\"https:\/\/dev.antudigital.cl\/sites\/vc\/author\/valpoadmin\/\"}]}<\/script>\n<!-- \/ Yoast SEO plugin. -->","yoast_head_json":{"title":"INSOMNIA celebra su aniversario con funciones de 35 mm de Violeta se fue a los cielos, El espinazo del Diablo y funci\u00f3n especial de Halloween - Valpara\u00ed\u00adso Creativo","robots":{"index":"index","follow":"follow","max-snippet":"max-snippet:-1","max-image-preview":"max-image-preview:large","max-video-preview":"max-video-preview:-1"},"canonical":"https:\/\/dev.antudigital.cl\/sites\/vc\/insomnia-celebra-su-aniversario-con-funciones-de-35-mm-de-violeta-se-fue-a-los-cielos-el-espinazo-del-diablo-y-funcion-especial-de-halloween\/","og_locale":"es_ES","og_type":"article","og_title":"INSOMNIA celebra su aniversario con funciones de 35 mm de Violeta se fue a los cielos, El espinazo del Diablo y funci\u00f3n especial de Halloween - Valpara\u00ed\u00adso Creativo","og_description":"En el marco de las celebraciones por el Aniversario de INSOMNIA Teatro Condell, este martes 29 de octubre se realizar\u00e1n dos proyecciones en 35 mm que permitir\u00e1n vivir por primera vez las pel\u00edculas \u201cVioleta se fue a los cielos\u201d (Andr\u00e9s Wood) y \u201cEl espinazo del diablo\u201d (Guillermo del Toro) con toda la magia del cine. [&hellip;]","og_url":"https:\/\/dev.antudigital.cl\/sites\/vc\/insomnia-celebra-su-aniversario-con-funciones-de-35-mm-de-violeta-se-fue-a-los-cielos-el-espinazo-del-diablo-y-funcion-especial-de-halloween\/","og_site_name":"Valpara\u00ed\u00adso Creativo","article_published_time":"2024-10-28T19:28:31+00:00","article_modified_time":"2024-10-28T19:28:48+00:00","og_image":[{"width":2560,"height":1707,"url":"https:\/\/dev.antudigital.cl\/sites\/vc\/wp-content\/uploads\/2024\/10\/Aniversario-17-scaled.jpg","type":"image\/jpeg"}],"author":"Valpara\u00edso Creativo","twitter_card":"summary_large_image","twitter_misc":{"Escrito por":"Valpara\u00edso Creativo","Tiempo de lectura":"4 minutos"},"schema":{"@context":"https:\/\/schema.org","@graph":[{"@type":"Article","@id":"https:\/\/dev.antudigital.cl\/sites\/vc\/insomnia-celebra-su-aniversario-con-funciones-de-35-mm-de-violeta-se-fue-a-los-cielos-el-espinazo-del-diablo-y-funcion-especial-de-halloween\/#article","isPartOf":{"@id":"https:\/\/dev.antudigital.cl\/sites\/vc\/insomnia-celebra-su-aniversario-con-funciones-de-35-mm-de-violeta-se-fue-a-los-cielos-el-espinazo-del-diablo-y-funcion-especial-de-halloween\/"},"author":{"name":"Valpara\u00edso Creativo","@id":"https:\/\/dev.antudigital.cl\/sites\/vc\/#\/schema\/person\/c2b9da8dd545e27166fc5ab232837318"},"headline":"INSOMNIA celebra su aniversario con funciones de 35 mm de Violeta se fue a los cielos, El espinazo del Diablo y funci\u00f3n especial de Halloween","datePublished":"2024-10-28T19:28:31+00:00","dateModified":"2024-10-28T19:28:48+00:00","mainEntityOfPage":{"@id":"https:\/\/dev.antudigital.cl\/sites\/vc\/insomnia-celebra-su-aniversario-con-funciones-de-35-mm-de-violeta-se-fue-a-los-cielos-el-espinazo-del-diablo-y-funcion-especial-de-halloween\/"},"wordCount":707,"image":{"@id":"https:\/\/dev.antudigital.cl\/sites\/vc\/insomnia-celebra-su-aniversario-con-funciones-de-35-mm-de-violeta-se-fue-a-los-cielos-el-espinazo-del-diablo-y-funcion-especial-de-halloween\/#primaryimage"},"thumbnailUrl":"https:\/\/dev.antudigital.cl\/sites\/vc\/wp-content\/uploads\/2024\/10\/Aniversario-17-scaled.jpg","articleSection":["Noticia"],"inLanguage":"es"},{"@type":"WebPage","@id":"https:\/\/dev.antudigital.cl\/sites\/vc\/insomnia-celebra-su-aniversario-con-funciones-de-35-mm-de-violeta-se-fue-a-los-cielos-el-espinazo-del-diablo-y-funcion-especial-de-halloween\/","url":"https:\/\/dev.antudigital.cl\/sites\/vc\/insomnia-celebra-su-aniversario-con-funciones-de-35-mm-de-violeta-se-fue-a-los-cielos-el-espinazo-del-diablo-y-funcion-especial-de-halloween\/","name":"INSOMNIA celebra su aniversario con funciones de 35 mm de Violeta se fue a los cielos, El espinazo del Diablo y funci\u00f3n especial de Halloween - Valpara\u00ed\u00adso Creativo","isPartOf":{"@id":"https:\/\/dev.antudigital.cl\/sites\/vc\/#website"},"primaryImageOfPage":{"@id":"https:\/\/dev.antudigital.cl\/sites\/vc\/insomnia-celebra-su-aniversario-con-funciones-de-35-mm-de-violeta-se-fue-a-los-cielos-el-espinazo-del-diablo-y-funcion-especial-de-halloween\/#primaryimage"},"image":{"@id":"https:\/\/dev.antudigital.cl\/sites\/vc\/insomnia-celebra-su-aniversario-con-funciones-de-35-mm-de-violeta-se-fue-a-los-cielos-el-espinazo-del-diablo-y-funcion-especial-de-halloween\/#primaryimage"},"thumbnailUrl":"https:\/\/dev.antudigital.cl\/sites\/vc\/wp-content\/uploads\/2024\/10\/Aniversario-17-scaled.jpg","datePublished":"2024-10-28T19:28:31+00:00","dateModified":"2024-10-28T19:28:48+00:00","author":{"@id":"https:\/\/dev.antudigital.cl\/sites\/vc\/#\/schema\/person\/c2b9da8dd545e27166fc5ab232837318"},"breadcrumb":{"@id":"https:\/\/dev.antudigital.cl\/sites\/vc\/insomnia-celebra-su-aniversario-con-funciones-de-35-mm-de-violeta-se-fue-a-los-cielos-el-espinazo-del-diablo-y-funcion-especial-de-halloween\/#breadcrumb"},"inLanguage":"es","potentialAction":[{"@type":"ReadAction","target":["https:\/\/dev.antudigital.cl\/sites\/vc\/insomnia-celebra-su-aniversario-con-funciones-de-35-mm-de-violeta-se-fue-a-los-cielos-el-espinazo-del-diablo-y-funcion-especial-de-halloween\/"]}]},{"@type":"ImageObject","inLanguage":"es","@id":"https:\/\/dev.antudigital.cl\/sites\/vc\/insomnia-celebra-su-aniversario-con-funciones-de-35-mm-de-violeta-se-fue-a-los-cielos-el-espinazo-del-diablo-y-funcion-especial-de-halloween\/#primaryimage","url":"https:\/\/dev.antudigital.cl\/sites\/vc\/wp-content\/uploads\/2024\/10\/Aniversario-17-scaled.jpg","contentUrl":"https:\/\/dev.antudigital.cl\/sites\/vc\/wp-content\/uploads\/2024\/10\/Aniversario-17-scaled.jpg","width":2560,"height":1707},{"@type":"BreadcrumbList","@id":"https:\/\/dev.antudigital.cl\/sites\/vc\/insomnia-celebra-su-aniversario-con-funciones-de-35-mm-de-violeta-se-fue-a-los-cielos-el-espinazo-del-diablo-y-funcion-especial-de-halloween\/#breadcrumb","itemListElement":[{"@type":"ListItem","position":1,"name":"Home","item":"https:\/\/dev.antudigital.cl\/sites\/vc\/"},{"@type":"ListItem","position":2,"name":"INSOMNIA celebra su aniversario con funciones de 35 mm de Violeta se fue a los cielos, El espinazo del Diablo y funci\u00f3n especial de Halloween"}]},{"@type":"WebSite","@id":"https:\/\/dev.antudigital.cl\/sites\/vc\/#website","url":"https:\/\/dev.antudigital.cl\/sites\/vc\/","name":"Valpara\u00ed\u00adso Creativo","description":"","potentialAction":[{"@type":"SearchAction","target":{"@type":"EntryPoint","urlTemplate":"https:\/\/dev.antudigital.cl\/sites\/vc\/?s={search_term_string}"},"query-input":{"@type":"PropertyValueSpecification","valueRequired":true,"valueName":"search_term_string"}}],"inLanguage":"es"},{"@type":"Person","@id":"https:\/\/dev.antudigital.cl\/sites\/vc\/#\/schema\/person\/c2b9da8dd545e27166fc5ab232837318","name":"Valpara\u00edso Creativo","description":"Periodista de cultura en la Regi\u00f3n de Valpara\u00edso.","url":"https:\/\/dev.antudigital.cl\/sites\/vc\/author\/valpoadmin\/"}]}},"_links":{"self":[{"href":"https:\/\/dev.antudigital.cl\/sites\/vc\/wp-json\/wp\/v2\/posts\/20898","targetHints":{"allow":["GET"]}}],"collection":[{"href":"https:\/\/dev.antudigital.cl\/sites\/vc\/wp-json\/wp\/v2\/posts"}],"about":[{"href":"https:\/\/dev.antudigital.cl\/sites\/vc\/wp-json\/wp\/v2\/types\/post"}],"author":[{"embeddable":true,"href":"https:\/\/dev.antudigital.cl\/sites\/vc\/wp-json\/wp\/v2\/users\/1"}],"replies":[{"embeddable":true,"href":"https:\/\/dev.antudigital.cl\/sites\/vc\/wp-json\/wp\/v2\/comments?post=20898"}],"version-history":[{"count":1,"href":"https:\/\/dev.antudigital.cl\/sites\/vc\/wp-json\/wp\/v2\/posts\/20898\/revisions"}],"predecessor-version":[{"id":20901,"href":"https:\/\/dev.antudigital.cl\/sites\/vc\/wp-json\/wp\/v2\/posts\/20898\/revisions\/20901"}],"wp:featuredmedia":[{"embeddable":true,"href":"https:\/\/dev.antudigital.cl\/sites\/vc\/wp-json\/wp\/v2\/media\/20899"}],"wp:attachment":[{"href":"https:\/\/dev.antudigital.cl\/sites\/vc\/wp-json\/wp\/v2\/media?parent=20898"}],"wp:term":[{"taxonomy":"category","embeddable":true,"href":"https:\/\/dev.antudigital.cl\/sites\/vc\/wp-json\/wp\/v2\/categories?post=20898"},{"taxonomy":"post_tag","embeddable":true,"href":"https:\/\/dev.antudigital.cl\/sites\/vc\/wp-json\/wp\/v2\/tags?post=20898"}],"curies":[{"name":"wp","href":"https:\/\/api.w.org\/{rel}","templated":true}]}}