{"id":20902,"date":"2024-10-28T19:31:58","date_gmt":"2024-10-28T19:31:58","guid":{"rendered":"https:\/\/www.valparaisocreativo.cl\/?p=20902"},"modified":"2024-10-28T19:32:14","modified_gmt":"2024-10-28T19:32:14","slug":"seba-alfaro-comienza-el-cortejo-funebre-desde-mi-ataud-a-lo-largo-de-chile","status":"publish","type":"post","link":"https:\/\/dev.antudigital.cl\/sites\/vc\/seba-alfaro-comienza-el-cortejo-funebre-desde-mi-ataud-a-lo-largo-de-chile\/","title":{"rendered":"Seba Alfaro comienza el cortejo f\u00fanebre\u00a0\u00abDesde mi Ata\u00fad\u00bb\u00a0a lo largo de Chile"},"content":{"rendered":"\n<p><strong>Con profundo pesar,&nbsp;<\/strong><a href=\"https:\/\/bh1ik.r.sp1-brevo.net\/mk\/cl\/f\/sh\/SMK1E8tHeG7uii03T4R5MsIWoheg\/mSlrPP6OziBA\" target=\"_blank\" rel=\"noreferrer noopener\"><strong>Seba Alfaro<\/strong><\/a><strong>&nbsp;presenta la seguidilla de espect\u00e1culos para&nbsp;<\/strong><a href=\"https:\/\/bh1ik.r.sp1-brevo.net\/mk\/cl\/f\/sh\/SMK1E8tHeGEmAqp0eEaZShbGn0Ew\/g6RFcXH8tfTc\" target=\"_blank\" rel=\"noreferrer noopener\"><strong>\u00abDesde mi Ata\u00fad\u00bb<\/strong><\/a><strong>, encargados de celebrar desde el fondo del abismo su \u00faltimo disco, lanzado tras 7 a\u00f1os sin un LP.<\/strong><\/p>\n\n\n\n<p>Buscando un trabajo m\u00e1s maduro en cuanto a tem\u00e1ticas y composici\u00f3n, el artista toma el peso de la vida moderna y vuelve a uno de sus t\u00f3picos recurrentes: el ata\u00fad como met\u00e1fora de una resignaci\u00f3n, de la oscuridad que inevitablemente acompa\u00f1a la adultez.<\/p>\n\n\n\n<p>Luciendo nuevamente la prolijidad con la que construye historias y relatos,&nbsp;<a href=\"https:\/\/bh1ik.r.sp1-brevo.net\/mk\/cl\/f\/sh\/SMK1E8tHeGLdczdxpOk3YWu0lIpC\/igLtw5CFUKQL\" target=\"_blank\" rel=\"noreferrer noopener\"><strong>Seba Alfaro<\/strong><\/a>&nbsp;no deja de lado los gui\u00f1os al hip hop y la m\u00fasica urbana pero&nbsp;<strong>\u00abdesde la vereda del perdedor\u00bb<\/strong>, con m\u00e1s meticulosidad en la calidad del sonido, la producci\u00f3n de arreglos y el trabajo vocal, en este proyecto financiado por el Fondo para el Fomento de la M\u00fasica Nacional, Convocatoria 2024 del Ministerio.<\/p>\n\n\n\n<p>Yaima Cat lo acompa\u00f1a en la producci\u00f3n de una placa que nace entre escuchas de Los Tres, Diego Lorenzini, Alex Andwanter, Catriel, Mart\u00edn Buscaglia o Sof\u00eda Alvez, dando con un LP sumamente sudamericano donde supo qu\u00e9 quer\u00eda lograr desde los cimientos de la creaci\u00f3n.<\/p>\n\n\n\n<p>Este obituario en vivo contempla pasos por&nbsp;<strong>Concepci\u00f3n<\/strong>, en el marco del&nbsp;<a href=\"https:\/\/bh1ik.r.sp1-brevo.net\/mk\/cl\/f\/sh\/SMK1E8tHeGSV58Sv0YtXeMCkjbPS\/eLe8j2UyryWG\" target=\"_blank\" rel=\"noreferrer noopener\">SurPop Fest<\/a>&nbsp;a realizarse en&nbsp;<strong>Casa de Salud<\/strong>, el pr\u00f3ximo&nbsp;<strong>3 de noviembre desde las 15:30 horas<\/strong>.&nbsp;<strong>Cartagena<\/strong>&nbsp;ser\u00e1 la siguiente parada, fechada para el&nbsp;<strong>domingo 10 de noviembre en el&nbsp;<\/strong><a href=\"https:\/\/bh1ik.r.sp1-brevo.net\/mk\/cl\/f\/sh\/SMK1E8tHeGZMXHHsBj31kBVUhtzi\/9E-KSYk2ewaf\" target=\"_blank\" rel=\"noreferrer noopener\"><strong>Patio Ferreiro<\/strong><\/a><strong>&nbsp;con un concierto completamente gratuito<\/strong>&nbsp;\u2013escribiendo previamente a&nbsp;<a href=\"mailto:patio.ferreiro@gmail.com\" target=\"_blank\" rel=\"noreferrer noopener\">patio.ferreiro@gmail.com<\/a>\u2013.<br>&nbsp;<\/p>\n\n\n\n<p><strong>Valpara\u00edso<\/strong>, ciudad vecina del m\u00fasico, escuchar\u00e1&nbsp;<a href=\"https:\/\/bh1ik.r.sp1-brevo.net\/mk\/cl\/f\/sh\/SMK1E8tHeGgDzQ6pMtCVq0oEgCZy\/r4BrZvOVpt0g\" target=\"_blank\" rel=\"noreferrer noopener\"><strong>\u00abDesde mi Ata\u00fad\u00bb<\/strong><\/a>&nbsp;en formato live en&nbsp;<a href=\"https:\/\/bh1ik.r.sp1-brevo.net\/mk\/cl\/f\/sh\/SMK1E8tHeGn5RYvmY3Lzvq6yeVAE\/5r2EWeFoIS1D\" target=\"_blank\" rel=\"noreferrer noopener\"><strong>Taller Caf\u00e9&nbsp;<\/strong><\/a><strong>el 23 de noviembre desde las 17 horas<\/strong>, un especial concierto con el estreno mundial del formato banda.<strong>&nbsp;La capital chilena<\/strong>&nbsp;se viste de luto el&nbsp;<strong>4 de diciembre, desde las 20:00 horas, en&nbsp;<\/strong><a href=\"https:\/\/bh1ik.r.sp1-brevo.net\/mk\/cl\/f\/sh\/SMK1E8tHeGtwthkjjDVU1fPicnkU\/5rEM-z46iN85\" target=\"_blank\" rel=\"noreferrer noopener\"><strong>Sala Master<\/strong><\/a>&nbsp;con banda, invitados y mucha pirotecnia f\u00fanebre, para luego viajar al norte y debutar en&nbsp;<strong>La Serena con un show en&nbsp;<\/strong><a href=\"https:\/\/bh1ik.r.sp1-brevo.net\/mk\/cl\/f\/sh\/1t6Af4OiGsDhYHebBwok2Dzq8v0lcs\/oFnOOn80nLw-\" target=\"_blank\" rel=\"noreferrer noopener\"><strong>Caf\u00e9 Bot\u00e1nico<\/strong><\/a><strong>, el s\u00e1bado 14 de diciembre<\/strong>.<\/p>\n\n\n\n<figure class=\"wp-block-image size-large\"><img fetchpriority=\"high\" decoding=\"async\" width=\"1024\" height=\"768\" src=\"https:\/\/www.valparaisocreativo.cl\/wp-content\/uploads\/2024\/10\/unnamed-2-1024x768.jpg\" alt=\"\" class=\"wp-image-20904\" srcset=\"https:\/\/dev.antudigital.cl\/sites\/vc\/wp-content\/uploads\/2024\/10\/unnamed-2-1024x768.jpg 1024w, https:\/\/dev.antudigital.cl\/sites\/vc\/wp-content\/uploads\/2024\/10\/unnamed-2-300x225.jpg 300w, https:\/\/dev.antudigital.cl\/sites\/vc\/wp-content\/uploads\/2024\/10\/unnamed-2-768x576.jpg 768w, https:\/\/dev.antudigital.cl\/sites\/vc\/wp-content\/uploads\/2024\/10\/unnamed-2-510x382.jpg 510w, https:\/\/dev.antudigital.cl\/sites\/vc\/wp-content\/uploads\/2024\/10\/unnamed-2-1080x810.jpg 1080w, https:\/\/dev.antudigital.cl\/sites\/vc\/wp-content\/uploads\/2024\/10\/unnamed-2-980x735.jpg 980w, https:\/\/dev.antudigital.cl\/sites\/vc\/wp-content\/uploads\/2024\/10\/unnamed-2-480x360.jpg 480w, https:\/\/dev.antudigital.cl\/sites\/vc\/wp-content\/uploads\/2024\/10\/unnamed-2-24x18.jpg 24w, https:\/\/dev.antudigital.cl\/sites\/vc\/wp-content\/uploads\/2024\/10\/unnamed-2-36x27.jpg 36w, https:\/\/dev.antudigital.cl\/sites\/vc\/wp-content\/uploads\/2024\/10\/unnamed-2-48x36.jpg 48w, https:\/\/dev.antudigital.cl\/sites\/vc\/wp-content\/uploads\/2024\/10\/unnamed-2.jpg 1280w\" sizes=\"(max-width: 1024px) 100vw, 1024px\" \/><\/figure>\n","protected":false},"excerpt":{"rendered":"<p>Con profundo pesar,&nbsp;Seba Alfaro&nbsp;presenta la seguidilla de espect\u00e1culos para&nbsp;\u00abDesde mi Ata\u00fad\u00bb, encargados de celebrar desde el fondo del abismo su \u00faltimo disco, lanzado tras 7 a\u00f1os sin un LP. Buscando un trabajo m\u00e1s maduro en cuanto a tem\u00e1ticas y composici\u00f3n, el artista toma el peso de la vida moderna y vuelve a uno de sus [&hellip;]<\/p>\n","protected":false},"author":1,"featured_media":20903,"comment_status":"closed","ping_status":"closed","sticky":false,"template":"","format":"standard","meta":{"_acf_changed":false,"footnotes":""},"categories":[8],"tags":[],"class_list":["post-20902","post","type-post","status-publish","format-standard","has-post-thumbnail","hentry","category-noticia"],"acf":[],"yoast_head":"<!-- This site is optimized with the Yoast SEO plugin v27.1.1 - https:\/\/yoast.com\/product\/yoast-seo-wordpress\/ -->\n<title>Seba Alfaro comienza el cortejo f\u00fanebre\u00a0&quot;Desde mi Ata\u00fad&quot;\u00a0a lo largo de Chile - Valpara\u00ed\u00adso Creativo<\/title>\n<meta name=\"robots\" content=\"index, follow, max-snippet:-1, max-image-preview:large, max-video-preview:-1\" \/>\n<link rel=\"canonical\" href=\"https:\/\/dev.antudigital.cl\/sites\/vc\/seba-alfaro-comienza-el-cortejo-funebre-desde-mi-ataud-a-lo-largo-de-chile\/\" \/>\n<meta property=\"og:locale\" content=\"es_ES\" \/>\n<meta property=\"og:type\" content=\"article\" \/>\n<meta property=\"og:title\" content=\"Seba Alfaro comienza el cortejo f\u00fanebre\u00a0&quot;Desde mi Ata\u00fad&quot;\u00a0a lo largo de Chile - Valpara\u00ed\u00adso Creativo\" \/>\n<meta property=\"og:description\" content=\"Con profundo pesar,&nbsp;Seba Alfaro&nbsp;presenta la seguidilla de espect\u00e1culos para&nbsp;\u00abDesde mi Ata\u00fad\u00bb, encargados de celebrar desde el fondo del abismo su \u00faltimo disco, lanzado tras 7 a\u00f1os sin un LP. Buscando un trabajo m\u00e1s maduro en cuanto a tem\u00e1ticas y composici\u00f3n, el artista toma el peso de la vida moderna y vuelve a uno de sus [&hellip;]\" \/>\n<meta property=\"og:url\" content=\"https:\/\/dev.antudigital.cl\/sites\/vc\/seba-alfaro-comienza-el-cortejo-funebre-desde-mi-ataud-a-lo-largo-de-chile\/\" \/>\n<meta property=\"og:site_name\" content=\"Valpara\u00ed\u00adso Creativo\" \/>\n<meta property=\"article:published_time\" content=\"2024-10-28T19:31:58+00:00\" \/>\n<meta property=\"article:modified_time\" content=\"2024-10-28T19:32:14+00:00\" \/>\n<meta property=\"og:image\" content=\"https:\/\/dev.antudigital.cl\/sites\/vc\/wp-content\/uploads\/2024\/10\/unnamed-1-1.jpg\" \/>\n\t<meta property=\"og:image:width\" content=\"1440\" \/>\n\t<meta property=\"og:image:height\" content=\"900\" \/>\n\t<meta property=\"og:image:type\" content=\"image\/jpeg\" \/>\n<meta name=\"author\" content=\"Valpara\u00edso Creativo\" \/>\n<meta name=\"twitter:card\" content=\"summary_large_image\" \/>\n<meta name=\"twitter:label1\" content=\"Escrito por\" \/>\n\t<meta name=\"twitter:data1\" content=\"Valpara\u00edso Creativo\" \/>\n\t<meta name=\"twitter:label2\" content=\"Tiempo de lectura\" \/>\n\t<meta name=\"twitter:data2\" content=\"2 minutos\" \/>\n<script type=\"application\/ld+json\" class=\"yoast-schema-graph\">{\"@context\":\"https:\/\/schema.org\",\"@graph\":[{\"@type\":\"Article\",\"@id\":\"https:\/\/dev.antudigital.cl\/sites\/vc\/seba-alfaro-comienza-el-cortejo-funebre-desde-mi-ataud-a-lo-largo-de-chile\/#article\",\"isPartOf\":{\"@id\":\"https:\/\/dev.antudigital.cl\/sites\/vc\/seba-alfaro-comienza-el-cortejo-funebre-desde-mi-ataud-a-lo-largo-de-chile\/\"},\"author\":{\"name\":\"Valpara\u00edso Creativo\",\"@id\":\"https:\/\/dev.antudigital.cl\/sites\/vc\/#\/schema\/person\/c2b9da8dd545e27166fc5ab232837318\"},\"headline\":\"Seba Alfaro comienza el cortejo f\u00fanebre\u00a0\u00abDesde mi Ata\u00fad\u00bb\u00a0a lo largo de Chile\",\"datePublished\":\"2024-10-28T19:31:58+00:00\",\"dateModified\":\"2024-10-28T19:32:14+00:00\",\"mainEntityOfPage\":{\"@id\":\"https:\/\/dev.antudigital.cl\/sites\/vc\/seba-alfaro-comienza-el-cortejo-funebre-desde-mi-ataud-a-lo-largo-de-chile\/\"},\"wordCount\":387,\"image\":{\"@id\":\"https:\/\/dev.antudigital.cl\/sites\/vc\/seba-alfaro-comienza-el-cortejo-funebre-desde-mi-ataud-a-lo-largo-de-chile\/#primaryimage\"},\"thumbnailUrl\":\"https:\/\/dev.antudigital.cl\/sites\/vc\/wp-content\/uploads\/2024\/10\/unnamed-1-1.jpg\",\"articleSection\":[\"Noticia\"],\"inLanguage\":\"es\"},{\"@type\":\"WebPage\",\"@id\":\"https:\/\/dev.antudigital.cl\/sites\/vc\/seba-alfaro-comienza-el-cortejo-funebre-desde-mi-ataud-a-lo-largo-de-chile\/\",\"url\":\"https:\/\/dev.antudigital.cl\/sites\/vc\/seba-alfaro-comienza-el-cortejo-funebre-desde-mi-ataud-a-lo-largo-de-chile\/\",\"name\":\"Seba Alfaro comienza el cortejo f\u00fanebre\u00a0\\\"Desde mi Ata\u00fad\\\"\u00a0a lo largo de Chile - Valpara\u00ed\u00adso Creativo\",\"isPartOf\":{\"@id\":\"https:\/\/dev.antudigital.cl\/sites\/vc\/#website\"},\"primaryImageOfPage\":{\"@id\":\"https:\/\/dev.antudigital.cl\/sites\/vc\/seba-alfaro-comienza-el-cortejo-funebre-desde-mi-ataud-a-lo-largo-de-chile\/#primaryimage\"},\"image\":{\"@id\":\"https:\/\/dev.antudigital.cl\/sites\/vc\/seba-alfaro-comienza-el-cortejo-funebre-desde-mi-ataud-a-lo-largo-de-chile\/#primaryimage\"},\"thumbnailUrl\":\"https:\/\/dev.antudigital.cl\/sites\/vc\/wp-content\/uploads\/2024\/10\/unnamed-1-1.jpg\",\"datePublished\":\"2024-10-28T19:31:58+00:00\",\"dateModified\":\"2024-10-28T19:32:14+00:00\",\"author\":{\"@id\":\"https:\/\/dev.antudigital.cl\/sites\/vc\/#\/schema\/person\/c2b9da8dd545e27166fc5ab232837318\"},\"breadcrumb\":{\"@id\":\"https:\/\/dev.antudigital.cl\/sites\/vc\/seba-alfaro-comienza-el-cortejo-funebre-desde-mi-ataud-a-lo-largo-de-chile\/#breadcrumb\"},\"inLanguage\":\"es\",\"potentialAction\":[{\"@type\":\"ReadAction\",\"target\":[\"https:\/\/dev.antudigital.cl\/sites\/vc\/seba-alfaro-comienza-el-cortejo-funebre-desde-mi-ataud-a-lo-largo-de-chile\/\"]}]},{\"@type\":\"ImageObject\",\"inLanguage\":\"es\",\"@id\":\"https:\/\/dev.antudigital.cl\/sites\/vc\/seba-alfaro-comienza-el-cortejo-funebre-desde-mi-ataud-a-lo-largo-de-chile\/#primaryimage\",\"url\":\"https:\/\/dev.antudigital.cl\/sites\/vc\/wp-content\/uploads\/2024\/10\/unnamed-1-1.jpg\",\"contentUrl\":\"https:\/\/dev.antudigital.cl\/sites\/vc\/wp-content\/uploads\/2024\/10\/unnamed-1-1.jpg\",\"width\":1440,\"height\":900},{\"@type\":\"BreadcrumbList\",\"@id\":\"https:\/\/dev.antudigital.cl\/sites\/vc\/seba-alfaro-comienza-el-cortejo-funebre-desde-mi-ataud-a-lo-largo-de-chile\/#breadcrumb\",\"itemListElement\":[{\"@type\":\"ListItem\",\"position\":1,\"name\":\"Home\",\"item\":\"https:\/\/dev.antudigital.cl\/sites\/vc\/\"},{\"@type\":\"ListItem\",\"position\":2,\"name\":\"Seba Alfaro comienza el cortejo f\u00fanebre\u00a0\u00abDesde mi Ata\u00fad\u00bb\u00a0a lo largo de Chile\"}]},{\"@type\":\"WebSite\",\"@id\":\"https:\/\/dev.antudigital.cl\/sites\/vc\/#website\",\"url\":\"https:\/\/dev.antudigital.cl\/sites\/vc\/\",\"name\":\"Valpara\u00ed\u00adso Creativo\",\"description\":\"\",\"potentialAction\":[{\"@type\":\"SearchAction\",\"target\":{\"@type\":\"EntryPoint\",\"urlTemplate\":\"https:\/\/dev.antudigital.cl\/sites\/vc\/?s={search_term_string}\"},\"query-input\":{\"@type\":\"PropertyValueSpecification\",\"valueRequired\":true,\"valueName\":\"search_term_string\"}}],\"inLanguage\":\"es\"},{\"@type\":\"Person\",\"@id\":\"https:\/\/dev.antudigital.cl\/sites\/vc\/#\/schema\/person\/c2b9da8dd545e27166fc5ab232837318\",\"name\":\"Valpara\u00edso Creativo\",\"description\":\"Periodista de cultura en la Regi\u00f3n de Valpara\u00edso.\",\"url\":\"https:\/\/dev.antudigital.cl\/sites\/vc\/author\/valpoadmin\/\"}]}<\/script>\n<!-- \/ Yoast SEO plugin. -->","yoast_head_json":{"title":"Seba Alfaro comienza el cortejo f\u00fanebre\u00a0\"Desde mi Ata\u00fad\"\u00a0a lo largo de Chile - Valpara\u00ed\u00adso Creativo","robots":{"index":"index","follow":"follow","max-snippet":"max-snippet:-1","max-image-preview":"max-image-preview:large","max-video-preview":"max-video-preview:-1"},"canonical":"https:\/\/dev.antudigital.cl\/sites\/vc\/seba-alfaro-comienza-el-cortejo-funebre-desde-mi-ataud-a-lo-largo-de-chile\/","og_locale":"es_ES","og_type":"article","og_title":"Seba Alfaro comienza el cortejo f\u00fanebre\u00a0\"Desde mi Ata\u00fad\"\u00a0a lo largo de Chile - Valpara\u00ed\u00adso Creativo","og_description":"Con profundo pesar,&nbsp;Seba Alfaro&nbsp;presenta la seguidilla de espect\u00e1culos para&nbsp;\u00abDesde mi Ata\u00fad\u00bb, encargados de celebrar desde el fondo del abismo su \u00faltimo disco, lanzado tras 7 a\u00f1os sin un LP. Buscando un trabajo m\u00e1s maduro en cuanto a tem\u00e1ticas y composici\u00f3n, el artista toma el peso de la vida moderna y vuelve a uno de sus [&hellip;]","og_url":"https:\/\/dev.antudigital.cl\/sites\/vc\/seba-alfaro-comienza-el-cortejo-funebre-desde-mi-ataud-a-lo-largo-de-chile\/","og_site_name":"Valpara\u00ed\u00adso Creativo","article_published_time":"2024-10-28T19:31:58+00:00","article_modified_time":"2024-10-28T19:32:14+00:00","og_image":[{"width":1440,"height":900,"url":"https:\/\/dev.antudigital.cl\/sites\/vc\/wp-content\/uploads\/2024\/10\/unnamed-1-1.jpg","type":"image\/jpeg"}],"author":"Valpara\u00edso Creativo","twitter_card":"summary_large_image","twitter_misc":{"Escrito por":"Valpara\u00edso Creativo","Tiempo de lectura":"2 minutos"},"schema":{"@context":"https:\/\/schema.org","@graph":[{"@type":"Article","@id":"https:\/\/dev.antudigital.cl\/sites\/vc\/seba-alfaro-comienza-el-cortejo-funebre-desde-mi-ataud-a-lo-largo-de-chile\/#article","isPartOf":{"@id":"https:\/\/dev.antudigital.cl\/sites\/vc\/seba-alfaro-comienza-el-cortejo-funebre-desde-mi-ataud-a-lo-largo-de-chile\/"},"author":{"name":"Valpara\u00edso Creativo","@id":"https:\/\/dev.antudigital.cl\/sites\/vc\/#\/schema\/person\/c2b9da8dd545e27166fc5ab232837318"},"headline":"Seba Alfaro comienza el cortejo f\u00fanebre\u00a0\u00abDesde mi Ata\u00fad\u00bb\u00a0a lo largo de Chile","datePublished":"2024-10-28T19:31:58+00:00","dateModified":"2024-10-28T19:32:14+00:00","mainEntityOfPage":{"@id":"https:\/\/dev.antudigital.cl\/sites\/vc\/seba-alfaro-comienza-el-cortejo-funebre-desde-mi-ataud-a-lo-largo-de-chile\/"},"wordCount":387,"image":{"@id":"https:\/\/dev.antudigital.cl\/sites\/vc\/seba-alfaro-comienza-el-cortejo-funebre-desde-mi-ataud-a-lo-largo-de-chile\/#primaryimage"},"thumbnailUrl":"https:\/\/dev.antudigital.cl\/sites\/vc\/wp-content\/uploads\/2024\/10\/unnamed-1-1.jpg","articleSection":["Noticia"],"inLanguage":"es"},{"@type":"WebPage","@id":"https:\/\/dev.antudigital.cl\/sites\/vc\/seba-alfaro-comienza-el-cortejo-funebre-desde-mi-ataud-a-lo-largo-de-chile\/","url":"https:\/\/dev.antudigital.cl\/sites\/vc\/seba-alfaro-comienza-el-cortejo-funebre-desde-mi-ataud-a-lo-largo-de-chile\/","name":"Seba Alfaro comienza el cortejo f\u00fanebre\u00a0\"Desde mi Ata\u00fad\"\u00a0a lo largo de Chile - Valpara\u00ed\u00adso Creativo","isPartOf":{"@id":"https:\/\/dev.antudigital.cl\/sites\/vc\/#website"},"primaryImageOfPage":{"@id":"https:\/\/dev.antudigital.cl\/sites\/vc\/seba-alfaro-comienza-el-cortejo-funebre-desde-mi-ataud-a-lo-largo-de-chile\/#primaryimage"},"image":{"@id":"https:\/\/dev.antudigital.cl\/sites\/vc\/seba-alfaro-comienza-el-cortejo-funebre-desde-mi-ataud-a-lo-largo-de-chile\/#primaryimage"},"thumbnailUrl":"https:\/\/dev.antudigital.cl\/sites\/vc\/wp-content\/uploads\/2024\/10\/unnamed-1-1.jpg","datePublished":"2024-10-28T19:31:58+00:00","dateModified":"2024-10-28T19:32:14+00:00","author":{"@id":"https:\/\/dev.antudigital.cl\/sites\/vc\/#\/schema\/person\/c2b9da8dd545e27166fc5ab232837318"},"breadcrumb":{"@id":"https:\/\/dev.antudigital.cl\/sites\/vc\/seba-alfaro-comienza-el-cortejo-funebre-desde-mi-ataud-a-lo-largo-de-chile\/#breadcrumb"},"inLanguage":"es","potentialAction":[{"@type":"ReadAction","target":["https:\/\/dev.antudigital.cl\/sites\/vc\/seba-alfaro-comienza-el-cortejo-funebre-desde-mi-ataud-a-lo-largo-de-chile\/"]}]},{"@type":"ImageObject","inLanguage":"es","@id":"https:\/\/dev.antudigital.cl\/sites\/vc\/seba-alfaro-comienza-el-cortejo-funebre-desde-mi-ataud-a-lo-largo-de-chile\/#primaryimage","url":"https:\/\/dev.antudigital.cl\/sites\/vc\/wp-content\/uploads\/2024\/10\/unnamed-1-1.jpg","contentUrl":"https:\/\/dev.antudigital.cl\/sites\/vc\/wp-content\/uploads\/2024\/10\/unnamed-1-1.jpg","width":1440,"height":900},{"@type":"BreadcrumbList","@id":"https:\/\/dev.antudigital.cl\/sites\/vc\/seba-alfaro-comienza-el-cortejo-funebre-desde-mi-ataud-a-lo-largo-de-chile\/#breadcrumb","itemListElement":[{"@type":"ListItem","position":1,"name":"Home","item":"https:\/\/dev.antudigital.cl\/sites\/vc\/"},{"@type":"ListItem","position":2,"name":"Seba Alfaro comienza el cortejo f\u00fanebre\u00a0\u00abDesde mi Ata\u00fad\u00bb\u00a0a lo largo de Chile"}]},{"@type":"WebSite","@id":"https:\/\/dev.antudigital.cl\/sites\/vc\/#website","url":"https:\/\/dev.antudigital.cl\/sites\/vc\/","name":"Valpara\u00ed\u00adso Creativo","description":"","potentialAction":[{"@type":"SearchAction","target":{"@type":"EntryPoint","urlTemplate":"https:\/\/dev.antudigital.cl\/sites\/vc\/?s={search_term_string}"},"query-input":{"@type":"PropertyValueSpecification","valueRequired":true,"valueName":"search_term_string"}}],"inLanguage":"es"},{"@type":"Person","@id":"https:\/\/dev.antudigital.cl\/sites\/vc\/#\/schema\/person\/c2b9da8dd545e27166fc5ab232837318","name":"Valpara\u00edso Creativo","description":"Periodista de cultura en la Regi\u00f3n de Valpara\u00edso.","url":"https:\/\/dev.antudigital.cl\/sites\/vc\/author\/valpoadmin\/"}]}},"_links":{"self":[{"href":"https:\/\/dev.antudigital.cl\/sites\/vc\/wp-json\/wp\/v2\/posts\/20902","targetHints":{"allow":["GET"]}}],"collection":[{"href":"https:\/\/dev.antudigital.cl\/sites\/vc\/wp-json\/wp\/v2\/posts"}],"about":[{"href":"https:\/\/dev.antudigital.cl\/sites\/vc\/wp-json\/wp\/v2\/types\/post"}],"author":[{"embeddable":true,"href":"https:\/\/dev.antudigital.cl\/sites\/vc\/wp-json\/wp\/v2\/users\/1"}],"replies":[{"embeddable":true,"href":"https:\/\/dev.antudigital.cl\/sites\/vc\/wp-json\/wp\/v2\/comments?post=20902"}],"version-history":[{"count":1,"href":"https:\/\/dev.antudigital.cl\/sites\/vc\/wp-json\/wp\/v2\/posts\/20902\/revisions"}],"predecessor-version":[{"id":20905,"href":"https:\/\/dev.antudigital.cl\/sites\/vc\/wp-json\/wp\/v2\/posts\/20902\/revisions\/20905"}],"wp:featuredmedia":[{"embeddable":true,"href":"https:\/\/dev.antudigital.cl\/sites\/vc\/wp-json\/wp\/v2\/media\/20903"}],"wp:attachment":[{"href":"https:\/\/dev.antudigital.cl\/sites\/vc\/wp-json\/wp\/v2\/media?parent=20902"}],"wp:term":[{"taxonomy":"category","embeddable":true,"href":"https:\/\/dev.antudigital.cl\/sites\/vc\/wp-json\/wp\/v2\/categories?post=20902"},{"taxonomy":"post_tag","embeddable":true,"href":"https:\/\/dev.antudigital.cl\/sites\/vc\/wp-json\/wp\/v2\/tags?post=20902"}],"curies":[{"name":"wp","href":"https:\/\/api.w.org\/{rel}","templated":true}]}}