{"id":20918,"date":"2024-10-28T19:47:36","date_gmt":"2024-10-28T19:47:36","guid":{"rendered":"https:\/\/www.valparaisocreativo.cl\/?p=20918"},"modified":"2024-10-28T19:47:52","modified_gmt":"2024-10-28T19:47:52","slug":"un-concierto-inolvidable-nueva-ola-la-pelicula-se-exhibira-gratis-para-las-personas-mayores-en-villa-alemana","status":"publish","type":"post","link":"https:\/\/dev.antudigital.cl\/sites\/vc\/un-concierto-inolvidable-nueva-ola-la-pelicula-se-exhibira-gratis-para-las-personas-mayores-en-villa-alemana\/","title":{"rendered":"\u201cUn concierto inolvidable: Nueva ola, la pel\u00edcula\u201d se exhibir\u00e1 gratis para las personas mayores en Villa Alemana"},"content":{"rendered":"\n<p><em>El elenco cuenta con la participaci\u00f3n de destacados exponentes de La Nueva Ola como \u201cJos\u00e9 Alfredo Fuentes\u201d, \u201cPeter Rock\u201d, \u201cCecilia, la Incomparable\u201d, \u201cLuis Dimas\u201d, entre otros.&nbsp;<\/em><\/p>\n\n\n\n<p>El&nbsp;<strong>Centro Cultural Quilpu\u00e9 Audiovisual&nbsp;<\/strong>contin\u00faa con la programaci\u00f3n de su cartelera anual en Villa Alemana y como viene siendo habitual, llevar\u00e1 a cabo una&nbsp;<strong>funci\u00f3n dedicada a las personas mayores<\/strong>, buscando ofrecerles un espacio donde puedan recordar y conversar sobre la cinematograf\u00eda nacional.<\/p>\n\n\n\n<p>Es por ello, que exhibir\u00e1n de forma gratuita&nbsp;<strong>\u201cUn concierto inolvidable: Nueva ola, la pel\u00edcula\u201d&nbsp;<\/strong>del director El\u00edas Llanos este&nbsp;<strong>martes 29 de octubre&nbsp;<\/strong>a las&nbsp;<strong>16:00 horas<\/strong>&nbsp;en el&nbsp;<strong>Teatro Municipal Pompeya de Villa Alemana<\/strong>. Aunque la actividad est\u00e1 enfocada para las personas mayores, se encuentra abierta para todo p\u00fablico mayor de 12 a\u00f1os. y la entrada es completamente liberada.<\/p>\n\n\n\n<p><strong>\u201cUn concierto inolvidable: Nueva ola, la pel\u00edcula\u201d&nbsp;<\/strong>es una pel\u00edcula que busca homenajear a 12 figuras de este movimiento musical nacido en Chile en la d\u00e9cada de los 60. Narra la historia de estos artistas, que motivados por la nostalgia se empe\u00f1an en grabar su primera pel\u00edcula para la pantalla grande, para finalizar con un emotivo concierto en un Teatro Municipal de Santiago lleno de personas importantes en su carrera.<\/p>\n\n\n\n<p><strong>Esta iniciativa cuenta con el financiamiento del Ministerio de las Culturas, las Artes y el Patrimonio<\/strong>&nbsp;a trav\u00e9s de su Programa de Apoyo a Organizaciones Culturales Colaboradoras, cuenta con la colaboraci\u00f3n de la&nbsp;<strong>Municipalidad de Villa Alemana y EFE Trenes Valpara\u00edso.<\/strong><\/p>\n\n\n\n<p>Revisa la cartelera completa en&nbsp;<a href=\"http:\/\/www.quilpueaudiovisual.cl\/\" target=\"_blank\" rel=\"noreferrer noopener\">www.quilpueaudiovisual.cl<\/a>&nbsp;<\/p>\n\n\n\n<p>RRSS:<strong>&nbsp;@ccquilpueaudiovisual<\/strong><\/p>\n\n\n\n<figure class=\"wp-block-image size-large\"><img fetchpriority=\"high\" decoding=\"async\" width=\"1024\" height=\"986\" src=\"https:\/\/www.valparaisocreativo.cl\/wp-content\/uploads\/2024\/10\/22-OCT_AM-UN-CONCIERTO-INOVIDABLE-CCQA-VA-1024x986.jpg\" alt=\"\" class=\"wp-image-20920\" srcset=\"https:\/\/dev.antudigital.cl\/sites\/vc\/wp-content\/uploads\/2024\/10\/22-OCT_AM-UN-CONCIERTO-INOVIDABLE-CCQA-VA-1024x986.jpg 1024w, https:\/\/dev.antudigital.cl\/sites\/vc\/wp-content\/uploads\/2024\/10\/22-OCT_AM-UN-CONCIERTO-INOVIDABLE-CCQA-VA-300x289.jpg 300w, https:\/\/dev.antudigital.cl\/sites\/vc\/wp-content\/uploads\/2024\/10\/22-OCT_AM-UN-CONCIERTO-INOVIDABLE-CCQA-VA-768x740.jpg 768w, https:\/\/dev.antudigital.cl\/sites\/vc\/wp-content\/uploads\/2024\/10\/22-OCT_AM-UN-CONCIERTO-INOVIDABLE-CCQA-VA-980x944.jpg 980w, https:\/\/dev.antudigital.cl\/sites\/vc\/wp-content\/uploads\/2024\/10\/22-OCT_AM-UN-CONCIERTO-INOVIDABLE-CCQA-VA-480x462.jpg 480w, https:\/\/dev.antudigital.cl\/sites\/vc\/wp-content\/uploads\/2024\/10\/22-OCT_AM-UN-CONCIERTO-INOVIDABLE-CCQA-VA-24x24.jpg 24w, https:\/\/dev.antudigital.cl\/sites\/vc\/wp-content\/uploads\/2024\/10\/22-OCT_AM-UN-CONCIERTO-INOVIDABLE-CCQA-VA-36x36.jpg 36w, https:\/\/dev.antudigital.cl\/sites\/vc\/wp-content\/uploads\/2024\/10\/22-OCT_AM-UN-CONCIERTO-INOVIDABLE-CCQA-VA-48x46.jpg 48w, https:\/\/dev.antudigital.cl\/sites\/vc\/wp-content\/uploads\/2024\/10\/22-OCT_AM-UN-CONCIERTO-INOVIDABLE-CCQA-VA.jpg 1080w\" sizes=\"(max-width: 1024px) 100vw, 1024px\" \/><\/figure>\n","protected":false},"excerpt":{"rendered":"<p>El elenco cuenta con la participaci\u00f3n de destacados exponentes de La Nueva Ola como \u201cJos\u00e9 Alfredo Fuentes\u201d, \u201cPeter Rock\u201d, \u201cCecilia, la Incomparable\u201d, \u201cLuis Dimas\u201d, entre otros.&nbsp; El&nbsp;Centro Cultural Quilpu\u00e9 Audiovisual&nbsp;contin\u00faa con la programaci\u00f3n de su cartelera anual en Villa Alemana y como viene siendo habitual, llevar\u00e1 a cabo una&nbsp;funci\u00f3n dedicada a las personas mayores, buscando [&hellip;]<\/p>\n","protected":false},"author":1,"featured_media":20919,"comment_status":"closed","ping_status":"closed","sticky":false,"template":"","format":"standard","meta":{"_acf_changed":false,"footnotes":""},"categories":[8],"tags":[],"class_list":["post-20918","post","type-post","status-publish","format-standard","has-post-thumbnail","hentry","category-noticia"],"acf":[],"yoast_head":"<!-- This site is optimized with the Yoast SEO plugin v27.1.1 - https:\/\/yoast.com\/product\/yoast-seo-wordpress\/ -->\n<title>\u201cUn concierto inolvidable: Nueva ola, la pel\u00edcula\u201d se exhibir\u00e1 gratis para las personas mayores en Villa Alemana - Valpara\u00ed\u00adso Creativo<\/title>\n<meta name=\"robots\" content=\"index, follow, max-snippet:-1, max-image-preview:large, max-video-preview:-1\" \/>\n<link rel=\"canonical\" href=\"https:\/\/dev.antudigital.cl\/sites\/vc\/un-concierto-inolvidable-nueva-ola-la-pelicula-se-exhibira-gratis-para-las-personas-mayores-en-villa-alemana\/\" \/>\n<meta property=\"og:locale\" content=\"es_ES\" \/>\n<meta property=\"og:type\" content=\"article\" \/>\n<meta property=\"og:title\" content=\"\u201cUn concierto inolvidable: Nueva ola, la pel\u00edcula\u201d se exhibir\u00e1 gratis para las personas mayores en Villa Alemana - Valpara\u00ed\u00adso Creativo\" \/>\n<meta property=\"og:description\" content=\"El elenco cuenta con la participaci\u00f3n de destacados exponentes de La Nueva Ola como \u201cJos\u00e9 Alfredo Fuentes\u201d, \u201cPeter Rock\u201d, \u201cCecilia, la Incomparable\u201d, \u201cLuis Dimas\u201d, entre otros.&nbsp; El&nbsp;Centro Cultural Quilpu\u00e9 Audiovisual&nbsp;contin\u00faa con la programaci\u00f3n de su cartelera anual en Villa Alemana y como viene siendo habitual, llevar\u00e1 a cabo una&nbsp;funci\u00f3n dedicada a las personas mayores, buscando [&hellip;]\" \/>\n<meta property=\"og:url\" content=\"https:\/\/dev.antudigital.cl\/sites\/vc\/un-concierto-inolvidable-nueva-ola-la-pelicula-se-exhibira-gratis-para-las-personas-mayores-en-villa-alemana\/\" \/>\n<meta property=\"og:site_name\" content=\"Valpara\u00ed\u00adso Creativo\" \/>\n<meta property=\"article:published_time\" content=\"2024-10-28T19:47:36+00:00\" \/>\n<meta property=\"article:modified_time\" content=\"2024-10-28T19:47:52+00:00\" \/>\n<meta property=\"og:image\" content=\"https:\/\/dev.antudigital.cl\/sites\/vc\/wp-content\/uploads\/2024\/10\/Foto-VA-CCQA.jpg\" \/>\n\t<meta property=\"og:image:width\" content=\"2048\" \/>\n\t<meta property=\"og:image:height\" content=\"1366\" \/>\n\t<meta property=\"og:image:type\" content=\"image\/jpeg\" \/>\n<meta name=\"author\" content=\"Valpara\u00edso Creativo\" \/>\n<meta name=\"twitter:card\" content=\"summary_large_image\" \/>\n<meta name=\"twitter:label1\" content=\"Escrito por\" \/>\n\t<meta name=\"twitter:data1\" content=\"Valpara\u00edso Creativo\" \/>\n\t<meta name=\"twitter:label2\" content=\"Tiempo de lectura\" \/>\n\t<meta name=\"twitter:data2\" content=\"2 minutos\" \/>\n<script type=\"application\/ld+json\" class=\"yoast-schema-graph\">{\"@context\":\"https:\/\/schema.org\",\"@graph\":[{\"@type\":\"Article\",\"@id\":\"https:\/\/dev.antudigital.cl\/sites\/vc\/un-concierto-inolvidable-nueva-ola-la-pelicula-se-exhibira-gratis-para-las-personas-mayores-en-villa-alemana\/#article\",\"isPartOf\":{\"@id\":\"https:\/\/dev.antudigital.cl\/sites\/vc\/un-concierto-inolvidable-nueva-ola-la-pelicula-se-exhibira-gratis-para-las-personas-mayores-en-villa-alemana\/\"},\"author\":{\"name\":\"Valpara\u00edso Creativo\",\"@id\":\"https:\/\/dev.antudigital.cl\/sites\/vc\/#\/schema\/person\/c2b9da8dd545e27166fc5ab232837318\"},\"headline\":\"\u201cUn concierto inolvidable: Nueva ola, la pel\u00edcula\u201d se exhibir\u00e1 gratis para las personas mayores en Villa Alemana\",\"datePublished\":\"2024-10-28T19:47:36+00:00\",\"dateModified\":\"2024-10-28T19:47:52+00:00\",\"mainEntityOfPage\":{\"@id\":\"https:\/\/dev.antudigital.cl\/sites\/vc\/un-concierto-inolvidable-nueva-ola-la-pelicula-se-exhibira-gratis-para-las-personas-mayores-en-villa-alemana\/\"},\"wordCount\":300,\"image\":{\"@id\":\"https:\/\/dev.antudigital.cl\/sites\/vc\/un-concierto-inolvidable-nueva-ola-la-pelicula-se-exhibira-gratis-para-las-personas-mayores-en-villa-alemana\/#primaryimage\"},\"thumbnailUrl\":\"https:\/\/dev.antudigital.cl\/sites\/vc\/wp-content\/uploads\/2024\/10\/Foto-VA-CCQA.jpg\",\"articleSection\":[\"Noticia\"],\"inLanguage\":\"es\"},{\"@type\":\"WebPage\",\"@id\":\"https:\/\/dev.antudigital.cl\/sites\/vc\/un-concierto-inolvidable-nueva-ola-la-pelicula-se-exhibira-gratis-para-las-personas-mayores-en-villa-alemana\/\",\"url\":\"https:\/\/dev.antudigital.cl\/sites\/vc\/un-concierto-inolvidable-nueva-ola-la-pelicula-se-exhibira-gratis-para-las-personas-mayores-en-villa-alemana\/\",\"name\":\"\u201cUn concierto inolvidable: Nueva ola, la pel\u00edcula\u201d se exhibir\u00e1 gratis para las personas mayores en Villa Alemana - Valpara\u00ed\u00adso Creativo\",\"isPartOf\":{\"@id\":\"https:\/\/dev.antudigital.cl\/sites\/vc\/#website\"},\"primaryImageOfPage\":{\"@id\":\"https:\/\/dev.antudigital.cl\/sites\/vc\/un-concierto-inolvidable-nueva-ola-la-pelicula-se-exhibira-gratis-para-las-personas-mayores-en-villa-alemana\/#primaryimage\"},\"image\":{\"@id\":\"https:\/\/dev.antudigital.cl\/sites\/vc\/un-concierto-inolvidable-nueva-ola-la-pelicula-se-exhibira-gratis-para-las-personas-mayores-en-villa-alemana\/#primaryimage\"},\"thumbnailUrl\":\"https:\/\/dev.antudigital.cl\/sites\/vc\/wp-content\/uploads\/2024\/10\/Foto-VA-CCQA.jpg\",\"datePublished\":\"2024-10-28T19:47:36+00:00\",\"dateModified\":\"2024-10-28T19:47:52+00:00\",\"author\":{\"@id\":\"https:\/\/dev.antudigital.cl\/sites\/vc\/#\/schema\/person\/c2b9da8dd545e27166fc5ab232837318\"},\"breadcrumb\":{\"@id\":\"https:\/\/dev.antudigital.cl\/sites\/vc\/un-concierto-inolvidable-nueva-ola-la-pelicula-se-exhibira-gratis-para-las-personas-mayores-en-villa-alemana\/#breadcrumb\"},\"inLanguage\":\"es\",\"potentialAction\":[{\"@type\":\"ReadAction\",\"target\":[\"https:\/\/dev.antudigital.cl\/sites\/vc\/un-concierto-inolvidable-nueva-ola-la-pelicula-se-exhibira-gratis-para-las-personas-mayores-en-villa-alemana\/\"]}]},{\"@type\":\"ImageObject\",\"inLanguage\":\"es\",\"@id\":\"https:\/\/dev.antudigital.cl\/sites\/vc\/un-concierto-inolvidable-nueva-ola-la-pelicula-se-exhibira-gratis-para-las-personas-mayores-en-villa-alemana\/#primaryimage\",\"url\":\"https:\/\/dev.antudigital.cl\/sites\/vc\/wp-content\/uploads\/2024\/10\/Foto-VA-CCQA.jpg\",\"contentUrl\":\"https:\/\/dev.antudigital.cl\/sites\/vc\/wp-content\/uploads\/2024\/10\/Foto-VA-CCQA.jpg\",\"width\":2048,\"height\":1366},{\"@type\":\"BreadcrumbList\",\"@id\":\"https:\/\/dev.antudigital.cl\/sites\/vc\/un-concierto-inolvidable-nueva-ola-la-pelicula-se-exhibira-gratis-para-las-personas-mayores-en-villa-alemana\/#breadcrumb\",\"itemListElement\":[{\"@type\":\"ListItem\",\"position\":1,\"name\":\"Home\",\"item\":\"https:\/\/dev.antudigital.cl\/sites\/vc\/\"},{\"@type\":\"ListItem\",\"position\":2,\"name\":\"\u201cUn concierto inolvidable: Nueva ola, la pel\u00edcula\u201d se exhibir\u00e1 gratis para las personas mayores en Villa Alemana\"}]},{\"@type\":\"WebSite\",\"@id\":\"https:\/\/dev.antudigital.cl\/sites\/vc\/#website\",\"url\":\"https:\/\/dev.antudigital.cl\/sites\/vc\/\",\"name\":\"Valpara\u00ed\u00adso Creativo\",\"description\":\"\",\"potentialAction\":[{\"@type\":\"SearchAction\",\"target\":{\"@type\":\"EntryPoint\",\"urlTemplate\":\"https:\/\/dev.antudigital.cl\/sites\/vc\/?s={search_term_string}\"},\"query-input\":{\"@type\":\"PropertyValueSpecification\",\"valueRequired\":true,\"valueName\":\"search_term_string\"}}],\"inLanguage\":\"es\"},{\"@type\":\"Person\",\"@id\":\"https:\/\/dev.antudigital.cl\/sites\/vc\/#\/schema\/person\/c2b9da8dd545e27166fc5ab232837318\",\"name\":\"Valpara\u00edso Creativo\",\"description\":\"Periodista de cultura en la Regi\u00f3n de Valpara\u00edso.\",\"url\":\"https:\/\/dev.antudigital.cl\/sites\/vc\/author\/valpoadmin\/\"}]}<\/script>\n<!-- \/ Yoast SEO plugin. -->","yoast_head_json":{"title":"\u201cUn concierto inolvidable: Nueva ola, la pel\u00edcula\u201d se exhibir\u00e1 gratis para las personas mayores en Villa Alemana - Valpara\u00ed\u00adso Creativo","robots":{"index":"index","follow":"follow","max-snippet":"max-snippet:-1","max-image-preview":"max-image-preview:large","max-video-preview":"max-video-preview:-1"},"canonical":"https:\/\/dev.antudigital.cl\/sites\/vc\/un-concierto-inolvidable-nueva-ola-la-pelicula-se-exhibira-gratis-para-las-personas-mayores-en-villa-alemana\/","og_locale":"es_ES","og_type":"article","og_title":"\u201cUn concierto inolvidable: Nueva ola, la pel\u00edcula\u201d se exhibir\u00e1 gratis para las personas mayores en Villa Alemana - Valpara\u00ed\u00adso Creativo","og_description":"El elenco cuenta con la participaci\u00f3n de destacados exponentes de La Nueva Ola como \u201cJos\u00e9 Alfredo Fuentes\u201d, \u201cPeter Rock\u201d, \u201cCecilia, la Incomparable\u201d, \u201cLuis Dimas\u201d, entre otros.&nbsp; El&nbsp;Centro Cultural Quilpu\u00e9 Audiovisual&nbsp;contin\u00faa con la programaci\u00f3n de su cartelera anual en Villa Alemana y como viene siendo habitual, llevar\u00e1 a cabo una&nbsp;funci\u00f3n dedicada a las personas mayores, buscando [&hellip;]","og_url":"https:\/\/dev.antudigital.cl\/sites\/vc\/un-concierto-inolvidable-nueva-ola-la-pelicula-se-exhibira-gratis-para-las-personas-mayores-en-villa-alemana\/","og_site_name":"Valpara\u00ed\u00adso Creativo","article_published_time":"2024-10-28T19:47:36+00:00","article_modified_time":"2024-10-28T19:47:52+00:00","og_image":[{"width":2048,"height":1366,"url":"https:\/\/dev.antudigital.cl\/sites\/vc\/wp-content\/uploads\/2024\/10\/Foto-VA-CCQA.jpg","type":"image\/jpeg"}],"author":"Valpara\u00edso Creativo","twitter_card":"summary_large_image","twitter_misc":{"Escrito por":"Valpara\u00edso Creativo","Tiempo de lectura":"2 minutos"},"schema":{"@context":"https:\/\/schema.org","@graph":[{"@type":"Article","@id":"https:\/\/dev.antudigital.cl\/sites\/vc\/un-concierto-inolvidable-nueva-ola-la-pelicula-se-exhibira-gratis-para-las-personas-mayores-en-villa-alemana\/#article","isPartOf":{"@id":"https:\/\/dev.antudigital.cl\/sites\/vc\/un-concierto-inolvidable-nueva-ola-la-pelicula-se-exhibira-gratis-para-las-personas-mayores-en-villa-alemana\/"},"author":{"name":"Valpara\u00edso Creativo","@id":"https:\/\/dev.antudigital.cl\/sites\/vc\/#\/schema\/person\/c2b9da8dd545e27166fc5ab232837318"},"headline":"\u201cUn concierto inolvidable: Nueva ola, la pel\u00edcula\u201d se exhibir\u00e1 gratis para las personas mayores en Villa Alemana","datePublished":"2024-10-28T19:47:36+00:00","dateModified":"2024-10-28T19:47:52+00:00","mainEntityOfPage":{"@id":"https:\/\/dev.antudigital.cl\/sites\/vc\/un-concierto-inolvidable-nueva-ola-la-pelicula-se-exhibira-gratis-para-las-personas-mayores-en-villa-alemana\/"},"wordCount":300,"image":{"@id":"https:\/\/dev.antudigital.cl\/sites\/vc\/un-concierto-inolvidable-nueva-ola-la-pelicula-se-exhibira-gratis-para-las-personas-mayores-en-villa-alemana\/#primaryimage"},"thumbnailUrl":"https:\/\/dev.antudigital.cl\/sites\/vc\/wp-content\/uploads\/2024\/10\/Foto-VA-CCQA.jpg","articleSection":["Noticia"],"inLanguage":"es"},{"@type":"WebPage","@id":"https:\/\/dev.antudigital.cl\/sites\/vc\/un-concierto-inolvidable-nueva-ola-la-pelicula-se-exhibira-gratis-para-las-personas-mayores-en-villa-alemana\/","url":"https:\/\/dev.antudigital.cl\/sites\/vc\/un-concierto-inolvidable-nueva-ola-la-pelicula-se-exhibira-gratis-para-las-personas-mayores-en-villa-alemana\/","name":"\u201cUn concierto inolvidable: Nueva ola, la pel\u00edcula\u201d se exhibir\u00e1 gratis para las personas mayores en Villa Alemana - Valpara\u00ed\u00adso Creativo","isPartOf":{"@id":"https:\/\/dev.antudigital.cl\/sites\/vc\/#website"},"primaryImageOfPage":{"@id":"https:\/\/dev.antudigital.cl\/sites\/vc\/un-concierto-inolvidable-nueva-ola-la-pelicula-se-exhibira-gratis-para-las-personas-mayores-en-villa-alemana\/#primaryimage"},"image":{"@id":"https:\/\/dev.antudigital.cl\/sites\/vc\/un-concierto-inolvidable-nueva-ola-la-pelicula-se-exhibira-gratis-para-las-personas-mayores-en-villa-alemana\/#primaryimage"},"thumbnailUrl":"https:\/\/dev.antudigital.cl\/sites\/vc\/wp-content\/uploads\/2024\/10\/Foto-VA-CCQA.jpg","datePublished":"2024-10-28T19:47:36+00:00","dateModified":"2024-10-28T19:47:52+00:00","author":{"@id":"https:\/\/dev.antudigital.cl\/sites\/vc\/#\/schema\/person\/c2b9da8dd545e27166fc5ab232837318"},"breadcrumb":{"@id":"https:\/\/dev.antudigital.cl\/sites\/vc\/un-concierto-inolvidable-nueva-ola-la-pelicula-se-exhibira-gratis-para-las-personas-mayores-en-villa-alemana\/#breadcrumb"},"inLanguage":"es","potentialAction":[{"@type":"ReadAction","target":["https:\/\/dev.antudigital.cl\/sites\/vc\/un-concierto-inolvidable-nueva-ola-la-pelicula-se-exhibira-gratis-para-las-personas-mayores-en-villa-alemana\/"]}]},{"@type":"ImageObject","inLanguage":"es","@id":"https:\/\/dev.antudigital.cl\/sites\/vc\/un-concierto-inolvidable-nueva-ola-la-pelicula-se-exhibira-gratis-para-las-personas-mayores-en-villa-alemana\/#primaryimage","url":"https:\/\/dev.antudigital.cl\/sites\/vc\/wp-content\/uploads\/2024\/10\/Foto-VA-CCQA.jpg","contentUrl":"https:\/\/dev.antudigital.cl\/sites\/vc\/wp-content\/uploads\/2024\/10\/Foto-VA-CCQA.jpg","width":2048,"height":1366},{"@type":"BreadcrumbList","@id":"https:\/\/dev.antudigital.cl\/sites\/vc\/un-concierto-inolvidable-nueva-ola-la-pelicula-se-exhibira-gratis-para-las-personas-mayores-en-villa-alemana\/#breadcrumb","itemListElement":[{"@type":"ListItem","position":1,"name":"Home","item":"https:\/\/dev.antudigital.cl\/sites\/vc\/"},{"@type":"ListItem","position":2,"name":"\u201cUn concierto inolvidable: Nueva ola, la pel\u00edcula\u201d se exhibir\u00e1 gratis para las personas mayores en Villa Alemana"}]},{"@type":"WebSite","@id":"https:\/\/dev.antudigital.cl\/sites\/vc\/#website","url":"https:\/\/dev.antudigital.cl\/sites\/vc\/","name":"Valpara\u00ed\u00adso Creativo","description":"","potentialAction":[{"@type":"SearchAction","target":{"@type":"EntryPoint","urlTemplate":"https:\/\/dev.antudigital.cl\/sites\/vc\/?s={search_term_string}"},"query-input":{"@type":"PropertyValueSpecification","valueRequired":true,"valueName":"search_term_string"}}],"inLanguage":"es"},{"@type":"Person","@id":"https:\/\/dev.antudigital.cl\/sites\/vc\/#\/schema\/person\/c2b9da8dd545e27166fc5ab232837318","name":"Valpara\u00edso Creativo","description":"Periodista de cultura en la Regi\u00f3n de Valpara\u00edso.","url":"https:\/\/dev.antudigital.cl\/sites\/vc\/author\/valpoadmin\/"}]}},"_links":{"self":[{"href":"https:\/\/dev.antudigital.cl\/sites\/vc\/wp-json\/wp\/v2\/posts\/20918","targetHints":{"allow":["GET"]}}],"collection":[{"href":"https:\/\/dev.antudigital.cl\/sites\/vc\/wp-json\/wp\/v2\/posts"}],"about":[{"href":"https:\/\/dev.antudigital.cl\/sites\/vc\/wp-json\/wp\/v2\/types\/post"}],"author":[{"embeddable":true,"href":"https:\/\/dev.antudigital.cl\/sites\/vc\/wp-json\/wp\/v2\/users\/1"}],"replies":[{"embeddable":true,"href":"https:\/\/dev.antudigital.cl\/sites\/vc\/wp-json\/wp\/v2\/comments?post=20918"}],"version-history":[{"count":1,"href":"https:\/\/dev.antudigital.cl\/sites\/vc\/wp-json\/wp\/v2\/posts\/20918\/revisions"}],"predecessor-version":[{"id":20921,"href":"https:\/\/dev.antudigital.cl\/sites\/vc\/wp-json\/wp\/v2\/posts\/20918\/revisions\/20921"}],"wp:featuredmedia":[{"embeddable":true,"href":"https:\/\/dev.antudigital.cl\/sites\/vc\/wp-json\/wp\/v2\/media\/20919"}],"wp:attachment":[{"href":"https:\/\/dev.antudigital.cl\/sites\/vc\/wp-json\/wp\/v2\/media?parent=20918"}],"wp:term":[{"taxonomy":"category","embeddable":true,"href":"https:\/\/dev.antudigital.cl\/sites\/vc\/wp-json\/wp\/v2\/categories?post=20918"},{"taxonomy":"post_tag","embeddable":true,"href":"https:\/\/dev.antudigital.cl\/sites\/vc\/wp-json\/wp\/v2\/tags?post=20918"}],"curies":[{"name":"wp","href":"https:\/\/api.w.org\/{rel}","templated":true}]}}