{"id":20922,"date":"2024-10-28T19:53:27","date_gmt":"2024-10-28T19:53:27","guid":{"rendered":"https:\/\/www.valparaisocreativo.cl\/?p=20922"},"modified":"2024-10-28T19:53:43","modified_gmt":"2024-10-28T19:53:43","slug":"camaralucida-celebra-25-anos-formando-fotografos-en-valparaiso-con-una-fiesta-de-aniversario-abierta-a-la-comunidad","status":"publish","type":"post","link":"https:\/\/dev.antudigital.cl\/sites\/vc\/camaralucida-celebra-25-anos-formando-fotografos-en-valparaiso-con-una-fiesta-de-aniversario-abierta-a-la-comunidad\/","title":{"rendered":"Camaralucida celebra 25 a\u00f1os formando fot\u00f3grafos en Valpara\u00edso con una fiesta de aniversario abierta a la comunidad"},"content":{"rendered":"\n<p>Camaralucida, la hist\u00f3rica escuela de fotograf\u00eda porte\u00f1a, cumple 25 a\u00f1os de trayectoria formando fot\u00f3grafos y fortaleciendo una comunidad artistica en la ciudad. Para celebrar este hito, invita a todos los amantes de la fotograf\u00eda, el arte y la m\u00fasica a una gran fiesta de aniversario, que se llevar\u00e1 a cabo el <strong>s\u00e1bado 9 de noviembre a las 22:00 horas<\/strong> en su sede en <em>Almirante Montt 44, Valpara\u00edso<\/em>. El evento incluir\u00e1 presentaciones en vivo y una exposici\u00f3n especial de fotograf\u00eda, \u00abExpo L\u00facida\u00bb, que convocar\u00e1 a exalumnos y actuales estudiantes a exhibir sus trabajos.<\/p>\n\n\n\n<p>La celebraci\u00f3n estar\u00e1 marcada por la variedad musical que re\u00fane a talentos reconocidos y emergentes. La noche contar\u00e1 con la presentaci\u00f3n en vivo de la cantautora porte\u00f1a <strong>Mora Lucay<\/strong>, la DJ internacionalmente premiada <strong>Alis\u00fa<\/strong>, y el set urbano de <strong>DSRDN<\/strong>. Adem\u00e1s, habr\u00e1 sesiones de vinilos con <strong>Dr. Rouge<\/strong> y <strong>Casa Fresca<\/strong>, quienes llevar\u00e1n su estilo \u00fanico y una selecci\u00f3n de ritmos de eurodance y house.<br><br>Camaralucida ha forjado una reconocida trayectoria en Valpara\u00edso, consolid\u00e1ndose como un espacio donde convergen el aprendizaje t\u00e9cnico, el arte y la experimentaci\u00f3n fotogr\u00e1fica. A lo largo de estos 25 a\u00f1os, la escuela ha ofrecido formaci\u00f3n en fotograf\u00eda anal\u00f3gica, digital, y t\u00e9cnicas de emulsiones artesanales a trav\u00e9s de una variedad de talleres y un diplomado en Fotograf\u00eda Art\u00edstica. Adem\u00e1s, cuenta con una tienda de insumos fotogr\u00e1ficos y una biblioteca especializada auspiciada por el Festival Internacional de Fotograf\u00eda de Valpara\u00edso (FIFV), consolid\u00e1ndose como un referente en el \u00e1mbito de la fotograf\u00eda en la regi\u00f3n.<\/p>\n\n\n\n<p>\u00abExpo L\u00facida\u00bb, una muestra especial, proyectar\u00e1 el talento de estudiantes y exalumnos, invit\u00e1ndolos a compartir sus trabajos fotogr\u00e1ficos en una exposici\u00f3n digital que se podr\u00e1 apreciar durante la fiesta. La convocatoria est\u00e1 abierta a todos quienes han pasado por los talleres de Camaralucida, quienes pueden inscribirse a trav\u00e9s del<a href=\"https:\/\/forms.gle\/9mXuaoqz2wYdH2127\"> enlace<\/a> disponible en las redes de la escuela&nbsp;<\/p>\n\n\n\n<p><strong>Entradas y preventa<\/strong><strong><br><\/strong>Las entradas en preventa est\u00e1n disponibles por $4.000 en sitio web de Camaralucida y son limitadas. El valor en puerta ser\u00e1 de $6.000.<\/p>\n\n\n\n<p>Esta conmemoraci\u00f3n es un hito en la historia de Camaralucida, marcando el comienzo de una nueva etapa en la que la escuela continuar\u00e1 su compromiso de formar profesionales en fotograf\u00eda, apoyar la creatividad local, y fortalecer su comunidad de artistas y colaboradores.<\/p>\n\n\n\n<p>Para m\u00e1s informaci\u00f3n sobre la fiesta de aniversario, la \u00abExpo L\u00facida\u00bb o los cursos y talleres, visita<a href=\"http:\/\/www.camaralucida.cl\"> www.camaralucida.cl<\/a> o escr\u00edbenos a <em>fotografiacamaralucida@gmail.com<\/em>.<\/p>\n\n\n\n<figure class=\"wp-block-image size-large\"><img fetchpriority=\"high\" decoding=\"async\" width=\"1024\" height=\"1024\" src=\"https:\/\/www.valparaisocreativo.cl\/wp-content\/uploads\/2024\/10\/image-1024x1024.png\" alt=\"\" class=\"wp-image-20925\" srcset=\"https:\/\/dev.antudigital.cl\/sites\/vc\/wp-content\/uploads\/2024\/10\/image-1024x1024.png 1024w, https:\/\/dev.antudigital.cl\/sites\/vc\/wp-content\/uploads\/2024\/10\/image-300x300.png 300w, https:\/\/dev.antudigital.cl\/sites\/vc\/wp-content\/uploads\/2024\/10\/image-150x150.png 150w, https:\/\/dev.antudigital.cl\/sites\/vc\/wp-content\/uploads\/2024\/10\/image-768x768.png 768w, https:\/\/dev.antudigital.cl\/sites\/vc\/wp-content\/uploads\/2024\/10\/image-1536x1536.png 1536w, https:\/\/dev.antudigital.cl\/sites\/vc\/wp-content\/uploads\/2024\/10\/image-1080x1080.png 1080w, https:\/\/dev.antudigital.cl\/sites\/vc\/wp-content\/uploads\/2024\/10\/image-1280x1280.png 1280w, https:\/\/dev.antudigital.cl\/sites\/vc\/wp-content\/uploads\/2024\/10\/image-980x980.png 980w, https:\/\/dev.antudigital.cl\/sites\/vc\/wp-content\/uploads\/2024\/10\/image-480x480.png 480w, https:\/\/dev.antudigital.cl\/sites\/vc\/wp-content\/uploads\/2024\/10\/image-24x24.png 24w, https:\/\/dev.antudigital.cl\/sites\/vc\/wp-content\/uploads\/2024\/10\/image-36x36.png 36w, https:\/\/dev.antudigital.cl\/sites\/vc\/wp-content\/uploads\/2024\/10\/image-48x48.png 48w, https:\/\/dev.antudigital.cl\/sites\/vc\/wp-content\/uploads\/2024\/10\/image.png 1600w\" sizes=\"(max-width: 1024px) 100vw, 1024px\" \/><\/figure>\n","protected":false},"excerpt":{"rendered":"<p>Camaralucida, la hist\u00f3rica escuela de fotograf\u00eda porte\u00f1a, cumple 25 a\u00f1os de trayectoria formando fot\u00f3grafos y fortaleciendo una comunidad artistica en la ciudad. Para celebrar este hito, invita a todos los amantes de la fotograf\u00eda, el arte y la m\u00fasica a una gran fiesta de aniversario, que se llevar\u00e1 a cabo el s\u00e1bado 9 de noviembre [&hellip;]<\/p>\n","protected":false},"author":1,"featured_media":20926,"comment_status":"closed","ping_status":"closed","sticky":false,"template":"","format":"standard","meta":{"_acf_changed":false,"footnotes":""},"categories":[8],"tags":[],"class_list":["post-20922","post","type-post","status-publish","format-standard","has-post-thumbnail","hentry","category-noticia"],"acf":[],"yoast_head":"<!-- This site is optimized with the Yoast SEO plugin v27.1.1 - https:\/\/yoast.com\/product\/yoast-seo-wordpress\/ -->\n<title>Camaralucida celebra 25 a\u00f1os formando fot\u00f3grafos en Valpara\u00edso con una fiesta de aniversario abierta a la comunidad - Valpara\u00ed\u00adso Creativo<\/title>\n<meta name=\"robots\" content=\"index, follow, max-snippet:-1, max-image-preview:large, max-video-preview:-1\" \/>\n<link rel=\"canonical\" href=\"https:\/\/dev.antudigital.cl\/sites\/vc\/camaralucida-celebra-25-anos-formando-fotografos-en-valparaiso-con-una-fiesta-de-aniversario-abierta-a-la-comunidad\/\" \/>\n<meta property=\"og:locale\" content=\"es_ES\" \/>\n<meta property=\"og:type\" content=\"article\" \/>\n<meta property=\"og:title\" content=\"Camaralucida celebra 25 a\u00f1os formando fot\u00f3grafos en Valpara\u00edso con una fiesta de aniversario abierta a la comunidad - Valpara\u00ed\u00adso Creativo\" \/>\n<meta property=\"og:description\" content=\"Camaralucida, la hist\u00f3rica escuela de fotograf\u00eda porte\u00f1a, cumple 25 a\u00f1os de trayectoria formando fot\u00f3grafos y fortaleciendo una comunidad artistica en la ciudad. Para celebrar este hito, invita a todos los amantes de la fotograf\u00eda, el arte y la m\u00fasica a una gran fiesta de aniversario, que se llevar\u00e1 a cabo el s\u00e1bado 9 de noviembre [&hellip;]\" \/>\n<meta property=\"og:url\" content=\"https:\/\/dev.antudigital.cl\/sites\/vc\/camaralucida-celebra-25-anos-formando-fotografos-en-valparaiso-con-una-fiesta-de-aniversario-abierta-a-la-comunidad\/\" \/>\n<meta property=\"og:site_name\" content=\"Valpara\u00ed\u00adso Creativo\" \/>\n<meta property=\"article:published_time\" content=\"2024-10-28T19:53:27+00:00\" \/>\n<meta property=\"article:modified_time\" content=\"2024-10-28T19:53:43+00:00\" \/>\n<meta property=\"og:image\" content=\"https:\/\/dev.antudigital.cl\/sites\/vc\/wp-content\/uploads\/2024\/10\/305771167_456999606444118_7825368693478234441_n.jpg\" \/>\n\t<meta property=\"og:image:width\" content=\"2048\" \/>\n\t<meta property=\"og:image:height\" content=\"1365\" \/>\n\t<meta property=\"og:image:type\" content=\"image\/jpeg\" \/>\n<meta name=\"author\" content=\"Valpara\u00edso Creativo\" \/>\n<meta name=\"twitter:card\" content=\"summary_large_image\" \/>\n<meta name=\"twitter:label1\" content=\"Escrito por\" \/>\n\t<meta name=\"twitter:data1\" content=\"Valpara\u00edso Creativo\" \/>\n\t<meta name=\"twitter:label2\" content=\"Tiempo de lectura\" \/>\n\t<meta name=\"twitter:data2\" content=\"3 minutos\" \/>\n<script type=\"application\/ld+json\" class=\"yoast-schema-graph\">{\"@context\":\"https:\/\/schema.org\",\"@graph\":[{\"@type\":\"Article\",\"@id\":\"https:\/\/dev.antudigital.cl\/sites\/vc\/camaralucida-celebra-25-anos-formando-fotografos-en-valparaiso-con-una-fiesta-de-aniversario-abierta-a-la-comunidad\/#article\",\"isPartOf\":{\"@id\":\"https:\/\/dev.antudigital.cl\/sites\/vc\/camaralucida-celebra-25-anos-formando-fotografos-en-valparaiso-con-una-fiesta-de-aniversario-abierta-a-la-comunidad\/\"},\"author\":{\"name\":\"Valpara\u00edso Creativo\",\"@id\":\"https:\/\/dev.antudigital.cl\/sites\/vc\/#\/schema\/person\/c2b9da8dd545e27166fc5ab232837318\"},\"headline\":\"Camaralucida celebra 25 a\u00f1os formando fot\u00f3grafos en Valpara\u00edso con una fiesta de aniversario abierta a la comunidad\",\"datePublished\":\"2024-10-28T19:53:27+00:00\",\"dateModified\":\"2024-10-28T19:53:43+00:00\",\"mainEntityOfPage\":{\"@id\":\"https:\/\/dev.antudigital.cl\/sites\/vc\/camaralucida-celebra-25-anos-formando-fotografos-en-valparaiso-con-una-fiesta-de-aniversario-abierta-a-la-comunidad\/\"},\"wordCount\":464,\"image\":{\"@id\":\"https:\/\/dev.antudigital.cl\/sites\/vc\/camaralucida-celebra-25-anos-formando-fotografos-en-valparaiso-con-una-fiesta-de-aniversario-abierta-a-la-comunidad\/#primaryimage\"},\"thumbnailUrl\":\"https:\/\/dev.antudigital.cl\/sites\/vc\/wp-content\/uploads\/2024\/10\/305771167_456999606444118_7825368693478234441_n.jpg\",\"articleSection\":[\"Noticia\"],\"inLanguage\":\"es\"},{\"@type\":\"WebPage\",\"@id\":\"https:\/\/dev.antudigital.cl\/sites\/vc\/camaralucida-celebra-25-anos-formando-fotografos-en-valparaiso-con-una-fiesta-de-aniversario-abierta-a-la-comunidad\/\",\"url\":\"https:\/\/dev.antudigital.cl\/sites\/vc\/camaralucida-celebra-25-anos-formando-fotografos-en-valparaiso-con-una-fiesta-de-aniversario-abierta-a-la-comunidad\/\",\"name\":\"Camaralucida celebra 25 a\u00f1os formando fot\u00f3grafos en Valpara\u00edso con una fiesta de aniversario abierta a la comunidad - Valpara\u00ed\u00adso Creativo\",\"isPartOf\":{\"@id\":\"https:\/\/dev.antudigital.cl\/sites\/vc\/#website\"},\"primaryImageOfPage\":{\"@id\":\"https:\/\/dev.antudigital.cl\/sites\/vc\/camaralucida-celebra-25-anos-formando-fotografos-en-valparaiso-con-una-fiesta-de-aniversario-abierta-a-la-comunidad\/#primaryimage\"},\"image\":{\"@id\":\"https:\/\/dev.antudigital.cl\/sites\/vc\/camaralucida-celebra-25-anos-formando-fotografos-en-valparaiso-con-una-fiesta-de-aniversario-abierta-a-la-comunidad\/#primaryimage\"},\"thumbnailUrl\":\"https:\/\/dev.antudigital.cl\/sites\/vc\/wp-content\/uploads\/2024\/10\/305771167_456999606444118_7825368693478234441_n.jpg\",\"datePublished\":\"2024-10-28T19:53:27+00:00\",\"dateModified\":\"2024-10-28T19:53:43+00:00\",\"author\":{\"@id\":\"https:\/\/dev.antudigital.cl\/sites\/vc\/#\/schema\/person\/c2b9da8dd545e27166fc5ab232837318\"},\"breadcrumb\":{\"@id\":\"https:\/\/dev.antudigital.cl\/sites\/vc\/camaralucida-celebra-25-anos-formando-fotografos-en-valparaiso-con-una-fiesta-de-aniversario-abierta-a-la-comunidad\/#breadcrumb\"},\"inLanguage\":\"es\",\"potentialAction\":[{\"@type\":\"ReadAction\",\"target\":[\"https:\/\/dev.antudigital.cl\/sites\/vc\/camaralucida-celebra-25-anos-formando-fotografos-en-valparaiso-con-una-fiesta-de-aniversario-abierta-a-la-comunidad\/\"]}]},{\"@type\":\"ImageObject\",\"inLanguage\":\"es\",\"@id\":\"https:\/\/dev.antudigital.cl\/sites\/vc\/camaralucida-celebra-25-anos-formando-fotografos-en-valparaiso-con-una-fiesta-de-aniversario-abierta-a-la-comunidad\/#primaryimage\",\"url\":\"https:\/\/dev.antudigital.cl\/sites\/vc\/wp-content\/uploads\/2024\/10\/305771167_456999606444118_7825368693478234441_n.jpg\",\"contentUrl\":\"https:\/\/dev.antudigital.cl\/sites\/vc\/wp-content\/uploads\/2024\/10\/305771167_456999606444118_7825368693478234441_n.jpg\",\"width\":2048,\"height\":1365},{\"@type\":\"BreadcrumbList\",\"@id\":\"https:\/\/dev.antudigital.cl\/sites\/vc\/camaralucida-celebra-25-anos-formando-fotografos-en-valparaiso-con-una-fiesta-de-aniversario-abierta-a-la-comunidad\/#breadcrumb\",\"itemListElement\":[{\"@type\":\"ListItem\",\"position\":1,\"name\":\"Home\",\"item\":\"https:\/\/dev.antudigital.cl\/sites\/vc\/\"},{\"@type\":\"ListItem\",\"position\":2,\"name\":\"Camaralucida celebra 25 a\u00f1os formando fot\u00f3grafos en Valpara\u00edso con una fiesta de aniversario abierta a la comunidad\"}]},{\"@type\":\"WebSite\",\"@id\":\"https:\/\/dev.antudigital.cl\/sites\/vc\/#website\",\"url\":\"https:\/\/dev.antudigital.cl\/sites\/vc\/\",\"name\":\"Valpara\u00ed\u00adso Creativo\",\"description\":\"\",\"potentialAction\":[{\"@type\":\"SearchAction\",\"target\":{\"@type\":\"EntryPoint\",\"urlTemplate\":\"https:\/\/dev.antudigital.cl\/sites\/vc\/?s={search_term_string}\"},\"query-input\":{\"@type\":\"PropertyValueSpecification\",\"valueRequired\":true,\"valueName\":\"search_term_string\"}}],\"inLanguage\":\"es\"},{\"@type\":\"Person\",\"@id\":\"https:\/\/dev.antudigital.cl\/sites\/vc\/#\/schema\/person\/c2b9da8dd545e27166fc5ab232837318\",\"name\":\"Valpara\u00edso Creativo\",\"description\":\"Periodista de cultura en la Regi\u00f3n de Valpara\u00edso.\",\"url\":\"https:\/\/dev.antudigital.cl\/sites\/vc\/author\/valpoadmin\/\"}]}<\/script>\n<!-- \/ Yoast SEO plugin. -->","yoast_head_json":{"title":"Camaralucida celebra 25 a\u00f1os formando fot\u00f3grafos en Valpara\u00edso con una fiesta de aniversario abierta a la comunidad - Valpara\u00ed\u00adso Creativo","robots":{"index":"index","follow":"follow","max-snippet":"max-snippet:-1","max-image-preview":"max-image-preview:large","max-video-preview":"max-video-preview:-1"},"canonical":"https:\/\/dev.antudigital.cl\/sites\/vc\/camaralucida-celebra-25-anos-formando-fotografos-en-valparaiso-con-una-fiesta-de-aniversario-abierta-a-la-comunidad\/","og_locale":"es_ES","og_type":"article","og_title":"Camaralucida celebra 25 a\u00f1os formando fot\u00f3grafos en Valpara\u00edso con una fiesta de aniversario abierta a la comunidad - Valpara\u00ed\u00adso Creativo","og_description":"Camaralucida, la hist\u00f3rica escuela de fotograf\u00eda porte\u00f1a, cumple 25 a\u00f1os de trayectoria formando fot\u00f3grafos y fortaleciendo una comunidad artistica en la ciudad. Para celebrar este hito, invita a todos los amantes de la fotograf\u00eda, el arte y la m\u00fasica a una gran fiesta de aniversario, que se llevar\u00e1 a cabo el s\u00e1bado 9 de noviembre [&hellip;]","og_url":"https:\/\/dev.antudigital.cl\/sites\/vc\/camaralucida-celebra-25-anos-formando-fotografos-en-valparaiso-con-una-fiesta-de-aniversario-abierta-a-la-comunidad\/","og_site_name":"Valpara\u00ed\u00adso Creativo","article_published_time":"2024-10-28T19:53:27+00:00","article_modified_time":"2024-10-28T19:53:43+00:00","og_image":[{"width":2048,"height":1365,"url":"https:\/\/dev.antudigital.cl\/sites\/vc\/wp-content\/uploads\/2024\/10\/305771167_456999606444118_7825368693478234441_n.jpg","type":"image\/jpeg"}],"author":"Valpara\u00edso Creativo","twitter_card":"summary_large_image","twitter_misc":{"Escrito por":"Valpara\u00edso Creativo","Tiempo de lectura":"3 minutos"},"schema":{"@context":"https:\/\/schema.org","@graph":[{"@type":"Article","@id":"https:\/\/dev.antudigital.cl\/sites\/vc\/camaralucida-celebra-25-anos-formando-fotografos-en-valparaiso-con-una-fiesta-de-aniversario-abierta-a-la-comunidad\/#article","isPartOf":{"@id":"https:\/\/dev.antudigital.cl\/sites\/vc\/camaralucida-celebra-25-anos-formando-fotografos-en-valparaiso-con-una-fiesta-de-aniversario-abierta-a-la-comunidad\/"},"author":{"name":"Valpara\u00edso Creativo","@id":"https:\/\/dev.antudigital.cl\/sites\/vc\/#\/schema\/person\/c2b9da8dd545e27166fc5ab232837318"},"headline":"Camaralucida celebra 25 a\u00f1os formando fot\u00f3grafos en Valpara\u00edso con una fiesta de aniversario abierta a la comunidad","datePublished":"2024-10-28T19:53:27+00:00","dateModified":"2024-10-28T19:53:43+00:00","mainEntityOfPage":{"@id":"https:\/\/dev.antudigital.cl\/sites\/vc\/camaralucida-celebra-25-anos-formando-fotografos-en-valparaiso-con-una-fiesta-de-aniversario-abierta-a-la-comunidad\/"},"wordCount":464,"image":{"@id":"https:\/\/dev.antudigital.cl\/sites\/vc\/camaralucida-celebra-25-anos-formando-fotografos-en-valparaiso-con-una-fiesta-de-aniversario-abierta-a-la-comunidad\/#primaryimage"},"thumbnailUrl":"https:\/\/dev.antudigital.cl\/sites\/vc\/wp-content\/uploads\/2024\/10\/305771167_456999606444118_7825368693478234441_n.jpg","articleSection":["Noticia"],"inLanguage":"es"},{"@type":"WebPage","@id":"https:\/\/dev.antudigital.cl\/sites\/vc\/camaralucida-celebra-25-anos-formando-fotografos-en-valparaiso-con-una-fiesta-de-aniversario-abierta-a-la-comunidad\/","url":"https:\/\/dev.antudigital.cl\/sites\/vc\/camaralucida-celebra-25-anos-formando-fotografos-en-valparaiso-con-una-fiesta-de-aniversario-abierta-a-la-comunidad\/","name":"Camaralucida celebra 25 a\u00f1os formando fot\u00f3grafos en Valpara\u00edso con una fiesta de aniversario abierta a la comunidad - Valpara\u00ed\u00adso Creativo","isPartOf":{"@id":"https:\/\/dev.antudigital.cl\/sites\/vc\/#website"},"primaryImageOfPage":{"@id":"https:\/\/dev.antudigital.cl\/sites\/vc\/camaralucida-celebra-25-anos-formando-fotografos-en-valparaiso-con-una-fiesta-de-aniversario-abierta-a-la-comunidad\/#primaryimage"},"image":{"@id":"https:\/\/dev.antudigital.cl\/sites\/vc\/camaralucida-celebra-25-anos-formando-fotografos-en-valparaiso-con-una-fiesta-de-aniversario-abierta-a-la-comunidad\/#primaryimage"},"thumbnailUrl":"https:\/\/dev.antudigital.cl\/sites\/vc\/wp-content\/uploads\/2024\/10\/305771167_456999606444118_7825368693478234441_n.jpg","datePublished":"2024-10-28T19:53:27+00:00","dateModified":"2024-10-28T19:53:43+00:00","author":{"@id":"https:\/\/dev.antudigital.cl\/sites\/vc\/#\/schema\/person\/c2b9da8dd545e27166fc5ab232837318"},"breadcrumb":{"@id":"https:\/\/dev.antudigital.cl\/sites\/vc\/camaralucida-celebra-25-anos-formando-fotografos-en-valparaiso-con-una-fiesta-de-aniversario-abierta-a-la-comunidad\/#breadcrumb"},"inLanguage":"es","potentialAction":[{"@type":"ReadAction","target":["https:\/\/dev.antudigital.cl\/sites\/vc\/camaralucida-celebra-25-anos-formando-fotografos-en-valparaiso-con-una-fiesta-de-aniversario-abierta-a-la-comunidad\/"]}]},{"@type":"ImageObject","inLanguage":"es","@id":"https:\/\/dev.antudigital.cl\/sites\/vc\/camaralucida-celebra-25-anos-formando-fotografos-en-valparaiso-con-una-fiesta-de-aniversario-abierta-a-la-comunidad\/#primaryimage","url":"https:\/\/dev.antudigital.cl\/sites\/vc\/wp-content\/uploads\/2024\/10\/305771167_456999606444118_7825368693478234441_n.jpg","contentUrl":"https:\/\/dev.antudigital.cl\/sites\/vc\/wp-content\/uploads\/2024\/10\/305771167_456999606444118_7825368693478234441_n.jpg","width":2048,"height":1365},{"@type":"BreadcrumbList","@id":"https:\/\/dev.antudigital.cl\/sites\/vc\/camaralucida-celebra-25-anos-formando-fotografos-en-valparaiso-con-una-fiesta-de-aniversario-abierta-a-la-comunidad\/#breadcrumb","itemListElement":[{"@type":"ListItem","position":1,"name":"Home","item":"https:\/\/dev.antudigital.cl\/sites\/vc\/"},{"@type":"ListItem","position":2,"name":"Camaralucida celebra 25 a\u00f1os formando fot\u00f3grafos en Valpara\u00edso con una fiesta de aniversario abierta a la comunidad"}]},{"@type":"WebSite","@id":"https:\/\/dev.antudigital.cl\/sites\/vc\/#website","url":"https:\/\/dev.antudigital.cl\/sites\/vc\/","name":"Valpara\u00ed\u00adso Creativo","description":"","potentialAction":[{"@type":"SearchAction","target":{"@type":"EntryPoint","urlTemplate":"https:\/\/dev.antudigital.cl\/sites\/vc\/?s={search_term_string}"},"query-input":{"@type":"PropertyValueSpecification","valueRequired":true,"valueName":"search_term_string"}}],"inLanguage":"es"},{"@type":"Person","@id":"https:\/\/dev.antudigital.cl\/sites\/vc\/#\/schema\/person\/c2b9da8dd545e27166fc5ab232837318","name":"Valpara\u00edso Creativo","description":"Periodista de cultura en la Regi\u00f3n de Valpara\u00edso.","url":"https:\/\/dev.antudigital.cl\/sites\/vc\/author\/valpoadmin\/"}]}},"_links":{"self":[{"href":"https:\/\/dev.antudigital.cl\/sites\/vc\/wp-json\/wp\/v2\/posts\/20922","targetHints":{"allow":["GET"]}}],"collection":[{"href":"https:\/\/dev.antudigital.cl\/sites\/vc\/wp-json\/wp\/v2\/posts"}],"about":[{"href":"https:\/\/dev.antudigital.cl\/sites\/vc\/wp-json\/wp\/v2\/types\/post"}],"author":[{"embeddable":true,"href":"https:\/\/dev.antudigital.cl\/sites\/vc\/wp-json\/wp\/v2\/users\/1"}],"replies":[{"embeddable":true,"href":"https:\/\/dev.antudigital.cl\/sites\/vc\/wp-json\/wp\/v2\/comments?post=20922"}],"version-history":[{"count":1,"href":"https:\/\/dev.antudigital.cl\/sites\/vc\/wp-json\/wp\/v2\/posts\/20922\/revisions"}],"predecessor-version":[{"id":20927,"href":"https:\/\/dev.antudigital.cl\/sites\/vc\/wp-json\/wp\/v2\/posts\/20922\/revisions\/20927"}],"wp:featuredmedia":[{"embeddable":true,"href":"https:\/\/dev.antudigital.cl\/sites\/vc\/wp-json\/wp\/v2\/media\/20926"}],"wp:attachment":[{"href":"https:\/\/dev.antudigital.cl\/sites\/vc\/wp-json\/wp\/v2\/media?parent=20922"}],"wp:term":[{"taxonomy":"category","embeddable":true,"href":"https:\/\/dev.antudigital.cl\/sites\/vc\/wp-json\/wp\/v2\/categories?post=20922"},{"taxonomy":"post_tag","embeddable":true,"href":"https:\/\/dev.antudigital.cl\/sites\/vc\/wp-json\/wp\/v2\/tags?post=20922"}],"curies":[{"name":"wp","href":"https:\/\/api.w.org\/{rel}","templated":true}]}}