{"id":20936,"date":"2024-10-28T20:11:57","date_gmt":"2024-10-28T20:11:57","guid":{"rendered":"https:\/\/www.valparaisocreativo.cl\/?p=20936"},"modified":"2024-10-28T20:12:16","modified_gmt":"2024-10-28T20:12:16","slug":"desde-donde-nacen-las-mil-cosas-un-artista-chileno-y-un-aleman-se-unen-en-una-exposicion-multidisciplinaria-en-valparaiso","status":"publish","type":"post","link":"https:\/\/dev.antudigital.cl\/sites\/vc\/desde-donde-nacen-las-mil-cosas-un-artista-chileno-y-un-aleman-se-unen-en-una-exposicion-multidisciplinaria-en-valparaiso\/","title":{"rendered":"\u201cDesde Donde Nacen Las Mil Cosas\u201d, un artista chileno y un alem\u00e1n se unen en una exposici\u00f3n multidisciplinaria en Valpara\u00edso"},"content":{"rendered":"\n<p>En el marco de la tercera edici\u00f3n de las \u201cJornadas Alemanas\u201d organizadas por PALE &#8211; Programa de alem\u00e1n PUCV-DAAD, en colaboraci\u00f3n con otras instituciones; se presenta la exposici\u00f3n&nbsp;<strong>\u201cDesde Donde Nacen Las Mil Cosas &#8211; Im\u00e1genes de una experiencia pasada\u201d&nbsp;<\/strong>de los artistas&nbsp;<strong>Robin Mortimer Kowalewsky (Alemania) y Jos\u00e9 Tobar Vald\u00e9s (Chile)<\/strong>. Esta ser\u00e1 una experiencia multicultural y multidisciplinaria que tendr\u00e1 lugar en&nbsp;<strong>Caf\u00e9 Zeit<\/strong>&nbsp;ubicado en Almirante Montt 658, Valpara\u00edso.&nbsp;<\/p>\n\n\n\n<p>La exposici\u00f3n que se inaugura este viernes 25 de octubre a las 19:00 hrs, contar\u00e1 con diversas obras de ambos artistas en diversos formatos, como muralismo, acuarela, bordado y cer\u00e1mica. Esta muestra busca explorar el mundo m\u00e1s all\u00e1, entrelazando lo externo con lo interno, lo expresivo y lo sensible. Ambos realizadores se reencuentran en su propia investigaci\u00f3n art\u00edstica en un espacio que abre un portal a trav\u00e9s del artista al otro lado del pensamiento.<\/p>\n\n\n\n<p><em>\u201cSomos seres con un pensamiento anclado en el pasado, ese pasado que creemos que nos constituye. Percibimos el entorno, el mundo, a trav\u00e9s de nuestro condicionamiento, sea este&nbsp; familiar, social, religioso u otra forma. Pero ver las cosas como realmente son, sin prejuicios, es un desaf\u00edo\u201d<\/em>, versa el texto curatorial.&nbsp;<\/p>\n\n\n\n<p>La exposici\u00f3n estar\u00e1 abierta al p\u00fablico desde el 25 de octubre hasta el 20 de diciembre. La entrada es liberada.&nbsp;<\/p>\n\n\n\n<p><strong>M\u00e1s sobre los artistas<\/strong><\/p>\n\n\n\n<p><strong>Robin Mortimer Kowalewsky (Alemania)<\/strong><\/p>\n\n\n\n<p>Muralista e ilustrador. En el centro de mis obras me dedico al tema de m\u00e1scaras, identidades, de la b\u00fasqueda eterna del yo, la ambivalente existencia entre el mito y el presente. Considero mi trabajo como una mezcla entre ciencia y arte, oscilando entre exploraci\u00f3n creativa y profunda investigaci\u00f3n. El cuento como fuente de sabidur\u00eda y ensue\u00f1o, de anclarse en la realidad a trav\u00e9s del mito.<\/p>\n\n\n\n<p><strong>Jos\u00e9 Tobar Vald\u00e9s (Chile)<\/strong><\/p>\n\n\n\n<p>Las creaciones del artista autodidacta, tanto en pintura como en cer\u00e1mica, interpretan la belleza y complejidad de sus emociones a trav\u00e9s de figuras humanoides, floridas y con texturas org\u00e1nicas.&nbsp;<\/p>\n\n\n\n<p><strong>Links de inter\u00e9s<\/strong><\/p>\n\n\n\n<p><a href=\"https:\/\/www.instagram.com\/robin_kowalewsky\">https:\/\/www.instagram.com\/robin_kowalewsky<\/a><\/p>\n\n\n\n<p><a href=\"https:\/\/www.instagram.com\/jose.jose.e\">https:\/\/www.instagram.com\/jose.jose.e<\/a><\/p>\n\n\n\n<p><a href=\"https:\/\/www.instagram.com\/cafezeit_valpo\">https:\/\/www.instagram.com\/cafezeit_valpo<\/a><\/p>\n","protected":false},"excerpt":{"rendered":"<p>En el marco de la tercera edici\u00f3n de las \u201cJornadas Alemanas\u201d organizadas por PALE &#8211; Programa de alem\u00e1n PUCV-DAAD, en colaboraci\u00f3n con otras instituciones; se presenta la exposici\u00f3n&nbsp;\u201cDesde Donde Nacen Las Mil Cosas &#8211; Im\u00e1genes de una experiencia pasada\u201d&nbsp;de los artistas&nbsp;Robin Mortimer Kowalewsky (Alemania) y Jos\u00e9 Tobar Vald\u00e9s (Chile). Esta ser\u00e1 una experiencia multicultural y [&hellip;]<\/p>\n","protected":false},"author":1,"featured_media":20937,"comment_status":"closed","ping_status":"closed","sticky":false,"template":"","format":"standard","meta":{"_acf_changed":false,"footnotes":""},"categories":[8],"tags":[],"class_list":["post-20936","post","type-post","status-publish","format-standard","has-post-thumbnail","hentry","category-noticia"],"acf":[],"yoast_head":"<!-- This site is optimized with the Yoast SEO plugin v27.1.1 - https:\/\/yoast.com\/product\/yoast-seo-wordpress\/ -->\n<title>\u201cDesde Donde Nacen Las Mil Cosas\u201d, un artista chileno y un alem\u00e1n se unen en una exposici\u00f3n multidisciplinaria en Valpara\u00edso - Valpara\u00ed\u00adso Creativo<\/title>\n<meta name=\"robots\" content=\"index, follow, max-snippet:-1, max-image-preview:large, max-video-preview:-1\" \/>\n<link rel=\"canonical\" href=\"https:\/\/dev.antudigital.cl\/sites\/vc\/desde-donde-nacen-las-mil-cosas-un-artista-chileno-y-un-aleman-se-unen-en-una-exposicion-multidisciplinaria-en-valparaiso\/\" \/>\n<meta property=\"og:locale\" content=\"es_ES\" \/>\n<meta property=\"og:type\" content=\"article\" \/>\n<meta property=\"og:title\" content=\"\u201cDesde Donde Nacen Las Mil Cosas\u201d, un artista chileno y un alem\u00e1n se unen en una exposici\u00f3n multidisciplinaria en Valpara\u00edso - Valpara\u00ed\u00adso Creativo\" \/>\n<meta property=\"og:description\" content=\"En el marco de la tercera edici\u00f3n de las \u201cJornadas Alemanas\u201d organizadas por PALE &#8211; Programa de alem\u00e1n PUCV-DAAD, en colaboraci\u00f3n con otras instituciones; se presenta la exposici\u00f3n&nbsp;\u201cDesde Donde Nacen Las Mil Cosas &#8211; Im\u00e1genes de una experiencia pasada\u201d&nbsp;de los artistas&nbsp;Robin Mortimer Kowalewsky (Alemania) y Jos\u00e9 Tobar Vald\u00e9s (Chile). Esta ser\u00e1 una experiencia multicultural y [&hellip;]\" \/>\n<meta property=\"og:url\" content=\"https:\/\/dev.antudigital.cl\/sites\/vc\/desde-donde-nacen-las-mil-cosas-un-artista-chileno-y-un-aleman-se-unen-en-una-exposicion-multidisciplinaria-en-valparaiso\/\" \/>\n<meta property=\"og:site_name\" content=\"Valpara\u00ed\u00adso Creativo\" \/>\n<meta property=\"article:published_time\" content=\"2024-10-28T20:11:57+00:00\" \/>\n<meta property=\"article:modified_time\" content=\"2024-10-28T20:12:16+00:00\" \/>\n<meta property=\"og:image\" content=\"https:\/\/dev.antudigital.cl\/sites\/vc\/wp-content\/uploads\/2024\/10\/unnamed.jpg\" \/>\n\t<meta property=\"og:image:width\" content=\"2048\" \/>\n\t<meta property=\"og:image:height\" content=\"2048\" \/>\n\t<meta property=\"og:image:type\" content=\"image\/jpeg\" \/>\n<meta name=\"author\" content=\"Valpara\u00edso Creativo\" \/>\n<meta name=\"twitter:card\" content=\"summary_large_image\" \/>\n<meta name=\"twitter:label1\" content=\"Escrito por\" \/>\n\t<meta name=\"twitter:data1\" content=\"Valpara\u00edso Creativo\" \/>\n\t<meta name=\"twitter:label2\" content=\"Tiempo de lectura\" \/>\n\t<meta name=\"twitter:data2\" content=\"2 minutos\" \/>\n<script type=\"application\/ld+json\" class=\"yoast-schema-graph\">{\"@context\":\"https:\/\/schema.org\",\"@graph\":[{\"@type\":\"Article\",\"@id\":\"https:\/\/dev.antudigital.cl\/sites\/vc\/desde-donde-nacen-las-mil-cosas-un-artista-chileno-y-un-aleman-se-unen-en-una-exposicion-multidisciplinaria-en-valparaiso\/#article\",\"isPartOf\":{\"@id\":\"https:\/\/dev.antudigital.cl\/sites\/vc\/desde-donde-nacen-las-mil-cosas-un-artista-chileno-y-un-aleman-se-unen-en-una-exposicion-multidisciplinaria-en-valparaiso\/\"},\"author\":{\"name\":\"Valpara\u00edso Creativo\",\"@id\":\"https:\/\/dev.antudigital.cl\/sites\/vc\/#\/schema\/person\/c2b9da8dd545e27166fc5ab232837318\"},\"headline\":\"\u201cDesde Donde Nacen Las Mil Cosas\u201d, un artista chileno y un alem\u00e1n se unen en una exposici\u00f3n multidisciplinaria en Valpara\u00edso\",\"datePublished\":\"2024-10-28T20:11:57+00:00\",\"dateModified\":\"2024-10-28T20:12:16+00:00\",\"mainEntityOfPage\":{\"@id\":\"https:\/\/dev.antudigital.cl\/sites\/vc\/desde-donde-nacen-las-mil-cosas-un-artista-chileno-y-un-aleman-se-unen-en-una-exposicion-multidisciplinaria-en-valparaiso\/\"},\"wordCount\":401,\"image\":{\"@id\":\"https:\/\/dev.antudigital.cl\/sites\/vc\/desde-donde-nacen-las-mil-cosas-un-artista-chileno-y-un-aleman-se-unen-en-una-exposicion-multidisciplinaria-en-valparaiso\/#primaryimage\"},\"thumbnailUrl\":\"https:\/\/dev.antudigital.cl\/sites\/vc\/wp-content\/uploads\/2024\/10\/unnamed.jpg\",\"articleSection\":[\"Noticia\"],\"inLanguage\":\"es\"},{\"@type\":\"WebPage\",\"@id\":\"https:\/\/dev.antudigital.cl\/sites\/vc\/desde-donde-nacen-las-mil-cosas-un-artista-chileno-y-un-aleman-se-unen-en-una-exposicion-multidisciplinaria-en-valparaiso\/\",\"url\":\"https:\/\/dev.antudigital.cl\/sites\/vc\/desde-donde-nacen-las-mil-cosas-un-artista-chileno-y-un-aleman-se-unen-en-una-exposicion-multidisciplinaria-en-valparaiso\/\",\"name\":\"\u201cDesde Donde Nacen Las Mil Cosas\u201d, un artista chileno y un alem\u00e1n se unen en una exposici\u00f3n multidisciplinaria en Valpara\u00edso - Valpara\u00ed\u00adso Creativo\",\"isPartOf\":{\"@id\":\"https:\/\/dev.antudigital.cl\/sites\/vc\/#website\"},\"primaryImageOfPage\":{\"@id\":\"https:\/\/dev.antudigital.cl\/sites\/vc\/desde-donde-nacen-las-mil-cosas-un-artista-chileno-y-un-aleman-se-unen-en-una-exposicion-multidisciplinaria-en-valparaiso\/#primaryimage\"},\"image\":{\"@id\":\"https:\/\/dev.antudigital.cl\/sites\/vc\/desde-donde-nacen-las-mil-cosas-un-artista-chileno-y-un-aleman-se-unen-en-una-exposicion-multidisciplinaria-en-valparaiso\/#primaryimage\"},\"thumbnailUrl\":\"https:\/\/dev.antudigital.cl\/sites\/vc\/wp-content\/uploads\/2024\/10\/unnamed.jpg\",\"datePublished\":\"2024-10-28T20:11:57+00:00\",\"dateModified\":\"2024-10-28T20:12:16+00:00\",\"author\":{\"@id\":\"https:\/\/dev.antudigital.cl\/sites\/vc\/#\/schema\/person\/c2b9da8dd545e27166fc5ab232837318\"},\"breadcrumb\":{\"@id\":\"https:\/\/dev.antudigital.cl\/sites\/vc\/desde-donde-nacen-las-mil-cosas-un-artista-chileno-y-un-aleman-se-unen-en-una-exposicion-multidisciplinaria-en-valparaiso\/#breadcrumb\"},\"inLanguage\":\"es\",\"potentialAction\":[{\"@type\":\"ReadAction\",\"target\":[\"https:\/\/dev.antudigital.cl\/sites\/vc\/desde-donde-nacen-las-mil-cosas-un-artista-chileno-y-un-aleman-se-unen-en-una-exposicion-multidisciplinaria-en-valparaiso\/\"]}]},{\"@type\":\"ImageObject\",\"inLanguage\":\"es\",\"@id\":\"https:\/\/dev.antudigital.cl\/sites\/vc\/desde-donde-nacen-las-mil-cosas-un-artista-chileno-y-un-aleman-se-unen-en-una-exposicion-multidisciplinaria-en-valparaiso\/#primaryimage\",\"url\":\"https:\/\/dev.antudigital.cl\/sites\/vc\/wp-content\/uploads\/2024\/10\/unnamed.jpg\",\"contentUrl\":\"https:\/\/dev.antudigital.cl\/sites\/vc\/wp-content\/uploads\/2024\/10\/unnamed.jpg\",\"width\":2048,\"height\":2048},{\"@type\":\"BreadcrumbList\",\"@id\":\"https:\/\/dev.antudigital.cl\/sites\/vc\/desde-donde-nacen-las-mil-cosas-un-artista-chileno-y-un-aleman-se-unen-en-una-exposicion-multidisciplinaria-en-valparaiso\/#breadcrumb\",\"itemListElement\":[{\"@type\":\"ListItem\",\"position\":1,\"name\":\"Home\",\"item\":\"https:\/\/dev.antudigital.cl\/sites\/vc\/\"},{\"@type\":\"ListItem\",\"position\":2,\"name\":\"\u201cDesde Donde Nacen Las Mil Cosas\u201d, un artista chileno y un alem\u00e1n se unen en una exposici\u00f3n multidisciplinaria en Valpara\u00edso\"}]},{\"@type\":\"WebSite\",\"@id\":\"https:\/\/dev.antudigital.cl\/sites\/vc\/#website\",\"url\":\"https:\/\/dev.antudigital.cl\/sites\/vc\/\",\"name\":\"Valpara\u00ed\u00adso Creativo\",\"description\":\"\",\"potentialAction\":[{\"@type\":\"SearchAction\",\"target\":{\"@type\":\"EntryPoint\",\"urlTemplate\":\"https:\/\/dev.antudigital.cl\/sites\/vc\/?s={search_term_string}\"},\"query-input\":{\"@type\":\"PropertyValueSpecification\",\"valueRequired\":true,\"valueName\":\"search_term_string\"}}],\"inLanguage\":\"es\"},{\"@type\":\"Person\",\"@id\":\"https:\/\/dev.antudigital.cl\/sites\/vc\/#\/schema\/person\/c2b9da8dd545e27166fc5ab232837318\",\"name\":\"Valpara\u00edso Creativo\",\"description\":\"Periodista de cultura en la Regi\u00f3n de Valpara\u00edso.\",\"url\":\"https:\/\/dev.antudigital.cl\/sites\/vc\/author\/valpoadmin\/\"}]}<\/script>\n<!-- \/ Yoast SEO plugin. -->","yoast_head_json":{"title":"\u201cDesde Donde Nacen Las Mil Cosas\u201d, un artista chileno y un alem\u00e1n se unen en una exposici\u00f3n multidisciplinaria en Valpara\u00edso - Valpara\u00ed\u00adso Creativo","robots":{"index":"index","follow":"follow","max-snippet":"max-snippet:-1","max-image-preview":"max-image-preview:large","max-video-preview":"max-video-preview:-1"},"canonical":"https:\/\/dev.antudigital.cl\/sites\/vc\/desde-donde-nacen-las-mil-cosas-un-artista-chileno-y-un-aleman-se-unen-en-una-exposicion-multidisciplinaria-en-valparaiso\/","og_locale":"es_ES","og_type":"article","og_title":"\u201cDesde Donde Nacen Las Mil Cosas\u201d, un artista chileno y un alem\u00e1n se unen en una exposici\u00f3n multidisciplinaria en Valpara\u00edso - Valpara\u00ed\u00adso Creativo","og_description":"En el marco de la tercera edici\u00f3n de las \u201cJornadas Alemanas\u201d organizadas por PALE &#8211; Programa de alem\u00e1n PUCV-DAAD, en colaboraci\u00f3n con otras instituciones; se presenta la exposici\u00f3n&nbsp;\u201cDesde Donde Nacen Las Mil Cosas &#8211; Im\u00e1genes de una experiencia pasada\u201d&nbsp;de los artistas&nbsp;Robin Mortimer Kowalewsky (Alemania) y Jos\u00e9 Tobar Vald\u00e9s (Chile). Esta ser\u00e1 una experiencia multicultural y [&hellip;]","og_url":"https:\/\/dev.antudigital.cl\/sites\/vc\/desde-donde-nacen-las-mil-cosas-un-artista-chileno-y-un-aleman-se-unen-en-una-exposicion-multidisciplinaria-en-valparaiso\/","og_site_name":"Valpara\u00ed\u00adso Creativo","article_published_time":"2024-10-28T20:11:57+00:00","article_modified_time":"2024-10-28T20:12:16+00:00","og_image":[{"width":2048,"height":2048,"url":"https:\/\/dev.antudigital.cl\/sites\/vc\/wp-content\/uploads\/2024\/10\/unnamed.jpg","type":"image\/jpeg"}],"author":"Valpara\u00edso Creativo","twitter_card":"summary_large_image","twitter_misc":{"Escrito por":"Valpara\u00edso Creativo","Tiempo de lectura":"2 minutos"},"schema":{"@context":"https:\/\/schema.org","@graph":[{"@type":"Article","@id":"https:\/\/dev.antudigital.cl\/sites\/vc\/desde-donde-nacen-las-mil-cosas-un-artista-chileno-y-un-aleman-se-unen-en-una-exposicion-multidisciplinaria-en-valparaiso\/#article","isPartOf":{"@id":"https:\/\/dev.antudigital.cl\/sites\/vc\/desde-donde-nacen-las-mil-cosas-un-artista-chileno-y-un-aleman-se-unen-en-una-exposicion-multidisciplinaria-en-valparaiso\/"},"author":{"name":"Valpara\u00edso Creativo","@id":"https:\/\/dev.antudigital.cl\/sites\/vc\/#\/schema\/person\/c2b9da8dd545e27166fc5ab232837318"},"headline":"\u201cDesde Donde Nacen Las Mil Cosas\u201d, un artista chileno y un alem\u00e1n se unen en una exposici\u00f3n multidisciplinaria en Valpara\u00edso","datePublished":"2024-10-28T20:11:57+00:00","dateModified":"2024-10-28T20:12:16+00:00","mainEntityOfPage":{"@id":"https:\/\/dev.antudigital.cl\/sites\/vc\/desde-donde-nacen-las-mil-cosas-un-artista-chileno-y-un-aleman-se-unen-en-una-exposicion-multidisciplinaria-en-valparaiso\/"},"wordCount":401,"image":{"@id":"https:\/\/dev.antudigital.cl\/sites\/vc\/desde-donde-nacen-las-mil-cosas-un-artista-chileno-y-un-aleman-se-unen-en-una-exposicion-multidisciplinaria-en-valparaiso\/#primaryimage"},"thumbnailUrl":"https:\/\/dev.antudigital.cl\/sites\/vc\/wp-content\/uploads\/2024\/10\/unnamed.jpg","articleSection":["Noticia"],"inLanguage":"es"},{"@type":"WebPage","@id":"https:\/\/dev.antudigital.cl\/sites\/vc\/desde-donde-nacen-las-mil-cosas-un-artista-chileno-y-un-aleman-se-unen-en-una-exposicion-multidisciplinaria-en-valparaiso\/","url":"https:\/\/dev.antudigital.cl\/sites\/vc\/desde-donde-nacen-las-mil-cosas-un-artista-chileno-y-un-aleman-se-unen-en-una-exposicion-multidisciplinaria-en-valparaiso\/","name":"\u201cDesde Donde Nacen Las Mil Cosas\u201d, un artista chileno y un alem\u00e1n se unen en una exposici\u00f3n multidisciplinaria en Valpara\u00edso - Valpara\u00ed\u00adso Creativo","isPartOf":{"@id":"https:\/\/dev.antudigital.cl\/sites\/vc\/#website"},"primaryImageOfPage":{"@id":"https:\/\/dev.antudigital.cl\/sites\/vc\/desde-donde-nacen-las-mil-cosas-un-artista-chileno-y-un-aleman-se-unen-en-una-exposicion-multidisciplinaria-en-valparaiso\/#primaryimage"},"image":{"@id":"https:\/\/dev.antudigital.cl\/sites\/vc\/desde-donde-nacen-las-mil-cosas-un-artista-chileno-y-un-aleman-se-unen-en-una-exposicion-multidisciplinaria-en-valparaiso\/#primaryimage"},"thumbnailUrl":"https:\/\/dev.antudigital.cl\/sites\/vc\/wp-content\/uploads\/2024\/10\/unnamed.jpg","datePublished":"2024-10-28T20:11:57+00:00","dateModified":"2024-10-28T20:12:16+00:00","author":{"@id":"https:\/\/dev.antudigital.cl\/sites\/vc\/#\/schema\/person\/c2b9da8dd545e27166fc5ab232837318"},"breadcrumb":{"@id":"https:\/\/dev.antudigital.cl\/sites\/vc\/desde-donde-nacen-las-mil-cosas-un-artista-chileno-y-un-aleman-se-unen-en-una-exposicion-multidisciplinaria-en-valparaiso\/#breadcrumb"},"inLanguage":"es","potentialAction":[{"@type":"ReadAction","target":["https:\/\/dev.antudigital.cl\/sites\/vc\/desde-donde-nacen-las-mil-cosas-un-artista-chileno-y-un-aleman-se-unen-en-una-exposicion-multidisciplinaria-en-valparaiso\/"]}]},{"@type":"ImageObject","inLanguage":"es","@id":"https:\/\/dev.antudigital.cl\/sites\/vc\/desde-donde-nacen-las-mil-cosas-un-artista-chileno-y-un-aleman-se-unen-en-una-exposicion-multidisciplinaria-en-valparaiso\/#primaryimage","url":"https:\/\/dev.antudigital.cl\/sites\/vc\/wp-content\/uploads\/2024\/10\/unnamed.jpg","contentUrl":"https:\/\/dev.antudigital.cl\/sites\/vc\/wp-content\/uploads\/2024\/10\/unnamed.jpg","width":2048,"height":2048},{"@type":"BreadcrumbList","@id":"https:\/\/dev.antudigital.cl\/sites\/vc\/desde-donde-nacen-las-mil-cosas-un-artista-chileno-y-un-aleman-se-unen-en-una-exposicion-multidisciplinaria-en-valparaiso\/#breadcrumb","itemListElement":[{"@type":"ListItem","position":1,"name":"Home","item":"https:\/\/dev.antudigital.cl\/sites\/vc\/"},{"@type":"ListItem","position":2,"name":"\u201cDesde Donde Nacen Las Mil Cosas\u201d, un artista chileno y un alem\u00e1n se unen en una exposici\u00f3n multidisciplinaria en Valpara\u00edso"}]},{"@type":"WebSite","@id":"https:\/\/dev.antudigital.cl\/sites\/vc\/#website","url":"https:\/\/dev.antudigital.cl\/sites\/vc\/","name":"Valpara\u00ed\u00adso Creativo","description":"","potentialAction":[{"@type":"SearchAction","target":{"@type":"EntryPoint","urlTemplate":"https:\/\/dev.antudigital.cl\/sites\/vc\/?s={search_term_string}"},"query-input":{"@type":"PropertyValueSpecification","valueRequired":true,"valueName":"search_term_string"}}],"inLanguage":"es"},{"@type":"Person","@id":"https:\/\/dev.antudigital.cl\/sites\/vc\/#\/schema\/person\/c2b9da8dd545e27166fc5ab232837318","name":"Valpara\u00edso Creativo","description":"Periodista de cultura en la Regi\u00f3n de Valpara\u00edso.","url":"https:\/\/dev.antudigital.cl\/sites\/vc\/author\/valpoadmin\/"}]}},"_links":{"self":[{"href":"https:\/\/dev.antudigital.cl\/sites\/vc\/wp-json\/wp\/v2\/posts\/20936","targetHints":{"allow":["GET"]}}],"collection":[{"href":"https:\/\/dev.antudigital.cl\/sites\/vc\/wp-json\/wp\/v2\/posts"}],"about":[{"href":"https:\/\/dev.antudigital.cl\/sites\/vc\/wp-json\/wp\/v2\/types\/post"}],"author":[{"embeddable":true,"href":"https:\/\/dev.antudigital.cl\/sites\/vc\/wp-json\/wp\/v2\/users\/1"}],"replies":[{"embeddable":true,"href":"https:\/\/dev.antudigital.cl\/sites\/vc\/wp-json\/wp\/v2\/comments?post=20936"}],"version-history":[{"count":1,"href":"https:\/\/dev.antudigital.cl\/sites\/vc\/wp-json\/wp\/v2\/posts\/20936\/revisions"}],"predecessor-version":[{"id":20939,"href":"https:\/\/dev.antudigital.cl\/sites\/vc\/wp-json\/wp\/v2\/posts\/20936\/revisions\/20939"}],"wp:featuredmedia":[{"embeddable":true,"href":"https:\/\/dev.antudigital.cl\/sites\/vc\/wp-json\/wp\/v2\/media\/20937"}],"wp:attachment":[{"href":"https:\/\/dev.antudigital.cl\/sites\/vc\/wp-json\/wp\/v2\/media?parent=20936"}],"wp:term":[{"taxonomy":"category","embeddable":true,"href":"https:\/\/dev.antudigital.cl\/sites\/vc\/wp-json\/wp\/v2\/categories?post=20936"},{"taxonomy":"post_tag","embeddable":true,"href":"https:\/\/dev.antudigital.cl\/sites\/vc\/wp-json\/wp\/v2\/tags?post=20936"}],"curies":[{"name":"wp","href":"https:\/\/api.w.org\/{rel}","templated":true}]}}