{"id":20940,"date":"2024-10-28T20:20:29","date_gmt":"2024-10-28T20:20:29","guid":{"rendered":"https:\/\/www.valparaisocreativo.cl\/?p=20940"},"modified":"2024-10-28T20:20:49","modified_gmt":"2024-10-28T20:20:49","slug":"tras-funciones-por-el-norte-del-pais-vuelve-la-obra-la-tendala-a-cerro-las-canas","status":"publish","type":"post","link":"https:\/\/dev.antudigital.cl\/sites\/vc\/tras-funciones-por-el-norte-del-pais-vuelve-la-obra-la-tendala-a-cerro-las-canas\/","title":{"rendered":"Tras funciones por el norte del pa\u00eds vuelve la obra \u00abLa tendal\u00e1\u00bb a Cerro Las Ca\u00f1as"},"content":{"rendered":"\n<p>La nueva y tercera creaci\u00f3n de la Cooperativa Teatral de Valpara\u00edso (<em>En la puerta del horno se quema el pan, <\/em>2021<em> y Buenaventura: El A\u00f1o Repetido, <\/em>2022) trae una apuesta callejera y de teatro popular, sostenida por nueve m\u00e1scaras en escena, que cuenta la historia de una familia porte\u00f1a numerosa, que se re\u00fane en pleno invierno para celebrar el cumplea\u00f1os de la matriarca de la familia. Es en este contexto festivo, donde quedar\u00e1&nbsp; <em>La tendal\u00e1<\/em>. Una historia sencilla que pone \u00e9nfasis en el cuerpo, la improvisaci\u00f3n y la m\u00e1scara como soportes centrales para abordar tem\u00e1ticas como el arraigo, la identidad y la memoria colectiva.&nbsp;<\/p>\n\n\n\n<p>La actriz Ruby Fr\u00edas, comenta sobre la obra: \u201cLa Tendal\u00e1\u201d es una obra de teatro atractiva y pesada para la familia, ya que busca promover la memoria y la resiliencia porte\u00f1a, trabajando la amplitud del gesto, el pensamiento m\u00e1gico, la sensibilidad y la ternura.&nbsp;&nbsp;<\/p>\n\n\n\n<p>El proyecto \u201cFisonom\u00eda Esc\u00e9nica del Puerto\u201d <em>(FICVAL 2023)<\/em> fue el puntapi\u00e9 para poder crear este montaje familiar, que tuvo su estreno en diciembre del 2023. Este a\u00f1o gracias FICVAL 2024 podr\u00e1n circular la obra de teatro por distintos lugares del puerto, teniendo funciones con entrada liberada para toda la comunidad. Previo a cada funci\u00f3n se realizar\u00e1 una exposici\u00f3n fotogr\u00e1fica de los rostros porte\u00f1os que inspiraron las m\u00e1scaras de la obra, un sensible trabajo realizado por la fot\u00f3grafa Gabriela G\u00f3nzalez.<\/p>\n\n\n\n<p><strong>Este atractivo trabajo de la Cooperativa Teatral Valpara\u00edso tendr\u00e1 su primera presentaci\u00f3n el d\u00eda mi\u00e9rcoles 30 de octubre en el Centro comunitario las Ca\u00f1as, ubicado en (Av. camino uno #1115 , Cerro Las Ca\u00f1as, Valpara\u00edso). La actividad comenzar\u00e1 a las 18:00 con la exposici\u00f3n fotogr\u00e1fica, continuando a las 19:30 hrs con la funci\u00f3n de la obra de teatro, la entrada es completamente liberada para la comunidad.<\/strong><\/p>\n\n\n\n<p>Ficha Art\u00edstica<\/p>\n\n\n\n<p>Elenco: El\u00edas Flores Saavedra<\/p>\n\n\n\n<p>&nbsp;&nbsp;&nbsp;&nbsp;&nbsp;&nbsp;&nbsp;&nbsp;&nbsp;&nbsp;&nbsp;&nbsp;&nbsp;Constanza Segovia Chamorro<\/p>\n\n\n\n<p>&nbsp;&nbsp;&nbsp;&nbsp;&nbsp;&nbsp;&nbsp;&nbsp;&nbsp;&nbsp;&nbsp;&nbsp;&nbsp;Ruby Fr\u00edas Tobar<\/p>\n\n\n\n<p>Direcci\u00f3n: Sebasti\u00e1n Caro Caro&nbsp;<\/p>\n\n\n\n<p>Apoyo T\u00e9cnico: Krishna Morales<\/p>\n\n\n\n<p>Dise\u00f1o Integral: Cooperativa Teatral de Valpara\u00edso.<\/p>\n\n\n\n<p>Dramaturgismo: Sebasti\u00e1n Caro Caro (Textos de Alfonso Alcalde y Juvenal Pizarro).<\/p>\n\n\n\n<p>Acompa\u00f1amiento construcci\u00f3n m\u00e1scaras: Isis Maldonado.<\/p>\n\n\n\n<p>Dise\u00f1o Gr\u00e1fico: Pulso Gr\u00e1fico.<\/p>\n\n\n\n<p>Producci\u00f3n: Constanza Segovia Ch.<\/p>\n\n\n\n<p>Colaboraciones: Melisa Torrealba, Alejandra Perales y Mar\u00eda Jos\u00e9 Farfal.<\/p>\n\n\n\n<p>Duraci\u00f3n: 55 minutos.<\/p>\n\n\n\n<p>Publico Objetivo: Familiar<\/p>\n\n\n\n<p><strong>Contacto: <\/strong><a href=\"mailto:Cooperativateatralvalparaiso@gmail.com\"><strong>Cooperativateatralvalparaiso@gmail.com<\/strong><\/a><strong>&nbsp;&nbsp;<\/strong><\/p>\n\n\n\n<figure class=\"wp-block-image size-large\"><img fetchpriority=\"high\" decoding=\"async\" width=\"1024\" height=\"1024\" src=\"https:\/\/www.valparaisocreativo.cl\/wp-content\/uploads\/2024\/10\/La-tendala-1024x1024.jpg\" alt=\"\" class=\"wp-image-20942\" srcset=\"https:\/\/dev.antudigital.cl\/sites\/vc\/wp-content\/uploads\/2024\/10\/La-tendala-1024x1024.jpg 1024w, https:\/\/dev.antudigital.cl\/sites\/vc\/wp-content\/uploads\/2024\/10\/La-tendala-300x300.jpg 300w, https:\/\/dev.antudigital.cl\/sites\/vc\/wp-content\/uploads\/2024\/10\/La-tendala-150x150.jpg 150w, https:\/\/dev.antudigital.cl\/sites\/vc\/wp-content\/uploads\/2024\/10\/La-tendala-768x768.jpg 768w, https:\/\/dev.antudigital.cl\/sites\/vc\/wp-content\/uploads\/2024\/10\/La-tendala-980x980.jpg 980w, https:\/\/dev.antudigital.cl\/sites\/vc\/wp-content\/uploads\/2024\/10\/La-tendala-480x480.jpg 480w, https:\/\/dev.antudigital.cl\/sites\/vc\/wp-content\/uploads\/2024\/10\/La-tendala-24x24.jpg 24w, https:\/\/dev.antudigital.cl\/sites\/vc\/wp-content\/uploads\/2024\/10\/La-tendala-36x36.jpg 36w, https:\/\/dev.antudigital.cl\/sites\/vc\/wp-content\/uploads\/2024\/10\/La-tendala-48x48.jpg 48w, https:\/\/dev.antudigital.cl\/sites\/vc\/wp-content\/uploads\/2024\/10\/La-tendala.jpg 1080w\" sizes=\"(max-width: 1024px) 100vw, 1024px\" \/><\/figure>\n","protected":false},"excerpt":{"rendered":"<p>La nueva y tercera creaci\u00f3n de la Cooperativa Teatral de Valpara\u00edso (En la puerta del horno se quema el pan, 2021 y Buenaventura: El A\u00f1o Repetido, 2022) trae una apuesta callejera y de teatro popular, sostenida por nueve m\u00e1scaras en escena, que cuenta la historia de una familia porte\u00f1a numerosa, que se re\u00fane en pleno [&hellip;]<\/p>\n","protected":false},"author":1,"featured_media":20941,"comment_status":"closed","ping_status":"closed","sticky":false,"template":"","format":"standard","meta":{"_acf_changed":false,"footnotes":""},"categories":[8],"tags":[],"class_list":["post-20940","post","type-post","status-publish","format-standard","has-post-thumbnail","hentry","category-noticia"],"acf":[],"yoast_head":"<!-- This site is optimized with the Yoast SEO plugin v27.1.1 - https:\/\/yoast.com\/product\/yoast-seo-wordpress\/ -->\n<title>Tras funciones por el norte del pa\u00eds vuelve la obra &quot;La tendal\u00e1&quot; a Cerro Las Ca\u00f1as - Valpara\u00ed\u00adso Creativo<\/title>\n<meta name=\"robots\" content=\"index, follow, max-snippet:-1, max-image-preview:large, max-video-preview:-1\" \/>\n<link rel=\"canonical\" href=\"https:\/\/dev.antudigital.cl\/sites\/vc\/tras-funciones-por-el-norte-del-pais-vuelve-la-obra-la-tendala-a-cerro-las-canas\/\" \/>\n<meta property=\"og:locale\" content=\"es_ES\" \/>\n<meta property=\"og:type\" content=\"article\" \/>\n<meta property=\"og:title\" content=\"Tras funciones por el norte del pa\u00eds vuelve la obra &quot;La tendal\u00e1&quot; a Cerro Las Ca\u00f1as - Valpara\u00ed\u00adso Creativo\" \/>\n<meta property=\"og:description\" content=\"La nueva y tercera creaci\u00f3n de la Cooperativa Teatral de Valpara\u00edso (En la puerta del horno se quema el pan, 2021 y Buenaventura: El A\u00f1o Repetido, 2022) trae una apuesta callejera y de teatro popular, sostenida por nueve m\u00e1scaras en escena, que cuenta la historia de una familia porte\u00f1a numerosa, que se re\u00fane en pleno [&hellip;]\" \/>\n<meta property=\"og:url\" content=\"https:\/\/dev.antudigital.cl\/sites\/vc\/tras-funciones-por-el-norte-del-pais-vuelve-la-obra-la-tendala-a-cerro-las-canas\/\" \/>\n<meta property=\"og:site_name\" content=\"Valpara\u00ed\u00adso Creativo\" \/>\n<meta property=\"article:published_time\" content=\"2024-10-28T20:20:29+00:00\" \/>\n<meta property=\"article:modified_time\" content=\"2024-10-28T20:20:49+00:00\" \/>\n<meta property=\"og:image\" content=\"https:\/\/dev.antudigital.cl\/sites\/vc\/wp-content\/uploads\/2024\/10\/415067791_18056077201507166_1915286779132233052_n.jpg\" \/>\n\t<meta property=\"og:image:width\" content=\"1440\" \/>\n\t<meta property=\"og:image:height\" content=\"960\" \/>\n\t<meta property=\"og:image:type\" content=\"image\/jpeg\" \/>\n<meta name=\"author\" content=\"Valpara\u00edso Creativo\" \/>\n<meta name=\"twitter:card\" content=\"summary_large_image\" \/>\n<meta name=\"twitter:label1\" content=\"Escrito por\" \/>\n\t<meta name=\"twitter:data1\" content=\"Valpara\u00edso Creativo\" \/>\n\t<meta name=\"twitter:label2\" content=\"Tiempo de lectura\" \/>\n\t<meta name=\"twitter:data2\" content=\"3 minutos\" \/>\n<script type=\"application\/ld+json\" class=\"yoast-schema-graph\">{\"@context\":\"https:\/\/schema.org\",\"@graph\":[{\"@type\":\"Article\",\"@id\":\"https:\/\/dev.antudigital.cl\/sites\/vc\/tras-funciones-por-el-norte-del-pais-vuelve-la-obra-la-tendala-a-cerro-las-canas\/#article\",\"isPartOf\":{\"@id\":\"https:\/\/dev.antudigital.cl\/sites\/vc\/tras-funciones-por-el-norte-del-pais-vuelve-la-obra-la-tendala-a-cerro-las-canas\/\"},\"author\":{\"name\":\"Valpara\u00edso Creativo\",\"@id\":\"https:\/\/dev.antudigital.cl\/sites\/vc\/#\/schema\/person\/c2b9da8dd545e27166fc5ab232837318\"},\"headline\":\"Tras funciones por el norte del pa\u00eds vuelve la obra \u00abLa tendal\u00e1\u00bb a Cerro Las Ca\u00f1as\",\"datePublished\":\"2024-10-28T20:20:29+00:00\",\"dateModified\":\"2024-10-28T20:20:49+00:00\",\"mainEntityOfPage\":{\"@id\":\"https:\/\/dev.antudigital.cl\/sites\/vc\/tras-funciones-por-el-norte-del-pais-vuelve-la-obra-la-tendala-a-cerro-las-canas\/\"},\"wordCount\":454,\"image\":{\"@id\":\"https:\/\/dev.antudigital.cl\/sites\/vc\/tras-funciones-por-el-norte-del-pais-vuelve-la-obra-la-tendala-a-cerro-las-canas\/#primaryimage\"},\"thumbnailUrl\":\"https:\/\/dev.antudigital.cl\/sites\/vc\/wp-content\/uploads\/2024\/10\/415067791_18056077201507166_1915286779132233052_n.jpg\",\"articleSection\":[\"Noticia\"],\"inLanguage\":\"es\"},{\"@type\":\"WebPage\",\"@id\":\"https:\/\/dev.antudigital.cl\/sites\/vc\/tras-funciones-por-el-norte-del-pais-vuelve-la-obra-la-tendala-a-cerro-las-canas\/\",\"url\":\"https:\/\/dev.antudigital.cl\/sites\/vc\/tras-funciones-por-el-norte-del-pais-vuelve-la-obra-la-tendala-a-cerro-las-canas\/\",\"name\":\"Tras funciones por el norte del pa\u00eds vuelve la obra \\\"La tendal\u00e1\\\" a Cerro Las Ca\u00f1as - Valpara\u00ed\u00adso Creativo\",\"isPartOf\":{\"@id\":\"https:\/\/dev.antudigital.cl\/sites\/vc\/#website\"},\"primaryImageOfPage\":{\"@id\":\"https:\/\/dev.antudigital.cl\/sites\/vc\/tras-funciones-por-el-norte-del-pais-vuelve-la-obra-la-tendala-a-cerro-las-canas\/#primaryimage\"},\"image\":{\"@id\":\"https:\/\/dev.antudigital.cl\/sites\/vc\/tras-funciones-por-el-norte-del-pais-vuelve-la-obra-la-tendala-a-cerro-las-canas\/#primaryimage\"},\"thumbnailUrl\":\"https:\/\/dev.antudigital.cl\/sites\/vc\/wp-content\/uploads\/2024\/10\/415067791_18056077201507166_1915286779132233052_n.jpg\",\"datePublished\":\"2024-10-28T20:20:29+00:00\",\"dateModified\":\"2024-10-28T20:20:49+00:00\",\"author\":{\"@id\":\"https:\/\/dev.antudigital.cl\/sites\/vc\/#\/schema\/person\/c2b9da8dd545e27166fc5ab232837318\"},\"breadcrumb\":{\"@id\":\"https:\/\/dev.antudigital.cl\/sites\/vc\/tras-funciones-por-el-norte-del-pais-vuelve-la-obra-la-tendala-a-cerro-las-canas\/#breadcrumb\"},\"inLanguage\":\"es\",\"potentialAction\":[{\"@type\":\"ReadAction\",\"target\":[\"https:\/\/dev.antudigital.cl\/sites\/vc\/tras-funciones-por-el-norte-del-pais-vuelve-la-obra-la-tendala-a-cerro-las-canas\/\"]}]},{\"@type\":\"ImageObject\",\"inLanguage\":\"es\",\"@id\":\"https:\/\/dev.antudigital.cl\/sites\/vc\/tras-funciones-por-el-norte-del-pais-vuelve-la-obra-la-tendala-a-cerro-las-canas\/#primaryimage\",\"url\":\"https:\/\/dev.antudigital.cl\/sites\/vc\/wp-content\/uploads\/2024\/10\/415067791_18056077201507166_1915286779132233052_n.jpg\",\"contentUrl\":\"https:\/\/dev.antudigital.cl\/sites\/vc\/wp-content\/uploads\/2024\/10\/415067791_18056077201507166_1915286779132233052_n.jpg\",\"width\":1440,\"height\":960},{\"@type\":\"BreadcrumbList\",\"@id\":\"https:\/\/dev.antudigital.cl\/sites\/vc\/tras-funciones-por-el-norte-del-pais-vuelve-la-obra-la-tendala-a-cerro-las-canas\/#breadcrumb\",\"itemListElement\":[{\"@type\":\"ListItem\",\"position\":1,\"name\":\"Home\",\"item\":\"https:\/\/dev.antudigital.cl\/sites\/vc\/\"},{\"@type\":\"ListItem\",\"position\":2,\"name\":\"Tras funciones por el norte del pa\u00eds vuelve la obra \u00abLa tendal\u00e1\u00bb a Cerro Las Ca\u00f1as\"}]},{\"@type\":\"WebSite\",\"@id\":\"https:\/\/dev.antudigital.cl\/sites\/vc\/#website\",\"url\":\"https:\/\/dev.antudigital.cl\/sites\/vc\/\",\"name\":\"Valpara\u00ed\u00adso Creativo\",\"description\":\"\",\"potentialAction\":[{\"@type\":\"SearchAction\",\"target\":{\"@type\":\"EntryPoint\",\"urlTemplate\":\"https:\/\/dev.antudigital.cl\/sites\/vc\/?s={search_term_string}\"},\"query-input\":{\"@type\":\"PropertyValueSpecification\",\"valueRequired\":true,\"valueName\":\"search_term_string\"}}],\"inLanguage\":\"es\"},{\"@type\":\"Person\",\"@id\":\"https:\/\/dev.antudigital.cl\/sites\/vc\/#\/schema\/person\/c2b9da8dd545e27166fc5ab232837318\",\"name\":\"Valpara\u00edso Creativo\",\"description\":\"Periodista de cultura en la Regi\u00f3n de Valpara\u00edso.\",\"url\":\"https:\/\/dev.antudigital.cl\/sites\/vc\/author\/valpoadmin\/\"}]}<\/script>\n<!-- \/ Yoast SEO plugin. -->","yoast_head_json":{"title":"Tras funciones por el norte del pa\u00eds vuelve la obra \"La tendal\u00e1\" a Cerro Las Ca\u00f1as - Valpara\u00ed\u00adso Creativo","robots":{"index":"index","follow":"follow","max-snippet":"max-snippet:-1","max-image-preview":"max-image-preview:large","max-video-preview":"max-video-preview:-1"},"canonical":"https:\/\/dev.antudigital.cl\/sites\/vc\/tras-funciones-por-el-norte-del-pais-vuelve-la-obra-la-tendala-a-cerro-las-canas\/","og_locale":"es_ES","og_type":"article","og_title":"Tras funciones por el norte del pa\u00eds vuelve la obra \"La tendal\u00e1\" a Cerro Las Ca\u00f1as - Valpara\u00ed\u00adso Creativo","og_description":"La nueva y tercera creaci\u00f3n de la Cooperativa Teatral de Valpara\u00edso (En la puerta del horno se quema el pan, 2021 y Buenaventura: El A\u00f1o Repetido, 2022) trae una apuesta callejera y de teatro popular, sostenida por nueve m\u00e1scaras en escena, que cuenta la historia de una familia porte\u00f1a numerosa, que se re\u00fane en pleno [&hellip;]","og_url":"https:\/\/dev.antudigital.cl\/sites\/vc\/tras-funciones-por-el-norte-del-pais-vuelve-la-obra-la-tendala-a-cerro-las-canas\/","og_site_name":"Valpara\u00ed\u00adso Creativo","article_published_time":"2024-10-28T20:20:29+00:00","article_modified_time":"2024-10-28T20:20:49+00:00","og_image":[{"width":1440,"height":960,"url":"https:\/\/dev.antudigital.cl\/sites\/vc\/wp-content\/uploads\/2024\/10\/415067791_18056077201507166_1915286779132233052_n.jpg","type":"image\/jpeg"}],"author":"Valpara\u00edso Creativo","twitter_card":"summary_large_image","twitter_misc":{"Escrito por":"Valpara\u00edso Creativo","Tiempo de lectura":"3 minutos"},"schema":{"@context":"https:\/\/schema.org","@graph":[{"@type":"Article","@id":"https:\/\/dev.antudigital.cl\/sites\/vc\/tras-funciones-por-el-norte-del-pais-vuelve-la-obra-la-tendala-a-cerro-las-canas\/#article","isPartOf":{"@id":"https:\/\/dev.antudigital.cl\/sites\/vc\/tras-funciones-por-el-norte-del-pais-vuelve-la-obra-la-tendala-a-cerro-las-canas\/"},"author":{"name":"Valpara\u00edso Creativo","@id":"https:\/\/dev.antudigital.cl\/sites\/vc\/#\/schema\/person\/c2b9da8dd545e27166fc5ab232837318"},"headline":"Tras funciones por el norte del pa\u00eds vuelve la obra \u00abLa tendal\u00e1\u00bb a Cerro Las Ca\u00f1as","datePublished":"2024-10-28T20:20:29+00:00","dateModified":"2024-10-28T20:20:49+00:00","mainEntityOfPage":{"@id":"https:\/\/dev.antudigital.cl\/sites\/vc\/tras-funciones-por-el-norte-del-pais-vuelve-la-obra-la-tendala-a-cerro-las-canas\/"},"wordCount":454,"image":{"@id":"https:\/\/dev.antudigital.cl\/sites\/vc\/tras-funciones-por-el-norte-del-pais-vuelve-la-obra-la-tendala-a-cerro-las-canas\/#primaryimage"},"thumbnailUrl":"https:\/\/dev.antudigital.cl\/sites\/vc\/wp-content\/uploads\/2024\/10\/415067791_18056077201507166_1915286779132233052_n.jpg","articleSection":["Noticia"],"inLanguage":"es"},{"@type":"WebPage","@id":"https:\/\/dev.antudigital.cl\/sites\/vc\/tras-funciones-por-el-norte-del-pais-vuelve-la-obra-la-tendala-a-cerro-las-canas\/","url":"https:\/\/dev.antudigital.cl\/sites\/vc\/tras-funciones-por-el-norte-del-pais-vuelve-la-obra-la-tendala-a-cerro-las-canas\/","name":"Tras funciones por el norte del pa\u00eds vuelve la obra \"La tendal\u00e1\" a Cerro Las Ca\u00f1as - Valpara\u00ed\u00adso Creativo","isPartOf":{"@id":"https:\/\/dev.antudigital.cl\/sites\/vc\/#website"},"primaryImageOfPage":{"@id":"https:\/\/dev.antudigital.cl\/sites\/vc\/tras-funciones-por-el-norte-del-pais-vuelve-la-obra-la-tendala-a-cerro-las-canas\/#primaryimage"},"image":{"@id":"https:\/\/dev.antudigital.cl\/sites\/vc\/tras-funciones-por-el-norte-del-pais-vuelve-la-obra-la-tendala-a-cerro-las-canas\/#primaryimage"},"thumbnailUrl":"https:\/\/dev.antudigital.cl\/sites\/vc\/wp-content\/uploads\/2024\/10\/415067791_18056077201507166_1915286779132233052_n.jpg","datePublished":"2024-10-28T20:20:29+00:00","dateModified":"2024-10-28T20:20:49+00:00","author":{"@id":"https:\/\/dev.antudigital.cl\/sites\/vc\/#\/schema\/person\/c2b9da8dd545e27166fc5ab232837318"},"breadcrumb":{"@id":"https:\/\/dev.antudigital.cl\/sites\/vc\/tras-funciones-por-el-norte-del-pais-vuelve-la-obra-la-tendala-a-cerro-las-canas\/#breadcrumb"},"inLanguage":"es","potentialAction":[{"@type":"ReadAction","target":["https:\/\/dev.antudigital.cl\/sites\/vc\/tras-funciones-por-el-norte-del-pais-vuelve-la-obra-la-tendala-a-cerro-las-canas\/"]}]},{"@type":"ImageObject","inLanguage":"es","@id":"https:\/\/dev.antudigital.cl\/sites\/vc\/tras-funciones-por-el-norte-del-pais-vuelve-la-obra-la-tendala-a-cerro-las-canas\/#primaryimage","url":"https:\/\/dev.antudigital.cl\/sites\/vc\/wp-content\/uploads\/2024\/10\/415067791_18056077201507166_1915286779132233052_n.jpg","contentUrl":"https:\/\/dev.antudigital.cl\/sites\/vc\/wp-content\/uploads\/2024\/10\/415067791_18056077201507166_1915286779132233052_n.jpg","width":1440,"height":960},{"@type":"BreadcrumbList","@id":"https:\/\/dev.antudigital.cl\/sites\/vc\/tras-funciones-por-el-norte-del-pais-vuelve-la-obra-la-tendala-a-cerro-las-canas\/#breadcrumb","itemListElement":[{"@type":"ListItem","position":1,"name":"Home","item":"https:\/\/dev.antudigital.cl\/sites\/vc\/"},{"@type":"ListItem","position":2,"name":"Tras funciones por el norte del pa\u00eds vuelve la obra \u00abLa tendal\u00e1\u00bb a Cerro Las Ca\u00f1as"}]},{"@type":"WebSite","@id":"https:\/\/dev.antudigital.cl\/sites\/vc\/#website","url":"https:\/\/dev.antudigital.cl\/sites\/vc\/","name":"Valpara\u00ed\u00adso Creativo","description":"","potentialAction":[{"@type":"SearchAction","target":{"@type":"EntryPoint","urlTemplate":"https:\/\/dev.antudigital.cl\/sites\/vc\/?s={search_term_string}"},"query-input":{"@type":"PropertyValueSpecification","valueRequired":true,"valueName":"search_term_string"}}],"inLanguage":"es"},{"@type":"Person","@id":"https:\/\/dev.antudigital.cl\/sites\/vc\/#\/schema\/person\/c2b9da8dd545e27166fc5ab232837318","name":"Valpara\u00edso Creativo","description":"Periodista de cultura en la Regi\u00f3n de Valpara\u00edso.","url":"https:\/\/dev.antudigital.cl\/sites\/vc\/author\/valpoadmin\/"}]}},"_links":{"self":[{"href":"https:\/\/dev.antudigital.cl\/sites\/vc\/wp-json\/wp\/v2\/posts\/20940","targetHints":{"allow":["GET"]}}],"collection":[{"href":"https:\/\/dev.antudigital.cl\/sites\/vc\/wp-json\/wp\/v2\/posts"}],"about":[{"href":"https:\/\/dev.antudigital.cl\/sites\/vc\/wp-json\/wp\/v2\/types\/post"}],"author":[{"embeddable":true,"href":"https:\/\/dev.antudigital.cl\/sites\/vc\/wp-json\/wp\/v2\/users\/1"}],"replies":[{"embeddable":true,"href":"https:\/\/dev.antudigital.cl\/sites\/vc\/wp-json\/wp\/v2\/comments?post=20940"}],"version-history":[{"count":1,"href":"https:\/\/dev.antudigital.cl\/sites\/vc\/wp-json\/wp\/v2\/posts\/20940\/revisions"}],"predecessor-version":[{"id":20943,"href":"https:\/\/dev.antudigital.cl\/sites\/vc\/wp-json\/wp\/v2\/posts\/20940\/revisions\/20943"}],"wp:featuredmedia":[{"embeddable":true,"href":"https:\/\/dev.antudigital.cl\/sites\/vc\/wp-json\/wp\/v2\/media\/20941"}],"wp:attachment":[{"href":"https:\/\/dev.antudigital.cl\/sites\/vc\/wp-json\/wp\/v2\/media?parent=20940"}],"wp:term":[{"taxonomy":"category","embeddable":true,"href":"https:\/\/dev.antudigital.cl\/sites\/vc\/wp-json\/wp\/v2\/categories?post=20940"},{"taxonomy":"post_tag","embeddable":true,"href":"https:\/\/dev.antudigital.cl\/sites\/vc\/wp-json\/wp\/v2\/tags?post=20940"}],"curies":[{"name":"wp","href":"https:\/\/api.w.org\/{rel}","templated":true}]}}