{"id":20945,"date":"2024-10-28T20:23:45","date_gmt":"2024-10-28T20:23:45","guid":{"rendered":"https:\/\/www.valparaisocreativo.cl\/?p=20945"},"modified":"2024-10-28T20:24:03","modified_gmt":"2024-10-28T20:24:03","slug":"con-una-cartelera-para-todos-los-publicos-vuelven-las-funciones-de-autocine-a-quilpue","status":"publish","type":"post","link":"https:\/\/dev.antudigital.cl\/sites\/vc\/con-una-cartelera-para-todos-los-publicos-vuelven-las-funciones-de-autocine-a-quilpue\/","title":{"rendered":"Con una cartelera para todos los p\u00fablicos, vuelven las funciones de autocine a Quilpu\u00e9\u00a0"},"content":{"rendered":"\n<p>Siguiendo con nuevos panoramas, el&nbsp;<strong>Centro Cultural Quilpu\u00e9 Audiovisual&nbsp;<\/strong>exhibir\u00e1 diversas pel\u00edculas en&nbsp;<strong>formato autocine&nbsp;<\/strong>de forma gratuita y con cupos limitados. Estas se realizar\u00e1n en el&nbsp;<strong>Portal Belloto<\/strong>&nbsp;y requerir\u00e1n inscripci\u00f3n previa a trav\u00e9s de la p\u00e1gina&nbsp;<a href=\"http:\/\/www.quilpueaudiovisual.cl\/\" target=\"_blank\" rel=\"noreferrer noopener\">www.quilpueaudiovisual.cl<\/a>.<\/p>\n\n\n\n<p>La primera funci\u00f3n ser\u00e1 el&nbsp;<strong>viernes<\/strong>&nbsp;<strong>25 de octubre<\/strong>&nbsp;a las&nbsp;<strong>20:00 horas&nbsp;<\/strong>con una cinta que, a pesar de su limitado presupuesto, fue premiada tanto a nivel nacional como internacional,&nbsp;<strong>\u201cMirageman\u201d<\/strong>, del director Ernesto D\u00edaz, relata la historia de Maco Guti\u00e9rrez (Marko Zaror), un hombre solitario y experto en artes marciales que decide convertirse en el vigilante enmascarado \u201cMirageman\u201d para combatir la delincuencia en Santiago.<\/p>\n\n\n\n<p>Las exhibiciones en&nbsp;<strong>noviembre<\/strong>&nbsp;ser\u00e1n a las&nbsp;<strong>20:30 horas<\/strong>&nbsp;y&nbsp;<strong>comenzar\u00e1n el jueves 21<\/strong>&nbsp;con&nbsp;<strong>\u201cLa mentirita blanca\u201d<\/strong>, una comedia dirigida por Tom\u00e1s Alzamora y protagonizada por Rodrigo Salinas, que trata de un periodista fracasado el cual, debido a la falta de eventos en el peque\u00f1o pueblo donde vive, decide empezar a inventar noticias para no perder su trabajo. Todo se complica cuando se convierte en el reportero m\u00e1s popular de la regi\u00f3n y debe decidir entre seguir mintiendo o finalmente decir la verdad.<\/p>\n\n\n\n<figure class=\"wp-block-image size-full\"><img fetchpriority=\"high\" decoding=\"async\" width=\"707\" height=\"398\" src=\"https:\/\/www.valparaisocreativo.cl\/wp-content\/uploads\/2024\/10\/Mi-mejor-enemigo.jpg\" alt=\"\" class=\"wp-image-20949\" srcset=\"https:\/\/dev.antudigital.cl\/sites\/vc\/wp-content\/uploads\/2024\/10\/Mi-mejor-enemigo.jpg 707w, https:\/\/dev.antudigital.cl\/sites\/vc\/wp-content\/uploads\/2024\/10\/Mi-mejor-enemigo-300x169.jpg 300w, https:\/\/dev.antudigital.cl\/sites\/vc\/wp-content\/uploads\/2024\/10\/Mi-mejor-enemigo-480x270.jpg 480w, https:\/\/dev.antudigital.cl\/sites\/vc\/wp-content\/uploads\/2024\/10\/Mi-mejor-enemigo-24x14.jpg 24w, https:\/\/dev.antudigital.cl\/sites\/vc\/wp-content\/uploads\/2024\/10\/Mi-mejor-enemigo-36x20.jpg 36w, https:\/\/dev.antudigital.cl\/sites\/vc\/wp-content\/uploads\/2024\/10\/Mi-mejor-enemigo-48x27.jpg 48w\" sizes=\"(max-width: 707px) 100vw, 707px\" \/><\/figure>\n\n\n\n<p>El&nbsp;<strong>29 de noviembre&nbsp;<\/strong>ser\u00e1 el turno de&nbsp;<strong>\u201cMi mejor enemigo\u201d<\/strong>, una conmovedora pel\u00edcula b\u00e9lica del director Alex Bowen. Ambientada en diciembre de 1978, en medio de tensiones y rumores de guerra entre Chile y Argentina, una patrulla chilena se pierde en la pampa cuando su br\u00fajula se rompe y se ve obligada a cavar una trinchera, donde, d\u00edas despu\u00e9s, se instalar\u00e1 una patrulla argentina frente a ellos. A pesar de la tensi\u00f3n y la guerra, se dan tiempo para desarrollar una amistad en contra de las probabilidades.<\/p>\n\n\n\n<p>La cartelera llegar\u00e1 a su fin el&nbsp;<strong>viernes 13 de diciembre<\/strong>&nbsp;a las&nbsp;<strong>21:00 horas<\/strong>&nbsp;con&nbsp;<strong>\u201c31 Minutos, la pel\u00edcula\u00bb<\/strong>, dirigida por \u00c1lvaro D\u00edaz y Pedro Peirano. Esta divertida pel\u00edcula, basada en el famoso programa infantil que alegr\u00f3 tantas infancias, cuenta las aventuras de Tulio Trivi\u00f1o y sus amigos mientras tratan de recuperar a Juan\u00edn Juan Harry de las manos de la malvada multimillonaria Cachirula, quien lo tiene secuestrado para completar su colecci\u00f3n de animales ex\u00f3ticos.<\/p>\n\n\n\n<p><strong>Esta iniciativa cuenta con el financiamiento del Ministerio de las Culturas, las Artes y el Patrimonio<\/strong>&nbsp;a trav\u00e9s de su Programa de Apoyo a Organizaciones Culturales Colaboradoras, cuenta con el auspicio de la&nbsp;<strong>Municipalidad de Quilpu\u00e9<\/strong>&nbsp;y&nbsp;la colaboraci\u00f3n de&nbsp;<strong>EFE Trenes Valpara\u00edso<\/strong>&nbsp;y<strong>&nbsp;Cenco Malls Belloto.<\/strong><\/p>\n\n\n\n<p>Revisa la cartelera completa en&nbsp;<a href=\"http:\/\/www.quilpueaudiovisual.cl\/\" target=\"_blank\" rel=\"noreferrer noopener\">www.quilpueaudiovisual.cl<\/a>&nbsp;\/ RRSS:<strong>&nbsp;@ccquilpueaudiovisual<\/strong><\/p>\n\n\n\n<figure class=\"wp-block-image size-large\"><img decoding=\"async\" width=\"819\" height=\"1024\" src=\"https:\/\/www.valparaisocreativo.cl\/wp-content\/uploads\/2024\/10\/Autocine-Quilpue-CCQA-2024-819x1024.png\" alt=\"\" class=\"wp-image-20947\" srcset=\"https:\/\/dev.antudigital.cl\/sites\/vc\/wp-content\/uploads\/2024\/10\/Autocine-Quilpue-CCQA-2024-819x1024.png 819w, https:\/\/dev.antudigital.cl\/sites\/vc\/wp-content\/uploads\/2024\/10\/Autocine-Quilpue-CCQA-2024-240x300.png 240w, https:\/\/dev.antudigital.cl\/sites\/vc\/wp-content\/uploads\/2024\/10\/Autocine-Quilpue-CCQA-2024-768x960.png 768w, https:\/\/dev.antudigital.cl\/sites\/vc\/wp-content\/uploads\/2024\/10\/Autocine-Quilpue-CCQA-2024-980x1225.png 980w, https:\/\/dev.antudigital.cl\/sites\/vc\/wp-content\/uploads\/2024\/10\/Autocine-Quilpue-CCQA-2024-480x600.png 480w, https:\/\/dev.antudigital.cl\/sites\/vc\/wp-content\/uploads\/2024\/10\/Autocine-Quilpue-CCQA-2024-19x24.png 19w, https:\/\/dev.antudigital.cl\/sites\/vc\/wp-content\/uploads\/2024\/10\/Autocine-Quilpue-CCQA-2024-29x36.png 29w, https:\/\/dev.antudigital.cl\/sites\/vc\/wp-content\/uploads\/2024\/10\/Autocine-Quilpue-CCQA-2024-38x48.png 38w, https:\/\/dev.antudigital.cl\/sites\/vc\/wp-content\/uploads\/2024\/10\/Autocine-Quilpue-CCQA-2024.png 1080w\" sizes=\"(max-width: 819px) 100vw, 819px\" \/><\/figure>\n","protected":false},"excerpt":{"rendered":"<p>Siguiendo con nuevos panoramas, el&nbsp;Centro Cultural Quilpu\u00e9 Audiovisual&nbsp;exhibir\u00e1 diversas pel\u00edculas en&nbsp;formato autocine&nbsp;de forma gratuita y con cupos limitados. Estas se realizar\u00e1n en el&nbsp;Portal Belloto&nbsp;y requerir\u00e1n inscripci\u00f3n previa a trav\u00e9s de la p\u00e1gina&nbsp;www.quilpueaudiovisual.cl. La primera funci\u00f3n ser\u00e1 el&nbsp;viernes&nbsp;25 de octubre&nbsp;a las&nbsp;20:00 horas&nbsp;con una cinta que, a pesar de su limitado presupuesto, fue premiada tanto a nivel [&hellip;]<\/p>\n","protected":false},"author":1,"featured_media":20946,"comment_status":"closed","ping_status":"closed","sticky":false,"template":"","format":"standard","meta":{"_acf_changed":false,"footnotes":""},"categories":[8],"tags":[],"class_list":["post-20945","post","type-post","status-publish","format-standard","has-post-thumbnail","hentry","category-noticia"],"acf":[],"yoast_head":"<!-- This site is optimized with the Yoast SEO plugin v27.1.1 - https:\/\/yoast.com\/product\/yoast-seo-wordpress\/ -->\n<title>Con una cartelera para todos los p\u00fablicos, vuelven las funciones de autocine a Quilpu\u00e9\u00a0 - Valpara\u00ed\u00adso Creativo<\/title>\n<meta name=\"robots\" content=\"index, follow, max-snippet:-1, max-image-preview:large, max-video-preview:-1\" \/>\n<link rel=\"canonical\" href=\"https:\/\/dev.antudigital.cl\/sites\/vc\/con-una-cartelera-para-todos-los-publicos-vuelven-las-funciones-de-autocine-a-quilpue\/\" \/>\n<meta property=\"og:locale\" content=\"es_ES\" \/>\n<meta property=\"og:type\" content=\"article\" \/>\n<meta property=\"og:title\" content=\"Con una cartelera para todos los p\u00fablicos, vuelven las funciones de autocine a Quilpu\u00e9\u00a0 - Valpara\u00ed\u00adso Creativo\" \/>\n<meta property=\"og:description\" content=\"Siguiendo con nuevos panoramas, el&nbsp;Centro Cultural Quilpu\u00e9 Audiovisual&nbsp;exhibir\u00e1 diversas pel\u00edculas en&nbsp;formato autocine&nbsp;de forma gratuita y con cupos limitados. Estas se realizar\u00e1n en el&nbsp;Portal Belloto&nbsp;y requerir\u00e1n inscripci\u00f3n previa a trav\u00e9s de la p\u00e1gina&nbsp;www.quilpueaudiovisual.cl. La primera funci\u00f3n ser\u00e1 el&nbsp;viernes&nbsp;25 de octubre&nbsp;a las&nbsp;20:00 horas&nbsp;con una cinta que, a pesar de su limitado presupuesto, fue premiada tanto a nivel [&hellip;]\" \/>\n<meta property=\"og:url\" content=\"https:\/\/dev.antudigital.cl\/sites\/vc\/con-una-cartelera-para-todos-los-publicos-vuelven-las-funciones-de-autocine-a-quilpue\/\" \/>\n<meta property=\"og:site_name\" content=\"Valpara\u00ed\u00adso Creativo\" \/>\n<meta property=\"article:published_time\" content=\"2024-10-28T20:23:45+00:00\" \/>\n<meta property=\"article:modified_time\" content=\"2024-10-28T20:24:03+00:00\" \/>\n<meta property=\"og:image\" content=\"https:\/\/dev.antudigital.cl\/sites\/vc\/wp-content\/uploads\/2024\/10\/Foto-QP-autocine-1.jpg\" \/>\n\t<meta property=\"og:image:width\" content=\"1381\" \/>\n\t<meta property=\"og:image:height\" content=\"918\" \/>\n\t<meta property=\"og:image:type\" content=\"image\/jpeg\" \/>\n<meta name=\"author\" content=\"Valpara\u00edso Creativo\" \/>\n<meta name=\"twitter:card\" content=\"summary_large_image\" \/>\n<meta name=\"twitter:label1\" content=\"Escrito por\" \/>\n\t<meta name=\"twitter:data1\" content=\"Valpara\u00edso Creativo\" \/>\n\t<meta name=\"twitter:label2\" content=\"Tiempo de lectura\" \/>\n\t<meta name=\"twitter:data2\" content=\"3 minutos\" \/>\n<script type=\"application\/ld+json\" class=\"yoast-schema-graph\">{\"@context\":\"https:\/\/schema.org\",\"@graph\":[{\"@type\":\"Article\",\"@id\":\"https:\/\/dev.antudigital.cl\/sites\/vc\/con-una-cartelera-para-todos-los-publicos-vuelven-las-funciones-de-autocine-a-quilpue\/#article\",\"isPartOf\":{\"@id\":\"https:\/\/dev.antudigital.cl\/sites\/vc\/con-una-cartelera-para-todos-los-publicos-vuelven-las-funciones-de-autocine-a-quilpue\/\"},\"author\":{\"name\":\"Valpara\u00edso Creativo\",\"@id\":\"https:\/\/dev.antudigital.cl\/sites\/vc\/#\/schema\/person\/c2b9da8dd545e27166fc5ab232837318\"},\"headline\":\"Con una cartelera para todos los p\u00fablicos, vuelven las funciones de autocine a Quilpu\u00e9\u00a0\",\"datePublished\":\"2024-10-28T20:23:45+00:00\",\"dateModified\":\"2024-10-28T20:24:03+00:00\",\"mainEntityOfPage\":{\"@id\":\"https:\/\/dev.antudigital.cl\/sites\/vc\/con-una-cartelera-para-todos-los-publicos-vuelven-las-funciones-de-autocine-a-quilpue\/\"},\"wordCount\":487,\"image\":{\"@id\":\"https:\/\/dev.antudigital.cl\/sites\/vc\/con-una-cartelera-para-todos-los-publicos-vuelven-las-funciones-de-autocine-a-quilpue\/#primaryimage\"},\"thumbnailUrl\":\"https:\/\/dev.antudigital.cl\/sites\/vc\/wp-content\/uploads\/2024\/10\/Foto-QP-autocine-1.jpg\",\"articleSection\":[\"Noticia\"],\"inLanguage\":\"es\"},{\"@type\":\"WebPage\",\"@id\":\"https:\/\/dev.antudigital.cl\/sites\/vc\/con-una-cartelera-para-todos-los-publicos-vuelven-las-funciones-de-autocine-a-quilpue\/\",\"url\":\"https:\/\/dev.antudigital.cl\/sites\/vc\/con-una-cartelera-para-todos-los-publicos-vuelven-las-funciones-de-autocine-a-quilpue\/\",\"name\":\"Con una cartelera para todos los p\u00fablicos, vuelven las funciones de autocine a Quilpu\u00e9\u00a0 - Valpara\u00ed\u00adso Creativo\",\"isPartOf\":{\"@id\":\"https:\/\/dev.antudigital.cl\/sites\/vc\/#website\"},\"primaryImageOfPage\":{\"@id\":\"https:\/\/dev.antudigital.cl\/sites\/vc\/con-una-cartelera-para-todos-los-publicos-vuelven-las-funciones-de-autocine-a-quilpue\/#primaryimage\"},\"image\":{\"@id\":\"https:\/\/dev.antudigital.cl\/sites\/vc\/con-una-cartelera-para-todos-los-publicos-vuelven-las-funciones-de-autocine-a-quilpue\/#primaryimage\"},\"thumbnailUrl\":\"https:\/\/dev.antudigital.cl\/sites\/vc\/wp-content\/uploads\/2024\/10\/Foto-QP-autocine-1.jpg\",\"datePublished\":\"2024-10-28T20:23:45+00:00\",\"dateModified\":\"2024-10-28T20:24:03+00:00\",\"author\":{\"@id\":\"https:\/\/dev.antudigital.cl\/sites\/vc\/#\/schema\/person\/c2b9da8dd545e27166fc5ab232837318\"},\"breadcrumb\":{\"@id\":\"https:\/\/dev.antudigital.cl\/sites\/vc\/con-una-cartelera-para-todos-los-publicos-vuelven-las-funciones-de-autocine-a-quilpue\/#breadcrumb\"},\"inLanguage\":\"es\",\"potentialAction\":[{\"@type\":\"ReadAction\",\"target\":[\"https:\/\/dev.antudigital.cl\/sites\/vc\/con-una-cartelera-para-todos-los-publicos-vuelven-las-funciones-de-autocine-a-quilpue\/\"]}]},{\"@type\":\"ImageObject\",\"inLanguage\":\"es\",\"@id\":\"https:\/\/dev.antudigital.cl\/sites\/vc\/con-una-cartelera-para-todos-los-publicos-vuelven-las-funciones-de-autocine-a-quilpue\/#primaryimage\",\"url\":\"https:\/\/dev.antudigital.cl\/sites\/vc\/wp-content\/uploads\/2024\/10\/Foto-QP-autocine-1.jpg\",\"contentUrl\":\"https:\/\/dev.antudigital.cl\/sites\/vc\/wp-content\/uploads\/2024\/10\/Foto-QP-autocine-1.jpg\",\"width\":1381,\"height\":918},{\"@type\":\"BreadcrumbList\",\"@id\":\"https:\/\/dev.antudigital.cl\/sites\/vc\/con-una-cartelera-para-todos-los-publicos-vuelven-las-funciones-de-autocine-a-quilpue\/#breadcrumb\",\"itemListElement\":[{\"@type\":\"ListItem\",\"position\":1,\"name\":\"Home\",\"item\":\"https:\/\/dev.antudigital.cl\/sites\/vc\/\"},{\"@type\":\"ListItem\",\"position\":2,\"name\":\"Con una cartelera para todos los p\u00fablicos, vuelven las funciones de autocine a Quilpu\u00e9\u00a0\"}]},{\"@type\":\"WebSite\",\"@id\":\"https:\/\/dev.antudigital.cl\/sites\/vc\/#website\",\"url\":\"https:\/\/dev.antudigital.cl\/sites\/vc\/\",\"name\":\"Valpara\u00ed\u00adso Creativo\",\"description\":\"\",\"potentialAction\":[{\"@type\":\"SearchAction\",\"target\":{\"@type\":\"EntryPoint\",\"urlTemplate\":\"https:\/\/dev.antudigital.cl\/sites\/vc\/?s={search_term_string}\"},\"query-input\":{\"@type\":\"PropertyValueSpecification\",\"valueRequired\":true,\"valueName\":\"search_term_string\"}}],\"inLanguage\":\"es\"},{\"@type\":\"Person\",\"@id\":\"https:\/\/dev.antudigital.cl\/sites\/vc\/#\/schema\/person\/c2b9da8dd545e27166fc5ab232837318\",\"name\":\"Valpara\u00edso Creativo\",\"description\":\"Periodista de cultura en la Regi\u00f3n de Valpara\u00edso.\",\"url\":\"https:\/\/dev.antudigital.cl\/sites\/vc\/author\/valpoadmin\/\"}]}<\/script>\n<!-- \/ Yoast SEO plugin. -->","yoast_head_json":{"title":"Con una cartelera para todos los p\u00fablicos, vuelven las funciones de autocine a Quilpu\u00e9\u00a0 - Valpara\u00ed\u00adso Creativo","robots":{"index":"index","follow":"follow","max-snippet":"max-snippet:-1","max-image-preview":"max-image-preview:large","max-video-preview":"max-video-preview:-1"},"canonical":"https:\/\/dev.antudigital.cl\/sites\/vc\/con-una-cartelera-para-todos-los-publicos-vuelven-las-funciones-de-autocine-a-quilpue\/","og_locale":"es_ES","og_type":"article","og_title":"Con una cartelera para todos los p\u00fablicos, vuelven las funciones de autocine a Quilpu\u00e9\u00a0 - Valpara\u00ed\u00adso Creativo","og_description":"Siguiendo con nuevos panoramas, el&nbsp;Centro Cultural Quilpu\u00e9 Audiovisual&nbsp;exhibir\u00e1 diversas pel\u00edculas en&nbsp;formato autocine&nbsp;de forma gratuita y con cupos limitados. Estas se realizar\u00e1n en el&nbsp;Portal Belloto&nbsp;y requerir\u00e1n inscripci\u00f3n previa a trav\u00e9s de la p\u00e1gina&nbsp;www.quilpueaudiovisual.cl. La primera funci\u00f3n ser\u00e1 el&nbsp;viernes&nbsp;25 de octubre&nbsp;a las&nbsp;20:00 horas&nbsp;con una cinta que, a pesar de su limitado presupuesto, fue premiada tanto a nivel [&hellip;]","og_url":"https:\/\/dev.antudigital.cl\/sites\/vc\/con-una-cartelera-para-todos-los-publicos-vuelven-las-funciones-de-autocine-a-quilpue\/","og_site_name":"Valpara\u00ed\u00adso Creativo","article_published_time":"2024-10-28T20:23:45+00:00","article_modified_time":"2024-10-28T20:24:03+00:00","og_image":[{"width":1381,"height":918,"url":"https:\/\/dev.antudigital.cl\/sites\/vc\/wp-content\/uploads\/2024\/10\/Foto-QP-autocine-1.jpg","type":"image\/jpeg"}],"author":"Valpara\u00edso Creativo","twitter_card":"summary_large_image","twitter_misc":{"Escrito por":"Valpara\u00edso Creativo","Tiempo de lectura":"3 minutos"},"schema":{"@context":"https:\/\/schema.org","@graph":[{"@type":"Article","@id":"https:\/\/dev.antudigital.cl\/sites\/vc\/con-una-cartelera-para-todos-los-publicos-vuelven-las-funciones-de-autocine-a-quilpue\/#article","isPartOf":{"@id":"https:\/\/dev.antudigital.cl\/sites\/vc\/con-una-cartelera-para-todos-los-publicos-vuelven-las-funciones-de-autocine-a-quilpue\/"},"author":{"name":"Valpara\u00edso Creativo","@id":"https:\/\/dev.antudigital.cl\/sites\/vc\/#\/schema\/person\/c2b9da8dd545e27166fc5ab232837318"},"headline":"Con una cartelera para todos los p\u00fablicos, vuelven las funciones de autocine a Quilpu\u00e9\u00a0","datePublished":"2024-10-28T20:23:45+00:00","dateModified":"2024-10-28T20:24:03+00:00","mainEntityOfPage":{"@id":"https:\/\/dev.antudigital.cl\/sites\/vc\/con-una-cartelera-para-todos-los-publicos-vuelven-las-funciones-de-autocine-a-quilpue\/"},"wordCount":487,"image":{"@id":"https:\/\/dev.antudigital.cl\/sites\/vc\/con-una-cartelera-para-todos-los-publicos-vuelven-las-funciones-de-autocine-a-quilpue\/#primaryimage"},"thumbnailUrl":"https:\/\/dev.antudigital.cl\/sites\/vc\/wp-content\/uploads\/2024\/10\/Foto-QP-autocine-1.jpg","articleSection":["Noticia"],"inLanguage":"es"},{"@type":"WebPage","@id":"https:\/\/dev.antudigital.cl\/sites\/vc\/con-una-cartelera-para-todos-los-publicos-vuelven-las-funciones-de-autocine-a-quilpue\/","url":"https:\/\/dev.antudigital.cl\/sites\/vc\/con-una-cartelera-para-todos-los-publicos-vuelven-las-funciones-de-autocine-a-quilpue\/","name":"Con una cartelera para todos los p\u00fablicos, vuelven las funciones de autocine a Quilpu\u00e9\u00a0 - Valpara\u00ed\u00adso Creativo","isPartOf":{"@id":"https:\/\/dev.antudigital.cl\/sites\/vc\/#website"},"primaryImageOfPage":{"@id":"https:\/\/dev.antudigital.cl\/sites\/vc\/con-una-cartelera-para-todos-los-publicos-vuelven-las-funciones-de-autocine-a-quilpue\/#primaryimage"},"image":{"@id":"https:\/\/dev.antudigital.cl\/sites\/vc\/con-una-cartelera-para-todos-los-publicos-vuelven-las-funciones-de-autocine-a-quilpue\/#primaryimage"},"thumbnailUrl":"https:\/\/dev.antudigital.cl\/sites\/vc\/wp-content\/uploads\/2024\/10\/Foto-QP-autocine-1.jpg","datePublished":"2024-10-28T20:23:45+00:00","dateModified":"2024-10-28T20:24:03+00:00","author":{"@id":"https:\/\/dev.antudigital.cl\/sites\/vc\/#\/schema\/person\/c2b9da8dd545e27166fc5ab232837318"},"breadcrumb":{"@id":"https:\/\/dev.antudigital.cl\/sites\/vc\/con-una-cartelera-para-todos-los-publicos-vuelven-las-funciones-de-autocine-a-quilpue\/#breadcrumb"},"inLanguage":"es","potentialAction":[{"@type":"ReadAction","target":["https:\/\/dev.antudigital.cl\/sites\/vc\/con-una-cartelera-para-todos-los-publicos-vuelven-las-funciones-de-autocine-a-quilpue\/"]}]},{"@type":"ImageObject","inLanguage":"es","@id":"https:\/\/dev.antudigital.cl\/sites\/vc\/con-una-cartelera-para-todos-los-publicos-vuelven-las-funciones-de-autocine-a-quilpue\/#primaryimage","url":"https:\/\/dev.antudigital.cl\/sites\/vc\/wp-content\/uploads\/2024\/10\/Foto-QP-autocine-1.jpg","contentUrl":"https:\/\/dev.antudigital.cl\/sites\/vc\/wp-content\/uploads\/2024\/10\/Foto-QP-autocine-1.jpg","width":1381,"height":918},{"@type":"BreadcrumbList","@id":"https:\/\/dev.antudigital.cl\/sites\/vc\/con-una-cartelera-para-todos-los-publicos-vuelven-las-funciones-de-autocine-a-quilpue\/#breadcrumb","itemListElement":[{"@type":"ListItem","position":1,"name":"Home","item":"https:\/\/dev.antudigital.cl\/sites\/vc\/"},{"@type":"ListItem","position":2,"name":"Con una cartelera para todos los p\u00fablicos, vuelven las funciones de autocine a Quilpu\u00e9\u00a0"}]},{"@type":"WebSite","@id":"https:\/\/dev.antudigital.cl\/sites\/vc\/#website","url":"https:\/\/dev.antudigital.cl\/sites\/vc\/","name":"Valpara\u00ed\u00adso Creativo","description":"","potentialAction":[{"@type":"SearchAction","target":{"@type":"EntryPoint","urlTemplate":"https:\/\/dev.antudigital.cl\/sites\/vc\/?s={search_term_string}"},"query-input":{"@type":"PropertyValueSpecification","valueRequired":true,"valueName":"search_term_string"}}],"inLanguage":"es"},{"@type":"Person","@id":"https:\/\/dev.antudigital.cl\/sites\/vc\/#\/schema\/person\/c2b9da8dd545e27166fc5ab232837318","name":"Valpara\u00edso Creativo","description":"Periodista de cultura en la Regi\u00f3n de Valpara\u00edso.","url":"https:\/\/dev.antudigital.cl\/sites\/vc\/author\/valpoadmin\/"}]}},"_links":{"self":[{"href":"https:\/\/dev.antudigital.cl\/sites\/vc\/wp-json\/wp\/v2\/posts\/20945","targetHints":{"allow":["GET"]}}],"collection":[{"href":"https:\/\/dev.antudigital.cl\/sites\/vc\/wp-json\/wp\/v2\/posts"}],"about":[{"href":"https:\/\/dev.antudigital.cl\/sites\/vc\/wp-json\/wp\/v2\/types\/post"}],"author":[{"embeddable":true,"href":"https:\/\/dev.antudigital.cl\/sites\/vc\/wp-json\/wp\/v2\/users\/1"}],"replies":[{"embeddable":true,"href":"https:\/\/dev.antudigital.cl\/sites\/vc\/wp-json\/wp\/v2\/comments?post=20945"}],"version-history":[{"count":1,"href":"https:\/\/dev.antudigital.cl\/sites\/vc\/wp-json\/wp\/v2\/posts\/20945\/revisions"}],"predecessor-version":[{"id":20950,"href":"https:\/\/dev.antudigital.cl\/sites\/vc\/wp-json\/wp\/v2\/posts\/20945\/revisions\/20950"}],"wp:featuredmedia":[{"embeddable":true,"href":"https:\/\/dev.antudigital.cl\/sites\/vc\/wp-json\/wp\/v2\/media\/20946"}],"wp:attachment":[{"href":"https:\/\/dev.antudigital.cl\/sites\/vc\/wp-json\/wp\/v2\/media?parent=20945"}],"wp:term":[{"taxonomy":"category","embeddable":true,"href":"https:\/\/dev.antudigital.cl\/sites\/vc\/wp-json\/wp\/v2\/categories?post=20945"},{"taxonomy":"post_tag","embeddable":true,"href":"https:\/\/dev.antudigital.cl\/sites\/vc\/wp-json\/wp\/v2\/tags?post=20945"}],"curies":[{"name":"wp","href":"https:\/\/api.w.org\/{rel}","templated":true}]}}