{"id":20987,"date":"2024-11-05T00:29:58","date_gmt":"2024-11-05T00:29:58","guid":{"rendered":"https:\/\/www.valparaisocreativo.cl\/?p=20987"},"modified":"2024-11-05T00:30:18","modified_gmt":"2024-11-05T00:30:18","slug":"se-acerca-el-festival-internacional-de-artes-mediales-de-valparaiso","status":"publish","type":"post","link":"https:\/\/dev.antudigital.cl\/sites\/vc\/se-acerca-el-festival-internacional-de-artes-mediales-de-valparaiso\/","title":{"rendered":"Se acerca el Festival Internacional de Artes Mediales de Valpara\u00edso"},"content":{"rendered":"\n<p>El Festival de Artes Mediales de Valpara\u00edso explora la intersecci\u00f3n entre lo org\u00e1nico y lo tecnol\u00f3gico en tiempos de cambio.\u00a0<strong>Francisco Belarmino<\/strong>\u00a0presenta\u00a0<strong><em>Punto de Fuga II<\/em><\/strong>, una esfera de im\u00e1genes generadas por inteligencia artificial, que evoca lo biol\u00f3gico a trav\u00e9s de pliegues y v\u00edsceras, mientras una voz humana mecanizada intensifica la experiencia entre lo natural y lo artificial.\u00a0<strong>Jaime Cid<\/strong>, en\u00a0<strong><em>Organismos Emergentes<\/em><\/strong>, genera animaciones que mezclan c\u00f3digos algor\u00edtmicos y biol\u00f3gicos, cuestionando el origen y la evoluci\u00f3n de las formas.<\/p>\n\n\n\n<p>Las performances abren un espacio de experimentaci\u00f3n sensorial.&nbsp;<strong>Agnes Paz<\/strong>, en&nbsp;<strong><em>Sanar la melancol\u00eda<\/em><\/strong>, usa el theremin para transformar evocaciones en sonidos electromagn\u00e9ticos, y&nbsp;<strong>Mecha MIO<\/strong>, en&nbsp;<strong><em>Theremin visual<\/em><\/strong>, crea visuales en tiempo real mediante un dispositivo prot\u00e9sico, fundiendo gestualidad humana y tecnolog\u00eda. En el \u00e1mbito audiovisual,&nbsp;<strong>Christian Oyarz\u00fan<\/strong>&nbsp;aka&nbsp;<strong>Voodochild<\/strong>&nbsp;reinterpreta la cumbia con un toque cyberpunk en&nbsp;<strong><em>35L4kUMB14<\/em><\/strong>, mientras&nbsp;<strong>Moscoso &amp; Weason<\/strong>&nbsp;mezclan survival horror y m\u00fasica andina en&nbsp;<strong><em>siku.runner.exe<\/em><\/strong>, proponiendo experiencias inmersivas y disruptivas.<br><br>Las obras tambi\u00e9n exploran la percepci\u00f3n y el espacio: en&nbsp;<strong><em>Campo Radiante<\/em><\/strong>,&nbsp;<strong>Sergio Mora D\u00edaz<\/strong>&nbsp;indaga en la tridimensionalidad de la luz, mientras&nbsp;<strong>Delight Lab<\/strong>, en&nbsp;<strong><em>Phases Mercado Puerto<\/em><\/strong>, crea una experiencia inmersiva con l\u00e1sers, espejos y sonidos que transforman el edificio anfitri\u00f3n.<\/p>\n\n\n\n<p><br><strong>\u00bfCu\u00e1ndo?<\/strong>&nbsp;8 y 9&nbsp;de noviembre \u00b7 2024<br><strong>\u00bfD\u00f3nde?<\/strong>&nbsp;Mercado Puerto \u00b7&nbsp;Cochrane 117, Valpara\u00edso<br><br><strong>PRONTO + informaci\u00f3n de las entradas.<\/strong><\/p>\n\n\n\n<figure class=\"wp-block-image size-large\"><img fetchpriority=\"high\" decoding=\"async\" width=\"819\" height=\"1024\" src=\"https:\/\/www.valparaisocreativo.cl\/wp-content\/uploads\/2024\/11\/unnamed-1-819x1024.jpg\" alt=\"\" class=\"wp-image-20988\" srcset=\"https:\/\/dev.antudigital.cl\/sites\/vc\/wp-content\/uploads\/2024\/11\/unnamed-1-819x1024.jpg 819w, https:\/\/dev.antudigital.cl\/sites\/vc\/wp-content\/uploads\/2024\/11\/unnamed-1-240x300.jpg 240w, https:\/\/dev.antudigital.cl\/sites\/vc\/wp-content\/uploads\/2024\/11\/unnamed-1-768x960.jpg 768w, https:\/\/dev.antudigital.cl\/sites\/vc\/wp-content\/uploads\/2024\/11\/unnamed-1-980x1225.jpg 980w, https:\/\/dev.antudigital.cl\/sites\/vc\/wp-content\/uploads\/2024\/11\/unnamed-1-480x600.jpg 480w, https:\/\/dev.antudigital.cl\/sites\/vc\/wp-content\/uploads\/2024\/11\/unnamed-1-19x24.jpg 19w, https:\/\/dev.antudigital.cl\/sites\/vc\/wp-content\/uploads\/2024\/11\/unnamed-1-29x36.jpg 29w, https:\/\/dev.antudigital.cl\/sites\/vc\/wp-content\/uploads\/2024\/11\/unnamed-1-38x48.jpg 38w, https:\/\/dev.antudigital.cl\/sites\/vc\/wp-content\/uploads\/2024\/11\/unnamed-1.jpg 1080w\" sizes=\"(max-width: 819px) 100vw, 819px\" \/><\/figure>\n","protected":false},"excerpt":{"rendered":"<p>El Festival de Artes Mediales de Valpara\u00edso explora la intersecci\u00f3n entre lo org\u00e1nico y lo tecnol\u00f3gico en tiempos de cambio.\u00a0Francisco Belarmino\u00a0presenta\u00a0Punto de Fuga II, una esfera de im\u00e1genes generadas por inteligencia artificial, que evoca lo biol\u00f3gico a trav\u00e9s de pliegues y v\u00edsceras, mientras una voz humana mecanizada intensifica la experiencia entre lo natural y lo [&hellip;]<\/p>\n","protected":false},"author":1,"featured_media":20989,"comment_status":"closed","ping_status":"closed","sticky":false,"template":"","format":"standard","meta":{"_acf_changed":false,"footnotes":""},"categories":[8],"tags":[],"class_list":["post-20987","post","type-post","status-publish","format-standard","has-post-thumbnail","hentry","category-noticia"],"acf":[],"yoast_head":"<!-- This site is optimized with the Yoast SEO plugin v27.1.1 - https:\/\/yoast.com\/product\/yoast-seo-wordpress\/ -->\n<title>Se acerca el Festival Internacional de Artes Mediales de Valpara\u00edso - Valpara\u00ed\u00adso Creativo<\/title>\n<meta name=\"robots\" content=\"index, follow, max-snippet:-1, max-image-preview:large, max-video-preview:-1\" \/>\n<link rel=\"canonical\" href=\"https:\/\/dev.antudigital.cl\/sites\/vc\/se-acerca-el-festival-internacional-de-artes-mediales-de-valparaiso\/\" \/>\n<meta property=\"og:locale\" content=\"es_ES\" \/>\n<meta property=\"og:type\" content=\"article\" \/>\n<meta property=\"og:title\" content=\"Se acerca el Festival Internacional de Artes Mediales de Valpara\u00edso - Valpara\u00ed\u00adso Creativo\" \/>\n<meta property=\"og:description\" content=\"El Festival de Artes Mediales de Valpara\u00edso explora la intersecci\u00f3n entre lo org\u00e1nico y lo tecnol\u00f3gico en tiempos de cambio.\u00a0Francisco Belarmino\u00a0presenta\u00a0Punto de Fuga II, una esfera de im\u00e1genes generadas por inteligencia artificial, que evoca lo biol\u00f3gico a trav\u00e9s de pliegues y v\u00edsceras, mientras una voz humana mecanizada intensifica la experiencia entre lo natural y lo [&hellip;]\" \/>\n<meta property=\"og:url\" content=\"https:\/\/dev.antudigital.cl\/sites\/vc\/se-acerca-el-festival-internacional-de-artes-mediales-de-valparaiso\/\" \/>\n<meta property=\"og:site_name\" content=\"Valpara\u00ed\u00adso Creativo\" \/>\n<meta property=\"article:published_time\" content=\"2024-11-05T00:29:58+00:00\" \/>\n<meta property=\"article:modified_time\" content=\"2024-11-05T00:30:18+00:00\" \/>\n<meta property=\"og:image\" content=\"https:\/\/dev.antudigital.cl\/sites\/vc\/wp-content\/uploads\/2024\/11\/unnamed.png\" \/>\n\t<meta property=\"og:image:width\" content=\"1920\" \/>\n\t<meta property=\"og:image:height\" content=\"480\" \/>\n\t<meta property=\"og:image:type\" content=\"image\/png\" \/>\n<meta name=\"author\" content=\"Valpara\u00edso Creativo\" \/>\n<meta name=\"twitter:card\" content=\"summary_large_image\" \/>\n<meta name=\"twitter:label1\" content=\"Escrito por\" \/>\n\t<meta name=\"twitter:data1\" content=\"Valpara\u00edso Creativo\" \/>\n\t<meta name=\"twitter:label2\" content=\"Tiempo de lectura\" \/>\n\t<meta name=\"twitter:data2\" content=\"2 minutos\" \/>\n<script type=\"application\/ld+json\" class=\"yoast-schema-graph\">{\"@context\":\"https:\/\/schema.org\",\"@graph\":[{\"@type\":\"Article\",\"@id\":\"https:\/\/dev.antudigital.cl\/sites\/vc\/se-acerca-el-festival-internacional-de-artes-mediales-de-valparaiso\/#article\",\"isPartOf\":{\"@id\":\"https:\/\/dev.antudigital.cl\/sites\/vc\/se-acerca-el-festival-internacional-de-artes-mediales-de-valparaiso\/\"},\"author\":{\"name\":\"Valpara\u00edso Creativo\",\"@id\":\"https:\/\/dev.antudigital.cl\/sites\/vc\/#\/schema\/person\/c2b9da8dd545e27166fc5ab232837318\"},\"headline\":\"Se acerca el Festival Internacional de Artes Mediales de Valpara\u00edso\",\"datePublished\":\"2024-11-05T00:29:58+00:00\",\"dateModified\":\"2024-11-05T00:30:18+00:00\",\"mainEntityOfPage\":{\"@id\":\"https:\/\/dev.antudigital.cl\/sites\/vc\/se-acerca-el-festival-internacional-de-artes-mediales-de-valparaiso\/\"},\"wordCount\":278,\"image\":{\"@id\":\"https:\/\/dev.antudigital.cl\/sites\/vc\/se-acerca-el-festival-internacional-de-artes-mediales-de-valparaiso\/#primaryimage\"},\"thumbnailUrl\":\"https:\/\/dev.antudigital.cl\/sites\/vc\/wp-content\/uploads\/2024\/11\/unnamed.png\",\"articleSection\":[\"Noticia\"],\"inLanguage\":\"es\"},{\"@type\":\"WebPage\",\"@id\":\"https:\/\/dev.antudigital.cl\/sites\/vc\/se-acerca-el-festival-internacional-de-artes-mediales-de-valparaiso\/\",\"url\":\"https:\/\/dev.antudigital.cl\/sites\/vc\/se-acerca-el-festival-internacional-de-artes-mediales-de-valparaiso\/\",\"name\":\"Se acerca el Festival Internacional de Artes Mediales de Valpara\u00edso - Valpara\u00ed\u00adso Creativo\",\"isPartOf\":{\"@id\":\"https:\/\/dev.antudigital.cl\/sites\/vc\/#website\"},\"primaryImageOfPage\":{\"@id\":\"https:\/\/dev.antudigital.cl\/sites\/vc\/se-acerca-el-festival-internacional-de-artes-mediales-de-valparaiso\/#primaryimage\"},\"image\":{\"@id\":\"https:\/\/dev.antudigital.cl\/sites\/vc\/se-acerca-el-festival-internacional-de-artes-mediales-de-valparaiso\/#primaryimage\"},\"thumbnailUrl\":\"https:\/\/dev.antudigital.cl\/sites\/vc\/wp-content\/uploads\/2024\/11\/unnamed.png\",\"datePublished\":\"2024-11-05T00:29:58+00:00\",\"dateModified\":\"2024-11-05T00:30:18+00:00\",\"author\":{\"@id\":\"https:\/\/dev.antudigital.cl\/sites\/vc\/#\/schema\/person\/c2b9da8dd545e27166fc5ab232837318\"},\"breadcrumb\":{\"@id\":\"https:\/\/dev.antudigital.cl\/sites\/vc\/se-acerca-el-festival-internacional-de-artes-mediales-de-valparaiso\/#breadcrumb\"},\"inLanguage\":\"es\",\"potentialAction\":[{\"@type\":\"ReadAction\",\"target\":[\"https:\/\/dev.antudigital.cl\/sites\/vc\/se-acerca-el-festival-internacional-de-artes-mediales-de-valparaiso\/\"]}]},{\"@type\":\"ImageObject\",\"inLanguage\":\"es\",\"@id\":\"https:\/\/dev.antudigital.cl\/sites\/vc\/se-acerca-el-festival-internacional-de-artes-mediales-de-valparaiso\/#primaryimage\",\"url\":\"https:\/\/dev.antudigital.cl\/sites\/vc\/wp-content\/uploads\/2024\/11\/unnamed.png\",\"contentUrl\":\"https:\/\/dev.antudigital.cl\/sites\/vc\/wp-content\/uploads\/2024\/11\/unnamed.png\",\"width\":1920,\"height\":480},{\"@type\":\"BreadcrumbList\",\"@id\":\"https:\/\/dev.antudigital.cl\/sites\/vc\/se-acerca-el-festival-internacional-de-artes-mediales-de-valparaiso\/#breadcrumb\",\"itemListElement\":[{\"@type\":\"ListItem\",\"position\":1,\"name\":\"Home\",\"item\":\"https:\/\/dev.antudigital.cl\/sites\/vc\/\"},{\"@type\":\"ListItem\",\"position\":2,\"name\":\"Se acerca el Festival Internacional de Artes Mediales de Valpara\u00edso\"}]},{\"@type\":\"WebSite\",\"@id\":\"https:\/\/dev.antudigital.cl\/sites\/vc\/#website\",\"url\":\"https:\/\/dev.antudigital.cl\/sites\/vc\/\",\"name\":\"Valpara\u00ed\u00adso Creativo\",\"description\":\"\",\"potentialAction\":[{\"@type\":\"SearchAction\",\"target\":{\"@type\":\"EntryPoint\",\"urlTemplate\":\"https:\/\/dev.antudigital.cl\/sites\/vc\/?s={search_term_string}\"},\"query-input\":{\"@type\":\"PropertyValueSpecification\",\"valueRequired\":true,\"valueName\":\"search_term_string\"}}],\"inLanguage\":\"es\"},{\"@type\":\"Person\",\"@id\":\"https:\/\/dev.antudigital.cl\/sites\/vc\/#\/schema\/person\/c2b9da8dd545e27166fc5ab232837318\",\"name\":\"Valpara\u00edso Creativo\",\"description\":\"Periodista de cultura en la Regi\u00f3n de Valpara\u00edso.\",\"url\":\"https:\/\/dev.antudigital.cl\/sites\/vc\/author\/valpoadmin\/\"}]}<\/script>\n<!-- \/ Yoast SEO plugin. -->","yoast_head_json":{"title":"Se acerca el Festival Internacional de Artes Mediales de Valpara\u00edso - Valpara\u00ed\u00adso Creativo","robots":{"index":"index","follow":"follow","max-snippet":"max-snippet:-1","max-image-preview":"max-image-preview:large","max-video-preview":"max-video-preview:-1"},"canonical":"https:\/\/dev.antudigital.cl\/sites\/vc\/se-acerca-el-festival-internacional-de-artes-mediales-de-valparaiso\/","og_locale":"es_ES","og_type":"article","og_title":"Se acerca el Festival Internacional de Artes Mediales de Valpara\u00edso - Valpara\u00ed\u00adso Creativo","og_description":"El Festival de Artes Mediales de Valpara\u00edso explora la intersecci\u00f3n entre lo org\u00e1nico y lo tecnol\u00f3gico en tiempos de cambio.\u00a0Francisco Belarmino\u00a0presenta\u00a0Punto de Fuga II, una esfera de im\u00e1genes generadas por inteligencia artificial, que evoca lo biol\u00f3gico a trav\u00e9s de pliegues y v\u00edsceras, mientras una voz humana mecanizada intensifica la experiencia entre lo natural y lo [&hellip;]","og_url":"https:\/\/dev.antudigital.cl\/sites\/vc\/se-acerca-el-festival-internacional-de-artes-mediales-de-valparaiso\/","og_site_name":"Valpara\u00ed\u00adso Creativo","article_published_time":"2024-11-05T00:29:58+00:00","article_modified_time":"2024-11-05T00:30:18+00:00","og_image":[{"width":1920,"height":480,"url":"https:\/\/dev.antudigital.cl\/sites\/vc\/wp-content\/uploads\/2024\/11\/unnamed.png","type":"image\/png"}],"author":"Valpara\u00edso Creativo","twitter_card":"summary_large_image","twitter_misc":{"Escrito por":"Valpara\u00edso Creativo","Tiempo de lectura":"2 minutos"},"schema":{"@context":"https:\/\/schema.org","@graph":[{"@type":"Article","@id":"https:\/\/dev.antudigital.cl\/sites\/vc\/se-acerca-el-festival-internacional-de-artes-mediales-de-valparaiso\/#article","isPartOf":{"@id":"https:\/\/dev.antudigital.cl\/sites\/vc\/se-acerca-el-festival-internacional-de-artes-mediales-de-valparaiso\/"},"author":{"name":"Valpara\u00edso Creativo","@id":"https:\/\/dev.antudigital.cl\/sites\/vc\/#\/schema\/person\/c2b9da8dd545e27166fc5ab232837318"},"headline":"Se acerca el Festival Internacional de Artes Mediales de Valpara\u00edso","datePublished":"2024-11-05T00:29:58+00:00","dateModified":"2024-11-05T00:30:18+00:00","mainEntityOfPage":{"@id":"https:\/\/dev.antudigital.cl\/sites\/vc\/se-acerca-el-festival-internacional-de-artes-mediales-de-valparaiso\/"},"wordCount":278,"image":{"@id":"https:\/\/dev.antudigital.cl\/sites\/vc\/se-acerca-el-festival-internacional-de-artes-mediales-de-valparaiso\/#primaryimage"},"thumbnailUrl":"https:\/\/dev.antudigital.cl\/sites\/vc\/wp-content\/uploads\/2024\/11\/unnamed.png","articleSection":["Noticia"],"inLanguage":"es"},{"@type":"WebPage","@id":"https:\/\/dev.antudigital.cl\/sites\/vc\/se-acerca-el-festival-internacional-de-artes-mediales-de-valparaiso\/","url":"https:\/\/dev.antudigital.cl\/sites\/vc\/se-acerca-el-festival-internacional-de-artes-mediales-de-valparaiso\/","name":"Se acerca el Festival Internacional de Artes Mediales de Valpara\u00edso - Valpara\u00ed\u00adso Creativo","isPartOf":{"@id":"https:\/\/dev.antudigital.cl\/sites\/vc\/#website"},"primaryImageOfPage":{"@id":"https:\/\/dev.antudigital.cl\/sites\/vc\/se-acerca-el-festival-internacional-de-artes-mediales-de-valparaiso\/#primaryimage"},"image":{"@id":"https:\/\/dev.antudigital.cl\/sites\/vc\/se-acerca-el-festival-internacional-de-artes-mediales-de-valparaiso\/#primaryimage"},"thumbnailUrl":"https:\/\/dev.antudigital.cl\/sites\/vc\/wp-content\/uploads\/2024\/11\/unnamed.png","datePublished":"2024-11-05T00:29:58+00:00","dateModified":"2024-11-05T00:30:18+00:00","author":{"@id":"https:\/\/dev.antudigital.cl\/sites\/vc\/#\/schema\/person\/c2b9da8dd545e27166fc5ab232837318"},"breadcrumb":{"@id":"https:\/\/dev.antudigital.cl\/sites\/vc\/se-acerca-el-festival-internacional-de-artes-mediales-de-valparaiso\/#breadcrumb"},"inLanguage":"es","potentialAction":[{"@type":"ReadAction","target":["https:\/\/dev.antudigital.cl\/sites\/vc\/se-acerca-el-festival-internacional-de-artes-mediales-de-valparaiso\/"]}]},{"@type":"ImageObject","inLanguage":"es","@id":"https:\/\/dev.antudigital.cl\/sites\/vc\/se-acerca-el-festival-internacional-de-artes-mediales-de-valparaiso\/#primaryimage","url":"https:\/\/dev.antudigital.cl\/sites\/vc\/wp-content\/uploads\/2024\/11\/unnamed.png","contentUrl":"https:\/\/dev.antudigital.cl\/sites\/vc\/wp-content\/uploads\/2024\/11\/unnamed.png","width":1920,"height":480},{"@type":"BreadcrumbList","@id":"https:\/\/dev.antudigital.cl\/sites\/vc\/se-acerca-el-festival-internacional-de-artes-mediales-de-valparaiso\/#breadcrumb","itemListElement":[{"@type":"ListItem","position":1,"name":"Home","item":"https:\/\/dev.antudigital.cl\/sites\/vc\/"},{"@type":"ListItem","position":2,"name":"Se acerca el Festival Internacional de Artes Mediales de Valpara\u00edso"}]},{"@type":"WebSite","@id":"https:\/\/dev.antudigital.cl\/sites\/vc\/#website","url":"https:\/\/dev.antudigital.cl\/sites\/vc\/","name":"Valpara\u00ed\u00adso Creativo","description":"","potentialAction":[{"@type":"SearchAction","target":{"@type":"EntryPoint","urlTemplate":"https:\/\/dev.antudigital.cl\/sites\/vc\/?s={search_term_string}"},"query-input":{"@type":"PropertyValueSpecification","valueRequired":true,"valueName":"search_term_string"}}],"inLanguage":"es"},{"@type":"Person","@id":"https:\/\/dev.antudigital.cl\/sites\/vc\/#\/schema\/person\/c2b9da8dd545e27166fc5ab232837318","name":"Valpara\u00edso Creativo","description":"Periodista de cultura en la Regi\u00f3n de Valpara\u00edso.","url":"https:\/\/dev.antudigital.cl\/sites\/vc\/author\/valpoadmin\/"}]}},"_links":{"self":[{"href":"https:\/\/dev.antudigital.cl\/sites\/vc\/wp-json\/wp\/v2\/posts\/20987","targetHints":{"allow":["GET"]}}],"collection":[{"href":"https:\/\/dev.antudigital.cl\/sites\/vc\/wp-json\/wp\/v2\/posts"}],"about":[{"href":"https:\/\/dev.antudigital.cl\/sites\/vc\/wp-json\/wp\/v2\/types\/post"}],"author":[{"embeddable":true,"href":"https:\/\/dev.antudigital.cl\/sites\/vc\/wp-json\/wp\/v2\/users\/1"}],"replies":[{"embeddable":true,"href":"https:\/\/dev.antudigital.cl\/sites\/vc\/wp-json\/wp\/v2\/comments?post=20987"}],"version-history":[{"count":1,"href":"https:\/\/dev.antudigital.cl\/sites\/vc\/wp-json\/wp\/v2\/posts\/20987\/revisions"}],"predecessor-version":[{"id":20990,"href":"https:\/\/dev.antudigital.cl\/sites\/vc\/wp-json\/wp\/v2\/posts\/20987\/revisions\/20990"}],"wp:featuredmedia":[{"embeddable":true,"href":"https:\/\/dev.antudigital.cl\/sites\/vc\/wp-json\/wp\/v2\/media\/20989"}],"wp:attachment":[{"href":"https:\/\/dev.antudigital.cl\/sites\/vc\/wp-json\/wp\/v2\/media?parent=20987"}],"wp:term":[{"taxonomy":"category","embeddable":true,"href":"https:\/\/dev.antudigital.cl\/sites\/vc\/wp-json\/wp\/v2\/categories?post=20987"},{"taxonomy":"post_tag","embeddable":true,"href":"https:\/\/dev.antudigital.cl\/sites\/vc\/wp-json\/wp\/v2\/tags?post=20987"}],"curies":[{"name":"wp","href":"https:\/\/api.w.org\/{rel}","templated":true}]}}