{"id":20991,"date":"2024-11-05T00:32:49","date_gmt":"2024-11-05T00:32:49","guid":{"rendered":"https:\/\/www.valparaisocreativo.cl\/?p=20991"},"modified":"2024-11-05T00:33:12","modified_gmt":"2024-11-05T00:33:12","slug":"nuevo-estreno-insomnia-oasis-un-documental-sobre-el-primer-proceso-constituyente","status":"publish","type":"post","link":"https:\/\/dev.antudigital.cl\/sites\/vc\/nuevo-estreno-insomnia-oasis-un-documental-sobre-el-primer-proceso-constituyente\/","title":{"rendered":"Nuevo estreno Insomnia: Oasis, un documental sobre el primer proceso constituyente"},"content":{"rendered":"\n<p>Luego de su destacada presencia en festivales internacionales y obtener el premio a Mejor Documental en el Festival de Cine Latinoamericano de Biarritz,&nbsp;<a href=\"https:\/\/miradoc.cl\/\" target=\"_blank\" rel=\"noreferrer noopener\"><strong>Miradoc<\/strong><\/a><strong>&nbsp;estrena este 7 de noviembre a las 18:30 horas en INSOMNIA Teatro Condell.&nbsp;<\/strong>Al cine foro asistir\u00e1n Tamara Uribe y Felipe Morgado.<\/p>\n\n\n\n<p>Dirigido por&nbsp;<strong>Tamara Uribe&nbsp;<\/strong>y&nbsp;<strong>Felipe Morgado<\/strong>&nbsp;\u2014y realizado por el&nbsp;<strong>Colectivo MAFI (Mapa F\u00edlmico de un pa\u00eds)<\/strong>\u2014, el largometraje se encarga de develar lo que no se vio del proceso constituyente m\u00e1s importante en la historia de Chile, siguiendo de cerca el debate de tem\u00e1ticas en torno a justicia social y medio ambiente, y los conflictos de inter\u00e9s que emergen en diversos sectores pol\u00edticos.<\/p>\n\n\n\n<p>\u201cLa pel\u00edcula la grabamos con una metodolog\u00eda colectiva de registro con c\u00e1mara fija. De esto resultan much\u00edsimas horas de grabaci\u00f3n en donde el desaf\u00edo es encontrar las im\u00e1genes donde se narra alguna fractura, contraste o momento irrepetible\u201d, detalla la cineasta Tamara Uribe. \u201cLuego, la edici\u00f3n se centr\u00f3 en armar el rompecabezas para ver c\u00f3mo estas piezas pueden dialogar entre s\u00ed y construir un relato descentralizado, que nos permitiera salir de la burbuja del ex Congreso hacia otros territorios y realidades\u201d, se\u00f1ala.<\/p>\n\n\n\n<figure class=\"wp-block-image size-large\"><img fetchpriority=\"high\" decoding=\"async\" width=\"1024\" height=\"554\" src=\"https:\/\/www.valparaisocreativo.cl\/wp-content\/uploads\/2024\/11\/OASIS-Foto-2-1024x554.jpg\" alt=\"\" class=\"wp-image-20993\" srcset=\"https:\/\/dev.antudigital.cl\/sites\/vc\/wp-content\/uploads\/2024\/11\/OASIS-Foto-2-1024x554.jpg 1024w, https:\/\/dev.antudigital.cl\/sites\/vc\/wp-content\/uploads\/2024\/11\/OASIS-Foto-2-300x162.jpg 300w, https:\/\/dev.antudigital.cl\/sites\/vc\/wp-content\/uploads\/2024\/11\/OASIS-Foto-2-768x415.jpg 768w, https:\/\/dev.antudigital.cl\/sites\/vc\/wp-content\/uploads\/2024\/11\/OASIS-Foto-2-1536x830.jpg 1536w, https:\/\/dev.antudigital.cl\/sites\/vc\/wp-content\/uploads\/2024\/11\/OASIS-Foto-2-2048x1107.jpg 2048w, https:\/\/dev.antudigital.cl\/sites\/vc\/wp-content\/uploads\/2024\/11\/OASIS-Foto-2-1080x584.jpg 1080w, https:\/\/dev.antudigital.cl\/sites\/vc\/wp-content\/uploads\/2024\/11\/OASIS-Foto-2-1280x692.jpg 1280w, https:\/\/dev.antudigital.cl\/sites\/vc\/wp-content\/uploads\/2024\/11\/OASIS-Foto-2-980x530.jpg 980w, https:\/\/dev.antudigital.cl\/sites\/vc\/wp-content\/uploads\/2024\/11\/OASIS-Foto-2-480x260.jpg 480w, https:\/\/dev.antudigital.cl\/sites\/vc\/wp-content\/uploads\/2024\/11\/OASIS-Foto-2-24x13.jpg 24w, https:\/\/dev.antudigital.cl\/sites\/vc\/wp-content\/uploads\/2024\/11\/OASIS-Foto-2-36x19.jpg 36w, https:\/\/dev.antudigital.cl\/sites\/vc\/wp-content\/uploads\/2024\/11\/OASIS-Foto-2-48x26.jpg 48w\" sizes=\"(max-width: 1024px) 100vw, 1024px\" \/><\/figure>\n\n\n\n<p>Producido por&nbsp;<strong>Alba Gaviraghi&nbsp;<\/strong>y&nbsp;<strong>Diego Pino Anguita,<\/strong>&nbsp;el documental registra diversas manifestaciones p\u00fablicas en el contexto del estallido social de 2019, y la creaci\u00f3n de la Convenci\u00f3n Constitucional, construyendo un paisaje audiovisual del Chile reciente, en donde pareciera que el humor y el absurdo es parte de m\u00faltiples sucesos pol\u00edticos que han marcado pauta en nuestro pa\u00eds, siguiendo un tono similar a sus recordados trabajos anteriores:&nbsp;<em>Propaganda<\/em>&nbsp;(2014) y&nbsp;<em>Dios<\/em>&nbsp;(2019).<\/p>\n\n\n\n<p>\u201cEl documental se comenz\u00f3 a grabar el mismo 18 de octubre de 2019 y no nos detuvimos durante 5 a\u00f1os\u201d, aclara Felipe Morgado, co-director del proyecto. \u201cA eso hay que sumarle que no era solo un equipo de grabaci\u00f3n, sino que 17 realizadores desplazados a lo largo de Chile filmando de manera colectiva. Estamos hablando de horas y horas de material, y hab\u00eda que verlo todo, y en algunos casos, m\u00e1s de una vez\u201d, comenta.<\/p>\n\n\n\n<p>\u201cLas secuelas del estallido social y los procesos constitucionales que lo siguieron tienen mucho de desencanto y escepticismo razonables, pero el malestar que los impulsaron se mantiene intacto\u201d, declara Tamara. \u201c<em>Oasis<\/em>&nbsp;nos invita a conectar con ese anhelo de transformaci\u00f3n y revisar nuestra historia reciente desde una mirada amplia y fresca, desde diferentes realidades del pa\u00eds, paisajes y emociones, para mirarnos a nosotros mismos, incluso con humor, y acercarnos a la pregunta sobre el futuro\u201d, concluye.<\/p>\n\n\n\n<figure class=\"wp-block-image size-large\"><img decoding=\"async\" width=\"1024\" height=\"554\" src=\"https:\/\/www.valparaisocreativo.cl\/wp-content\/uploads\/2024\/11\/OASIS_1.11.1-1024x554.jpg\" alt=\"\" class=\"wp-image-20994\" srcset=\"https:\/\/dev.antudigital.cl\/sites\/vc\/wp-content\/uploads\/2024\/11\/OASIS_1.11.1-1024x554.jpg 1024w, https:\/\/dev.antudigital.cl\/sites\/vc\/wp-content\/uploads\/2024\/11\/OASIS_1.11.1-300x162.jpg 300w, https:\/\/dev.antudigital.cl\/sites\/vc\/wp-content\/uploads\/2024\/11\/OASIS_1.11.1-768x415.jpg 768w, https:\/\/dev.antudigital.cl\/sites\/vc\/wp-content\/uploads\/2024\/11\/OASIS_1.11.1-1536x830.jpg 1536w, https:\/\/dev.antudigital.cl\/sites\/vc\/wp-content\/uploads\/2024\/11\/OASIS_1.11.1-2048x1107.jpg 2048w, https:\/\/dev.antudigital.cl\/sites\/vc\/wp-content\/uploads\/2024\/11\/OASIS_1.11.1-1080x584.jpg 1080w, https:\/\/dev.antudigital.cl\/sites\/vc\/wp-content\/uploads\/2024\/11\/OASIS_1.11.1-1280x692.jpg 1280w, https:\/\/dev.antudigital.cl\/sites\/vc\/wp-content\/uploads\/2024\/11\/OASIS_1.11.1-980x530.jpg 980w, https:\/\/dev.antudigital.cl\/sites\/vc\/wp-content\/uploads\/2024\/11\/OASIS_1.11.1-480x260.jpg 480w, https:\/\/dev.antudigital.cl\/sites\/vc\/wp-content\/uploads\/2024\/11\/OASIS_1.11.1-24x13.jpg 24w, https:\/\/dev.antudigital.cl\/sites\/vc\/wp-content\/uploads\/2024\/11\/OASIS_1.11.1-36x19.jpg 36w, https:\/\/dev.antudigital.cl\/sites\/vc\/wp-content\/uploads\/2024\/11\/OASIS_1.11.1-48x26.jpg 48w\" sizes=\"(max-width: 1024px) 100vw, 1024px\" \/><\/figure>\n\n\n\n<p>Tras su exitosa presencia en cert\u00e1menes como Berlinale, el Festival Internacional de Cine de Berl\u00edn; el Festival Internacional de Cine de Candem en Estados Unidos; y SANFIC, el Santiago Festival Internacional de Cine,&nbsp;<strong><em>Oasis<\/em>&nbsp;fue parte del 31\u00b0 Festival de Cine Latinoamericano de Biarritz donde obtuvo el galard\u00f3n a Mejor Documental,<\/strong>&nbsp;siendo destacada por el jurado como \u201cuna pel\u00edcula que traza la radiograf\u00eda colectiva de un pueblo que trata de reescribir una nueva p\u00e1gina de su historia, que homenajea la mirada, la fuerza del plano fijo, la contemplaci\u00f3n, y hace confianza a la realidad del espectador\u201d.<\/p>\n\n\n\n<p>\u201cCreo que&nbsp;<em>Oasis<\/em>&nbsp;nos permite hacernos varias preguntas que no le son ajenas a nadie, incluso para aquellos que vivieron de lejos los procesos sociales del 2019-2021\u201d, afirma Felipe. \u201cOjal\u00e1 la gente se atreva a ir a verla y conversarla, a fin de cuentas el cine es para eso\u201d, cierra.<\/p>\n","protected":false},"excerpt":{"rendered":"<p>Luego de su destacada presencia en festivales internacionales y obtener el premio a Mejor Documental en el Festival de Cine Latinoamericano de Biarritz,&nbsp;Miradoc&nbsp;estrena este 7 de noviembre a las 18:30 horas en INSOMNIA Teatro Condell.&nbsp;Al cine foro asistir\u00e1n Tamara Uribe y Felipe Morgado. Dirigido por&nbsp;Tamara Uribe&nbsp;y&nbsp;Felipe Morgado&nbsp;\u2014y realizado por el&nbsp;Colectivo MAFI (Mapa F\u00edlmico de un [&hellip;]<\/p>\n","protected":false},"author":1,"featured_media":20992,"comment_status":"closed","ping_status":"closed","sticky":false,"template":"","format":"standard","meta":{"_acf_changed":false,"footnotes":""},"categories":[8],"tags":[],"class_list":["post-20991","post","type-post","status-publish","format-standard","has-post-thumbnail","hentry","category-noticia"],"acf":[],"yoast_head":"<!-- This site is optimized with the Yoast SEO plugin v27.1.1 - https:\/\/yoast.com\/product\/yoast-seo-wordpress\/ -->\n<title>Nuevo estreno Insomnia: Oasis, un documental sobre el primer proceso constituyente - Valpara\u00ed\u00adso Creativo<\/title>\n<meta name=\"robots\" content=\"index, follow, max-snippet:-1, max-image-preview:large, max-video-preview:-1\" \/>\n<link rel=\"canonical\" href=\"https:\/\/dev.antudigital.cl\/sites\/vc\/nuevo-estreno-insomnia-oasis-un-documental-sobre-el-primer-proceso-constituyente\/\" \/>\n<meta property=\"og:locale\" content=\"es_ES\" \/>\n<meta property=\"og:type\" content=\"article\" \/>\n<meta property=\"og:title\" content=\"Nuevo estreno Insomnia: Oasis, un documental sobre el primer proceso constituyente - Valpara\u00ed\u00adso Creativo\" \/>\n<meta property=\"og:description\" content=\"Luego de su destacada presencia en festivales internacionales y obtener el premio a Mejor Documental en el Festival de Cine Latinoamericano de Biarritz,&nbsp;Miradoc&nbsp;estrena este 7 de noviembre a las 18:30 horas en INSOMNIA Teatro Condell.&nbsp;Al cine foro asistir\u00e1n Tamara Uribe y Felipe Morgado. Dirigido por&nbsp;Tamara Uribe&nbsp;y&nbsp;Felipe Morgado&nbsp;\u2014y realizado por el&nbsp;Colectivo MAFI (Mapa F\u00edlmico de un [&hellip;]\" \/>\n<meta property=\"og:url\" content=\"https:\/\/dev.antudigital.cl\/sites\/vc\/nuevo-estreno-insomnia-oasis-un-documental-sobre-el-primer-proceso-constituyente\/\" \/>\n<meta property=\"og:site_name\" content=\"Valpara\u00ed\u00adso Creativo\" \/>\n<meta property=\"article:published_time\" content=\"2024-11-05T00:32:49+00:00\" \/>\n<meta property=\"article:modified_time\" content=\"2024-11-05T00:33:12+00:00\" \/>\n<meta property=\"og:image\" content=\"https:\/\/dev.antudigital.cl\/sites\/vc\/wp-content\/uploads\/2024\/11\/OASIS-Foto-1-scaled.jpg\" \/>\n\t<meta property=\"og:image:width\" content=\"2560\" \/>\n\t<meta property=\"og:image:height\" content=\"1384\" \/>\n\t<meta property=\"og:image:type\" content=\"image\/jpeg\" \/>\n<meta name=\"author\" content=\"Valpara\u00edso Creativo\" \/>\n<meta name=\"twitter:card\" content=\"summary_large_image\" \/>\n<meta name=\"twitter:label1\" content=\"Escrito por\" \/>\n\t<meta name=\"twitter:data1\" content=\"Valpara\u00edso Creativo\" \/>\n\t<meta name=\"twitter:label2\" content=\"Tiempo de lectura\" \/>\n\t<meta name=\"twitter:data2\" content=\"4 minutos\" \/>\n<script type=\"application\/ld+json\" class=\"yoast-schema-graph\">{\"@context\":\"https:\/\/schema.org\",\"@graph\":[{\"@type\":\"Article\",\"@id\":\"https:\/\/dev.antudigital.cl\/sites\/vc\/nuevo-estreno-insomnia-oasis-un-documental-sobre-el-primer-proceso-constituyente\/#article\",\"isPartOf\":{\"@id\":\"https:\/\/dev.antudigital.cl\/sites\/vc\/nuevo-estreno-insomnia-oasis-un-documental-sobre-el-primer-proceso-constituyente\/\"},\"author\":{\"name\":\"Valpara\u00edso Creativo\",\"@id\":\"https:\/\/dev.antudigital.cl\/sites\/vc\/#\/schema\/person\/c2b9da8dd545e27166fc5ab232837318\"},\"headline\":\"Nuevo estreno Insomnia: Oasis, un documental sobre el primer proceso constituyente\",\"datePublished\":\"2024-11-05T00:32:49+00:00\",\"dateModified\":\"2024-11-05T00:33:12+00:00\",\"mainEntityOfPage\":{\"@id\":\"https:\/\/dev.antudigital.cl\/sites\/vc\/nuevo-estreno-insomnia-oasis-un-documental-sobre-el-primer-proceso-constituyente\/\"},\"wordCount\":620,\"image\":{\"@id\":\"https:\/\/dev.antudigital.cl\/sites\/vc\/nuevo-estreno-insomnia-oasis-un-documental-sobre-el-primer-proceso-constituyente\/#primaryimage\"},\"thumbnailUrl\":\"https:\/\/dev.antudigital.cl\/sites\/vc\/wp-content\/uploads\/2024\/11\/OASIS-Foto-1-scaled.jpg\",\"articleSection\":[\"Noticia\"],\"inLanguage\":\"es\"},{\"@type\":\"WebPage\",\"@id\":\"https:\/\/dev.antudigital.cl\/sites\/vc\/nuevo-estreno-insomnia-oasis-un-documental-sobre-el-primer-proceso-constituyente\/\",\"url\":\"https:\/\/dev.antudigital.cl\/sites\/vc\/nuevo-estreno-insomnia-oasis-un-documental-sobre-el-primer-proceso-constituyente\/\",\"name\":\"Nuevo estreno Insomnia: Oasis, un documental sobre el primer proceso constituyente - Valpara\u00ed\u00adso Creativo\",\"isPartOf\":{\"@id\":\"https:\/\/dev.antudigital.cl\/sites\/vc\/#website\"},\"primaryImageOfPage\":{\"@id\":\"https:\/\/dev.antudigital.cl\/sites\/vc\/nuevo-estreno-insomnia-oasis-un-documental-sobre-el-primer-proceso-constituyente\/#primaryimage\"},\"image\":{\"@id\":\"https:\/\/dev.antudigital.cl\/sites\/vc\/nuevo-estreno-insomnia-oasis-un-documental-sobre-el-primer-proceso-constituyente\/#primaryimage\"},\"thumbnailUrl\":\"https:\/\/dev.antudigital.cl\/sites\/vc\/wp-content\/uploads\/2024\/11\/OASIS-Foto-1-scaled.jpg\",\"datePublished\":\"2024-11-05T00:32:49+00:00\",\"dateModified\":\"2024-11-05T00:33:12+00:00\",\"author\":{\"@id\":\"https:\/\/dev.antudigital.cl\/sites\/vc\/#\/schema\/person\/c2b9da8dd545e27166fc5ab232837318\"},\"breadcrumb\":{\"@id\":\"https:\/\/dev.antudigital.cl\/sites\/vc\/nuevo-estreno-insomnia-oasis-un-documental-sobre-el-primer-proceso-constituyente\/#breadcrumb\"},\"inLanguage\":\"es\",\"potentialAction\":[{\"@type\":\"ReadAction\",\"target\":[\"https:\/\/dev.antudigital.cl\/sites\/vc\/nuevo-estreno-insomnia-oasis-un-documental-sobre-el-primer-proceso-constituyente\/\"]}]},{\"@type\":\"ImageObject\",\"inLanguage\":\"es\",\"@id\":\"https:\/\/dev.antudigital.cl\/sites\/vc\/nuevo-estreno-insomnia-oasis-un-documental-sobre-el-primer-proceso-constituyente\/#primaryimage\",\"url\":\"https:\/\/dev.antudigital.cl\/sites\/vc\/wp-content\/uploads\/2024\/11\/OASIS-Foto-1-scaled.jpg\",\"contentUrl\":\"https:\/\/dev.antudigital.cl\/sites\/vc\/wp-content\/uploads\/2024\/11\/OASIS-Foto-1-scaled.jpg\",\"width\":2560,\"height\":1384},{\"@type\":\"BreadcrumbList\",\"@id\":\"https:\/\/dev.antudigital.cl\/sites\/vc\/nuevo-estreno-insomnia-oasis-un-documental-sobre-el-primer-proceso-constituyente\/#breadcrumb\",\"itemListElement\":[{\"@type\":\"ListItem\",\"position\":1,\"name\":\"Home\",\"item\":\"https:\/\/dev.antudigital.cl\/sites\/vc\/\"},{\"@type\":\"ListItem\",\"position\":2,\"name\":\"Nuevo estreno Insomnia: Oasis, un documental sobre el primer proceso constituyente\"}]},{\"@type\":\"WebSite\",\"@id\":\"https:\/\/dev.antudigital.cl\/sites\/vc\/#website\",\"url\":\"https:\/\/dev.antudigital.cl\/sites\/vc\/\",\"name\":\"Valpara\u00ed\u00adso Creativo\",\"description\":\"\",\"potentialAction\":[{\"@type\":\"SearchAction\",\"target\":{\"@type\":\"EntryPoint\",\"urlTemplate\":\"https:\/\/dev.antudigital.cl\/sites\/vc\/?s={search_term_string}\"},\"query-input\":{\"@type\":\"PropertyValueSpecification\",\"valueRequired\":true,\"valueName\":\"search_term_string\"}}],\"inLanguage\":\"es\"},{\"@type\":\"Person\",\"@id\":\"https:\/\/dev.antudigital.cl\/sites\/vc\/#\/schema\/person\/c2b9da8dd545e27166fc5ab232837318\",\"name\":\"Valpara\u00edso Creativo\",\"description\":\"Periodista de cultura en la Regi\u00f3n de Valpara\u00edso.\",\"url\":\"https:\/\/dev.antudigital.cl\/sites\/vc\/author\/valpoadmin\/\"}]}<\/script>\n<!-- \/ Yoast SEO plugin. -->","yoast_head_json":{"title":"Nuevo estreno Insomnia: Oasis, un documental sobre el primer proceso constituyente - Valpara\u00ed\u00adso Creativo","robots":{"index":"index","follow":"follow","max-snippet":"max-snippet:-1","max-image-preview":"max-image-preview:large","max-video-preview":"max-video-preview:-1"},"canonical":"https:\/\/dev.antudigital.cl\/sites\/vc\/nuevo-estreno-insomnia-oasis-un-documental-sobre-el-primer-proceso-constituyente\/","og_locale":"es_ES","og_type":"article","og_title":"Nuevo estreno Insomnia: Oasis, un documental sobre el primer proceso constituyente - Valpara\u00ed\u00adso Creativo","og_description":"Luego de su destacada presencia en festivales internacionales y obtener el premio a Mejor Documental en el Festival de Cine Latinoamericano de Biarritz,&nbsp;Miradoc&nbsp;estrena este 7 de noviembre a las 18:30 horas en INSOMNIA Teatro Condell.&nbsp;Al cine foro asistir\u00e1n Tamara Uribe y Felipe Morgado. Dirigido por&nbsp;Tamara Uribe&nbsp;y&nbsp;Felipe Morgado&nbsp;\u2014y realizado por el&nbsp;Colectivo MAFI (Mapa F\u00edlmico de un [&hellip;]","og_url":"https:\/\/dev.antudigital.cl\/sites\/vc\/nuevo-estreno-insomnia-oasis-un-documental-sobre-el-primer-proceso-constituyente\/","og_site_name":"Valpara\u00ed\u00adso Creativo","article_published_time":"2024-11-05T00:32:49+00:00","article_modified_time":"2024-11-05T00:33:12+00:00","og_image":[{"width":2560,"height":1384,"url":"https:\/\/dev.antudigital.cl\/sites\/vc\/wp-content\/uploads\/2024\/11\/OASIS-Foto-1-scaled.jpg","type":"image\/jpeg"}],"author":"Valpara\u00edso Creativo","twitter_card":"summary_large_image","twitter_misc":{"Escrito por":"Valpara\u00edso Creativo","Tiempo de lectura":"4 minutos"},"schema":{"@context":"https:\/\/schema.org","@graph":[{"@type":"Article","@id":"https:\/\/dev.antudigital.cl\/sites\/vc\/nuevo-estreno-insomnia-oasis-un-documental-sobre-el-primer-proceso-constituyente\/#article","isPartOf":{"@id":"https:\/\/dev.antudigital.cl\/sites\/vc\/nuevo-estreno-insomnia-oasis-un-documental-sobre-el-primer-proceso-constituyente\/"},"author":{"name":"Valpara\u00edso Creativo","@id":"https:\/\/dev.antudigital.cl\/sites\/vc\/#\/schema\/person\/c2b9da8dd545e27166fc5ab232837318"},"headline":"Nuevo estreno Insomnia: Oasis, un documental sobre el primer proceso constituyente","datePublished":"2024-11-05T00:32:49+00:00","dateModified":"2024-11-05T00:33:12+00:00","mainEntityOfPage":{"@id":"https:\/\/dev.antudigital.cl\/sites\/vc\/nuevo-estreno-insomnia-oasis-un-documental-sobre-el-primer-proceso-constituyente\/"},"wordCount":620,"image":{"@id":"https:\/\/dev.antudigital.cl\/sites\/vc\/nuevo-estreno-insomnia-oasis-un-documental-sobre-el-primer-proceso-constituyente\/#primaryimage"},"thumbnailUrl":"https:\/\/dev.antudigital.cl\/sites\/vc\/wp-content\/uploads\/2024\/11\/OASIS-Foto-1-scaled.jpg","articleSection":["Noticia"],"inLanguage":"es"},{"@type":"WebPage","@id":"https:\/\/dev.antudigital.cl\/sites\/vc\/nuevo-estreno-insomnia-oasis-un-documental-sobre-el-primer-proceso-constituyente\/","url":"https:\/\/dev.antudigital.cl\/sites\/vc\/nuevo-estreno-insomnia-oasis-un-documental-sobre-el-primer-proceso-constituyente\/","name":"Nuevo estreno Insomnia: Oasis, un documental sobre el primer proceso constituyente - Valpara\u00ed\u00adso Creativo","isPartOf":{"@id":"https:\/\/dev.antudigital.cl\/sites\/vc\/#website"},"primaryImageOfPage":{"@id":"https:\/\/dev.antudigital.cl\/sites\/vc\/nuevo-estreno-insomnia-oasis-un-documental-sobre-el-primer-proceso-constituyente\/#primaryimage"},"image":{"@id":"https:\/\/dev.antudigital.cl\/sites\/vc\/nuevo-estreno-insomnia-oasis-un-documental-sobre-el-primer-proceso-constituyente\/#primaryimage"},"thumbnailUrl":"https:\/\/dev.antudigital.cl\/sites\/vc\/wp-content\/uploads\/2024\/11\/OASIS-Foto-1-scaled.jpg","datePublished":"2024-11-05T00:32:49+00:00","dateModified":"2024-11-05T00:33:12+00:00","author":{"@id":"https:\/\/dev.antudigital.cl\/sites\/vc\/#\/schema\/person\/c2b9da8dd545e27166fc5ab232837318"},"breadcrumb":{"@id":"https:\/\/dev.antudigital.cl\/sites\/vc\/nuevo-estreno-insomnia-oasis-un-documental-sobre-el-primer-proceso-constituyente\/#breadcrumb"},"inLanguage":"es","potentialAction":[{"@type":"ReadAction","target":["https:\/\/dev.antudigital.cl\/sites\/vc\/nuevo-estreno-insomnia-oasis-un-documental-sobre-el-primer-proceso-constituyente\/"]}]},{"@type":"ImageObject","inLanguage":"es","@id":"https:\/\/dev.antudigital.cl\/sites\/vc\/nuevo-estreno-insomnia-oasis-un-documental-sobre-el-primer-proceso-constituyente\/#primaryimage","url":"https:\/\/dev.antudigital.cl\/sites\/vc\/wp-content\/uploads\/2024\/11\/OASIS-Foto-1-scaled.jpg","contentUrl":"https:\/\/dev.antudigital.cl\/sites\/vc\/wp-content\/uploads\/2024\/11\/OASIS-Foto-1-scaled.jpg","width":2560,"height":1384},{"@type":"BreadcrumbList","@id":"https:\/\/dev.antudigital.cl\/sites\/vc\/nuevo-estreno-insomnia-oasis-un-documental-sobre-el-primer-proceso-constituyente\/#breadcrumb","itemListElement":[{"@type":"ListItem","position":1,"name":"Home","item":"https:\/\/dev.antudigital.cl\/sites\/vc\/"},{"@type":"ListItem","position":2,"name":"Nuevo estreno Insomnia: Oasis, un documental sobre el primer proceso constituyente"}]},{"@type":"WebSite","@id":"https:\/\/dev.antudigital.cl\/sites\/vc\/#website","url":"https:\/\/dev.antudigital.cl\/sites\/vc\/","name":"Valpara\u00ed\u00adso Creativo","description":"","potentialAction":[{"@type":"SearchAction","target":{"@type":"EntryPoint","urlTemplate":"https:\/\/dev.antudigital.cl\/sites\/vc\/?s={search_term_string}"},"query-input":{"@type":"PropertyValueSpecification","valueRequired":true,"valueName":"search_term_string"}}],"inLanguage":"es"},{"@type":"Person","@id":"https:\/\/dev.antudigital.cl\/sites\/vc\/#\/schema\/person\/c2b9da8dd545e27166fc5ab232837318","name":"Valpara\u00edso Creativo","description":"Periodista de cultura en la Regi\u00f3n de Valpara\u00edso.","url":"https:\/\/dev.antudigital.cl\/sites\/vc\/author\/valpoadmin\/"}]}},"_links":{"self":[{"href":"https:\/\/dev.antudigital.cl\/sites\/vc\/wp-json\/wp\/v2\/posts\/20991","targetHints":{"allow":["GET"]}}],"collection":[{"href":"https:\/\/dev.antudigital.cl\/sites\/vc\/wp-json\/wp\/v2\/posts"}],"about":[{"href":"https:\/\/dev.antudigital.cl\/sites\/vc\/wp-json\/wp\/v2\/types\/post"}],"author":[{"embeddable":true,"href":"https:\/\/dev.antudigital.cl\/sites\/vc\/wp-json\/wp\/v2\/users\/1"}],"replies":[{"embeddable":true,"href":"https:\/\/dev.antudigital.cl\/sites\/vc\/wp-json\/wp\/v2\/comments?post=20991"}],"version-history":[{"count":1,"href":"https:\/\/dev.antudigital.cl\/sites\/vc\/wp-json\/wp\/v2\/posts\/20991\/revisions"}],"predecessor-version":[{"id":20995,"href":"https:\/\/dev.antudigital.cl\/sites\/vc\/wp-json\/wp\/v2\/posts\/20991\/revisions\/20995"}],"wp:featuredmedia":[{"embeddable":true,"href":"https:\/\/dev.antudigital.cl\/sites\/vc\/wp-json\/wp\/v2\/media\/20992"}],"wp:attachment":[{"href":"https:\/\/dev.antudigital.cl\/sites\/vc\/wp-json\/wp\/v2\/media?parent=20991"}],"wp:term":[{"taxonomy":"category","embeddable":true,"href":"https:\/\/dev.antudigital.cl\/sites\/vc\/wp-json\/wp\/v2\/categories?post=20991"},{"taxonomy":"post_tag","embeddable":true,"href":"https:\/\/dev.antudigital.cl\/sites\/vc\/wp-json\/wp\/v2\/tags?post=20991"}],"curies":[{"name":"wp","href":"https:\/\/api.w.org\/{rel}","templated":true}]}}