{"id":20997,"date":"2024-11-05T00:36:16","date_gmt":"2024-11-05T00:36:16","guid":{"rendered":"https:\/\/www.valparaisocreativo.cl\/?p=20997"},"modified":"2024-11-05T00:36:33","modified_gmt":"2024-11-05T00:36:33","slug":"red-nacional-de-territorios-creativos-de-chile-participa-del-ii-foro-iberoamericano-de-ciudades-creativas-en-castelo-branco-portugal","status":"publish","type":"post","link":"https:\/\/dev.antudigital.cl\/sites\/vc\/red-nacional-de-territorios-creativos-de-chile-participa-del-ii-foro-iberoamericano-de-ciudades-creativas-en-castelo-branco-portugal\/","title":{"rendered":"Red Nacional de Territorios Creativos de Chile participa del\u00a0II Foro Iberoamericano de Ciudades Creativas en Castelo Branco, Portugal"},"content":{"rendered":"\n<p>Entre el 28 y el 31 de octubre se desarrolla en Castelo Branco, Portugal, el II Foro Iberoamericano de Ciudades Creativas, instancia a la que fue invitada a participar una delegaci\u00f3n de ciudades creativas de Chile y territorios de la Red Nacional de Territorios Creativos.<\/p>\n\n\n\n<p>El encuentro es organizado por la C\u00e1mara Municipal de Castelo Branco y busca promover el di\u00e1logo y la colaboraci\u00f3n entre ciudades creativas, instituciones y agentes culturales de los pa\u00edses iberoamericanos. Se trata de una plataforma para el intercambio de experiencias y buenas pr\u00e1cticas, ofreciendo un espacio para el intercambio multicultural y el fortalecimiento entre las Ciudades Creativas de la UNESCO.<\/p>\n\n\n\n<p>\u201cChile fue invitado para compartir la experiencia de la generaci\u00f3n de una red de territorios y el desarrollo de cada una de las ciudades creativas; especialmente en este segundo d\u00eda del II Foro Iberoamericano de Ciudades Creativas\u201d, explic\u00f3 Teresa D\u00edaz, directora ejecutiva de la Red Nacional de Territorios Creativos, desde Portugal.<\/p>\n\n\n\n<figure class=\"wp-block-image size-large\"><img fetchpriority=\"high\" decoding=\"async\" width=\"1024\" height=\"683\" src=\"https:\/\/www.valparaisocreativo.cl\/wp-content\/uploads\/2024\/11\/Delegacion-Chilena-en-Castelo-Branco-3-1024x683.jpg\" alt=\"\" class=\"wp-image-20999\" srcset=\"https:\/\/dev.antudigital.cl\/sites\/vc\/wp-content\/uploads\/2024\/11\/Delegacion-Chilena-en-Castelo-Branco-3-1024x683.jpg 1024w, https:\/\/dev.antudigital.cl\/sites\/vc\/wp-content\/uploads\/2024\/11\/Delegacion-Chilena-en-Castelo-Branco-3-300x200.jpg 300w, https:\/\/dev.antudigital.cl\/sites\/vc\/wp-content\/uploads\/2024\/11\/Delegacion-Chilena-en-Castelo-Branco-3-768x512.jpg 768w, https:\/\/dev.antudigital.cl\/sites\/vc\/wp-content\/uploads\/2024\/11\/Delegacion-Chilena-en-Castelo-Branco-3-1536x1024.jpg 1536w, https:\/\/dev.antudigital.cl\/sites\/vc\/wp-content\/uploads\/2024\/11\/Delegacion-Chilena-en-Castelo-Branco-3-1080x720.jpg 1080w, https:\/\/dev.antudigital.cl\/sites\/vc\/wp-content\/uploads\/2024\/11\/Delegacion-Chilena-en-Castelo-Branco-3-1280x853.jpg 1280w, https:\/\/dev.antudigital.cl\/sites\/vc\/wp-content\/uploads\/2024\/11\/Delegacion-Chilena-en-Castelo-Branco-3-980x653.jpg 980w, https:\/\/dev.antudigital.cl\/sites\/vc\/wp-content\/uploads\/2024\/11\/Delegacion-Chilena-en-Castelo-Branco-3-480x320.jpg 480w, https:\/\/dev.antudigital.cl\/sites\/vc\/wp-content\/uploads\/2024\/11\/Delegacion-Chilena-en-Castelo-Branco-3-24x16.jpg 24w, https:\/\/dev.antudigital.cl\/sites\/vc\/wp-content\/uploads\/2024\/11\/Delegacion-Chilena-en-Castelo-Branco-3-36x24.jpg 36w, https:\/\/dev.antudigital.cl\/sites\/vc\/wp-content\/uploads\/2024\/11\/Delegacion-Chilena-en-Castelo-Branco-3-48x32.jpg 48w, https:\/\/dev.antudigital.cl\/sites\/vc\/wp-content\/uploads\/2024\/11\/Delegacion-Chilena-en-Castelo-Branco-3.jpg 2048w\" sizes=\"(max-width: 1024px) 100vw, 1024px\" \/><\/figure>\n\n\n\n<p>Desde Chile participan representantes&nbsp;de las tres&nbsp;ciudades creativas de la M\u00fasica reconocidas por Unesco:&nbsp;<strong>Frutillar<\/strong>, representada por su Punto Focal, Mar\u00eda Jos\u00e9 Mira;&nbsp;<strong>Concepci\u00f3n<\/strong>, representada por su punto focal, Natalia Eche\u00f1ique; y&nbsp;<strong>Valpara\u00edso<\/strong>, representada por Camila&nbsp;Bolados, Jefa DIFOI&nbsp;Gobierno Regional&nbsp;de Valpara\u00edso.&nbsp;Participan representantes de dos territorios en proceso de postulaci\u00f3n a reconocimiento de ciudad creativa: Miguel Pino,&nbsp;Secretario Ejecutivo del Plan Bicentenario&nbsp;<strong>Chill\u00e1n&nbsp;<\/strong>2035, parte del territorio&nbsp;<strong>\u00d1uble Creativo<\/strong>; y Helen Urra, Coordinadora Departamento Fomento de la Cultura y las Artes&nbsp;de&nbsp;<strong>Valdivia<\/strong>&nbsp;en representaci\u00f3n de Los R\u00edos Creativo. Junto a ellos asisten la cantautora Fabiola Gonz\u00e1lez de Concepci\u00f3n, y la directora ejecutiva de la&nbsp;<strong>Red Nacional de Territorios Creativos, Teresa D\u00edaz.<\/strong>&nbsp;<\/p>\n\n\n\n<p>[Cr\u00e9dito de las fotograf\u00edas: Municipio de Castelo Branco]<\/p>\n\n\n\n<figure class=\"wp-block-image size-large\"><img decoding=\"async\" width=\"1024\" height=\"683\" src=\"https:\/\/www.valparaisocreativo.cl\/wp-content\/uploads\/2024\/11\/Delegacion-Chilena-en-Castelo-Branco-4-1024x683.jpg\" alt=\"\" class=\"wp-image-21000\" srcset=\"https:\/\/dev.antudigital.cl\/sites\/vc\/wp-content\/uploads\/2024\/11\/Delegacion-Chilena-en-Castelo-Branco-4-1024x683.jpg 1024w, https:\/\/dev.antudigital.cl\/sites\/vc\/wp-content\/uploads\/2024\/11\/Delegacion-Chilena-en-Castelo-Branco-4-300x200.jpg 300w, https:\/\/dev.antudigital.cl\/sites\/vc\/wp-content\/uploads\/2024\/11\/Delegacion-Chilena-en-Castelo-Branco-4-768x512.jpg 768w, https:\/\/dev.antudigital.cl\/sites\/vc\/wp-content\/uploads\/2024\/11\/Delegacion-Chilena-en-Castelo-Branco-4-1536x1024.jpg 1536w, https:\/\/dev.antudigital.cl\/sites\/vc\/wp-content\/uploads\/2024\/11\/Delegacion-Chilena-en-Castelo-Branco-4-1080x720.jpg 1080w, https:\/\/dev.antudigital.cl\/sites\/vc\/wp-content\/uploads\/2024\/11\/Delegacion-Chilena-en-Castelo-Branco-4-1280x853.jpg 1280w, https:\/\/dev.antudigital.cl\/sites\/vc\/wp-content\/uploads\/2024\/11\/Delegacion-Chilena-en-Castelo-Branco-4-980x653.jpg 980w, https:\/\/dev.antudigital.cl\/sites\/vc\/wp-content\/uploads\/2024\/11\/Delegacion-Chilena-en-Castelo-Branco-4-480x320.jpg 480w, https:\/\/dev.antudigital.cl\/sites\/vc\/wp-content\/uploads\/2024\/11\/Delegacion-Chilena-en-Castelo-Branco-4-24x16.jpg 24w, https:\/\/dev.antudigital.cl\/sites\/vc\/wp-content\/uploads\/2024\/11\/Delegacion-Chilena-en-Castelo-Branco-4-36x24.jpg 36w, https:\/\/dev.antudigital.cl\/sites\/vc\/wp-content\/uploads\/2024\/11\/Delegacion-Chilena-en-Castelo-Branco-4-48x32.jpg 48w, https:\/\/dev.antudigital.cl\/sites\/vc\/wp-content\/uploads\/2024\/11\/Delegacion-Chilena-en-Castelo-Branco-4.jpg 2048w\" sizes=\"(max-width: 1024px) 100vw, 1024px\" \/><\/figure>\n\n\n\n<p><strong>Sobre la Red Nacional de Territorios Creativos<\/strong><\/p>\n\n\n\n<p>La Red Nacional de Territorios Creativos cuenta con una participaci\u00f3n de un n\u00famero significativo de instituciones, proyectos, empresas, iniciativas y creadores que est\u00e1n agrupados y organizados pertenecientes a 13 territorios a lo largo del pa\u00eds correspondiente a 9 regiones: Arica, Valpara\u00edso Creativo, San Antonio Puerto Creativo, Pe\u00f1alol\u00e9n Creativa, Barrio Bellas Artes en Santiago, Rengo Creativo, la Regi\u00f3n de O&#8217;Higgins, \u00d1uble Creativo, Concepci\u00f3n, MAEC: Mesa Araucan\u00eda de Econom\u00edas Creativas, Los R\u00edos Creativo, Frutillar Ciudad Creativa en la Regi\u00f3n de Los Lagos y Red Magallanes Creativa.&nbsp;<\/p>\n\n\n\n<p>Esta red se posiciona como una plataforma de colaboraci\u00f3n para fortalecer el trabajo de sus mismos socios, as\u00ed como posicionar a nivel de liderazgos locales y agentes de pol\u00edtica p\u00fablica, la relevancia y las oportunidades que ofrece el sector creativo y cultural para el desarrollo territorial. Entre las instituciones p\u00fablicas que apoyan activamente la Red Nacional de Territorios Creativos se encuentran Corfo, a trav\u00e9s de su programa nacional ChileCreativo; el Ministerio de las Culturas, las Artes y el Patrimonio a trav\u00e9s de la Secretar\u00eda de Econom\u00eda Creativa; y la Comisi\u00f3n Nacional de UNESCO.&nbsp;<\/p>\n","protected":false},"excerpt":{"rendered":"<p>Entre el 28 y el 31 de octubre se desarrolla en Castelo Branco, Portugal, el II Foro Iberoamericano de Ciudades Creativas, instancia a la que fue invitada a participar una delegaci\u00f3n de ciudades creativas de Chile y territorios de la Red Nacional de Territorios Creativos. El encuentro es organizado por la C\u00e1mara Municipal de Castelo [&hellip;]<\/p>\n","protected":false},"author":1,"featured_media":20998,"comment_status":"closed","ping_status":"closed","sticky":false,"template":"","format":"standard","meta":{"_acf_changed":false,"footnotes":""},"categories":[8],"tags":[],"class_list":["post-20997","post","type-post","status-publish","format-standard","has-post-thumbnail","hentry","category-noticia"],"acf":[],"yoast_head":"<!-- This site is optimized with the Yoast SEO plugin v27.1.1 - https:\/\/yoast.com\/product\/yoast-seo-wordpress\/ -->\n<title>Red Nacional de Territorios Creativos de Chile participa del\u00a0II Foro Iberoamericano de Ciudades Creativas en Castelo Branco, Portugal - Valpara\u00ed\u00adso Creativo<\/title>\n<meta name=\"robots\" content=\"index, follow, max-snippet:-1, max-image-preview:large, max-video-preview:-1\" \/>\n<link rel=\"canonical\" href=\"https:\/\/dev.antudigital.cl\/sites\/vc\/red-nacional-de-territorios-creativos-de-chile-participa-del-ii-foro-iberoamericano-de-ciudades-creativas-en-castelo-branco-portugal\/\" \/>\n<meta property=\"og:locale\" content=\"es_ES\" \/>\n<meta property=\"og:type\" content=\"article\" \/>\n<meta property=\"og:title\" content=\"Red Nacional de Territorios Creativos de Chile participa del\u00a0II Foro Iberoamericano de Ciudades Creativas en Castelo Branco, Portugal - Valpara\u00ed\u00adso Creativo\" \/>\n<meta property=\"og:description\" content=\"Entre el 28 y el 31 de octubre se desarrolla en Castelo Branco, Portugal, el II Foro Iberoamericano de Ciudades Creativas, instancia a la que fue invitada a participar una delegaci\u00f3n de ciudades creativas de Chile y territorios de la Red Nacional de Territorios Creativos. El encuentro es organizado por la C\u00e1mara Municipal de Castelo [&hellip;]\" \/>\n<meta property=\"og:url\" content=\"https:\/\/dev.antudigital.cl\/sites\/vc\/red-nacional-de-territorios-creativos-de-chile-participa-del-ii-foro-iberoamericano-de-ciudades-creativas-en-castelo-branco-portugal\/\" \/>\n<meta property=\"og:site_name\" content=\"Valpara\u00ed\u00adso Creativo\" \/>\n<meta property=\"article:published_time\" content=\"2024-11-05T00:36:16+00:00\" \/>\n<meta property=\"article:modified_time\" content=\"2024-11-05T00:36:33+00:00\" \/>\n<meta property=\"og:image\" content=\"https:\/\/dev.antudigital.cl\/sites\/vc\/wp-content\/uploads\/2024\/11\/Castelo.jpg\" \/>\n\t<meta property=\"og:image:width\" content=\"1600\" \/>\n\t<meta property=\"og:image:height\" content=\"1200\" \/>\n\t<meta property=\"og:image:type\" content=\"image\/jpeg\" \/>\n<meta name=\"author\" content=\"Valpara\u00edso Creativo\" \/>\n<meta name=\"twitter:card\" content=\"summary_large_image\" \/>\n<meta name=\"twitter:label1\" content=\"Escrito por\" \/>\n\t<meta name=\"twitter:data1\" content=\"Valpara\u00edso Creativo\" \/>\n\t<meta name=\"twitter:label2\" content=\"Tiempo de lectura\" \/>\n\t<meta name=\"twitter:data2\" content=\"3 minutos\" \/>\n<script type=\"application\/ld+json\" class=\"yoast-schema-graph\">{\"@context\":\"https:\/\/schema.org\",\"@graph\":[{\"@type\":\"Article\",\"@id\":\"https:\/\/dev.antudigital.cl\/sites\/vc\/red-nacional-de-territorios-creativos-de-chile-participa-del-ii-foro-iberoamericano-de-ciudades-creativas-en-castelo-branco-portugal\/#article\",\"isPartOf\":{\"@id\":\"https:\/\/dev.antudigital.cl\/sites\/vc\/red-nacional-de-territorios-creativos-de-chile-participa-del-ii-foro-iberoamericano-de-ciudades-creativas-en-castelo-branco-portugal\/\"},\"author\":{\"name\":\"Valpara\u00edso Creativo\",\"@id\":\"https:\/\/dev.antudigital.cl\/sites\/vc\/#\/schema\/person\/c2b9da8dd545e27166fc5ab232837318\"},\"headline\":\"Red Nacional de Territorios Creativos de Chile participa del\u00a0II Foro Iberoamericano de Ciudades Creativas en Castelo Branco, Portugal\",\"datePublished\":\"2024-11-05T00:36:16+00:00\",\"dateModified\":\"2024-11-05T00:36:33+00:00\",\"mainEntityOfPage\":{\"@id\":\"https:\/\/dev.antudigital.cl\/sites\/vc\/red-nacional-de-territorios-creativos-de-chile-participa-del-ii-foro-iberoamericano-de-ciudades-creativas-en-castelo-branco-portugal\/\"},\"wordCount\":544,\"image\":{\"@id\":\"https:\/\/dev.antudigital.cl\/sites\/vc\/red-nacional-de-territorios-creativos-de-chile-participa-del-ii-foro-iberoamericano-de-ciudades-creativas-en-castelo-branco-portugal\/#primaryimage\"},\"thumbnailUrl\":\"https:\/\/dev.antudigital.cl\/sites\/vc\/wp-content\/uploads\/2024\/11\/Castelo.jpg\",\"articleSection\":[\"Noticia\"],\"inLanguage\":\"es\"},{\"@type\":\"WebPage\",\"@id\":\"https:\/\/dev.antudigital.cl\/sites\/vc\/red-nacional-de-territorios-creativos-de-chile-participa-del-ii-foro-iberoamericano-de-ciudades-creativas-en-castelo-branco-portugal\/\",\"url\":\"https:\/\/dev.antudigital.cl\/sites\/vc\/red-nacional-de-territorios-creativos-de-chile-participa-del-ii-foro-iberoamericano-de-ciudades-creativas-en-castelo-branco-portugal\/\",\"name\":\"Red Nacional de Territorios Creativos de Chile participa del\u00a0II Foro Iberoamericano de Ciudades Creativas en Castelo Branco, Portugal - Valpara\u00ed\u00adso Creativo\",\"isPartOf\":{\"@id\":\"https:\/\/dev.antudigital.cl\/sites\/vc\/#website\"},\"primaryImageOfPage\":{\"@id\":\"https:\/\/dev.antudigital.cl\/sites\/vc\/red-nacional-de-territorios-creativos-de-chile-participa-del-ii-foro-iberoamericano-de-ciudades-creativas-en-castelo-branco-portugal\/#primaryimage\"},\"image\":{\"@id\":\"https:\/\/dev.antudigital.cl\/sites\/vc\/red-nacional-de-territorios-creativos-de-chile-participa-del-ii-foro-iberoamericano-de-ciudades-creativas-en-castelo-branco-portugal\/#primaryimage\"},\"thumbnailUrl\":\"https:\/\/dev.antudigital.cl\/sites\/vc\/wp-content\/uploads\/2024\/11\/Castelo.jpg\",\"datePublished\":\"2024-11-05T00:36:16+00:00\",\"dateModified\":\"2024-11-05T00:36:33+00:00\",\"author\":{\"@id\":\"https:\/\/dev.antudigital.cl\/sites\/vc\/#\/schema\/person\/c2b9da8dd545e27166fc5ab232837318\"},\"breadcrumb\":{\"@id\":\"https:\/\/dev.antudigital.cl\/sites\/vc\/red-nacional-de-territorios-creativos-de-chile-participa-del-ii-foro-iberoamericano-de-ciudades-creativas-en-castelo-branco-portugal\/#breadcrumb\"},\"inLanguage\":\"es\",\"potentialAction\":[{\"@type\":\"ReadAction\",\"target\":[\"https:\/\/dev.antudigital.cl\/sites\/vc\/red-nacional-de-territorios-creativos-de-chile-participa-del-ii-foro-iberoamericano-de-ciudades-creativas-en-castelo-branco-portugal\/\"]}]},{\"@type\":\"ImageObject\",\"inLanguage\":\"es\",\"@id\":\"https:\/\/dev.antudigital.cl\/sites\/vc\/red-nacional-de-territorios-creativos-de-chile-participa-del-ii-foro-iberoamericano-de-ciudades-creativas-en-castelo-branco-portugal\/#primaryimage\",\"url\":\"https:\/\/dev.antudigital.cl\/sites\/vc\/wp-content\/uploads\/2024\/11\/Castelo.jpg\",\"contentUrl\":\"https:\/\/dev.antudigital.cl\/sites\/vc\/wp-content\/uploads\/2024\/11\/Castelo.jpg\",\"width\":1600,\"height\":1200},{\"@type\":\"BreadcrumbList\",\"@id\":\"https:\/\/dev.antudigital.cl\/sites\/vc\/red-nacional-de-territorios-creativos-de-chile-participa-del-ii-foro-iberoamericano-de-ciudades-creativas-en-castelo-branco-portugal\/#breadcrumb\",\"itemListElement\":[{\"@type\":\"ListItem\",\"position\":1,\"name\":\"Home\",\"item\":\"https:\/\/dev.antudigital.cl\/sites\/vc\/\"},{\"@type\":\"ListItem\",\"position\":2,\"name\":\"Red Nacional de Territorios Creativos de Chile participa del\u00a0II Foro Iberoamericano de Ciudades Creativas en Castelo Branco, Portugal\"}]},{\"@type\":\"WebSite\",\"@id\":\"https:\/\/dev.antudigital.cl\/sites\/vc\/#website\",\"url\":\"https:\/\/dev.antudigital.cl\/sites\/vc\/\",\"name\":\"Valpara\u00ed\u00adso Creativo\",\"description\":\"\",\"potentialAction\":[{\"@type\":\"SearchAction\",\"target\":{\"@type\":\"EntryPoint\",\"urlTemplate\":\"https:\/\/dev.antudigital.cl\/sites\/vc\/?s={search_term_string}\"},\"query-input\":{\"@type\":\"PropertyValueSpecification\",\"valueRequired\":true,\"valueName\":\"search_term_string\"}}],\"inLanguage\":\"es\"},{\"@type\":\"Person\",\"@id\":\"https:\/\/dev.antudigital.cl\/sites\/vc\/#\/schema\/person\/c2b9da8dd545e27166fc5ab232837318\",\"name\":\"Valpara\u00edso Creativo\",\"description\":\"Periodista de cultura en la Regi\u00f3n de Valpara\u00edso.\",\"url\":\"https:\/\/dev.antudigital.cl\/sites\/vc\/author\/valpoadmin\/\"}]}<\/script>\n<!-- \/ Yoast SEO plugin. -->","yoast_head_json":{"title":"Red Nacional de Territorios Creativos de Chile participa del\u00a0II Foro Iberoamericano de Ciudades Creativas en Castelo Branco, Portugal - Valpara\u00ed\u00adso Creativo","robots":{"index":"index","follow":"follow","max-snippet":"max-snippet:-1","max-image-preview":"max-image-preview:large","max-video-preview":"max-video-preview:-1"},"canonical":"https:\/\/dev.antudigital.cl\/sites\/vc\/red-nacional-de-territorios-creativos-de-chile-participa-del-ii-foro-iberoamericano-de-ciudades-creativas-en-castelo-branco-portugal\/","og_locale":"es_ES","og_type":"article","og_title":"Red Nacional de Territorios Creativos de Chile participa del\u00a0II Foro Iberoamericano de Ciudades Creativas en Castelo Branco, Portugal - Valpara\u00ed\u00adso Creativo","og_description":"Entre el 28 y el 31 de octubre se desarrolla en Castelo Branco, Portugal, el II Foro Iberoamericano de Ciudades Creativas, instancia a la que fue invitada a participar una delegaci\u00f3n de ciudades creativas de Chile y territorios de la Red Nacional de Territorios Creativos. El encuentro es organizado por la C\u00e1mara Municipal de Castelo [&hellip;]","og_url":"https:\/\/dev.antudigital.cl\/sites\/vc\/red-nacional-de-territorios-creativos-de-chile-participa-del-ii-foro-iberoamericano-de-ciudades-creativas-en-castelo-branco-portugal\/","og_site_name":"Valpara\u00ed\u00adso Creativo","article_published_time":"2024-11-05T00:36:16+00:00","article_modified_time":"2024-11-05T00:36:33+00:00","og_image":[{"width":1600,"height":1200,"url":"https:\/\/dev.antudigital.cl\/sites\/vc\/wp-content\/uploads\/2024\/11\/Castelo.jpg","type":"image\/jpeg"}],"author":"Valpara\u00edso Creativo","twitter_card":"summary_large_image","twitter_misc":{"Escrito por":"Valpara\u00edso Creativo","Tiempo de lectura":"3 minutos"},"schema":{"@context":"https:\/\/schema.org","@graph":[{"@type":"Article","@id":"https:\/\/dev.antudigital.cl\/sites\/vc\/red-nacional-de-territorios-creativos-de-chile-participa-del-ii-foro-iberoamericano-de-ciudades-creativas-en-castelo-branco-portugal\/#article","isPartOf":{"@id":"https:\/\/dev.antudigital.cl\/sites\/vc\/red-nacional-de-territorios-creativos-de-chile-participa-del-ii-foro-iberoamericano-de-ciudades-creativas-en-castelo-branco-portugal\/"},"author":{"name":"Valpara\u00edso Creativo","@id":"https:\/\/dev.antudigital.cl\/sites\/vc\/#\/schema\/person\/c2b9da8dd545e27166fc5ab232837318"},"headline":"Red Nacional de Territorios Creativos de Chile participa del\u00a0II Foro Iberoamericano de Ciudades Creativas en Castelo Branco, Portugal","datePublished":"2024-11-05T00:36:16+00:00","dateModified":"2024-11-05T00:36:33+00:00","mainEntityOfPage":{"@id":"https:\/\/dev.antudigital.cl\/sites\/vc\/red-nacional-de-territorios-creativos-de-chile-participa-del-ii-foro-iberoamericano-de-ciudades-creativas-en-castelo-branco-portugal\/"},"wordCount":544,"image":{"@id":"https:\/\/dev.antudigital.cl\/sites\/vc\/red-nacional-de-territorios-creativos-de-chile-participa-del-ii-foro-iberoamericano-de-ciudades-creativas-en-castelo-branco-portugal\/#primaryimage"},"thumbnailUrl":"https:\/\/dev.antudigital.cl\/sites\/vc\/wp-content\/uploads\/2024\/11\/Castelo.jpg","articleSection":["Noticia"],"inLanguage":"es"},{"@type":"WebPage","@id":"https:\/\/dev.antudigital.cl\/sites\/vc\/red-nacional-de-territorios-creativos-de-chile-participa-del-ii-foro-iberoamericano-de-ciudades-creativas-en-castelo-branco-portugal\/","url":"https:\/\/dev.antudigital.cl\/sites\/vc\/red-nacional-de-territorios-creativos-de-chile-participa-del-ii-foro-iberoamericano-de-ciudades-creativas-en-castelo-branco-portugal\/","name":"Red Nacional de Territorios Creativos de Chile participa del\u00a0II Foro Iberoamericano de Ciudades Creativas en Castelo Branco, Portugal - Valpara\u00ed\u00adso Creativo","isPartOf":{"@id":"https:\/\/dev.antudigital.cl\/sites\/vc\/#website"},"primaryImageOfPage":{"@id":"https:\/\/dev.antudigital.cl\/sites\/vc\/red-nacional-de-territorios-creativos-de-chile-participa-del-ii-foro-iberoamericano-de-ciudades-creativas-en-castelo-branco-portugal\/#primaryimage"},"image":{"@id":"https:\/\/dev.antudigital.cl\/sites\/vc\/red-nacional-de-territorios-creativos-de-chile-participa-del-ii-foro-iberoamericano-de-ciudades-creativas-en-castelo-branco-portugal\/#primaryimage"},"thumbnailUrl":"https:\/\/dev.antudigital.cl\/sites\/vc\/wp-content\/uploads\/2024\/11\/Castelo.jpg","datePublished":"2024-11-05T00:36:16+00:00","dateModified":"2024-11-05T00:36:33+00:00","author":{"@id":"https:\/\/dev.antudigital.cl\/sites\/vc\/#\/schema\/person\/c2b9da8dd545e27166fc5ab232837318"},"breadcrumb":{"@id":"https:\/\/dev.antudigital.cl\/sites\/vc\/red-nacional-de-territorios-creativos-de-chile-participa-del-ii-foro-iberoamericano-de-ciudades-creativas-en-castelo-branco-portugal\/#breadcrumb"},"inLanguage":"es","potentialAction":[{"@type":"ReadAction","target":["https:\/\/dev.antudigital.cl\/sites\/vc\/red-nacional-de-territorios-creativos-de-chile-participa-del-ii-foro-iberoamericano-de-ciudades-creativas-en-castelo-branco-portugal\/"]}]},{"@type":"ImageObject","inLanguage":"es","@id":"https:\/\/dev.antudigital.cl\/sites\/vc\/red-nacional-de-territorios-creativos-de-chile-participa-del-ii-foro-iberoamericano-de-ciudades-creativas-en-castelo-branco-portugal\/#primaryimage","url":"https:\/\/dev.antudigital.cl\/sites\/vc\/wp-content\/uploads\/2024\/11\/Castelo.jpg","contentUrl":"https:\/\/dev.antudigital.cl\/sites\/vc\/wp-content\/uploads\/2024\/11\/Castelo.jpg","width":1600,"height":1200},{"@type":"BreadcrumbList","@id":"https:\/\/dev.antudigital.cl\/sites\/vc\/red-nacional-de-territorios-creativos-de-chile-participa-del-ii-foro-iberoamericano-de-ciudades-creativas-en-castelo-branco-portugal\/#breadcrumb","itemListElement":[{"@type":"ListItem","position":1,"name":"Home","item":"https:\/\/dev.antudigital.cl\/sites\/vc\/"},{"@type":"ListItem","position":2,"name":"Red Nacional de Territorios Creativos de Chile participa del\u00a0II Foro Iberoamericano de Ciudades Creativas en Castelo Branco, Portugal"}]},{"@type":"WebSite","@id":"https:\/\/dev.antudigital.cl\/sites\/vc\/#website","url":"https:\/\/dev.antudigital.cl\/sites\/vc\/","name":"Valpara\u00ed\u00adso Creativo","description":"","potentialAction":[{"@type":"SearchAction","target":{"@type":"EntryPoint","urlTemplate":"https:\/\/dev.antudigital.cl\/sites\/vc\/?s={search_term_string}"},"query-input":{"@type":"PropertyValueSpecification","valueRequired":true,"valueName":"search_term_string"}}],"inLanguage":"es"},{"@type":"Person","@id":"https:\/\/dev.antudigital.cl\/sites\/vc\/#\/schema\/person\/c2b9da8dd545e27166fc5ab232837318","name":"Valpara\u00edso Creativo","description":"Periodista de cultura en la Regi\u00f3n de Valpara\u00edso.","url":"https:\/\/dev.antudigital.cl\/sites\/vc\/author\/valpoadmin\/"}]}},"_links":{"self":[{"href":"https:\/\/dev.antudigital.cl\/sites\/vc\/wp-json\/wp\/v2\/posts\/20997","targetHints":{"allow":["GET"]}}],"collection":[{"href":"https:\/\/dev.antudigital.cl\/sites\/vc\/wp-json\/wp\/v2\/posts"}],"about":[{"href":"https:\/\/dev.antudigital.cl\/sites\/vc\/wp-json\/wp\/v2\/types\/post"}],"author":[{"embeddable":true,"href":"https:\/\/dev.antudigital.cl\/sites\/vc\/wp-json\/wp\/v2\/users\/1"}],"replies":[{"embeddable":true,"href":"https:\/\/dev.antudigital.cl\/sites\/vc\/wp-json\/wp\/v2\/comments?post=20997"}],"version-history":[{"count":1,"href":"https:\/\/dev.antudigital.cl\/sites\/vc\/wp-json\/wp\/v2\/posts\/20997\/revisions"}],"predecessor-version":[{"id":21001,"href":"https:\/\/dev.antudigital.cl\/sites\/vc\/wp-json\/wp\/v2\/posts\/20997\/revisions\/21001"}],"wp:featuredmedia":[{"embeddable":true,"href":"https:\/\/dev.antudigital.cl\/sites\/vc\/wp-json\/wp\/v2\/media\/20998"}],"wp:attachment":[{"href":"https:\/\/dev.antudigital.cl\/sites\/vc\/wp-json\/wp\/v2\/media?parent=20997"}],"wp:term":[{"taxonomy":"category","embeddable":true,"href":"https:\/\/dev.antudigital.cl\/sites\/vc\/wp-json\/wp\/v2\/categories?post=20997"},{"taxonomy":"post_tag","embeddable":true,"href":"https:\/\/dev.antudigital.cl\/sites\/vc\/wp-json\/wp\/v2\/tags?post=20997"}],"curies":[{"name":"wp","href":"https:\/\/api.w.org\/{rel}","templated":true}]}}