{"id":21011,"date":"2024-11-05T01:16:25","date_gmt":"2024-11-05T01:16:25","guid":{"rendered":"https:\/\/www.valparaisocreativo.cl\/?p=21011"},"modified":"2024-11-05T01:16:42","modified_gmt":"2024-11-05T01:16:42","slug":"la-fiesta-del-cortometraje-se-vivira-en-chile-junto-al-5-festival-cortos-en-grande","status":"publish","type":"post","link":"https:\/\/dev.antudigital.cl\/sites\/vc\/la-fiesta-del-cortometraje-se-vivira-en-chile-junto-al-5-festival-cortos-en-grande\/","title":{"rendered":"La fiesta del cortometraje se vivir\u00e1 en Chile junto al 5\u00b0 Festival Cortos en Grande"},"content":{"rendered":"\n<p>Con sede en Santiago y en Valpara\u00edso, el&nbsp;<strong>5\u00b0<\/strong>&nbsp;<strong>Festival Cortos en Grande<\/strong>&nbsp;a partir de este a\u00f1o anuncia su realizaci\u00f3n anual y celebrar\u00e1 su nueva versi\u00f3n en la&nbsp;<strong>Cineteca Nacional de Chile<\/strong>, ubicada en el&nbsp;<strong>Centro Cultural La Moneda&nbsp;<\/strong>y en<strong>&nbsp;Insomnia Teatro Condell en Valpara\u00edso.<\/strong><\/p>\n\n\n\n<p>Con m\u00e1s de 1000 cortos postulados, la&nbsp;<strong>Selecci\u00f3n Oficial de la Competencia Nacional e Internacional<\/strong>&nbsp;presenta una programaci\u00f3n con los cortos m\u00e1s destacados de los realizadores emergentes de Chile y el mundo. La organizaci\u00f3n del festival busca poner en valor el cortometraje permitiendo su exhibici\u00f3n en sala, aportando a su difusi\u00f3n y acercando el formato a las audiencias.<\/p>\n\n\n\n<p>Al respecto, Jos\u00e9 Gil, director ejecutivo de la Fundaci\u00f3n VIART y director art\u00edstico del festival afirma:&nbsp;<em>\u201cEn estas 5 ediciones Cortos en Grande se ha consolidado como un espacio clave para el encuentro del talento audiovisual emergente y los p\u00fablicos locales, generando una oferta diversa y atractiva; que en conjunto con nuestras actividades orientadas a la profesionalizaci\u00f3n e industria a trav\u00e9s de&nbsp;<\/em><a href=\"https:\/\/chileshorts.com\/es\/\" target=\"_blank\" rel=\"noreferrer noopener\"><em>Chileshorts Market<\/em><\/a><em>, logramos que el ecosistema audiovisual nacional crezca y se fortalezca.\u201d<\/em><\/p>\n\n\n\n<figure class=\"wp-block-image size-full\"><img fetchpriority=\"high\" decoding=\"async\" width=\"582\" height=\"386\" src=\"https:\/\/www.valparaisocreativo.cl\/wp-content\/uploads\/2024\/11\/Foto-Tana-Gilbert-NINGUNA-ESTRELLA-recibe-premio-CEG2022.png\" alt=\"\" class=\"wp-image-21014\" srcset=\"https:\/\/dev.antudigital.cl\/sites\/vc\/wp-content\/uploads\/2024\/11\/Foto-Tana-Gilbert-NINGUNA-ESTRELLA-recibe-premio-CEG2022.png 582w, https:\/\/dev.antudigital.cl\/sites\/vc\/wp-content\/uploads\/2024\/11\/Foto-Tana-Gilbert-NINGUNA-ESTRELLA-recibe-premio-CEG2022-300x199.png 300w, https:\/\/dev.antudigital.cl\/sites\/vc\/wp-content\/uploads\/2024\/11\/Foto-Tana-Gilbert-NINGUNA-ESTRELLA-recibe-premio-CEG2022-480x318.png 480w, https:\/\/dev.antudigital.cl\/sites\/vc\/wp-content\/uploads\/2024\/11\/Foto-Tana-Gilbert-NINGUNA-ESTRELLA-recibe-premio-CEG2022-24x16.png 24w, https:\/\/dev.antudigital.cl\/sites\/vc\/wp-content\/uploads\/2024\/11\/Foto-Tana-Gilbert-NINGUNA-ESTRELLA-recibe-premio-CEG2022-36x24.png 36w, https:\/\/dev.antudigital.cl\/sites\/vc\/wp-content\/uploads\/2024\/11\/Foto-Tana-Gilbert-NINGUNA-ESTRELLA-recibe-premio-CEG2022-48x32.png 48w\" sizes=\"(max-width: 582px) 100vw, 582px\" \/><\/figure>\n\n\n\n<p>La&nbsp;<strong>Competencia Nacional<\/strong>&nbsp;estar\u00e1 compuesta por&nbsp;<strong>18 cortometrajes<\/strong>&nbsp;de ficci\u00f3n, documental y animaci\u00f3n que abordan variadas tem\u00e1ticas sobre migraci\u00f3n, feminismo, derechos humanos, medio ambiente, salud mental y diversidad.<\/p>\n\n\n\n<p>Y la&nbsp;<strong>Competencia Internacional<\/strong>&nbsp;contar\u00e1 con&nbsp;<strong>16 cortometrajes<\/strong>&nbsp;provenientes de todo el mundo: Espa\u00f1a, China, Alemania, Siria, Reino Unido, Estados Unidos, B\u00e9lgica, Francia, Argelia, Jordania, Estonia, Chipre, Indonesia, Kazajist\u00e1n. Los cortos ser\u00e1n proyectados en tres bloques tem\u00e1ticos: Del matriarcado y lo social, de la diversidad y las relaciones humanas y de la paternidad y la independencia.<\/p>\n\n\n\n<p>El jurado oficial estar\u00e1 compuesto por el destacado cineasta Sebasti\u00e1n Lelio, la realizadora de animaci\u00f3n en stop motion Cecilia Toro y la montajista Andrea Chignoli (\u201cLa novia del desierto\u201d, \u201cNo\u201d, \u201cSerie Los 80\u201d). Adem\u00e1s, el p\u00fablico tendr\u00e1 la oportunidad de escoger y votar por su corto favorito.&nbsp;<\/p>\n\n\n\n<p><strong>PROGRAMACI\u00d3N Y FUNCIONES CEG<\/strong><\/p>\n\n\n\n<p>El evento contar\u00e1 con la participaci\u00f3n especial del&nbsp;<strong>Festival Internacional de Cine de Valdivia y el Festival Internacional de Cortometrajes Clermont-Ferrand, Francia<\/strong>, prometiendo ser una fiesta del cortometraje con la exhibici\u00f3n de m\u00e1s de 55 cortos de Chile y del mundo.<\/p>\n\n\n\n<p>Destacando el inter\u00e9s por la actualidad global y los desaf\u00edos que enfrenta la Humanidad, la quinta edici\u00f3n del Festival Cortos en Grande presentar\u00e1 el&nbsp;<strong>Foco Venezuela y el Foco Palestina&nbsp;<\/strong>ofreciendo una mirada profunda a la realidad de estos pa\u00edses a trav\u00e9s de las obras de j\u00f3venes cineastas locales.<\/p>\n\n\n\n<p>La inauguraci\u00f3n ser\u00e1 el&nbsp;<strong>viernes 8 de noviembre<\/strong>&nbsp;partiendo a las 17:00 horas con exhibiciones de la Selecci\u00f3n Oficial de Cortometrajes Chileno de Estudiantes de Cine y Audiovisual de FICValdivia para luego a las&nbsp;<strong>20:00 horas&nbsp;<\/strong>dar inicio a la&nbsp;<strong>Ceremonia de Inauguraci\u00f3n<\/strong>, que incluye la proyecci\u00f3n de \u201cBestia\u201d y \u201cAliEN0089\u201d, los cortometrajes chilenos ganadores de Clermont-Ferrand el 2022 y 2024 respectivamente.<\/p>\n\n\n\n<p>Las actividades continuar\u00e1n los d\u00edas&nbsp;<strong>9 y 10 de noviembre<\/strong>&nbsp;en la Cineteca Nacional con entrada completamente liberada exhibiendo ambas competencias, adem\u00e1s del Foco Venezuela y Palestina.<\/p>\n\n\n\n<p>Por su parte, las funciones en&nbsp;<strong>Valpara\u00edso junto a Insomnia Teatro Condell&nbsp;<\/strong>se desarrollar\u00e1n los d\u00edas&nbsp;<strong>13, 16, 22 y 23 de noviembre<\/strong>&nbsp;en horario de las 17:00 y 19:00 horas. La entrada considerar\u00e1 un valor de $1.000 pesos por persona. Conoce toda la programaci\u00f3n en&nbsp;<a href=\"http:\/\/www.cortosengrande.com\/\" target=\"_blank\" rel=\"noreferrer noopener\"><strong>www.cortosengrande.com<\/strong><\/a><\/p>\n\n\n\n<p>Festival Cortos en Grande, organizado por la Fundaci\u00f3n VIART, cuenta con el co-financiamiento del Ministerio de las Culturas, las Artes y el Patrimonio a trav\u00e9s del Fondo Audiovisual 2024, la colaboraci\u00f3n de Balmaceda Arte Joven y el Centro GAM, adem\u00e1s del apoyo de la Cineteca Nacional de Chile, Insomnia Teatro Condell y OndaMedia.<\/p>\n\n\n\n<p><strong>Redes sociales:<\/strong><\/p>\n\n\n\n<p><strong>@cortosengrande y @fundacionviart<\/strong><\/p>\n\n\n\n<figure class=\"wp-block-image size-large\"><img decoding=\"async\" width=\"683\" height=\"1024\" src=\"https:\/\/www.valparaisocreativo.cl\/wp-content\/uploads\/2024\/11\/CEG-2023-afiche-683x1024.png\" alt=\"\" class=\"wp-image-21012\" srcset=\"https:\/\/dev.antudigital.cl\/sites\/vc\/wp-content\/uploads\/2024\/11\/CEG-2023-afiche-683x1024.png 683w, https:\/\/dev.antudigital.cl\/sites\/vc\/wp-content\/uploads\/2024\/11\/CEG-2023-afiche-200x300.png 200w, https:\/\/dev.antudigital.cl\/sites\/vc\/wp-content\/uploads\/2024\/11\/CEG-2023-afiche-768x1152.png 768w, https:\/\/dev.antudigital.cl\/sites\/vc\/wp-content\/uploads\/2024\/11\/CEG-2023-afiche-1024x1536.png 1024w, https:\/\/dev.antudigital.cl\/sites\/vc\/wp-content\/uploads\/2024\/11\/CEG-2023-afiche-1365x2048.png 1365w, https:\/\/dev.antudigital.cl\/sites\/vc\/wp-content\/uploads\/2024\/11\/CEG-2023-afiche-1080x1620.png 1080w, https:\/\/dev.antudigital.cl\/sites\/vc\/wp-content\/uploads\/2024\/11\/CEG-2023-afiche-1280x1920.png 1280w, https:\/\/dev.antudigital.cl\/sites\/vc\/wp-content\/uploads\/2024\/11\/CEG-2023-afiche-980x1470.png 980w, https:\/\/dev.antudigital.cl\/sites\/vc\/wp-content\/uploads\/2024\/11\/CEG-2023-afiche-480x720.png 480w, https:\/\/dev.antudigital.cl\/sites\/vc\/wp-content\/uploads\/2024\/11\/CEG-2023-afiche-16x24.png 16w, https:\/\/dev.antudigital.cl\/sites\/vc\/wp-content\/uploads\/2024\/11\/CEG-2023-afiche-24x36.png 24w, https:\/\/dev.antudigital.cl\/sites\/vc\/wp-content\/uploads\/2024\/11\/CEG-2023-afiche-32x48.png 32w, https:\/\/dev.antudigital.cl\/sites\/vc\/wp-content\/uploads\/2024\/11\/CEG-2023-afiche.png 1702w\" sizes=\"(max-width: 683px) 100vw, 683px\" \/><\/figure>\n","protected":false},"excerpt":{"rendered":"<p>Con sede en Santiago y en Valpara\u00edso, el&nbsp;5\u00b0&nbsp;Festival Cortos en Grande&nbsp;a partir de este a\u00f1o anuncia su realizaci\u00f3n anual y celebrar\u00e1 su nueva versi\u00f3n en la&nbsp;Cineteca Nacional de Chile, ubicada en el&nbsp;Centro Cultural La Moneda&nbsp;y en&nbsp;Insomnia Teatro Condell en Valpara\u00edso. Con m\u00e1s de 1000 cortos postulados, la&nbsp;Selecci\u00f3n Oficial de la Competencia Nacional e Internacional&nbsp;presenta una [&hellip;]<\/p>\n","protected":false},"author":1,"featured_media":21013,"comment_status":"closed","ping_status":"closed","sticky":false,"template":"","format":"standard","meta":{"_acf_changed":false,"footnotes":""},"categories":[8],"tags":[],"class_list":["post-21011","post","type-post","status-publish","format-standard","has-post-thumbnail","hentry","category-noticia"],"acf":[],"yoast_head":"<!-- This site is optimized with the Yoast SEO plugin v27.1.1 - https:\/\/yoast.com\/product\/yoast-seo-wordpress\/ -->\n<title>La fiesta del cortometraje se vivir\u00e1 en Chile junto al 5\u00b0 Festival Cortos en Grande - Valpara\u00ed\u00adso Creativo<\/title>\n<meta name=\"robots\" content=\"index, follow, max-snippet:-1, max-image-preview:large, max-video-preview:-1\" \/>\n<link rel=\"canonical\" href=\"https:\/\/dev.antudigital.cl\/sites\/vc\/la-fiesta-del-cortometraje-se-vivira-en-chile-junto-al-5-festival-cortos-en-grande\/\" \/>\n<meta property=\"og:locale\" content=\"es_ES\" \/>\n<meta property=\"og:type\" content=\"article\" \/>\n<meta property=\"og:title\" content=\"La fiesta del cortometraje se vivir\u00e1 en Chile junto al 5\u00b0 Festival Cortos en Grande - Valpara\u00ed\u00adso Creativo\" \/>\n<meta property=\"og:description\" content=\"Con sede en Santiago y en Valpara\u00edso, el&nbsp;5\u00b0&nbsp;Festival Cortos en Grande&nbsp;a partir de este a\u00f1o anuncia su realizaci\u00f3n anual y celebrar\u00e1 su nueva versi\u00f3n en la&nbsp;Cineteca Nacional de Chile, ubicada en el&nbsp;Centro Cultural La Moneda&nbsp;y en&nbsp;Insomnia Teatro Condell en Valpara\u00edso. Con m\u00e1s de 1000 cortos postulados, la&nbsp;Selecci\u00f3n Oficial de la Competencia Nacional e Internacional&nbsp;presenta una [&hellip;]\" \/>\n<meta property=\"og:url\" content=\"https:\/\/dev.antudigital.cl\/sites\/vc\/la-fiesta-del-cortometraje-se-vivira-en-chile-junto-al-5-festival-cortos-en-grande\/\" \/>\n<meta property=\"og:site_name\" content=\"Valpara\u00ed\u00adso Creativo\" \/>\n<meta property=\"article:published_time\" content=\"2024-11-05T01:16:25+00:00\" \/>\n<meta property=\"article:modified_time\" content=\"2024-11-05T01:16:42+00:00\" \/>\n<meta property=\"og:image\" content=\"https:\/\/dev.antudigital.cl\/sites\/vc\/wp-content\/uploads\/2024\/11\/Foto-Nico-Hopper-Premio-CEG2022.png\" \/>\n\t<meta property=\"og:image:width\" content=\"1068\" \/>\n\t<meta property=\"og:image:height\" content=\"711\" \/>\n\t<meta property=\"og:image:type\" content=\"image\/png\" \/>\n<meta name=\"author\" content=\"Valpara\u00edso Creativo\" \/>\n<meta name=\"twitter:card\" content=\"summary_large_image\" \/>\n<meta name=\"twitter:label1\" content=\"Escrito por\" \/>\n\t<meta name=\"twitter:data1\" content=\"Valpara\u00edso Creativo\" \/>\n\t<meta name=\"twitter:label2\" content=\"Tiempo de lectura\" \/>\n\t<meta name=\"twitter:data2\" content=\"4 minutos\" \/>\n<script type=\"application\/ld+json\" class=\"yoast-schema-graph\">{\"@context\":\"https:\/\/schema.org\",\"@graph\":[{\"@type\":\"Article\",\"@id\":\"https:\/\/dev.antudigital.cl\/sites\/vc\/la-fiesta-del-cortometraje-se-vivira-en-chile-junto-al-5-festival-cortos-en-grande\/#article\",\"isPartOf\":{\"@id\":\"https:\/\/dev.antudigital.cl\/sites\/vc\/la-fiesta-del-cortometraje-se-vivira-en-chile-junto-al-5-festival-cortos-en-grande\/\"},\"author\":{\"name\":\"Valpara\u00edso Creativo\",\"@id\":\"https:\/\/dev.antudigital.cl\/sites\/vc\/#\/schema\/person\/c2b9da8dd545e27166fc5ab232837318\"},\"headline\":\"La fiesta del cortometraje se vivir\u00e1 en Chile junto al 5\u00b0 Festival Cortos en Grande\",\"datePublished\":\"2024-11-05T01:16:25+00:00\",\"dateModified\":\"2024-11-05T01:16:42+00:00\",\"mainEntityOfPage\":{\"@id\":\"https:\/\/dev.antudigital.cl\/sites\/vc\/la-fiesta-del-cortometraje-se-vivira-en-chile-junto-al-5-festival-cortos-en-grande\/\"},\"wordCount\":682,\"image\":{\"@id\":\"https:\/\/dev.antudigital.cl\/sites\/vc\/la-fiesta-del-cortometraje-se-vivira-en-chile-junto-al-5-festival-cortos-en-grande\/#primaryimage\"},\"thumbnailUrl\":\"https:\/\/dev.antudigital.cl\/sites\/vc\/wp-content\/uploads\/2024\/11\/Foto-Nico-Hopper-Premio-CEG2022.png\",\"articleSection\":[\"Noticia\"],\"inLanguage\":\"es\"},{\"@type\":\"WebPage\",\"@id\":\"https:\/\/dev.antudigital.cl\/sites\/vc\/la-fiesta-del-cortometraje-se-vivira-en-chile-junto-al-5-festival-cortos-en-grande\/\",\"url\":\"https:\/\/dev.antudigital.cl\/sites\/vc\/la-fiesta-del-cortometraje-se-vivira-en-chile-junto-al-5-festival-cortos-en-grande\/\",\"name\":\"La fiesta del cortometraje se vivir\u00e1 en Chile junto al 5\u00b0 Festival Cortos en Grande - Valpara\u00ed\u00adso Creativo\",\"isPartOf\":{\"@id\":\"https:\/\/dev.antudigital.cl\/sites\/vc\/#website\"},\"primaryImageOfPage\":{\"@id\":\"https:\/\/dev.antudigital.cl\/sites\/vc\/la-fiesta-del-cortometraje-se-vivira-en-chile-junto-al-5-festival-cortos-en-grande\/#primaryimage\"},\"image\":{\"@id\":\"https:\/\/dev.antudigital.cl\/sites\/vc\/la-fiesta-del-cortometraje-se-vivira-en-chile-junto-al-5-festival-cortos-en-grande\/#primaryimage\"},\"thumbnailUrl\":\"https:\/\/dev.antudigital.cl\/sites\/vc\/wp-content\/uploads\/2024\/11\/Foto-Nico-Hopper-Premio-CEG2022.png\",\"datePublished\":\"2024-11-05T01:16:25+00:00\",\"dateModified\":\"2024-11-05T01:16:42+00:00\",\"author\":{\"@id\":\"https:\/\/dev.antudigital.cl\/sites\/vc\/#\/schema\/person\/c2b9da8dd545e27166fc5ab232837318\"},\"breadcrumb\":{\"@id\":\"https:\/\/dev.antudigital.cl\/sites\/vc\/la-fiesta-del-cortometraje-se-vivira-en-chile-junto-al-5-festival-cortos-en-grande\/#breadcrumb\"},\"inLanguage\":\"es\",\"potentialAction\":[{\"@type\":\"ReadAction\",\"target\":[\"https:\/\/dev.antudigital.cl\/sites\/vc\/la-fiesta-del-cortometraje-se-vivira-en-chile-junto-al-5-festival-cortos-en-grande\/\"]}]},{\"@type\":\"ImageObject\",\"inLanguage\":\"es\",\"@id\":\"https:\/\/dev.antudigital.cl\/sites\/vc\/la-fiesta-del-cortometraje-se-vivira-en-chile-junto-al-5-festival-cortos-en-grande\/#primaryimage\",\"url\":\"https:\/\/dev.antudigital.cl\/sites\/vc\/wp-content\/uploads\/2024\/11\/Foto-Nico-Hopper-Premio-CEG2022.png\",\"contentUrl\":\"https:\/\/dev.antudigital.cl\/sites\/vc\/wp-content\/uploads\/2024\/11\/Foto-Nico-Hopper-Premio-CEG2022.png\",\"width\":1068,\"height\":711},{\"@type\":\"BreadcrumbList\",\"@id\":\"https:\/\/dev.antudigital.cl\/sites\/vc\/la-fiesta-del-cortometraje-se-vivira-en-chile-junto-al-5-festival-cortos-en-grande\/#breadcrumb\",\"itemListElement\":[{\"@type\":\"ListItem\",\"position\":1,\"name\":\"Home\",\"item\":\"https:\/\/dev.antudigital.cl\/sites\/vc\/\"},{\"@type\":\"ListItem\",\"position\":2,\"name\":\"La fiesta del cortometraje se vivir\u00e1 en Chile junto al 5\u00b0 Festival Cortos en Grande\"}]},{\"@type\":\"WebSite\",\"@id\":\"https:\/\/dev.antudigital.cl\/sites\/vc\/#website\",\"url\":\"https:\/\/dev.antudigital.cl\/sites\/vc\/\",\"name\":\"Valpara\u00ed\u00adso Creativo\",\"description\":\"\",\"potentialAction\":[{\"@type\":\"SearchAction\",\"target\":{\"@type\":\"EntryPoint\",\"urlTemplate\":\"https:\/\/dev.antudigital.cl\/sites\/vc\/?s={search_term_string}\"},\"query-input\":{\"@type\":\"PropertyValueSpecification\",\"valueRequired\":true,\"valueName\":\"search_term_string\"}}],\"inLanguage\":\"es\"},{\"@type\":\"Person\",\"@id\":\"https:\/\/dev.antudigital.cl\/sites\/vc\/#\/schema\/person\/c2b9da8dd545e27166fc5ab232837318\",\"name\":\"Valpara\u00edso Creativo\",\"description\":\"Periodista de cultura en la Regi\u00f3n de Valpara\u00edso.\",\"url\":\"https:\/\/dev.antudigital.cl\/sites\/vc\/author\/valpoadmin\/\"}]}<\/script>\n<!-- \/ Yoast SEO plugin. -->","yoast_head_json":{"title":"La fiesta del cortometraje se vivir\u00e1 en Chile junto al 5\u00b0 Festival Cortos en Grande - Valpara\u00ed\u00adso Creativo","robots":{"index":"index","follow":"follow","max-snippet":"max-snippet:-1","max-image-preview":"max-image-preview:large","max-video-preview":"max-video-preview:-1"},"canonical":"https:\/\/dev.antudigital.cl\/sites\/vc\/la-fiesta-del-cortometraje-se-vivira-en-chile-junto-al-5-festival-cortos-en-grande\/","og_locale":"es_ES","og_type":"article","og_title":"La fiesta del cortometraje se vivir\u00e1 en Chile junto al 5\u00b0 Festival Cortos en Grande - Valpara\u00ed\u00adso Creativo","og_description":"Con sede en Santiago y en Valpara\u00edso, el&nbsp;5\u00b0&nbsp;Festival Cortos en Grande&nbsp;a partir de este a\u00f1o anuncia su realizaci\u00f3n anual y celebrar\u00e1 su nueva versi\u00f3n en la&nbsp;Cineteca Nacional de Chile, ubicada en el&nbsp;Centro Cultural La Moneda&nbsp;y en&nbsp;Insomnia Teatro Condell en Valpara\u00edso. Con m\u00e1s de 1000 cortos postulados, la&nbsp;Selecci\u00f3n Oficial de la Competencia Nacional e Internacional&nbsp;presenta una [&hellip;]","og_url":"https:\/\/dev.antudigital.cl\/sites\/vc\/la-fiesta-del-cortometraje-se-vivira-en-chile-junto-al-5-festival-cortos-en-grande\/","og_site_name":"Valpara\u00ed\u00adso Creativo","article_published_time":"2024-11-05T01:16:25+00:00","article_modified_time":"2024-11-05T01:16:42+00:00","og_image":[{"width":1068,"height":711,"url":"https:\/\/dev.antudigital.cl\/sites\/vc\/wp-content\/uploads\/2024\/11\/Foto-Nico-Hopper-Premio-CEG2022.png","type":"image\/png"}],"author":"Valpara\u00edso Creativo","twitter_card":"summary_large_image","twitter_misc":{"Escrito por":"Valpara\u00edso Creativo","Tiempo de lectura":"4 minutos"},"schema":{"@context":"https:\/\/schema.org","@graph":[{"@type":"Article","@id":"https:\/\/dev.antudigital.cl\/sites\/vc\/la-fiesta-del-cortometraje-se-vivira-en-chile-junto-al-5-festival-cortos-en-grande\/#article","isPartOf":{"@id":"https:\/\/dev.antudigital.cl\/sites\/vc\/la-fiesta-del-cortometraje-se-vivira-en-chile-junto-al-5-festival-cortos-en-grande\/"},"author":{"name":"Valpara\u00edso Creativo","@id":"https:\/\/dev.antudigital.cl\/sites\/vc\/#\/schema\/person\/c2b9da8dd545e27166fc5ab232837318"},"headline":"La fiesta del cortometraje se vivir\u00e1 en Chile junto al 5\u00b0 Festival Cortos en Grande","datePublished":"2024-11-05T01:16:25+00:00","dateModified":"2024-11-05T01:16:42+00:00","mainEntityOfPage":{"@id":"https:\/\/dev.antudigital.cl\/sites\/vc\/la-fiesta-del-cortometraje-se-vivira-en-chile-junto-al-5-festival-cortos-en-grande\/"},"wordCount":682,"image":{"@id":"https:\/\/dev.antudigital.cl\/sites\/vc\/la-fiesta-del-cortometraje-se-vivira-en-chile-junto-al-5-festival-cortos-en-grande\/#primaryimage"},"thumbnailUrl":"https:\/\/dev.antudigital.cl\/sites\/vc\/wp-content\/uploads\/2024\/11\/Foto-Nico-Hopper-Premio-CEG2022.png","articleSection":["Noticia"],"inLanguage":"es"},{"@type":"WebPage","@id":"https:\/\/dev.antudigital.cl\/sites\/vc\/la-fiesta-del-cortometraje-se-vivira-en-chile-junto-al-5-festival-cortos-en-grande\/","url":"https:\/\/dev.antudigital.cl\/sites\/vc\/la-fiesta-del-cortometraje-se-vivira-en-chile-junto-al-5-festival-cortos-en-grande\/","name":"La fiesta del cortometraje se vivir\u00e1 en Chile junto al 5\u00b0 Festival Cortos en Grande - Valpara\u00ed\u00adso Creativo","isPartOf":{"@id":"https:\/\/dev.antudigital.cl\/sites\/vc\/#website"},"primaryImageOfPage":{"@id":"https:\/\/dev.antudigital.cl\/sites\/vc\/la-fiesta-del-cortometraje-se-vivira-en-chile-junto-al-5-festival-cortos-en-grande\/#primaryimage"},"image":{"@id":"https:\/\/dev.antudigital.cl\/sites\/vc\/la-fiesta-del-cortometraje-se-vivira-en-chile-junto-al-5-festival-cortos-en-grande\/#primaryimage"},"thumbnailUrl":"https:\/\/dev.antudigital.cl\/sites\/vc\/wp-content\/uploads\/2024\/11\/Foto-Nico-Hopper-Premio-CEG2022.png","datePublished":"2024-11-05T01:16:25+00:00","dateModified":"2024-11-05T01:16:42+00:00","author":{"@id":"https:\/\/dev.antudigital.cl\/sites\/vc\/#\/schema\/person\/c2b9da8dd545e27166fc5ab232837318"},"breadcrumb":{"@id":"https:\/\/dev.antudigital.cl\/sites\/vc\/la-fiesta-del-cortometraje-se-vivira-en-chile-junto-al-5-festival-cortos-en-grande\/#breadcrumb"},"inLanguage":"es","potentialAction":[{"@type":"ReadAction","target":["https:\/\/dev.antudigital.cl\/sites\/vc\/la-fiesta-del-cortometraje-se-vivira-en-chile-junto-al-5-festival-cortos-en-grande\/"]}]},{"@type":"ImageObject","inLanguage":"es","@id":"https:\/\/dev.antudigital.cl\/sites\/vc\/la-fiesta-del-cortometraje-se-vivira-en-chile-junto-al-5-festival-cortos-en-grande\/#primaryimage","url":"https:\/\/dev.antudigital.cl\/sites\/vc\/wp-content\/uploads\/2024\/11\/Foto-Nico-Hopper-Premio-CEG2022.png","contentUrl":"https:\/\/dev.antudigital.cl\/sites\/vc\/wp-content\/uploads\/2024\/11\/Foto-Nico-Hopper-Premio-CEG2022.png","width":1068,"height":711},{"@type":"BreadcrumbList","@id":"https:\/\/dev.antudigital.cl\/sites\/vc\/la-fiesta-del-cortometraje-se-vivira-en-chile-junto-al-5-festival-cortos-en-grande\/#breadcrumb","itemListElement":[{"@type":"ListItem","position":1,"name":"Home","item":"https:\/\/dev.antudigital.cl\/sites\/vc\/"},{"@type":"ListItem","position":2,"name":"La fiesta del cortometraje se vivir\u00e1 en Chile junto al 5\u00b0 Festival Cortos en Grande"}]},{"@type":"WebSite","@id":"https:\/\/dev.antudigital.cl\/sites\/vc\/#website","url":"https:\/\/dev.antudigital.cl\/sites\/vc\/","name":"Valpara\u00ed\u00adso Creativo","description":"","potentialAction":[{"@type":"SearchAction","target":{"@type":"EntryPoint","urlTemplate":"https:\/\/dev.antudigital.cl\/sites\/vc\/?s={search_term_string}"},"query-input":{"@type":"PropertyValueSpecification","valueRequired":true,"valueName":"search_term_string"}}],"inLanguage":"es"},{"@type":"Person","@id":"https:\/\/dev.antudigital.cl\/sites\/vc\/#\/schema\/person\/c2b9da8dd545e27166fc5ab232837318","name":"Valpara\u00edso Creativo","description":"Periodista de cultura en la Regi\u00f3n de Valpara\u00edso.","url":"https:\/\/dev.antudigital.cl\/sites\/vc\/author\/valpoadmin\/"}]}},"_links":{"self":[{"href":"https:\/\/dev.antudigital.cl\/sites\/vc\/wp-json\/wp\/v2\/posts\/21011","targetHints":{"allow":["GET"]}}],"collection":[{"href":"https:\/\/dev.antudigital.cl\/sites\/vc\/wp-json\/wp\/v2\/posts"}],"about":[{"href":"https:\/\/dev.antudigital.cl\/sites\/vc\/wp-json\/wp\/v2\/types\/post"}],"author":[{"embeddable":true,"href":"https:\/\/dev.antudigital.cl\/sites\/vc\/wp-json\/wp\/v2\/users\/1"}],"replies":[{"embeddable":true,"href":"https:\/\/dev.antudigital.cl\/sites\/vc\/wp-json\/wp\/v2\/comments?post=21011"}],"version-history":[{"count":1,"href":"https:\/\/dev.antudigital.cl\/sites\/vc\/wp-json\/wp\/v2\/posts\/21011\/revisions"}],"predecessor-version":[{"id":21015,"href":"https:\/\/dev.antudigital.cl\/sites\/vc\/wp-json\/wp\/v2\/posts\/21011\/revisions\/21015"}],"wp:featuredmedia":[{"embeddable":true,"href":"https:\/\/dev.antudigital.cl\/sites\/vc\/wp-json\/wp\/v2\/media\/21013"}],"wp:attachment":[{"href":"https:\/\/dev.antudigital.cl\/sites\/vc\/wp-json\/wp\/v2\/media?parent=21011"}],"wp:term":[{"taxonomy":"category","embeddable":true,"href":"https:\/\/dev.antudigital.cl\/sites\/vc\/wp-json\/wp\/v2\/categories?post=21011"},{"taxonomy":"post_tag","embeddable":true,"href":"https:\/\/dev.antudigital.cl\/sites\/vc\/wp-json\/wp\/v2\/tags?post=21011"}],"curies":[{"name":"wp","href":"https:\/\/api.w.org\/{rel}","templated":true}]}}