{"id":21023,"date":"2024-11-06T21:08:06","date_gmt":"2024-11-06T21:08:06","guid":{"rendered":"https:\/\/www.valparaisocreativo.cl\/?p=21023"},"modified":"2024-11-06T21:30:32","modified_gmt":"2024-11-06T21:30:32","slug":"nanai-banda-emergente-de-valparaiso-prepara-su-primer-videoclip-subire-una-invitacion-a-la-autoexploracion","status":"publish","type":"post","link":"https:\/\/dev.antudigital.cl\/sites\/vc\/nanai-banda-emergente-de-valparaiso-prepara-su-primer-videoclip-subire-una-invitacion-a-la-autoexploracion\/","title":{"rendered":"NANAI, banda emergente de Valpara\u00edso, prepara su primer Videoclip \u201cSubir\u00e9\u201d, una invitaci\u00f3n a la autoexploraci\u00f3n"},"content":{"rendered":"\n<p>NANAI es una banda porte\u00f1a que nace el a\u00f1o 2022, conformada por un grupo de amigas que buscan compartir la m\u00fasica a trav\u00e9s de la ternura y el cuidado mutuo. Su m\u00fasica se gesta a partir de las observaciones del cotidiano, atravesado por un imaginario que compone un discurso sensible. Sus letras tratan de la amistad, la empat\u00eda, las emociones y la contemplaci\u00f3n de la naturaleza y el entorno urbano que habitan.<\/p>\n\n\n\n<p>La palabra quechua que da nombre a esta banda, se refiere a una \u201c<em>caricia muy tierna con la que se calma un dolor o una pena<\/em>\u201d, integrada en la cultura chilena para expresar consuelo, tambi\u00e9n cari\u00f1o y una intenci\u00f3n de contener a un otro, reflejando el sentimiento de la banda para crear desde lo colectivo.<\/p>\n\n\n\n<p>Con un estilo propio cercano al <em>indie pop-rock<\/em>, la agrupaci\u00f3n lleva poco m\u00e1s de un a\u00f1o present\u00e1ndose en distintas instancias comunitarias. Adem\u00e1s, fue seleccionada en la categor\u00eda emergente de las Escuelas de Rock, present\u00e1ndose en el Festival Rock\u00f3dromo 2023 de Valpara\u00edso.<\/p>\n\n\n\n<figure class=\"wp-block-image size-full\"><img fetchpriority=\"high\" decoding=\"async\" width=\"808\" height=\"464\" src=\"https:\/\/www.valparaisocreativo.cl\/wp-content\/uploads\/2024\/11\/nanai-.png\" alt=\"\" class=\"wp-image-21024\" srcset=\"https:\/\/dev.antudigital.cl\/sites\/vc\/wp-content\/uploads\/2024\/11\/nanai-.png 808w, https:\/\/dev.antudigital.cl\/sites\/vc\/wp-content\/uploads\/2024\/11\/nanai--300x172.png 300w, https:\/\/dev.antudigital.cl\/sites\/vc\/wp-content\/uploads\/2024\/11\/nanai--768x441.png 768w, https:\/\/dev.antudigital.cl\/sites\/vc\/wp-content\/uploads\/2024\/11\/nanai--480x276.png 480w, https:\/\/dev.antudigital.cl\/sites\/vc\/wp-content\/uploads\/2024\/11\/nanai--24x14.png 24w, https:\/\/dev.antudigital.cl\/sites\/vc\/wp-content\/uploads\/2024\/11\/nanai--36x21.png 36w, https:\/\/dev.antudigital.cl\/sites\/vc\/wp-content\/uploads\/2024\/11\/nanai--48x28.png 48w\" sizes=\"(max-width: 808px) 100vw, 808px\" \/><\/figure>\n\n\n\n<p>Actualmente la banda est\u00e1 trabajando en su primer videoclip de la canci\u00f3n \u201cSubir\u00e9\u201d, financiado por el Fondo de la M\u00fasica: Videoclip y Registro Audiovisual del Ministerio de las Culturas, las Artes y el Patrimonio 2024. La canci\u00f3n narra un viaje transformador desde la autoexploraci\u00f3n hacia el encuentro de uno mismo. El videoclip ser\u00e1 dise\u00f1ado con una t\u00e9cnica de animaci\u00f3n, bas\u00e1ndose en las creaciones gr\u00e1ficas desarrolladas por las integrantes de NANAI.<\/p>\n\n\n\n<p>\u201cSubir\u00e9\u201d se estrenar\u00e1 en marzo del pr\u00f3ximo a\u00f1o con presentaciones en vivo en Valpara\u00edso y Santiago, adem\u00e1s de su lanzamiento en redes sociales y en las plataformas streaming. Este lanzamiento es una invitaci\u00f3n para conocer a NANAI, sus melod\u00edas, est\u00e9tica, trabajo gr\u00e1fico y letras.&nbsp;<\/p>\n\n\n\n<p>Este 16 de noviembre, la agrupaci\u00f3n porte\u00f1a se presentar\u00e1 en Santiago en la 20\u00ba edici\u00f3n del festival de m\u00fasica <em>FEMFEST: Mujeres y disidencias 2024,<\/em> que se realizar\u00e1 en la Universidad de Santiago con entrada liberada y para todo p\u00fablico.&nbsp;<\/p>\n\n\n\n<p><em><\/em>Sigue el desarrollo de este proyecto en las redes sociales de NANAI @nanai_banda en Instagram y Facebook y @nanaiprima en Youtube.<\/p>\n\n\n\n<p><strong>Redes sociales:<\/strong><\/p>\n\n\n\n<p><a href=\"https:\/\/www.instagram.com\/nanai_banda\/\"><strong>Instagram<\/strong><\/a><strong> \/ <\/strong><a href=\"https:\/\/www.youtube.com\/@nanaiprima\"><strong>YouTube<\/strong><\/a><\/p>\n","protected":false},"excerpt":{"rendered":"<p>NANAI es una banda porte\u00f1a que nace el a\u00f1o 2022, conformada por un grupo de amigas que buscan compartir la m\u00fasica a trav\u00e9s de la ternura y el cuidado mutuo. Su m\u00fasica se gesta a partir de las observaciones del cotidiano, atravesado por un imaginario que compone un discurso sensible. Sus letras tratan de la [&hellip;]<\/p>\n","protected":false},"author":1,"featured_media":21025,"comment_status":"closed","ping_status":"closed","sticky":false,"template":"","format":"standard","meta":{"_acf_changed":false,"footnotes":""},"categories":[8],"tags":[],"class_list":["post-21023","post","type-post","status-publish","format-standard","has-post-thumbnail","hentry","category-noticia"],"acf":[],"yoast_head":"<!-- This site is optimized with the Yoast SEO plugin v27.1.1 - https:\/\/yoast.com\/product\/yoast-seo-wordpress\/ -->\n<title>NANAI, banda emergente de Valpara\u00edso, prepara su primer Videoclip \u201cSubir\u00e9\u201d, una invitaci\u00f3n a la autoexploraci\u00f3n - Valpara\u00ed\u00adso Creativo<\/title>\n<meta name=\"robots\" content=\"index, follow, max-snippet:-1, max-image-preview:large, max-video-preview:-1\" \/>\n<link rel=\"canonical\" href=\"https:\/\/dev.antudigital.cl\/sites\/vc\/nanai-banda-emergente-de-valparaiso-prepara-su-primer-videoclip-subire-una-invitacion-a-la-autoexploracion\/\" \/>\n<meta property=\"og:locale\" content=\"es_ES\" \/>\n<meta property=\"og:type\" content=\"article\" \/>\n<meta property=\"og:title\" content=\"NANAI, banda emergente de Valpara\u00edso, prepara su primer Videoclip \u201cSubir\u00e9\u201d, una invitaci\u00f3n a la autoexploraci\u00f3n - Valpara\u00ed\u00adso Creativo\" \/>\n<meta property=\"og:description\" content=\"NANAI es una banda porte\u00f1a que nace el a\u00f1o 2022, conformada por un grupo de amigas que buscan compartir la m\u00fasica a trav\u00e9s de la ternura y el cuidado mutuo. Su m\u00fasica se gesta a partir de las observaciones del cotidiano, atravesado por un imaginario que compone un discurso sensible. Sus letras tratan de la [&hellip;]\" \/>\n<meta property=\"og:url\" content=\"https:\/\/dev.antudigital.cl\/sites\/vc\/nanai-banda-emergente-de-valparaiso-prepara-su-primer-videoclip-subire-una-invitacion-a-la-autoexploracion\/\" \/>\n<meta property=\"og:site_name\" content=\"Valpara\u00ed\u00adso Creativo\" \/>\n<meta property=\"article:published_time\" content=\"2024-11-06T21:08:06+00:00\" \/>\n<meta property=\"article:modified_time\" content=\"2024-11-06T21:30:32+00:00\" \/>\n<meta property=\"og:image\" content=\"https:\/\/dev.antudigital.cl\/sites\/vc\/wp-content\/uploads\/2024\/11\/DSC00068-scaled.jpg\" \/>\n\t<meta property=\"og:image:width\" content=\"2560\" \/>\n\t<meta property=\"og:image:height\" content=\"1440\" \/>\n\t<meta property=\"og:image:type\" content=\"image\/jpeg\" \/>\n<meta name=\"author\" content=\"Valpara\u00edso Creativo\" \/>\n<meta name=\"twitter:card\" content=\"summary_large_image\" \/>\n<meta name=\"twitter:label1\" content=\"Escrito por\" \/>\n\t<meta name=\"twitter:data1\" content=\"Valpara\u00edso Creativo\" \/>\n\t<meta name=\"twitter:label2\" content=\"Tiempo de lectura\" \/>\n\t<meta name=\"twitter:data2\" content=\"2 minutos\" \/>\n<script type=\"application\/ld+json\" class=\"yoast-schema-graph\">{\"@context\":\"https:\/\/schema.org\",\"@graph\":[{\"@type\":\"Article\",\"@id\":\"https:\/\/dev.antudigital.cl\/sites\/vc\/nanai-banda-emergente-de-valparaiso-prepara-su-primer-videoclip-subire-una-invitacion-a-la-autoexploracion\/#article\",\"isPartOf\":{\"@id\":\"https:\/\/dev.antudigital.cl\/sites\/vc\/nanai-banda-emergente-de-valparaiso-prepara-su-primer-videoclip-subire-una-invitacion-a-la-autoexploracion\/\"},\"author\":{\"name\":\"Valpara\u00edso Creativo\",\"@id\":\"https:\/\/dev.antudigital.cl\/sites\/vc\/#\/schema\/person\/c2b9da8dd545e27166fc5ab232837318\"},\"headline\":\"NANAI, banda emergente de Valpara\u00edso, prepara su primer Videoclip \u201cSubir\u00e9\u201d, una invitaci\u00f3n a la autoexploraci\u00f3n\",\"datePublished\":\"2024-11-06T21:08:06+00:00\",\"dateModified\":\"2024-11-06T21:30:32+00:00\",\"mainEntityOfPage\":{\"@id\":\"https:\/\/dev.antudigital.cl\/sites\/vc\/nanai-banda-emergente-de-valparaiso-prepara-su-primer-videoclip-subire-una-invitacion-a-la-autoexploracion\/\"},\"wordCount\":402,\"image\":{\"@id\":\"https:\/\/dev.antudigital.cl\/sites\/vc\/nanai-banda-emergente-de-valparaiso-prepara-su-primer-videoclip-subire-una-invitacion-a-la-autoexploracion\/#primaryimage\"},\"thumbnailUrl\":\"https:\/\/dev.antudigital.cl\/sites\/vc\/wp-content\/uploads\/2024\/11\/DSC00068-scaled.jpg\",\"articleSection\":[\"Noticia\"],\"inLanguage\":\"es\"},{\"@type\":\"WebPage\",\"@id\":\"https:\/\/dev.antudigital.cl\/sites\/vc\/nanai-banda-emergente-de-valparaiso-prepara-su-primer-videoclip-subire-una-invitacion-a-la-autoexploracion\/\",\"url\":\"https:\/\/dev.antudigital.cl\/sites\/vc\/nanai-banda-emergente-de-valparaiso-prepara-su-primer-videoclip-subire-una-invitacion-a-la-autoexploracion\/\",\"name\":\"NANAI, banda emergente de Valpara\u00edso, prepara su primer Videoclip \u201cSubir\u00e9\u201d, una invitaci\u00f3n a la autoexploraci\u00f3n - Valpara\u00ed\u00adso Creativo\",\"isPartOf\":{\"@id\":\"https:\/\/dev.antudigital.cl\/sites\/vc\/#website\"},\"primaryImageOfPage\":{\"@id\":\"https:\/\/dev.antudigital.cl\/sites\/vc\/nanai-banda-emergente-de-valparaiso-prepara-su-primer-videoclip-subire-una-invitacion-a-la-autoexploracion\/#primaryimage\"},\"image\":{\"@id\":\"https:\/\/dev.antudigital.cl\/sites\/vc\/nanai-banda-emergente-de-valparaiso-prepara-su-primer-videoclip-subire-una-invitacion-a-la-autoexploracion\/#primaryimage\"},\"thumbnailUrl\":\"https:\/\/dev.antudigital.cl\/sites\/vc\/wp-content\/uploads\/2024\/11\/DSC00068-scaled.jpg\",\"datePublished\":\"2024-11-06T21:08:06+00:00\",\"dateModified\":\"2024-11-06T21:30:32+00:00\",\"author\":{\"@id\":\"https:\/\/dev.antudigital.cl\/sites\/vc\/#\/schema\/person\/c2b9da8dd545e27166fc5ab232837318\"},\"breadcrumb\":{\"@id\":\"https:\/\/dev.antudigital.cl\/sites\/vc\/nanai-banda-emergente-de-valparaiso-prepara-su-primer-videoclip-subire-una-invitacion-a-la-autoexploracion\/#breadcrumb\"},\"inLanguage\":\"es\",\"potentialAction\":[{\"@type\":\"ReadAction\",\"target\":[\"https:\/\/dev.antudigital.cl\/sites\/vc\/nanai-banda-emergente-de-valparaiso-prepara-su-primer-videoclip-subire-una-invitacion-a-la-autoexploracion\/\"]}]},{\"@type\":\"ImageObject\",\"inLanguage\":\"es\",\"@id\":\"https:\/\/dev.antudigital.cl\/sites\/vc\/nanai-banda-emergente-de-valparaiso-prepara-su-primer-videoclip-subire-una-invitacion-a-la-autoexploracion\/#primaryimage\",\"url\":\"https:\/\/dev.antudigital.cl\/sites\/vc\/wp-content\/uploads\/2024\/11\/DSC00068-scaled.jpg\",\"contentUrl\":\"https:\/\/dev.antudigital.cl\/sites\/vc\/wp-content\/uploads\/2024\/11\/DSC00068-scaled.jpg\",\"width\":2560,\"height\":1440},{\"@type\":\"BreadcrumbList\",\"@id\":\"https:\/\/dev.antudigital.cl\/sites\/vc\/nanai-banda-emergente-de-valparaiso-prepara-su-primer-videoclip-subire-una-invitacion-a-la-autoexploracion\/#breadcrumb\",\"itemListElement\":[{\"@type\":\"ListItem\",\"position\":1,\"name\":\"Home\",\"item\":\"https:\/\/dev.antudigital.cl\/sites\/vc\/\"},{\"@type\":\"ListItem\",\"position\":2,\"name\":\"NANAI, banda emergente de Valpara\u00edso, prepara su primer Videoclip \u201cSubir\u00e9\u201d, una invitaci\u00f3n a la autoexploraci\u00f3n\"}]},{\"@type\":\"WebSite\",\"@id\":\"https:\/\/dev.antudigital.cl\/sites\/vc\/#website\",\"url\":\"https:\/\/dev.antudigital.cl\/sites\/vc\/\",\"name\":\"Valpara\u00ed\u00adso Creativo\",\"description\":\"\",\"potentialAction\":[{\"@type\":\"SearchAction\",\"target\":{\"@type\":\"EntryPoint\",\"urlTemplate\":\"https:\/\/dev.antudigital.cl\/sites\/vc\/?s={search_term_string}\"},\"query-input\":{\"@type\":\"PropertyValueSpecification\",\"valueRequired\":true,\"valueName\":\"search_term_string\"}}],\"inLanguage\":\"es\"},{\"@type\":\"Person\",\"@id\":\"https:\/\/dev.antudigital.cl\/sites\/vc\/#\/schema\/person\/c2b9da8dd545e27166fc5ab232837318\",\"name\":\"Valpara\u00edso Creativo\",\"description\":\"Periodista de cultura en la Regi\u00f3n de Valpara\u00edso.\",\"url\":\"https:\/\/dev.antudigital.cl\/sites\/vc\/author\/valpoadmin\/\"}]}<\/script>\n<!-- \/ Yoast SEO plugin. -->","yoast_head_json":{"title":"NANAI, banda emergente de Valpara\u00edso, prepara su primer Videoclip \u201cSubir\u00e9\u201d, una invitaci\u00f3n a la autoexploraci\u00f3n - Valpara\u00ed\u00adso Creativo","robots":{"index":"index","follow":"follow","max-snippet":"max-snippet:-1","max-image-preview":"max-image-preview:large","max-video-preview":"max-video-preview:-1"},"canonical":"https:\/\/dev.antudigital.cl\/sites\/vc\/nanai-banda-emergente-de-valparaiso-prepara-su-primer-videoclip-subire-una-invitacion-a-la-autoexploracion\/","og_locale":"es_ES","og_type":"article","og_title":"NANAI, banda emergente de Valpara\u00edso, prepara su primer Videoclip \u201cSubir\u00e9\u201d, una invitaci\u00f3n a la autoexploraci\u00f3n - Valpara\u00ed\u00adso Creativo","og_description":"NANAI es una banda porte\u00f1a que nace el a\u00f1o 2022, conformada por un grupo de amigas que buscan compartir la m\u00fasica a trav\u00e9s de la ternura y el cuidado mutuo. Su m\u00fasica se gesta a partir de las observaciones del cotidiano, atravesado por un imaginario que compone un discurso sensible. Sus letras tratan de la [&hellip;]","og_url":"https:\/\/dev.antudigital.cl\/sites\/vc\/nanai-banda-emergente-de-valparaiso-prepara-su-primer-videoclip-subire-una-invitacion-a-la-autoexploracion\/","og_site_name":"Valpara\u00ed\u00adso Creativo","article_published_time":"2024-11-06T21:08:06+00:00","article_modified_time":"2024-11-06T21:30:32+00:00","og_image":[{"width":2560,"height":1440,"url":"https:\/\/dev.antudigital.cl\/sites\/vc\/wp-content\/uploads\/2024\/11\/DSC00068-scaled.jpg","type":"image\/jpeg"}],"author":"Valpara\u00edso Creativo","twitter_card":"summary_large_image","twitter_misc":{"Escrito por":"Valpara\u00edso Creativo","Tiempo de lectura":"2 minutos"},"schema":{"@context":"https:\/\/schema.org","@graph":[{"@type":"Article","@id":"https:\/\/dev.antudigital.cl\/sites\/vc\/nanai-banda-emergente-de-valparaiso-prepara-su-primer-videoclip-subire-una-invitacion-a-la-autoexploracion\/#article","isPartOf":{"@id":"https:\/\/dev.antudigital.cl\/sites\/vc\/nanai-banda-emergente-de-valparaiso-prepara-su-primer-videoclip-subire-una-invitacion-a-la-autoexploracion\/"},"author":{"name":"Valpara\u00edso Creativo","@id":"https:\/\/dev.antudigital.cl\/sites\/vc\/#\/schema\/person\/c2b9da8dd545e27166fc5ab232837318"},"headline":"NANAI, banda emergente de Valpara\u00edso, prepara su primer Videoclip \u201cSubir\u00e9\u201d, una invitaci\u00f3n a la autoexploraci\u00f3n","datePublished":"2024-11-06T21:08:06+00:00","dateModified":"2024-11-06T21:30:32+00:00","mainEntityOfPage":{"@id":"https:\/\/dev.antudigital.cl\/sites\/vc\/nanai-banda-emergente-de-valparaiso-prepara-su-primer-videoclip-subire-una-invitacion-a-la-autoexploracion\/"},"wordCount":402,"image":{"@id":"https:\/\/dev.antudigital.cl\/sites\/vc\/nanai-banda-emergente-de-valparaiso-prepara-su-primer-videoclip-subire-una-invitacion-a-la-autoexploracion\/#primaryimage"},"thumbnailUrl":"https:\/\/dev.antudigital.cl\/sites\/vc\/wp-content\/uploads\/2024\/11\/DSC00068-scaled.jpg","articleSection":["Noticia"],"inLanguage":"es"},{"@type":"WebPage","@id":"https:\/\/dev.antudigital.cl\/sites\/vc\/nanai-banda-emergente-de-valparaiso-prepara-su-primer-videoclip-subire-una-invitacion-a-la-autoexploracion\/","url":"https:\/\/dev.antudigital.cl\/sites\/vc\/nanai-banda-emergente-de-valparaiso-prepara-su-primer-videoclip-subire-una-invitacion-a-la-autoexploracion\/","name":"NANAI, banda emergente de Valpara\u00edso, prepara su primer Videoclip \u201cSubir\u00e9\u201d, una invitaci\u00f3n a la autoexploraci\u00f3n - Valpara\u00ed\u00adso Creativo","isPartOf":{"@id":"https:\/\/dev.antudigital.cl\/sites\/vc\/#website"},"primaryImageOfPage":{"@id":"https:\/\/dev.antudigital.cl\/sites\/vc\/nanai-banda-emergente-de-valparaiso-prepara-su-primer-videoclip-subire-una-invitacion-a-la-autoexploracion\/#primaryimage"},"image":{"@id":"https:\/\/dev.antudigital.cl\/sites\/vc\/nanai-banda-emergente-de-valparaiso-prepara-su-primer-videoclip-subire-una-invitacion-a-la-autoexploracion\/#primaryimage"},"thumbnailUrl":"https:\/\/dev.antudigital.cl\/sites\/vc\/wp-content\/uploads\/2024\/11\/DSC00068-scaled.jpg","datePublished":"2024-11-06T21:08:06+00:00","dateModified":"2024-11-06T21:30:32+00:00","author":{"@id":"https:\/\/dev.antudigital.cl\/sites\/vc\/#\/schema\/person\/c2b9da8dd545e27166fc5ab232837318"},"breadcrumb":{"@id":"https:\/\/dev.antudigital.cl\/sites\/vc\/nanai-banda-emergente-de-valparaiso-prepara-su-primer-videoclip-subire-una-invitacion-a-la-autoexploracion\/#breadcrumb"},"inLanguage":"es","potentialAction":[{"@type":"ReadAction","target":["https:\/\/dev.antudigital.cl\/sites\/vc\/nanai-banda-emergente-de-valparaiso-prepara-su-primer-videoclip-subire-una-invitacion-a-la-autoexploracion\/"]}]},{"@type":"ImageObject","inLanguage":"es","@id":"https:\/\/dev.antudigital.cl\/sites\/vc\/nanai-banda-emergente-de-valparaiso-prepara-su-primer-videoclip-subire-una-invitacion-a-la-autoexploracion\/#primaryimage","url":"https:\/\/dev.antudigital.cl\/sites\/vc\/wp-content\/uploads\/2024\/11\/DSC00068-scaled.jpg","contentUrl":"https:\/\/dev.antudigital.cl\/sites\/vc\/wp-content\/uploads\/2024\/11\/DSC00068-scaled.jpg","width":2560,"height":1440},{"@type":"BreadcrumbList","@id":"https:\/\/dev.antudigital.cl\/sites\/vc\/nanai-banda-emergente-de-valparaiso-prepara-su-primer-videoclip-subire-una-invitacion-a-la-autoexploracion\/#breadcrumb","itemListElement":[{"@type":"ListItem","position":1,"name":"Home","item":"https:\/\/dev.antudigital.cl\/sites\/vc\/"},{"@type":"ListItem","position":2,"name":"NANAI, banda emergente de Valpara\u00edso, prepara su primer Videoclip \u201cSubir\u00e9\u201d, una invitaci\u00f3n a la autoexploraci\u00f3n"}]},{"@type":"WebSite","@id":"https:\/\/dev.antudigital.cl\/sites\/vc\/#website","url":"https:\/\/dev.antudigital.cl\/sites\/vc\/","name":"Valpara\u00ed\u00adso Creativo","description":"","potentialAction":[{"@type":"SearchAction","target":{"@type":"EntryPoint","urlTemplate":"https:\/\/dev.antudigital.cl\/sites\/vc\/?s={search_term_string}"},"query-input":{"@type":"PropertyValueSpecification","valueRequired":true,"valueName":"search_term_string"}}],"inLanguage":"es"},{"@type":"Person","@id":"https:\/\/dev.antudigital.cl\/sites\/vc\/#\/schema\/person\/c2b9da8dd545e27166fc5ab232837318","name":"Valpara\u00edso Creativo","description":"Periodista de cultura en la Regi\u00f3n de Valpara\u00edso.","url":"https:\/\/dev.antudigital.cl\/sites\/vc\/author\/valpoadmin\/"}]}},"_links":{"self":[{"href":"https:\/\/dev.antudigital.cl\/sites\/vc\/wp-json\/wp\/v2\/posts\/21023","targetHints":{"allow":["GET"]}}],"collection":[{"href":"https:\/\/dev.antudigital.cl\/sites\/vc\/wp-json\/wp\/v2\/posts"}],"about":[{"href":"https:\/\/dev.antudigital.cl\/sites\/vc\/wp-json\/wp\/v2\/types\/post"}],"author":[{"embeddable":true,"href":"https:\/\/dev.antudigital.cl\/sites\/vc\/wp-json\/wp\/v2\/users\/1"}],"replies":[{"embeddable":true,"href":"https:\/\/dev.antudigital.cl\/sites\/vc\/wp-json\/wp\/v2\/comments?post=21023"}],"version-history":[{"count":2,"href":"https:\/\/dev.antudigital.cl\/sites\/vc\/wp-json\/wp\/v2\/posts\/21023\/revisions"}],"predecessor-version":[{"id":21027,"href":"https:\/\/dev.antudigital.cl\/sites\/vc\/wp-json\/wp\/v2\/posts\/21023\/revisions\/21027"}],"wp:featuredmedia":[{"embeddable":true,"href":"https:\/\/dev.antudigital.cl\/sites\/vc\/wp-json\/wp\/v2\/media\/21025"}],"wp:attachment":[{"href":"https:\/\/dev.antudigital.cl\/sites\/vc\/wp-json\/wp\/v2\/media?parent=21023"}],"wp:term":[{"taxonomy":"category","embeddable":true,"href":"https:\/\/dev.antudigital.cl\/sites\/vc\/wp-json\/wp\/v2\/categories?post=21023"},{"taxonomy":"post_tag","embeddable":true,"href":"https:\/\/dev.antudigital.cl\/sites\/vc\/wp-json\/wp\/v2\/tags?post=21023"}],"curies":[{"name":"wp","href":"https:\/\/api.w.org\/{rel}","templated":true}]}}