{"id":21043,"date":"2024-11-11T18:14:58","date_gmt":"2024-11-11T18:14:58","guid":{"rendered":"https:\/\/www.valparaisocreativo.cl\/?p=21043"},"modified":"2024-11-11T18:15:15","modified_gmt":"2024-11-11T18:15:15","slug":"noviembre-llega-cargado-de-festivales-culturales-gratuitos-al-museo-artequin-vina-del-mar","status":"publish","type":"post","link":"https:\/\/dev.antudigital.cl\/sites\/vc\/noviembre-llega-cargado-de-festivales-culturales-gratuitos-al-museo-artequin-vina-del-mar\/","title":{"rendered":"Noviembre llega cargado de festivales culturales gratuitos al museo Artequin Vi\u00f1a del Mar"},"content":{"rendered":"\n<p>La temporada de primavera 2024 lleg\u00f3 al parque Quinta Vergara cargada de flores, colores y una amplia oferta de entretenci\u00f3n, educaci\u00f3n y arte.<\/p>\n\n\n\n<p>Como una manera de ampliar la oferta cultural y acercarla a la ciudad jard\u00edn, es que el museo Artequin Vi\u00f1a del Mar ha buscado colaborar con grandes festivales de la regi\u00f3n, que abordan temas relevantes como la educaci\u00f3n pedag\u00f3gica art\u00edstica, literaria, medioambiental, etc, buscando as\u00ed ser un punto de encuentro para la actividad cultural, la familia y la comunidad educativa de Vi\u00f1a del Mar, desde el hist\u00f3rico parque Quinta Vergara.<\/p>\n\n\n\n<p><strong>Cl\u00e1sicos de la literatura y marionetas.<\/strong><\/p>\n\n\n\n<p>El Festival Puerto de Ideas es un referente cultural en la Regi\u00f3n de Valpara\u00edso y para el resto del pa\u00eds, es en el contexto de su edici\u00f3n 2024, que el d\u00eda viernes 8 de noviembre a las 10:00 hrs, se realizar\u00e1 en el auditorio del museo Artequin Vi\u00f1a la charla \u00bfPor qu\u00e9 leer y estudiar los cl\u00e1sicos?, a cargo del fil\u00f3sofo Gerardo Vidal, enfocado en la comunidad educativa y estudiantes de educaci\u00f3n media. El d\u00eda siguiente, el s\u00e1bado 9 de noviembre, el anfiteatro al aire libre del museo se llenar\u00e1 con la magia y la alegr\u00eda de los t\u00edteres y marionetas para la entretenci\u00f3n familiar a cargo del XI Encuentro Internacional de T\u00edteres An\u00edmate, de la compa\u00f1\u00eda Teatro Museo de Valpara\u00edso, que invitar\u00e1n al distinguido p\u00fablico con marionetas gigantes desde la puerta principal de la Quinta Vergara.<\/p>\n\n\n\n<p><strong>Programa de apoyo docente, patrimonio infantil y fiesta nativa de aniversario.<\/strong><\/p>\n\n\n\n<p>Pensando en \u00e9l \u00e1rea educacional y bajo el programa continuado de apoyo docente, el d\u00eda mi\u00e9rcoles 13 de noviembre tendr\u00e1&nbsp; fecha el XI&nbsp; Antiseminario Artequin Vi\u00f1a, esta edici\u00f3n bajo el nombre&nbsp; \u201cDentro y fuera del museo: transformaciones para el bienestar de la ni\u00f1ez\u201c, actividad que contar\u00e1 con la participaci\u00f3n de importantes personalidades del mundo de las culturas y profesionales del \u00e1rea acad\u00e9mica.<\/p>\n\n\n\n<p>La fiesta familiar est\u00e1 programada para el d\u00eda s\u00e1bado 13 de noviembre, d\u00eda en que se celebrar\u00e1 a nivel nacional El D\u00eda de los Patrimonios de Ni\u00f1as, Ni\u00f1os y Adolescentes y oportunidad en que el museo celebrar\u00e1 su XVI aniversario, ofreciendo entrada liberada para todo p\u00fablico y durante toda la jornada, adem\u00e1s de un variado programa de actividades durante todo el d\u00eda, sobre esta programaci\u00f3n la directora ejecutiva Macarena Ruiz comenta \u201cQueremos celebrar nuestro aniversario n\u00famero 16&nbsp; un dia en que toda la ciudad estar\u00e1 celebrando en familia el patrimonio cultural de ni\u00f1as y ni\u00f1os para buscar hacer una fiesta lo m\u00e1s masiva posible y con horario extendido hasta las 19:00 horas\u201d.<\/p>\n\n\n\n<figure class=\"wp-block-image size-large\"><img fetchpriority=\"high\" decoding=\"async\" width=\"1024\" height=\"576\" src=\"https:\/\/www.valparaisocreativo.cl\/wp-content\/uploads\/2024\/11\/interninmedia-1024x576.jpeg\" alt=\"\" class=\"wp-image-21045\" srcset=\"https:\/\/dev.antudigital.cl\/sites\/vc\/wp-content\/uploads\/2024\/11\/interninmedia-1024x576.jpeg 1024w, https:\/\/dev.antudigital.cl\/sites\/vc\/wp-content\/uploads\/2024\/11\/interninmedia-300x169.jpeg 300w, https:\/\/dev.antudigital.cl\/sites\/vc\/wp-content\/uploads\/2024\/11\/interninmedia-768x432.jpeg 768w, https:\/\/dev.antudigital.cl\/sites\/vc\/wp-content\/uploads\/2024\/11\/interninmedia-1536x864.jpeg 1536w, https:\/\/dev.antudigital.cl\/sites\/vc\/wp-content\/uploads\/2024\/11\/interninmedia-1080x608.jpeg 1080w, https:\/\/dev.antudigital.cl\/sites\/vc\/wp-content\/uploads\/2024\/11\/interninmedia-1280x720.jpeg 1280w, https:\/\/dev.antudigital.cl\/sites\/vc\/wp-content\/uploads\/2024\/11\/interninmedia-980x551.jpeg 980w, https:\/\/dev.antudigital.cl\/sites\/vc\/wp-content\/uploads\/2024\/11\/interninmedia-480x270.jpeg 480w, https:\/\/dev.antudigital.cl\/sites\/vc\/wp-content\/uploads\/2024\/11\/interninmedia-24x14.jpeg 24w, https:\/\/dev.antudigital.cl\/sites\/vc\/wp-content\/uploads\/2024\/11\/interninmedia-36x20.jpeg 36w, https:\/\/dev.antudigital.cl\/sites\/vc\/wp-content\/uploads\/2024\/11\/interninmedia-48x27.jpeg 48w, https:\/\/dev.antudigital.cl\/sites\/vc\/wp-content\/uploads\/2024\/11\/interninmedia.jpeg 1600w\" sizes=\"(max-width: 1024px) 100vw, 1024px\" \/><\/figure>\n\n\n\n<p><strong>Festival de cine, de m\u00fasica juvenil y taller de poes\u00eda&nbsp;<\/strong><\/p>\n\n\n\n<p>La \u00faltima semana de noviembre cierra con la participaci\u00f3n en el XXXVI Festival Internacional de Cine de Vi\u00f1a del Mar, FIC Vi\u00f1a2024, con la exhibici\u00f3n gratuita del documental infantil \u201cMicroterr\u00edcolas\u201d, en pantalla gigante, disponible para cursos y grupos interesados.<\/p>\n\n\n\n<p>La literatura infantil tendr\u00e1 su espacio el d\u00eda 28 de noviembre cuando se desarrolle un interesante taller de poes\u00eda enfocada en ni\u00f1os y ni\u00f1as, como parte del XII Festival Internacional de Poes\u00eda de Valpara\u00edso \u201cA Cielo Abierto\u201d a cargo de la poeta Alejandra del R\u00edo<\/p>\n\n\n\n<p>Para cerrar el a\u00f1o, est\u00e1 programada la segunda versi\u00f3n de Fan\u00e1tika Fest, con 2 d\u00edas de m\u00fasica en vivo y ambiente familiar, esta vez en el Jard\u00edn Bot\u00e1nico, con 2 escenarios, programaci\u00f3n para toda la familia, patio de comidas, feria de emprendimientos y un cartel de bandas que est\u00e1 pronto a liberarse, en una una co-producci\u00f3n entre museo Artequin Vi\u00f1a del Mar y Maldito Sello (Jard\u00edn Sonoro).<\/p>\n\n\n\n<p>El museo Artequin Vi\u00f1a del Mar est\u00e1 ubicado en el Parque Quinta Vergara, sector de Potrerillos y atiende al p\u00fablico de martes a domingo, ofreciendo visitas guiadas y recorridos libres. Toda la infromaci\u00f3n esta disponible en su web <a href=\"http:\/\/www.artequinvina.cl\">www.artequinvina.cl<\/a><\/p>\n","protected":false},"excerpt":{"rendered":"<p>La temporada de primavera 2024 lleg\u00f3 al parque Quinta Vergara cargada de flores, colores y una amplia oferta de entretenci\u00f3n, educaci\u00f3n y arte. Como una manera de ampliar la oferta cultural y acercarla a la ciudad jard\u00edn, es que el museo Artequin Vi\u00f1a del Mar ha buscado colaborar con grandes festivales de la regi\u00f3n, que [&hellip;]<\/p>\n","protected":false},"author":1,"featured_media":21044,"comment_status":"closed","ping_status":"closed","sticky":false,"template":"","format":"standard","meta":{"_acf_changed":false,"footnotes":""},"categories":[8],"tags":[],"class_list":["post-21043","post","type-post","status-publish","format-standard","has-post-thumbnail","hentry","category-noticia"],"acf":[],"yoast_head":"<!-- This site is optimized with the Yoast SEO plugin v27.1.1 - https:\/\/yoast.com\/product\/yoast-seo-wordpress\/ -->\n<title>Noviembre llega cargado de festivales culturales gratuitos al museo Artequin Vi\u00f1a del Mar - Valpara\u00ed\u00adso Creativo<\/title>\n<meta name=\"robots\" content=\"index, follow, max-snippet:-1, max-image-preview:large, max-video-preview:-1\" \/>\n<link rel=\"canonical\" href=\"https:\/\/dev.antudigital.cl\/sites\/vc\/noviembre-llega-cargado-de-festivales-culturales-gratuitos-al-museo-artequin-vina-del-mar\/\" \/>\n<meta property=\"og:locale\" content=\"es_ES\" \/>\n<meta property=\"og:type\" content=\"article\" \/>\n<meta property=\"og:title\" content=\"Noviembre llega cargado de festivales culturales gratuitos al museo Artequin Vi\u00f1a del Mar - Valpara\u00ed\u00adso Creativo\" \/>\n<meta property=\"og:description\" content=\"La temporada de primavera 2024 lleg\u00f3 al parque Quinta Vergara cargada de flores, colores y una amplia oferta de entretenci\u00f3n, educaci\u00f3n y arte. Como una manera de ampliar la oferta cultural y acercarla a la ciudad jard\u00edn, es que el museo Artequin Vi\u00f1a del Mar ha buscado colaborar con grandes festivales de la regi\u00f3n, que [&hellip;]\" \/>\n<meta property=\"og:url\" content=\"https:\/\/dev.antudigital.cl\/sites\/vc\/noviembre-llega-cargado-de-festivales-culturales-gratuitos-al-museo-artequin-vina-del-mar\/\" \/>\n<meta property=\"og:site_name\" content=\"Valpara\u00ed\u00adso Creativo\" \/>\n<meta property=\"article:published_time\" content=\"2024-11-11T18:14:58+00:00\" \/>\n<meta property=\"article:modified_time\" content=\"2024-11-11T18:15:15+00:00\" \/>\n<meta property=\"og:image\" content=\"https:\/\/dev.antudigital.cl\/sites\/vc\/wp-content\/uploads\/2024\/11\/fachadaok.jpg\" \/>\n\t<meta property=\"og:image:width\" content=\"1920\" \/>\n\t<meta property=\"og:image:height\" content=\"1080\" \/>\n\t<meta property=\"og:image:type\" content=\"image\/jpeg\" \/>\n<meta name=\"author\" content=\"Valpara\u00edso Creativo\" \/>\n<meta name=\"twitter:card\" content=\"summary_large_image\" \/>\n<meta name=\"twitter:label1\" content=\"Escrito por\" \/>\n\t<meta name=\"twitter:data1\" content=\"Valpara\u00edso Creativo\" \/>\n\t<meta name=\"twitter:label2\" content=\"Tiempo de lectura\" \/>\n\t<meta name=\"twitter:data2\" content=\"4 minutos\" \/>\n<script type=\"application\/ld+json\" class=\"yoast-schema-graph\">{\"@context\":\"https:\/\/schema.org\",\"@graph\":[{\"@type\":\"Article\",\"@id\":\"https:\/\/dev.antudigital.cl\/sites\/vc\/noviembre-llega-cargado-de-festivales-culturales-gratuitos-al-museo-artequin-vina-del-mar\/#article\",\"isPartOf\":{\"@id\":\"https:\/\/dev.antudigital.cl\/sites\/vc\/noviembre-llega-cargado-de-festivales-culturales-gratuitos-al-museo-artequin-vina-del-mar\/\"},\"author\":{\"name\":\"Valpara\u00edso Creativo\",\"@id\":\"https:\/\/dev.antudigital.cl\/sites\/vc\/#\/schema\/person\/c2b9da8dd545e27166fc5ab232837318\"},\"headline\":\"Noviembre llega cargado de festivales culturales gratuitos al museo Artequin Vi\u00f1a del Mar\",\"datePublished\":\"2024-11-11T18:14:58+00:00\",\"dateModified\":\"2024-11-11T18:15:15+00:00\",\"mainEntityOfPage\":{\"@id\":\"https:\/\/dev.antudigital.cl\/sites\/vc\/noviembre-llega-cargado-de-festivales-culturales-gratuitos-al-museo-artequin-vina-del-mar\/\"},\"wordCount\":710,\"image\":{\"@id\":\"https:\/\/dev.antudigital.cl\/sites\/vc\/noviembre-llega-cargado-de-festivales-culturales-gratuitos-al-museo-artequin-vina-del-mar\/#primaryimage\"},\"thumbnailUrl\":\"https:\/\/dev.antudigital.cl\/sites\/vc\/wp-content\/uploads\/2024\/11\/fachadaok.jpg\",\"articleSection\":[\"Noticia\"],\"inLanguage\":\"es\"},{\"@type\":\"WebPage\",\"@id\":\"https:\/\/dev.antudigital.cl\/sites\/vc\/noviembre-llega-cargado-de-festivales-culturales-gratuitos-al-museo-artequin-vina-del-mar\/\",\"url\":\"https:\/\/dev.antudigital.cl\/sites\/vc\/noviembre-llega-cargado-de-festivales-culturales-gratuitos-al-museo-artequin-vina-del-mar\/\",\"name\":\"Noviembre llega cargado de festivales culturales gratuitos al museo Artequin Vi\u00f1a del Mar - Valpara\u00ed\u00adso Creativo\",\"isPartOf\":{\"@id\":\"https:\/\/dev.antudigital.cl\/sites\/vc\/#website\"},\"primaryImageOfPage\":{\"@id\":\"https:\/\/dev.antudigital.cl\/sites\/vc\/noviembre-llega-cargado-de-festivales-culturales-gratuitos-al-museo-artequin-vina-del-mar\/#primaryimage\"},\"image\":{\"@id\":\"https:\/\/dev.antudigital.cl\/sites\/vc\/noviembre-llega-cargado-de-festivales-culturales-gratuitos-al-museo-artequin-vina-del-mar\/#primaryimage\"},\"thumbnailUrl\":\"https:\/\/dev.antudigital.cl\/sites\/vc\/wp-content\/uploads\/2024\/11\/fachadaok.jpg\",\"datePublished\":\"2024-11-11T18:14:58+00:00\",\"dateModified\":\"2024-11-11T18:15:15+00:00\",\"author\":{\"@id\":\"https:\/\/dev.antudigital.cl\/sites\/vc\/#\/schema\/person\/c2b9da8dd545e27166fc5ab232837318\"},\"breadcrumb\":{\"@id\":\"https:\/\/dev.antudigital.cl\/sites\/vc\/noviembre-llega-cargado-de-festivales-culturales-gratuitos-al-museo-artequin-vina-del-mar\/#breadcrumb\"},\"inLanguage\":\"es\",\"potentialAction\":[{\"@type\":\"ReadAction\",\"target\":[\"https:\/\/dev.antudigital.cl\/sites\/vc\/noviembre-llega-cargado-de-festivales-culturales-gratuitos-al-museo-artequin-vina-del-mar\/\"]}]},{\"@type\":\"ImageObject\",\"inLanguage\":\"es\",\"@id\":\"https:\/\/dev.antudigital.cl\/sites\/vc\/noviembre-llega-cargado-de-festivales-culturales-gratuitos-al-museo-artequin-vina-del-mar\/#primaryimage\",\"url\":\"https:\/\/dev.antudigital.cl\/sites\/vc\/wp-content\/uploads\/2024\/11\/fachadaok.jpg\",\"contentUrl\":\"https:\/\/dev.antudigital.cl\/sites\/vc\/wp-content\/uploads\/2024\/11\/fachadaok.jpg\",\"width\":1920,\"height\":1080},{\"@type\":\"BreadcrumbList\",\"@id\":\"https:\/\/dev.antudigital.cl\/sites\/vc\/noviembre-llega-cargado-de-festivales-culturales-gratuitos-al-museo-artequin-vina-del-mar\/#breadcrumb\",\"itemListElement\":[{\"@type\":\"ListItem\",\"position\":1,\"name\":\"Home\",\"item\":\"https:\/\/dev.antudigital.cl\/sites\/vc\/\"},{\"@type\":\"ListItem\",\"position\":2,\"name\":\"Noviembre llega cargado de festivales culturales gratuitos al museo Artequin Vi\u00f1a del Mar\"}]},{\"@type\":\"WebSite\",\"@id\":\"https:\/\/dev.antudigital.cl\/sites\/vc\/#website\",\"url\":\"https:\/\/dev.antudigital.cl\/sites\/vc\/\",\"name\":\"Valpara\u00ed\u00adso Creativo\",\"description\":\"\",\"potentialAction\":[{\"@type\":\"SearchAction\",\"target\":{\"@type\":\"EntryPoint\",\"urlTemplate\":\"https:\/\/dev.antudigital.cl\/sites\/vc\/?s={search_term_string}\"},\"query-input\":{\"@type\":\"PropertyValueSpecification\",\"valueRequired\":true,\"valueName\":\"search_term_string\"}}],\"inLanguage\":\"es\"},{\"@type\":\"Person\",\"@id\":\"https:\/\/dev.antudigital.cl\/sites\/vc\/#\/schema\/person\/c2b9da8dd545e27166fc5ab232837318\",\"name\":\"Valpara\u00edso Creativo\",\"description\":\"Periodista de cultura en la Regi\u00f3n de Valpara\u00edso.\",\"url\":\"https:\/\/dev.antudigital.cl\/sites\/vc\/author\/valpoadmin\/\"}]}<\/script>\n<!-- \/ Yoast SEO plugin. -->","yoast_head_json":{"title":"Noviembre llega cargado de festivales culturales gratuitos al museo Artequin Vi\u00f1a del Mar - Valpara\u00ed\u00adso Creativo","robots":{"index":"index","follow":"follow","max-snippet":"max-snippet:-1","max-image-preview":"max-image-preview:large","max-video-preview":"max-video-preview:-1"},"canonical":"https:\/\/dev.antudigital.cl\/sites\/vc\/noviembre-llega-cargado-de-festivales-culturales-gratuitos-al-museo-artequin-vina-del-mar\/","og_locale":"es_ES","og_type":"article","og_title":"Noviembre llega cargado de festivales culturales gratuitos al museo Artequin Vi\u00f1a del Mar - Valpara\u00ed\u00adso Creativo","og_description":"La temporada de primavera 2024 lleg\u00f3 al parque Quinta Vergara cargada de flores, colores y una amplia oferta de entretenci\u00f3n, educaci\u00f3n y arte. Como una manera de ampliar la oferta cultural y acercarla a la ciudad jard\u00edn, es que el museo Artequin Vi\u00f1a del Mar ha buscado colaborar con grandes festivales de la regi\u00f3n, que [&hellip;]","og_url":"https:\/\/dev.antudigital.cl\/sites\/vc\/noviembre-llega-cargado-de-festivales-culturales-gratuitos-al-museo-artequin-vina-del-mar\/","og_site_name":"Valpara\u00ed\u00adso Creativo","article_published_time":"2024-11-11T18:14:58+00:00","article_modified_time":"2024-11-11T18:15:15+00:00","og_image":[{"width":1920,"height":1080,"url":"https:\/\/dev.antudigital.cl\/sites\/vc\/wp-content\/uploads\/2024\/11\/fachadaok.jpg","type":"image\/jpeg"}],"author":"Valpara\u00edso Creativo","twitter_card":"summary_large_image","twitter_misc":{"Escrito por":"Valpara\u00edso Creativo","Tiempo de lectura":"4 minutos"},"schema":{"@context":"https:\/\/schema.org","@graph":[{"@type":"Article","@id":"https:\/\/dev.antudigital.cl\/sites\/vc\/noviembre-llega-cargado-de-festivales-culturales-gratuitos-al-museo-artequin-vina-del-mar\/#article","isPartOf":{"@id":"https:\/\/dev.antudigital.cl\/sites\/vc\/noviembre-llega-cargado-de-festivales-culturales-gratuitos-al-museo-artequin-vina-del-mar\/"},"author":{"name":"Valpara\u00edso Creativo","@id":"https:\/\/dev.antudigital.cl\/sites\/vc\/#\/schema\/person\/c2b9da8dd545e27166fc5ab232837318"},"headline":"Noviembre llega cargado de festivales culturales gratuitos al museo Artequin Vi\u00f1a del Mar","datePublished":"2024-11-11T18:14:58+00:00","dateModified":"2024-11-11T18:15:15+00:00","mainEntityOfPage":{"@id":"https:\/\/dev.antudigital.cl\/sites\/vc\/noviembre-llega-cargado-de-festivales-culturales-gratuitos-al-museo-artequin-vina-del-mar\/"},"wordCount":710,"image":{"@id":"https:\/\/dev.antudigital.cl\/sites\/vc\/noviembre-llega-cargado-de-festivales-culturales-gratuitos-al-museo-artequin-vina-del-mar\/#primaryimage"},"thumbnailUrl":"https:\/\/dev.antudigital.cl\/sites\/vc\/wp-content\/uploads\/2024\/11\/fachadaok.jpg","articleSection":["Noticia"],"inLanguage":"es"},{"@type":"WebPage","@id":"https:\/\/dev.antudigital.cl\/sites\/vc\/noviembre-llega-cargado-de-festivales-culturales-gratuitos-al-museo-artequin-vina-del-mar\/","url":"https:\/\/dev.antudigital.cl\/sites\/vc\/noviembre-llega-cargado-de-festivales-culturales-gratuitos-al-museo-artequin-vina-del-mar\/","name":"Noviembre llega cargado de festivales culturales gratuitos al museo Artequin Vi\u00f1a del Mar - Valpara\u00ed\u00adso Creativo","isPartOf":{"@id":"https:\/\/dev.antudigital.cl\/sites\/vc\/#website"},"primaryImageOfPage":{"@id":"https:\/\/dev.antudigital.cl\/sites\/vc\/noviembre-llega-cargado-de-festivales-culturales-gratuitos-al-museo-artequin-vina-del-mar\/#primaryimage"},"image":{"@id":"https:\/\/dev.antudigital.cl\/sites\/vc\/noviembre-llega-cargado-de-festivales-culturales-gratuitos-al-museo-artequin-vina-del-mar\/#primaryimage"},"thumbnailUrl":"https:\/\/dev.antudigital.cl\/sites\/vc\/wp-content\/uploads\/2024\/11\/fachadaok.jpg","datePublished":"2024-11-11T18:14:58+00:00","dateModified":"2024-11-11T18:15:15+00:00","author":{"@id":"https:\/\/dev.antudigital.cl\/sites\/vc\/#\/schema\/person\/c2b9da8dd545e27166fc5ab232837318"},"breadcrumb":{"@id":"https:\/\/dev.antudigital.cl\/sites\/vc\/noviembre-llega-cargado-de-festivales-culturales-gratuitos-al-museo-artequin-vina-del-mar\/#breadcrumb"},"inLanguage":"es","potentialAction":[{"@type":"ReadAction","target":["https:\/\/dev.antudigital.cl\/sites\/vc\/noviembre-llega-cargado-de-festivales-culturales-gratuitos-al-museo-artequin-vina-del-mar\/"]}]},{"@type":"ImageObject","inLanguage":"es","@id":"https:\/\/dev.antudigital.cl\/sites\/vc\/noviembre-llega-cargado-de-festivales-culturales-gratuitos-al-museo-artequin-vina-del-mar\/#primaryimage","url":"https:\/\/dev.antudigital.cl\/sites\/vc\/wp-content\/uploads\/2024\/11\/fachadaok.jpg","contentUrl":"https:\/\/dev.antudigital.cl\/sites\/vc\/wp-content\/uploads\/2024\/11\/fachadaok.jpg","width":1920,"height":1080},{"@type":"BreadcrumbList","@id":"https:\/\/dev.antudigital.cl\/sites\/vc\/noviembre-llega-cargado-de-festivales-culturales-gratuitos-al-museo-artequin-vina-del-mar\/#breadcrumb","itemListElement":[{"@type":"ListItem","position":1,"name":"Home","item":"https:\/\/dev.antudigital.cl\/sites\/vc\/"},{"@type":"ListItem","position":2,"name":"Noviembre llega cargado de festivales culturales gratuitos al museo Artequin Vi\u00f1a del Mar"}]},{"@type":"WebSite","@id":"https:\/\/dev.antudigital.cl\/sites\/vc\/#website","url":"https:\/\/dev.antudigital.cl\/sites\/vc\/","name":"Valpara\u00ed\u00adso Creativo","description":"","potentialAction":[{"@type":"SearchAction","target":{"@type":"EntryPoint","urlTemplate":"https:\/\/dev.antudigital.cl\/sites\/vc\/?s={search_term_string}"},"query-input":{"@type":"PropertyValueSpecification","valueRequired":true,"valueName":"search_term_string"}}],"inLanguage":"es"},{"@type":"Person","@id":"https:\/\/dev.antudigital.cl\/sites\/vc\/#\/schema\/person\/c2b9da8dd545e27166fc5ab232837318","name":"Valpara\u00edso Creativo","description":"Periodista de cultura en la Regi\u00f3n de Valpara\u00edso.","url":"https:\/\/dev.antudigital.cl\/sites\/vc\/author\/valpoadmin\/"}]}},"_links":{"self":[{"href":"https:\/\/dev.antudigital.cl\/sites\/vc\/wp-json\/wp\/v2\/posts\/21043","targetHints":{"allow":["GET"]}}],"collection":[{"href":"https:\/\/dev.antudigital.cl\/sites\/vc\/wp-json\/wp\/v2\/posts"}],"about":[{"href":"https:\/\/dev.antudigital.cl\/sites\/vc\/wp-json\/wp\/v2\/types\/post"}],"author":[{"embeddable":true,"href":"https:\/\/dev.antudigital.cl\/sites\/vc\/wp-json\/wp\/v2\/users\/1"}],"replies":[{"embeddable":true,"href":"https:\/\/dev.antudigital.cl\/sites\/vc\/wp-json\/wp\/v2\/comments?post=21043"}],"version-history":[{"count":1,"href":"https:\/\/dev.antudigital.cl\/sites\/vc\/wp-json\/wp\/v2\/posts\/21043\/revisions"}],"predecessor-version":[{"id":21046,"href":"https:\/\/dev.antudigital.cl\/sites\/vc\/wp-json\/wp\/v2\/posts\/21043\/revisions\/21046"}],"wp:featuredmedia":[{"embeddable":true,"href":"https:\/\/dev.antudigital.cl\/sites\/vc\/wp-json\/wp\/v2\/media\/21044"}],"wp:attachment":[{"href":"https:\/\/dev.antudigital.cl\/sites\/vc\/wp-json\/wp\/v2\/media?parent=21043"}],"wp:term":[{"taxonomy":"category","embeddable":true,"href":"https:\/\/dev.antudigital.cl\/sites\/vc\/wp-json\/wp\/v2\/categories?post=21043"},{"taxonomy":"post_tag","embeddable":true,"href":"https:\/\/dev.antudigital.cl\/sites\/vc\/wp-json\/wp\/v2\/tags?post=21043"}],"curies":[{"name":"wp","href":"https:\/\/api.w.org\/{rel}","templated":true}]}}