{"id":21047,"date":"2024-11-11T18:22:00","date_gmt":"2024-11-11T18:22:00","guid":{"rendered":"https:\/\/www.valparaisocreativo.cl\/?p=21047"},"modified":"2024-11-11T18:22:16","modified_gmt":"2024-11-11T18:22:16","slug":"volverse-otra-exposicion-explora-el-ser-madre-y-artista-desde-una-perspectiva-procesual-y-colaborativa","status":"publish","type":"post","link":"https:\/\/dev.antudigital.cl\/sites\/vc\/volverse-otra-exposicion-explora-el-ser-madre-y-artista-desde-una-perspectiva-procesual-y-colaborativa\/","title":{"rendered":"\u201cVolverse otra\u201d: Exposici\u00f3n explora el ser madre y artista desde una perspectiva procesual y colaborativa"},"content":{"rendered":"\n<p>El pr\u00f3ximo viernes 15 de noviembre, la Galer\u00eda Al Cubo del Espacio La Compa\u00f1\u00eda de Valpara\u00edso, abrir\u00e1 sus puertas a \u00ab<strong>Volverse otra<\/strong>\u00ab, una exposici\u00f3n que invita a reflexionar sobre la experiencia de maternar y su impacto en la vida y la pr\u00e1ctica art\u00edstica de las mujeres.<\/p>\n\n\n\n<p>La muestra es el resultado del proyecto \u00abCuidar y crear, ser artista y madre\u00bb, iniciativa que a lo largo de varios meses ha reunido a las artistas visuales Javiera Mu\u00f1oz, Nancy Mansilla, Ana Silva, Javiera Ovalle y Ana Blanchard; quienes han explorado y plasmado su maternidad a trav\u00e9s de cer\u00e1mica, libros de artista y xilograf\u00eda, en un proceso de creaci\u00f3n colectiva y profundamente sensible.<\/p>\n\n\n\n<p>Durante el desarrollo del proyecto, las artistas han buscado desarrollar nuevos espacios de investigaci\u00f3n para la pr\u00e1ctica art\u00edstica situada, a trav\u00e9s de instancias de reflexi\u00f3n, producci\u00f3n y exhibici\u00f3n. En una serie de encuentros creativos, realizados tanto de forma presencial como virtual, estas mujeres compartieron sus vivencias en un espacio de contenci\u00f3n y colaboraci\u00f3n.&nbsp;<\/p>\n\n\n\n<p>Al respecto,&nbsp;<strong>Javiera Mu\u00f1oz Repetto, artista integrante del proyecto<\/strong>, detall\u00f3 que \u201c<em>cinco mujeres, nos juntamos a lo largo del a\u00f1o en espacios distendidos, donde tuvimos actividades para conectar con diversos momentos y experiencias de la maternidad. Dichas reflexiones quedaron plasmadas en piezas \u00fanicas, como libros de artista, cer\u00e1micas y xilograf\u00edas<\/em>\u201d.<\/p>\n\n\n\n<figure class=\"wp-block-image size-large\"><img fetchpriority=\"high\" decoding=\"async\" width=\"621\" height=\"1024\" src=\"https:\/\/www.valparaisocreativo.cl\/wp-content\/uploads\/2024\/11\/4992400e-8410-4b87-8522-cc639e49572d-621x1024.jpg\" alt=\"\" class=\"wp-image-21049\" srcset=\"https:\/\/dev.antudigital.cl\/sites\/vc\/wp-content\/uploads\/2024\/11\/4992400e-8410-4b87-8522-cc639e49572d-621x1024.jpg 621w, https:\/\/dev.antudigital.cl\/sites\/vc\/wp-content\/uploads\/2024\/11\/4992400e-8410-4b87-8522-cc639e49572d-182x300.jpg 182w, https:\/\/dev.antudigital.cl\/sites\/vc\/wp-content\/uploads\/2024\/11\/4992400e-8410-4b87-8522-cc639e49572d-768x1267.jpg 768w, https:\/\/dev.antudigital.cl\/sites\/vc\/wp-content\/uploads\/2024\/11\/4992400e-8410-4b87-8522-cc639e49572d-931x1536.jpg 931w, https:\/\/dev.antudigital.cl\/sites\/vc\/wp-content\/uploads\/2024\/11\/4992400e-8410-4b87-8522-cc639e49572d-480x792.jpg 480w, https:\/\/dev.antudigital.cl\/sites\/vc\/wp-content\/uploads\/2024\/11\/4992400e-8410-4b87-8522-cc639e49572d-15x24.jpg 15w, https:\/\/dev.antudigital.cl\/sites\/vc\/wp-content\/uploads\/2024\/11\/4992400e-8410-4b87-8522-cc639e49572d-22x36.jpg 22w, https:\/\/dev.antudigital.cl\/sites\/vc\/wp-content\/uploads\/2024\/11\/4992400e-8410-4b87-8522-cc639e49572d-29x48.jpg 29w, https:\/\/dev.antudigital.cl\/sites\/vc\/wp-content\/uploads\/2024\/11\/4992400e-8410-4b87-8522-cc639e49572d.jpg 970w\" sizes=\"(max-width: 621px) 100vw, 621px\" \/><\/figure>\n\n\n\n<p>La exposici\u00f3n, abierta al p\u00fablico hasta el 15 de diciembre, invita a adentrarse en una mirada autoetnogr\u00e1fica sobre el rol materno. Las obras reflejan los desaf\u00edos y transformaciones que implica la maternidad y el puerperio, entendidos no solo como una etapa puntual, sino como un proceso constante y abierto. \u201c<em>Cada pieza encapsula una reflexi\u00f3n, un sentir, una vivencia asociada a la amplia transformaci\u00f3n que es la maternidad. Muchas conversaciones se centraron en el parto, el puerperio, con todas las luces y sombras que enfrentamos<\/em>\u201d, relata Javiera.<\/p>\n\n\n\n<p>El car\u00e1cter procesual y colectivo de \u00abVolverse otra\u00bb se hace evidente en la muestra. Aunque cada pieza es resultado de una est\u00e9tica e investigaci\u00f3n individual, el proceso compartido permiti\u00f3 construir una narrativa com\u00fan sobre la maternidad, donde se fusionan lo personal y lo colectivo, lo \u00edntimo y lo social. En palabras de las participantes, \u201c<em>fuimos acomodando las jornadas de trabajo a los tiempos de la maternidad, compartiendo tem\u00e1ticas y reflexiones, en un proceso de corresponsabilidad y emancipaci\u00f3n<\/em>\u201d.<\/p>\n\n\n\n<p><strong>Acci\u00f3n Oidanidando<\/strong><\/p>\n\n\n\n<p>En el contexto de esta muestra, el s\u00e1bado 30 de noviembre, desde las 11:00 hrs, se llevar\u00e1 a cabo \u00abOidanidando\u00bb, una acci\u00f3n colaborativa que explora la conexi\u00f3n entre lo sonoro y lo visual desde el cruce de la arqueolog\u00eda medial con el juego libre. Dirigida a beb\u00e9s hasta los tres a\u00f1os y sus cuidadores, esta actividad invita a reflexionar sobre los cuidados en la primera infancia y visibilizar el acto de maternar como parte esencial de la experiencia humana y c\u00f3mo esto incide en la pr\u00e1ctica art\u00edstica. La participaci\u00f3n requiere inscripci\u00f3n previa en&nbsp;<a href=\"mailto:procesualmaternalista@gmail.com\" target=\"_blank\" rel=\"noreferrer noopener\">procesualmaternalista@gmail.com<\/a>&nbsp;y busca acercar la cultura a una audiencia a menudo excluida de las actividades art\u00edsticas.<\/p>\n\n\n\n<p>\u00abOidanidando\u00bb se inscribe en una l\u00ednea de investigaci\u00f3n que conjuga el arte colaborativo con el cuestionamiento de la maternidad y el rol de la madre-artista. La propuesta no s\u00f3lo expone el desaf\u00edo de conciliar el arte y la crianza, sino que tambi\u00e9n es un espacio de escucha y encuentro para intercambiar experiencias sobre los cuidados y el proceso de la matrescencia.&nbsp;&nbsp;<\/p>\n\n\n\n<p><strong>\u201cVolverse otra\u201d&nbsp;<\/strong>se inaugura el viernes 15 de noviembre, a las 18:00 horas, en la Galer\u00eda Al Cubo del Espacio La Compa\u00f1\u00eda, ubicado en Eusebio Lillo 409, Valpara\u00edso. Estar\u00e1 abierta al p\u00fablico&nbsp;de lunes a viernes de 9:00 a 18:00 horas, y el&nbsp;&nbsp;d\u00eda s\u00e1bado 15 de diciembre, a partir de las 11:00 horas, se realizar\u00e1 el cierre de la exposici\u00f3n.<\/p>\n","protected":false},"excerpt":{"rendered":"<p>El pr\u00f3ximo viernes 15 de noviembre, la Galer\u00eda Al Cubo del Espacio La Compa\u00f1\u00eda de Valpara\u00edso, abrir\u00e1 sus puertas a \u00abVolverse otra\u00ab, una exposici\u00f3n que invita a reflexionar sobre la experiencia de maternar y su impacto en la vida y la pr\u00e1ctica art\u00edstica de las mujeres. La muestra es el resultado del proyecto \u00abCuidar y [&hellip;]<\/p>\n","protected":false},"author":1,"featured_media":21050,"comment_status":"closed","ping_status":"closed","sticky":false,"template":"","format":"standard","meta":{"_acf_changed":false,"footnotes":""},"categories":[8],"tags":[],"class_list":["post-21047","post","type-post","status-publish","format-standard","has-post-thumbnail","hentry","category-noticia"],"acf":[],"yoast_head":"<!-- This site is optimized with the Yoast SEO plugin v27.1.1 - https:\/\/yoast.com\/product\/yoast-seo-wordpress\/ -->\n<title>\u201cVolverse otra\u201d: Exposici\u00f3n explora el ser madre y artista desde una perspectiva procesual y colaborativa - Valpara\u00ed\u00adso Creativo<\/title>\n<meta name=\"robots\" content=\"index, follow, max-snippet:-1, max-image-preview:large, max-video-preview:-1\" \/>\n<link rel=\"canonical\" href=\"https:\/\/dev.antudigital.cl\/sites\/vc\/volverse-otra-exposicion-explora-el-ser-madre-y-artista-desde-una-perspectiva-procesual-y-colaborativa\/\" \/>\n<meta property=\"og:locale\" content=\"es_ES\" \/>\n<meta property=\"og:type\" content=\"article\" \/>\n<meta property=\"og:title\" content=\"\u201cVolverse otra\u201d: Exposici\u00f3n explora el ser madre y artista desde una perspectiva procesual y colaborativa - Valpara\u00ed\u00adso Creativo\" \/>\n<meta property=\"og:description\" content=\"El pr\u00f3ximo viernes 15 de noviembre, la Galer\u00eda Al Cubo del Espacio La Compa\u00f1\u00eda de Valpara\u00edso, abrir\u00e1 sus puertas a \u00abVolverse otra\u00ab, una exposici\u00f3n que invita a reflexionar sobre la experiencia de maternar y su impacto en la vida y la pr\u00e1ctica art\u00edstica de las mujeres. La muestra es el resultado del proyecto \u00abCuidar y [&hellip;]\" \/>\n<meta property=\"og:url\" content=\"https:\/\/dev.antudigital.cl\/sites\/vc\/volverse-otra-exposicion-explora-el-ser-madre-y-artista-desde-una-perspectiva-procesual-y-colaborativa\/\" \/>\n<meta property=\"og:site_name\" content=\"Valpara\u00ed\u00adso Creativo\" \/>\n<meta property=\"article:published_time\" content=\"2024-11-11T18:22:00+00:00\" \/>\n<meta property=\"article:modified_time\" content=\"2024-11-11T18:22:16+00:00\" \/>\n<meta property=\"og:image\" content=\"https:\/\/dev.antudigital.cl\/sites\/vc\/wp-content\/uploads\/2024\/11\/Captura-de-Pantalla-2024-11-11-a-las-15.21.23.png\" \/>\n\t<meta property=\"og:image:width\" content=\"901\" \/>\n\t<meta property=\"og:image:height\" content=\"621\" \/>\n\t<meta property=\"og:image:type\" content=\"image\/png\" \/>\n<meta name=\"author\" content=\"Valpara\u00edso Creativo\" \/>\n<meta name=\"twitter:card\" content=\"summary_large_image\" \/>\n<meta name=\"twitter:label1\" content=\"Escrito por\" \/>\n\t<meta name=\"twitter:data1\" content=\"Valpara\u00edso Creativo\" \/>\n\t<meta name=\"twitter:label2\" content=\"Tiempo de lectura\" \/>\n\t<meta name=\"twitter:data2\" content=\"4 minutos\" \/>\n<script type=\"application\/ld+json\" class=\"yoast-schema-graph\">{\"@context\":\"https:\/\/schema.org\",\"@graph\":[{\"@type\":\"Article\",\"@id\":\"https:\/\/dev.antudigital.cl\/sites\/vc\/volverse-otra-exposicion-explora-el-ser-madre-y-artista-desde-una-perspectiva-procesual-y-colaborativa\/#article\",\"isPartOf\":{\"@id\":\"https:\/\/dev.antudigital.cl\/sites\/vc\/volverse-otra-exposicion-explora-el-ser-madre-y-artista-desde-una-perspectiva-procesual-y-colaborativa\/\"},\"author\":{\"name\":\"Valpara\u00edso Creativo\",\"@id\":\"https:\/\/dev.antudigital.cl\/sites\/vc\/#\/schema\/person\/c2b9da8dd545e27166fc5ab232837318\"},\"headline\":\"\u201cVolverse otra\u201d: Exposici\u00f3n explora el ser madre y artista desde una perspectiva procesual y colaborativa\",\"datePublished\":\"2024-11-11T18:22:00+00:00\",\"dateModified\":\"2024-11-11T18:22:16+00:00\",\"mainEntityOfPage\":{\"@id\":\"https:\/\/dev.antudigital.cl\/sites\/vc\/volverse-otra-exposicion-explora-el-ser-madre-y-artista-desde-una-perspectiva-procesual-y-colaborativa\/\"},\"wordCount\":688,\"image\":{\"@id\":\"https:\/\/dev.antudigital.cl\/sites\/vc\/volverse-otra-exposicion-explora-el-ser-madre-y-artista-desde-una-perspectiva-procesual-y-colaborativa\/#primaryimage\"},\"thumbnailUrl\":\"https:\/\/dev.antudigital.cl\/sites\/vc\/wp-content\/uploads\/2024\/11\/Captura-de-Pantalla-2024-11-11-a-las-15.21.23.png\",\"articleSection\":[\"Noticia\"],\"inLanguage\":\"es\"},{\"@type\":\"WebPage\",\"@id\":\"https:\/\/dev.antudigital.cl\/sites\/vc\/volverse-otra-exposicion-explora-el-ser-madre-y-artista-desde-una-perspectiva-procesual-y-colaborativa\/\",\"url\":\"https:\/\/dev.antudigital.cl\/sites\/vc\/volverse-otra-exposicion-explora-el-ser-madre-y-artista-desde-una-perspectiva-procesual-y-colaborativa\/\",\"name\":\"\u201cVolverse otra\u201d: Exposici\u00f3n explora el ser madre y artista desde una perspectiva procesual y colaborativa - Valpara\u00ed\u00adso Creativo\",\"isPartOf\":{\"@id\":\"https:\/\/dev.antudigital.cl\/sites\/vc\/#website\"},\"primaryImageOfPage\":{\"@id\":\"https:\/\/dev.antudigital.cl\/sites\/vc\/volverse-otra-exposicion-explora-el-ser-madre-y-artista-desde-una-perspectiva-procesual-y-colaborativa\/#primaryimage\"},\"image\":{\"@id\":\"https:\/\/dev.antudigital.cl\/sites\/vc\/volverse-otra-exposicion-explora-el-ser-madre-y-artista-desde-una-perspectiva-procesual-y-colaborativa\/#primaryimage\"},\"thumbnailUrl\":\"https:\/\/dev.antudigital.cl\/sites\/vc\/wp-content\/uploads\/2024\/11\/Captura-de-Pantalla-2024-11-11-a-las-15.21.23.png\",\"datePublished\":\"2024-11-11T18:22:00+00:00\",\"dateModified\":\"2024-11-11T18:22:16+00:00\",\"author\":{\"@id\":\"https:\/\/dev.antudigital.cl\/sites\/vc\/#\/schema\/person\/c2b9da8dd545e27166fc5ab232837318\"},\"breadcrumb\":{\"@id\":\"https:\/\/dev.antudigital.cl\/sites\/vc\/volverse-otra-exposicion-explora-el-ser-madre-y-artista-desde-una-perspectiva-procesual-y-colaborativa\/#breadcrumb\"},\"inLanguage\":\"es\",\"potentialAction\":[{\"@type\":\"ReadAction\",\"target\":[\"https:\/\/dev.antudigital.cl\/sites\/vc\/volverse-otra-exposicion-explora-el-ser-madre-y-artista-desde-una-perspectiva-procesual-y-colaborativa\/\"]}]},{\"@type\":\"ImageObject\",\"inLanguage\":\"es\",\"@id\":\"https:\/\/dev.antudigital.cl\/sites\/vc\/volverse-otra-exposicion-explora-el-ser-madre-y-artista-desde-una-perspectiva-procesual-y-colaborativa\/#primaryimage\",\"url\":\"https:\/\/dev.antudigital.cl\/sites\/vc\/wp-content\/uploads\/2024\/11\/Captura-de-Pantalla-2024-11-11-a-las-15.21.23.png\",\"contentUrl\":\"https:\/\/dev.antudigital.cl\/sites\/vc\/wp-content\/uploads\/2024\/11\/Captura-de-Pantalla-2024-11-11-a-las-15.21.23.png\",\"width\":901,\"height\":621},{\"@type\":\"BreadcrumbList\",\"@id\":\"https:\/\/dev.antudigital.cl\/sites\/vc\/volverse-otra-exposicion-explora-el-ser-madre-y-artista-desde-una-perspectiva-procesual-y-colaborativa\/#breadcrumb\",\"itemListElement\":[{\"@type\":\"ListItem\",\"position\":1,\"name\":\"Home\",\"item\":\"https:\/\/dev.antudigital.cl\/sites\/vc\/\"},{\"@type\":\"ListItem\",\"position\":2,\"name\":\"\u201cVolverse otra\u201d: Exposici\u00f3n explora el ser madre y artista desde una perspectiva procesual y colaborativa\"}]},{\"@type\":\"WebSite\",\"@id\":\"https:\/\/dev.antudigital.cl\/sites\/vc\/#website\",\"url\":\"https:\/\/dev.antudigital.cl\/sites\/vc\/\",\"name\":\"Valpara\u00ed\u00adso Creativo\",\"description\":\"\",\"potentialAction\":[{\"@type\":\"SearchAction\",\"target\":{\"@type\":\"EntryPoint\",\"urlTemplate\":\"https:\/\/dev.antudigital.cl\/sites\/vc\/?s={search_term_string}\"},\"query-input\":{\"@type\":\"PropertyValueSpecification\",\"valueRequired\":true,\"valueName\":\"search_term_string\"}}],\"inLanguage\":\"es\"},{\"@type\":\"Person\",\"@id\":\"https:\/\/dev.antudigital.cl\/sites\/vc\/#\/schema\/person\/c2b9da8dd545e27166fc5ab232837318\",\"name\":\"Valpara\u00edso Creativo\",\"description\":\"Periodista de cultura en la Regi\u00f3n de Valpara\u00edso.\",\"url\":\"https:\/\/dev.antudigital.cl\/sites\/vc\/author\/valpoadmin\/\"}]}<\/script>\n<!-- \/ Yoast SEO plugin. -->","yoast_head_json":{"title":"\u201cVolverse otra\u201d: Exposici\u00f3n explora el ser madre y artista desde una perspectiva procesual y colaborativa - Valpara\u00ed\u00adso Creativo","robots":{"index":"index","follow":"follow","max-snippet":"max-snippet:-1","max-image-preview":"max-image-preview:large","max-video-preview":"max-video-preview:-1"},"canonical":"https:\/\/dev.antudigital.cl\/sites\/vc\/volverse-otra-exposicion-explora-el-ser-madre-y-artista-desde-una-perspectiva-procesual-y-colaborativa\/","og_locale":"es_ES","og_type":"article","og_title":"\u201cVolverse otra\u201d: Exposici\u00f3n explora el ser madre y artista desde una perspectiva procesual y colaborativa - Valpara\u00ed\u00adso Creativo","og_description":"El pr\u00f3ximo viernes 15 de noviembre, la Galer\u00eda Al Cubo del Espacio La Compa\u00f1\u00eda de Valpara\u00edso, abrir\u00e1 sus puertas a \u00abVolverse otra\u00ab, una exposici\u00f3n que invita a reflexionar sobre la experiencia de maternar y su impacto en la vida y la pr\u00e1ctica art\u00edstica de las mujeres. La muestra es el resultado del proyecto \u00abCuidar y [&hellip;]","og_url":"https:\/\/dev.antudigital.cl\/sites\/vc\/volverse-otra-exposicion-explora-el-ser-madre-y-artista-desde-una-perspectiva-procesual-y-colaborativa\/","og_site_name":"Valpara\u00ed\u00adso Creativo","article_published_time":"2024-11-11T18:22:00+00:00","article_modified_time":"2024-11-11T18:22:16+00:00","og_image":[{"width":901,"height":621,"url":"https:\/\/dev.antudigital.cl\/sites\/vc\/wp-content\/uploads\/2024\/11\/Captura-de-Pantalla-2024-11-11-a-las-15.21.23.png","type":"image\/png"}],"author":"Valpara\u00edso Creativo","twitter_card":"summary_large_image","twitter_misc":{"Escrito por":"Valpara\u00edso Creativo","Tiempo de lectura":"4 minutos"},"schema":{"@context":"https:\/\/schema.org","@graph":[{"@type":"Article","@id":"https:\/\/dev.antudigital.cl\/sites\/vc\/volverse-otra-exposicion-explora-el-ser-madre-y-artista-desde-una-perspectiva-procesual-y-colaborativa\/#article","isPartOf":{"@id":"https:\/\/dev.antudigital.cl\/sites\/vc\/volverse-otra-exposicion-explora-el-ser-madre-y-artista-desde-una-perspectiva-procesual-y-colaborativa\/"},"author":{"name":"Valpara\u00edso Creativo","@id":"https:\/\/dev.antudigital.cl\/sites\/vc\/#\/schema\/person\/c2b9da8dd545e27166fc5ab232837318"},"headline":"\u201cVolverse otra\u201d: Exposici\u00f3n explora el ser madre y artista desde una perspectiva procesual y colaborativa","datePublished":"2024-11-11T18:22:00+00:00","dateModified":"2024-11-11T18:22:16+00:00","mainEntityOfPage":{"@id":"https:\/\/dev.antudigital.cl\/sites\/vc\/volverse-otra-exposicion-explora-el-ser-madre-y-artista-desde-una-perspectiva-procesual-y-colaborativa\/"},"wordCount":688,"image":{"@id":"https:\/\/dev.antudigital.cl\/sites\/vc\/volverse-otra-exposicion-explora-el-ser-madre-y-artista-desde-una-perspectiva-procesual-y-colaborativa\/#primaryimage"},"thumbnailUrl":"https:\/\/dev.antudigital.cl\/sites\/vc\/wp-content\/uploads\/2024\/11\/Captura-de-Pantalla-2024-11-11-a-las-15.21.23.png","articleSection":["Noticia"],"inLanguage":"es"},{"@type":"WebPage","@id":"https:\/\/dev.antudigital.cl\/sites\/vc\/volverse-otra-exposicion-explora-el-ser-madre-y-artista-desde-una-perspectiva-procesual-y-colaborativa\/","url":"https:\/\/dev.antudigital.cl\/sites\/vc\/volverse-otra-exposicion-explora-el-ser-madre-y-artista-desde-una-perspectiva-procesual-y-colaborativa\/","name":"\u201cVolverse otra\u201d: Exposici\u00f3n explora el ser madre y artista desde una perspectiva procesual y colaborativa - Valpara\u00ed\u00adso Creativo","isPartOf":{"@id":"https:\/\/dev.antudigital.cl\/sites\/vc\/#website"},"primaryImageOfPage":{"@id":"https:\/\/dev.antudigital.cl\/sites\/vc\/volverse-otra-exposicion-explora-el-ser-madre-y-artista-desde-una-perspectiva-procesual-y-colaborativa\/#primaryimage"},"image":{"@id":"https:\/\/dev.antudigital.cl\/sites\/vc\/volverse-otra-exposicion-explora-el-ser-madre-y-artista-desde-una-perspectiva-procesual-y-colaborativa\/#primaryimage"},"thumbnailUrl":"https:\/\/dev.antudigital.cl\/sites\/vc\/wp-content\/uploads\/2024\/11\/Captura-de-Pantalla-2024-11-11-a-las-15.21.23.png","datePublished":"2024-11-11T18:22:00+00:00","dateModified":"2024-11-11T18:22:16+00:00","author":{"@id":"https:\/\/dev.antudigital.cl\/sites\/vc\/#\/schema\/person\/c2b9da8dd545e27166fc5ab232837318"},"breadcrumb":{"@id":"https:\/\/dev.antudigital.cl\/sites\/vc\/volverse-otra-exposicion-explora-el-ser-madre-y-artista-desde-una-perspectiva-procesual-y-colaborativa\/#breadcrumb"},"inLanguage":"es","potentialAction":[{"@type":"ReadAction","target":["https:\/\/dev.antudigital.cl\/sites\/vc\/volverse-otra-exposicion-explora-el-ser-madre-y-artista-desde-una-perspectiva-procesual-y-colaborativa\/"]}]},{"@type":"ImageObject","inLanguage":"es","@id":"https:\/\/dev.antudigital.cl\/sites\/vc\/volverse-otra-exposicion-explora-el-ser-madre-y-artista-desde-una-perspectiva-procesual-y-colaborativa\/#primaryimage","url":"https:\/\/dev.antudigital.cl\/sites\/vc\/wp-content\/uploads\/2024\/11\/Captura-de-Pantalla-2024-11-11-a-las-15.21.23.png","contentUrl":"https:\/\/dev.antudigital.cl\/sites\/vc\/wp-content\/uploads\/2024\/11\/Captura-de-Pantalla-2024-11-11-a-las-15.21.23.png","width":901,"height":621},{"@type":"BreadcrumbList","@id":"https:\/\/dev.antudigital.cl\/sites\/vc\/volverse-otra-exposicion-explora-el-ser-madre-y-artista-desde-una-perspectiva-procesual-y-colaborativa\/#breadcrumb","itemListElement":[{"@type":"ListItem","position":1,"name":"Home","item":"https:\/\/dev.antudigital.cl\/sites\/vc\/"},{"@type":"ListItem","position":2,"name":"\u201cVolverse otra\u201d: Exposici\u00f3n explora el ser madre y artista desde una perspectiva procesual y colaborativa"}]},{"@type":"WebSite","@id":"https:\/\/dev.antudigital.cl\/sites\/vc\/#website","url":"https:\/\/dev.antudigital.cl\/sites\/vc\/","name":"Valpara\u00ed\u00adso Creativo","description":"","potentialAction":[{"@type":"SearchAction","target":{"@type":"EntryPoint","urlTemplate":"https:\/\/dev.antudigital.cl\/sites\/vc\/?s={search_term_string}"},"query-input":{"@type":"PropertyValueSpecification","valueRequired":true,"valueName":"search_term_string"}}],"inLanguage":"es"},{"@type":"Person","@id":"https:\/\/dev.antudigital.cl\/sites\/vc\/#\/schema\/person\/c2b9da8dd545e27166fc5ab232837318","name":"Valpara\u00edso Creativo","description":"Periodista de cultura en la Regi\u00f3n de Valpara\u00edso.","url":"https:\/\/dev.antudigital.cl\/sites\/vc\/author\/valpoadmin\/"}]}},"_links":{"self":[{"href":"https:\/\/dev.antudigital.cl\/sites\/vc\/wp-json\/wp\/v2\/posts\/21047","targetHints":{"allow":["GET"]}}],"collection":[{"href":"https:\/\/dev.antudigital.cl\/sites\/vc\/wp-json\/wp\/v2\/posts"}],"about":[{"href":"https:\/\/dev.antudigital.cl\/sites\/vc\/wp-json\/wp\/v2\/types\/post"}],"author":[{"embeddable":true,"href":"https:\/\/dev.antudigital.cl\/sites\/vc\/wp-json\/wp\/v2\/users\/1"}],"replies":[{"embeddable":true,"href":"https:\/\/dev.antudigital.cl\/sites\/vc\/wp-json\/wp\/v2\/comments?post=21047"}],"version-history":[{"count":1,"href":"https:\/\/dev.antudigital.cl\/sites\/vc\/wp-json\/wp\/v2\/posts\/21047\/revisions"}],"predecessor-version":[{"id":21051,"href":"https:\/\/dev.antudigital.cl\/sites\/vc\/wp-json\/wp\/v2\/posts\/21047\/revisions\/21051"}],"wp:featuredmedia":[{"embeddable":true,"href":"https:\/\/dev.antudigital.cl\/sites\/vc\/wp-json\/wp\/v2\/media\/21050"}],"wp:attachment":[{"href":"https:\/\/dev.antudigital.cl\/sites\/vc\/wp-json\/wp\/v2\/media?parent=21047"}],"wp:term":[{"taxonomy":"category","embeddable":true,"href":"https:\/\/dev.antudigital.cl\/sites\/vc\/wp-json\/wp\/v2\/categories?post=21047"},{"taxonomy":"post_tag","embeddable":true,"href":"https:\/\/dev.antudigital.cl\/sites\/vc\/wp-json\/wp\/v2\/tags?post=21047"}],"curies":[{"name":"wp","href":"https:\/\/api.w.org\/{rel}","templated":true}]}}