{"id":21052,"date":"2024-11-11T18:40:13","date_gmt":"2024-11-11T18:40:13","guid":{"rendered":"https:\/\/www.valparaisocreativo.cl\/?p=21052"},"modified":"2024-11-11T18:40:32","modified_gmt":"2024-11-11T18:40:32","slug":"ciclo-de-obras-teatrales-dirigidas-a-las-jovenes-audiencias-se-presentaran-gratis-en-el-parque-cultural-de-valparaiso","status":"publish","type":"post","link":"https:\/\/dev.antudigital.cl\/sites\/vc\/ciclo-de-obras-teatrales-dirigidas-a-las-jovenes-audiencias-se-presentaran-gratis-en-el-parque-cultural-de-valparaiso\/","title":{"rendered":"Ciclo de obras teatrales dirigidas a las j\u00f3venes audiencias se presentar\u00e1n gratis en el Parque Cultural de Valpara\u00edso"},"content":{"rendered":"\n<p>Para seguir con las actividades del <strong>Cuarto Encuentro de Artes Esc\u00e9nicas Para\u00edsos Creativos: Teatro, educaci\u00f3n y mediaci\u00f3n para j\u00f3venes audiencias<\/strong>, la compa\u00f1\u00eda La Coraje realizar\u00e1 cuatro montajes gratuitos en el <strong>Parque Cultural de Valpara\u00edso.<\/strong><\/p>\n\n\n\n<p>Estas presentaciones est\u00e1n enfocadas en las j\u00f3venes audiencias buscando relevar el trabajo teatral a nivel regional e invitando a la comunidad a asistir al Teatro. As\u00ed lo expresa Estefan\u00eda Aedo, integrante de la compa\u00f1\u00eda y docente: <em>\u201cSabemos que no siempre se prioriza llevar a la infancia al Teatro, as\u00ed que nosotras mediante este y otros proyectos llevamos el Teatro a la infancia, a sus escuelas, a sus Teatros y espacios culturales porque comprendemos desde la propia experiencia lo fundamental e importante que resulta la educaci\u00f3n art\u00edstica para el desarrollo educativo, social y humano de ni\u00f1os y ni\u00f1as\u201d.<\/em><\/p>\n\n\n\n<p><strong>CRONOGRAMA<\/strong><\/p>\n\n\n\n<p>El ciclo comenzar\u00e1 el <strong>mi\u00e9rcoles 13 de noviembre<\/strong> a las <strong>17:30 horas<\/strong> con la puesta en escena de <strong><em>Alimapu o el poder de la infancia<\/em><\/strong> de la compa\u00f1\u00eda La Coraje, en la que a trav\u00e9s de la historia de Isabel, una ni\u00f1a porte\u00f1a encargada de salvar Valpara\u00edso de las garras del m\u00edtico Chivato, pondr\u00e1 en escena el poder de la infancia y dest\u00e1candola como agente de cambio.<\/p>\n\n\n\n<p>El <strong>jueves 14<\/strong> ser\u00e1 una<strong> jornada con dos funciones.<\/strong> La primera, en horario matin\u00e9 de las <strong>11:30 horas <\/strong>ser\u00e1 junto a la Compa\u00f1\u00eda de Teatro Escuela Iluci\u00f3n y su obra <strong><em>Pinocho<\/em><\/strong>, que ense\u00f1a valores como la amistad, el respeto sin importar condici\u00f3n, y el amor filial. Y en la tarde a las <strong>17:30 horas<\/strong> se presentar\u00e1 <strong><em>Caudal, por la liberaci\u00f3n de las aguas<\/em><\/strong> de Teatro La Washa, que aborda la problem\u00e1tica de la escasez de agua en la Regi\u00f3n de Valpara\u00edso, reflexionando y llevando un mensaje de resistencia, amor hacia la vida y el respeto de interespecies.<\/p>\n\n\n\n<p>El <strong>viernes 15 <\/strong>a las <strong>17:30 horas<\/strong> ser\u00e1 el turno de <strong><em>Brujas de Luna Llena<\/em><\/strong> de cia La Monomiito, montaje que busca cambiar la antigua noci\u00f3n que durante a\u00f1os se ha instalado sobre las brujas, invitando a redescubrirlas desde un prisma espiritual que las vincula a la intuici\u00f3n, la memoria, la naturaleza y el sentir.<\/p>\n\n\n\n<p>Y para dar cierre a la parrilla program\u00e1tica del 4\u00b0 Encuentro Para\u00edsos Creativos, el <strong>mi\u00e9rcoles 20 y jueves 21 de noviembre <\/strong>&nbsp;se har\u00e1n dos funciones en diferentes comunas. La primera ser\u00e1 en el <strong>Centro Cultural de San Antonio<\/strong>, donde se presentar\u00e1 la obra \u201cEn la puerta del horno se quema el pan\u201d de la Cooperativa Teatral Valpara\u00edso. Y en el <strong>Centro Comunitario de Rodelillo<\/strong> en Valpara\u00edso a las <strong>11:30 horas<\/strong> se mostrar\u00e1 la obra \u201cAlimapu o el poder de la infancia\u201d.<\/p>\n\n\n\n<figure class=\"wp-block-image size-large\"><img fetchpriority=\"high\" decoding=\"async\" width=\"1024\" height=\"681\" src=\"https:\/\/www.valparaisocreativo.cl\/wp-content\/uploads\/2024\/11\/BRUJAS-DE-LUNA-LLENA-1-1024x681.jpg\" alt=\"\" class=\"wp-image-21054\" srcset=\"https:\/\/dev.antudigital.cl\/sites\/vc\/wp-content\/uploads\/2024\/11\/BRUJAS-DE-LUNA-LLENA-1-1024x681.jpg 1024w, https:\/\/dev.antudigital.cl\/sites\/vc\/wp-content\/uploads\/2024\/11\/BRUJAS-DE-LUNA-LLENA-1-300x200.jpg 300w, https:\/\/dev.antudigital.cl\/sites\/vc\/wp-content\/uploads\/2024\/11\/BRUJAS-DE-LUNA-LLENA-1-768x511.jpg 768w, https:\/\/dev.antudigital.cl\/sites\/vc\/wp-content\/uploads\/2024\/11\/BRUJAS-DE-LUNA-LLENA-1-1536x1022.jpg 1536w, https:\/\/dev.antudigital.cl\/sites\/vc\/wp-content\/uploads\/2024\/11\/BRUJAS-DE-LUNA-LLENA-1-2048x1363.jpg 2048w, https:\/\/dev.antudigital.cl\/sites\/vc\/wp-content\/uploads\/2024\/11\/BRUJAS-DE-LUNA-LLENA-1-1080x719.jpg 1080w, https:\/\/dev.antudigital.cl\/sites\/vc\/wp-content\/uploads\/2024\/11\/BRUJAS-DE-LUNA-LLENA-1-1280x852.jpg 1280w, https:\/\/dev.antudigital.cl\/sites\/vc\/wp-content\/uploads\/2024\/11\/BRUJAS-DE-LUNA-LLENA-1-980x652.jpg 980w, https:\/\/dev.antudigital.cl\/sites\/vc\/wp-content\/uploads\/2024\/11\/BRUJAS-DE-LUNA-LLENA-1-480x319.jpg 480w, https:\/\/dev.antudigital.cl\/sites\/vc\/wp-content\/uploads\/2024\/11\/BRUJAS-DE-LUNA-LLENA-1-24x16.jpg 24w, https:\/\/dev.antudigital.cl\/sites\/vc\/wp-content\/uploads\/2024\/11\/BRUJAS-DE-LUNA-LLENA-1-36x24.jpg 36w, https:\/\/dev.antudigital.cl\/sites\/vc\/wp-content\/uploads\/2024\/11\/BRUJAS-DE-LUNA-LLENA-1-48x32.jpg 48w\" sizes=\"(max-width: 1024px) 100vw, 1024px\" \/><figcaption class=\"wp-element-caption\">ELIO FRUGONE PINA @ELIOFRUGONE<\/figcaption><\/figure>\n\n\n\n<p>El proyecto es organizado por la compa\u00f1\u00eda La Coraje de Valpara\u00edso, es financiado por el Ministerio de las Culturas, las Artes y el Patrimonio, Convocatoria 2024 L\u00ednea de Encuentros y Festivales Regionales y cuenta con la colaboraci\u00f3n del Parque Cultural de Valpara\u00edso, el Centro Comunitario de Rodelillo, Teatro Municipal de Casablanca, Centro Cultural San Antonio, Teatro Municipal de Quilpu\u00e9 y el Centro Cultural y Museo Pedro Aguirre Cerda de Calle Larga.<\/p>\n\n\n\n<p><strong>Encuentro Para\u00edsos Creativos.<\/strong><\/p>\n\n\n\n<p>En m\u00e1s de una d\u00e9cada de trabajo, a trav\u00e9s de diversos formatos y obras que se vinculan de manera l\u00fadica con los procesos formativos para la ni\u00f1ez y la adolescencia, <strong>La Coraje<\/strong> ha intervenido colegios y liceos de la regi\u00f3n con proyectos que fomentan el arte en la educaci\u00f3n.<\/p>\n\n\n\n<p><strong>Instagram y Facebook: @cialacoraje @paraisoscreativos&nbsp;<\/strong><\/p>\n\n\n\n<p><strong>www.companialacoraje.com<\/strong><\/p>\n\n\n\n<figure class=\"wp-block-image size-large\"><img decoding=\"async\" width=\"1024\" height=\"1024\" src=\"https:\/\/www.valparaisocreativo.cl\/wp-content\/uploads\/2024\/11\/Difusion-Cronograma-1024x1024.jpg\" alt=\"\" class=\"wp-image-21053\" srcset=\"https:\/\/dev.antudigital.cl\/sites\/vc\/wp-content\/uploads\/2024\/11\/Difusion-Cronograma-1024x1024.jpg 1024w, https:\/\/dev.antudigital.cl\/sites\/vc\/wp-content\/uploads\/2024\/11\/Difusion-Cronograma-300x300.jpg 300w, https:\/\/dev.antudigital.cl\/sites\/vc\/wp-content\/uploads\/2024\/11\/Difusion-Cronograma-150x150.jpg 150w, https:\/\/dev.antudigital.cl\/sites\/vc\/wp-content\/uploads\/2024\/11\/Difusion-Cronograma-768x768.jpg 768w, https:\/\/dev.antudigital.cl\/sites\/vc\/wp-content\/uploads\/2024\/11\/Difusion-Cronograma-980x980.jpg 980w, https:\/\/dev.antudigital.cl\/sites\/vc\/wp-content\/uploads\/2024\/11\/Difusion-Cronograma-480x480.jpg 480w, https:\/\/dev.antudigital.cl\/sites\/vc\/wp-content\/uploads\/2024\/11\/Difusion-Cronograma-24x24.jpg 24w, https:\/\/dev.antudigital.cl\/sites\/vc\/wp-content\/uploads\/2024\/11\/Difusion-Cronograma-36x36.jpg 36w, https:\/\/dev.antudigital.cl\/sites\/vc\/wp-content\/uploads\/2024\/11\/Difusion-Cronograma-48x48.jpg 48w, https:\/\/dev.antudigital.cl\/sites\/vc\/wp-content\/uploads\/2024\/11\/Difusion-Cronograma.jpg 1080w\" sizes=\"(max-width: 1024px) 100vw, 1024px\" \/><\/figure>\n","protected":false},"excerpt":{"rendered":"<p>Para seguir con las actividades del Cuarto Encuentro de Artes Esc\u00e9nicas Para\u00edsos Creativos: Teatro, educaci\u00f3n y mediaci\u00f3n para j\u00f3venes audiencias, la compa\u00f1\u00eda La Coraje realizar\u00e1 cuatro montajes gratuitos en el Parque Cultural de Valpara\u00edso. Estas presentaciones est\u00e1n enfocadas en las j\u00f3venes audiencias buscando relevar el trabajo teatral a nivel regional e invitando a la comunidad [&hellip;]<\/p>\n","protected":false},"author":1,"featured_media":21055,"comment_status":"closed","ping_status":"closed","sticky":false,"template":"","format":"standard","meta":{"_acf_changed":false,"footnotes":""},"categories":[8],"tags":[],"class_list":["post-21052","post","type-post","status-publish","format-standard","has-post-thumbnail","hentry","category-noticia"],"acf":[],"yoast_head":"<!-- This site is optimized with the Yoast SEO plugin v27.1.1 - https:\/\/yoast.com\/product\/yoast-seo-wordpress\/ -->\n<title>Ciclo de obras teatrales dirigidas a las j\u00f3venes audiencias se presentar\u00e1n gratis en el Parque Cultural de Valpara\u00edso - Valpara\u00ed\u00adso Creativo<\/title>\n<meta name=\"robots\" content=\"index, follow, max-snippet:-1, max-image-preview:large, max-video-preview:-1\" \/>\n<link rel=\"canonical\" href=\"https:\/\/dev.antudigital.cl\/sites\/vc\/ciclo-de-obras-teatrales-dirigidas-a-las-jovenes-audiencias-se-presentaran-gratis-en-el-parque-cultural-de-valparaiso\/\" \/>\n<meta property=\"og:locale\" content=\"es_ES\" \/>\n<meta property=\"og:type\" content=\"article\" \/>\n<meta property=\"og:title\" content=\"Ciclo de obras teatrales dirigidas a las j\u00f3venes audiencias se presentar\u00e1n gratis en el Parque Cultural de Valpara\u00edso - Valpara\u00ed\u00adso Creativo\" \/>\n<meta property=\"og:description\" content=\"Para seguir con las actividades del Cuarto Encuentro de Artes Esc\u00e9nicas Para\u00edsos Creativos: Teatro, educaci\u00f3n y mediaci\u00f3n para j\u00f3venes audiencias, la compa\u00f1\u00eda La Coraje realizar\u00e1 cuatro montajes gratuitos en el Parque Cultural de Valpara\u00edso. Estas presentaciones est\u00e1n enfocadas en las j\u00f3venes audiencias buscando relevar el trabajo teatral a nivel regional e invitando a la comunidad [&hellip;]\" \/>\n<meta property=\"og:url\" content=\"https:\/\/dev.antudigital.cl\/sites\/vc\/ciclo-de-obras-teatrales-dirigidas-a-las-jovenes-audiencias-se-presentaran-gratis-en-el-parque-cultural-de-valparaiso\/\" \/>\n<meta property=\"og:site_name\" content=\"Valpara\u00ed\u00adso Creativo\" \/>\n<meta property=\"article:published_time\" content=\"2024-11-11T18:40:13+00:00\" \/>\n<meta property=\"article:modified_time\" content=\"2024-11-11T18:40:32+00:00\" \/>\n<meta property=\"og:image\" content=\"https:\/\/dev.antudigital.cl\/sites\/vc\/wp-content\/uploads\/2024\/11\/Captura-de-Pantalla-2024-11-11-a-las-15.39.18.png\" \/>\n\t<meta property=\"og:image:width\" content=\"818\" \/>\n\t<meta property=\"og:image:height\" content=\"547\" \/>\n\t<meta property=\"og:image:type\" content=\"image\/png\" \/>\n<meta name=\"author\" content=\"Valpara\u00edso Creativo\" \/>\n<meta name=\"twitter:card\" content=\"summary_large_image\" \/>\n<meta name=\"twitter:label1\" content=\"Escrito por\" \/>\n\t<meta name=\"twitter:data1\" content=\"Valpara\u00edso Creativo\" \/>\n\t<meta name=\"twitter:label2\" content=\"Tiempo de lectura\" \/>\n\t<meta name=\"twitter:data2\" content=\"4 minutos\" \/>\n<script type=\"application\/ld+json\" class=\"yoast-schema-graph\">{\"@context\":\"https:\/\/schema.org\",\"@graph\":[{\"@type\":\"Article\",\"@id\":\"https:\/\/dev.antudigital.cl\/sites\/vc\/ciclo-de-obras-teatrales-dirigidas-a-las-jovenes-audiencias-se-presentaran-gratis-en-el-parque-cultural-de-valparaiso\/#article\",\"isPartOf\":{\"@id\":\"https:\/\/dev.antudigital.cl\/sites\/vc\/ciclo-de-obras-teatrales-dirigidas-a-las-jovenes-audiencias-se-presentaran-gratis-en-el-parque-cultural-de-valparaiso\/\"},\"author\":{\"name\":\"Valpara\u00edso Creativo\",\"@id\":\"https:\/\/dev.antudigital.cl\/sites\/vc\/#\/schema\/person\/c2b9da8dd545e27166fc5ab232837318\"},\"headline\":\"Ciclo de obras teatrales dirigidas a las j\u00f3venes audiencias se presentar\u00e1n gratis en el Parque Cultural de Valpara\u00edso\",\"datePublished\":\"2024-11-11T18:40:13+00:00\",\"dateModified\":\"2024-11-11T18:40:32+00:00\",\"mainEntityOfPage\":{\"@id\":\"https:\/\/dev.antudigital.cl\/sites\/vc\/ciclo-de-obras-teatrales-dirigidas-a-las-jovenes-audiencias-se-presentaran-gratis-en-el-parque-cultural-de-valparaiso\/\"},\"wordCount\":631,\"image\":{\"@id\":\"https:\/\/dev.antudigital.cl\/sites\/vc\/ciclo-de-obras-teatrales-dirigidas-a-las-jovenes-audiencias-se-presentaran-gratis-en-el-parque-cultural-de-valparaiso\/#primaryimage\"},\"thumbnailUrl\":\"https:\/\/dev.antudigital.cl\/sites\/vc\/wp-content\/uploads\/2024\/11\/Captura-de-Pantalla-2024-11-11-a-las-15.39.18.png\",\"articleSection\":[\"Noticia\"],\"inLanguage\":\"es\"},{\"@type\":\"WebPage\",\"@id\":\"https:\/\/dev.antudigital.cl\/sites\/vc\/ciclo-de-obras-teatrales-dirigidas-a-las-jovenes-audiencias-se-presentaran-gratis-en-el-parque-cultural-de-valparaiso\/\",\"url\":\"https:\/\/dev.antudigital.cl\/sites\/vc\/ciclo-de-obras-teatrales-dirigidas-a-las-jovenes-audiencias-se-presentaran-gratis-en-el-parque-cultural-de-valparaiso\/\",\"name\":\"Ciclo de obras teatrales dirigidas a las j\u00f3venes audiencias se presentar\u00e1n gratis en el Parque Cultural de Valpara\u00edso - Valpara\u00ed\u00adso Creativo\",\"isPartOf\":{\"@id\":\"https:\/\/dev.antudigital.cl\/sites\/vc\/#website\"},\"primaryImageOfPage\":{\"@id\":\"https:\/\/dev.antudigital.cl\/sites\/vc\/ciclo-de-obras-teatrales-dirigidas-a-las-jovenes-audiencias-se-presentaran-gratis-en-el-parque-cultural-de-valparaiso\/#primaryimage\"},\"image\":{\"@id\":\"https:\/\/dev.antudigital.cl\/sites\/vc\/ciclo-de-obras-teatrales-dirigidas-a-las-jovenes-audiencias-se-presentaran-gratis-en-el-parque-cultural-de-valparaiso\/#primaryimage\"},\"thumbnailUrl\":\"https:\/\/dev.antudigital.cl\/sites\/vc\/wp-content\/uploads\/2024\/11\/Captura-de-Pantalla-2024-11-11-a-las-15.39.18.png\",\"datePublished\":\"2024-11-11T18:40:13+00:00\",\"dateModified\":\"2024-11-11T18:40:32+00:00\",\"author\":{\"@id\":\"https:\/\/dev.antudigital.cl\/sites\/vc\/#\/schema\/person\/c2b9da8dd545e27166fc5ab232837318\"},\"breadcrumb\":{\"@id\":\"https:\/\/dev.antudigital.cl\/sites\/vc\/ciclo-de-obras-teatrales-dirigidas-a-las-jovenes-audiencias-se-presentaran-gratis-en-el-parque-cultural-de-valparaiso\/#breadcrumb\"},\"inLanguage\":\"es\",\"potentialAction\":[{\"@type\":\"ReadAction\",\"target\":[\"https:\/\/dev.antudigital.cl\/sites\/vc\/ciclo-de-obras-teatrales-dirigidas-a-las-jovenes-audiencias-se-presentaran-gratis-en-el-parque-cultural-de-valparaiso\/\"]}]},{\"@type\":\"ImageObject\",\"inLanguage\":\"es\",\"@id\":\"https:\/\/dev.antudigital.cl\/sites\/vc\/ciclo-de-obras-teatrales-dirigidas-a-las-jovenes-audiencias-se-presentaran-gratis-en-el-parque-cultural-de-valparaiso\/#primaryimage\",\"url\":\"https:\/\/dev.antudigital.cl\/sites\/vc\/wp-content\/uploads\/2024\/11\/Captura-de-Pantalla-2024-11-11-a-las-15.39.18.png\",\"contentUrl\":\"https:\/\/dev.antudigital.cl\/sites\/vc\/wp-content\/uploads\/2024\/11\/Captura-de-Pantalla-2024-11-11-a-las-15.39.18.png\",\"width\":818,\"height\":547},{\"@type\":\"BreadcrumbList\",\"@id\":\"https:\/\/dev.antudigital.cl\/sites\/vc\/ciclo-de-obras-teatrales-dirigidas-a-las-jovenes-audiencias-se-presentaran-gratis-en-el-parque-cultural-de-valparaiso\/#breadcrumb\",\"itemListElement\":[{\"@type\":\"ListItem\",\"position\":1,\"name\":\"Home\",\"item\":\"https:\/\/dev.antudigital.cl\/sites\/vc\/\"},{\"@type\":\"ListItem\",\"position\":2,\"name\":\"Ciclo de obras teatrales dirigidas a las j\u00f3venes audiencias se presentar\u00e1n gratis en el Parque Cultural de Valpara\u00edso\"}]},{\"@type\":\"WebSite\",\"@id\":\"https:\/\/dev.antudigital.cl\/sites\/vc\/#website\",\"url\":\"https:\/\/dev.antudigital.cl\/sites\/vc\/\",\"name\":\"Valpara\u00ed\u00adso Creativo\",\"description\":\"\",\"potentialAction\":[{\"@type\":\"SearchAction\",\"target\":{\"@type\":\"EntryPoint\",\"urlTemplate\":\"https:\/\/dev.antudigital.cl\/sites\/vc\/?s={search_term_string}\"},\"query-input\":{\"@type\":\"PropertyValueSpecification\",\"valueRequired\":true,\"valueName\":\"search_term_string\"}}],\"inLanguage\":\"es\"},{\"@type\":\"Person\",\"@id\":\"https:\/\/dev.antudigital.cl\/sites\/vc\/#\/schema\/person\/c2b9da8dd545e27166fc5ab232837318\",\"name\":\"Valpara\u00edso Creativo\",\"description\":\"Periodista de cultura en la Regi\u00f3n de Valpara\u00edso.\",\"url\":\"https:\/\/dev.antudigital.cl\/sites\/vc\/author\/valpoadmin\/\"}]}<\/script>\n<!-- \/ Yoast SEO plugin. -->","yoast_head_json":{"title":"Ciclo de obras teatrales dirigidas a las j\u00f3venes audiencias se presentar\u00e1n gratis en el Parque Cultural de Valpara\u00edso - Valpara\u00ed\u00adso Creativo","robots":{"index":"index","follow":"follow","max-snippet":"max-snippet:-1","max-image-preview":"max-image-preview:large","max-video-preview":"max-video-preview:-1"},"canonical":"https:\/\/dev.antudigital.cl\/sites\/vc\/ciclo-de-obras-teatrales-dirigidas-a-las-jovenes-audiencias-se-presentaran-gratis-en-el-parque-cultural-de-valparaiso\/","og_locale":"es_ES","og_type":"article","og_title":"Ciclo de obras teatrales dirigidas a las j\u00f3venes audiencias se presentar\u00e1n gratis en el Parque Cultural de Valpara\u00edso - Valpara\u00ed\u00adso Creativo","og_description":"Para seguir con las actividades del Cuarto Encuentro de Artes Esc\u00e9nicas Para\u00edsos Creativos: Teatro, educaci\u00f3n y mediaci\u00f3n para j\u00f3venes audiencias, la compa\u00f1\u00eda La Coraje realizar\u00e1 cuatro montajes gratuitos en el Parque Cultural de Valpara\u00edso. Estas presentaciones est\u00e1n enfocadas en las j\u00f3venes audiencias buscando relevar el trabajo teatral a nivel regional e invitando a la comunidad [&hellip;]","og_url":"https:\/\/dev.antudigital.cl\/sites\/vc\/ciclo-de-obras-teatrales-dirigidas-a-las-jovenes-audiencias-se-presentaran-gratis-en-el-parque-cultural-de-valparaiso\/","og_site_name":"Valpara\u00ed\u00adso Creativo","article_published_time":"2024-11-11T18:40:13+00:00","article_modified_time":"2024-11-11T18:40:32+00:00","og_image":[{"width":818,"height":547,"url":"https:\/\/dev.antudigital.cl\/sites\/vc\/wp-content\/uploads\/2024\/11\/Captura-de-Pantalla-2024-11-11-a-las-15.39.18.png","type":"image\/png"}],"author":"Valpara\u00edso Creativo","twitter_card":"summary_large_image","twitter_misc":{"Escrito por":"Valpara\u00edso Creativo","Tiempo de lectura":"4 minutos"},"schema":{"@context":"https:\/\/schema.org","@graph":[{"@type":"Article","@id":"https:\/\/dev.antudigital.cl\/sites\/vc\/ciclo-de-obras-teatrales-dirigidas-a-las-jovenes-audiencias-se-presentaran-gratis-en-el-parque-cultural-de-valparaiso\/#article","isPartOf":{"@id":"https:\/\/dev.antudigital.cl\/sites\/vc\/ciclo-de-obras-teatrales-dirigidas-a-las-jovenes-audiencias-se-presentaran-gratis-en-el-parque-cultural-de-valparaiso\/"},"author":{"name":"Valpara\u00edso Creativo","@id":"https:\/\/dev.antudigital.cl\/sites\/vc\/#\/schema\/person\/c2b9da8dd545e27166fc5ab232837318"},"headline":"Ciclo de obras teatrales dirigidas a las j\u00f3venes audiencias se presentar\u00e1n gratis en el Parque Cultural de Valpara\u00edso","datePublished":"2024-11-11T18:40:13+00:00","dateModified":"2024-11-11T18:40:32+00:00","mainEntityOfPage":{"@id":"https:\/\/dev.antudigital.cl\/sites\/vc\/ciclo-de-obras-teatrales-dirigidas-a-las-jovenes-audiencias-se-presentaran-gratis-en-el-parque-cultural-de-valparaiso\/"},"wordCount":631,"image":{"@id":"https:\/\/dev.antudigital.cl\/sites\/vc\/ciclo-de-obras-teatrales-dirigidas-a-las-jovenes-audiencias-se-presentaran-gratis-en-el-parque-cultural-de-valparaiso\/#primaryimage"},"thumbnailUrl":"https:\/\/dev.antudigital.cl\/sites\/vc\/wp-content\/uploads\/2024\/11\/Captura-de-Pantalla-2024-11-11-a-las-15.39.18.png","articleSection":["Noticia"],"inLanguage":"es"},{"@type":"WebPage","@id":"https:\/\/dev.antudigital.cl\/sites\/vc\/ciclo-de-obras-teatrales-dirigidas-a-las-jovenes-audiencias-se-presentaran-gratis-en-el-parque-cultural-de-valparaiso\/","url":"https:\/\/dev.antudigital.cl\/sites\/vc\/ciclo-de-obras-teatrales-dirigidas-a-las-jovenes-audiencias-se-presentaran-gratis-en-el-parque-cultural-de-valparaiso\/","name":"Ciclo de obras teatrales dirigidas a las j\u00f3venes audiencias se presentar\u00e1n gratis en el Parque Cultural de Valpara\u00edso - Valpara\u00ed\u00adso Creativo","isPartOf":{"@id":"https:\/\/dev.antudigital.cl\/sites\/vc\/#website"},"primaryImageOfPage":{"@id":"https:\/\/dev.antudigital.cl\/sites\/vc\/ciclo-de-obras-teatrales-dirigidas-a-las-jovenes-audiencias-se-presentaran-gratis-en-el-parque-cultural-de-valparaiso\/#primaryimage"},"image":{"@id":"https:\/\/dev.antudigital.cl\/sites\/vc\/ciclo-de-obras-teatrales-dirigidas-a-las-jovenes-audiencias-se-presentaran-gratis-en-el-parque-cultural-de-valparaiso\/#primaryimage"},"thumbnailUrl":"https:\/\/dev.antudigital.cl\/sites\/vc\/wp-content\/uploads\/2024\/11\/Captura-de-Pantalla-2024-11-11-a-las-15.39.18.png","datePublished":"2024-11-11T18:40:13+00:00","dateModified":"2024-11-11T18:40:32+00:00","author":{"@id":"https:\/\/dev.antudigital.cl\/sites\/vc\/#\/schema\/person\/c2b9da8dd545e27166fc5ab232837318"},"breadcrumb":{"@id":"https:\/\/dev.antudigital.cl\/sites\/vc\/ciclo-de-obras-teatrales-dirigidas-a-las-jovenes-audiencias-se-presentaran-gratis-en-el-parque-cultural-de-valparaiso\/#breadcrumb"},"inLanguage":"es","potentialAction":[{"@type":"ReadAction","target":["https:\/\/dev.antudigital.cl\/sites\/vc\/ciclo-de-obras-teatrales-dirigidas-a-las-jovenes-audiencias-se-presentaran-gratis-en-el-parque-cultural-de-valparaiso\/"]}]},{"@type":"ImageObject","inLanguage":"es","@id":"https:\/\/dev.antudigital.cl\/sites\/vc\/ciclo-de-obras-teatrales-dirigidas-a-las-jovenes-audiencias-se-presentaran-gratis-en-el-parque-cultural-de-valparaiso\/#primaryimage","url":"https:\/\/dev.antudigital.cl\/sites\/vc\/wp-content\/uploads\/2024\/11\/Captura-de-Pantalla-2024-11-11-a-las-15.39.18.png","contentUrl":"https:\/\/dev.antudigital.cl\/sites\/vc\/wp-content\/uploads\/2024\/11\/Captura-de-Pantalla-2024-11-11-a-las-15.39.18.png","width":818,"height":547},{"@type":"BreadcrumbList","@id":"https:\/\/dev.antudigital.cl\/sites\/vc\/ciclo-de-obras-teatrales-dirigidas-a-las-jovenes-audiencias-se-presentaran-gratis-en-el-parque-cultural-de-valparaiso\/#breadcrumb","itemListElement":[{"@type":"ListItem","position":1,"name":"Home","item":"https:\/\/dev.antudigital.cl\/sites\/vc\/"},{"@type":"ListItem","position":2,"name":"Ciclo de obras teatrales dirigidas a las j\u00f3venes audiencias se presentar\u00e1n gratis en el Parque Cultural de Valpara\u00edso"}]},{"@type":"WebSite","@id":"https:\/\/dev.antudigital.cl\/sites\/vc\/#website","url":"https:\/\/dev.antudigital.cl\/sites\/vc\/","name":"Valpara\u00ed\u00adso Creativo","description":"","potentialAction":[{"@type":"SearchAction","target":{"@type":"EntryPoint","urlTemplate":"https:\/\/dev.antudigital.cl\/sites\/vc\/?s={search_term_string}"},"query-input":{"@type":"PropertyValueSpecification","valueRequired":true,"valueName":"search_term_string"}}],"inLanguage":"es"},{"@type":"Person","@id":"https:\/\/dev.antudigital.cl\/sites\/vc\/#\/schema\/person\/c2b9da8dd545e27166fc5ab232837318","name":"Valpara\u00edso Creativo","description":"Periodista de cultura en la Regi\u00f3n de Valpara\u00edso.","url":"https:\/\/dev.antudigital.cl\/sites\/vc\/author\/valpoadmin\/"}]}},"_links":{"self":[{"href":"https:\/\/dev.antudigital.cl\/sites\/vc\/wp-json\/wp\/v2\/posts\/21052","targetHints":{"allow":["GET"]}}],"collection":[{"href":"https:\/\/dev.antudigital.cl\/sites\/vc\/wp-json\/wp\/v2\/posts"}],"about":[{"href":"https:\/\/dev.antudigital.cl\/sites\/vc\/wp-json\/wp\/v2\/types\/post"}],"author":[{"embeddable":true,"href":"https:\/\/dev.antudigital.cl\/sites\/vc\/wp-json\/wp\/v2\/users\/1"}],"replies":[{"embeddable":true,"href":"https:\/\/dev.antudigital.cl\/sites\/vc\/wp-json\/wp\/v2\/comments?post=21052"}],"version-history":[{"count":1,"href":"https:\/\/dev.antudigital.cl\/sites\/vc\/wp-json\/wp\/v2\/posts\/21052\/revisions"}],"predecessor-version":[{"id":21056,"href":"https:\/\/dev.antudigital.cl\/sites\/vc\/wp-json\/wp\/v2\/posts\/21052\/revisions\/21056"}],"wp:featuredmedia":[{"embeddable":true,"href":"https:\/\/dev.antudigital.cl\/sites\/vc\/wp-json\/wp\/v2\/media\/21055"}],"wp:attachment":[{"href":"https:\/\/dev.antudigital.cl\/sites\/vc\/wp-json\/wp\/v2\/media?parent=21052"}],"wp:term":[{"taxonomy":"category","embeddable":true,"href":"https:\/\/dev.antudigital.cl\/sites\/vc\/wp-json\/wp\/v2\/categories?post=21052"},{"taxonomy":"post_tag","embeddable":true,"href":"https:\/\/dev.antudigital.cl\/sites\/vc\/wp-json\/wp\/v2\/tags?post=21052"}],"curies":[{"name":"wp","href":"https:\/\/api.w.org\/{rel}","templated":true}]}}