{"id":21062,"date":"2024-11-11T18:50:43","date_gmt":"2024-11-11T18:50:43","guid":{"rendered":"https:\/\/www.valparaisocreativo.cl\/?p=21062"},"modified":"2024-11-11T18:51:00","modified_gmt":"2024-11-11T18:51:00","slug":"xvi-escalera-arriba-encuentro-teatral-en-los-cerros","status":"publish","type":"post","link":"https:\/\/dev.antudigital.cl\/sites\/vc\/xvi-escalera-arriba-encuentro-teatral-en-los-cerros\/","title":{"rendered":"XVI ESCALERA ARRIBA: Encuentro Teatral en los Cerros"},"content":{"rendered":"\n<p>Como ya es tradici\u00f3n en la ciudad de Valpara\u00edso, la primavera y el buen clima traen consigo la reactivaci\u00f3n de la cartelera art\u00edstica a cielo abierto. Escalera Arriba, Encuentro Teatral en los Cerros, organizado por la Escuela de Teatro de la Universidad de Valpara\u00edso, en su&nbsp; versi\u00f3n n\u00famero 16, vuelve una vez m\u00e1s a llenar de color y teatro los rincones m\u00e1s variopintos de los cerros de la ciudad puerto durante tres semanas de actividad familiar de libre acceso.<\/p>\n\n\n\n<p>Los viernes y s\u00e1bados, del 8 al 22 de noviembre,la cartelera nos sorprende despleg\u00e1ndose en 4 sectores de la ciudad. El encuentro comienza en Cerro Placeres con un montaje de estudiantes de 4\u00b0 a\u00f1o que presentan la obra de su Taller de Puesta en Escena I: \u201c \u00bfD\u00f3nde quedan alojados los anhelos?\u201d, poniendo en relaci\u00f3n la creaci\u00f3n interna que surge de los procesos de aprendizaje en la formaci\u00f3n actoral con la problem\u00e1tica medioambiental que atraviesa toda la Regi\u00f3n.&nbsp;<\/p>\n\n\n\n<p>Contin\u00faa en Placeres y Cerro Mariposas con dos funciones de la obra \u201cSe va la lota\u201d de la C\u00eda. L\u00e1zaro Bravo, protagonizada por el actor y profesor Nicol\u00e1s Eyzaguirre, obra que promete hacer participar a la comunidad con un unipersonal sorprendente y din\u00e1mico que integra talentos barriales a la funci\u00f3n.&nbsp;<\/p>\n\n\n\n<figure class=\"wp-block-image size-large\"><img fetchpriority=\"high\" decoding=\"async\" width=\"1024\" height=\"576\" src=\"https:\/\/www.valparaisocreativo.cl\/wp-content\/uploads\/2024\/11\/IMG-20241106-WA0053-1024x576.jpg\" alt=\"\" class=\"wp-image-21065\" srcset=\"https:\/\/dev.antudigital.cl\/sites\/vc\/wp-content\/uploads\/2024\/11\/IMG-20241106-WA0053-1024x576.jpg 1024w, https:\/\/dev.antudigital.cl\/sites\/vc\/wp-content\/uploads\/2024\/11\/IMG-20241106-WA0053-300x169.jpg 300w, https:\/\/dev.antudigital.cl\/sites\/vc\/wp-content\/uploads\/2024\/11\/IMG-20241106-WA0053-768x432.jpg 768w, https:\/\/dev.antudigital.cl\/sites\/vc\/wp-content\/uploads\/2024\/11\/IMG-20241106-WA0053-1536x864.jpg 1536w, https:\/\/dev.antudigital.cl\/sites\/vc\/wp-content\/uploads\/2024\/11\/IMG-20241106-WA0053-2048x1152.jpg 2048w, https:\/\/dev.antudigital.cl\/sites\/vc\/wp-content\/uploads\/2024\/11\/IMG-20241106-WA0053-1080x608.jpg 1080w, https:\/\/dev.antudigital.cl\/sites\/vc\/wp-content\/uploads\/2024\/11\/IMG-20241106-WA0053-1280x720.jpg 1280w, https:\/\/dev.antudigital.cl\/sites\/vc\/wp-content\/uploads\/2024\/11\/IMG-20241106-WA0053-980x551.jpg 980w, https:\/\/dev.antudigital.cl\/sites\/vc\/wp-content\/uploads\/2024\/11\/IMG-20241106-WA0053-480x270.jpg 480w, https:\/\/dev.antudigital.cl\/sites\/vc\/wp-content\/uploads\/2024\/11\/IMG-20241106-WA0053-24x14.jpg 24w, https:\/\/dev.antudigital.cl\/sites\/vc\/wp-content\/uploads\/2024\/11\/IMG-20241106-WA0053-36x20.jpg 36w, https:\/\/dev.antudigital.cl\/sites\/vc\/wp-content\/uploads\/2024\/11\/IMG-20241106-WA0053-48x27.jpg 48w\" sizes=\"(max-width: 1024px) 100vw, 1024px\" \/><\/figure>\n\n\n\n<p>Otra novedad es que el teatro comunitario se viste de gala y se presentar\u00e1 en la Sala Negra Juan Baratinni Carvelli la obra \u201cEntre nubes y vientos: viviencias en el Cerro Mariposas\u201d, del Proyecto \u201cCalle Cortada: estamos en funci\u00f3n\u201d, creada con vecinas y vecinos del cerro junto a estudiantes y titulados de la Escuela de Teatro UV, que cuenta en voz de los propios habitantes del cerro c\u00f3mo se form\u00f3 la poblaci\u00f3n en las alturas de Mariposas, siendo la primera patita de Escalera Abajo. Para finalizar, en el Parque El Litre se presentar\u00e1 uno de los Talleres de T\u00edtulo 2024, el cl\u00e1sico del teatro chileno \u201cLa Remolienda\u201d.<\/p>\n\n\n\n<p>Este a\u00f1o el equipo ha buscado entablar un di\u00e1logo entre la diversidad de manifestaciones esc\u00e9nicas que ocurren en relaci\u00f3n al teatro universitario y las expresiones art\u00edsticas que fructiferan en todos los cerros. Al respecto la profesora y Encargada de V\u00ednculo Territorial, L\u00eda Toro, comenta:<\/p>\n\n\n\n<p>\u201cPrimero que todo, Escalera Arriba es un Encuentro Teatral que respira por s\u00ed solo, lleva muchos a\u00f1os funcionando y cuando me encontr\u00e9 con la posibilidad de hacerme cargo del v\u00ednculo territorial ya hab\u00eda un trabajo importante. Myriam Espinoza durante mucho tiempo hizo un trabajo de hormiga en los cerros, vamos a continuar ese legado de vinculaci\u00f3n sincera que ella estableci\u00f3, buscando abrir la experiencia y potenciar los v\u00ednculos. Hay una comunicaci\u00f3n clara sobre lo que es poner en valor la expresi\u00f3n y la multiplicidad de artes que existen en los territorios, lo que permite que las vecinas y vecinos miren y realicen sus propias expresiones art\u00edsticas para la construcci\u00f3n de este Encuentro\u201d.&nbsp;<\/p>\n\n\n\n<p><strong>Coordenadas<\/strong><\/p>\n\n\n\n<p><strong>VIERNES 8 Cerro Placeres &#8211; 16.00 hrs<\/strong><\/p>\n\n\n\n<p>Obra \u201c\u00bfD\u00f3nde quedan alojados nuestros anhelos?\u201d &#8211; C\u00eda. La Malcri\u00e1<\/p>\n\n\n\n<p>Ecoplaza. Cabriter\u00eda norte 2055, Cerro Placeres.<\/p>\n\n\n\n<p><strong>S\u00c1BADO 9 Cerro Placeres &#8211; 17.00 hrs<\/strong><\/p>\n\n\n\n<p>Obra \u201cSe va la lota\u201d -C\u00eda. L\u00e1zaro Bravo<\/p>\n\n\n\n<p>Cancha Las palmas. Las palmas esq. Palo santo, Cerro Placeres.<\/p>\n\n\n\n<p><strong>VIERNES 15 Cerro Mariposas &#8211; 18.00 hrs<\/strong><\/p>\n\n\n\n<p>Obra \u201cSe va la lota\u201d &#8211; C\u00eda. L\u00e1zaro Bravo<\/p>\n\n\n\n<p>Talentos barriales<\/p>\n\n\n\n<p>Cancha de la sede, paradero 5. Atr\u00e1s de la JJVV n\u00b066, Pedro de O\u00f1a S\/N Cerro Mariposas.<\/p>\n\n\n\n<p><strong>S\u00c1BADO 16 Valpara\u00edso &#8211; 16.00 hrs<\/strong><\/p>\n\n\n\n<p>Obra Entre nubes y vientos: vivencias del Cerro Mariposas &#8211; Proyecto Calle Cortada<\/p>\n\n\n\n<p>Sala Negra Juan Barattini. Av Brasil 1647, Valpara\u00edso.<\/p>\n\n\n\n<p><strong>VIERNES 22 Parque El Litre &#8211; 16.00 hrs<\/strong><\/p>\n\n\n\n<p>Obra \u201cLa Remolienda\u201d &#8211; C\u00eda. Abelino Morales Teatro<\/p>\n\n\n\n<p>Hontaneda 2664. Parque El Litre, Valpara\u00edso.<\/p>\n\n\n\n<p>Actividad familiar<\/p>\n\n\n\n<p>Acceso libre<\/p>\n\n\n\n<p>M\u00e1s informaci\u00f3n en Instagram @escuelateatrouv<\/p>\n\n\n\n<figure class=\"wp-block-image size-large\"><img decoding=\"async\" width=\"703\" height=\"1024\" src=\"https:\/\/www.valparaisocreativo.cl\/wp-content\/uploads\/2024\/11\/IMG-20241106-WA0012-703x1024.jpg\" alt=\"\" class=\"wp-image-21063\" srcset=\"https:\/\/dev.antudigital.cl\/sites\/vc\/wp-content\/uploads\/2024\/11\/IMG-20241106-WA0012-703x1024.jpg 703w, https:\/\/dev.antudigital.cl\/sites\/vc\/wp-content\/uploads\/2024\/11\/IMG-20241106-WA0012-206x300.jpg 206w, https:\/\/dev.antudigital.cl\/sites\/vc\/wp-content\/uploads\/2024\/11\/IMG-20241106-WA0012-768x1119.jpg 768w, https:\/\/dev.antudigital.cl\/sites\/vc\/wp-content\/uploads\/2024\/11\/IMG-20241106-WA0012-1054x1536.jpg 1054w, https:\/\/dev.antudigital.cl\/sites\/vc\/wp-content\/uploads\/2024\/11\/IMG-20241106-WA0012-1080x1574.jpg 1080w, https:\/\/dev.antudigital.cl\/sites\/vc\/wp-content\/uploads\/2024\/11\/IMG-20241106-WA0012-980x1428.jpg 980w, https:\/\/dev.antudigital.cl\/sites\/vc\/wp-content\/uploads\/2024\/11\/IMG-20241106-WA0012-480x699.jpg 480w, https:\/\/dev.antudigital.cl\/sites\/vc\/wp-content\/uploads\/2024\/11\/IMG-20241106-WA0012-16x24.jpg 16w, https:\/\/dev.antudigital.cl\/sites\/vc\/wp-content\/uploads\/2024\/11\/IMG-20241106-WA0012-25x36.jpg 25w, https:\/\/dev.antudigital.cl\/sites\/vc\/wp-content\/uploads\/2024\/11\/IMG-20241106-WA0012-33x48.jpg 33w, https:\/\/dev.antudigital.cl\/sites\/vc\/wp-content\/uploads\/2024\/11\/IMG-20241106-WA0012.jpg 1098w\" sizes=\"(max-width: 703px) 100vw, 703px\" \/><\/figure>\n","protected":false},"excerpt":{"rendered":"<p>Como ya es tradici\u00f3n en la ciudad de Valpara\u00edso, la primavera y el buen clima traen consigo la reactivaci\u00f3n de la cartelera art\u00edstica a cielo abierto. Escalera Arriba, Encuentro Teatral en los Cerros, organizado por la Escuela de Teatro de la Universidad de Valpara\u00edso, en su&nbsp; versi\u00f3n n\u00famero 16, vuelve una vez m\u00e1s a llenar [&hellip;]<\/p>\n","protected":false},"author":1,"featured_media":21064,"comment_status":"closed","ping_status":"closed","sticky":false,"template":"","format":"standard","meta":{"_acf_changed":false,"footnotes":""},"categories":[8],"tags":[],"class_list":["post-21062","post","type-post","status-publish","format-standard","has-post-thumbnail","hentry","category-noticia"],"acf":[],"yoast_head":"<!-- This site is optimized with the Yoast SEO plugin v27.1.1 - https:\/\/yoast.com\/product\/yoast-seo-wordpress\/ -->\n<title>XVI ESCALERA ARRIBA: Encuentro Teatral en los Cerros - Valpara\u00ed\u00adso Creativo<\/title>\n<meta name=\"robots\" content=\"index, follow, max-snippet:-1, max-image-preview:large, max-video-preview:-1\" \/>\n<link rel=\"canonical\" href=\"https:\/\/dev.antudigital.cl\/sites\/vc\/xvi-escalera-arriba-encuentro-teatral-en-los-cerros\/\" \/>\n<meta property=\"og:locale\" content=\"es_ES\" \/>\n<meta property=\"og:type\" content=\"article\" \/>\n<meta property=\"og:title\" content=\"XVI ESCALERA ARRIBA: Encuentro Teatral en los Cerros - Valpara\u00ed\u00adso Creativo\" \/>\n<meta property=\"og:description\" content=\"Como ya es tradici\u00f3n en la ciudad de Valpara\u00edso, la primavera y el buen clima traen consigo la reactivaci\u00f3n de la cartelera art\u00edstica a cielo abierto. Escalera Arriba, Encuentro Teatral en los Cerros, organizado por la Escuela de Teatro de la Universidad de Valpara\u00edso, en su&nbsp; versi\u00f3n n\u00famero 16, vuelve una vez m\u00e1s a llenar [&hellip;]\" \/>\n<meta property=\"og:url\" content=\"https:\/\/dev.antudigital.cl\/sites\/vc\/xvi-escalera-arriba-encuentro-teatral-en-los-cerros\/\" \/>\n<meta property=\"og:site_name\" content=\"Valpara\u00ed\u00adso Creativo\" \/>\n<meta property=\"article:published_time\" content=\"2024-11-11T18:50:43+00:00\" \/>\n<meta property=\"article:modified_time\" content=\"2024-11-11T18:51:00+00:00\" \/>\n<meta property=\"og:image\" content=\"https:\/\/dev.antudigital.cl\/sites\/vc\/wp-content\/uploads\/2024\/11\/IMG-20241106-WA0019.jpg\" \/>\n\t<meta property=\"og:image:width\" content=\"1600\" \/>\n\t<meta property=\"og:image:height\" content=\"1066\" \/>\n\t<meta property=\"og:image:type\" content=\"image\/jpeg\" \/>\n<meta name=\"author\" content=\"Valpara\u00edso Creativo\" \/>\n<meta name=\"twitter:card\" content=\"summary_large_image\" \/>\n<meta name=\"twitter:label1\" content=\"Escrito por\" \/>\n\t<meta name=\"twitter:data1\" content=\"Valpara\u00edso Creativo\" \/>\n\t<meta name=\"twitter:label2\" content=\"Tiempo de lectura\" \/>\n\t<meta name=\"twitter:data2\" content=\"4 minutos\" \/>\n<script type=\"application\/ld+json\" class=\"yoast-schema-graph\">{\"@context\":\"https:\/\/schema.org\",\"@graph\":[{\"@type\":\"Article\",\"@id\":\"https:\/\/dev.antudigital.cl\/sites\/vc\/xvi-escalera-arriba-encuentro-teatral-en-los-cerros\/#article\",\"isPartOf\":{\"@id\":\"https:\/\/dev.antudigital.cl\/sites\/vc\/xvi-escalera-arriba-encuentro-teatral-en-los-cerros\/\"},\"author\":{\"name\":\"Valpara\u00edso Creativo\",\"@id\":\"https:\/\/dev.antudigital.cl\/sites\/vc\/#\/schema\/person\/c2b9da8dd545e27166fc5ab232837318\"},\"headline\":\"XVI ESCALERA ARRIBA: Encuentro Teatral en los Cerros\",\"datePublished\":\"2024-11-11T18:50:43+00:00\",\"dateModified\":\"2024-11-11T18:51:00+00:00\",\"mainEntityOfPage\":{\"@id\":\"https:\/\/dev.antudigital.cl\/sites\/vc\/xvi-escalera-arriba-encuentro-teatral-en-los-cerros\/\"},\"wordCount\":667,\"image\":{\"@id\":\"https:\/\/dev.antudigital.cl\/sites\/vc\/xvi-escalera-arriba-encuentro-teatral-en-los-cerros\/#primaryimage\"},\"thumbnailUrl\":\"https:\/\/dev.antudigital.cl\/sites\/vc\/wp-content\/uploads\/2024\/11\/IMG-20241106-WA0019.jpg\",\"articleSection\":[\"Noticia\"],\"inLanguage\":\"es\"},{\"@type\":\"WebPage\",\"@id\":\"https:\/\/dev.antudigital.cl\/sites\/vc\/xvi-escalera-arriba-encuentro-teatral-en-los-cerros\/\",\"url\":\"https:\/\/dev.antudigital.cl\/sites\/vc\/xvi-escalera-arriba-encuentro-teatral-en-los-cerros\/\",\"name\":\"XVI ESCALERA ARRIBA: Encuentro Teatral en los Cerros - Valpara\u00ed\u00adso Creativo\",\"isPartOf\":{\"@id\":\"https:\/\/dev.antudigital.cl\/sites\/vc\/#website\"},\"primaryImageOfPage\":{\"@id\":\"https:\/\/dev.antudigital.cl\/sites\/vc\/xvi-escalera-arriba-encuentro-teatral-en-los-cerros\/#primaryimage\"},\"image\":{\"@id\":\"https:\/\/dev.antudigital.cl\/sites\/vc\/xvi-escalera-arriba-encuentro-teatral-en-los-cerros\/#primaryimage\"},\"thumbnailUrl\":\"https:\/\/dev.antudigital.cl\/sites\/vc\/wp-content\/uploads\/2024\/11\/IMG-20241106-WA0019.jpg\",\"datePublished\":\"2024-11-11T18:50:43+00:00\",\"dateModified\":\"2024-11-11T18:51:00+00:00\",\"author\":{\"@id\":\"https:\/\/dev.antudigital.cl\/sites\/vc\/#\/schema\/person\/c2b9da8dd545e27166fc5ab232837318\"},\"breadcrumb\":{\"@id\":\"https:\/\/dev.antudigital.cl\/sites\/vc\/xvi-escalera-arriba-encuentro-teatral-en-los-cerros\/#breadcrumb\"},\"inLanguage\":\"es\",\"potentialAction\":[{\"@type\":\"ReadAction\",\"target\":[\"https:\/\/dev.antudigital.cl\/sites\/vc\/xvi-escalera-arriba-encuentro-teatral-en-los-cerros\/\"]}]},{\"@type\":\"ImageObject\",\"inLanguage\":\"es\",\"@id\":\"https:\/\/dev.antudigital.cl\/sites\/vc\/xvi-escalera-arriba-encuentro-teatral-en-los-cerros\/#primaryimage\",\"url\":\"https:\/\/dev.antudigital.cl\/sites\/vc\/wp-content\/uploads\/2024\/11\/IMG-20241106-WA0019.jpg\",\"contentUrl\":\"https:\/\/dev.antudigital.cl\/sites\/vc\/wp-content\/uploads\/2024\/11\/IMG-20241106-WA0019.jpg\",\"width\":1600,\"height\":1066},{\"@type\":\"BreadcrumbList\",\"@id\":\"https:\/\/dev.antudigital.cl\/sites\/vc\/xvi-escalera-arriba-encuentro-teatral-en-los-cerros\/#breadcrumb\",\"itemListElement\":[{\"@type\":\"ListItem\",\"position\":1,\"name\":\"Home\",\"item\":\"https:\/\/dev.antudigital.cl\/sites\/vc\/\"},{\"@type\":\"ListItem\",\"position\":2,\"name\":\"XVI ESCALERA ARRIBA: Encuentro Teatral en los Cerros\"}]},{\"@type\":\"WebSite\",\"@id\":\"https:\/\/dev.antudigital.cl\/sites\/vc\/#website\",\"url\":\"https:\/\/dev.antudigital.cl\/sites\/vc\/\",\"name\":\"Valpara\u00ed\u00adso Creativo\",\"description\":\"\",\"potentialAction\":[{\"@type\":\"SearchAction\",\"target\":{\"@type\":\"EntryPoint\",\"urlTemplate\":\"https:\/\/dev.antudigital.cl\/sites\/vc\/?s={search_term_string}\"},\"query-input\":{\"@type\":\"PropertyValueSpecification\",\"valueRequired\":true,\"valueName\":\"search_term_string\"}}],\"inLanguage\":\"es\"},{\"@type\":\"Person\",\"@id\":\"https:\/\/dev.antudigital.cl\/sites\/vc\/#\/schema\/person\/c2b9da8dd545e27166fc5ab232837318\",\"name\":\"Valpara\u00edso Creativo\",\"description\":\"Periodista de cultura en la Regi\u00f3n de Valpara\u00edso.\",\"url\":\"https:\/\/dev.antudigital.cl\/sites\/vc\/author\/valpoadmin\/\"}]}<\/script>\n<!-- \/ Yoast SEO plugin. -->","yoast_head_json":{"title":"XVI ESCALERA ARRIBA: Encuentro Teatral en los Cerros - Valpara\u00ed\u00adso Creativo","robots":{"index":"index","follow":"follow","max-snippet":"max-snippet:-1","max-image-preview":"max-image-preview:large","max-video-preview":"max-video-preview:-1"},"canonical":"https:\/\/dev.antudigital.cl\/sites\/vc\/xvi-escalera-arriba-encuentro-teatral-en-los-cerros\/","og_locale":"es_ES","og_type":"article","og_title":"XVI ESCALERA ARRIBA: Encuentro Teatral en los Cerros - Valpara\u00ed\u00adso Creativo","og_description":"Como ya es tradici\u00f3n en la ciudad de Valpara\u00edso, la primavera y el buen clima traen consigo la reactivaci\u00f3n de la cartelera art\u00edstica a cielo abierto. Escalera Arriba, Encuentro Teatral en los Cerros, organizado por la Escuela de Teatro de la Universidad de Valpara\u00edso, en su&nbsp; versi\u00f3n n\u00famero 16, vuelve una vez m\u00e1s a llenar [&hellip;]","og_url":"https:\/\/dev.antudigital.cl\/sites\/vc\/xvi-escalera-arriba-encuentro-teatral-en-los-cerros\/","og_site_name":"Valpara\u00ed\u00adso Creativo","article_published_time":"2024-11-11T18:50:43+00:00","article_modified_time":"2024-11-11T18:51:00+00:00","og_image":[{"width":1600,"height":1066,"url":"https:\/\/dev.antudigital.cl\/sites\/vc\/wp-content\/uploads\/2024\/11\/IMG-20241106-WA0019.jpg","type":"image\/jpeg"}],"author":"Valpara\u00edso Creativo","twitter_card":"summary_large_image","twitter_misc":{"Escrito por":"Valpara\u00edso Creativo","Tiempo de lectura":"4 minutos"},"schema":{"@context":"https:\/\/schema.org","@graph":[{"@type":"Article","@id":"https:\/\/dev.antudigital.cl\/sites\/vc\/xvi-escalera-arriba-encuentro-teatral-en-los-cerros\/#article","isPartOf":{"@id":"https:\/\/dev.antudigital.cl\/sites\/vc\/xvi-escalera-arriba-encuentro-teatral-en-los-cerros\/"},"author":{"name":"Valpara\u00edso Creativo","@id":"https:\/\/dev.antudigital.cl\/sites\/vc\/#\/schema\/person\/c2b9da8dd545e27166fc5ab232837318"},"headline":"XVI ESCALERA ARRIBA: Encuentro Teatral en los Cerros","datePublished":"2024-11-11T18:50:43+00:00","dateModified":"2024-11-11T18:51:00+00:00","mainEntityOfPage":{"@id":"https:\/\/dev.antudigital.cl\/sites\/vc\/xvi-escalera-arriba-encuentro-teatral-en-los-cerros\/"},"wordCount":667,"image":{"@id":"https:\/\/dev.antudigital.cl\/sites\/vc\/xvi-escalera-arriba-encuentro-teatral-en-los-cerros\/#primaryimage"},"thumbnailUrl":"https:\/\/dev.antudigital.cl\/sites\/vc\/wp-content\/uploads\/2024\/11\/IMG-20241106-WA0019.jpg","articleSection":["Noticia"],"inLanguage":"es"},{"@type":"WebPage","@id":"https:\/\/dev.antudigital.cl\/sites\/vc\/xvi-escalera-arriba-encuentro-teatral-en-los-cerros\/","url":"https:\/\/dev.antudigital.cl\/sites\/vc\/xvi-escalera-arriba-encuentro-teatral-en-los-cerros\/","name":"XVI ESCALERA ARRIBA: Encuentro Teatral en los Cerros - Valpara\u00ed\u00adso Creativo","isPartOf":{"@id":"https:\/\/dev.antudigital.cl\/sites\/vc\/#website"},"primaryImageOfPage":{"@id":"https:\/\/dev.antudigital.cl\/sites\/vc\/xvi-escalera-arriba-encuentro-teatral-en-los-cerros\/#primaryimage"},"image":{"@id":"https:\/\/dev.antudigital.cl\/sites\/vc\/xvi-escalera-arriba-encuentro-teatral-en-los-cerros\/#primaryimage"},"thumbnailUrl":"https:\/\/dev.antudigital.cl\/sites\/vc\/wp-content\/uploads\/2024\/11\/IMG-20241106-WA0019.jpg","datePublished":"2024-11-11T18:50:43+00:00","dateModified":"2024-11-11T18:51:00+00:00","author":{"@id":"https:\/\/dev.antudigital.cl\/sites\/vc\/#\/schema\/person\/c2b9da8dd545e27166fc5ab232837318"},"breadcrumb":{"@id":"https:\/\/dev.antudigital.cl\/sites\/vc\/xvi-escalera-arriba-encuentro-teatral-en-los-cerros\/#breadcrumb"},"inLanguage":"es","potentialAction":[{"@type":"ReadAction","target":["https:\/\/dev.antudigital.cl\/sites\/vc\/xvi-escalera-arriba-encuentro-teatral-en-los-cerros\/"]}]},{"@type":"ImageObject","inLanguage":"es","@id":"https:\/\/dev.antudigital.cl\/sites\/vc\/xvi-escalera-arriba-encuentro-teatral-en-los-cerros\/#primaryimage","url":"https:\/\/dev.antudigital.cl\/sites\/vc\/wp-content\/uploads\/2024\/11\/IMG-20241106-WA0019.jpg","contentUrl":"https:\/\/dev.antudigital.cl\/sites\/vc\/wp-content\/uploads\/2024\/11\/IMG-20241106-WA0019.jpg","width":1600,"height":1066},{"@type":"BreadcrumbList","@id":"https:\/\/dev.antudigital.cl\/sites\/vc\/xvi-escalera-arriba-encuentro-teatral-en-los-cerros\/#breadcrumb","itemListElement":[{"@type":"ListItem","position":1,"name":"Home","item":"https:\/\/dev.antudigital.cl\/sites\/vc\/"},{"@type":"ListItem","position":2,"name":"XVI ESCALERA ARRIBA: Encuentro Teatral en los Cerros"}]},{"@type":"WebSite","@id":"https:\/\/dev.antudigital.cl\/sites\/vc\/#website","url":"https:\/\/dev.antudigital.cl\/sites\/vc\/","name":"Valpara\u00ed\u00adso Creativo","description":"","potentialAction":[{"@type":"SearchAction","target":{"@type":"EntryPoint","urlTemplate":"https:\/\/dev.antudigital.cl\/sites\/vc\/?s={search_term_string}"},"query-input":{"@type":"PropertyValueSpecification","valueRequired":true,"valueName":"search_term_string"}}],"inLanguage":"es"},{"@type":"Person","@id":"https:\/\/dev.antudigital.cl\/sites\/vc\/#\/schema\/person\/c2b9da8dd545e27166fc5ab232837318","name":"Valpara\u00edso Creativo","description":"Periodista de cultura en la Regi\u00f3n de Valpara\u00edso.","url":"https:\/\/dev.antudigital.cl\/sites\/vc\/author\/valpoadmin\/"}]}},"_links":{"self":[{"href":"https:\/\/dev.antudigital.cl\/sites\/vc\/wp-json\/wp\/v2\/posts\/21062","targetHints":{"allow":["GET"]}}],"collection":[{"href":"https:\/\/dev.antudigital.cl\/sites\/vc\/wp-json\/wp\/v2\/posts"}],"about":[{"href":"https:\/\/dev.antudigital.cl\/sites\/vc\/wp-json\/wp\/v2\/types\/post"}],"author":[{"embeddable":true,"href":"https:\/\/dev.antudigital.cl\/sites\/vc\/wp-json\/wp\/v2\/users\/1"}],"replies":[{"embeddable":true,"href":"https:\/\/dev.antudigital.cl\/sites\/vc\/wp-json\/wp\/v2\/comments?post=21062"}],"version-history":[{"count":1,"href":"https:\/\/dev.antudigital.cl\/sites\/vc\/wp-json\/wp\/v2\/posts\/21062\/revisions"}],"predecessor-version":[{"id":21066,"href":"https:\/\/dev.antudigital.cl\/sites\/vc\/wp-json\/wp\/v2\/posts\/21062\/revisions\/21066"}],"wp:featuredmedia":[{"embeddable":true,"href":"https:\/\/dev.antudigital.cl\/sites\/vc\/wp-json\/wp\/v2\/media\/21064"}],"wp:attachment":[{"href":"https:\/\/dev.antudigital.cl\/sites\/vc\/wp-json\/wp\/v2\/media?parent=21062"}],"wp:term":[{"taxonomy":"category","embeddable":true,"href":"https:\/\/dev.antudigital.cl\/sites\/vc\/wp-json\/wp\/v2\/categories?post=21062"},{"taxonomy":"post_tag","embeddable":true,"href":"https:\/\/dev.antudigital.cl\/sites\/vc\/wp-json\/wp\/v2\/tags?post=21062"}],"curies":[{"name":"wp","href":"https:\/\/api.w.org\/{rel}","templated":true}]}}