{"id":21067,"date":"2024-11-11T18:54:43","date_gmt":"2024-11-11T18:54:43","guid":{"rendered":"https:\/\/www.valparaisocreativo.cl\/?p=21067"},"modified":"2024-11-11T18:54:58","modified_gmt":"2024-11-11T18:54:58","slug":"basada-en-la-novela-de-hernan-rivera-letelier-la-contadora-de-peliculas-se-estrena-en-insomnia","status":"publish","type":"post","link":"https:\/\/dev.antudigital.cl\/sites\/vc\/basada-en-la-novela-de-hernan-rivera-letelier-la-contadora-de-peliculas-se-estrena-en-insomnia\/","title":{"rendered":"Basada en la novela de Hern\u00e1n Rivera Letelier: \u201cLa contadora de pel\u00edculas\u201d se estrena en INSOMNIA"},"content":{"rendered":"\n<p>\u201cLa contadora de pel\u00edculas\u201d ha sido comparada como la versi\u00f3n chilena de \u201cCinema Paradiso\u201d. La directora danesa Lone Scherfig llev\u00f3 a la pantalla grande la adaptaci\u00f3n cinematogr\u00e1fica de la novela de Hern\u00e1n Rivera Letelier, escritor Premio Nacional de Literatura, reconocido por contarnos historias profundas del pasado salitrero del norte de Chile. Con un elenco compuesto por B\u00e9r\u00e9nice Bejo, Daniel Br\u00fchl, Antonio de la Torre, Sara Becker y Alondra Valenzuela, el filme se estrenar\u00e1 en INSOMNIA este jueves 7 de octubre a las 20:45 hrs. y tendr\u00e1 m\u00e1s proyecciones los d\u00edas domingo 10 (17:30) y jueves 14 (18:30).<\/p>\n\n\n\n<p>El gui\u00f3n, que estuvo a cargo de Walter Salles, Rafa Russo e Isabel Coixet, nos transporta a los a\u00f1os 60, al desierto de Atacama en Chile. Mar\u00eda Magnolia es una mujer que, a pesar de vivir bajo dif\u00edciles condiciones, trata de transmitir a su hija, Mar\u00eda Margarita, su pasi\u00f3n por el arte. Mar\u00eda Margarita se convertir\u00e1 en la contadora de historias del pueblo, donde la mayor parte de sus habitantes no pueden pagar una entrada de cine.<\/p>\n\n\n\n<p>La pel\u00edcula tiene como escenario a la salitrera Pedro de Valdivia y las localidades de Mar\u00eda Elena y Tocopilla, se film\u00f3 el a\u00f1o 2022 en contexto del COVID. Adem\u00e1s, esta pel\u00edcula incluye en roles secundarios a destacados actores nacionales como Pablo Schwarz, Mario Horton, Geraldine Neary, Max Salgado y Luis Dub\u00f3.<\/p>\n\n\n\n<p>Alondra Valenzuela es Margarita ni\u00f1a, quien recibe en la pel\u00edcula de su madre el gusto por el arte y el cine: \u201cYo creo que esta pel\u00edcula es muy linda porque es muy familiar, es como para la comunidad, lo m\u00e1s lindo es que uno puede venir al cine en comunidad, comentarla y verla con gente\u201d, explica Alondra. De la misma manera, Sara Becker enfatiza: \u201cel d\u00eda de hoy todos podemos tener nuestras plataformas en la casa, poner un click, ir a la cocina, estar solos, despu\u00e9s poner una peli, pero la experiencia de compartir el cine con m\u00e1s personas es lo que nos hace aprender de las pel\u00edculas, el poder compartir y abrirnos a lo otro\u201d.<\/p>\n\n\n\n<figure class=\"wp-block-image size-large\"><img fetchpriority=\"high\" decoding=\"async\" width=\"1024\" height=\"683\" src=\"https:\/\/www.valparaisocreativo.cl\/wp-content\/uploads\/2024\/11\/J6A1010-1024x683.jpg\" alt=\"\" class=\"wp-image-21068\" srcset=\"https:\/\/dev.antudigital.cl\/sites\/vc\/wp-content\/uploads\/2024\/11\/J6A1010-1024x683.jpg 1024w, https:\/\/dev.antudigital.cl\/sites\/vc\/wp-content\/uploads\/2024\/11\/J6A1010-300x200.jpg 300w, https:\/\/dev.antudigital.cl\/sites\/vc\/wp-content\/uploads\/2024\/11\/J6A1010-768x512.jpg 768w, https:\/\/dev.antudigital.cl\/sites\/vc\/wp-content\/uploads\/2024\/11\/J6A1010-1080x721.jpg 1080w, https:\/\/dev.antudigital.cl\/sites\/vc\/wp-content\/uploads\/2024\/11\/J6A1010-980x654.jpg 980w, https:\/\/dev.antudigital.cl\/sites\/vc\/wp-content\/uploads\/2024\/11\/J6A1010-480x320.jpg 480w, https:\/\/dev.antudigital.cl\/sites\/vc\/wp-content\/uploads\/2024\/11\/J6A1010-24x16.jpg 24w, https:\/\/dev.antudigital.cl\/sites\/vc\/wp-content\/uploads\/2024\/11\/J6A1010-36x24.jpg 36w, https:\/\/dev.antudigital.cl\/sites\/vc\/wp-content\/uploads\/2024\/11\/J6A1010-48x32.jpg 48w, https:\/\/dev.antudigital.cl\/sites\/vc\/wp-content\/uploads\/2024\/11\/J6A1010.jpg 1181w\" sizes=\"(max-width: 1024px) 100vw, 1024px\" \/><\/figure>\n\n\n\n<p>Para Sara Becker, interpretar el rol de la protagonista fue: \u201cdemasiado importante en mi vida, creo que Mar\u00eda Margarita ense\u00f1a demasiadas cosas. Al comienzo del rodaje estaba s\u00faper nerviosa. Despu\u00e9s, al estar en el desierto, se me quit\u00f3 todo el nervio, pero tuve que llegar al desierto para confiar en esa experiencia\u201d.<\/p>\n\n\n\n<p>Asimismo, las actrices destacan la acogida que tuvo la pel\u00edcula para el escritor: \u201ces una novela s\u00faper especial para Hern\u00e1n Rivera Letelier y a Hern\u00e1n le encanta la pel\u00edcula, as\u00ed que yo creo que lo hicimos bien. La personalidad de Mar\u00eda Margarita es s\u00faper fuerte, porque es s\u00faper astuta, tiene una intuici\u00f3n que ve cosas que los dem\u00e1s no ven\u201d.<\/p>\n\n\n\n<p>Para las protagonistas fue interesante integrar la dualidad que significa el paso de la infancia a la adolescencia. Mar\u00eda Margarita adulta deb\u00eda heredar aspectos de su madre, para ello Sara Becker explica que: \u201cestudi\u00e9 mucho a B\u00e9r\u00e9nice, ve\u00eda las pel\u00edculas de ella, intentaba robar gestos. Me parece que es una actriz muy elegante y hab\u00eda que llegar a esa elegancia de estrella de cine francesa y fue muy bac\u00e1n para m\u00ed apoyarme en ella, a pesar de que no trabajamos nunca juntas, porque no tengo ninguna escena con ella\u201d.<\/p>\n\n\n\n<p>Otro elemento desafiante fue incorporar el lenguaje de la \u00e9poca: \u201ces una \u00e9poca tan espec\u00edfica, adem\u00e1s en Chile se hablaba muy bien, ahora abreviamos todo, tenemos un mont\u00f3n de slang. Pero en ese momento de Chile, los campesinos, los mineros, todas las poblaciones hablaban muy bien, de una manera s\u00faper educada, eso ser\u00eda tan bac\u00e1n que se recuperara\u201d, enfatiza Sara.<\/p>\n\n\n\n<p>Claudio Pereira, programador de INSOMNIA, destaca que: \u201clas vivencias, historias y memorias que est\u00e1n contenidas en la obra literaria del premio nacional de literatura Hern\u00e1n Rivera Letelier, suceden en gran parte en las antiguas oficinas salitreras del norte de Chile, donde la explotaci\u00f3n de recursos minerales fue a costa de seres humanos y de sus familias, quienes dieron sus vidas en la pampa del desierto. \u201cLa contadora pel\u00edculas\u201d rescata tanto lo duro de la vida en la pampa, como elementos m\u00e1gicos que son caracter\u00edsticos de la obra de este escritor chileno.&nbsp; Podremos disfrutar en familia esta producci\u00f3n que est\u00e1 dirigida por una cineasta danesa que fund\u00f3 hace 29 a\u00f1os, junto a Lara Von Arrieta y Thomas Vinterberg, el grupo dogma 95\u201d.<\/p>\n\n\n\n<p>Esta emocionante pel\u00edcula tendr\u00e1 m\u00e1s funciones la segunda quincena de noviembre que se confirmar\u00e1n por los canales oficiales de INSOMNIA. Las entradas est\u00e1n disponibles a la venta en boleter\u00eda de lunes a domingo desde las 14:00 hrs. Para m\u00e1s informaci\u00f3n visita&nbsp;<a href=\"http:\/\/www.insomniacine.cl\/\" target=\"_blank\" rel=\"noreferrer noopener\">www.insomniacine.cl<\/a>.<\/p>\n","protected":false},"excerpt":{"rendered":"<p>\u201cLa contadora de pel\u00edculas\u201d ha sido comparada como la versi\u00f3n chilena de \u201cCinema Paradiso\u201d. La directora danesa Lone Scherfig llev\u00f3 a la pantalla grande la adaptaci\u00f3n cinematogr\u00e1fica de la novela de Hern\u00e1n Rivera Letelier, escritor Premio Nacional de Literatura, reconocido por contarnos historias profundas del pasado salitrero del norte de Chile. Con un elenco compuesto [&hellip;]<\/p>\n","protected":false},"author":1,"featured_media":21069,"comment_status":"closed","ping_status":"closed","sticky":false,"template":"","format":"standard","meta":{"_acf_changed":false,"footnotes":""},"categories":[8],"tags":[],"class_list":["post-21067","post","type-post","status-publish","format-standard","has-post-thumbnail","hentry","category-noticia"],"acf":[],"yoast_head":"<!-- This site is optimized with the Yoast SEO plugin v27.1.1 - https:\/\/yoast.com\/product\/yoast-seo-wordpress\/ -->\n<title>Basada en la novela de Hern\u00e1n Rivera Letelier: \u201cLa contadora de pel\u00edculas\u201d se estrena en INSOMNIA - Valpara\u00ed\u00adso Creativo<\/title>\n<meta name=\"robots\" content=\"index, follow, max-snippet:-1, max-image-preview:large, max-video-preview:-1\" \/>\n<link rel=\"canonical\" href=\"https:\/\/dev.antudigital.cl\/sites\/vc\/basada-en-la-novela-de-hernan-rivera-letelier-la-contadora-de-peliculas-se-estrena-en-insomnia\/\" \/>\n<meta property=\"og:locale\" content=\"es_ES\" \/>\n<meta property=\"og:type\" content=\"article\" \/>\n<meta property=\"og:title\" content=\"Basada en la novela de Hern\u00e1n Rivera Letelier: \u201cLa contadora de pel\u00edculas\u201d se estrena en INSOMNIA - Valpara\u00ed\u00adso Creativo\" \/>\n<meta property=\"og:description\" content=\"\u201cLa contadora de pel\u00edculas\u201d ha sido comparada como la versi\u00f3n chilena de \u201cCinema Paradiso\u201d. La directora danesa Lone Scherfig llev\u00f3 a la pantalla grande la adaptaci\u00f3n cinematogr\u00e1fica de la novela de Hern\u00e1n Rivera Letelier, escritor Premio Nacional de Literatura, reconocido por contarnos historias profundas del pasado salitrero del norte de Chile. Con un elenco compuesto [&hellip;]\" \/>\n<meta property=\"og:url\" content=\"https:\/\/dev.antudigital.cl\/sites\/vc\/basada-en-la-novela-de-hernan-rivera-letelier-la-contadora-de-peliculas-se-estrena-en-insomnia\/\" \/>\n<meta property=\"og:site_name\" content=\"Valpara\u00ed\u00adso Creativo\" \/>\n<meta property=\"article:published_time\" content=\"2024-11-11T18:54:43+00:00\" \/>\n<meta property=\"article:modified_time\" content=\"2024-11-11T18:54:58+00:00\" \/>\n<meta property=\"og:image\" content=\"https:\/\/dev.antudigital.cl\/sites\/vc\/wp-content\/uploads\/2024\/11\/J6A5741.jpg\" \/>\n\t<meta property=\"og:image:width\" content=\"1620\" \/>\n\t<meta property=\"og:image:height\" content=\"1080\" \/>\n\t<meta property=\"og:image:type\" content=\"image\/jpeg\" \/>\n<meta name=\"author\" content=\"Valpara\u00edso Creativo\" \/>\n<meta name=\"twitter:card\" content=\"summary_large_image\" \/>\n<meta name=\"twitter:label1\" content=\"Escrito por\" \/>\n\t<meta name=\"twitter:data1\" content=\"Valpara\u00edso Creativo\" \/>\n\t<meta name=\"twitter:label2\" content=\"Tiempo de lectura\" \/>\n\t<meta name=\"twitter:data2\" content=\"4 minutos\" \/>\n<script type=\"application\/ld+json\" class=\"yoast-schema-graph\">{\"@context\":\"https:\/\/schema.org\",\"@graph\":[{\"@type\":\"Article\",\"@id\":\"https:\/\/dev.antudigital.cl\/sites\/vc\/basada-en-la-novela-de-hernan-rivera-letelier-la-contadora-de-peliculas-se-estrena-en-insomnia\/#article\",\"isPartOf\":{\"@id\":\"https:\/\/dev.antudigital.cl\/sites\/vc\/basada-en-la-novela-de-hernan-rivera-letelier-la-contadora-de-peliculas-se-estrena-en-insomnia\/\"},\"author\":{\"name\":\"Valpara\u00edso Creativo\",\"@id\":\"https:\/\/dev.antudigital.cl\/sites\/vc\/#\/schema\/person\/c2b9da8dd545e27166fc5ab232837318\"},\"headline\":\"Basada en la novela de Hern\u00e1n Rivera Letelier: \u201cLa contadora de pel\u00edculas\u201d se estrena en INSOMNIA\",\"datePublished\":\"2024-11-11T18:54:43+00:00\",\"dateModified\":\"2024-11-11T18:54:58+00:00\",\"mainEntityOfPage\":{\"@id\":\"https:\/\/dev.antudigital.cl\/sites\/vc\/basada-en-la-novela-de-hernan-rivera-letelier-la-contadora-de-peliculas-se-estrena-en-insomnia\/\"},\"wordCount\":849,\"image\":{\"@id\":\"https:\/\/dev.antudigital.cl\/sites\/vc\/basada-en-la-novela-de-hernan-rivera-letelier-la-contadora-de-peliculas-se-estrena-en-insomnia\/#primaryimage\"},\"thumbnailUrl\":\"https:\/\/dev.antudigital.cl\/sites\/vc\/wp-content\/uploads\/2024\/11\/J6A5741.jpg\",\"articleSection\":[\"Noticia\"],\"inLanguage\":\"es\"},{\"@type\":\"WebPage\",\"@id\":\"https:\/\/dev.antudigital.cl\/sites\/vc\/basada-en-la-novela-de-hernan-rivera-letelier-la-contadora-de-peliculas-se-estrena-en-insomnia\/\",\"url\":\"https:\/\/dev.antudigital.cl\/sites\/vc\/basada-en-la-novela-de-hernan-rivera-letelier-la-contadora-de-peliculas-se-estrena-en-insomnia\/\",\"name\":\"Basada en la novela de Hern\u00e1n Rivera Letelier: \u201cLa contadora de pel\u00edculas\u201d se estrena en INSOMNIA - Valpara\u00ed\u00adso Creativo\",\"isPartOf\":{\"@id\":\"https:\/\/dev.antudigital.cl\/sites\/vc\/#website\"},\"primaryImageOfPage\":{\"@id\":\"https:\/\/dev.antudigital.cl\/sites\/vc\/basada-en-la-novela-de-hernan-rivera-letelier-la-contadora-de-peliculas-se-estrena-en-insomnia\/#primaryimage\"},\"image\":{\"@id\":\"https:\/\/dev.antudigital.cl\/sites\/vc\/basada-en-la-novela-de-hernan-rivera-letelier-la-contadora-de-peliculas-se-estrena-en-insomnia\/#primaryimage\"},\"thumbnailUrl\":\"https:\/\/dev.antudigital.cl\/sites\/vc\/wp-content\/uploads\/2024\/11\/J6A5741.jpg\",\"datePublished\":\"2024-11-11T18:54:43+00:00\",\"dateModified\":\"2024-11-11T18:54:58+00:00\",\"author\":{\"@id\":\"https:\/\/dev.antudigital.cl\/sites\/vc\/#\/schema\/person\/c2b9da8dd545e27166fc5ab232837318\"},\"breadcrumb\":{\"@id\":\"https:\/\/dev.antudigital.cl\/sites\/vc\/basada-en-la-novela-de-hernan-rivera-letelier-la-contadora-de-peliculas-se-estrena-en-insomnia\/#breadcrumb\"},\"inLanguage\":\"es\",\"potentialAction\":[{\"@type\":\"ReadAction\",\"target\":[\"https:\/\/dev.antudigital.cl\/sites\/vc\/basada-en-la-novela-de-hernan-rivera-letelier-la-contadora-de-peliculas-se-estrena-en-insomnia\/\"]}]},{\"@type\":\"ImageObject\",\"inLanguage\":\"es\",\"@id\":\"https:\/\/dev.antudigital.cl\/sites\/vc\/basada-en-la-novela-de-hernan-rivera-letelier-la-contadora-de-peliculas-se-estrena-en-insomnia\/#primaryimage\",\"url\":\"https:\/\/dev.antudigital.cl\/sites\/vc\/wp-content\/uploads\/2024\/11\/J6A5741.jpg\",\"contentUrl\":\"https:\/\/dev.antudigital.cl\/sites\/vc\/wp-content\/uploads\/2024\/11\/J6A5741.jpg\",\"width\":1620,\"height\":1080},{\"@type\":\"BreadcrumbList\",\"@id\":\"https:\/\/dev.antudigital.cl\/sites\/vc\/basada-en-la-novela-de-hernan-rivera-letelier-la-contadora-de-peliculas-se-estrena-en-insomnia\/#breadcrumb\",\"itemListElement\":[{\"@type\":\"ListItem\",\"position\":1,\"name\":\"Home\",\"item\":\"https:\/\/dev.antudigital.cl\/sites\/vc\/\"},{\"@type\":\"ListItem\",\"position\":2,\"name\":\"Basada en la novela de Hern\u00e1n Rivera Letelier: \u201cLa contadora de pel\u00edculas\u201d se estrena en INSOMNIA\"}]},{\"@type\":\"WebSite\",\"@id\":\"https:\/\/dev.antudigital.cl\/sites\/vc\/#website\",\"url\":\"https:\/\/dev.antudigital.cl\/sites\/vc\/\",\"name\":\"Valpara\u00ed\u00adso Creativo\",\"description\":\"\",\"potentialAction\":[{\"@type\":\"SearchAction\",\"target\":{\"@type\":\"EntryPoint\",\"urlTemplate\":\"https:\/\/dev.antudigital.cl\/sites\/vc\/?s={search_term_string}\"},\"query-input\":{\"@type\":\"PropertyValueSpecification\",\"valueRequired\":true,\"valueName\":\"search_term_string\"}}],\"inLanguage\":\"es\"},{\"@type\":\"Person\",\"@id\":\"https:\/\/dev.antudigital.cl\/sites\/vc\/#\/schema\/person\/c2b9da8dd545e27166fc5ab232837318\",\"name\":\"Valpara\u00edso Creativo\",\"description\":\"Periodista de cultura en la Regi\u00f3n de Valpara\u00edso.\",\"url\":\"https:\/\/dev.antudigital.cl\/sites\/vc\/author\/valpoadmin\/\"}]}<\/script>\n<!-- \/ Yoast SEO plugin. -->","yoast_head_json":{"title":"Basada en la novela de Hern\u00e1n Rivera Letelier: \u201cLa contadora de pel\u00edculas\u201d se estrena en INSOMNIA - Valpara\u00ed\u00adso Creativo","robots":{"index":"index","follow":"follow","max-snippet":"max-snippet:-1","max-image-preview":"max-image-preview:large","max-video-preview":"max-video-preview:-1"},"canonical":"https:\/\/dev.antudigital.cl\/sites\/vc\/basada-en-la-novela-de-hernan-rivera-letelier-la-contadora-de-peliculas-se-estrena-en-insomnia\/","og_locale":"es_ES","og_type":"article","og_title":"Basada en la novela de Hern\u00e1n Rivera Letelier: \u201cLa contadora de pel\u00edculas\u201d se estrena en INSOMNIA - Valpara\u00ed\u00adso Creativo","og_description":"\u201cLa contadora de pel\u00edculas\u201d ha sido comparada como la versi\u00f3n chilena de \u201cCinema Paradiso\u201d. La directora danesa Lone Scherfig llev\u00f3 a la pantalla grande la adaptaci\u00f3n cinematogr\u00e1fica de la novela de Hern\u00e1n Rivera Letelier, escritor Premio Nacional de Literatura, reconocido por contarnos historias profundas del pasado salitrero del norte de Chile. Con un elenco compuesto [&hellip;]","og_url":"https:\/\/dev.antudigital.cl\/sites\/vc\/basada-en-la-novela-de-hernan-rivera-letelier-la-contadora-de-peliculas-se-estrena-en-insomnia\/","og_site_name":"Valpara\u00ed\u00adso Creativo","article_published_time":"2024-11-11T18:54:43+00:00","article_modified_time":"2024-11-11T18:54:58+00:00","og_image":[{"width":1620,"height":1080,"url":"https:\/\/dev.antudigital.cl\/sites\/vc\/wp-content\/uploads\/2024\/11\/J6A5741.jpg","type":"image\/jpeg"}],"author":"Valpara\u00edso Creativo","twitter_card":"summary_large_image","twitter_misc":{"Escrito por":"Valpara\u00edso Creativo","Tiempo de lectura":"4 minutos"},"schema":{"@context":"https:\/\/schema.org","@graph":[{"@type":"Article","@id":"https:\/\/dev.antudigital.cl\/sites\/vc\/basada-en-la-novela-de-hernan-rivera-letelier-la-contadora-de-peliculas-se-estrena-en-insomnia\/#article","isPartOf":{"@id":"https:\/\/dev.antudigital.cl\/sites\/vc\/basada-en-la-novela-de-hernan-rivera-letelier-la-contadora-de-peliculas-se-estrena-en-insomnia\/"},"author":{"name":"Valpara\u00edso Creativo","@id":"https:\/\/dev.antudigital.cl\/sites\/vc\/#\/schema\/person\/c2b9da8dd545e27166fc5ab232837318"},"headline":"Basada en la novela de Hern\u00e1n Rivera Letelier: \u201cLa contadora de pel\u00edculas\u201d se estrena en INSOMNIA","datePublished":"2024-11-11T18:54:43+00:00","dateModified":"2024-11-11T18:54:58+00:00","mainEntityOfPage":{"@id":"https:\/\/dev.antudigital.cl\/sites\/vc\/basada-en-la-novela-de-hernan-rivera-letelier-la-contadora-de-peliculas-se-estrena-en-insomnia\/"},"wordCount":849,"image":{"@id":"https:\/\/dev.antudigital.cl\/sites\/vc\/basada-en-la-novela-de-hernan-rivera-letelier-la-contadora-de-peliculas-se-estrena-en-insomnia\/#primaryimage"},"thumbnailUrl":"https:\/\/dev.antudigital.cl\/sites\/vc\/wp-content\/uploads\/2024\/11\/J6A5741.jpg","articleSection":["Noticia"],"inLanguage":"es"},{"@type":"WebPage","@id":"https:\/\/dev.antudigital.cl\/sites\/vc\/basada-en-la-novela-de-hernan-rivera-letelier-la-contadora-de-peliculas-se-estrena-en-insomnia\/","url":"https:\/\/dev.antudigital.cl\/sites\/vc\/basada-en-la-novela-de-hernan-rivera-letelier-la-contadora-de-peliculas-se-estrena-en-insomnia\/","name":"Basada en la novela de Hern\u00e1n Rivera Letelier: \u201cLa contadora de pel\u00edculas\u201d se estrena en INSOMNIA - Valpara\u00ed\u00adso Creativo","isPartOf":{"@id":"https:\/\/dev.antudigital.cl\/sites\/vc\/#website"},"primaryImageOfPage":{"@id":"https:\/\/dev.antudigital.cl\/sites\/vc\/basada-en-la-novela-de-hernan-rivera-letelier-la-contadora-de-peliculas-se-estrena-en-insomnia\/#primaryimage"},"image":{"@id":"https:\/\/dev.antudigital.cl\/sites\/vc\/basada-en-la-novela-de-hernan-rivera-letelier-la-contadora-de-peliculas-se-estrena-en-insomnia\/#primaryimage"},"thumbnailUrl":"https:\/\/dev.antudigital.cl\/sites\/vc\/wp-content\/uploads\/2024\/11\/J6A5741.jpg","datePublished":"2024-11-11T18:54:43+00:00","dateModified":"2024-11-11T18:54:58+00:00","author":{"@id":"https:\/\/dev.antudigital.cl\/sites\/vc\/#\/schema\/person\/c2b9da8dd545e27166fc5ab232837318"},"breadcrumb":{"@id":"https:\/\/dev.antudigital.cl\/sites\/vc\/basada-en-la-novela-de-hernan-rivera-letelier-la-contadora-de-peliculas-se-estrena-en-insomnia\/#breadcrumb"},"inLanguage":"es","potentialAction":[{"@type":"ReadAction","target":["https:\/\/dev.antudigital.cl\/sites\/vc\/basada-en-la-novela-de-hernan-rivera-letelier-la-contadora-de-peliculas-se-estrena-en-insomnia\/"]}]},{"@type":"ImageObject","inLanguage":"es","@id":"https:\/\/dev.antudigital.cl\/sites\/vc\/basada-en-la-novela-de-hernan-rivera-letelier-la-contadora-de-peliculas-se-estrena-en-insomnia\/#primaryimage","url":"https:\/\/dev.antudigital.cl\/sites\/vc\/wp-content\/uploads\/2024\/11\/J6A5741.jpg","contentUrl":"https:\/\/dev.antudigital.cl\/sites\/vc\/wp-content\/uploads\/2024\/11\/J6A5741.jpg","width":1620,"height":1080},{"@type":"BreadcrumbList","@id":"https:\/\/dev.antudigital.cl\/sites\/vc\/basada-en-la-novela-de-hernan-rivera-letelier-la-contadora-de-peliculas-se-estrena-en-insomnia\/#breadcrumb","itemListElement":[{"@type":"ListItem","position":1,"name":"Home","item":"https:\/\/dev.antudigital.cl\/sites\/vc\/"},{"@type":"ListItem","position":2,"name":"Basada en la novela de Hern\u00e1n Rivera Letelier: \u201cLa contadora de pel\u00edculas\u201d se estrena en INSOMNIA"}]},{"@type":"WebSite","@id":"https:\/\/dev.antudigital.cl\/sites\/vc\/#website","url":"https:\/\/dev.antudigital.cl\/sites\/vc\/","name":"Valpara\u00ed\u00adso Creativo","description":"","potentialAction":[{"@type":"SearchAction","target":{"@type":"EntryPoint","urlTemplate":"https:\/\/dev.antudigital.cl\/sites\/vc\/?s={search_term_string}"},"query-input":{"@type":"PropertyValueSpecification","valueRequired":true,"valueName":"search_term_string"}}],"inLanguage":"es"},{"@type":"Person","@id":"https:\/\/dev.antudigital.cl\/sites\/vc\/#\/schema\/person\/c2b9da8dd545e27166fc5ab232837318","name":"Valpara\u00edso Creativo","description":"Periodista de cultura en la Regi\u00f3n de Valpara\u00edso.","url":"https:\/\/dev.antudigital.cl\/sites\/vc\/author\/valpoadmin\/"}]}},"_links":{"self":[{"href":"https:\/\/dev.antudigital.cl\/sites\/vc\/wp-json\/wp\/v2\/posts\/21067","targetHints":{"allow":["GET"]}}],"collection":[{"href":"https:\/\/dev.antudigital.cl\/sites\/vc\/wp-json\/wp\/v2\/posts"}],"about":[{"href":"https:\/\/dev.antudigital.cl\/sites\/vc\/wp-json\/wp\/v2\/types\/post"}],"author":[{"embeddable":true,"href":"https:\/\/dev.antudigital.cl\/sites\/vc\/wp-json\/wp\/v2\/users\/1"}],"replies":[{"embeddable":true,"href":"https:\/\/dev.antudigital.cl\/sites\/vc\/wp-json\/wp\/v2\/comments?post=21067"}],"version-history":[{"count":1,"href":"https:\/\/dev.antudigital.cl\/sites\/vc\/wp-json\/wp\/v2\/posts\/21067\/revisions"}],"predecessor-version":[{"id":21070,"href":"https:\/\/dev.antudigital.cl\/sites\/vc\/wp-json\/wp\/v2\/posts\/21067\/revisions\/21070"}],"wp:featuredmedia":[{"embeddable":true,"href":"https:\/\/dev.antudigital.cl\/sites\/vc\/wp-json\/wp\/v2\/media\/21069"}],"wp:attachment":[{"href":"https:\/\/dev.antudigital.cl\/sites\/vc\/wp-json\/wp\/v2\/media?parent=21067"}],"wp:term":[{"taxonomy":"category","embeddable":true,"href":"https:\/\/dev.antudigital.cl\/sites\/vc\/wp-json\/wp\/v2\/categories?post=21067"},{"taxonomy":"post_tag","embeddable":true,"href":"https:\/\/dev.antudigital.cl\/sites\/vc\/wp-json\/wp\/v2\/tags?post=21067"}],"curies":[{"name":"wp","href":"https:\/\/api.w.org\/{rel}","templated":true}]}}